{"id":1039,"date":"2007-06-10T20:32:51","date_gmt":"2007-06-10T19:32:51","guid":{"rendered":"http:\/\/www.x-v-x.de\/blog\/?p=1039"},"modified":"2007-06-10T20:32:51","modified_gmt":"2007-06-10T19:32:51","slug":"so-jetzt-kann-langsam-der-alltag-eintrudeln","status":"publish","type":"post","link":"https:\/\/www.x-v-x.de\/blog\/?p=1039","title":{"rendered":"so, jetzt kann langsam der alltag eintrudeln."},"content":{"rendered":"<p>puh, was f\u00fcr eine woche. \ud83d\ude42<br \/>\nunsere geburtstags-einweihungs-kombi-party am mittwoch war glaubich ziemlich gut. wir hatten unheimliches gl\u00fcck mit dem wetter, nur nette g\u00e4ste (die unglaublich spendabel waren &#8211; das sofa ist tats\u00e4chlich beisammen!) (und laut g\u00e4stebuch und mails an den folgenden tagen waren auch sie mit der feier zufrieden), lecker essen, kalte getr\u00e4nke und einen lustigen abend! 8)<\/p>\n<p>donnerstag hie\u00df es dann um 9 nach coesfeld, fronleichnamsprozession spielen. irgendwie \u00fcberstanden und dabei noch einen sonnenbrand geholt.<br \/>\ndann angefangen aufzur\u00e4umen; w\u00e4hrend philip nachmittags in der kantine ger\u00e4umt und gesp\u00fclt hat, hab ich mit ingo &#038; konny den gartenpavillon wieder abgebaut, soda\u00df wir direkt eine fuhre krams in den birkenweg bringen konnten und abends im garten alles wieder zivil aussah. \ud83d\ude42<br \/>\nfreitag morgen dann die sachen zu lappe zur\u00fcckgebracht, diversen kram erledigt (u.a. grill + grillfleisch + geschirr zu bekannten gebracht, die samstag eine gartenparty hatten, und einen rasenm\u00e4her gekauft); samstag in die stadt und auf die gartenparty; heute vortragsposter f\u00fcr papa gesetzt und mal wieder die kantinen-buchhaltung in angriff genommen.<\/p>\n<p>vorhin haben wir unserem tischler das &#8222;go&#8220; f\u00fcr die k\u00fcche gegeben; er will sie bis zu seinem urlaub in 4 wochen fertig haben. wir sind gespannt. \ud83d\ude42<\/p>\n<p>morgen steht dann zwar das n\u00e4chste kartonpacken und ab dienstag der n\u00e4chste umzug an, mit meiner halben ulb-abteilung, aber wenn alles gut l\u00e4uft, ist unser arbeitsplatz bis mittwoch nachmittag wieder halbwegs eingerichtet.<\/p>\n<p>und auch hier f\u00e4ngt dann hoffentlich langsam alles an, in geordneten bahnen zu laufen.<br \/>\nsoweit das ohne k\u00fcche, kleiderschrank und b\u00fcroschr\u00e4nke geht &#8230; \ud83d\ude42<\/p>\n","protected":false},"excerpt":{"rendered":"<p>puh, was f\u00fcr eine woche. \ud83d\ude42 unsere geburtstags-einweihungs-kombi-party am mittwoch war glaubich ziemlich gut. wir hatten unheimliches gl\u00fcck mit dem wetter, nur nette g\u00e4ste (die unglaublich spendabel waren &#8211; das sofa ist tats\u00e4chlich beisammen!) (und laut g\u00e4stebuch und mails an den folgenden tagen waren auch sie mit der feier zufrieden), lecker essen, kalte getr\u00e4nke und [&hellip;]<\/p>\n","protected":false},"author":1,"featured_media":0,"comment_status":"open","ping_status":"open","sticky":false,"template":"","format":"standard","meta":{"footnotes":""},"categories":[1],"tags":[],"class_list":["post-1039","post","type-post","status-publish","format-standard","hentry","category-general"],"_links":{"self":[{"href":"https:\/\/www.x-v-x.de\/blog\/index.php?rest_route=\/wp\/v2\/posts\/1039","targetHints":{"allow":["GET"]}}],"collection":[{"href":"https:\/\/www.x-v-x.de\/blog\/index.php?rest_route=\/wp\/v2\/posts"}],"about":[{"href":"https:\/\/www.x-v-x.de\/blog\/index.php?rest_route=\/wp\/v2\/types\/post"}],"author":[{"embeddable":true,"href":"https:\/\/www.x-v-x.de\/blog\/index.php?rest_route=\/wp\/v2\/users\/1"}],"replies":[{"embeddable":true,"href":"https:\/\/www.x-v-x.de\/blog\/index.php?rest_route=%2Fwp%2Fv2%2Fcomments&post=1039"}],"version-history":[{"count":0,"href":"https:\/\/www.x-v-x.de\/blog\/index.php?rest_route=\/wp\/v2\/posts\/1039\/revisions"}],"wp:attachment":[{"href":"https:\/\/www.x-v-x.de\/blog\/index.php?rest_route=%2Fwp%2Fv2%2Fmedia&parent=1039"}],"wp:term":[{"taxonomy":"category","embeddable":true,"href":"https:\/\/www.x-v-x.de\/blog\/index.php?rest_route=%2Fwp%2Fv2%2Fcategories&post=1039"},{"taxonomy":"post_tag","embeddable":true,"href":"https:\/\/www.x-v-x.de\/blog\/index.php?rest_route=%2Fwp%2Fv2%2Ftags&post=1039"}],"curies":[{"name":"wp","href":"https:\/\/api.w.org\/{rel}","templated":true}]}}