{"id":1086,"date":"2007-08-03T12:29:34","date_gmt":"2007-08-03T11:29:34","guid":{"rendered":"http:\/\/www.x-v-x.de\/blog\/?p=1086"},"modified":"2007-08-03T12:29:34","modified_gmt":"2007-08-03T11:29:34","slug":"einmal-ein-konzeptsystem-zum-mitnehmen-bitte","status":"publish","type":"post","link":"https:\/\/www.x-v-x.de\/blog\/?p=1086","title":{"rendered":"&#8222;einmal ein konzeptsystem zum mitnehmen, bitte.&#8220;"},"content":{"rendered":"<blockquote><p>\nBevor der Onomasiologe mit seiner eigentlichen Arbeit beginnt, ben\u00f6tigt er ein Konzeptnetz als Ausgangspunkt. Au\u00dfer in bestimmten, meist grammatikalisch ausgedr\u00fcckten konzeptuellen Dom\u00e4nen, die auf fundamentalen anthropologischen Vorgaben beruhen (z.B. <caps>sprecher<\/caps> vs. <caps>h\u00f6rer<\/caps>), w\u00e4re es naiver Begriffsrealismus anzunehmen, ein irgendwie geartetes &#8211; m\u00f6glicherweise universales &#8211; Konzeptnetz sei von vornherein disponibel und brauche nur onomasiologisch abgefragt zu werden. *\n<\/p><\/blockquote>\n<p>tja.<br \/>\ndas ist das problem.<br \/>\nw\u00e4r ja auch zu einfach, sonst.<\/p>\n<p>daher stocher ich seit wochen herum und versuche, das kleine konzeptsystem, das mir vorschwebt, zu definieren, von verschiedenen seiten zu beleuchten und meine definition dann zu belegen.<br \/>\noder auch zu widerlegen und entsprechend abzu\u00e4ndern.<br \/>\naber bislang hab ich noch nicht viel \u00fcberzeugendes zu &#8222;meinem&#8220; bereich gefunden.<\/p>\n<p>es bleibt spannend.<br \/>\n*leichtfrustriertseufz*<\/p>\n<p>* blank, andreas \/ koch, peter (2003): &#8222;kognitive romanistische onomasiologie und semasiologie&#8220;. in: dies. (hrsg.): kognitive romanistische onomasiologie und semasiologie. t\u00fcbingen: niemeyer. (= linguistische arbeiten. 467.) s. 7. <\/p>\n","protected":false},"excerpt":{"rendered":"<p>Bevor der Onomasiologe mit seiner eigentlichen Arbeit beginnt, ben\u00f6tigt er ein Konzeptnetz als Ausgangspunkt. Au\u00dfer in bestimmten, meist grammatikalisch ausgedr\u00fcckten konzeptuellen Dom\u00e4nen, die auf fundamentalen anthropologischen Vorgaben beruhen (z.B. sprecher vs. h\u00f6rer), w\u00e4re es naiver Begriffsrealismus anzunehmen, ein irgendwie geartetes &#8211; m\u00f6glicherweise universales &#8211; Konzeptnetz sei von vornherein disponibel und brauche nur onomasiologisch abgefragt zu [&hellip;]<\/p>\n","protected":false},"author":1,"featured_media":0,"comment_status":"open","ping_status":"open","sticky":false,"template":"","format":"standard","meta":{"footnotes":""},"categories":[10,30],"tags":[],"class_list":["post-1086","post","type-post","status-publish","format-standard","hentry","category-linguistics","category-promotion"],"_links":{"self":[{"href":"https:\/\/www.x-v-x.de\/blog\/index.php?rest_route=\/wp\/v2\/posts\/1086","targetHints":{"allow":["GET"]}}],"collection":[{"href":"https:\/\/www.x-v-x.de\/blog\/index.php?rest_route=\/wp\/v2\/posts"}],"about":[{"href":"https:\/\/www.x-v-x.de\/blog\/index.php?rest_route=\/wp\/v2\/types\/post"}],"author":[{"embeddable":true,"href":"https:\/\/www.x-v-x.de\/blog\/index.php?rest_route=\/wp\/v2\/users\/1"}],"replies":[{"embeddable":true,"href":"https:\/\/www.x-v-x.de\/blog\/index.php?rest_route=%2Fwp%2Fv2%2Fcomments&post=1086"}],"version-history":[{"count":0,"href":"https:\/\/www.x-v-x.de\/blog\/index.php?rest_route=\/wp\/v2\/posts\/1086\/revisions"}],"wp:attachment":[{"href":"https:\/\/www.x-v-x.de\/blog\/index.php?rest_route=%2Fwp%2Fv2%2Fmedia&parent=1086"}],"wp:term":[{"taxonomy":"category","embeddable":true,"href":"https:\/\/www.x-v-x.de\/blog\/index.php?rest_route=%2Fwp%2Fv2%2Fcategories&post=1086"},{"taxonomy":"post_tag","embeddable":true,"href":"https:\/\/www.x-v-x.de\/blog\/index.php?rest_route=%2Fwp%2Fv2%2Ftags&post=1086"}],"curies":[{"name":"wp","href":"https:\/\/api.w.org\/{rel}","templated":true}]}}