{"id":11369,"date":"2020-04-22T22:23:01","date_gmt":"2020-04-22T20:23:01","guid":{"rendered":"http:\/\/www.x-v-x.de\/blog\/?p=11369"},"modified":"2020-06-12T22:23:14","modified_gmt":"2020-06-12T20:23:14","slug":"tweets-2020-04-21","status":"publish","type":"post","link":"https:\/\/www.x-v-x.de\/blog\/?p=11369","title":{"rendered":"tweets | 2020-04-21"},"content":{"rendered":"<blockquote class=\"twitter-tweet\" data-width=\"550\" data-dnt=\"true\">\n<p lang=\"nl\" dir=\"ltr\">&#39;morgen!<\/p>\n<p>&mdash; viola vo\u00df (@v_i_o_l_a) <a href=\"https:\/\/twitter.com\/v_i_o_l_a\/status\/1252459735091154944?ref_src=twsrc%5Etfw\">April 21, 2020<\/a><\/p><\/blockquote>\n<p><script async src=\"https:\/\/platform.twitter.com\/widgets.js\" charset=\"utf-8\"><\/script><\/p>\n<blockquote class=\"twitter-tweet\" data-width=\"550\" data-dnt=\"true\">\n<p lang=\"en\" dir=\"ltr\">The raccoons are returning to the libraries. Nature is healing. <a href=\"https:\/\/t.co\/TI3B2LQhGX\">pic.twitter.com\/TI3B2LQhGX<\/a><\/p>\n<p>&mdash; Anna Mazzola (@Anna_Mazz) <a href=\"https:\/\/twitter.com\/Anna_Mazz\/status\/1252328716203708416?ref_src=twsrc%5Etfw\">April 20, 2020<\/a><\/p><\/blockquote>\n<p><script async src=\"https:\/\/platform.twitter.com\/widgets.js\" charset=\"utf-8\"><\/script><br \/>\nhttps:\/\/twitter.com\/v_i_o_l_a\/status\/1252461919329550337<\/p>\n<blockquote class=\"twitter-tweet\" data-width=\"550\" data-dnt=\"true\">\n<p lang=\"de\" dir=\"ltr\">Seitdem ich daheim bin merk ich erst, dass die Katzen ein Hobby haben: Synchronschlafen. <a href=\"https:\/\/t.co\/KrY1lPuBKQ\">pic.twitter.com\/KrY1lPuBKQ<\/a><\/p>\n<p>&mdash; Michaela Wein (@MichaelaWein) <a href=\"https:\/\/twitter.com\/MichaelaWein\/status\/1252192370931707904?ref_src=twsrc%5Etfw\">April 20, 2020<\/a><\/p><\/blockquote>\n<p><script async src=\"https:\/\/platform.twitter.com\/widgets.js\" charset=\"utf-8\"><\/script><br \/>\nhttps:\/\/twitter.com\/v_i_o_l_a\/status\/1252462128637915137<br \/>\nhttps:\/\/twitter.com\/v_i_o_l_a\/status\/1252465500560535557<\/p>\n<blockquote class=\"twitter-tweet\" data-width=\"550\" data-dnt=\"true\">\n<p lang=\"de\" dir=\"ltr\">mein kollege <a href=\"https:\/\/twitter.com\/AndreaAmmendol6?ref_src=twsrc%5Etfw\">@AndreaAmmendol6<\/a> hat sich in seiner <a href=\"https:\/\/twitter.com\/hashtag\/malis?src=hash&amp;ref_src=twsrc%5Etfw\">#malis<\/a>-masterarbeit mit dem thema &quot;Webarchivierung in NRW aus Sicht der Universit\u00e4ts- und Landesbibliothek M\u00fcnster&quot; besch\u00e4ftigt: <a href=\"https:\/\/t.co\/xBvX8rbnv3\">https:\/\/t.co\/xBvX8rbnv3<\/a> \u2013 spannend! <a href=\"https:\/\/twitter.com\/hashtag\/webarchivierung?src=hash&amp;ref_src=twsrc%5Etfw\">#webarchivierung<\/a> <a href=\"https:\/\/twitter.com\/hashtag\/bibliothek?src=hash&amp;ref_src=twsrc%5Etfw\">#bibliothek<\/a> <a href=\"https:\/\/twitter.com\/hashtag\/ULBm%C3%BCnster?src=hash&amp;ref_src=twsrc%5Etfw\">#ULBm\u00fcnster<\/a><\/p>\n<p>&mdash; viola vo\u00df (@v_i_o_l_a) <a href=\"https:\/\/twitter.com\/v_i_o_l_a\/status\/1252493542108340224?ref_src=twsrc%5Etfw\">April 21, 2020<\/a><\/p><\/blockquote>\n<p><script async src=\"https:\/\/platform.twitter.com\/widgets.js\" charset=\"utf-8\"><\/script><br \/>\nhttps:\/\/twitter.com\/v_i_o_l_a\/status\/1252495333512359939<\/p>\n<blockquote class=\"twitter-tweet\" data-width=\"550\" data-dnt=\"true\">\n<p lang=\"en\" dir=\"ltr\">&#8230; featuring <a href=\"https:\/\/twitter.com\/blmagazine?ref_src=twsrc%5Etfw\">@blmagazine<\/a>. \ud83d\ude42 <a href=\"https:\/\/twitter.com\/hashtag\/sprache?src=hash&amp;ref_src=twsrc%5Etfw\">#sprache<\/a> <a href=\"https:\/\/twitter.com\/hashtag\/sprachwissenschaft?src=hash&amp;ref_src=twsrc%5Etfw\">#sprachwissenschaft<\/a> <a href=\"https:\/\/t.co\/UdJmqnnLnt\">https:\/\/t.co\/UdJmqnnLnt<\/a><\/p>\n<p>&mdash; viola vo\u00df (@v_i_o_l_a) <a href=\"https:\/\/twitter.com\/v_i_o_l_a\/status\/1252499911205060609?ref_src=twsrc%5Etfw\">April 21, 2020<\/a><\/p><\/blockquote>\n<p><script async src=\"https:\/\/platform.twitter.com\/widgets.js\" charset=\"utf-8\"><\/script><\/p>\n<blockquote class=\"twitter-tweet\" data-width=\"550\" data-dnt=\"true\">\n<p lang=\"de\" dir=\"ltr\">Salat und Obst zum Fr\u00fchst\u00fcck. Dieses Homeoffice bekommt mir nicht gut.<\/p>\n<p>&mdash; Fuzzy Leapfrog (@FuzzyLeapfrog) <a href=\"https:\/\/twitter.com\/FuzzyLeapfrog\/status\/1252513732221194240?ref_src=twsrc%5Etfw\">April 21, 2020<\/a><\/p><\/blockquote>\n<p><script async src=\"https:\/\/platform.twitter.com\/widgets.js\" charset=\"utf-8\"><\/script><br \/>\nhttps:\/\/twitter.com\/v_i_o_l_a\/status\/1252609080868458496<br \/>\nhttps:\/\/twitter.com\/v_i_o_l_a\/status\/1252609088724271104<\/p>\n<blockquote class=\"twitter-tweet\" data-width=\"550\" data-dnt=\"true\">\n<p lang=\"de\" dir=\"ltr\">Work in Progress: Wie wird das kommende Fachrepositorium f\u00fcr <a href=\"https:\/\/twitter.com\/hashtag\/Medi%C3%A4vistik?src=hash&amp;ref_src=twsrc%5Etfw\">#Medi\u00e4vistik<\/a> &#8211; das Archivum Medii Aevi Digitale (<a href=\"https:\/\/twitter.com\/AMAD_org?ref_src=twsrc%5Etfw\">@AMAD_org<\/a>) &#8211; zu einer ersten Anlaufstelle auch f\u00fcr schon anderswo publizierte medi\u00e4vistische Online-Ver\u00f6ffentlichungen? Durch Harvesting! <a href=\"https:\/\/t.co\/HQylcaVMNj\">https:\/\/t.co\/HQylcaVMNj<\/a><\/p>\n<p>&mdash; @Mittelalterblog@fedihum.org (@Mittelalterblog) <a href=\"https:\/\/twitter.com\/Mittelalterblog\/status\/1252607933625614348?ref_src=twsrc%5Etfw\">April 21, 2020<\/a><\/p><\/blockquote>\n<p><script async src=\"https:\/\/platform.twitter.com\/widgets.js\" charset=\"utf-8\"><\/script><br \/>\nhttps:\/\/twitter.com\/v_i_o_l_a\/status\/1252620742451134467<\/p>\n<blockquote class=\"twitter-tweet\" data-width=\"550\" data-dnt=\"true\">\n<p lang=\"de\" dir=\"ltr\">Das <a href=\"https:\/\/twitter.com\/Bibelmuseum?ref_src=twsrc%5Etfw\">@Bibelmuseum<\/a> hat wieder einen neuen Einblick in die Osterausstellung &quot;Auferstanden&quot; ver\u00f6ffentlicht, die wegen der <a href=\"https:\/\/twitter.com\/hashtag\/CoronaPandemie?src=hash&amp;ref_src=twsrc%5Etfw\">#CoronaPandemie<\/a> leider ausfallen muss. <a href=\"https:\/\/twitter.com\/hashtag\/closedbutopen?src=hash&amp;ref_src=twsrc%5Etfw\">#closedbutopen<\/a> Spannend! <a href=\"https:\/\/t.co\/eImXTecW2C\">https:\/\/t.co\/eImXTecW2C<\/a><\/p>\n<p>&mdash; Universit\u00e4t M\u00fcnster (@uni_muenster) <a href=\"https:\/\/twitter.com\/uni_muenster\/status\/1252607955637276674?ref_src=twsrc%5Etfw\">April 21, 2020<\/a><\/p><\/blockquote>\n<p><script async src=\"https:\/\/platform.twitter.com\/widgets.js\" charset=\"utf-8\"><\/script><br \/>\nhttps:\/\/twitter.com\/v_i_o_l_a\/status\/1252620915956908034<br \/>\nhttps:\/\/twitter.com\/v_i_o_l_a\/status\/1252621478471897088<br \/>\nhttps:\/\/twitter.com\/v_i_o_l_a\/status\/1252621698433777665<br \/>\nhttps:\/\/twitter.com\/v_i_o_l_a\/status\/1252622123841073154<\/p>\n<blockquote class=\"twitter-tweet\" data-width=\"550\" data-dnt=\"true\">\n<p lang=\"de\" dir=\"ltr\">Ab Montag (27.4.) gilt in M\u00fcnster in bestimmten Situationen Maskenpflicht. Beizubehalten sind bew\u00e4hrte Infektionsschutzma\u00dfnahmen wie Abstand halten, regelm\u00e4\u00dfig H\u00e4nde waschen, nicht ins Gesicht und auf die Maske fassen. Unsere Pressemitteilung: <br \/>\u27a1\ufe0f <a href=\"https:\/\/t.co\/I3E2dL7PYD\">https:\/\/t.co\/I3E2dL7PYD<\/a> <a href=\"https:\/\/t.co\/mn9JSyYRMw\">pic.twitter.com\/mn9JSyYRMw<\/a><\/p>\n<p>&mdash; Stadt M\u00fcnster (@muenster_de) <a href=\"https:\/\/twitter.com\/muenster_de\/status\/1252562754315173894?ref_src=twsrc%5Etfw\">April 21, 2020<\/a><\/p><\/blockquote>\n<p><script async src=\"https:\/\/platform.twitter.com\/widgets.js\" charset=\"utf-8\"><\/script><\/p>\n<blockquote class=\"twitter-tweet\" data-width=\"550\" data-dnt=\"true\">\n<p lang=\"en\" dir=\"ltr\">After the first three fairies had given the newborn princess their blessings &#8211; of beauty, patience, and kindness &#8211; the fourth, uninvited, fairy stepped up to the cot.<br \/>&quot;May you always present your strengths as if they were weaknesses.&quot;<br \/>Nobody knew if it was a blessing or a curse.<\/p>\n<p>&mdash; Micro SF\/F stories (@MicroSFF) <a href=\"https:\/\/twitter.com\/MicroSFF\/status\/1252561632766627846?ref_src=twsrc%5Etfw\">April 21, 2020<\/a><\/p><\/blockquote>\n<p><script async src=\"https:\/\/platform.twitter.com\/widgets.js\" charset=\"utf-8\"><\/script><\/p>\n<blockquote class=\"twitter-tweet\" data-width=\"550\" data-dnt=\"true\">\n<p lang=\"en\" dir=\"ltr\">Wishing Queen Elizabeth a very happy 94th birthday. She might be a dog person, but she\u2019s still grand in my book. <a href=\"https:\/\/t.co\/a4poTuQMIu\">pic.twitter.com\/a4poTuQMIu<\/a><\/p>\n<p>&mdash; Larry the Cat (@Number10cat) <a href=\"https:\/\/twitter.com\/Number10cat\/status\/1252550535984615429?ref_src=twsrc%5Etfw\">April 21, 2020<\/a><\/p><\/blockquote>\n<p><script async src=\"https:\/\/platform.twitter.com\/widgets.js\" charset=\"utf-8\"><\/script><\/p>\n<blockquote class=\"twitter-tweet\" data-width=\"550\" data-dnt=\"true\">\n<p lang=\"en\" dir=\"ltr\"><a href=\"https:\/\/twitter.com\/hashtag\/wherethewildthingsare?src=hash&amp;ref_src=twsrc%5Etfw\">#wherethewildthingsare<\/a> <a href=\"https:\/\/twitter.com\/hashtag\/zoology?src=hash&amp;ref_src=twsrc%5Etfw\">#zoology<\/a><br \/>from my new book \u2018Department of Mind-Blowing Theories&#39;  <a href=\"https:\/\/t.co\/8aNdWyOwH9\">https:\/\/t.co\/8aNdWyOwH9<\/a> <a href=\"https:\/\/t.co\/zR7lg91dFh\">pic.twitter.com\/zR7lg91dFh<\/a><\/p>\n<p>&mdash; Tom Gauld (@tomgauld) <a href=\"https:\/\/twitter.com\/tomgauld\/status\/1252545317888757761?ref_src=twsrc%5Etfw\">April 21, 2020<\/a><\/p><\/blockquote>\n<p><script async src=\"https:\/\/platform.twitter.com\/widgets.js\" charset=\"utf-8\"><\/script><br \/>\nhttps:\/\/twitter.com\/v_i_o_l_a\/status\/1252640586122825733<\/p>\n<blockquote class=\"twitter-tweet\" data-width=\"550\" data-dnt=\"true\">\n<p lang=\"en\" dir=\"ltr\">Excuses for being unable to take a video call:<\/p>\n<p>&#8211; trapped under sofa<br \/>&#8211; locked in fridge<br \/>&#8211; face has fallen off<br \/>&#8211; computer is \u201con the go slow\u201d<br \/>&#8211; allergic to cameras<br \/>&#8211; I\u2019d really rather not<br \/>&#8211; I\u2019m covered in jam<br \/>&#8211; I\u2019m washing my hands and keep forgetting the words to happy birthday<\/p>\n<p>&mdash; VeryBritishProblems (@SoVeryBritish) <a href=\"https:\/\/twitter.com\/SoVeryBritish\/status\/1252536406850879491?ref_src=twsrc%5Etfw\">April 21, 2020<\/a><\/p><\/blockquote>\n<p><script async src=\"https:\/\/platform.twitter.com\/widgets.js\" charset=\"utf-8\"><\/script><\/p>\n<blockquote class=\"twitter-tweet\" data-width=\"550\" data-dnt=\"true\">\n<p lang=\"de\" dir=\"ltr\">Holt Laschet die <a href=\"https:\/\/twitter.com\/hashtag\/Wiesn?src=hash&amp;ref_src=twsrc%5Etfw\">#Wiesn<\/a> jetzt nach <a href=\"https:\/\/twitter.com\/hashtag\/K%C3%B6ln?src=hash&amp;ref_src=twsrc%5Etfw\">#K\u00f6ln<\/a>? <a href=\"https:\/\/t.co\/HHD0OkBGQA\">pic.twitter.com\/HHD0OkBGQA<\/a><\/p>\n<p>&mdash; Hauck &amp; Bauer (@hauckundbauer) <a href=\"https:\/\/twitter.com\/hauckundbauer\/status\/1252520309242179585?ref_src=twsrc%5Etfw\">April 21, 2020<\/a><\/p><\/blockquote>\n<p><script async src=\"https:\/\/platform.twitter.com\/widgets.js\" charset=\"utf-8\"><\/script><\/p>\n<blockquote class=\"twitter-tweet\" data-width=\"550\" data-dnt=\"true\">\n<p lang=\"de\" dir=\"ltr\">\u201eWas haben Sie am Dienstag, den 21.04.2020, zwischen 09:30 und 10:30 Uhr gemacht?\u201c<br \/>\u201eIch habe ein \u00dcbungsblatt hochgeladen.\u201c<br \/>\u201eFreispruch!\u201c<\/p>\n<p>&mdash; Jens-Peter M. Zemke (e\/guitar) (@jpmzemke) <a href=\"https:\/\/twitter.com\/jpmzemke\/status\/1252510111039447041?ref_src=twsrc%5Etfw\">April 21, 2020<\/a><\/p><\/blockquote>\n<p><script async src=\"https:\/\/platform.twitter.com\/widgets.js\" charset=\"utf-8\"><\/script><br \/>\nhttps:\/\/twitter.com\/v_i_o_l_a\/status\/1252643745843097601<\/p>\n<blockquote class=\"twitter-tweet\" data-width=\"550\" data-dnt=\"true\">\n<p lang=\"de\" dir=\"ltr\">Open Access f\u00fcr unterschiedliche Hochschultypen und Bildungseinrichtungen &#8211; das ist einer der Themenschwerpunkte f\u00fcr die Open-Access-Tage 2020. Der CfP ist noch bis zum 3.5. offen! <a href=\"https:\/\/twitter.com\/hashtag\/OpenAccess?src=hash&amp;ref_src=twsrc%5Etfw\">#OpenAccess<\/a> <a href=\"https:\/\/twitter.com\/hashtag\/OAT20?src=hash&amp;ref_src=twsrc%5Etfw\">#OAT20<\/a> <a href=\"https:\/\/twitter.com\/hashtag\/HAW?src=hash&amp;ref_src=twsrc%5Etfw\">#HAW<\/a> <a href=\"https:\/\/twitter.com\/hashtag\/FH?src=hash&amp;ref_src=twsrc%5Etfw\">#FH<\/a> <a href=\"https:\/\/twitter.com\/hashtag\/KunstUndMusikHochschulen?src=hash&amp;ref_src=twsrc%5Etfw\">#KunstUndMusikHochschulen<\/a><a href=\"https:\/\/t.co\/KlecpUcUsy\">https:\/\/t.co\/KlecpUcUsy<\/a><\/p>\n<p>&mdash; @OATage@openbiblio.social (@OATage) <a href=\"https:\/\/twitter.com\/OATage\/status\/1252492391421968387?ref_src=twsrc%5Etfw\">April 21, 2020<\/a><\/p><\/blockquote>\n<p><script async src=\"https:\/\/platform.twitter.com\/widgets.js\" charset=\"utf-8\"><\/script><br \/>\nhttps:\/\/twitter.com\/v_i_o_l_a\/status\/1252644562742411264<\/p>\n<blockquote class=\"twitter-tweet\" data-width=\"550\" data-dnt=\"true\">\n<p lang=\"en\" dir=\"ltr\">Google Scholar has parsed this cafeteria lunch menu as an author list, and it&#39;s delightful <a href=\"https:\/\/t.co\/jobE6Z7bpI\">pic.twitter.com\/jobE6Z7bpI<\/a><\/p>\n<p>&mdash; Alex Klotz (@AlexanderRKlotz) <a href=\"https:\/\/twitter.com\/AlexanderRKlotz\/status\/1252389218514427909?ref_src=twsrc%5Etfw\">April 21, 2020<\/a><\/p><\/blockquote>\n<p><script async src=\"https:\/\/platform.twitter.com\/widgets.js\" charset=\"utf-8\"><\/script><\/p>\n<blockquote class=\"twitter-tweet\" data-width=\"550\" data-dnt=\"true\">\n<p lang=\"fr\" dir=\"ltr\">Si on aime les gravures de mode, les livres pour enfants, les enluminures m\u00e9di\u00e9vales, les estampes japonaises&#8230; Enfin si on aime les  jolies choses en g\u00e9n\u00e9ral, il faut aller voir le compte Instagram de <a href=\"https:\/\/twitter.com\/GallicaBnF?ref_src=twsrc%5Etfw\">@GallicaBnF<\/a>, c&#39;est une merveille ! <a href=\"https:\/\/t.co\/uazePdvylE\">https:\/\/t.co\/uazePdvylE<\/a><\/p>\n<p>&mdash; Thomas Henry (@ceints2bakelite) <a href=\"https:\/\/twitter.com\/ceints2bakelite\/status\/1252283377425747970?ref_src=twsrc%5Etfw\">April 20, 2020<\/a><\/p><\/blockquote>\n<p><script async src=\"https:\/\/platform.twitter.com\/widgets.js\" charset=\"utf-8\"><\/script><br \/>\nhttps:\/\/twitter.com\/v_i_o_l_a\/status\/1252648777439219712<\/p>\n<blockquote class=\"twitter-tweet\" data-width=\"550\" data-dnt=\"true\">\n<p lang=\"en\" dir=\"ltr\">Fascinating: Milan will reopen its streets by turning them over to bikes and pedestrians,not cars<br \/>Deputy mayor: \u201cOf course, we want to reopen the economy, but we think we should do it on a different basis from before.&quot;<a href=\"https:\/\/t.co\/rJPmvmySxh\">https:\/\/t.co\/rJPmvmySxh<\/a><\/p>\n<p>&mdash; Bill McKibben (@billmckibben) <a href=\"https:\/\/twitter.com\/billmckibben\/status\/1252617206887743490?ref_src=twsrc%5Etfw\">April 21, 2020<\/a><\/p><\/blockquote>\n<p><script async src=\"https:\/\/platform.twitter.com\/widgets.js\" charset=\"utf-8\"><\/script><\/p>\n<blockquote class=\"twitter-tweet\" data-width=\"550\" data-dnt=\"true\">\n<p lang=\"en\" dir=\"ltr\">What are the best methods to create labels in classifications of publications? I have together with Per Ahlgren and <a href=\"https:\/\/twitter.com\/LudoWaltman?ref_src=twsrc%5Etfw\">@LudoWaltman<\/a> evaluated which bibliographic fields to be used and different methods to weight the relevance of terms. Preprint in arXiv: <a href=\"https:\/\/t.co\/ne4xjxGi4z\">https:\/\/t.co\/ne4xjxGi4z<\/a><\/p>\n<p>&mdash; Peter Sj\u00f6g\u00e5rde (@peter_sjogarde) <a href=\"https:\/\/twitter.com\/peter_sjogarde\/status\/1252160479595765760?ref_src=twsrc%5Etfw\">April 20, 2020<\/a><\/p><\/blockquote>\n<p><script async src=\"https:\/\/platform.twitter.com\/widgets.js\" charset=\"utf-8\"><\/script><\/p>\n<blockquote class=\"twitter-tweet\" data-width=\"550\" data-dnt=\"true\">\n<p lang=\"de\" dir=\"ltr\">Sch\u00e4fchen suchen statt z\u00e4hlen: Bei diesem Suchbild der <a href=\"https:\/\/twitter.com\/dpa_infografik?ref_src=twsrc%5Etfw\">@dpa_infografik<\/a> braucht man gute Augen. via <a href=\"https:\/\/twitter.com\/mainecho_de?ref_src=twsrc%5Etfw\">@mainecho_de<\/a> <a href=\"https:\/\/t.co\/KI8unZtRU7\">https:\/\/t.co\/KI8unZtRU7<\/a><\/p>\n<p>&mdash; dpa-Kinderredaktion (@dpa_Kinder) <a href=\"https:\/\/twitter.com\/dpa_Kinder\/status\/1250451127457460225?ref_src=twsrc%5Etfw\">April 15, 2020<\/a><\/p><\/blockquote>\n<p><script async src=\"https:\/\/platform.twitter.com\/widgets.js\" charset=\"utf-8\"><\/script><\/p>\n","protected":false},"excerpt":{"rendered":"<p>&#39;morgen! &mdash; viola vo\u00df (@v_i_o_l_a) April 21, 2020 The raccoons are returning to the libraries. Nature is healing. pic.twitter.com\/TI3B2LQhGX &mdash; Anna Mazzola (@Anna_Mazz) April 20, 2020 https:\/\/twitter.com\/v_i_o_l_a\/status\/1252461919329550337 Seitdem ich daheim bin merk ich erst, dass die Katzen ein Hobby haben: Synchronschlafen. pic.twitter.com\/KrY1lPuBKQ &mdash; Michaela Wein (@MichaelaWein) April 20, 2020 https:\/\/twitter.com\/v_i_o_l_a\/status\/1252462128637915137 https:\/\/twitter.com\/v_i_o_l_a\/status\/1252465500560535557 mein kollege @AndreaAmmendol6 hat [&hellip;]<\/p>\n","protected":false},"author":1,"featured_media":0,"comment_status":"open","ping_status":"open","sticky":false,"template":"","format":"standard","meta":{"footnotes":""},"categories":[36],"tags":[],"class_list":["post-11369","post","type-post","status-publish","format-standard","hentry","category-twitter"],"_links":{"self":[{"href":"https:\/\/www.x-v-x.de\/blog\/index.php?rest_route=\/wp\/v2\/posts\/11369","targetHints":{"allow":["GET"]}}],"collection":[{"href":"https:\/\/www.x-v-x.de\/blog\/index.php?rest_route=\/wp\/v2\/posts"}],"about":[{"href":"https:\/\/www.x-v-x.de\/blog\/index.php?rest_route=\/wp\/v2\/types\/post"}],"author":[{"embeddable":true,"href":"https:\/\/www.x-v-x.de\/blog\/index.php?rest_route=\/wp\/v2\/users\/1"}],"replies":[{"embeddable":true,"href":"https:\/\/www.x-v-x.de\/blog\/index.php?rest_route=%2Fwp%2Fv2%2Fcomments&post=11369"}],"version-history":[{"count":0,"href":"https:\/\/www.x-v-x.de\/blog\/index.php?rest_route=\/wp\/v2\/posts\/11369\/revisions"}],"wp:attachment":[{"href":"https:\/\/www.x-v-x.de\/blog\/index.php?rest_route=%2Fwp%2Fv2%2Fmedia&parent=11369"}],"wp:term":[{"taxonomy":"category","embeddable":true,"href":"https:\/\/www.x-v-x.de\/blog\/index.php?rest_route=%2Fwp%2Fv2%2Fcategories&post=11369"},{"taxonomy":"post_tag","embeddable":true,"href":"https:\/\/www.x-v-x.de\/blog\/index.php?rest_route=%2Fwp%2Fv2%2Ftags&post=11369"}],"curies":[{"name":"wp","href":"https:\/\/api.w.org\/{rel}","templated":true}]}}