{"id":11546,"date":"2020-07-02T06:41:17","date_gmt":"2020-07-02T04:41:17","guid":{"rendered":"http:\/\/www.x-v-x.de\/blog\/?p=11546"},"modified":"2020-09-23T06:41:40","modified_gmt":"2020-09-23T04:41:40","slug":"tweets-2020-07-01","status":"publish","type":"post","link":"https:\/\/www.x-v-x.de\/blog\/?p=11546","title":{"rendered":"tweets | 2020-07-01"},"content":{"rendered":"<blockquote class=\"twitter-tweet\" data-width=\"550\" data-dnt=\"true\">\n<p lang=\"nl\" dir=\"ltr\">&#39;morgen!<\/p>\n<p>&mdash; viola vo\u00df (@v_i_o_l_a) <a href=\"https:\/\/twitter.com\/v_i_o_l_a\/status\/1278172796108095489?ref_src=twsrc%5Etfw\">July 1, 2020<\/a><\/p><\/blockquote>\n<p><script async src=\"https:\/\/platform.twitter.com\/widgets.js\" charset=\"utf-8\"><\/script><\/p>\n<blockquote class=\"twitter-tweet\" data-width=\"550\" data-dnt=\"true\">\n<p lang=\"de\" dir=\"ltr\">Habe gerade in der Zeitung gelesen, dass ich aufgrund der MWST-Senkung beim Kauf eines Porsche 911 2.681,14\u20ac sparen w\u00fcrde, bei einem Pfund Kaffee aber nur 0,08 \u20ac. Ich sp\u00fcre eine Aufbruchstimmung in mir.<\/p>\n<p>&mdash; Schaltjahr \uea00 (@chiquitaflanke) <a href=\"https:\/\/twitter.com\/chiquitaflanke\/status\/1277869874484842496?ref_src=twsrc%5Etfw\">June 30, 2020<\/a><\/p><\/blockquote>\n<p><script async src=\"https:\/\/platform.twitter.com\/widgets.js\" charset=\"utf-8\"><\/script><br \/>\nhttps:\/\/twitter.com\/v_i_o_l_a\/status\/1278190234958782464<br \/>\nhttps:\/\/twitter.com\/v_i_o_l_a\/status\/1278190490148577280<\/p>\n<blockquote class=\"twitter-tweet\" data-width=\"550\" data-dnt=\"true\">\n<p lang=\"de\" dir=\"ltr\">Auch f\u00fcr Berlin ein Modell? Studierende der <a href=\"https:\/\/twitter.com\/UniCologne?ref_src=twsrc%5Etfw\">@UniCologne<\/a> veranstalten virtuelle B\u00fcffelmeetings: Man trifft sich bei Zoom, schaltet das Mikrofon aus und die Kamera an. Ob das rankommt ans Bibliotheksgef\u00fchl? Das <a href=\"https:\/\/twitter.com\/hashtag\/Encore?src=hash&amp;ref_src=twsrc%5Etfw\">#Encore<\/a> aus dem Checkpoint von <a href=\"https:\/\/twitter.com\/ichgruessesie?ref_src=twsrc%5Etfw\">@ichgruessesie<\/a>:  <a href=\"https:\/\/t.co\/r8oqreMvAI\">https:\/\/t.co\/r8oqreMvAI<\/a> <a href=\"https:\/\/t.co\/LpMuEs7p69\">pic.twitter.com\/LpMuEs7p69<\/a><\/p>\n<p>&mdash; Tagesspiegel Checkpoint (@TspCheckpoint) <a href=\"https:\/\/twitter.com\/TspCheckpoint\/status\/1273923689566830595?ref_src=twsrc%5Etfw\">June 19, 2020<\/a><\/p><\/blockquote>\n<p><script async src=\"https:\/\/platform.twitter.com\/widgets.js\" charset=\"utf-8\"><\/script><\/p>\n<blockquote class=\"twitter-tweet\" data-width=\"550\" data-dnt=\"true\">\n<p lang=\"en\" dir=\"ltr\">We are really pleased to publish our toolkit to support libraries to plan for safe reopening <a href=\"https:\/\/t.co\/mchISF8I8Z\">https:\/\/t.co\/mchISF8I8Z<\/a><a href=\"https:\/\/twitter.com\/libsconnected?ref_src=twsrc%5Etfw\">@libsconnected<\/a> <a href=\"https:\/\/t.co\/1uYaCOfmsv\">pic.twitter.com\/1uYaCOfmsv<\/a><\/p>\n<p>&mdash; Isobel Hunter MBE (@HunterIsobel) <a href=\"https:\/\/twitter.com\/HunterIsobel\/status\/1277905043212177414?ref_src=twsrc%5Etfw\">June 30, 2020<\/a><\/p><\/blockquote>\n<p><script async src=\"https:\/\/platform.twitter.com\/widgets.js\" charset=\"utf-8\"><\/script><br \/>\nhttps:\/\/twitter.com\/v_i_o_l_a\/status\/1278248693888700416<\/p>\n<blockquote class=\"twitter-tweet\" data-width=\"550\" data-dnt=\"true\">\n<p lang=\"de\" dir=\"ltr\">Aus unseren Neuerwerbungen \u2013 Sprachen und Literaturen allgemein 2020.7 <a href=\"https:\/\/t.co\/GLRlrRUbB9\">https:\/\/t.co\/GLRlrRUbB9<\/a><\/p>\n<p>&mdash; ULB_MS_FachInfo (@ULB_MS_FachInfo) <a href=\"https:\/\/twitter.com\/ULB_MS_FachInfo\/status\/1278210065959395328?ref_src=twsrc%5Etfw\">July 1, 2020<\/a><\/p><\/blockquote>\n<p><script async src=\"https:\/\/platform.twitter.com\/widgets.js\" charset=\"utf-8\"><\/script><\/p>\n<blockquote class=\"twitter-tweet\" data-width=\"550\" data-dnt=\"true\">\n<p lang=\"en\" dir=\"ltr\">Programming Historian (<a href=\"https:\/\/twitter.com\/ProgHist?ref_src=twsrc%5Etfw\">@proghist<\/a>) has been fully <a href=\"https:\/\/twitter.com\/hashtag\/OpenAccess?src=hash&amp;ref_src=twsrc%5Etfw\">#OpenAccess<\/a> since day one. But we can&#39;t afford to fully implement &#39;Plan S&#39;, the new open access agenda in the EU. If you care about open access and publishing, we&#39;ve highlighted why.<a href=\"https:\/\/t.co\/aMsK7kqE9n\">https:\/\/t.co\/aMsK7kqE9n<\/a><\/p>\n<p>&mdash; Adam Crymble (@Adam_Crymble) <a href=\"https:\/\/twitter.com\/Adam_Crymble\/status\/1277919931150020609?ref_src=twsrc%5Etfw\">June 30, 2020<\/a><\/p><\/blockquote>\n<p><script async src=\"https:\/\/platform.twitter.com\/widgets.js\" charset=\"utf-8\"><\/script><\/p>\n<blockquote class=\"twitter-tweet\" data-width=\"550\" data-dnt=\"true\">\n<p lang=\"de\" dir=\"ltr\">Der Maxi-Sand findet in diesem Jahr auf dem Domplatz statt. Alle Infos zum Start am Freitag in unserer Pressemitteilung:<br \/>\u27a1\ufe0f <a href=\"https:\/\/t.co\/mwuQdXBMsq\">https:\/\/t.co\/mwuQdXBMsq<\/a><\/p>\n<p>&mdash; Stadt M\u00fcnster (@muenster_de) <a href=\"https:\/\/twitter.com\/muenster_de\/status\/1278256009593737216?ref_src=twsrc%5Etfw\">July 1, 2020<\/a><\/p><\/blockquote>\n<p><script async src=\"https:\/\/platform.twitter.com\/widgets.js\" charset=\"utf-8\"><\/script><br \/>\nhttps:\/\/twitter.com\/v_i_o_l_a\/status\/1278265531661942785<\/p>\n<blockquote class=\"twitter-tweet\" data-width=\"550\" data-dnt=\"true\">\n<p lang=\"en\" dir=\"ltr\">Please return the proofs within 4 days. <a href=\"https:\/\/t.co\/HDuGJ7Plpz\">https:\/\/t.co\/HDuGJ7Plpz<\/a><\/p>\n<p>&mdash; Sandra is LeavingAcademia (@sj2915) <a href=\"https:\/\/twitter.com\/sj2915\/status\/1278179958632914944?ref_src=twsrc%5Etfw\">July 1, 2020<\/a><\/p><\/blockquote>\n<p><script async src=\"https:\/\/platform.twitter.com\/widgets.js\" charset=\"utf-8\"><\/script><\/p>\n<blockquote class=\"twitter-tweet\" data-width=\"550\" data-dnt=\"true\">\n<p lang=\"de\" dir=\"ltr\">Deutsch-arabisches W\u00f6rterbuch der Umgangssprache in Pal\u00e4stina und im Libanon (Spitaler\/Bauer, 1957) ; jetzt im OPEN ACCESS auf MENAdoc<a href=\"https:\/\/t.co\/VM5QLXVYSJ\">https:\/\/t.co\/VM5QLXVYSJ<\/a><a href=\"https:\/\/twitter.com\/hashtag\/Arabisch?src=hash&amp;ref_src=twsrc%5Etfw\">#Arabisch<\/a> <a href=\"https:\/\/twitter.com\/hashtag\/Dialektologie?src=hash&amp;ref_src=twsrc%5Etfw\">#Dialektologie<\/a> <a href=\"https:\/\/twitter.com\/hashtag\/Arabic?src=hash&amp;ref_src=twsrc%5Etfw\">#Arabic<\/a> <a href=\"https:\/\/twitter.com\/hashtag\/ArabicDialect?src=hash&amp;ref_src=twsrc%5Etfw\">#ArabicDialect<\/a> <a href=\"https:\/\/twitter.com\/hashtag\/ArabicPalestine?src=hash&amp;ref_src=twsrc%5Etfw\">#ArabicPalestine<\/a> <a href=\"https:\/\/t.co\/7qKyd2ccnX\">pic.twitter.com\/7qKyd2ccnX<\/a><\/p>\n<p>&mdash; MENALIB (@menalib) <a href=\"https:\/\/twitter.com\/menalib\/status\/1278222751115993088?ref_src=twsrc%5Etfw\">July 1, 2020<\/a><\/p><\/blockquote>\n<p><script async src=\"https:\/\/platform.twitter.com\/widgets.js\" charset=\"utf-8\"><\/script><br \/>\nhttps:\/\/twitter.com\/v_i_o_l_a\/status\/1278265998764920833<br \/>\nhttps:\/\/twitter.com\/v_i_o_l_a\/status\/1278274064403046400<br \/>\nhttps:\/\/twitter.com\/v_i_o_l_a\/status\/1278301839763652613<\/p>\n<blockquote class=\"twitter-tweet\" data-width=\"550\" data-dnt=\"true\">\n<p lang=\"de\" dir=\"ltr\">wenn du traurig bist, weil du NIE aufmerksamkeit bekommst. <a href=\"https:\/\/t.co\/BrRZmFpiXh\">pic.twitter.com\/BrRZmFpiXh<\/a><\/p>\n<p>&mdash; katja berlin (@katjaberlin) <a href=\"https:\/\/twitter.com\/katjaberlin\/status\/1278296028064755717?ref_src=twsrc%5Etfw\">July 1, 2020<\/a><\/p><\/blockquote>\n<p><script async src=\"https:\/\/platform.twitter.com\/widgets.js\" charset=\"utf-8\"><\/script><\/p>\n<blockquote class=\"twitter-tweet\" data-width=\"550\" data-dnt=\"true\">\n<p lang=\"de\" dir=\"ltr\">Ich habe eine Einf\u00fchrung in die Verarbeitung von PICA-Daten geschrieben: <a href=\"https:\/\/t.co\/srye504eZE\">https:\/\/t.co\/srye504eZE<\/a> <a href=\"https:\/\/t.co\/b2doUUx4vE\">https:\/\/t.co\/b2doUUx4vE<\/a><\/p>\n<p>&mdash; Jakob @nichtich@openbiblio.social (@nichtich) <a href=\"https:\/\/twitter.com\/nichtich\/status\/1278293641811955713?ref_src=twsrc%5Etfw\">July 1, 2020<\/a><\/p><\/blockquote>\n<p><script async src=\"https:\/\/platform.twitter.com\/widgets.js\" charset=\"utf-8\"><\/script><br \/>\nhttps:\/\/twitter.com\/v_i_o_l_a\/status\/1278302404342054912<\/p>\n<blockquote class=\"twitter-tweet\" data-width=\"550\" data-dnt=\"true\">\n<p lang=\"de\" dir=\"ltr\"><a href=\"https:\/\/twitter.com\/hashtag\/westfalencontent?src=hash&amp;ref_src=twsrc%5Etfw\">#westfalencontent<\/a>! \ud83d\ude42 <a href=\"https:\/\/twitter.com\/hashtag\/podcast?src=hash&amp;ref_src=twsrc%5Etfw\">#podcast<\/a> des <a href=\"https:\/\/twitter.com\/lwl_aktuell?ref_src=twsrc%5Etfw\">@lwl_aktuell<\/a>-instituts f\u00fcr westf\u00e4lische <a href=\"https:\/\/twitter.com\/hashtag\/regionalgeschichte?src=hash&amp;ref_src=twsrc%5Etfw\">#regionalgeschichte<\/a>. <a href=\"https:\/\/t.co\/c0xh2XyhI3\">https:\/\/t.co\/c0xh2XyhI3<\/a><\/p>\n<p>&mdash; viola vo\u00df (@v_i_o_l_a) <a href=\"https:\/\/twitter.com\/v_i_o_l_a\/status\/1278303041565982720?ref_src=twsrc%5Etfw\">July 1, 2020<\/a><\/p><\/blockquote>\n<p><script async src=\"https:\/\/platform.twitter.com\/widgets.js\" charset=\"utf-8\"><\/script><br \/>\nhttps:\/\/twitter.com\/v_i_o_l_a\/status\/1278303144657784832<\/p>\n<blockquote class=\"twitter-tweet\" data-width=\"550\" data-dnt=\"true\">\n<p lang=\"de\" dir=\"ltr\">Nach mehrmonatiger Corona-Pause \u00f6ffnet auch der Arzneipflanzengarten der WWU am 1.7. wieder. Unter Einhaltung der Abstandsregelungen k\u00f6nnen Besucher sich auf einen Rundgang \u00fcber die rund 2.500 Quadratmeter an der Corrensstr. 48 machen. \u00d6ffnungszeiten&amp;Infos:<a href=\"https:\/\/t.co\/MhVzx0ipO0\">https:\/\/t.co\/MhVzx0ipO0<\/a><\/p>\n<p>&mdash; Universit\u00e4t M\u00fcnster (@uni_muenster) <a href=\"https:\/\/twitter.com\/uni_muenster\/status\/1278278387560263680?ref_src=twsrc%5Etfw\">July 1, 2020<\/a><\/p><\/blockquote>\n<p><script async src=\"https:\/\/platform.twitter.com\/widgets.js\" charset=\"utf-8\"><\/script><br \/>\nhttps:\/\/twitter.com\/v_i_o_l_a\/status\/1278313645475336193<\/p>\n<blockquote class=\"twitter-tweet\" data-width=\"550\" data-dnt=\"true\">\n<p lang=\"de\" dir=\"ltr\">Ich habe seit ein paar Tagen den Eindruck, wenn ich sage &quot;das ist nicht eilig&quot; werden die Sachen besonders schnell erledigt. Muss das beobachten.<\/p>\n<p>&mdash; Stabilo Boss Novemberregen (@novemberregen) <a href=\"https:\/\/twitter.com\/novemberregen\/status\/1278330510092238848?ref_src=twsrc%5Etfw\">July 1, 2020<\/a><\/p><\/blockquote>\n<p><script async src=\"https:\/\/platform.twitter.com\/widgets.js\" charset=\"utf-8\"><\/script><\/p>\n<blockquote class=\"twitter-tweet\" data-width=\"550\" data-dnt=\"true\">\n<p lang=\"no\" dir=\"ltr\">Aktueller Status. <a href=\"https:\/\/t.co\/MTKfvnHVD9\">pic.twitter.com\/MTKfvnHVD9<\/a><\/p>\n<p>&mdash; DerFlix.de (@DerFlixxx) <a href=\"https:\/\/twitter.com\/DerFlixxx\/status\/1278326561243095048?ref_src=twsrc%5Etfw\">July 1, 2020<\/a><\/p><\/blockquote>\n<p><script async src=\"https:\/\/platform.twitter.com\/widgets.js\" charset=\"utf-8\"><\/script><\/p>\n<blockquote class=\"twitter-tweet\" data-width=\"550\" data-dnt=\"true\">\n<p lang=\"qme\" dir=\"ltr\"> <a href=\"https:\/\/t.co\/188zQSH6P5\">pic.twitter.com\/188zQSH6P5<\/a><\/p>\n<p>&mdash; Karen B (@way2snug) <a href=\"https:\/\/twitter.com\/way2snug\/status\/1278310937506787333?ref_src=twsrc%5Etfw\">July 1, 2020<\/a><\/p><\/blockquote>\n<p><script async src=\"https:\/\/platform.twitter.com\/widgets.js\" charset=\"utf-8\"><\/script><br \/>\nhttps:\/\/twitter.com\/v_i_o_l_a\/status\/1278429230657949697<br \/>\nhttps:\/\/twitter.com\/v_i_o_l_a\/status\/1278429281861894144<\/p>\n<blockquote class=\"twitter-tweet\" data-width=\"550\" data-dnt=\"true\">\n<p lang=\"de\" dir=\"ltr\">Nach wie vor eines der gr\u00f6\u00dften Mysterien f\u00fcr mich: Die Schwierigkeit, die die Bezeichnung <a href=\"https:\/\/twitter.com\/hashtag\/Bibliothekswissenschaft?src=hash&amp;ref_src=twsrc%5Etfw\">#Bibliothekswissenschaft<\/a> offenbar mit sich bringt. Wobei Bibliothekarwissenschaft jedenfalls f\u00fcr mich eine neue Variante darstellt.<\/p>\n<p>(Quelle: Mitteldeutsche Zeitung (BIT), 01.07. 2020, S.10) <a href=\"https:\/\/t.co\/pdxEySH2Jc\">pic.twitter.com\/pdxEySH2Jc<\/a><\/p>\n<p>&mdash; Ben (@bkaden) <a href=\"https:\/\/twitter.com\/bkaden\/status\/1278377500301819904?ref_src=twsrc%5Etfw\">July 1, 2020<\/a><\/p><\/blockquote>\n<p><script async src=\"https:\/\/platform.twitter.com\/widgets.js\" charset=\"utf-8\"><\/script><br \/>\nhttps:\/\/twitter.com\/v_i_o_l_a\/status\/1278430704196517888<\/p>\n<blockquote class=\"twitter-tweet\" data-width=\"550\" data-dnt=\"true\">\n<p lang=\"de\" dir=\"ltr\">Ich liebe ja die neuen Standard-Zoom-S\u00e4tze wie &quot;Ich sehe schon mehrere blaue H\u00e4nde&quot; und &quot;Ist das noch deine alte Hand oder schon eine neue?&quot;<\/p>\n<p>&mdash; Kristin Kopf (@Schplock) <a href=\"https:\/\/twitter.com\/Schplock\/status\/1278332986367389696?ref_src=twsrc%5Etfw\">July 1, 2020<\/a><\/p><\/blockquote>\n<p><script async src=\"https:\/\/platform.twitter.com\/widgets.js\" charset=\"utf-8\"><\/script><br \/>\nhttps:\/\/twitter.com\/v_i_o_l_a\/status\/1278431232926285831<\/p>\n<blockquote class=\"twitter-tweet\" data-width=\"550\" data-dnt=\"true\">\n<p lang=\"en\" dir=\"ltr\">\u201cBiscuit?\u201d<br \/>\u201cOoh I mustn\u2019t\u201d &lt;eats 16 biscuits&gt;<\/p>\n<p>&mdash; VeryBritishProblems (@SoVeryBritish) <a href=\"https:\/\/twitter.com\/SoVeryBritish\/status\/1278331660858208257?ref_src=twsrc%5Etfw\">July 1, 2020<\/a><\/p><\/blockquote>\n<p><script async src=\"https:\/\/platform.twitter.com\/widgets.js\" charset=\"utf-8\"><\/script><\/p>\n","protected":false},"excerpt":{"rendered":"<p>&#39;morgen! &mdash; viola vo\u00df (@v_i_o_l_a) July 1, 2020 Habe gerade in der Zeitung gelesen, dass ich aufgrund der MWST-Senkung beim Kauf eines Porsche 911 2.681,14\u20ac sparen w\u00fcrde, bei einem Pfund Kaffee aber nur 0,08 \u20ac. Ich sp\u00fcre eine Aufbruchstimmung in mir. &mdash; Schaltjahr \uea00 (@chiquitaflanke) June 30, 2020 https:\/\/twitter.com\/v_i_o_l_a\/status\/1278190234958782464 https:\/\/twitter.com\/v_i_o_l_a\/status\/1278190490148577280 Auch f\u00fcr Berlin ein Modell? [&hellip;]<\/p>\n","protected":false},"author":1,"featured_media":0,"comment_status":"open","ping_status":"open","sticky":false,"template":"","format":"standard","meta":{"footnotes":""},"categories":[36],"tags":[],"class_list":["post-11546","post","type-post","status-publish","format-standard","hentry","category-twitter"],"_links":{"self":[{"href":"https:\/\/www.x-v-x.de\/blog\/index.php?rest_route=\/wp\/v2\/posts\/11546","targetHints":{"allow":["GET"]}}],"collection":[{"href":"https:\/\/www.x-v-x.de\/blog\/index.php?rest_route=\/wp\/v2\/posts"}],"about":[{"href":"https:\/\/www.x-v-x.de\/blog\/index.php?rest_route=\/wp\/v2\/types\/post"}],"author":[{"embeddable":true,"href":"https:\/\/www.x-v-x.de\/blog\/index.php?rest_route=\/wp\/v2\/users\/1"}],"replies":[{"embeddable":true,"href":"https:\/\/www.x-v-x.de\/blog\/index.php?rest_route=%2Fwp%2Fv2%2Fcomments&post=11546"}],"version-history":[{"count":0,"href":"https:\/\/www.x-v-x.de\/blog\/index.php?rest_route=\/wp\/v2\/posts\/11546\/revisions"}],"wp:attachment":[{"href":"https:\/\/www.x-v-x.de\/blog\/index.php?rest_route=%2Fwp%2Fv2%2Fmedia&parent=11546"}],"wp:term":[{"taxonomy":"category","embeddable":true,"href":"https:\/\/www.x-v-x.de\/blog\/index.php?rest_route=%2Fwp%2Fv2%2Fcategories&post=11546"},{"taxonomy":"post_tag","embeddable":true,"href":"https:\/\/www.x-v-x.de\/blog\/index.php?rest_route=%2Fwp%2Fv2%2Ftags&post=11546"}],"curies":[{"name":"wp","href":"https:\/\/api.w.org\/{rel}","templated":true}]}}