{"id":11651,"date":"2020-09-11T10:25:22","date_gmt":"2020-09-11T08:25:22","guid":{"rendered":"http:\/\/www.x-v-x.de\/blog\/?p=11651"},"modified":"2020-09-27T10:25:45","modified_gmt":"2020-09-27T08:25:45","slug":"tweets-2020-09-10","status":"publish","type":"post","link":"https:\/\/www.x-v-x.de\/blog\/?p=11651","title":{"rendered":"tweets | 2020-09-10"},"content":{"rendered":"<blockquote class=\"twitter-tweet\" data-width=\"550\" data-dnt=\"true\">\n<p lang=\"nl\" dir=\"ltr\">&#39;morgen!<\/p>\n<p>&mdash; viola vo\u00df (@v_i_o_l_a) <a href=\"https:\/\/twitter.com\/v_i_o_l_a\/status\/1303906710441132039?ref_src=twsrc%5Etfw\">September 10, 2020<\/a><\/p><\/blockquote>\n<p><script async src=\"https:\/\/platform.twitter.com\/widgets.js\" charset=\"utf-8\"><\/script><\/p>\n<blockquote class=\"twitter-tweet\" data-width=\"550\" data-dnt=\"true\">\n<p lang=\"de\" dir=\"ltr\">Der 10. September ist der 253. Tag des gregorianischen Kalenders (der 254. in Schaltjahren), somit bleiben 112 Tage bis zum Jahresende.<\/p>\n<p>&mdash; Intimvitrine (@intim_vitrine) <a href=\"https:\/\/twitter.com\/intim_vitrine\/status\/1303895374298591232?ref_src=twsrc%5Etfw\">September 10, 2020<\/a><\/p><\/blockquote>\n<p><script async src=\"https:\/\/platform.twitter.com\/widgets.js\" charset=\"utf-8\"><\/script><\/p>\n<blockquote class=\"twitter-tweet\" data-width=\"550\" data-dnt=\"true\">\n<p lang=\"de\" dir=\"ltr\">&quot;Der einzige, der einen Ozelotpelz wirklich braucht, ist der Ozelot.&quot; (Bernhard Grzimek, 1909-1987, Tiermediziner, Zoologe, Autor) [via <a href=\"https:\/\/t.co\/L4VYhltLO1\">https:\/\/t.co\/L4VYhltLO1<\/a>]<\/p>\n<p>&mdash; viola vo\u00df (@v_i_o_l_a) <a href=\"https:\/\/twitter.com\/v_i_o_l_a\/status\/1303916094969741312?ref_src=twsrc%5Etfw\">September 10, 2020<\/a><\/p><\/blockquote>\n<p><script async src=\"https:\/\/platform.twitter.com\/widgets.js\" charset=\"utf-8\"><\/script><\/p>\n<blockquote class=\"twitter-tweet\" data-width=\"550\" data-dnt=\"true\">\n<p lang=\"de\" dir=\"ltr\">Nicht vergessen: Anl\u00e4sslich des <a href=\"https:\/\/twitter.com\/hashtag\/Warntag2020?src=hash&amp;ref_src=twsrc%5Etfw\">#Warntag2020<\/a> werden am 10. September 2020 ab 11 Uhr bundesweit Sirenen heulen, Apps piepen und der Rundfunk wird Sendungen unterbrechen. Das ist eine \u00dcbung! Das Signal f\u00fcr Entwarnung wird um 11:20 Uhr folgen. <a href=\"https:\/\/twitter.com\/BBK_Bund?ref_src=twsrc%5Etfw\">@BBK_Bund<\/a> <a href=\"https:\/\/t.co\/EloRHtxhRj\">pic.twitter.com\/EloRHtxhRj<\/a><\/p>\n<p>&mdash; Bundesministerium des Innern und f\u00fcr Heimat (@BMI_Bund) <a href=\"https:\/\/twitter.com\/BMI_Bund\/status\/1302506705155170305?ref_src=twsrc%5Etfw\">September 6, 2020<\/a><\/p><\/blockquote>\n<p><script async src=\"https:\/\/platform.twitter.com\/widgets.js\" charset=\"utf-8\"><\/script><\/p>\n<blockquote class=\"twitter-tweet\" data-width=\"550\" data-dnt=\"true\">\n<p lang=\"es\" dir=\"ltr\">Din\u00e1mica de fluidos en toda su gloria. <a href=\"https:\/\/t.co\/CrEhhpSZkW\">pic.twitter.com\/CrEhhpSZkW<\/a><\/p>\n<p>&mdash; \u270d\ufe0f Leonardo D&#39;Anchiano (@HdAnchiano) <a href=\"https:\/\/twitter.com\/HdAnchiano\/status\/1303798487830728705?ref_src=twsrc%5Etfw\">September 9, 2020<\/a><\/p><\/blockquote>\n<p><script async src=\"https:\/\/platform.twitter.com\/widgets.js\" charset=\"utf-8\"><\/script><\/p>\n<blockquote class=\"twitter-tweet\" data-width=\"550\" data-dnt=\"true\">\n<p lang=\"en\" dir=\"ltr\">Using naturally dyed cotton, artist Sipho Mabona explores transformation through origami <a href=\"https:\/\/t.co\/eUxm3jhWxJ\">https:\/\/t.co\/eUxm3jhWxJ<\/a> <a href=\"https:\/\/t.co\/4YNBrTFLyt\">pic.twitter.com\/4YNBrTFLyt<\/a><\/p>\n<p>&mdash; Colossal (@Colossal) <a href=\"https:\/\/twitter.com\/Colossal\/status\/1303811335319433216?ref_src=twsrc%5Etfw\">September 9, 2020<\/a><\/p><\/blockquote>\n<p><script async src=\"https:\/\/platform.twitter.com\/widgets.js\" charset=\"utf-8\"><\/script><\/p>\n<blockquote class=\"twitter-tweet\" data-width=\"550\" data-dnt=\"true\">\n<p lang=\"de\" dir=\"ltr\">Der erste Einsatz nach dem Lockdown: am kommenden Sonntag d\u00fcrfen wir den Radiogottesdienst aus der Apostelkirche mitgestalten. Wir freuen uns drauf! Live am Sonntag, 13.09.20, um 10:00 Uhr auf WDR 5.<a href=\"https:\/\/twitter.com\/hashtag\/m%C3%BCnster?src=hash&amp;ref_src=twsrc%5Etfw\">#m\u00fcnster<\/a> <a href=\"https:\/\/twitter.com\/hashtag\/musik?src=hash&amp;ref_src=twsrc%5Etfw\">#musik<\/a>\u2026 <a href=\"https:\/\/t.co\/5BP8VWMcqI\">https:\/\/t.co\/5BP8VWMcqI<\/a><\/p>\n<p>&mdash; Blechbl\u00e4serensemble an der Apostelkirche M\u00fcnster (@apostelblech) <a href=\"https:\/\/twitter.com\/apostelblech\/status\/1303802180143644674?ref_src=twsrc%5Etfw\">September 9, 2020<\/a><\/p><\/blockquote>\n<p><script async src=\"https:\/\/platform.twitter.com\/widgets.js\" charset=\"utf-8\"><\/script><\/p>\n<blockquote class=\"twitter-tweet\" data-width=\"550\" data-dnt=\"true\">\n<p lang=\"en\" dir=\"ltr\">I have a MSc and a PhD in Health Psychology and have researched well-being for more than 15 years. Every time I see a tokenistic message telling people to engage in mindfulness as a tool to manage stress produced by preventable inequities I feel an effervescent rage.<\/p>\n<p>&mdash; Victor Sojo (@victorsojo) <a href=\"https:\/\/twitter.com\/victorsojo\/status\/1303593006918848512?ref_src=twsrc%5Etfw\">September 9, 2020<\/a><\/p><\/blockquote>\n<p><script async src=\"https:\/\/platform.twitter.com\/widgets.js\" charset=\"utf-8\"><\/script><\/p>\n<blockquote class=\"twitter-tweet\" data-width=\"550\" data-dnt=\"true\">\n<p lang=\"en\" dir=\"ltr\">in sachen <a href=\"https:\/\/twitter.com\/hashtag\/grutbier?src=hash&amp;ref_src=twsrc%5Etfw\">#grutbier<\/a> in <a href=\"https:\/\/twitter.com\/hashtag\/m%C3%BCnster?src=hash&amp;ref_src=twsrc%5Etfw\">#m\u00fcnster<\/a>: &quot;The Gruit and the Good \u2014 The Enterprising German Brewers Bringing Gruit Culture Back to Its Roots&quot; <a href=\"https:\/\/t.co\/cRTA26RQFQ\">https:\/\/t.co\/cRTA26RQFQ<\/a> \u203a die brauerei von philipp overberg: <a href=\"https:\/\/t.co\/PErW3kibQS\">https:\/\/t.co\/PErW3kibQS<\/a> <a href=\"https:\/\/twitter.com\/hashtag\/grutkultur?src=hash&amp;ref_src=twsrc%5Etfw\">#grutkultur<\/a> <a href=\"https:\/\/twitter.com\/hashtag\/bier?src=hash&amp;ref_src=twsrc%5Etfw\">#bier<\/a><\/p>\n<p>&mdash; viola vo\u00df (@v_i_o_l_a) <a href=\"https:\/\/twitter.com\/v_i_o_l_a\/status\/1303930950745763843?ref_src=twsrc%5Etfw\">September 10, 2020<\/a><\/p><\/blockquote>\n<p><script async src=\"https:\/\/platform.twitter.com\/widgets.js\" charset=\"utf-8\"><\/script><\/p>\n<blockquote class=\"twitter-tweet\" data-width=\"550\" data-dnt=\"true\">\n<p lang=\"de\" dir=\"ltr\">&quot;<a href=\"https:\/\/twitter.com\/hashtag\/Sonifikation?src=hash&amp;ref_src=twsrc%5Etfw\">#Sonifikation<\/a> \u2013 Wenn <a href=\"https:\/\/twitter.com\/hashtag\/Daten?src=hash&amp;ref_src=twsrc%5Etfw\">#Daten<\/a> h\u00f6rbar werden&quot;: ein <a href=\"https:\/\/twitter.com\/hashtag\/Podcast?src=hash&amp;ref_src=twsrc%5Etfw\">#Podcast<\/a> von <a href=\"https:\/\/twitter.com\/bayern2?ref_src=twsrc%5Etfw\">@bayern2<\/a> &quot;IQ \u2013 Wissenschaft und Forschung&quot;: <a href=\"https:\/\/t.co\/RO3lI6dsOg\">https:\/\/t.co\/RO3lI6dsOg<\/a><\/p>\n<p>&mdash; viola vo\u00df (@v_i_o_l_a) <a href=\"https:\/\/twitter.com\/v_i_o_l_a\/status\/1303937075847335937?ref_src=twsrc%5Etfw\">September 10, 2020<\/a><\/p><\/blockquote>\n<p><script async src=\"https:\/\/platform.twitter.com\/widgets.js\" charset=\"utf-8\"><\/script><\/p>\n<blockquote class=\"twitter-tweet\" data-width=\"550\" data-dnt=\"true\">\n<p lang=\"de\" dir=\"ltr\">&quot;<a href=\"https:\/\/twitter.com\/hashtag\/Verschw%C3%B6rungstheorien?src=hash&amp;ref_src=twsrc%5Etfw\">#Verschw\u00f6rungstheorien<\/a>&quot;: Gespr\u00e4ch mit Claus Oberhauser und Melanie Bartos im <a href=\"https:\/\/twitter.com\/hashtag\/Podcast?src=hash&amp;ref_src=twsrc%5Etfw\">#Podcast<\/a> &quot;Zeit f\u00fcr Wissenschaft&quot; der <a href=\"https:\/\/twitter.com\/uniinnsbruck?ref_src=twsrc%5Etfw\">@uniinnsbruck<\/a>:  <a href=\"https:\/\/t.co\/cjxuRcPoRk\">https:\/\/t.co\/cjxuRcPoRk<\/a><\/p>\n<p>&mdash; viola vo\u00df (@v_i_o_l_a) <a href=\"https:\/\/twitter.com\/v_i_o_l_a\/status\/1303937738329198592?ref_src=twsrc%5Etfw\">September 10, 2020<\/a><\/p><\/blockquote>\n<p><script async src=\"https:\/\/platform.twitter.com\/widgets.js\" charset=\"utf-8\"><\/script><\/p>\n<blockquote class=\"twitter-tweet\" data-width=\"550\" data-dnt=\"true\">\n<p lang=\"de\" dir=\"ltr\">Neue <a href=\"https:\/\/twitter.com\/hashtag\/Podcast?src=hash&amp;ref_src=twsrc%5Etfw\">#Podcast<\/a>-Episode zum Thema <a href=\"https:\/\/twitter.com\/hashtag\/Verschw%C3%B6rungstheorien?src=hash&amp;ref_src=twsrc%5Etfw\">#Verschw\u00f6rungstheorien<\/a>:<br \/>Claus Oberhauser geht seit Jahren ihrer Geschichte auf den Grund und war zu Gast in \u201eZeit f\u00fcr Wissenschaft\u201c. Ein Gespr\u00e4ch \u00fcber gef\u00e4hrliche Tendenzen und m\u00f6gliche \u201eGegenmittel\u201c: <a href=\"https:\/\/t.co\/z5FHXbFWfD\">https:\/\/t.co\/z5FHXbFWfD<\/a> <a href=\"https:\/\/twitter.com\/hashtag\/Geschichte?src=hash&amp;ref_src=twsrc%5Etfw\">#Geschichte<\/a> <a href=\"https:\/\/twitter.com\/hashtag\/ibktwit?src=hash&amp;ref_src=twsrc%5Etfw\">#ibktwit<\/a> <a href=\"https:\/\/t.co\/zMRVSIfTmj\">pic.twitter.com\/zMRVSIfTmj<\/a><\/p>\n<p>&mdash; Universit\u00e4t Innsbruck @uniinnsbruck@social.uibk.at (@uniinnsbruck) <a href=\"https:\/\/twitter.com\/uniinnsbruck\/status\/1303690881694937088?ref_src=twsrc%5Etfw\">September 9, 2020<\/a><\/p><\/blockquote>\n<p><script async src=\"https:\/\/platform.twitter.com\/widgets.js\" charset=\"utf-8\"><\/script><\/p>\n<blockquote class=\"twitter-tweet\" data-width=\"550\" data-dnt=\"true\">\n<p lang=\"en\" dir=\"ltr\">&quot;What does a linguist do?&quot; asks [and answers :)] <a href=\"https:\/\/twitter.com\/OUPAcademic?ref_src=twsrc%5Etfw\">@OUPAcademic<\/a>: <a href=\"https:\/\/t.co\/rNv8WWuvvX\">https:\/\/t.co\/rNv8WWuvvX<\/a> including some <a href=\"https:\/\/twitter.com\/hashtag\/linguistics?src=hash&amp;ref_src=twsrc%5Etfw\">#linguistics<\/a> <a href=\"https:\/\/twitter.com\/hashtag\/blogs?src=hash&amp;ref_src=twsrc%5Etfw\">#blogs<\/a> recommendations.<\/p>\n<p>&mdash; viola vo\u00df (@v_i_o_l_a) <a href=\"https:\/\/twitter.com\/v_i_o_l_a\/status\/1303942434540392448?ref_src=twsrc%5Etfw\">September 10, 2020<\/a><\/p><\/blockquote>\n<p><script async src=\"https:\/\/platform.twitter.com\/widgets.js\" charset=\"utf-8\"><\/script><\/p>\n<blockquote class=\"twitter-tweet\" data-width=\"550\" data-dnt=\"true\">\n<p lang=\"de\" dir=\"ltr\"><a href=\"https:\/\/twitter.com\/hashtag\/podcast?src=hash&amp;ref_src=twsrc%5Etfw\">#podcast<\/a> vom Canal Acad\u00e9mie: &quot;La Venise des livres (1469\u20131530)&quot; <a href=\"https:\/\/t.co\/alBDpngvh2\">https:\/\/t.co\/alBDpngvh2<\/a> <a href=\"https:\/\/twitter.com\/hashtag\/venedig?src=hash&amp;ref_src=twsrc%5Etfw\">#venedig<\/a> <a href=\"https:\/\/twitter.com\/hashtag\/buchdruck?src=hash&amp;ref_src=twsrc%5Etfw\">#buchdruck<\/a> <a href=\"https:\/\/twitter.com\/hashtag\/buchgeschichte?src=hash&amp;ref_src=twsrc%5Etfw\">#buchgeschichte<\/a> \u2013 vielleicht was f\u00fcr einen kleinen romanistischen exkurs f\u00fcr @BookStudies_WWU? \ud83d\ude42<\/p>\n<p>&mdash; viola vo\u00df (@v_i_o_l_a) <a href=\"https:\/\/twitter.com\/v_i_o_l_a\/status\/1303951699007229952?ref_src=twsrc%5Etfw\">September 10, 2020<\/a><\/p><\/blockquote>\n<p><script async src=\"https:\/\/platform.twitter.com\/widgets.js\" charset=\"utf-8\"><\/script><\/p>\n<blockquote class=\"twitter-tweet\" data-width=\"550\" data-dnt=\"true\">\n<p lang=\"en\" dir=\"ltr\">&quot;begin and end team sessions with checking-in and checking-out. by answering a question together, you start more aligned and close more enlightened. because it isn&#39;t always easy to come up with a good question, we [\u2026] share our collecction with you.&quot; \u203a <a href=\"https:\/\/t.co\/exuZPQ6wZn\">https:\/\/t.co\/exuZPQ6wZn<\/a><\/p>\n<p>&mdash; viola vo\u00df (@v_i_o_l_a) <a href=\"https:\/\/twitter.com\/v_i_o_l_a\/status\/1303952792705552385?ref_src=twsrc%5Etfw\">September 10, 2020<\/a><\/p><\/blockquote>\n<p><script async src=\"https:\/\/platform.twitter.com\/widgets.js\" charset=\"utf-8\"><\/script><\/p>\n<blockquote class=\"twitter-tweet\" data-width=\"550\" data-dnt=\"true\">\n<p lang=\"zxx\" dir=\"ltr\">[via <a href=\"https:\/\/twitter.com\/pubblog_ch?ref_src=twsrc%5Etfw\">@pubblog_ch<\/a>, <a href=\"https:\/\/t.co\/RQ2ECKTQrR\">https:\/\/t.co\/RQ2ECKTQrR<\/a>]<\/p>\n<p>&mdash; viola vo\u00df (@v_i_o_l_a) <a href=\"https:\/\/twitter.com\/v_i_o_l_a\/status\/1303952966597201920?ref_src=twsrc%5Etfw\">September 10, 2020<\/a><\/p><\/blockquote>\n<p><script async src=\"https:\/\/platform.twitter.com\/widgets.js\" charset=\"utf-8\"><\/script><\/p>\n<blockquote class=\"twitter-tweet\" data-width=\"550\" data-dnt=\"true\">\n<p lang=\"de\" dir=\"ltr\"><a href=\"https:\/\/twitter.com\/hashtag\/tool?src=hash&amp;ref_src=twsrc%5Etfw\">#tool<\/a> zum stapel-<a href=\"https:\/\/twitter.com\/hashtag\/umbenennen?src=hash&amp;ref_src=twsrc%5Etfw\">#umbenennen<\/a> von <a href=\"https:\/\/twitter.com\/hashtag\/dateien?src=hash&amp;ref_src=twsrc%5Etfw\">#dateien<\/a>: &quot;Bulk Rename Utility&quot; <a href=\"https:\/\/t.co\/3ymxX6Efww\">https:\/\/t.co\/3ymxX6Efww<\/a> [tipp von <a href=\"https:\/\/twitter.com\/KristinBriney?ref_src=twsrc%5Etfw\">@KristinBriney<\/a>, <a href=\"https:\/\/t.co\/yWQO2WvFvv\">https:\/\/t.co\/yWQO2WvFvv<\/a>] \u2013 macht einen komplexen eindruck. etwas einfacher ist das programm, das ich seit jahren nutze: &quot;fast renamer 2&quot; <a href=\"https:\/\/t.co\/xXMIUj2e32\">https:\/\/t.co\/xXMIUj2e32<\/a><\/p>\n<p>&mdash; viola vo\u00df (@v_i_o_l_a) <a href=\"https:\/\/twitter.com\/v_i_o_l_a\/status\/1303954869980729345?ref_src=twsrc%5Etfw\">September 10, 2020<\/a><\/p><\/blockquote>\n<p><script async src=\"https:\/\/platform.twitter.com\/widgets.js\" charset=\"utf-8\"><\/script><\/p>\n<blockquote class=\"twitter-tweet\" data-width=\"550\" data-dnt=\"true\">\n<p lang=\"de\" dir=\"ltr\">Neuer <a href=\"https:\/\/twitter.com\/hashtag\/SLUBService?src=hash&amp;ref_src=twsrc%5Etfw\">#SLUBService<\/a> macht elektronisches Publizieren leichter: Die Eignung zur digitalen <a href=\"https:\/\/twitter.com\/hashtag\/Langzeitarchivierung?src=hash&amp;ref_src=twsrc%5Etfw\">#Langzeitarchivierung<\/a> ist eine notwendige Bedingung, unser PDF\/A-Validator-Tool hilft dabei, die Kriterien zu erf\u00fcllen:\u00a0<a href=\"https:\/\/t.co\/QRuT9pokD4\">https:\/\/t.co\/QRuT9pokD4<\/a><\/p>\n<p>&mdash; SLUB Dresden (@SLUBdresden) <a href=\"https:\/\/twitter.com\/SLUBdresden\/status\/1303701774134542337?ref_src=twsrc%5Etfw\">September 9, 2020<\/a><\/p><\/blockquote>\n<p><script async src=\"https:\/\/platform.twitter.com\/widgets.js\" charset=\"utf-8\"><\/script><\/p>\n<blockquote class=\"twitter-tweet\" data-width=\"550\" data-dnt=\"true\">\n<p lang=\"de\" dir=\"ltr\"><a href=\"https:\/\/twitter.com\/hashtag\/Twittercampus?src=hash&amp;ref_src=twsrc%5Etfw\">#Twittercampus<\/a>: Lasst uns die Herausforderung von <a href=\"https:\/\/twitter.com\/hashtag\/WissKomm?src=hash&amp;ref_src=twsrc%5Etfw\">#WissKomm<\/a> bei Twitter auf die Spitze treiben! Stellt Eure Aufs\u00e4tze in nur einem Tweet vor unter <a href=\"https:\/\/twitter.com\/hashtag\/1Aufsatz1Tweet?src=hash&amp;ref_src=twsrc%5Etfw\">#1Aufsatz1Tweet<\/a>. (Literaturangabe zum Aufsatz &amp; ggf. Link \u27a1\ufe0f Druko.) Bin gespannt auf pointierte Einblicke in Eure Forschung!<\/p>\n<p>&mdash; Amrei Bahr (stillgelegter Account) (@AmreiBahr) <a href=\"https:\/\/twitter.com\/AmreiBahr\/status\/1303666706364104704?ref_src=twsrc%5Etfw\">September 9, 2020<\/a><\/p><\/blockquote>\n<p><script async src=\"https:\/\/platform.twitter.com\/widgets.js\" charset=\"utf-8\"><\/script><\/p>\n<blockquote class=\"twitter-tweet\" data-width=\"550\" data-dnt=\"true\">\n<p lang=\"de\" dir=\"ltr\">Ein Traum der Japan-Recherche wird wahr:  <a href=\"https:\/\/t.co\/HbTOI8RcKB\">https:\/\/t.co\/HbTOI8RcKB<\/a> DIE \u201cnational, integrated and cross-sectoral portal website\u201d mit aggregierten Metadaten zu Text- und audiovisuellen Ressourcen aus der <a href=\"https:\/\/twitter.com\/NDLJP?ref_src=twsrc%5Etfw\">@NDLJP<\/a> , Universit\u00e4tsbibliotheken, Archiven, Museen <a href=\"https:\/\/twitter.com\/hashtag\/opensource?src=hash&amp;ref_src=twsrc%5Etfw\">#opensource<\/a>   <a href=\"https:\/\/twitter.com\/jpsearch_go?ref_src=twsrc%5Etfw\">@jpsearch_go<\/a><\/p>\n<p>&mdash; Cosima Wagner (@cosima_wagner@openbiblio.social) (@WagnerCosima) <a href=\"https:\/\/twitter.com\/WagnerCosima\/status\/1303957206216380416?ref_src=twsrc%5Etfw\">September 10, 2020<\/a><\/p><\/blockquote>\n<p><script async src=\"https:\/\/platform.twitter.com\/widgets.js\" charset=\"utf-8\"><\/script><br \/>\nhttps:\/\/twitter.com\/v_i_o_l_a\/status\/1303967656865861632<br \/>\nhttps:\/\/twitter.com\/v_i_o_l_a\/status\/1303983699554336768<\/p>\n<blockquote class=\"twitter-tweet\" data-width=\"550\" data-dnt=\"true\">\n<p lang=\"de\" dir=\"ltr\">Ein betr\u00e4chtlicher Teil meiner Wissenschafts-Timeline besteht aus Fotos von flauschigen Haustieren. Ich begr\u00fc\u00dfe das. <a href=\"https:\/\/t.co\/TTaLPKulCC\">pic.twitter.com\/TTaLPKulCC<\/a><\/p>\n<p>&mdash; Mike Zeitz (@mimimibe) <a href=\"https:\/\/twitter.com\/mimimibe\/status\/1303999850669895680?ref_src=twsrc%5Etfw\">September 10, 2020<\/a><\/p><\/blockquote>\n<p><script async src=\"https:\/\/platform.twitter.com\/widgets.js\" charset=\"utf-8\"><\/script><br \/>\nhttps:\/\/twitter.com\/v_i_o_l_a\/status\/1304011157347409920<\/p>\n<blockquote class=\"twitter-tweet\" data-width=\"550\" data-dnt=\"true\">\n<p lang=\"de\" dir=\"ltr\">Info an Studierende 1\/3<br \/>Die seminarweite Moodle-Ank\u00fcndigung konnte nur versp\u00e4tet zugestellt werden. Grund daf\u00fcr war eine nicht vorgesehene zeitgleiche Ausl\u00f6sung einer Vielzahl von identischen Ank\u00fcndigungen \u00fcber Moodle.<a href=\"https:\/\/twitter.com\/hashtag\/layer8?src=hash&amp;ref_src=twsrc%5Etfw\">#layer8<\/a> <a href=\"https:\/\/t.co\/j7IYbrOweT\">https:\/\/t.co\/j7IYbrOweT<\/a><\/p>\n<p>&mdash; Andreas Frings (@geschichtsadmin) <a href=\"https:\/\/twitter.com\/geschichtsadmin\/status\/1304045987426639872?ref_src=twsrc%5Etfw\">September 10, 2020<\/a><\/p><\/blockquote>\n<p><script async src=\"https:\/\/platform.twitter.com\/widgets.js\" charset=\"utf-8\"><\/script><br \/>\nhttps:\/\/twitter.com\/v_i_o_l_a\/status\/1304097196426563591<\/p>\n<blockquote class=\"twitter-tweet\" data-width=\"550\" data-dnt=\"true\">\n<p lang=\"de\" dir=\"ltr\">und der herbst kann auch kommen: ich bin aufgeladen. <a href=\"https:\/\/twitter.com\/hashtag\/herbstradeln?src=hash&amp;ref_src=twsrc%5Etfw\">#herbstradeln<\/a> <a href=\"https:\/\/t.co\/AhWZjpIaqM\">pic.twitter.com\/AhWZjpIaqM<\/a><\/p>\n<p>&mdash; viola vo\u00df (@v_i_o_l_a) <a href=\"https:\/\/twitter.com\/v_i_o_l_a\/status\/1304116055720300550?ref_src=twsrc%5Etfw\">September 10, 2020<\/a><\/p><\/blockquote>\n<p><script async src=\"https:\/\/platform.twitter.com\/widgets.js\" charset=\"utf-8\"><\/script><\/p>\n<blockquote class=\"twitter-tweet\" data-width=\"550\" data-dnt=\"true\">\n<p lang=\"de\" dir=\"ltr\">Es ist jetzt 20 Uhr.<\/p>\n<p>&mdash; zurvollenstunde (@zurvollenstunde) <a href=\"https:\/\/twitter.com\/zurvollenstunde\/status\/1304117447667187714?ref_src=twsrc%5Etfw\">September 10, 2020<\/a><\/p><\/blockquote>\n<p><script async src=\"https:\/\/platform.twitter.com\/widgets.js\" charset=\"utf-8\"><\/script><\/p>\n<blockquote class=\"twitter-tweet\" data-width=\"550\" data-dnt=\"true\">\n<p lang=\"en\" dir=\"ltr\">I am reading a tweet about reading a PDF version of a paper about what&#39;s wrong with PDFs in terms of accessibility on mobile devices on a mobile device on a mobile device <a href=\"https:\/\/t.co\/qpRqsz5etO\">https:\/\/t.co\/qpRqsz5etO<\/a><\/p>\n<p>&mdash; Jakob @nichtich@openbiblio.social (@nichtich) <a href=\"https:\/\/twitter.com\/nichtich\/status\/1304114308033454081?ref_src=twsrc%5Etfw\">September 10, 2020<\/a><\/p><\/blockquote>\n<p><script async src=\"https:\/\/platform.twitter.com\/widgets.js\" charset=\"utf-8\"><\/script><br \/>\nhttps:\/\/twitter.com\/v_i_o_l_a\/status\/1304123969285623808<br \/>\nhttps:\/\/twitter.com\/v_i_o_l_a\/status\/1304124177713168385<\/p>\n<blockquote class=\"twitter-tweet\" data-width=\"550\" data-dnt=\"true\">\n<p lang=\"en\" dir=\"ltr\">Music is the pleasure the human soul experiences from counting without being aware that it is counting. GOTTFRIED LEIBNIZ<\/p>\n<p>&mdash; Quite Interesting (@qikipedia) <a href=\"https:\/\/twitter.com\/qikipedia\/status\/1304087239983542272?ref_src=twsrc%5Etfw\">September 10, 2020<\/a><\/p><\/blockquote>\n<p><script async src=\"https:\/\/platform.twitter.com\/widgets.js\" charset=\"utf-8\"><\/script><br \/>\nhttps:\/\/twitter.com\/v_i_o_l_a\/status\/1304125168512577536<\/p>\n<blockquote class=\"twitter-tweet\" data-width=\"550\" data-dnt=\"true\">\n<p lang=\"zxx\" dir=\"ltr\"><a href=\"https:\/\/t.co\/PrMRWPO42W\">pic.twitter.com\/PrMRWPO42W<\/a><\/p>\n<p>&mdash; Hauck &amp; Bauer (@hauckundbauer) <a href=\"https:\/\/twitter.com\/hauckundbauer\/status\/1304032775553658880?ref_src=twsrc%5Etfw\">September 10, 2020<\/a><\/p><\/blockquote>\n<p><script async src=\"https:\/\/platform.twitter.com\/widgets.js\" charset=\"utf-8\"><\/script><br \/>\nhttps:\/\/twitter.com\/v_i_o_l_a\/status\/1304125885252014082<br \/>\nhttps:\/\/twitter.com\/v_i_o_l_a\/status\/1304126012767244289<br \/>\nhttps:\/\/twitter.com\/v_i_o_l_a\/status\/1304151789646811137<\/p>\n<blockquote class=\"twitter-tweet\" data-width=\"550\" data-dnt=\"true\">\n<p lang=\"en\" dir=\"ltr\">Our expeditioners in <a href=\"https:\/\/twitter.com\/hashtag\/Antarctica?src=hash&amp;ref_src=twsrc%5Etfw\">#Antarctica<\/a> follow strict guidelines about approaching wildlife, like keeping 50m away from breeding\/moulting penguins.<\/p>\n<p>But sometimes emperor penguins just want to tag along, like on this trek  to Auster Rookery.<\/p>\n<p>Video: Matt Williams, Mawson station leader <a href=\"https:\/\/t.co\/cm31yEaw5o\">pic.twitter.com\/cm31yEaw5o<\/a><\/p>\n<p>&mdash; antarctica.gov.au (@AusAntarctic) <a href=\"https:\/\/twitter.com\/AusAntarctic\/status\/1303876719636434945?ref_src=twsrc%5Etfw\">September 10, 2020<\/a><\/p><\/blockquote>\n<p><script async src=\"https:\/\/platform.twitter.com\/widgets.js\" charset=\"utf-8\"><\/script><\/p>\n<blockquote class=\"twitter-tweet\" data-width=\"550\" data-dnt=\"true\">\n<p lang=\"de\" dir=\"ltr\">Also, wir haben nix geh\u00f6rt.<\/p>\n<p>&mdash; Deutscher Geh\u00f6rlosen-Bund e.V. (@gehoerlosenbund) <a href=\"https:\/\/twitter.com\/gehoerlosenbund\/status\/1303985896312643584?ref_src=twsrc%5Etfw\">September 10, 2020<\/a><\/p><\/blockquote>\n<p><script async src=\"https:\/\/platform.twitter.com\/widgets.js\" charset=\"utf-8\"><\/script><br \/>\nhttps:\/\/twitter.com\/v_i_o_l_a\/status\/1304152886172168193<br \/>\nhttps:\/\/twitter.com\/v_i_o_l_a\/status\/1304153283142070272<\/p>\n<blockquote class=\"twitter-tweet\" data-width=\"550\" data-dnt=\"true\">\n<p lang=\"de\" dir=\"ltr\">K\u00f6lner Dom wins <a href=\"https:\/\/twitter.com\/hashtag\/Warntag2020?src=hash&amp;ref_src=twsrc%5Etfw\">#Warntag2020<\/a> <a href=\"https:\/\/t.co\/q6nfhypfgT\">https:\/\/t.co\/q6nfhypfgT<\/a><\/p>\n<p>&mdash; Christopher Kyba @skyglowberlin@vis.social (@skyglowberlin) <a href=\"https:\/\/twitter.com\/skyglowberlin\/status\/1303984387445456896?ref_src=twsrc%5Etfw\">September 10, 2020<\/a><\/p><\/blockquote>\n<p><script async src=\"https:\/\/platform.twitter.com\/widgets.js\" charset=\"utf-8\"><\/script><br \/>\nhttps:\/\/twitter.com\/v_i_o_l_a\/status\/1304153881195282436<br \/>\nhttps:\/\/twitter.com\/v_i_o_l_a\/status\/1304154201468145665<br \/>\nhttps:\/\/twitter.com\/v_i_o_l_a\/status\/1304154221172981761<\/p>\n<blockquote class=\"twitter-tweet\" data-width=\"550\" data-dnt=\"true\">\n<p lang=\"en\" dir=\"ltr\">We saw more downloads, more web pages mentioning the books (and yes, more citations as well) for oa books.<\/p>\n<p>But also for OA books of every type, in all the discipline groups, for each year of publication. And for downloads, also for every month after publication+<\/p>\n<p>&mdash; C\u24d0meronNeylon (@CameronNeylon) <a href=\"https:\/\/twitter.com\/CameronNeylon\/status\/1304050896020611075?ref_src=twsrc%5Etfw\">September 10, 2020<\/a><\/p><\/blockquote>\n<p><script async src=\"https:\/\/platform.twitter.com\/widgets.js\" charset=\"utf-8\"><\/script><\/p>\n<blockquote class=\"twitter-tweet\" data-width=\"550\" data-dnt=\"true\">\n<p lang=\"en\" dir=\"ltr\">All Swedish IKEA catalogs (1950-2021) in a CSV dataset\/PDF dump, perfect for data visualization:<a href=\"https:\/\/t.co\/CovE74Xpgq\">https:\/\/t.co\/CovE74Xpgq<\/a><\/p>\n<p>&mdash; Albin Larsson &#8211; @abbe98@mast*d*n.s*cial (@AlbinPCLarsson) <a href=\"https:\/\/twitter.com\/AlbinPCLarsson\/status\/1304039331120775170?ref_src=twsrc%5Etfw\">September 10, 2020<\/a><\/p><\/blockquote>\n<p><script async src=\"https:\/\/platform.twitter.com\/widgets.js\" charset=\"utf-8\"><\/script><\/p>\n<blockquote class=\"twitter-tweet\" data-width=\"550\" data-dnt=\"true\">\n<p lang=\"de\" dir=\"ltr\">Und um die tats\u00e4chlich funktionierenden Warnmeldungen zu empfangen, die von der Amateurfunkcommunity kostenfrei zur Verf\u00fcgung gestellt werden, ben\u00f6tigt man weder eine CEPT-Lizenz noch irgendeine App, sondern nur einen handels\u00fcblichen Pager, der auf 439,9875 MHz empf\u00e4ngt. <a href=\"https:\/\/t.co\/LLsR9unhs7\">https:\/\/t.co\/LLsR9unhs7<\/a><\/p>\n<p>&mdash; deBaer@chaos.social (@deBaer) <a href=\"https:\/\/twitter.com\/deBaer\/status\/1304139576987070464?ref_src=twsrc%5Etfw\">September 10, 2020<\/a><\/p><\/blockquote>\n<p><script async src=\"https:\/\/platform.twitter.com\/widgets.js\" charset=\"utf-8\"><\/script><\/p>\n<blockquote class=\"twitter-tweet\" data-width=\"550\" data-dnt=\"true\">\n<p lang=\"zxx\" dir=\"ltr\"><a href=\"https:\/\/t.co\/tKM5v4ntPN\">pic.twitter.com\/tKM5v4ntPN<\/a><\/p>\n<p>&mdash; Smalls (@bigendiansmalls) <a href=\"https:\/\/twitter.com\/bigendiansmalls\/status\/1304119005523787776?ref_src=twsrc%5Etfw\">September 10, 2020<\/a><\/p><\/blockquote>\n<p><script async src=\"https:\/\/platform.twitter.com\/widgets.js\" charset=\"utf-8\"><\/script><\/p>\n<blockquote class=\"twitter-tweet\" data-width=\"550\" data-dnt=\"true\">\n<p lang=\"de\" dir=\"ltr\">&#39;nacht allerseits!<\/p>\n<p>&mdash; viola vo\u00df (@v_i_o_l_a) <a href=\"https:\/\/twitter.com\/v_i_o_l_a\/status\/1304155765129785344?ref_src=twsrc%5Etfw\">September 10, 2020<\/a><\/p><\/blockquote>\n<p><script async src=\"https:\/\/platform.twitter.com\/widgets.js\" charset=\"utf-8\"><\/script><\/p>\n","protected":false},"excerpt":{"rendered":"<p>&#39;morgen! &mdash; viola vo\u00df (@v_i_o_l_a) September 10, 2020 Der 10. September ist der 253. Tag des gregorianischen Kalenders (der 254. in Schaltjahren), somit bleiben 112 Tage bis zum Jahresende. &mdash; Intimvitrine (@intim_vitrine) September 10, 2020 &quot;Der einzige, der einen Ozelotpelz wirklich braucht, ist der Ozelot.&quot; (Bernhard Grzimek, 1909-1987, Tiermediziner, Zoologe, Autor) [via https:\/\/t.co\/L4VYhltLO1] &mdash; viola [&hellip;]<\/p>\n","protected":false},"author":1,"featured_media":0,"comment_status":"open","ping_status":"open","sticky":false,"template":"","format":"standard","meta":{"footnotes":""},"categories":[36],"tags":[],"class_list":["post-11651","post","type-post","status-publish","format-standard","hentry","category-twitter"],"_links":{"self":[{"href":"https:\/\/www.x-v-x.de\/blog\/index.php?rest_route=\/wp\/v2\/posts\/11651","targetHints":{"allow":["GET"]}}],"collection":[{"href":"https:\/\/www.x-v-x.de\/blog\/index.php?rest_route=\/wp\/v2\/posts"}],"about":[{"href":"https:\/\/www.x-v-x.de\/blog\/index.php?rest_route=\/wp\/v2\/types\/post"}],"author":[{"embeddable":true,"href":"https:\/\/www.x-v-x.de\/blog\/index.php?rest_route=\/wp\/v2\/users\/1"}],"replies":[{"embeddable":true,"href":"https:\/\/www.x-v-x.de\/blog\/index.php?rest_route=%2Fwp%2Fv2%2Fcomments&post=11651"}],"version-history":[{"count":0,"href":"https:\/\/www.x-v-x.de\/blog\/index.php?rest_route=\/wp\/v2\/posts\/11651\/revisions"}],"wp:attachment":[{"href":"https:\/\/www.x-v-x.de\/blog\/index.php?rest_route=%2Fwp%2Fv2%2Fmedia&parent=11651"}],"wp:term":[{"taxonomy":"category","embeddable":true,"href":"https:\/\/www.x-v-x.de\/blog\/index.php?rest_route=%2Fwp%2Fv2%2Fcategories&post=11651"},{"taxonomy":"post_tag","embeddable":true,"href":"https:\/\/www.x-v-x.de\/blog\/index.php?rest_route=%2Fwp%2Fv2%2Ftags&post=11651"}],"curies":[{"name":"wp","href":"https:\/\/api.w.org\/{rel}","templated":true}]}}