{"id":11677,"date":"2020-10-04T13:10:28","date_gmt":"2020-10-04T11:10:28","guid":{"rendered":"http:\/\/www.x-v-x.de\/blog\/?p=11677"},"modified":"2024-07-19T09:45:51","modified_gmt":"2024-07-19T07:45:51","slug":"bruegge-2020","status":"publish","type":"post","link":"https:\/\/www.x-v-x.de\/blog\/?p=11677","title":{"rendered":"br\u00fcgge 2020"},"content":{"rendered":"<p>auf dem weg nach <a href=\"https:\/\/www.x-v-x.de\/blog\/?p=11688\">frankreich<\/a> haben wir im august station in <a href=\"https:\/\/de.wikipedia.org\/wiki\/Br%C3%BCgge\">br\u00fcgge<\/a> gemacht, weil philip dort eine <a href=\"https:\/\/www.museabrugge.be\/kalender\/tentoonstellingen\/jan-van-eyck-in-bruges-1\" target=\"_blank\" rel=\"noopener\">ausstellung zu van eyck<\/a> sehen wollte.<br \/>\nf\u00fcr die akten hier ein paar notizen dazu.<\/p>\n<ul>\n<li><a href=\"https:\/\/www.visitbruges.be\/de\">visit bruges<\/a>: sehr praktisch f\u00fcr die planung vorab mit hotel-listen, touri-brosch\u00fcren und stadtpl\u00e4nen<\/li>\n<li>zahlreiche insider-tipps von kollege bernd vom <a href=\"https:\/\/www.fid-benelux.de\/\">FID benelux<\/a> &#8212; die reichen noch f\u00fcr drei weitere wochenenden \ud83d\ude42<\/li>\n<li><a href=\"https:\/\/www.hotelsablon.be\/\">hotel sablon<\/a>: sehr schick, kein parkplatz (aber zwei parkh\u00e4user in fu\u00dfl\u00e4ufiger entfernung), das fr\u00fchst\u00fcck haben wir nicht getestet<\/li>\n<li><a href=\"https:\/\/de.wikipedia.org\/wiki\/Grote_Markt_(Br%C3%BCgge)\">marktplatz<\/a><\/li>\n<li><a href=\"https:\/\/nl.wikipedia.org\/wiki\/Rozenhoedkaai\">rozenhoedkaai<\/a><\/li>\n<li><a href=\"https:\/\/de.wikipedia.org\/wiki\/Groeningemuseum\">groeningemuseum<\/a><\/li>\n<li><a href=\"https:\/\/de.wikipedia.org\/wiki\/Beginenhof_Br%C3%BCgge\">begijnhof<\/a><\/li>\n<li><a href=\"https:\/\/de.wikipedia.org\/wiki\/Minnewater\">minnewater<\/a>-park<\/li>\n<li><a href=\"http:\/\/www.frietmuseum.be\/\">frietmuseum<\/a><\/li>\n<li>\u2026 und kreuz&amp;quer durch die stadt<\/li>\n<li><a href=\"https:\/\/www.balthasarbrugge.com\/\">balthasar<\/a>, <a href=\"http:\/\/www.mozarthuys.com\/\">brasserie mozarthuys<\/a>, <a href=\"https:\/\/www.verdibrugge.com\">restaurant verdi<\/a> (fr\u00fchst\u00fcck), <a href=\"http:\/\/www.maximiliaanvanoostenrijk.be\/\">maximiliaan van oostenrijk<\/a>, <a href=\"https:\/\/poulesmoules.be\/\">poules moules<\/a><\/li>\n<\/ul>\n","protected":false},"excerpt":{"rendered":"<p>auf dem weg nach frankreich haben wir im august station in br\u00fcgge gemacht, weil philip dort eine ausstellung zu van eyck sehen wollte. f\u00fcr die akten hier ein paar notizen dazu. visit bruges: sehr praktisch f\u00fcr die planung vorab mit hotel-listen, touri-brosch\u00fcren und stadtpl\u00e4nen zahlreiche insider-tipps von kollege bernd vom FID benelux &#8212; die reichen [&hellip;]<\/p>\n","protected":false},"author":1,"featured_media":0,"comment_status":"open","ping_status":"open","sticky":false,"template":"","format":"standard","meta":{"footnotes":""},"categories":[20,16],"tags":[],"class_list":["post-11677","post","type-post","status-publish","format-standard","hentry","category-on-tour","category-urlaub"],"_links":{"self":[{"href":"https:\/\/www.x-v-x.de\/blog\/index.php?rest_route=\/wp\/v2\/posts\/11677","targetHints":{"allow":["GET"]}}],"collection":[{"href":"https:\/\/www.x-v-x.de\/blog\/index.php?rest_route=\/wp\/v2\/posts"}],"about":[{"href":"https:\/\/www.x-v-x.de\/blog\/index.php?rest_route=\/wp\/v2\/types\/post"}],"author":[{"embeddable":true,"href":"https:\/\/www.x-v-x.de\/blog\/index.php?rest_route=\/wp\/v2\/users\/1"}],"replies":[{"embeddable":true,"href":"https:\/\/www.x-v-x.de\/blog\/index.php?rest_route=%2Fwp%2Fv2%2Fcomments&post=11677"}],"version-history":[{"count":0,"href":"https:\/\/www.x-v-x.de\/blog\/index.php?rest_route=\/wp\/v2\/posts\/11677\/revisions"}],"wp:attachment":[{"href":"https:\/\/www.x-v-x.de\/blog\/index.php?rest_route=%2Fwp%2Fv2%2Fmedia&parent=11677"}],"wp:term":[{"taxonomy":"category","embeddable":true,"href":"https:\/\/www.x-v-x.de\/blog\/index.php?rest_route=%2Fwp%2Fv2%2Fcategories&post=11677"},{"taxonomy":"post_tag","embeddable":true,"href":"https:\/\/www.x-v-x.de\/blog\/index.php?rest_route=%2Fwp%2Fv2%2Ftags&post=11677"}],"curies":[{"name":"wp","href":"https:\/\/api.w.org\/{rel}","templated":true}]}}