{"id":11721,"date":"2020-09-26T11:11:51","date_gmt":"2020-09-26T09:11:51","guid":{"rendered":"http:\/\/www.x-v-x.de\/blog\/?p=11721"},"modified":"2020-10-25T11:12:17","modified_gmt":"2020-10-25T10:12:17","slug":"tweets-2020-09-25","status":"publish","type":"post","link":"https:\/\/www.x-v-x.de\/blog\/?p=11721","title":{"rendered":"tweets | 2020-09-25"},"content":{"rendered":"<blockquote class=\"twitter-tweet\" data-width=\"550\" data-dnt=\"true\">\n<p lang=\"nl\" dir=\"ltr\">&#39;morgen!<\/p>\n<p>&mdash; viola vo\u00df (@v_i_o_l_a) <a href=\"https:\/\/twitter.com\/v_i_o_l_a\/status\/1309346511315238912?ref_src=twsrc%5Etfw\">September 25, 2020<\/a><\/p><\/blockquote>\n<p><script async src=\"https:\/\/platform.twitter.com\/widgets.js\" charset=\"utf-8\"><\/script><\/p>\n<blockquote class=\"twitter-tweet\" data-width=\"550\" data-dnt=\"true\">\n<p lang=\"en\" dir=\"ltr\">I&#39;m not saying things are inherently better in Canada but their Supreme Court dresses like Santa Clauses instead of executioners <a href=\"https:\/\/t.co\/o0wTBP2ARm\">https:\/\/t.co\/o0wTBP2ARm<\/a><\/p>\n<p>&mdash; Ben Abrahamse (@babrahamse) <a href=\"https:\/\/twitter.com\/babrahamse\/status\/1309313366167564291?ref_src=twsrc%5Etfw\">September 25, 2020<\/a><\/p><\/blockquote>\n<p><script async src=\"https:\/\/platform.twitter.com\/widgets.js\" charset=\"utf-8\"><\/script><\/p>\n<blockquote class=\"twitter-tweet\" data-width=\"550\" data-dnt=\"true\">\n<p lang=\"en\" dir=\"ltr\">Alexander Graham Bell thought phones should be answered with &quot;Ahoy, ahoy&quot;.<\/p>\n<p>&mdash; Quite Interesting (@qikipedia) <a href=\"https:\/\/twitter.com\/qikipedia\/status\/1309311659886796800?ref_src=twsrc%5Etfw\">September 25, 2020<\/a><\/p><\/blockquote>\n<p><script async src=\"https:\/\/platform.twitter.com\/widgets.js\" charset=\"utf-8\"><\/script><br \/>\nhttps:\/\/twitter.com\/v_i_o_l_a\/status\/1309347971889324032<\/p>\n<blockquote class=\"twitter-tweet\" data-width=\"550\" data-dnt=\"true\">\n<p lang=\"de\" dir=\"ltr\">Heute bei Paulas <a href=\"https:\/\/twitter.com\/hashtag\/damalsdonnerstag?src=hash&amp;ref_src=twsrc%5Etfw\">#damalsdonnerstag<\/a>:<br \/>Heute habe ich einen Kardex im Magazin gefunden. Mensch bin ich froh, dass wir heutzutage ein digitales Bibliothekssystem haben und die Zeitschriften nicht mehr auf Karteikarten vermerken m\u00fcssen. Tr\u00e4gt ja auch zum Umweltschutz bei..<a href=\"https:\/\/twitter.com\/hashtag\/bibliothek?src=hash&amp;ref_src=twsrc%5Etfw\">#bibliothek<\/a> <a href=\"https:\/\/t.co\/4fobIWc81u\">pic.twitter.com\/4fobIWc81u<\/a><\/p>\n<p>&mdash; VET Repository im Bundesinstitut f\u00fcr Berufsbildung (@VET_Repository) <a href=\"https:\/\/twitter.com\/VET_Repository\/status\/1309036996690620417?ref_src=twsrc%5Etfw\">September 24, 2020<\/a><\/p><\/blockquote>\n<p><script async src=\"https:\/\/platform.twitter.com\/widgets.js\" charset=\"utf-8\"><\/script><br \/>\nhttps:\/\/twitter.com\/v_i_o_l_a\/status\/1309348064457617410<\/p>\n<blockquote class=\"twitter-tweet\" data-width=\"550\" data-dnt=\"true\">\n<p lang=\"en\" dir=\"ltr\">I had to teach my Introduction to Psychology class today to 300+ students from my cell phone while I was trapped in my apartment building elevator with my two young kids.<\/p>\n<p>This has to go down as my most surreal and stressful teaching experience.<\/p>\n<p>&mdash; Jay Van Bavel, PhD (@jayvanbavel) <a href=\"https:\/\/twitter.com\/jayvanbavel\/status\/1308941880521097220?ref_src=twsrc%5Etfw\">September 24, 2020<\/a><\/p><\/blockquote>\n<p><script async src=\"https:\/\/platform.twitter.com\/widgets.js\" charset=\"utf-8\"><\/script><\/p>\n<blockquote class=\"twitter-tweet\" data-width=\"550\" data-dnt=\"true\">\n<p lang=\"en\" dir=\"ltr\">I&#39;m just going to leave this here&#8230; <a href=\"https:\/\/t.co\/IK4lZFcNCy\">pic.twitter.com\/IK4lZFcNCy<\/a><\/p>\n<p>&mdash; Shannon Burden (@BurdenShannon15) <a href=\"https:\/\/twitter.com\/BurdenShannon15\/status\/1308969620930523136?ref_src=twsrc%5Etfw\">September 24, 2020<\/a><\/p><\/blockquote>\n<p><script async src=\"https:\/\/platform.twitter.com\/widgets.js\" charset=\"utf-8\"><\/script><\/p>\n<blockquote class=\"twitter-tweet\" data-width=\"550\" data-dnt=\"true\">\n<p lang=\"de\" dir=\"ltr\">&quot;Einzigartig: digitale Zukunft f\u00fcr analoge Pressefotos&quot; &#8211; Sch\u00f6n, wie in der aktuellen Ausgabe des NDR-Medienmagazins \u00fcber die Arbeit des Bibliothekars <a href=\"https:\/\/twitter.com\/Mhopac?ref_src=twsrc%5Etfw\">@Mhopac<\/a> (u.a. <a href=\"https:\/\/twitter.com\/PerspektiveBib?ref_src=twsrc%5Etfw\">@PerspektiveBib<\/a>) zur Sicherung spannender fotografischen Nachl\u00e4sse durch die <a href=\"https:\/\/twitter.com\/bsb_muenchen?ref_src=twsrc%5Etfw\">@bsb_muenchen<\/a> berichtet wird. <a href=\"https:\/\/t.co\/KI8ajnLEZF\">https:\/\/t.co\/KI8ajnLEZF<\/a><\/p>\n<p>&mdash; @Lambo@openbiblio.social &#8211; Lambert Heller (@Lambo) <a href=\"https:\/\/twitter.com\/Lambo\/status\/1309218147887722496?ref_src=twsrc%5Etfw\">September 24, 2020<\/a><\/p><\/blockquote>\n<p><script async src=\"https:\/\/platform.twitter.com\/widgets.js\" charset=\"utf-8\"><\/script><\/p>\n<blockquote class=\"twitter-tweet\" data-width=\"550\" data-dnt=\"true\">\n<p lang=\"en\" dir=\"ltr\">I&#39;ve got a new book out that you can download for free for the next two weeks. It&#39;s called &quot;Can We Be Wrong?: The Problem of Textual Evidence in a Time of Data.&quot; It&#39;s short and sweet. <a href=\"https:\/\/t.co\/5ZnBWLFjOG\">https:\/\/t.co\/5ZnBWLFjOG<\/a><\/p>\n<p>&mdash; Andrew Piper (@_akpiper) <a href=\"https:\/\/twitter.com\/_akpiper\/status\/1309139287267586055?ref_src=twsrc%5Etfw\">September 24, 2020<\/a><\/p><\/blockquote>\n<p><script async src=\"https:\/\/platform.twitter.com\/widgets.js\" charset=\"utf-8\"><\/script><\/p>\n<blockquote class=\"twitter-tweet\" data-width=\"550\" data-dnt=\"true\">\n<p lang=\"zxx\" dir=\"ltr\"><a href=\"https:\/\/t.co\/q8n1kZ6DKX\">pic.twitter.com\/q8n1kZ6DKX<\/a><\/p>\n<p>&mdash; Liz Climo (@elclimo) <a href=\"https:\/\/twitter.com\/elclimo\/status\/1309203586136420352?ref_src=twsrc%5Etfw\">September 24, 2020<\/a><\/p><\/blockquote>\n<p><script async src=\"https:\/\/platform.twitter.com\/widgets.js\" charset=\"utf-8\"><\/script><\/p>\n<blockquote class=\"twitter-tweet\" data-width=\"550\" data-dnt=\"true\">\n<p lang=\"de\" dir=\"ltr\">vielleicht auch f\u00fcr die <a href=\"https:\/\/twitter.com\/hashtag\/zbz20?src=hash&amp;ref_src=twsrc%5Etfw\">#zbz20<\/a>-runde interessant? <a href=\"https:\/\/t.co\/qiabbJckV6\">https:\/\/t.co\/qiabbJckV6<\/a><\/p>\n<p>&mdash; viola vo\u00df (@v_i_o_l_a) <a href=\"https:\/\/twitter.com\/v_i_o_l_a\/status\/1309349920483180546?ref_src=twsrc%5Etfw\">September 25, 2020<\/a><\/p><\/blockquote>\n<p><script async src=\"https:\/\/platform.twitter.com\/widgets.js\" charset=\"utf-8\"><\/script><br \/>\nhttps:\/\/twitter.com\/v_i_o_l_a\/status\/1309350511733280768<\/p>\n<blockquote class=\"twitter-tweet\" data-width=\"550\" data-dnt=\"true\">\n<p lang=\"de\" dir=\"ltr\">Wer denkt, dass er NewWork macht, weil er Homeoffice erlaubt, denkt auch, dass er Franzose ist, wenn er ein Croissant gegessen hat.<\/p>\n<p>One for the <a href=\"https:\/\/twitter.com\/hashtag\/Zitatetruhe?src=hash&amp;ref_src=twsrc%5Etfw\">#Zitatetruhe<\/a> inspiriert von <a href=\"https:\/\/twitter.com\/cmagnussen?ref_src=twsrc%5Etfw\">@cmagnussen<\/a> auf dem <a href=\"https:\/\/twitter.com\/hashtag\/hhis?src=hash&amp;ref_src=twsrc%5Etfw\">#hhis<\/a><\/p>\n<p>&mdash; Thomas Dugaro (@DugarToGo) <a href=\"https:\/\/twitter.com\/DugarToGo\/status\/1309045821820874752?ref_src=twsrc%5Etfw\">September 24, 2020<\/a><\/p><\/blockquote>\n<p><script async src=\"https:\/\/platform.twitter.com\/widgets.js\" charset=\"utf-8\"><\/script><\/p>\n<blockquote class=\"twitter-tweet\" data-width=\"550\" data-dnt=\"true\">\n<p lang=\"en\" dir=\"ltr\">New study: <a href=\"https:\/\/twitter.com\/hashtag\/openaccess?src=hash&amp;ref_src=twsrc%5Etfw\">#openaccess<\/a> Books in the Humanities and Social Sciences: an Open Access Altmetric Advantage<a href=\"https:\/\/t.co\/j35NCHRxqr\">https:\/\/t.co\/j35NCHRxqr<\/a><\/p>\n<p>&mdash; SPARC Europe (@SPARC_EU) <a href=\"https:\/\/twitter.com\/SPARC_EU\/status\/1309104868192333825?ref_src=twsrc%5Etfw\">September 24, 2020<\/a><\/p><\/blockquote>\n<p><script async src=\"https:\/\/platform.twitter.com\/widgets.js\" charset=\"utf-8\"><\/script><\/p>\n<blockquote class=\"twitter-tweet\" data-width=\"550\" data-dnt=\"true\">\n<p lang=\"de\" dir=\"ltr\">&quot;<a href=\"https:\/\/twitter.com\/hashtag\/Screenrecording?src=hash&amp;ref_src=twsrc%5Etfw\">#Screenrecording<\/a> mit <a href=\"https:\/\/twitter.com\/hashtag\/Camtasia?src=hash&amp;ref_src=twsrc%5Etfw\">#Camtasia<\/a> und <a href=\"https:\/\/twitter.com\/hashtag\/OpenBroadcaster?src=hash&amp;ref_src=twsrc%5Etfw\">#OpenBroadcaster<\/a> Software f\u00fcr Einsteiger*innen&quot; <a href=\"https:\/\/t.co\/KLMmPaTwiP\">https:\/\/t.co\/KLMmPaTwiP<\/a> <a href=\"https:\/\/twitter.com\/hashtag\/podcampus?src=hash&amp;ref_src=twsrc%5Etfw\">#podcampus<\/a><\/p>\n<p>&mdash; viola vo\u00df (@v_i_o_l_a) <a href=\"https:\/\/twitter.com\/v_i_o_l_a\/status\/1309397280013811712?ref_src=twsrc%5Etfw\">September 25, 2020<\/a><\/p><\/blockquote>\n<p><script async src=\"https:\/\/platform.twitter.com\/widgets.js\" charset=\"utf-8\"><\/script><\/p>\n<blockquote class=\"twitter-tweet\" data-width=\"550\" data-dnt=\"true\">\n<p lang=\"de\" dir=\"ltr\">&quot;N\u00fctzliche kleine Helfer-Tools bei der Gestaltung digitaler Bildungsmaterialien&quot; <a href=\"https:\/\/t.co\/4biFAfoSQ3\">https:\/\/t.co\/4biFAfoSQ3<\/a> <a href=\"https:\/\/twitter.com\/hashtag\/Bildbearbeitung?src=hash&amp;ref_src=twsrc%5Etfw\">#Bildbearbeitung<\/a> <a href=\"https:\/\/twitter.com\/hashtag\/Screencast?src=hash&amp;ref_src=twsrc%5Etfw\">#Screencast<\/a> <a href=\"https:\/\/twitter.com\/hashtag\/Zeichentools?src=hash&amp;ref_src=twsrc%5Etfw\">#Zeichentools<\/a> <a href=\"https:\/\/twitter.com\/hashtag\/QRCodes?src=hash&amp;ref_src=twsrc%5Etfw\">#QRCodes<\/a> <a href=\"https:\/\/twitter.com\/hashtag\/Kurzlinks?src=hash&amp;ref_src=twsrc%5Etfw\">#Kurzlinks<\/a> <a href=\"https:\/\/twitter.com\/hashtag\/podcampus?src=hash&amp;ref_src=twsrc%5Etfw\">#podcampus<\/a><\/p>\n<p>&mdash; viola vo\u00df (@v_i_o_l_a) <a href=\"https:\/\/twitter.com\/v_i_o_l_a\/status\/1309397964427874304?ref_src=twsrc%5Etfw\">September 25, 2020<\/a><\/p><\/blockquote>\n<p><script async src=\"https:\/\/platform.twitter.com\/widgets.js\" charset=\"utf-8\"><\/script><\/p>\n<blockquote class=\"twitter-tweet\" data-width=\"550\" data-dnt=\"true\">\n<p lang=\"de\" dir=\"ltr\">folien mit links zu den <a href=\"https:\/\/twitter.com\/hashtag\/tools?src=hash&amp;ref_src=twsrc%5Etfw\">#tools<\/a>: <a href=\"https:\/\/t.co\/xut31QapIq\">https:\/\/t.co\/xut31QapIq<\/a><\/p>\n<p>&mdash; viola vo\u00df (@v_i_o_l_a) <a href=\"https:\/\/twitter.com\/v_i_o_l_a\/status\/1309398303784792065?ref_src=twsrc%5Etfw\">September 25, 2020<\/a><\/p><\/blockquote>\n<p><script async src=\"https:\/\/platform.twitter.com\/widgets.js\" charset=\"utf-8\"><\/script><br \/>\nhttps:\/\/twitter.com\/v_i_o_l_a\/status\/1309404808961576961<\/p>\n<blockquote class=\"twitter-tweet\" data-width=\"550\" data-dnt=\"true\">\n<p lang=\"de\" dir=\"ltr\">Wie Twitter hie\u00dfe, wenn der \u201eVerein Deutsche Sprache\u201c das Sagen h\u00e4tte. <a href=\"https:\/\/t.co\/eguvcxJ1Rl\">pic.twitter.com\/eguvcxJ1Rl<\/a><\/p>\n<p>&mdash; fazmagazin (@fazmagazin) <a href=\"https:\/\/twitter.com\/fazmagazin\/status\/1307955664082399232?ref_src=twsrc%5Etfw\">September 21, 2020<\/a><\/p><\/blockquote>\n<p><script async src=\"https:\/\/platform.twitter.com\/widgets.js\" charset=\"utf-8\"><\/script><\/p>\n<blockquote class=\"twitter-tweet\" data-width=\"550\" data-dnt=\"true\">\n<p lang=\"en\" dir=\"ltr\">&quot;linguistweets: the first international <a href=\"https:\/\/twitter.com\/hashtag\/twitter?src=hash&amp;ref_src=twsrc%5Etfw\">#twitter<\/a> <a href=\"https:\/\/twitter.com\/hashtag\/conference?src=hash&amp;ref_src=twsrc%5Etfw\">#conference<\/a> on <a href=\"https:\/\/twitter.com\/hashtag\/linguistics?src=hash&amp;ref_src=twsrc%5Etfw\">#linguistics<\/a>&quot; <a href=\"https:\/\/t.co\/Nv0lZOMLN1\">https:\/\/t.co\/Nv0lZOMLN1<\/a> + <a href=\"https:\/\/t.co\/RRMNNKIssi\">https:\/\/t.co\/RRMNNKIssi<\/a> <a href=\"https:\/\/twitter.com\/hashtag\/linguistweets?src=hash&amp;ref_src=twsrc%5Etfw\">#linguistweets<\/a><\/p>\n<p>&mdash; ULB_MS_FachInfo (@ULB_MS_FachInfo) <a href=\"https:\/\/twitter.com\/ULB_MS_FachInfo\/status\/1309399256629997570?ref_src=twsrc%5Etfw\">September 25, 2020<\/a><\/p><\/blockquote>\n<p><script async src=\"https:\/\/platform.twitter.com\/widgets.js\" charset=\"utf-8\"><\/script><\/p>\n<blockquote class=\"twitter-tweet\" data-width=\"550\" data-dnt=\"true\">\n<p lang=\"de\" dir=\"ltr\">Podcasts zu Federico Fellini <a href=\"https:\/\/t.co\/eI4OrVVfnR\">https:\/\/t.co\/eI4OrVVfnR<\/a><\/p>\n<p>&mdash; ULB_MS_FachInfo (@ULB_MS_FachInfo) <a href=\"https:\/\/twitter.com\/ULB_MS_FachInfo\/status\/1309390551083552774?ref_src=twsrc%5Etfw\">September 25, 2020<\/a><\/p><\/blockquote>\n<p><script async src=\"https:\/\/platform.twitter.com\/widgets.js\" charset=\"utf-8\"><\/script><\/p>\n<blockquote class=\"twitter-tweet\" data-width=\"550\" data-dnt=\"true\">\n<p lang=\"de\" dir=\"ltr\">Deutschlandfunk: \u201eDer Legendenseher \u2014 Erinnerungen an Sergei Paradschanow\u201c <a href=\"https:\/\/t.co\/72U2C3Os9J\">https:\/\/t.co\/72U2C3Os9J<\/a><\/p>\n<p>&mdash; ULB_MS_FachInfo (@ULB_MS_FachInfo) <a href=\"https:\/\/twitter.com\/ULB_MS_FachInfo\/status\/1309390549263290370?ref_src=twsrc%5Etfw\">September 25, 2020<\/a><\/p><\/blockquote>\n<p><script async src=\"https:\/\/platform.twitter.com\/widgets.js\" charset=\"utf-8\"><\/script><\/p>\n<blockquote class=\"twitter-tweet\" data-width=\"550\" data-dnt=\"true\">\n<p lang=\"de\" dir=\"ltr\">F\u00e4cher, Papierb\u00fchnen, Textilhandschriften &amp; schlecht gemachte B\u00fccher. Die schiere Vielfalt beschrifteter Artefakte in einer Vortragsreihe &#8211; eine Kooperation mit <a href=\"https:\/\/twitter.com\/EXC2020?ref_src=twsrc%5Etfw\">@EXC2020<\/a>, <a href=\"https:\/\/twitter.com\/FU_Berlin?ref_src=twsrc%5Etfw\">@FU_Berlin<\/a>, <a href=\"https:\/\/twitter.com\/HumboldtUni?ref_src=twsrc%5Etfw\">@HumboldtUni<\/a> &amp; <a href=\"https:\/\/twitter.com\/uni_copenhagen?ref_src=twsrc%5Etfw\">@uni_copenhagen<\/a> <a href=\"https:\/\/t.co\/4wkNeyBd9G\">https:\/\/t.co\/4wkNeyBd9G<\/a><\/p>\n<p>&mdash; Staatsbibliothek zu Berlin (@stabiberlin) <a href=\"https:\/\/twitter.com\/stabiberlin\/status\/1309386559616155648?ref_src=twsrc%5Etfw\">September 25, 2020<\/a><\/p><\/blockquote>\n<p><script async src=\"https:\/\/platform.twitter.com\/widgets.js\" charset=\"utf-8\"><\/script><\/p>\n<blockquote class=\"twitter-tweet\" data-width=\"550\" data-dnt=\"true\">\n<p lang=\"de\" dir=\"ltr\">M\u00fcnster,  jetzt. Moin! <a href=\"https:\/\/t.co\/K0Fr34krFG\">pic.twitter.com\/K0Fr34krFG<\/a><\/p>\n<p>&mdash; Moritz Ba\u00dfler (@ba_moritz) <a href=\"https:\/\/twitter.com\/ba_moritz\/status\/1309388932543643650?ref_src=twsrc%5Etfw\">September 25, 2020<\/a><\/p><\/blockquote>\n<p><script async src=\"https:\/\/platform.twitter.com\/widgets.js\" charset=\"utf-8\"><\/script><br \/>\nhttps:\/\/twitter.com\/v_i_o_l_a\/status\/1309406743139672065<br \/>\nhttps:\/\/twitter.com\/v_i_o_l_a\/status\/1309407292656320513<br \/>\nhttps:\/\/twitter.com\/v_i_o_l_a\/status\/1309407876323082246<\/p>\n<blockquote class=\"twitter-tweet\" data-width=\"550\" data-dnt=\"true\">\n<p lang=\"de\" dir=\"ltr\">Wie sch\u00f6n: Das <a href=\"https:\/\/twitter.com\/hashtag\/GoogleDoodle?src=hash&amp;ref_src=twsrc%5Etfw\">#GoogleDoodle<\/a> ehrt heute die wunderbare <a href=\"https:\/\/twitter.com\/hashtag\/Dichterin?src=hash&amp;ref_src=twsrc%5Etfw\">#Dichterin<\/a> <a href=\"https:\/\/twitter.com\/hashtag\/MaschaKal%C3%A9ko?src=hash&amp;ref_src=twsrc%5Etfw\">#MaschaKal\u00e9ko<\/a>, die 1907 im galizischen <a href=\"https:\/\/twitter.com\/hashtag\/Chrzan%C3%B3w?src=hash&amp;ref_src=twsrc%5Etfw\">#Chrzan\u00f3w<\/a> geboren wird. <a href=\"https:\/\/twitter.com\/hashtag\/Literatur?src=hash&amp;ref_src=twsrc%5Etfw\">#Literatur<\/a> von und zu <a href=\"https:\/\/twitter.com\/hashtag\/Kal%C3%A9ko?src=hash&amp;ref_src=twsrc%5Etfw\">#Kal\u00e9ko<\/a> l\u00e4sst sich beispielsweise in den Datenbanken auf <a href=\"https:\/\/t.co\/63rcZYlA3R\">https:\/\/t.co\/63rcZYlA3R<\/a> oder <a href=\"https:\/\/t.co\/4HHmktIRdh\">https:\/\/t.co\/4HHmktIRdh<\/a> recherchieren. <a href=\"https:\/\/t.co\/Ufyoq1jjeG\">pic.twitter.com\/Ufyoq1jjeG<\/a><\/p>\n<p>&mdash; Copernico (@CopernicoEu) <a href=\"https:\/\/twitter.com\/CopernicoEu\/status\/1306130539871576064?ref_src=twsrc%5Etfw\">September 16, 2020<\/a><\/p><\/blockquote>\n<p><script async src=\"https:\/\/platform.twitter.com\/widgets.js\" charset=\"utf-8\"><\/script><\/p>\n<blockquote class=\"twitter-tweet\" data-width=\"550\" data-dnt=\"true\">\n<p lang=\"en\" dir=\"ltr\">16% of librarians don&#39;t like ebooks because you can&#39;t throw them at someone when you&#39;re angry<\/p>\n<p>&mdash; Fake Library Statistics (@FakeLibStats) <a href=\"https:\/\/twitter.com\/FakeLibStats\/status\/1309450906908463109?ref_src=twsrc%5Etfw\">September 25, 2020<\/a><\/p><\/blockquote>\n<p><script async src=\"https:\/\/platform.twitter.com\/widgets.js\" charset=\"utf-8\"><\/script><\/p>\n<blockquote class=\"twitter-tweet\" data-width=\"550\" data-dnt=\"true\">\n<p lang=\"de\" dir=\"ltr\">Wo stehen wir nach 30 Jahren <a href=\"https:\/\/twitter.com\/hashtag\/Wiedervereinigung?src=hash&amp;ref_src=twsrc%5Etfw\">#Wiedervereinigung<\/a>? Dieser Frage geht Prof. Detlef Pollack, Religionssoziologe und stellvertretender Sprecher des Exzellenzclusters <a href=\"https:\/\/twitter.com\/religionpolitik?ref_src=twsrc%5Etfw\">@religionpolitik<\/a> im neuen WWU-Cast nach. Spannend! <a href=\"https:\/\/t.co\/kVKujYYUaE\">https:\/\/t.co\/kVKujYYUaE<\/a> <a href=\"https:\/\/t.co\/P8VNLHk7q4\">pic.twitter.com\/P8VNLHk7q4<\/a><\/p>\n<p>&mdash; Universit\u00e4t M\u00fcnster (@uni_muenster) <a href=\"https:\/\/twitter.com\/uni_muenster\/status\/1309444008448593920?ref_src=twsrc%5Etfw\">September 25, 2020<\/a><\/p><\/blockquote>\n<p><script async src=\"https:\/\/platform.twitter.com\/widgets.js\" charset=\"utf-8\"><\/script><\/p>\n<blockquote class=\"twitter-tweet\" data-width=\"550\" data-dnt=\"true\">\n<p lang=\"de\" dir=\"ltr\">Gute Idee eigentlich! Vielleicht sollten wir das auch mal versuchen? <a href=\"https:\/\/t.co\/1izR7aakJ9\">https:\/\/t.co\/1izR7aakJ9<\/a><\/p>\n<p>&mdash; Reclam Verlag (@ReclamVerlag) <a href=\"https:\/\/twitter.com\/ReclamVerlag\/status\/1309433470637219840?ref_src=twsrc%5Etfw\">September 25, 2020<\/a><\/p><\/blockquote>\n<p><script async src=\"https:\/\/platform.twitter.com\/widgets.js\" charset=\"utf-8\"><\/script><\/p>\n<blockquote class=\"twitter-tweet\" data-width=\"550\" data-dnt=\"true\">\n<p lang=\"de\" dir=\"ltr\">&quot;Ich bin mir sicher, dass mein Unterricht im Normalbetrieb nie mehr so sein wird, wie er vor den Corona-Semestern war.&quot; <a href=\"https:\/\/twitter.com\/hashtag\/blogpost?src=hash&amp;ref_src=twsrc%5Etfw\">#blogpost<\/a> <a href=\"https:\/\/t.co\/3WWugxWjtK\">https:\/\/t.co\/3WWugxWjtK<\/a><\/p>\n<p>&mdash; jhermes (@spinfocl) <a href=\"https:\/\/twitter.com\/spinfocl\/status\/1309431018949160962?ref_src=twsrc%5Etfw\">September 25, 2020<\/a><\/p><\/blockquote>\n<p><script async src=\"https:\/\/platform.twitter.com\/widgets.js\" charset=\"utf-8\"><\/script><\/p>\n<blockquote class=\"twitter-tweet\" data-width=\"550\" data-dnt=\"true\">\n<p lang=\"de\" dir=\"ltr\">Wer sich das ausgedacht hat, hat keine Katze daheim. <a href=\"https:\/\/t.co\/yY2WdI7uTc\">https:\/\/t.co\/yY2WdI7uTc<\/a><\/p>\n<p>&mdash; Mike Zeitz (@mimimibe) <a href=\"https:\/\/twitter.com\/mimimibe\/status\/1309424189623996417?ref_src=twsrc%5Etfw\">September 25, 2020<\/a><\/p><\/blockquote>\n<p><script async src=\"https:\/\/platform.twitter.com\/widgets.js\" charset=\"utf-8\"><\/script><\/p>\n<blockquote class=\"twitter-tweet\" data-width=\"550\" data-dnt=\"true\">\n<p lang=\"en\" dir=\"ltr\">Never quite being sure exactly how to \u201cbe careful out there in this wind\u201d<\/p>\n<p>&mdash; VeryBritishProblems (@SoVeryBritish) <a href=\"https:\/\/twitter.com\/SoVeryBritish\/status\/1309420959196237824?ref_src=twsrc%5Etfw\">September 25, 2020<\/a><\/p><\/blockquote>\n<p><script async src=\"https:\/\/platform.twitter.com\/widgets.js\" charset=\"utf-8\"><\/script><\/p>\n<blockquote class=\"twitter-tweet\" data-width=\"550\" data-dnt=\"true\">\n<p lang=\"de\" dir=\"ltr\">falls jemand am thema interessiertes italienisch versteht [weil titel zwar englisch, artikel aber italienisch]: &quot;Birth and Development of Data Librarianship&quot; <a href=\"https:\/\/t.co\/zJGfEd10D8\">https:\/\/t.co\/zJGfEd10D8<\/a><\/p>\n<p>&mdash; viola vo\u00df (@v_i_o_l_a) <a href=\"https:\/\/twitter.com\/v_i_o_l_a\/status\/1309461007421628416?ref_src=twsrc%5Etfw\">September 25, 2020<\/a><\/p><\/blockquote>\n<p><script async src=\"https:\/\/platform.twitter.com\/widgets.js\" charset=\"utf-8\"><\/script><\/p>\n<blockquote class=\"twitter-tweet\" data-width=\"550\" data-dnt=\"true\">\n<p lang=\"en\" dir=\"ltr\">&quot;Librarians &gt; Zuck&quot; <a href=\"https:\/\/t.co\/0JGeScYs3y\">https:\/\/t.co\/0JGeScYs3y<\/a> <a href=\"https:\/\/twitter.com\/hashtag\/indexed?src=hash&amp;ref_src=twsrc%5Etfw\">#indexed<\/a><\/p>\n<p>&mdash; viola vo\u00df (@v_i_o_l_a) <a href=\"https:\/\/twitter.com\/v_i_o_l_a\/status\/1309462216513646595?ref_src=twsrc%5Etfw\">September 25, 2020<\/a><\/p><\/blockquote>\n<p><script async src=\"https:\/\/platform.twitter.com\/widgets.js\" charset=\"utf-8\"><\/script><\/p>\n<blockquote class=\"twitter-tweet\" data-width=\"550\" data-dnt=\"true\">\n<p lang=\"de\" dir=\"ltr\">eine werbespot f\u00fcr eine fluglinie, aber sch\u00f6n gemacht: &quot;SAS \u2013 What is truly Scandinavian?&quot; <a href=\"https:\/\/t.co\/RHtwRWEt91\">https:\/\/t.co\/RHtwRWEt91<\/a> <a href=\"https:\/\/twitter.com\/hashtag\/scandinavia?src=hash&amp;ref_src=twsrc%5Etfw\">#scandinavia<\/a> <a href=\"https:\/\/twitter.com\/hashtag\/andtherestoftheworld?src=hash&amp;ref_src=twsrc%5Etfw\">#andtherestoftheworld<\/a><\/p>\n<p>&mdash; viola vo\u00df (@v_i_o_l_a) <a href=\"https:\/\/twitter.com\/v_i_o_l_a\/status\/1309464936066813954?ref_src=twsrc%5Etfw\">September 25, 2020<\/a><\/p><\/blockquote>\n<p><script async src=\"https:\/\/platform.twitter.com\/widgets.js\" charset=\"utf-8\"><\/script><\/p>\n<blockquote class=\"twitter-tweet\" data-width=\"550\" data-dnt=\"true\">\n<p lang=\"de\" dir=\"ltr\">Das muss diese Jugend sein, die nur auf Party aus ist, keine Masken tr\u00e4gt, keinen Abstand einh\u00e4lt und denen Zukunft und Gesellschaft egal sind. Oh, wait &#8230; <a href=\"https:\/\/t.co\/QHOxb15EaJ\">pic.twitter.com\/QHOxb15EaJ<\/a><\/p>\n<p>&mdash; J\u00f6ran Muu\u00df-Merholz (@joeranDE) <a href=\"https:\/\/twitter.com\/joeranDE\/status\/1309473091827924994?ref_src=twsrc%5Etfw\">September 25, 2020<\/a><\/p><\/blockquote>\n<p><script async src=\"https:\/\/platform.twitter.com\/widgets.js\" charset=\"utf-8\"><\/script><\/p>\n<blockquote class=\"twitter-tweet\" data-width=\"550\" data-dnt=\"true\">\n<p lang=\"de\" dir=\"ltr\"><a href=\"https:\/\/twitter.com\/hashtag\/fachreferatsfreitag?src=hash&amp;ref_src=twsrc%5Etfw\">#fachreferatsfreitag<\/a>: in dieser woche gabs 2 tage &quot;schnittstellen-fortbildung&quot; auf einer interessanten tagung im &quot;virtuellen z\u00fcrich&quot; zu den themenfeldern <a href=\"https:\/\/twitter.com\/hashtag\/openaccess?src=hash&amp;ref_src=twsrc%5Etfw\">#openaccess<\/a>, <a href=\"https:\/\/twitter.com\/hashtag\/openscience?src=hash&amp;ref_src=twsrc%5Etfw\">#openscience<\/a>, <a href=\"https:\/\/twitter.com\/hashtag\/digitalhumanities?src=hash&amp;ref_src=twsrc%5Etfw\">#digitalhumanities<\/a> \u2013 und was bibliotheken damit zu tun haben (k\u00f6nnen). \ud83d\ude42 (<a href=\"https:\/\/t.co\/MffzrIVwYD\">https:\/\/t.co\/MffzrIVwYD<\/a>)<\/p>\n<p>&mdash; viola vo\u00df (@v_i_o_l_a) <a href=\"https:\/\/twitter.com\/v_i_o_l_a\/status\/1309490943582711810?ref_src=twsrc%5Etfw\">September 25, 2020<\/a><\/p><\/blockquote>\n<p><script async src=\"https:\/\/platform.twitter.com\/widgets.js\" charset=\"utf-8\"><\/script><\/p>\n<blockquote class=\"twitter-tweet\" data-width=\"550\" data-dnt=\"true\">\n<p lang=\"de\" dir=\"ltr\">meine &quot;mitschrift&quot; zu tag 1: <a href=\"https:\/\/t.co\/AokjcXiaqj\">https:\/\/t.co\/AokjcXiaqj<\/a> und zu tag 2: <a href=\"https:\/\/t.co\/7nwcssTclV\">https:\/\/t.co\/7nwcssTclV<\/a><\/p>\n<p>&mdash; viola vo\u00df (@v_i_o_l_a) <a href=\"https:\/\/twitter.com\/v_i_o_l_a\/status\/1309491024717385731?ref_src=twsrc%5Etfw\">September 25, 2020<\/a><\/p><\/blockquote>\n<p><script async src=\"https:\/\/platform.twitter.com\/widgets.js\" charset=\"utf-8\"><\/script><\/p>\n<blockquote class=\"twitter-tweet\" data-width=\"550\" data-dnt=\"true\">\n<p lang=\"de\" dir=\"ltr\">au\u00dferdem ist der entwurf f\u00fcr den letzte woche erw\u00e4hnten (<a href=\"https:\/\/t.co\/Bn1oJWeYK6\">https:\/\/t.co\/Bn1oJWeYK6<\/a>) erweiterungsvorschlag f\u00fcr die RVK um den bereich niederdeutsch-didaktik fertiggeworden.<\/p>\n<p>&mdash; viola vo\u00df (@v_i_o_l_a) <a href=\"https:\/\/twitter.com\/v_i_o_l_a\/status\/1309491167361470465?ref_src=twsrc%5Etfw\">September 25, 2020<\/a><\/p><\/blockquote>\n<p><script async src=\"https:\/\/platform.twitter.com\/widgets.js\" charset=\"utf-8\"><\/script><\/p>\n<blockquote class=\"twitter-tweet\" data-width=\"550\" data-dnt=\"true\">\n<p lang=\"de\" dir=\"ltr\">der letzte schritt war die sammlung sogenannter registerbegriffe auf basis der GND (<a href=\"https:\/\/t.co\/XWJBa23Z8r\">https:\/\/t.co\/XWJBa23Z8r<\/a>), also quasi die verschlagwortung der klassen. so vermischen sich einzelnen t\u00e4tigkeiten im <a href=\"https:\/\/twitter.com\/hashtag\/fachreferat?src=hash&amp;ref_src=twsrc%5Etfw\">#fachreferat<\/a> manchmal munter miteinander. \ud83d\ude42<\/p>\n<p>&mdash; viola vo\u00df (@v_i_o_l_a) <a href=\"https:\/\/twitter.com\/v_i_o_l_a\/status\/1309491480298487811?ref_src=twsrc%5Etfw\">September 25, 2020<\/a><\/p><\/blockquote>\n<p><script async src=\"https:\/\/platform.twitter.com\/widgets.js\" charset=\"utf-8\"><\/script><\/p>\n<blockquote class=\"twitter-tweet\" data-width=\"550\" data-dnt=\"true\">\n<p lang=\"de\" dir=\"ltr\">an der schnittstelle zwischen <a href=\"https:\/\/twitter.com\/hashtag\/fachreferat?src=hash&amp;ref_src=twsrc%5Etfw\">#fachreferat<\/a> und betreuung dezentraler bibliotheken, bereich <a href=\"https:\/\/twitter.com\/hashtag\/bestandsmanagement?src=hash&amp;ref_src=twsrc%5Etfw\">#bestandsmanagement<\/a>, war \u00fcber dubletten zu entscheiden (<a href=\"https:\/\/t.co\/BmqyzhCrW1\">https:\/\/t.co\/BmqyzhCrW1<\/a>) und \u00fcber RVK-notationen f\u00fcr sprachwissenschaftliche neuerwerbungen (<a href=\"https:\/\/t.co\/ZRyYo4Q6Gm\">https:\/\/t.co\/ZRyYo4Q6Gm<\/a>).<\/p>\n<p>&mdash; viola vo\u00df (@v_i_o_l_a) <a href=\"https:\/\/twitter.com\/v_i_o_l_a\/status\/1309491730090266627?ref_src=twsrc%5Etfw\">September 25, 2020<\/a><\/p><\/blockquote>\n<p><script async src=\"https:\/\/platform.twitter.com\/widgets.js\" charset=\"utf-8\"><\/script><\/p>\n<blockquote class=\"twitter-tweet\" data-width=\"550\" data-dnt=\"true\">\n<p lang=\"de\" dir=\"ltr\">und nebenher gabs noch die \u00fcbliche &quot;normale&quot; erwerbung &amp; verschlagwortung, und, weil bald der n\u00e4chste monat anf\u00e4ngt, das posts-&quot;vorschreiben&quot; f\u00fcr unser FachBlog (<a href=\"https:\/\/t.co\/ppAKRT2ena\">https:\/\/t.co\/ppAKRT2ena<\/a> <a href=\"https:\/\/twitter.com\/ULB_MS_FachInfo?ref_src=twsrc%5Etfw\">@ULB_MS_FachInfo<\/a>) f\u00fcr anglistik, germanistik, nordistik und slavistik. <a href=\"https:\/\/twitter.com\/hashtag\/fachreferat?src=hash&amp;ref_src=twsrc%5Etfw\">#fachreferat<\/a> <a href=\"https:\/\/twitter.com\/hashtag\/biballtag?src=hash&amp;ref_src=twsrc%5Etfw\">#biballtag<\/a><\/p>\n<p>&mdash; viola vo\u00df (@v_i_o_l_a) <a href=\"https:\/\/twitter.com\/v_i_o_l_a\/status\/1309492687993794560?ref_src=twsrc%5Etfw\">September 25, 2020<\/a><\/p><\/blockquote>\n<p><script async src=\"https:\/\/platform.twitter.com\/widgets.js\" charset=\"utf-8\"><\/script><\/p>\n<blockquote class=\"twitter-tweet\" data-width=\"550\" data-dnt=\"true\">\n<p lang=\"de\" dir=\"ltr\">Deutschen ist Gendern zu aufw\u00e4ndig, haben aber kein Problem damit in jeden zweiten Satz noch ein ironisches \u201e&#8230;oder hei\u00dft das jetzt -innen haha\u201c zu packe.<\/p>\n<p>&mdash; E L   H O T Z O (@elhotzo) <a href=\"https:\/\/twitter.com\/elhotzo\/status\/1309225597722415104?ref_src=twsrc%5Etfw\">September 24, 2020<\/a><\/p><\/blockquote>\n<p><script async src=\"https:\/\/platform.twitter.com\/widgets.js\" charset=\"utf-8\"><\/script><\/p>\n<blockquote class=\"twitter-tweet\" data-width=\"550\" data-dnt=\"true\">\n<p lang=\"zxx\" dir=\"ltr\"><a href=\"https:\/\/t.co\/6RQQae2cg6\">pic.twitter.com\/6RQQae2cg6<\/a><\/p>\n<p>&mdash; Science Diagrams that Look Like Shitposts (@scienceshitpost) <a href=\"https:\/\/twitter.com\/scienceshitpost\/status\/1221194296516173824?ref_src=twsrc%5Etfw\">January 25, 2020<\/a><\/p><\/blockquote>\n<p><script async src=\"https:\/\/platform.twitter.com\/widgets.js\" charset=\"utf-8\"><\/script><\/p>\n<blockquote class=\"twitter-tweet\" data-width=\"550\" data-dnt=\"true\">\n<p lang=\"de\" dir=\"ltr\">Neuerwerbung f\u00fcrs B\u00fcro <a href=\"https:\/\/t.co\/IyJIKWz4oP\">pic.twitter.com\/IyJIKWz4oP<\/a><\/p>\n<p>&mdash; Monika Bargmann (@librarymistress) <a href=\"https:\/\/twitter.com\/librarymistress\/status\/1309532466584182784?ref_src=twsrc%5Etfw\">September 25, 2020<\/a><\/p><\/blockquote>\n<p><script async src=\"https:\/\/platform.twitter.com\/widgets.js\" charset=\"utf-8\"><\/script><\/p>\n<blockquote class=\"twitter-tweet\" data-width=\"550\" data-dnt=\"true\">\n<p lang=\"en\" dir=\"ltr\">New CCQ article: &quot;Luck is What Happens When Preparation Meets Opportunity: Building Israel\u2019s Multilingual, Multiscript Authority Database&quot; by Ahava Cohen <a href=\"https:\/\/twitter.com\/AhavaCohen?ref_src=twsrc%5Etfw\">@AhavaCohen<\/a> of <a href=\"https:\/\/twitter.com\/NLIsrael?ref_src=twsrc%5Etfw\">@NLIsrael<\/a> <a href=\"https:\/\/t.co\/arZFi3eKEP\">https:\/\/t.co\/arZFi3eKEP<\/a> <a href=\"https:\/\/twitter.com\/hashtag\/cataloging?src=hash&amp;ref_src=twsrc%5Etfw\">#cataloging<\/a> <a href=\"https:\/\/twitter.com\/hashtag\/cataloguing?src=hash&amp;ref_src=twsrc%5Etfw\">#cataloguing<\/a> <a href=\"https:\/\/twitter.com\/hashtag\/AuthorityControl?src=hash&amp;ref_src=twsrc%5Etfw\">#AuthorityControl<\/a><\/p>\n<p>&mdash; Cataloging &amp; Classification Quarterly (@CCQjournal) <a href=\"https:\/\/twitter.com\/CCQjournal\/status\/1309521868236427267?ref_src=twsrc%5Etfw\">September 25, 2020<\/a><\/p><\/blockquote>\n<p><script async src=\"https:\/\/platform.twitter.com\/widgets.js\" charset=\"utf-8\"><\/script><\/p>\n<blockquote class=\"twitter-tweet\" data-width=\"550\" data-dnt=\"true\">\n<p lang=\"zxx\" dir=\"ltr\"><a href=\"https:\/\/t.co\/FuwzXzZVll\">pic.twitter.com\/FuwzXzZVll<\/a><\/p>\n<p>&mdash; Hauck &amp; Bauer (@hauckundbauer) <a href=\"https:\/\/twitter.com\/hauckundbauer\/status\/1309525105631014913?ref_src=twsrc%5Etfw\">September 25, 2020<\/a><\/p><\/blockquote>\n<p><script async src=\"https:\/\/platform.twitter.com\/widgets.js\" charset=\"utf-8\"><\/script><br \/>\nhttps:\/\/twitter.com\/v_i_o_l_a\/status\/1309554600370991105<\/p>\n<blockquote class=\"twitter-tweet\" data-width=\"550\" data-dnt=\"true\">\n<p lang=\"de\" dir=\"ltr\">Am 27. 9. findet die <a href=\"https:\/\/twitter.com\/hashtag\/Stichwahl?src=hash&amp;ref_src=twsrc%5Etfw\">#Stichwahl<\/a> zum <a href=\"https:\/\/twitter.com\/hashtag\/Oberb%C3%BCrgermeister?src=hash&amp;ref_src=twsrc%5Etfw\">#Oberb\u00fcrgermeister<\/a> statt. Die Wahllokale sind von 8 &#8211; 18 Uhr ge\u00f6ffnet. Ohne Wahlbenachrichtigungskarte kann mit g\u00fcltigem Personalausweis gew\u00e4hlt werden. Das Hauptwahlb\u00fcro hat inzwischen geschlossen.<br \/>Wahllokalsuche \u27a1\ufe0f<a href=\"https:\/\/t.co\/vNXLwWquRb\">https:\/\/t.co\/vNXLwWquRb<\/a> <a href=\"https:\/\/t.co\/ZKDWX8wlBX\">pic.twitter.com\/ZKDWX8wlBX<\/a><\/p>\n<p>&mdash; Stadt M\u00fcnster (@muenster_de) <a href=\"https:\/\/twitter.com\/muenster_de\/status\/1309523564329152513?ref_src=twsrc%5Etfw\">September 25, 2020<\/a><\/p><\/blockquote>\n<p><script async src=\"https:\/\/platform.twitter.com\/widgets.js\" charset=\"utf-8\"><\/script><\/p>\n<blockquote class=\"twitter-tweet\" data-width=\"550\" data-dnt=\"true\">\n<p lang=\"en\" dir=\"ltr\">&quot;Ten Simple Rules for Reviewers&quot;  <a href=\"https:\/\/t.co\/az12AA2BVf\">https:\/\/t.co\/az12AA2BVf<\/a><\/p>\n<p>&mdash; Fuzzy Leapfrog (@FuzzyLeapfrog) <a href=\"https:\/\/twitter.com\/FuzzyLeapfrog\/status\/1309519206589890566?ref_src=twsrc%5Etfw\">September 25, 2020<\/a><\/p><\/blockquote>\n<p><script async src=\"https:\/\/platform.twitter.com\/widgets.js\" charset=\"utf-8\"><\/script><\/p>\n<blockquote class=\"twitter-tweet\" data-width=\"550\" data-dnt=\"true\">\n<p lang=\"de\" dir=\"ltr\">Der Botanische Garten der WWU l\u00e4dt am 27. September zu einer \u00f6ffentlichen Herbstf\u00fchrung ein. Neben attraktiven Herbstpflanzen werden heimische und exotische Fr\u00fcchte gezeigt. Coronabedingt ist eine Anmeldung erforderlich. Teilnahmegeb\u00fchr: 5 \u20ac p\/P. <a href=\"https:\/\/t.co\/mFyRSiZv89\">https:\/\/t.co\/mFyRSiZv89<\/a><\/p>\n<p>&mdash; Universit\u00e4t M\u00fcnster (@uni_muenster) <a href=\"https:\/\/twitter.com\/uni_muenster\/status\/1309499334526984192?ref_src=twsrc%5Etfw\">September 25, 2020<\/a><\/p><\/blockquote>\n<p><script async src=\"https:\/\/platform.twitter.com\/widgets.js\" charset=\"utf-8\"><\/script><\/p>\n<blockquote class=\"twitter-tweet\" data-width=\"550\" data-dnt=\"true\">\n<p lang=\"en\" dir=\"ltr\">Head over to <a href=\"https:\/\/twitter.com\/PenguinUKBooks?ref_src=twsrc%5Etfw\">@PenguinUKBooks<\/a> to read a fascinating piece about the evolution of the Penguin logo, including the streamlined 2003 redesign by Pentagram&#39;s <a href=\"https:\/\/twitter.com\/AngusHyland?ref_src=twsrc%5Etfw\">@AngusHyland<\/a>: <a href=\"https:\/\/t.co\/Yf4bUKDJe5\">https:\/\/t.co\/Yf4bUKDJe5<\/a> <a href=\"https:\/\/t.co\/fHlyw2XWat\">pic.twitter.com\/fHlyw2XWat<\/a><\/p>\n<p>&mdash; Pentagram Design (@pentagram) <a href=\"https:\/\/twitter.com\/pentagram\/status\/1309466250842693634?ref_src=twsrc%5Etfw\">September 25, 2020<\/a><\/p><\/blockquote>\n<p><script async src=\"https:\/\/platform.twitter.com\/widgets.js\" charset=\"utf-8\"><\/script><\/p>\n<blockquote class=\"twitter-tweet\" data-width=\"550\" data-dnt=\"true\">\n<p lang=\"en\" dir=\"ltr\">Try saying \u201cgood for you\u201d without sounding sarcastic, bitter, jealous, annoyed or sad<\/p>\n<p>&mdash; VeryBritishProblems (@SoVeryBritish) <a href=\"https:\/\/twitter.com\/SoVeryBritish\/status\/1309470515455762433?ref_src=twsrc%5Etfw\">September 25, 2020<\/a><\/p><\/blockquote>\n<p><script async src=\"https:\/\/platform.twitter.com\/widgets.js\" charset=\"utf-8\"><\/script><\/p>\n<blockquote class=\"twitter-tweet\" data-width=\"550\" data-dnt=\"true\">\n<p lang=\"qme\" dir=\"ltr\"><a href=\"https:\/\/twitter.com\/hashtag\/writing?src=hash&amp;ref_src=twsrc%5Etfw\">#writing<\/a> <a href=\"https:\/\/twitter.com\/hashtag\/autumn?src=hash&amp;ref_src=twsrc%5Etfw\">#autumn<\/a><a href=\"https:\/\/t.co\/o7uHtMybsM\">https:\/\/t.co\/o7uHtMybsM<\/a> <a href=\"https:\/\/t.co\/ESsR9aa857\">pic.twitter.com\/ESsR9aa857<\/a><\/p>\n<p>&mdash; Tom Gauld (@tomgauld) <a href=\"https:\/\/twitter.com\/tomgauld\/status\/1309470086546235393?ref_src=twsrc%5Etfw\">September 25, 2020<\/a><\/p><\/blockquote>\n<p><script async src=\"https:\/\/platform.twitter.com\/widgets.js\" charset=\"utf-8\"><\/script><br \/>\nhttps:\/\/twitter.com\/v_i_o_l_a\/status\/1309565656040460288<\/p>\n<blockquote class=\"twitter-tweet\" data-width=\"550\" data-dnt=\"true\">\n<p lang=\"en\" dir=\"ltr\">realized 2020 is just NO NO <a href=\"https:\/\/t.co\/Oe87Kfuz8j\">pic.twitter.com\/Oe87Kfuz8j<\/a><\/p>\n<p>&mdash; arwen nicks (@arwenn) <a href=\"https:\/\/twitter.com\/arwenn\/status\/1309319386558205952?ref_src=twsrc%5Etfw\">September 25, 2020<\/a><\/p><\/blockquote>\n<p><script async src=\"https:\/\/platform.twitter.com\/widgets.js\" charset=\"utf-8\"><\/script><\/p>\n<blockquote class=\"twitter-tweet\" data-width=\"550\" data-dnt=\"true\">\n<p lang=\"de\" dir=\"ltr\">&#39;nacht allerseits, und sch\u00f6nes wochenende, trotz allem!<\/p>\n<p>&mdash; viola vo\u00df (@v_i_o_l_a) <a href=\"https:\/\/twitter.com\/v_i_o_l_a\/status\/1309591019583926273?ref_src=twsrc%5Etfw\">September 25, 2020<\/a><\/p><\/blockquote>\n<p><script async src=\"https:\/\/platform.twitter.com\/widgets.js\" charset=\"utf-8\"><\/script><\/p>\n","protected":false},"excerpt":{"rendered":"<p>&#39;morgen! &mdash; viola vo\u00df (@v_i_o_l_a) September 25, 2020 I&#39;m not saying things are inherently better in Canada but their Supreme Court dresses like Santa Clauses instead of executioners https:\/\/t.co\/o0wTBP2ARm &mdash; Ben Abrahamse (@babrahamse) September 25, 2020 Alexander Graham Bell thought phones should be answered with &quot;Ahoy, ahoy&quot;. &mdash; Quite Interesting (@qikipedia) September 25, 2020 https:\/\/twitter.com\/v_i_o_l_a\/status\/1309347971889324032 [&hellip;]<\/p>\n","protected":false},"author":1,"featured_media":0,"comment_status":"open","ping_status":"open","sticky":false,"template":"","format":"standard","meta":{"footnotes":""},"categories":[36],"tags":[],"class_list":["post-11721","post","type-post","status-publish","format-standard","hentry","category-twitter"],"_links":{"self":[{"href":"https:\/\/www.x-v-x.de\/blog\/index.php?rest_route=\/wp\/v2\/posts\/11721","targetHints":{"allow":["GET"]}}],"collection":[{"href":"https:\/\/www.x-v-x.de\/blog\/index.php?rest_route=\/wp\/v2\/posts"}],"about":[{"href":"https:\/\/www.x-v-x.de\/blog\/index.php?rest_route=\/wp\/v2\/types\/post"}],"author":[{"embeddable":true,"href":"https:\/\/www.x-v-x.de\/blog\/index.php?rest_route=\/wp\/v2\/users\/1"}],"replies":[{"embeddable":true,"href":"https:\/\/www.x-v-x.de\/blog\/index.php?rest_route=%2Fwp%2Fv2%2Fcomments&post=11721"}],"version-history":[{"count":0,"href":"https:\/\/www.x-v-x.de\/blog\/index.php?rest_route=\/wp\/v2\/posts\/11721\/revisions"}],"wp:attachment":[{"href":"https:\/\/www.x-v-x.de\/blog\/index.php?rest_route=%2Fwp%2Fv2%2Fmedia&parent=11721"}],"wp:term":[{"taxonomy":"category","embeddable":true,"href":"https:\/\/www.x-v-x.de\/blog\/index.php?rest_route=%2Fwp%2Fv2%2Fcategories&post=11721"},{"taxonomy":"post_tag","embeddable":true,"href":"https:\/\/www.x-v-x.de\/blog\/index.php?rest_route=%2Fwp%2Fv2%2Ftags&post=11721"}],"curies":[{"name":"wp","href":"https:\/\/api.w.org\/{rel}","templated":true}]}}