{"id":11725,"date":"2020-09-28T11:12:46","date_gmt":"2020-09-28T09:12:46","guid":{"rendered":"http:\/\/www.x-v-x.de\/blog\/?p=11725"},"modified":"2020-10-25T11:13:09","modified_gmt":"2020-10-25T10:13:09","slug":"tweets-2020-09-27","status":"publish","type":"post","link":"https:\/\/www.x-v-x.de\/blog\/?p=11725","title":{"rendered":"tweets | 2020-09-27"},"content":{"rendered":"<blockquote class=\"twitter-tweet\" data-width=\"550\" data-dnt=\"true\">\n<p lang=\"nl\" dir=\"ltr\">&#39;morgen!<\/p>\n<p>&mdash; viola vo\u00df (@v_i_o_l_a) <a href=\"https:\/\/twitter.com\/v_i_o_l_a\/status\/1310067088439074817?ref_src=twsrc%5Etfw\">September 27, 2020<\/a><\/p><\/blockquote>\n<p><script async src=\"https:\/\/platform.twitter.com\/widgets.js\" charset=\"utf-8\"><\/script><br \/>\nhttps:\/\/twitter.com\/v_i_o_l_a\/status\/1310067260304875520<\/p>\n<blockquote class=\"twitter-tweet\" data-width=\"550\" data-dnt=\"true\">\n<p lang=\"de\" dir=\"ltr\">Hat jemand auf dem <a href=\"https:\/\/twitter.com\/hashtag\/twittercampus?src=hash&amp;ref_src=twsrc%5Etfw\">#twittercampus<\/a> Erfahrungen mit dem Management von Anerkennung- und Anrechnungsprozessen von Leistungen \u00fcber <a href=\"https:\/\/twitter.com\/moodle?ref_src=twsrc%5Etfw\">@moodle<\/a>? Ich hab da so eine Idee und w\u00fcrde die gern vor der Einf\u00fchrung kritisch pr\u00fcfen.<\/p>\n<p>&mdash; Christoph Damm (@_christophdamm) <a href=\"https:\/\/twitter.com\/_christophdamm\/status\/1310075658245148673?ref_src=twsrc%5Etfw\">September 27, 2020<\/a><\/p><\/blockquote>\n<p><script async src=\"https:\/\/platform.twitter.com\/widgets.js\" charset=\"utf-8\"><\/script><\/p>\n<blockquote class=\"twitter-tweet\" data-width=\"550\" data-dnt=\"true\">\n<p lang=\"de\" dir=\"ltr\">Es ist jetzt 7 Uhr.<\/p>\n<p>&mdash; zurvollenstunde (@zurvollenstunde) <a href=\"https:\/\/twitter.com\/zurvollenstunde\/status\/1310081746944356352?ref_src=twsrc%5Etfw\">September 27, 2020<\/a><\/p><\/blockquote>\n<p><script async src=\"https:\/\/platform.twitter.com\/widgets.js\" charset=\"utf-8\"><\/script><br \/>\nhttps:\/\/twitter.com\/v_i_o_l_a\/status\/1310137425340047360<\/p>\n<blockquote class=\"twitter-tweet\" data-width=\"550\" data-dnt=\"true\">\n<p lang=\"de\" dir=\"ltr\">Markus <a href=\"https:\/\/twitter.com\/hashtag\/Gabriel?src=hash&amp;ref_src=twsrc%5Etfw\">#Gabriel<\/a> hat Angst vor Twitter, weil blo\u00df Simulation von Handlung, aber trotzdem verantwortlich f\u00fcr Trump-Pr\u00e4sidentschaft und deren \u201ewahnsinnige Ausw\u00fcchse\u201c. In \u2066<a href=\"https:\/\/twitter.com\/tazgezwitscher?ref_src=twsrc%5Etfw\">@tazgezwitscher<\/a>\u2069 <a href=\"https:\/\/t.co\/BcxuNsVwn0\">pic.twitter.com\/BcxuNsVwn0<\/a><\/p>\n<p>&mdash; jhermes (@spinfocl) <a href=\"https:\/\/twitter.com\/spinfocl\/status\/1310131080868040704?ref_src=twsrc%5Etfw\">September 27, 2020<\/a><\/p><\/blockquote>\n<p><script async src=\"https:\/\/platform.twitter.com\/widgets.js\" charset=\"utf-8\"><\/script><\/p>\n<blockquote class=\"twitter-tweet\" data-width=\"550\" data-dnt=\"true\">\n<p lang=\"en\" dir=\"ltr\">Why journals should insist on the raw data  <a href=\"https:\/\/t.co\/l1xqTAC8aJ\">https:\/\/t.co\/l1xqTAC8aJ<\/a><\/p>\n<p>&mdash; Oded Rechavi (@OdedRechavi) <a href=\"https:\/\/twitter.com\/OdedRechavi\/status\/1309726248613093376?ref_src=twsrc%5Etfw\">September 26, 2020<\/a><\/p><\/blockquote>\n<p><script async src=\"https:\/\/platform.twitter.com\/widgets.js\" charset=\"utf-8\"><\/script><\/p>\n<blockquote class=\"twitter-tweet\" data-width=\"550\" data-dnt=\"true\">\n<p lang=\"de\" dir=\"ltr\">Nein, ich glaube nicht, dass das ein Blitzschlag war. Die Baumh\u00e4lften waren nur an einem kleinen Abschnitt tief am Stamm zusammengewachsen und sind allein dort zerbrochen. Ein Blitzschlag h\u00e4tte die Krone besch\u00e4digt. Vermutlich war es eher normaler Schaden (zB Pilze) + Wind. <a href=\"https:\/\/t.co\/o5NMXwhHvF\">https:\/\/t.co\/o5NMXwhHvF<\/a><\/p>\n<p>&mdash; Mike Zeitz (@mimimibe) <a href=\"https:\/\/twitter.com\/mimimibe\/status\/1310111016651554816?ref_src=twsrc%5Etfw\">September 27, 2020<\/a><\/p><\/blockquote>\n<p><script async src=\"https:\/\/platform.twitter.com\/widgets.js\" charset=\"utf-8\"><\/script><\/p>\n<blockquote class=\"twitter-tweet\" data-width=\"550\" data-dnt=\"true\">\n<p lang=\"de\" dir=\"ltr\">Heute ist <a href=\"https:\/\/twitter.com\/hashtag\/Stichwahl?src=hash&amp;ref_src=twsrc%5Etfw\">#Stichwahl<\/a> zum <a href=\"https:\/\/twitter.com\/hashtag\/Oberb%C3%BCrgermeister?src=hash&amp;ref_src=twsrc%5Etfw\">#Oberb\u00fcrgermeister<\/a>. Die Wahllokale haben von 8 bis 18 Uhr ge\u00f6ffnet. Dann wird ausgez\u00e4hlt. Bei Verlust der Wahlbenachrichtigungskarte kann mit g\u00fcltigem Personalausweis gew\u00e4hlt werden.<br \/>Wahllokalsuche \u27a1\ufe0f <a href=\"https:\/\/t.co\/GKvvNVHFNr\">https:\/\/t.co\/GKvvNVHFNr<\/a> <a href=\"https:\/\/twitter.com\/hashtag\/m%C3%BCnster?src=hash&amp;ref_src=twsrc%5Etfw\">#m\u00fcnster<\/a> <a href=\"https:\/\/t.co\/b2bSMOXRGz\">pic.twitter.com\/b2bSMOXRGz<\/a><\/p>\n<p>&mdash; Stadt M\u00fcnster (@muenster_de) <a href=\"https:\/\/twitter.com\/muenster_de\/status\/1310096879217184768?ref_src=twsrc%5Etfw\">September 27, 2020<\/a><\/p><\/blockquote>\n<p><script async src=\"https:\/\/platform.twitter.com\/widgets.js\" charset=\"utf-8\"><\/script><br \/>\nhttps:\/\/twitter.com\/v_i_o_l_a\/status\/1310139158665592832<\/p>\n<blockquote class=\"twitter-tweet\" data-width=\"550\" data-dnt=\"true\">\n<p lang=\"de\" dir=\"ltr\">Verdampft nochmal! <a href=\"https:\/\/t.co\/iqP6p6B4LM\">pic.twitter.com\/iqP6p6B4LM<\/a><\/p>\n<p>&mdash; DerB (@ergroovt) <a href=\"https:\/\/twitter.com\/ergroovt\/status\/1309874896034566144?ref_src=twsrc%5Etfw\">September 26, 2020<\/a><\/p><\/blockquote>\n<p><script async src=\"https:\/\/platform.twitter.com\/widgets.js\" charset=\"utf-8\"><\/script><br \/>\nhttps:\/\/twitter.com\/v_i_o_l_a\/status\/1310139998323253249<\/p>\n<blockquote class=\"twitter-tweet\" data-width=\"550\" data-dnt=\"true\">\n<p lang=\"de\" dir=\"ltr\">Verdammt, das ist mal ne geile Fassadenmalerei. <a href=\"https:\/\/t.co\/Lm4FRyXa24\">pic.twitter.com\/Lm4FRyXa24<\/a><\/p>\n<p>&mdash; Der Roysan (@DerRoysan) <a href=\"https:\/\/twitter.com\/DerRoysan\/status\/1309888793802141696?ref_src=twsrc%5Etfw\">September 26, 2020<\/a><\/p><\/blockquote>\n<p><script async src=\"https:\/\/platform.twitter.com\/widgets.js\" charset=\"utf-8\"><\/script><br \/>\nhttps:\/\/twitter.com\/v_i_o_l_a\/status\/1310140311855824902<\/p>\n<blockquote class=\"twitter-tweet\" data-width=\"550\" data-dnt=\"true\">\n<p lang=\"de\" dir=\"ltr\">einige &quot;diss abgegeben!&quot;-tweets in den letzten tagen haben mich dar\u00fcber nachdenken lassen, wann ich meine eigentlich &quot;damals&quot; eingereicht hab. im blog gekramt: 10.3.2009. gottbinichalt. \ud83d\ude42 <a href=\"https:\/\/t.co\/spsIIspQKJ\">https:\/\/t.co\/spsIIspQKJ<\/a> &amp; <a href=\"https:\/\/t.co\/lMrpexJq97\">https:\/\/t.co\/lMrpexJq97<\/a>.<\/p>\n<p>&mdash; viola vo\u00df (@v_i_o_l_a) <a href=\"https:\/\/twitter.com\/v_i_o_l_a\/status\/1310142463932276736?ref_src=twsrc%5Etfw\">September 27, 2020<\/a><\/p><\/blockquote>\n<p><script async src=\"https:\/\/platform.twitter.com\/widgets.js\" charset=\"utf-8\"><\/script><\/p>\n<blockquote class=\"twitter-tweet\" data-width=\"550\" data-dnt=\"true\">\n<p lang=\"de\" dir=\"ltr\">die magisterarbeit war im sommer 2003; das blog von damals gibts leider nicht mehr. die master-arbeit war am 6.8.2012. <a href=\"https:\/\/t.co\/bJwAVpNVmj\">https:\/\/t.co\/bJwAVpNVmj<\/a> + <a href=\"https:\/\/t.co\/dayb3ZS1ux\">https:\/\/t.co\/dayb3ZS1ux<\/a>. mehr wirds wohl nicht mehr geben. \ud83d\ude42<\/p>\n<p>&mdash; viola vo\u00df (@v_i_o_l_a) <a href=\"https:\/\/twitter.com\/v_i_o_l_a\/status\/1310143825919213569?ref_src=twsrc%5Etfw\">September 27, 2020<\/a><\/p><\/blockquote>\n<p><script async src=\"https:\/\/platform.twitter.com\/widgets.js\" charset=\"utf-8\"><\/script><\/p>\n<blockquote class=\"twitter-tweet\" data-width=\"550\" data-dnt=\"true\">\n<p lang=\"en\" dir=\"ltr\">\u201cI think it must\u2019ve shrunk in the wash\u201d &#8211; Translation: I\u2019ve expanded outside the wash<\/p>\n<p>&mdash; VeryBritishProblems (@SoVeryBritish) <a href=\"https:\/\/twitter.com\/SoVeryBritish\/status\/1310150401531031552?ref_src=twsrc%5Etfw\">September 27, 2020<\/a><\/p><\/blockquote>\n<p><script async src=\"https:\/\/platform.twitter.com\/widgets.js\" charset=\"utf-8\"><\/script><br \/>\nhttps:\/\/twitter.com\/v_i_o_l_a\/status\/1310159288489385984<br \/>\nhttps:\/\/twitter.com\/v_i_o_l_a\/status\/1310159336157655041<\/p>\n<blockquote class=\"twitter-tweet\" data-width=\"550\" data-dnt=\"true\">\n<p lang=\"en\" dir=\"ltr\">The wurst is over: why Germany now loves to go vegetarian <a href=\"https:\/\/t.co\/nbs6EAq70j\">https:\/\/t.co\/nbs6EAq70j<\/a><\/p>\n<p>&mdash; Ben (@bkaden) <a href=\"https:\/\/twitter.com\/bkaden\/status\/1310146813115199489?ref_src=twsrc%5Etfw\">September 27, 2020<\/a><\/p><\/blockquote>\n<p><script async src=\"https:\/\/platform.twitter.com\/widgets.js\" charset=\"utf-8\"><\/script><br \/>\nhttps:\/\/twitter.com\/v_i_o_l_a\/status\/1310265965058371584<\/p>\n<blockquote class=\"twitter-tweet\" data-width=\"550\" data-dnt=\"true\">\n<p lang=\"de\" dir=\"ltr\">Der neue <a href=\"https:\/\/twitter.com\/hashtag\/Oberb%C3%BCrgermeister?src=hash&amp;ref_src=twsrc%5Etfw\">#Oberb\u00fcrgermeister<\/a> ist der alte: Markus Lewe (CDU) hat die <a href=\"https:\/\/twitter.com\/hashtag\/Stichwahl?src=hash&amp;ref_src=twsrc%5Etfw\">#Stichwahl<\/a> mit 52,60 % der Stimmen f\u00fcr sich entschieden. Sein Herausforderer Peter Todeskino (B\u00fcndnis90\/Die Gr\u00fcnen)  kam auf auf 47,40 % der Stimmen. Vorl\u00e4ufiges Endergebnis: <a href=\"https:\/\/t.co\/3DevmyO29I\">https:\/\/t.co\/3DevmyO29I<\/a> <a href=\"https:\/\/t.co\/1hNmELlrE4\">pic.twitter.com\/1hNmELlrE4<\/a><\/p>\n<p>&mdash; Stadt M\u00fcnster (@muenster_de) <a href=\"https:\/\/twitter.com\/muenster_de\/status\/1310270898667171840?ref_src=twsrc%5Etfw\">September 27, 2020<\/a><\/p><\/blockquote>\n<p><script async src=\"https:\/\/platform.twitter.com\/widgets.js\" charset=\"utf-8\"><\/script><br \/>\nhttps:\/\/twitter.com\/v_i_o_l_a\/status\/1310275578730340352<\/p>\n<blockquote class=\"twitter-tweet\" data-width=\"550\" data-dnt=\"true\">\n<p lang=\"en\" dir=\"ltr\">In less than 24 hours the Navy Department Library helped me out with a document you can\u2019t find anywhere in the UK. That is *beyond* service.<\/p>\n<p>&mdash; Simon Harley (@simonharley) <a href=\"https:\/\/twitter.com\/simonharley\/status\/1282783580893184004?ref_src=twsrc%5Etfw\">July 13, 2020<\/a><\/p><\/blockquote>\n<p><script async src=\"https:\/\/platform.twitter.com\/widgets.js\" charset=\"utf-8\"><\/script><br \/>\nhttps:\/\/twitter.com\/v_i_o_l_a\/status\/1310275730094292992<br \/>\nhttps:\/\/twitter.com\/v_i_o_l_a\/status\/1310275926639468544<br \/>\nhttps:\/\/twitter.com\/v_i_o_l_a\/status\/1310276265455300608<br \/>\nhttps:\/\/twitter.com\/v_i_o_l_a\/status\/1310276313303965697<\/p>\n<blockquote class=\"twitter-tweet\" data-width=\"550\" data-dnt=\"true\">\n<p lang=\"qme\" dir=\"ltr\"> <a href=\"https:\/\/t.co\/IvpcWHKixh\">pic.twitter.com\/IvpcWHKixh<\/a><\/p>\n<p>&mdash; Lockethenes (@Lockethenes1) <a href=\"https:\/\/twitter.com\/Lockethenes1\/status\/1310224372448268289?ref_src=twsrc%5Etfw\">September 27, 2020<\/a><\/p><\/blockquote>\n<p><script async src=\"https:\/\/platform.twitter.com\/widgets.js\" charset=\"utf-8\"><\/script><br \/>\nhttps:\/\/twitter.com\/v_i_o_l_a\/status\/1310276732767940609<\/p>\n<blockquote class=\"twitter-tweet\" data-width=\"550\" data-dnt=\"true\">\n<p lang=\"de\" dir=\"ltr\">Dazu auch ein Artikel in der <a href=\"https:\/\/twitter.com\/SZ?ref_src=twsrc%5Etfw\">@SZ<\/a>: <a href=\"https:\/\/t.co\/mSKQxpsM52\">https:\/\/t.co\/mSKQxpsM52<\/a><\/p>\n<p>&mdash; Bernhard Tempel (@nemissimo) <a href=\"https:\/\/twitter.com\/nemissimo\/status\/1310222011520745472?ref_src=twsrc%5Etfw\">September 27, 2020<\/a><\/p><\/blockquote>\n<p><script async src=\"https:\/\/platform.twitter.com\/widgets.js\" charset=\"utf-8\"><\/script><\/p>\n<blockquote class=\"twitter-tweet\" data-width=\"550\" data-dnt=\"true\">\n<p lang=\"de\" dir=\"ltr\">Virtuelle und hybride Konferenzen mit <a href=\"https:\/\/twitter.com\/ManyCam?ref_src=twsrc%5Etfw\">@ManyCam<\/a> &#8211; so realisieren wir die <a href=\"https:\/\/twitter.com\/hashtag\/KxG2020?src=hash&amp;ref_src=twsrc%5Etfw\">#KxG2020<\/a> am 19. und 20. November 2020 in Dresden. Bei Nutzung des Tutorials w\u00fcrde ich mich \u00fcber CC BY 4.0 freuen, denn es steckt eine ganze Menge Arbeit in diesem Workflow. <a href=\"https:\/\/twitter.com\/hashtag\/OER?src=hash&amp;ref_src=twsrc%5Etfw\">#OER<\/a> <a href=\"https:\/\/twitter.com\/hashtag\/DigitaleLehre?src=hash&amp;ref_src=twsrc%5Etfw\">#DigitaleLehre<\/a> <a href=\"https:\/\/twitter.com\/hashtag\/twlz?src=hash&amp;ref_src=twsrc%5Etfw\">#twlz<\/a> [1\/3]<\/p>\n<p>&mdash; Alexander Lasch (@AlexanderLasch) <a href=\"https:\/\/twitter.com\/AlexanderLasch\/status\/1310197542676766721?ref_src=twsrc%5Etfw\">September 27, 2020<\/a><\/p><\/blockquote>\n<p><script async src=\"https:\/\/platform.twitter.com\/widgets.js\" charset=\"utf-8\"><\/script><\/p>\n<blockquote class=\"twitter-tweet\" data-width=\"550\" data-dnt=\"true\">\n<p lang=\"en\" dir=\"ltr\">a lot of academics seem unhappy with their experience recording lectures &amp; their &quot;zoom fatigue&quot; from long days of videoconferencing. <\/p>\n<p>I&#39;m a scientist who studies music and sound. I hope this thread will help.<\/p>\n<p>here is Taylor Swift on stage. look what&#39;s in her ear!<\/p>\n<p>1\/ <a href=\"https:\/\/t.co\/pMMLstC1SQ\">pic.twitter.com\/pMMLstC1SQ<\/a><\/p>\n<p>&mdash; sam @mehr.nz (@samuelmehr) <a href=\"https:\/\/twitter.com\/samuelmehr\/status\/1309672535190102016?ref_src=twsrc%5Etfw\">September 26, 2020<\/a><\/p><\/blockquote>\n<p><script async src=\"https:\/\/platform.twitter.com\/widgets.js\" charset=\"utf-8\"><\/script><\/p>\n<blockquote class=\"twitter-tweet\" data-width=\"550\" data-dnt=\"true\">\n<p lang=\"de\" dir=\"ltr\">Lesenswert f\u00fcr Kolleg:innen, die im Bereich Publikationsdienste\/-beratung t\u00e4tig sind. <\/p>\n<p>Dass man besser dran ist ohne Verlage, die sich ausschlie\u00dfliche\u00a0Nutzungsrechte\u00a0einr\u00e4umen lassen etc &#8211; wer soll es Studierenden erkl\u00e4ren, wenn nicht ihr? <a href=\"https:\/\/t.co\/yX6bKMSnee\">https:\/\/t.co\/yX6bKMSnee<\/a><\/p>\n<p>&mdash; @Lambo@openbiblio.social &#8211; Lambert Heller (@Lambo) <a href=\"https:\/\/twitter.com\/Lambo\/status\/1310171186861494272?ref_src=twsrc%5Etfw\">September 27, 2020<\/a><\/p><\/blockquote>\n<p><script async src=\"https:\/\/platform.twitter.com\/widgets.js\" charset=\"utf-8\"><\/script><\/p>\n<blockquote class=\"twitter-tweet\" data-width=\"550\" data-dnt=\"true\">\n<p lang=\"de\" dir=\"ltr\">Ich &#8211; Abitur, 5 Jahre Studium, Staatsexamen, Praktisches Jahr, 5 Jahre Facharztweiterbildung, parallel experimentelle Forschung, Zusatzbezeichnungen spezielle Intensivmedizin &#8211; \u201eMNS tragen, Abstand halten\u201c. <\/p>\n<p>Klaus, 54 J. bei Facebook \u201eDas is alles Quatsch, wach mal auf!\u201c<\/p>\n<p>&mdash; Doc Emed (@doc_emed) <a href=\"https:\/\/twitter.com\/doc_emed\/status\/1309784158735159296?ref_src=twsrc%5Etfw\">September 26, 2020<\/a><\/p><\/blockquote>\n<p><script async src=\"https:\/\/platform.twitter.com\/widgets.js\" charset=\"utf-8\"><\/script><br \/>\nhttps:\/\/twitter.com\/v_i_o_l_a\/status\/1310287654521581573<\/p>\n<blockquote class=\"twitter-tweet\" data-width=\"550\" data-dnt=\"true\">\n<p lang=\"de\" dir=\"ltr\">Wenn du feststellen musst das Snooker heute auf deinem TV nicht live zu sehen ist &#8230;<a href=\"https:\/\/twitter.com\/hashtag\/147sf?src=hash&amp;ref_src=twsrc%5Etfw\">#147sf<\/a> <a href=\"https:\/\/t.co\/zWdkxMhunt\">pic.twitter.com\/zWdkxMhunt<\/a><\/p>\n<p>&mdash; IO4646 (@IO4646) <a href=\"https:\/\/twitter.com\/IO4646\/status\/1310284461238620162?ref_src=twsrc%5Etfw\">September 27, 2020<\/a><\/p><\/blockquote>\n<p><script async src=\"https:\/\/platform.twitter.com\/widgets.js\" charset=\"utf-8\"><\/script><\/p>\n<blockquote class=\"twitter-tweet\" data-width=\"550\" data-dnt=\"true\">\n<p lang=\"zxx\" dir=\"ltr\"><a href=\"https:\/\/t.co\/0rwWJ90A4x\">pic.twitter.com\/0rwWJ90A4x<\/a><\/p>\n<p>&mdash; @rpaedagogik (@RPaedagogik) <a href=\"https:\/\/twitter.com\/RPaedagogik\/status\/1310277372181180417?ref_src=twsrc%5Etfw\">September 27, 2020<\/a><\/p><\/blockquote>\n<p><script async src=\"https:\/\/platform.twitter.com\/widgets.js\" charset=\"utf-8\"><\/script><br \/>\nhttps:\/\/twitter.com\/v_i_o_l_a\/status\/1310306080971526144<\/p>\n<blockquote class=\"twitter-tweet\" data-width=\"550\" data-dnt=\"true\">\n<p lang=\"de\" dir=\"ltr\">&#39;nacht allerseits!<\/p>\n<p>&mdash; viola vo\u00df (@v_i_o_l_a) <a href=\"https:\/\/twitter.com\/v_i_o_l_a\/status\/1310306331581128704?ref_src=twsrc%5Etfw\">September 27, 2020<\/a><\/p><\/blockquote>\n<p><script async src=\"https:\/\/platform.twitter.com\/widgets.js\" charset=\"utf-8\"><\/script><\/p>\n","protected":false},"excerpt":{"rendered":"<p>&#39;morgen! &mdash; viola vo\u00df (@v_i_o_l_a) September 27, 2020 https:\/\/twitter.com\/v_i_o_l_a\/status\/1310067260304875520 Hat jemand auf dem #twittercampus Erfahrungen mit dem Management von Anerkennung- und Anrechnungsprozessen von Leistungen \u00fcber @moodle? Ich hab da so eine Idee und w\u00fcrde die gern vor der Einf\u00fchrung kritisch pr\u00fcfen. &mdash; Christoph Damm (@_christophdamm) September 27, 2020 Es ist jetzt 7 Uhr. &mdash; zurvollenstunde [&hellip;]<\/p>\n","protected":false},"author":1,"featured_media":0,"comment_status":"open","ping_status":"open","sticky":false,"template":"","format":"standard","meta":{"footnotes":""},"categories":[36],"tags":[],"class_list":["post-11725","post","type-post","status-publish","format-standard","hentry","category-twitter"],"_links":{"self":[{"href":"https:\/\/www.x-v-x.de\/blog\/index.php?rest_route=\/wp\/v2\/posts\/11725","targetHints":{"allow":["GET"]}}],"collection":[{"href":"https:\/\/www.x-v-x.de\/blog\/index.php?rest_route=\/wp\/v2\/posts"}],"about":[{"href":"https:\/\/www.x-v-x.de\/blog\/index.php?rest_route=\/wp\/v2\/types\/post"}],"author":[{"embeddable":true,"href":"https:\/\/www.x-v-x.de\/blog\/index.php?rest_route=\/wp\/v2\/users\/1"}],"replies":[{"embeddable":true,"href":"https:\/\/www.x-v-x.de\/blog\/index.php?rest_route=%2Fwp%2Fv2%2Fcomments&post=11725"}],"version-history":[{"count":0,"href":"https:\/\/www.x-v-x.de\/blog\/index.php?rest_route=\/wp\/v2\/posts\/11725\/revisions"}],"wp:attachment":[{"href":"https:\/\/www.x-v-x.de\/blog\/index.php?rest_route=%2Fwp%2Fv2%2Fmedia&parent=11725"}],"wp:term":[{"taxonomy":"category","embeddable":true,"href":"https:\/\/www.x-v-x.de\/blog\/index.php?rest_route=%2Fwp%2Fv2%2Fcategories&post=11725"},{"taxonomy":"post_tag","embeddable":true,"href":"https:\/\/www.x-v-x.de\/blog\/index.php?rest_route=%2Fwp%2Fv2%2Ftags&post=11725"}],"curies":[{"name":"wp","href":"https:\/\/api.w.org\/{rel}","templated":true}]}}