{"id":11733,"date":"2020-10-02T11:14:59","date_gmt":"2020-10-02T09:14:59","guid":{"rendered":"http:\/\/www.x-v-x.de\/blog\/?p=11733"},"modified":"2020-10-25T11:15:19","modified_gmt":"2020-10-25T10:15:19","slug":"tweets-2020-10-01","status":"publish","type":"post","link":"https:\/\/www.x-v-x.de\/blog\/?p=11733","title":{"rendered":"tweets | 2020-10-01"},"content":{"rendered":"<blockquote class=\"twitter-tweet\" data-width=\"550\" data-dnt=\"true\">\n<p lang=\"nl\" dir=\"ltr\">&#39;morgen!<\/p>\n<p>&mdash; viola vo\u00df (@v_i_o_l_a) <a href=\"https:\/\/twitter.com\/v_i_o_l_a\/status\/1311523169514201088?ref_src=twsrc%5Etfw\">October 1, 2020<\/a><\/p><\/blockquote>\n<p><script async src=\"https:\/\/platform.twitter.com\/widgets.js\" charset=\"utf-8\"><\/script><\/p>\n<blockquote class=\"twitter-tweet\" data-width=\"550\" data-dnt=\"true\">\n<p lang=\"de\" dir=\"ltr\">Informationen &#8211; digital verpackt: die Videos (mit integrierten Pr\u00e4sentationen) unserer virtuellen Tagung <a href=\"https:\/\/twitter.com\/ZBZuerich?ref_src=twsrc%5Etfw\">@ZBZuerich<\/a> <a href=\"https:\/\/twitter.com\/hashtag\/zbz20?src=hash&amp;ref_src=twsrc%5Etfw\">#zbz20<\/a> \u00fcber <a href=\"https:\/\/twitter.com\/hashtag\/Digitalisierung?src=hash&amp;ref_src=twsrc%5Etfw\">#Digitalisierung<\/a>, <a href=\"https:\/\/twitter.com\/hashtag\/Datenmanagement?src=hash&amp;ref_src=twsrc%5Etfw\">#Datenmanagement<\/a>, <a href=\"https:\/\/twitter.com\/hashtag\/DigitalHumanities?src=hash&amp;ref_src=twsrc%5Etfw\">#DigitalHumanities<\/a> <a href=\"https:\/\/twitter.com\/hashtag\/dighum?src=hash&amp;ref_src=twsrc%5Etfw\">#dighum<\/a> und die Rolle der Bibliotheken sind jetzt online <a href=\"https:\/\/t.co\/Ito7fueVl2\">https:\/\/t.co\/Ito7fueVl2<\/a> <a href=\"https:\/\/t.co\/SdEXRRHRkN\">pic.twitter.com\/SdEXRRHRkN<\/a><\/p>\n<p>&mdash; Christian Oesterheld (@oesterheld_c) <a href=\"https:\/\/twitter.com\/oesterheld_c\/status\/1311386438995456001?ref_src=twsrc%5Etfw\">September 30, 2020<\/a><\/p><\/blockquote>\n<p><script async src=\"https:\/\/platform.twitter.com\/widgets.js\" charset=\"utf-8\"><\/script><\/p>\n<blockquote class=\"twitter-tweet\" data-width=\"550\" data-dnt=\"true\">\n<p lang=\"de\" dir=\"ltr\">da die soundkarte (oder welches daf\u00fcr zust\u00e4ndige bauteil auch immer) in meinem igel-thinclient zurzeit nicht richtig l\u00e4uft, wird f\u00fcr die hintergrundbeschallung des b\u00fcros auf gute alte UKW-technik zur\u00fcckgegriffen. \ud83d\ude42 <a href=\"https:\/\/t.co\/zz7fucZDok\">pic.twitter.com\/zz7fucZDok<\/a><\/p>\n<p>&mdash; viola vo\u00df (@v_i_o_l_a) <a href=\"https:\/\/twitter.com\/v_i_o_l_a\/status\/1311545262545014785?ref_src=twsrc%5Etfw\">October 1, 2020<\/a><\/p><\/blockquote>\n<p><script async src=\"https:\/\/platform.twitter.com\/widgets.js\" charset=\"utf-8\"><\/script><br \/>\nhttps:\/\/twitter.com\/v_i_o_l_a\/status\/1311550869935198210<\/p>\n<blockquote class=\"twitter-tweet\" data-width=\"550\" data-dnt=\"true\">\n<p lang=\"de\" dir=\"ltr\">&quot;Keine Person verdient deine Tr\u00e4nen, und die, die sie verdienen, werden dich nie zum Weinen bringen.&quot; (Gabriel Garc\u00eda M\u00e1rquez, 1927-2014, kolumbian. Schriftsteller, Journalist, Literaturnobelpreis 1982) [via <a href=\"https:\/\/t.co\/L4VYhltLO1\">https:\/\/t.co\/L4VYhltLO1<\/a>]<\/p>\n<p>&mdash; viola vo\u00df (@v_i_o_l_a) <a href=\"https:\/\/twitter.com\/v_i_o_l_a\/status\/1311553207483723777?ref_src=twsrc%5Etfw\">October 1, 2020<\/a><\/p><\/blockquote>\n<p><script async src=\"https:\/\/platform.twitter.com\/widgets.js\" charset=\"utf-8\"><\/script><br \/>\nhttps:\/\/twitter.com\/v_i_o_l_a\/status\/1311553489907130368<\/p>\n<blockquote class=\"twitter-tweet\" data-width=\"550\" data-dnt=\"true\">\n<p lang=\"de\" dir=\"ltr\">das blog von <a href=\"https:\/\/twitter.com\/Archivalia_kg?ref_src=twsrc%5Etfw\">@Archivalia_kg<\/a> &amp; co. hat es in DBIS geschafft: <a href=\"https:\/\/t.co\/6Q1doqZv08\">https:\/\/t.co\/6Q1doqZv08<\/a> \ud83d\ude42<\/p>\n<p>&mdash; viola vo\u00df (@v_i_o_l_a) <a href=\"https:\/\/twitter.com\/v_i_o_l_a\/status\/1311554054464700417?ref_src=twsrc%5Etfw\">October 1, 2020<\/a><\/p><\/blockquote>\n<p><script async src=\"https:\/\/platform.twitter.com\/widgets.js\" charset=\"utf-8\"><\/script><br \/>\nhttps:\/\/twitter.com\/v_i_o_l_a\/status\/1311571616036519942<\/p>\n<blockquote class=\"twitter-tweet\" data-width=\"550\" data-dnt=\"true\">\n<p lang=\"en\" dir=\"ltr\">This is excellent! <a href=\"https:\/\/twitter.com\/hashtag\/librariesmatter?src=hash&amp;ref_src=twsrc%5Etfw\">#librariesmatter<\/a> <a href=\"https:\/\/t.co\/QCv97MeyXK\">https:\/\/t.co\/QCv97MeyXK<\/a><\/p>\n<p>&mdash; Christian Lauersen (@clauersen) <a href=\"https:\/\/twitter.com\/clauersen\/status\/1311588814729740291?ref_src=twsrc%5Etfw\">October 1, 2020<\/a><\/p><\/blockquote>\n<p><script async src=\"https:\/\/platform.twitter.com\/widgets.js\" charset=\"utf-8\"><\/script><br \/>\nhttps:\/\/twitter.com\/v_i_o_l_a\/status\/1311588938931474432<br \/>\nhttps:\/\/twitter.com\/v_i_o_l_a\/status\/1311588995621629952<\/p>\n<blockquote class=\"twitter-tweet\" data-width=\"550\" data-dnt=\"true\">\n<p lang=\"de\" dir=\"ltr\">Weil ja bald wieder Zeitumstellung ist: <br \/>Ich h\u00e4tte gerne die unbeschwerte zur\u00fcck.<\/p>\n<p>&mdash; Nicht Chevy Chase (@DrWaumiau) <a href=\"https:\/\/twitter.com\/DrWaumiau\/status\/1311532393220763648?ref_src=twsrc%5Etfw\">October 1, 2020<\/a><\/p><\/blockquote>\n<p><script async src=\"https:\/\/platform.twitter.com\/widgets.js\" charset=\"utf-8\"><\/script><br \/>\nhttps:\/\/twitter.com\/v_i_o_l_a\/status\/1311590391930654720<br \/>\nhttps:\/\/twitter.com\/v_i_o_l_a\/status\/1311637309209686019<\/p>\n<blockquote class=\"twitter-tweet\" data-width=\"550\" data-dnt=\"true\">\n<p lang=\"en\" dir=\"ltr\">and we still stand by this! <a href=\"https:\/\/twitter.com\/hashtag\/nationalpoetryday2020?src=hash&amp;ref_src=twsrc%5Etfw\">#nationalpoetryday2020<\/a> <a href=\"https:\/\/t.co\/TjkGmhZR9Q\">https:\/\/t.co\/TjkGmhZR9Q<\/a><\/p>\n<p>&mdash; PG tips (@PGtips) <a href=\"https:\/\/twitter.com\/PGtips\/status\/1311613207010779136?ref_src=twsrc%5Etfw\">October 1, 2020<\/a><\/p><\/blockquote>\n<p><script async src=\"https:\/\/platform.twitter.com\/widgets.js\" charset=\"utf-8\"><\/script><br \/>\nhttps:\/\/twitter.com\/v_i_o_l_a\/status\/1311637614219362306<\/p>\n<blockquote class=\"twitter-tweet\" data-width=\"550\" data-dnt=\"true\">\n<p lang=\"en\" dir=\"ltr\">If you&#39;re planning to study in the library, please be aware it may be a little chillier than usual. Due to infection control, we&#39;re not able to offer the blankets to loan and need to keep the buildings well ventilated, so if you do feel the cold, please wrap up warm. <a href=\"https:\/\/t.co\/pKhY7n5OfH\">pic.twitter.com\/pKhY7n5OfH<\/a><\/p>\n<p>&mdash; Uni Of York Library (@UoYLibrary) <a href=\"https:\/\/twitter.com\/UoYLibrary\/status\/1311580358941396993?ref_src=twsrc%5Etfw\">October 1, 2020<\/a><\/p><\/blockquote>\n<p><script async src=\"https:\/\/platform.twitter.com\/widgets.js\" charset=\"utf-8\"><\/script><\/p>\n<blockquote class=\"twitter-tweet\" data-width=\"550\" data-dnt=\"true\">\n<p lang=\"de\" dir=\"ltr\">These: 80% aller Arbeitsprobleme lie\u00dfen sich beheben, wenn die Leute nur mal E-Mails etwas aufmerksamer lesen w\u00fcrden.<\/p>\n<p>&mdash; Ralf Stockmann &#8211; @rstockm@chaos.social (@rstockm) <a href=\"https:\/\/twitter.com\/rstockm\/status\/1311577321522987008?ref_src=twsrc%5Etfw\">October 1, 2020<\/a><\/p><\/blockquote>\n<p><script async src=\"https:\/\/platform.twitter.com\/widgets.js\" charset=\"utf-8\"><\/script><\/p>\n<blockquote class=\"twitter-tweet\" data-width=\"550\" data-dnt=\"true\">\n<p lang=\"de\" dir=\"ltr\">Faszination <a href=\"https:\/\/twitter.com\/hashtag\/Sprache?src=hash&amp;ref_src=twsrc%5Etfw\">#Sprache<\/a>: manche S\u00e4tze werden t\u00e4glich milliardenfach ge\u00e4u\u00dfert, bei anderen kann man sich kaum vorstellen, dass jemand sie je bilden w\u00fcrde. Aber wenn man will, str\u00e4ubt sich die Sprache nicht und macht es m\u00f6glich. <a href=\"https:\/\/t.co\/oAldUg23gs\">pic.twitter.com\/oAldUg23gs<\/a><\/p>\n<p>&mdash; Philipp Kr\u00e4mer (@ph_kraemer) <a href=\"https:\/\/twitter.com\/ph_kraemer\/status\/1311576388651175936?ref_src=twsrc%5Etfw\">October 1, 2020<\/a><\/p><\/blockquote>\n<p><script async src=\"https:\/\/platform.twitter.com\/widgets.js\" charset=\"utf-8\"><\/script><\/p>\n<blockquote class=\"twitter-tweet\" data-width=\"550\" data-dnt=\"true\">\n<p lang=\"de\" dir=\"ltr\">Noch jemand hier, der sich bekennen m\u00f6chte? <a href=\"https:\/\/t.co\/fhWzmNH7ps\">https:\/\/t.co\/fhWzmNH7ps<\/a><\/p>\n<p>&mdash; Reclam Verlag (@ReclamVerlag) <a href=\"https:\/\/twitter.com\/ReclamVerlag\/status\/1311575694879666176?ref_src=twsrc%5Etfw\">October 1, 2020<\/a><\/p><\/blockquote>\n<p><script async src=\"https:\/\/platform.twitter.com\/widgets.js\" charset=\"utf-8\"><\/script><\/p>\n<blockquote class=\"twitter-tweet\" data-width=\"550\" data-dnt=\"true\">\n<p lang=\"en\" dir=\"ltr\">Just discovered that <a href=\"https:\/\/twitter.com\/JASIST?ref_src=twsrc%5Etfw\">@JASIST<\/a> has an open CfP for a special issue on &quot;Digital Humanities&quot;. My past information science &#39;me&#39; and my more recent DH &#39;me&#39; are having a party right now \ud83d\ude42 <a href=\"https:\/\/t.co\/NW4HwUJn0q\">https:\/\/t.co\/NW4HwUJn0q<\/a><\/p>\n<p>&mdash; Manuel Burghardt (@8urghardt) <a href=\"https:\/\/twitter.com\/8urghardt\/status\/1311401642890268673?ref_src=twsrc%5Etfw\">September 30, 2020<\/a><\/p><\/blockquote>\n<p><script async src=\"https:\/\/platform.twitter.com\/widgets.js\" charset=\"utf-8\"><\/script><\/p>\n<blockquote class=\"twitter-tweet\" data-width=\"550\" data-dnt=\"true\">\n<p lang=\"de\" dir=\"ltr\">Aus unseren Neuerwerbungen \u2013 Sprachen und Kulturen Asiens, Afrikas und Ozeaniens 2020.10 <a href=\"https:\/\/t.co\/Tuq5xXyyIs\">https:\/\/t.co\/Tuq5xXyyIs<\/a><\/p>\n<p>&mdash; ULB_MS_FachInfo (@ULB_MS_FachInfo) <a href=\"https:\/\/twitter.com\/ULB_MS_FachInfo\/status\/1311564925102428160?ref_src=twsrc%5Etfw\">October 1, 2020<\/a><\/p><\/blockquote>\n<p><script async src=\"https:\/\/platform.twitter.com\/widgets.js\" charset=\"utf-8\"><\/script><\/p>\n<blockquote class=\"twitter-tweet\" data-width=\"550\" data-dnt=\"true\">\n<p lang=\"en\" dir=\"ltr\">In terms of typefaces, there is nothing to see on this sign that you haven\u2019t seen before. (Their font choice isn\u2019t exactly despi-kabel either, though.) But what is the name of this business: Is it m\u00f6land or moland? Feel free to share your thoughts. I will post an update later. <a href=\"https:\/\/t.co\/p8UfAfESWM\">pic.twitter.com\/p8UfAfESWM<\/a><\/p>\n<p>&mdash; isoletters (@isoletters) <a href=\"https:\/\/twitter.com\/isoletters\/status\/1311559722911240192?ref_src=twsrc%5Etfw\">October 1, 2020<\/a><\/p><\/blockquote>\n<p><script async src=\"https:\/\/platform.twitter.com\/widgets.js\" charset=\"utf-8\"><\/script><\/p>\n<blockquote class=\"twitter-tweet\" data-width=\"550\" data-dnt=\"true\">\n<p lang=\"de\" dir=\"ltr\">Die ULB M\u00fcnster h\u00e4lt den Band jetzt auch bereit: <a href=\"https:\/\/t.co\/7bXHTzvtZi\">https:\/\/t.co\/7bXHTzvtZi<\/a> \u2013 allerdings ist er zurzeit gerade ausgeliehen. \ud83d\ude42 <a href=\"https:\/\/twitter.com\/hashtag\/MaximBiller?src=hash&amp;ref_src=twsrc%5Etfw\">#MaximBiller<\/a> <a href=\"https:\/\/t.co\/vmcUnIkBJE\">https:\/\/t.co\/vmcUnIkBJE<\/a><\/p>\n<p>&mdash; ULB_MS_FachInfo (@ULB_MS_FachInfo) <a href=\"https:\/\/twitter.com\/ULB_MS_FachInfo\/status\/1311551705264410625?ref_src=twsrc%5Etfw\">October 1, 2020<\/a><\/p><\/blockquote>\n<p><script async src=\"https:\/\/platform.twitter.com\/widgets.js\" charset=\"utf-8\"><\/script><br \/>\nhttps:\/\/twitter.com\/v_i_o_l_a\/status\/1311639332785131521<\/p>\n<blockquote class=\"twitter-tweet\" data-width=\"550\" data-dnt=\"true\">\n<p lang=\"de\" dir=\"ltr\">Aus unseren Neuerwerbungen \u2013 Nordische Philologie 2020.10 <a href=\"https:\/\/t.co\/Rim87i9NB1\">https:\/\/t.co\/Rim87i9NB1<\/a><\/p>\n<p>&mdash; ULB_MS_FachInfo (@ULB_MS_FachInfo) <a href=\"https:\/\/twitter.com\/ULB_MS_FachInfo\/status\/1311549820008648704?ref_src=twsrc%5Etfw\">October 1, 2020<\/a><\/p><\/blockquote>\n<p><script async src=\"https:\/\/platform.twitter.com\/widgets.js\" charset=\"utf-8\"><\/script><\/p>\n<blockquote class=\"twitter-tweet\" data-width=\"550\" data-dnt=\"true\">\n<p lang=\"en\" dir=\"ltr\">HHMI, one of the largest research philanthropies, will require immediate open access <a href=\"https:\/\/t.co\/g5ELLnh04Z\">https:\/\/t.co\/g5ELLnh04Z<\/a><\/p>\n<p>&mdash; Roger C. Schonfeld (@rschon) <a href=\"https:\/\/twitter.com\/rschon\/status\/1311653334638616576?ref_src=twsrc%5Etfw\">October 1, 2020<\/a><\/p><\/blockquote>\n<p><script async src=\"https:\/\/platform.twitter.com\/widgets.js\" charset=\"utf-8\"><\/script><\/p>\n<blockquote class=\"twitter-tweet\" data-width=\"550\" data-dnt=\"true\">\n<p lang=\"de\" dir=\"ltr\">Eine Frage in die <a href=\"https:\/\/twitter.com\/hashtag\/twittercampus?src=hash&amp;ref_src=twsrc%5Etfw\">#twittercampus<\/a>-Runde: Sind E-Portfolios in der Lehre noch ein Thema? Oder besser: \u2013 wieder ein Thema? Beim Blick auf den Forschungsstand wirkt vieles etwas angestaubter, als es in der aktuellen Situation sein m\u00fcsste. <a href=\"https:\/\/twitter.com\/hashtag\/digitalelehre?src=hash&amp;ref_src=twsrc%5Etfw\">#digitalelehre<\/a><\/p>\n<p>&mdash; irmi@digitalcourage.social (@ibl0815) <a href=\"https:\/\/twitter.com\/ibl0815\/status\/1311660896687595520?ref_src=twsrc%5Etfw\">October 1, 2020<\/a><\/p><\/blockquote>\n<p><script async src=\"https:\/\/platform.twitter.com\/widgets.js\" charset=\"utf-8\"><\/script><br \/>\nhttps:\/\/twitter.com\/v_i_o_l_a\/status\/1311663639108096012<\/p>\n<blockquote class=\"twitter-tweet\" data-width=\"550\" data-dnt=\"true\">\n<p lang=\"en\" dir=\"ltr\">For five years, I was allowed to manage a tiny yet revered academic journal, <a href=\"https:\/\/twitter.com\/OZP_journal?ref_src=twsrc%5Etfw\">@OZP_journal<\/a> <a href=\"https:\/\/twitter.com\/hashtag\/polsci?src=hash&amp;ref_src=twsrc%5Etfw\">#polsci<\/a>; during this time, we changed it to <a href=\"https:\/\/twitter.com\/hashtag\/openaccess?src=hash&amp;ref_src=twsrc%5Etfw\">#openaccess<\/a>, thanks to <a href=\"https:\/\/twitter.com\/oegpw?ref_src=twsrc%5Etfw\">@oegpw<\/a> <a href=\"https:\/\/twitter.com\/uniinnsbruck?ref_src=twsrc%5Etfw\">@uniinnsbruck<\/a> and <a href=\"https:\/\/twitter.com\/FWF_at?ref_src=twsrc%5Etfw\">@FWF_at<\/a>. Here, I lay out some of the lessons from this experience.<a href=\"https:\/\/t.co\/yZmVa6z5oL\">https:\/\/t.co\/yZmVa6z5oL<\/a><\/p>\n<p>&mdash; Thomas Koenig (@th_koenig) <a href=\"https:\/\/twitter.com\/th_koenig\/status\/1311576705836945408?ref_src=twsrc%5Etfw\">October 1, 2020<\/a><\/p><\/blockquote>\n<p><script async src=\"https:\/\/platform.twitter.com\/widgets.js\" charset=\"utf-8\"><\/script><\/p>\n<blockquote class=\"twitter-tweet\" data-width=\"550\" data-dnt=\"true\">\n<p lang=\"de\" dir=\"ltr\">Im Oktober veranstalten wir unter dem Titel &quot;Selbermachen&quot; zwei hybride Workshops zu <a href=\"https:\/\/twitter.com\/hashtag\/openaccess?src=hash&amp;ref_src=twsrc%5Etfw\">#openaccess<\/a> und neuen Publikationsformaten. Es diskutieren Akteur*innen aus Wissenschaft, Verlagen und Grafik &#8211;&gt; Programm und Anmeldung:<a href=\"https:\/\/t.co\/oRFFvL3fpm\">https:\/\/t.co\/oRFFvL3fpm<\/a><a href=\"https:\/\/t.co\/nHaCWJAdQs\">https:\/\/t.co\/nHaCWJAdQs<\/a> <a href=\"https:\/\/t.co\/T7IcBQ3FnO\">pic.twitter.com\/T7IcBQ3FnO<\/a><\/p>\n<p>&mdash; intercom (@intercomverlag) <a href=\"https:\/\/twitter.com\/intercomverlag\/status\/1310546763103731713?ref_src=twsrc%5Etfw\">September 28, 2020<\/a><\/p><\/blockquote>\n<p><script async src=\"https:\/\/platform.twitter.com\/widgets.js\" charset=\"utf-8\"><\/script><\/p>\n<blockquote class=\"twitter-tweet\" data-width=\"550\" data-dnt=\"true\">\n<p lang=\"en\" dir=\"ltr\">LAUNCH of the OAPEN Open Access Books Toolkit <a href=\"https:\/\/t.co\/DDAdteJJj9\">https:\/\/t.co\/DDAdteJJj9<\/a> &quot;This toolkit will help book authors to make their work OA, and enable more institutional support teams to identify the right information to help their researchers.&quot;<\/p>\n<p>&mdash; Dr Danny Kingsley (she\/her) (@dannykay68) <a href=\"https:\/\/twitter.com\/dannykay68\/status\/1311445540098326529?ref_src=twsrc%5Etfw\">September 30, 2020<\/a><\/p><\/blockquote>\n<p><script async src=\"https:\/\/platform.twitter.com\/widgets.js\" charset=\"utf-8\"><\/script><\/p>\n<blockquote class=\"twitter-tweet\" data-width=\"550\" data-dnt=\"true\">\n<p lang=\"de\" dir=\"ltr\">Mit dem \u201eNationalen Netzwerk der Universit\u00e4tsmedizin zu <a href=\"https:\/\/twitter.com\/hashtag\/Covid19?src=hash&amp;ref_src=twsrc%5Etfw\">#Covid19<\/a>\u201c b\u00fcndelt und st\u00e4rkt das <a href=\"https:\/\/twitter.com\/BMBF_Bund?ref_src=twsrc%5Etfw\">@BMBF_Bund<\/a> die Forschungsaktivit\u00e4ten der deutschen Uni-Medizin mit 150 Mio. \u20ac. Wissenschaftler\/innen der WWU sind an 9 von 13 Projekten beteiligt. <a href=\"https:\/\/twitter.com\/hashtag\/coronapandemie?src=hash&amp;ref_src=twsrc%5Etfw\">#coronapandemie<\/a> <a href=\"https:\/\/t.co\/XKjZYPWAks\">https:\/\/t.co\/XKjZYPWAks<\/a> <a href=\"https:\/\/t.co\/qkHw7iaOBl\">pic.twitter.com\/qkHw7iaOBl<\/a><\/p>\n<p>&mdash; Universit\u00e4t M\u00fcnster (@uni_muenster) <a href=\"https:\/\/twitter.com\/uni_muenster\/status\/1311685689306681345?ref_src=twsrc%5Etfw\">October 1, 2020<\/a><\/p><\/blockquote>\n<p><script async src=\"https:\/\/platform.twitter.com\/widgets.js\" charset=\"utf-8\"><\/script><br \/>\nhttps:\/\/twitter.com\/v_i_o_l_a\/status\/1311699192608423936<br \/>\nhttps:\/\/twitter.com\/v_i_o_l_a\/status\/1311699204255944706<\/p>\n<blockquote class=\"twitter-tweet\" data-width=\"550\" data-dnt=\"true\">\n<p lang=\"de\" dir=\"ltr\">Das liebe ich an meiner westf\u00e4lischen Heimat: Politische Rahmenrichtlinien unaufgeregt und ohne erhobenen Zeigefinger unter das Volk gebracht. <a href=\"https:\/\/t.co\/3VWOgBR7Bc\">https:\/\/t.co\/3VWOgBR7Bc<\/a><\/p>\n<p>&mdash; THADEUSZ (@JTHADEUSZ) <a href=\"https:\/\/twitter.com\/JTHADEUSZ\/status\/1311665609931804672?ref_src=twsrc%5Etfw\">October 1, 2020<\/a><\/p><\/blockquote>\n<p><script async src=\"https:\/\/platform.twitter.com\/widgets.js\" charset=\"utf-8\"><\/script><\/p>\n<blockquote class=\"twitter-tweet\" data-width=\"550\" data-dnt=\"true\">\n<p lang=\"de\" dir=\"ltr\">Zielgerade vor uns: Letzte Korrekturen an der grundlegend \u00fcberarbeiteten Auflage von Bd I der Sprachgeschichte von Peter von Polenz. Neu u.a. ein Kapitel &quot;Digital Humanities und Sprachgeschichte&quot;,PePo hatte seinen Computer in seinen letzten Jahren wirklich geliebt! <a href=\"https:\/\/twitter.com\/degruyter_lit?ref_src=twsrc%5Etfw\">@degruyter_lit<\/a> <a href=\"https:\/\/t.co\/FXauFmuXlG\">pic.twitter.com\/FXauFmuXlG<\/a><\/p>\n<p>&mdash; Claudine Moulin (@ClaudineMoulin) <a href=\"https:\/\/twitter.com\/ClaudineMoulin\/status\/1311331336234455040?ref_src=twsrc%5Etfw\">September 30, 2020<\/a><\/p><\/blockquote>\n<p><script async src=\"https:\/\/platform.twitter.com\/widgets.js\" charset=\"utf-8\"><\/script><br \/>\nhttps:\/\/twitter.com\/v_i_o_l_a\/status\/1311750678998642688<\/p>\n<blockquote class=\"twitter-tweet\" data-width=\"550\" data-dnt=\"true\">\n<p lang=\"en\" dir=\"ltr\">From cut-out confessions to cheese pages: browse the world&#39;s strangest books <a href=\"https:\/\/t.co\/apCsSqXjur\">https:\/\/t.co\/apCsSqXjur<\/a> <a href=\"https:\/\/twitter.com\/hashtag\/Bibliophilie?src=hash&amp;ref_src=twsrc%5Etfw\">#Bibliophilie<\/a> <a href=\"https:\/\/twitter.com\/hashtag\/Buchkultur?src=hash&amp;ref_src=twsrc%5Etfw\">#Buchkultur<\/a><\/p>\n<p>&mdash; Ben (@bkaden) <a href=\"https:\/\/twitter.com\/bkaden\/status\/1311748898843693058?ref_src=twsrc%5Etfw\">October 1, 2020<\/a><\/p><\/blockquote>\n<p><script async src=\"https:\/\/platform.twitter.com\/widgets.js\" charset=\"utf-8\"><\/script><\/p>\n<blockquote class=\"twitter-tweet\" data-width=\"550\" data-dnt=\"true\">\n<p lang=\"en\" dir=\"ltr\">For those new to the game: <br \/>you can pick your quarantine character below. <a href=\"https:\/\/t.co\/sfkfhiHFGv\">pic.twitter.com\/sfkfhiHFGv<\/a><\/p>\n<p>&mdash; Ethics in Bricks (@EthicsInBricks) <a href=\"https:\/\/twitter.com\/EthicsInBricks\/status\/1311596531745726466?ref_src=twsrc%5Etfw\">October 1, 2020<\/a><\/p><\/blockquote>\n<p><script async src=\"https:\/\/platform.twitter.com\/widgets.js\" charset=\"utf-8\"><\/script><br \/>\nhttps:\/\/twitter.com\/v_i_o_l_a\/status\/1311751267790790658<\/p>\n<blockquote class=\"twitter-tweet\" data-width=\"550\" data-dnt=\"true\">\n<p lang=\"en\" dir=\"ltr\">We\u2019ve made a few tweaks to our back- and front-of-house processes, and what better way to celebrate than with stickers!?! <\/p>\n<p>Request your stickers here: <a href=\"https:\/\/t.co\/iP9tqSn7jF\">https:\/\/t.co\/iP9tqSn7jF<\/a> and don\u2019t forget to share your <a href=\"https:\/\/twitter.com\/hashtag\/openscience?src=hash&amp;ref_src=twsrc%5Etfw\">#openscience<\/a> <a href=\"https:\/\/twitter.com\/hashtag\/openresearch?src=hash&amp;ref_src=twsrc%5Etfw\">#openresearch<\/a> events to <a href=\"https:\/\/twitter.com\/OpenResearchCal?ref_src=twsrc%5Etfw\">@OpenResearchCal<\/a>!! <a href=\"https:\/\/t.co\/powDv0kakF\">pic.twitter.com\/powDv0kakF<\/a><\/p>\n<p>&mdash; Open Research Calendar (@OpenResearchCal) <a href=\"https:\/\/twitter.com\/OpenResearchCal\/status\/1311604102443474945?ref_src=twsrc%5Etfw\">October 1, 2020<\/a><\/p><\/blockquote>\n<p><script async src=\"https:\/\/platform.twitter.com\/widgets.js\" charset=\"utf-8\"><\/script><br \/>\nhttps:\/\/twitter.com\/v_i_o_l_a\/status\/1311751603158908931<\/p>\n<blockquote class=\"twitter-tweet\" data-width=\"550\" data-dnt=\"true\">\n<p lang=\"de\" dir=\"ltr\">Die <a href=\"https:\/\/twitter.com\/tagesschau?ref_src=twsrc%5Etfw\">@tagesschau<\/a> ver\u00f6ffentlicht Videos unter <a href=\"https:\/\/twitter.com\/creativecommons?ref_src=twsrc%5Etfw\">@creativecommons<\/a>, das damit endg\u00fcltig im Mainstream \u00f6ffentlich-rechtlicher Medien angekommen ist. Bei <a href=\"https:\/\/twitter.com\/netzpolitik?ref_src=twsrc%5Etfw\">@netzpolitik<\/a> dar\u00fcber gebloggt, warum die restriktive Lizenz aber gr\u00f6\u00dfere Reichweite verhindert: <a href=\"https:\/\/t.co\/hZp4O2Z7uU\">https:\/\/t.co\/hZp4O2Z7uU<\/a> <a href=\"https:\/\/twitter.com\/hashtag\/Fernsehrat?src=hash&amp;ref_src=twsrc%5Etfw\">#Fernsehrat<\/a><\/p>\n<p>&mdash; Leonhard Dobusch (@leonidobusch) <a href=\"https:\/\/twitter.com\/leonidobusch\/status\/1311706673678028801?ref_src=twsrc%5Etfw\">October 1, 2020<\/a><\/p><\/blockquote>\n<p><script async src=\"https:\/\/platform.twitter.com\/widgets.js\" charset=\"utf-8\"><\/script><\/p>\n<blockquote class=\"twitter-tweet\" data-width=\"550\" data-dnt=\"true\">\n<p lang=\"de\" dir=\"ltr\">Die Infektiosit\u00e4t von Open Access ist allerdings nicht sehr hoch. Da ist noch Luft nach oben. <a href=\"https:\/\/t.co\/NHsl91VyPF\">https:\/\/t.co\/NHsl91VyPF<\/a><\/p>\n<p>&mdash; Bernhard Tempel (@nemissimo) <a href=\"https:\/\/twitter.com\/nemissimo\/status\/1311712915288977409?ref_src=twsrc%5Etfw\">October 1, 2020<\/a><\/p><\/blockquote>\n<p><script async src=\"https:\/\/platform.twitter.com\/widgets.js\" charset=\"utf-8\"><\/script><\/p>\n<blockquote class=\"twitter-tweet\" data-width=\"550\" data-dnt=\"true\">\n<p lang=\"de\" dir=\"ltr\">&#39;nacht allerseits!<\/p>\n<p>&mdash; viola vo\u00df (@v_i_o_l_a) <a href=\"https:\/\/twitter.com\/v_i_o_l_a\/status\/1311754669086121984?ref_src=twsrc%5Etfw\">October 1, 2020<\/a><\/p><\/blockquote>\n<p><script async src=\"https:\/\/platform.twitter.com\/widgets.js\" charset=\"utf-8\"><\/script><\/p>\n","protected":false},"excerpt":{"rendered":"<p>&#39;morgen! &mdash; viola vo\u00df (@v_i_o_l_a) October 1, 2020 Informationen &#8211; digital verpackt: die Videos (mit integrierten Pr\u00e4sentationen) unserer virtuellen Tagung @ZBZuerich #zbz20 \u00fcber #Digitalisierung, #Datenmanagement, #DigitalHumanities #dighum und die Rolle der Bibliotheken sind jetzt online https:\/\/t.co\/Ito7fueVl2 pic.twitter.com\/SdEXRRHRkN &mdash; Christian Oesterheld (@oesterheld_c) September 30, 2020 da die soundkarte (oder welches daf\u00fcr zust\u00e4ndige bauteil auch immer) in [&hellip;]<\/p>\n","protected":false},"author":1,"featured_media":0,"comment_status":"open","ping_status":"open","sticky":false,"template":"","format":"standard","meta":{"footnotes":""},"categories":[36],"tags":[],"class_list":["post-11733","post","type-post","status-publish","format-standard","hentry","category-twitter"],"_links":{"self":[{"href":"https:\/\/www.x-v-x.de\/blog\/index.php?rest_route=\/wp\/v2\/posts\/11733","targetHints":{"allow":["GET"]}}],"collection":[{"href":"https:\/\/www.x-v-x.de\/blog\/index.php?rest_route=\/wp\/v2\/posts"}],"about":[{"href":"https:\/\/www.x-v-x.de\/blog\/index.php?rest_route=\/wp\/v2\/types\/post"}],"author":[{"embeddable":true,"href":"https:\/\/www.x-v-x.de\/blog\/index.php?rest_route=\/wp\/v2\/users\/1"}],"replies":[{"embeddable":true,"href":"https:\/\/www.x-v-x.de\/blog\/index.php?rest_route=%2Fwp%2Fv2%2Fcomments&post=11733"}],"version-history":[{"count":0,"href":"https:\/\/www.x-v-x.de\/blog\/index.php?rest_route=\/wp\/v2\/posts\/11733\/revisions"}],"wp:attachment":[{"href":"https:\/\/www.x-v-x.de\/blog\/index.php?rest_route=%2Fwp%2Fv2%2Fmedia&parent=11733"}],"wp:term":[{"taxonomy":"category","embeddable":true,"href":"https:\/\/www.x-v-x.de\/blog\/index.php?rest_route=%2Fwp%2Fv2%2Fcategories&post=11733"},{"taxonomy":"post_tag","embeddable":true,"href":"https:\/\/www.x-v-x.de\/blog\/index.php?rest_route=%2Fwp%2Fv2%2Ftags&post=11733"}],"curies":[{"name":"wp","href":"https:\/\/api.w.org\/{rel}","templated":true}]}}