{"id":11735,"date":"2020-10-03T11:15:50","date_gmt":"2020-10-03T09:15:50","guid":{"rendered":"http:\/\/www.x-v-x.de\/blog\/?p=11735"},"modified":"2020-10-25T11:16:05","modified_gmt":"2020-10-25T10:16:05","slug":"tweets-2020-10-02","status":"publish","type":"post","link":"https:\/\/www.x-v-x.de\/blog\/?p=11735","title":{"rendered":"tweets | 2020-10-02"},"content":{"rendered":"<blockquote class=\"twitter-tweet\" data-width=\"550\" data-dnt=\"true\">\n<p lang=\"nl\" dir=\"ltr\">&#39;morgen!<\/p>\n<p>&mdash; viola vo\u00df (@v_i_o_l_a) <a href=\"https:\/\/twitter.com\/v_i_o_l_a\/status\/1311879391891292160?ref_src=twsrc%5Etfw\">October 2, 2020<\/a><\/p><\/blockquote>\n<p><script async src=\"https:\/\/platform.twitter.com\/widgets.js\" charset=\"utf-8\"><\/script><\/p>\n<blockquote class=\"twitter-tweet\" data-width=\"550\" data-dnt=\"true\">\n<p lang=\"en\" dir=\"ltr\">This September, 2020, Tom Mosterd from OAPEN (<a href=\"https:\/\/twitter.com\/OAPENbooks?ref_src=twsrc%5Etfw\">@OAPENbooks<\/a>) has conducted an interview with Dr. Sebastian Nordhoff from Language Science Press (<a href=\"https:\/\/twitter.com\/LangSciPress?ref_src=twsrc%5Etfw\">@LangSciPress<\/a>), a scholarly-led <a href=\"https:\/\/twitter.com\/hashtag\/openaccess?src=hash&amp;ref_src=twsrc%5Etfw\">#openaccess<\/a> publisher in Linguistics that has published over 120 books thus far <a href=\"https:\/\/t.co\/68IQedZpXS\">https:\/\/t.co\/68IQedZpXS<\/a><\/p>\n<p>&mdash; Open Research Community (@OpenRCommunity) <a href=\"https:\/\/twitter.com\/OpenRCommunity\/status\/1311339621977067520?ref_src=twsrc%5Etfw\">September 30, 2020<\/a><\/p><\/blockquote>\n<p><script async src=\"https:\/\/platform.twitter.com\/widgets.js\" charset=\"utf-8\"><\/script><\/p>\n<blockquote class=\"twitter-tweet\" data-width=\"550\" data-dnt=\"true\">\n<p lang=\"en\" dir=\"ltr\">Well, I can\u2019t argue with this logic! <a href=\"https:\/\/twitter.com\/hashtag\/CalvinandHobbes?src=hash&amp;ref_src=twsrc%5Etfw\">#CalvinandHobbes<\/a> <a href=\"https:\/\/t.co\/yFW7KB4l7s\">pic.twitter.com\/yFW7KB4l7s<\/a><\/p>\n<p>&mdash; Calvin and Hobbes Fan Account (@Calvinn_Hobbes) <a href=\"https:\/\/twitter.com\/Calvinn_Hobbes\/status\/1311365258888568834?ref_src=twsrc%5Etfw\">September 30, 2020<\/a><\/p><\/blockquote>\n<p><script async src=\"https:\/\/platform.twitter.com\/widgets.js\" charset=\"utf-8\"><\/script><\/p>\n<blockquote class=\"twitter-tweet\" data-width=\"550\" data-dnt=\"true\">\n<p lang=\"de\" dir=\"ltr\">Ausf\u00fchrlicher Artikel zu arabischen Kochb\u00fcchern der Vormoderne. <a href=\"https:\/\/twitter.com\/hashtag\/foodhistory?src=hash&amp;ref_src=twsrc%5Etfw\">#foodhistory<\/a> \/\/ Medieval Arabic cookbooks: Reviving the taste of history | Middle East News | Al Jazeera <a href=\"https:\/\/t.co\/cA4F56J4aj\">https:\/\/t.co\/cA4F56J4aj<\/a><\/p>\n<p>&mdash; Sebastian Kubon (stillgelegter Account) (@SebastianKubon) <a href=\"https:\/\/twitter.com\/SebastianKubon\/status\/1311772183807614978?ref_src=twsrc%5Etfw\">October 1, 2020<\/a><\/p><\/blockquote>\n<p><script async src=\"https:\/\/platform.twitter.com\/widgets.js\" charset=\"utf-8\"><\/script><br \/>\nhttps:\/\/twitter.com\/v_i_o_l_a\/status\/1311882931988836355<\/p>\n<blockquote class=\"twitter-tweet\" data-width=\"550\" data-dnt=\"true\">\n<p lang=\"en\" dir=\"ltr\">Cool!!! Old English description of magnet in 11th-c. lapidary:<\/p>\n<p>&quot;A certain stone is called &#39;magnet&#39;: if iron is above that stone it will fall on that stone; if that stone is above, it will jump up against that stone.&quot; <a href=\"https:\/\/t.co\/HkmDhgI6Lv\">pic.twitter.com\/HkmDhgI6Lv<\/a><\/p>\n<p>&mdash; Thijs Porck (@thijsporck) <a href=\"https:\/\/twitter.com\/thijsporck\/status\/1311735740024356865?ref_src=twsrc%5Etfw\">October 1, 2020<\/a><\/p><\/blockquote>\n<p><script async src=\"https:\/\/platform.twitter.com\/widgets.js\" charset=\"utf-8\"><\/script><\/p>\n<blockquote class=\"twitter-tweet\" data-width=\"550\" data-dnt=\"true\">\n<p lang=\"en\" dir=\"ltr\">The Sifter Catalogues 5,000 Historic Cookbooks \u2013 COOL HUNTING\u00ae <a href=\"https:\/\/t.co\/DyWmat6gx9\">https:\/\/t.co\/DyWmat6gx9<\/a><\/p>\n<p>&mdash; Christian M\u00e4hler (@notizbuchblog) <a href=\"https:\/\/twitter.com\/notizbuchblog\/status\/1301780800728424450?ref_src=twsrc%5Etfw\">September 4, 2020<\/a><\/p><\/blockquote>\n<p><script async src=\"https:\/\/platform.twitter.com\/widgets.js\" charset=\"utf-8\"><\/script><\/p>\n<blockquote class=\"twitter-tweet\" data-width=\"550\" data-dnt=\"true\">\n<p lang=\"en\" dir=\"ltr\">Increase Your Productivity + Conquer Your To-Do List with Analog <a href=\"https:\/\/t.co\/WzgF6uMDdq\">https:\/\/t.co\/WzgF6uMDdq<\/a><\/p>\n<p>&mdash; Christian M\u00e4hler (@notizbuchblog) <a href=\"https:\/\/twitter.com\/notizbuchblog\/status\/1302867951981297671?ref_src=twsrc%5Etfw\">September 7, 2020<\/a><\/p><\/blockquote>\n<p><script async src=\"https:\/\/platform.twitter.com\/widgets.js\" charset=\"utf-8\"><\/script><\/p>\n<blockquote class=\"twitter-tweet\" data-width=\"550\" data-dnt=\"true\">\n<p lang=\"en\" dir=\"ltr\">tips by <a href=\"https:\/\/twitter.com\/grantdraws?ref_src=twsrc%5Etfw\">@grantdraws<\/a>: &quot;how to ask a question&quot; <a href=\"https:\/\/t.co\/vcDhDWp7F7\">https:\/\/t.co\/vcDhDWp7F7<\/a><\/p>\n<p>&mdash; viola vo\u00df (@v_i_o_l_a) <a href=\"https:\/\/twitter.com\/v_i_o_l_a\/status\/1311889966767767555?ref_src=twsrc%5Etfw\">October 2, 2020<\/a><\/p><\/blockquote>\n<p><script async src=\"https:\/\/platform.twitter.com\/widgets.js\" charset=\"utf-8\"><\/script><\/p>\n<blockquote class=\"twitter-tweet\" data-width=\"550\" data-dnt=\"true\">\n<p lang=\"de\" dir=\"ltr\">f\u00fcr <a href=\"https:\/\/twitter.com\/hashtag\/oboe?src=hash&amp;ref_src=twsrc%5Etfw\">#oboe<\/a>\u200bist:innen und <a href=\"https:\/\/twitter.com\/hashtag\/fagott?src=hash&amp;ref_src=twsrc%5Etfw\">#fagott<\/a>\u200bist:innen: es gibt einen neuen alu-wasserbecher f\u00fcr <a href=\"https:\/\/twitter.com\/hashtag\/rohre?src=hash&amp;ref_src=twsrc%5Etfw\">#rohre<\/a>, der dicht sein soll: <a href=\"https:\/\/t.co\/LnuZgGf2wN\">https:\/\/t.co\/LnuZgGf2wN<\/a> \ud83d\ude42<\/p>\n<p>&mdash; viola vo\u00df (@v_i_o_l_a) <a href=\"https:\/\/twitter.com\/v_i_o_l_a\/status\/1311892337686122497?ref_src=twsrc%5Etfw\">October 2, 2020<\/a><\/p><\/blockquote>\n<p><script async src=\"https:\/\/platform.twitter.com\/widgets.js\" charset=\"utf-8\"><\/script><\/p>\n<blockquote class=\"twitter-tweet\" data-width=\"550\" data-dnt=\"true\">\n<p lang=\"en\" dir=\"ltr\">&quot;l\u00fcften&quot;, the first German word with an umlaut to enter the English language<br \/> <a href=\"https:\/\/t.co\/tRCg5btyvw\">https:\/\/t.co\/tRCg5btyvw<\/a><\/p>\n<p>&mdash; Marco L\u00fcbbecke (@mluebbecke) <a href=\"https:\/\/twitter.com\/mluebbecke\/status\/1311905288014966787?ref_src=twsrc%5Etfw\">October 2, 2020<\/a><\/p><\/blockquote>\n<p><script async src=\"https:\/\/platform.twitter.com\/widgets.js\" charset=\"utf-8\"><\/script><\/p>\n<blockquote class=\"twitter-tweet\" data-width=\"550\" data-dnt=\"true\">\n<p lang=\"de\" dir=\"ltr\">Aus unseren Neuerwerbungen \u2013 Slavistik 2020.10 <a href=\"https:\/\/t.co\/No5eyZG18t\">https:\/\/t.co\/No5eyZG18t<\/a><\/p>\n<p>&mdash; ULB_MS_FachInfo (@ULB_MS_FachInfo) <a href=\"https:\/\/twitter.com\/ULB_MS_FachInfo\/status\/1311912185761857542?ref_src=twsrc%5Etfw\">October 2, 2020<\/a><\/p><\/blockquote>\n<p><script async src=\"https:\/\/platform.twitter.com\/widgets.js\" charset=\"utf-8\"><\/script><\/p>\n<blockquote class=\"twitter-tweet\" data-width=\"550\" data-dnt=\"true\">\n<p lang=\"de\" dir=\"ltr\">Aus unseren Neuerwerbungen \u2013 Romanistik 2020.10 <a href=\"https:\/\/t.co\/E3LqjP967o\">https:\/\/t.co\/E3LqjP967o<\/a><\/p>\n<p>&mdash; ULB_MS_FachInfo (@ULB_MS_FachInfo) <a href=\"https:\/\/twitter.com\/ULB_MS_FachInfo\/status\/1311912189138276354?ref_src=twsrc%5Etfw\">October 2, 2020<\/a><\/p><\/blockquote>\n<p><script async src=\"https:\/\/platform.twitter.com\/widgets.js\" charset=\"utf-8\"><\/script><\/p>\n<blockquote class=\"twitter-tweet\" data-width=\"550\" data-dnt=\"true\">\n<p lang=\"en\" dir=\"ltr\">Okay, but how will anyone know if they lose their sense of taste? <a href=\"https:\/\/twitter.com\/hashtag\/TrumpHasCovid?src=hash&amp;ref_src=twsrc%5Etfw\">#TrumpHasCovid<\/a> <a href=\"https:\/\/t.co\/nTAhWppuMW\">pic.twitter.com\/nTAhWppuMW<\/a><\/p>\n<p>&mdash; Kevin Babbles (@KevinBabbles) <a href=\"https:\/\/twitter.com\/KevinBabbles\/status\/1311926046023913472?ref_src=twsrc%5Etfw\">October 2, 2020<\/a><\/p><\/blockquote>\n<p><script async src=\"https:\/\/platform.twitter.com\/widgets.js\" charset=\"utf-8\"><\/script><br \/>\nhttps:\/\/twitter.com\/v_i_o_l_a\/status\/1311936488771399680<\/p>\n<blockquote class=\"twitter-tweet\" data-width=\"550\" data-dnt=\"true\">\n<p lang=\"de\" dir=\"ltr\">Das OAPEN Open Access Books Toolkit wurde auf den <a href=\"https:\/\/twitter.com\/hashtag\/OAT20?src=hash&amp;ref_src=twsrc%5Etfw\">#OAT20<\/a> auch in einem Poster vorgestellt <a href=\"https:\/\/t.co\/vf6LGZrvI7\">https:\/\/t.co\/vf6LGZrvI7<\/a> <a href=\"https:\/\/t.co\/dZYaheTi5K\">https:\/\/t.co\/dZYaheTi5K<\/a><\/p>\n<p>&mdash; @OATage@openbiblio.social (@OATage) <a href=\"https:\/\/twitter.com\/OATage\/status\/1311921028461977601?ref_src=twsrc%5Etfw\">October 2, 2020<\/a><\/p><\/blockquote>\n<p><script async src=\"https:\/\/platform.twitter.com\/widgets.js\" charset=\"utf-8\"><\/script><\/p>\n<blockquote class=\"twitter-tweet\" data-width=\"550\" data-dnt=\"true\">\n<p lang=\"en\" dir=\"ltr\">Historians in 2050 will be writing their entire PhD thesis on specific days of 2020.<\/p>\n<p>\u201cI specialize in American history of Oct 1, 2020, crossing over a bit into Oct 2, 2020\u201d<\/p>\n<p>&mdash; Vikas Reddy (@vikasreddy) <a href=\"https:\/\/twitter.com\/vikasreddy\/status\/1311909110644965377?ref_src=twsrc%5Etfw\">October 2, 2020<\/a><\/p><\/blockquote>\n<p><script async src=\"https:\/\/platform.twitter.com\/widgets.js\" charset=\"utf-8\"><\/script><\/p>\n<blockquote class=\"twitter-tweet\" data-width=\"550\" data-dnt=\"true\">\n<p lang=\"de\" dir=\"ltr\">K\u00f6nnen wir uns bitte heute mehrmals gegenseitig daran erinnern, dass morgen ein BUNDESWEITER GESETZLICHER FEIERTAG ist und die Wochenendeink\u00e4ufe deshalb HEUTE noch erledigt werden m\u00fcssen?<\/p>\n<p>&mdash; Marian \/ Mastodon: @mtwirth@berlin.social (@mtwirth) <a href=\"https:\/\/twitter.com\/mtwirth\/status\/1311902555757252608?ref_src=twsrc%5Etfw\">October 2, 2020<\/a><\/p><\/blockquote>\n<p><script async src=\"https:\/\/platform.twitter.com\/widgets.js\" charset=\"utf-8\"><\/script><br \/>\nhttps:\/\/twitter.com\/v_i_o_l_a\/status\/1311938320558108675<\/p>\n<blockquote class=\"twitter-tweet\" data-width=\"550\" data-dnt=\"true\">\n<p lang=\"de\" dir=\"ltr\">heute im kopfh\u00f6rer: Workshop II der reihe &quot;Digitale Lehre in der Informationswissenschaft \u2013 Von der Pandemie bedingten Notwendigkeit zu Lessons Learned und Best-Practices&quot; \u203a <a href=\"https:\/\/t.co\/1GxNvnx4dT\">https:\/\/t.co\/1GxNvnx4dT<\/a><\/p>\n<p>&mdash; viola vo\u00df (@v_i_o_l_a) <a href=\"https:\/\/twitter.com\/v_i_o_l_a\/status\/1311939985340280832?ref_src=twsrc%5Etfw\">October 2, 2020<\/a><\/p><\/blockquote>\n<p><script async src=\"https:\/\/platform.twitter.com\/widgets.js\" charset=\"utf-8\"><\/script><\/p>\n<blockquote class=\"twitter-tweet\" data-width=\"550\" data-dnt=\"true\">\n<p lang=\"de\" dir=\"ltr\">die folien und aufzeichnungen zu den vortr\u00e4gen des ersten workshops sind bereits online; die zu heute werden dann kommende woche folgen.<\/p>\n<p>&mdash; viola vo\u00df (@v_i_o_l_a) <a href=\"https:\/\/twitter.com\/v_i_o_l_a\/status\/1311940778957180929?ref_src=twsrc%5Etfw\">October 2, 2020<\/a><\/p><\/blockquote>\n<p><script async src=\"https:\/\/platform.twitter.com\/widgets.js\" charset=\"utf-8\"><\/script><\/p>\n<blockquote class=\"twitter-tweet\" data-width=\"550\" data-dnt=\"true\">\n<p lang=\"de\" dir=\"ltr\">der spontan festgelegte hashtag f\u00fcr heute: <a href=\"https:\/\/twitter.com\/hashtag\/DLInfoWiss?src=hash&amp;ref_src=twsrc%5Etfw\">#DLInfoWiss<\/a>. \ud83d\ude42<\/p>\n<p>&mdash; viola vo\u00df (@v_i_o_l_a) <a href=\"https:\/\/twitter.com\/v_i_o_l_a\/status\/1311941178284290048?ref_src=twsrc%5Etfw\">October 2, 2020<\/a><\/p><\/blockquote>\n<p><script async src=\"https:\/\/platform.twitter.com\/widgets.js\" charset=\"utf-8\"><\/script><\/p>\n<blockquote class=\"twitter-tweet\" data-width=\"550\" data-dnt=\"true\">\n<p lang=\"de\" dir=\"ltr\">wir beginnen mit Jutta Bertram von der Hochschule Hannover zu &quot;Screencasts und Audio-Instruktionen, \u00dcbungen und kommentierte Musterl\u00f6sungen \u2013 Ein asynchrones Online-Lehrkonzept f\u00fcr die Inhaltserschlie\u00dfung&quot;. eins ihrer meist genutzten tools: ein diktierger\u00e4t! \ud83d\ude42 <a href=\"https:\/\/twitter.com\/hashtag\/DLInfoWiss?src=hash&amp;ref_src=twsrc%5Etfw\">#DLInfoWiss<\/a><\/p>\n<p>&mdash; viola vo\u00df (@v_i_o_l_a) <a href=\"https:\/\/twitter.com\/v_i_o_l_a\/status\/1311941939042885632?ref_src=twsrc%5Etfw\">October 2, 2020<\/a><\/p><\/blockquote>\n<p><script async src=\"https:\/\/platform.twitter.com\/widgets.js\" charset=\"utf-8\"><\/script><\/p>\n<blockquote class=\"twitter-tweet\" data-width=\"550\" data-dnt=\"true\">\n<p lang=\"de\" dir=\"ltr\">Jetzt gerade 2. Session des Workshops &quot;Digitale Lehre in der Informationswissenschaft&quot; von KIBA und HI. Gro\u00dfartig, so viele liebe Kolleg*innen wieder zu sehen. Bin gespannt auf die 4 Best Practice Beispiele! <a href=\"https:\/\/twitter.com\/hashtag\/DLInfoWiss?src=hash&amp;ref_src=twsrc%5Etfw\">#DLInfoWiss<\/a> <a href=\"https:\/\/twitter.com\/hashtag\/digitalelehre?src=hash&amp;ref_src=twsrc%5Etfw\">#digitalelehre<\/a> <a href=\"https:\/\/twitter.com\/hashtag\/digitalturn?src=hash&amp;ref_src=twsrc%5Etfw\">#digitalturn<\/a> <a href=\"https:\/\/twitter.com\/hashtag\/informationswissenschaft?src=hash&amp;ref_src=twsrc%5Etfw\">#informationswissenschaft<\/a><\/p>\n<p>&mdash; Antje Michel Antje Michel@EjtnaMic@bildung.social (@EjtnaMic) <a href=\"https:\/\/twitter.com\/EjtnaMic\/status\/1311942025340747778?ref_src=twsrc%5Etfw\">October 2, 2020<\/a><\/p><\/blockquote>\n<p><script async src=\"https:\/\/platform.twitter.com\/widgets.js\" charset=\"utf-8\"><\/script><\/p>\n<blockquote class=\"twitter-tweet\" data-width=\"550\" data-dnt=\"true\">\n<p lang=\"de\" dir=\"ltr\">Fazits: die &quot;Asynchronizit\u00e4t&quot; hat Vor- und Nachteile, es sind gute Materialien entstanden, die nun dauerhaft zur Verf\u00fcgung stehen, und die Konzentration auf &quot;nur Lehre&quot; war eine gute neue Erfahrung. <a href=\"https:\/\/twitter.com\/hashtag\/DLInfoWiss?src=hash&amp;ref_src=twsrc%5Etfw\">#DLInfoWiss<\/a> <a href=\"https:\/\/t.co\/XbP8Asm0xb\">pic.twitter.com\/XbP8Asm0xb<\/a><\/p>\n<p>&mdash; viola vo\u00df (@v_i_o_l_a) <a href=\"https:\/\/twitter.com\/v_i_o_l_a\/status\/1311944197650472960?ref_src=twsrc%5Etfw\">October 2, 2020<\/a><\/p><\/blockquote>\n<p><script async src=\"https:\/\/platform.twitter.com\/widgets.js\" charset=\"utf-8\"><\/script><\/p>\n<blockquote class=\"twitter-tweet\" data-width=\"550\" data-dnt=\"true\">\n<p lang=\"de\" dir=\"ltr\">&#8230; und zwar hier: <a href=\"https:\/\/t.co\/YxctnVvhjr\">https:\/\/t.co\/YxctnVvhjr<\/a> <a href=\"https:\/\/t.co\/4yT5jSMm7S\">https:\/\/t.co\/4yT5jSMm7S<\/a><\/p>\n<p>&mdash; DGI (@DGIInfo) <a href=\"https:\/\/twitter.com\/DGIInfo\/status\/1311944395030179840?ref_src=twsrc%5Etfw\">October 2, 2020<\/a><\/p><\/blockquote>\n<p><script async src=\"https:\/\/platform.twitter.com\/widgets.js\" charset=\"utf-8\"><\/script><\/p>\n<blockquote class=\"twitter-tweet\" data-width=\"550\" data-dnt=\"true\">\n<p lang=\"de\" dir=\"ltr\">weiter geht es mit Stefan Dreisiebner (<a href=\"https:\/\/twitter.com\/sdreisiebner?ref_src=twsrc%5Etfw\">@sdreisiebner<\/a>?) von der Universit\u00e4t Hildesheim zu &quot;Von digitaler Lehre im Sommersemester zu nachhaltigen Open Educational Resources: Das Beispiel des Seminars Informationsethik an der Universit\u00e4t Hildesheim&quot;. <a href=\"https:\/\/twitter.com\/hashtag\/DLInfoWiss?src=hash&amp;ref_src=twsrc%5Etfw\">#DLInfoWiss<\/a> <a href=\"https:\/\/twitter.com\/hashtag\/OER?src=hash&amp;ref_src=twsrc%5Etfw\">#OER<\/a> <a href=\"https:\/\/twitter.com\/hashtag\/DigitaleLehre?src=hash&amp;ref_src=twsrc%5Etfw\">#DigitaleLehre<\/a><\/p>\n<p>&mdash; viola vo\u00df (@v_i_o_l_a) <a href=\"https:\/\/twitter.com\/v_i_o_l_a\/status\/1311946464365600770?ref_src=twsrc%5Etfw\">October 2, 2020<\/a><\/p><\/blockquote>\n<p><script async src=\"https:\/\/platform.twitter.com\/widgets.js\" charset=\"utf-8\"><\/script><br \/>\nhttps:\/\/twitter.com\/v_i_o_l_a\/status\/1311946529612197888<\/p>\n<blockquote class=\"twitter-tweet\" data-width=\"550\" data-dnt=\"true\">\n<p lang=\"de\" dir=\"ltr\">Proble-, \u00e4hm, Herausforderungen waren z.B. unzureichende Internetverbindungen und die Tatsache, dass die Diskussionstiefe die aus Pr\u00e4senzzeiten nicht erreicht hat; die Wissensvermittlung und die Studierenden-Pr\u00e4sentationen (mit Peer Review!) liefen aber gut. <a href=\"https:\/\/twitter.com\/hashtag\/DLInfoWiss?src=hash&amp;ref_src=twsrc%5Etfw\">#DLInfoWiss<\/a> <a href=\"https:\/\/t.co\/whIPHAQhSL\">pic.twitter.com\/whIPHAQhSL<\/a><\/p>\n<p>&mdash; viola vo\u00df (@v_i_o_l_a) <a href=\"https:\/\/twitter.com\/v_i_o_l_a\/status\/1311947476413407238?ref_src=twsrc%5Etfw\">October 2, 2020<\/a><\/p><\/blockquote>\n<p><script async src=\"https:\/\/platform.twitter.com\/widgets.js\" charset=\"utf-8\"><\/script><\/p>\n<blockquote class=\"twitter-tweet\" data-width=\"550\" data-dnt=\"true\">\n<p lang=\"de\" dir=\"ltr\">Ein Ziel des Seminars war es, nachhaltige <a href=\"https:\/\/twitter.com\/hashtag\/OER?src=hash&amp;ref_src=twsrc%5Etfw\">#OER<\/a>-Lehrmaterialien zu entwickeln f\u00fcr einen Kurs &quot;Introduction to Information Ethics and Academic Writing&quot;. Sie sollen \u00fcber das OER-Portal Niedersachen ver\u00f6ffentlicht werden. (<a href=\"https:\/\/t.co\/b6SazBXlxJ\">https:\/\/t.co\/b6SazBXlxJ<\/a>) <a href=\"https:\/\/twitter.com\/hashtag\/DLInfoWiss?src=hash&amp;ref_src=twsrc%5Etfw\">#DLInfoWiss<\/a> <a href=\"https:\/\/twitter.com\/hashtag\/Informationsethik?src=hash&amp;ref_src=twsrc%5Etfw\">#Informationsethik<\/a> <a href=\"https:\/\/t.co\/UZwpciuL20\">pic.twitter.com\/UZwpciuL20<\/a><\/p>\n<p>&mdash; viola vo\u00df (@v_i_o_l_a) <a href=\"https:\/\/twitter.com\/v_i_o_l_a\/status\/1311948246378577921?ref_src=twsrc%5Etfw\">October 2, 2020<\/a><\/p><\/blockquote>\n<p><script async src=\"https:\/\/platform.twitter.com\/widgets.js\" charset=\"utf-8\"><\/script><\/p>\n<blockquote class=\"twitter-tweet\" data-width=\"550\" data-dnt=\"true\">\n<p lang=\"de\" dir=\"ltr\">Sehr spannende Erkenntnis aus stud. Evaluation von Jutta Bertram: Audio-Instruktionen wurden von allen Lehr-Lernformen am besten beurteilt (neben Screencasts, Besprechungen, \u00dcbungen, Musterl\u00f6sungen). <a href=\"https:\/\/twitter.com\/hashtag\/DLInfoWiss?src=hash&amp;ref_src=twsrc%5Etfw\">#DLInfoWiss<\/a> <a href=\"https:\/\/twitter.com\/hashtag\/digitalturn?src=hash&amp;ref_src=twsrc%5Etfw\">#digitalturn<\/a> <a href=\"https:\/\/twitter.com\/hashtag\/DigitaleLehre?src=hash&amp;ref_src=twsrc%5Etfw\">#DigitaleLehre<\/a><\/p>\n<p>&mdash; Antje Michel Antje Michel@EjtnaMic@bildung.social (@EjtnaMic) <a href=\"https:\/\/twitter.com\/EjtnaMic\/status\/1311947205465473027?ref_src=twsrc%5Etfw\">October 2, 2020<\/a><\/p><\/blockquote>\n<p><script async src=\"https:\/\/platform.twitter.com\/widgets.js\" charset=\"utf-8\"><\/script><\/p>\n<blockquote class=\"twitter-tweet\" data-width=\"550\" data-dnt=\"true\">\n<p lang=\"de\" dir=\"ltr\">Aus der Diskussion: Ein Caveat f\u00fcr <a href=\"https:\/\/twitter.com\/hashtag\/CreativeCommons?src=hash&amp;ref_src=twsrc%5Etfw\">#CreativeCommons<\/a>-Lizenzen: Mit der NC-Komponente schlie\u00dft man mehr aus, als man meistens meint, auch im Hochschul-Kontext! Infos dazu z.B bei <a href=\"https:\/\/twitter.com\/iRightsinfo?ref_src=twsrc%5Etfw\">@iRightsinfo<\/a>: <a href=\"https:\/\/t.co\/pGVksIsE9G\">https:\/\/t.co\/pGVksIsE9G<\/a> <a href=\"https:\/\/twitter.com\/hashtag\/DLInfoWiss?src=hash&amp;ref_src=twsrc%5Etfw\">#DLInfoWiss<\/a><\/p>\n<p>&mdash; viola vo\u00df (@v_i_o_l_a) <a href=\"https:\/\/twitter.com\/v_i_o_l_a\/status\/1311950443384320001?ref_src=twsrc%5Etfw\">October 2, 2020<\/a><\/p><\/blockquote>\n<p><script async src=\"https:\/\/platform.twitter.com\/widgets.js\" charset=\"utf-8\"><\/script><\/p>\n<blockquote class=\"twitter-tweet\" data-width=\"550\" data-dnt=\"true\">\n<p lang=\"de\" dir=\"ltr\">Auch interessant zum Thema <a href=\"https:\/\/twitter.com\/hashtag\/OER?src=hash&amp;ref_src=twsrc%5Etfw\">#OER<\/a> und <a href=\"https:\/\/twitter.com\/hashtag\/Lizenzen?src=hash&amp;ref_src=twsrc%5Etfw\">#Lizenzen<\/a>:  <a href=\"https:\/\/t.co\/TrVthoKagO\">https:\/\/t.co\/TrVthoKagO<\/a> <a href=\"https:\/\/twitter.com\/hashtag\/DLInfoWiss?src=hash&amp;ref_src=twsrc%5Etfw\">#DLInfoWiss<\/a><\/p>\n<p>&mdash; viola vo\u00df (@v_i_o_l_a) <a href=\"https:\/\/twitter.com\/v_i_o_l_a\/status\/1311950771244670978?ref_src=twsrc%5Etfw\">October 2, 2020<\/a><\/p><\/blockquote>\n<p><script async src=\"https:\/\/platform.twitter.com\/widgets.js\" charset=\"utf-8\"><\/script><\/p>\n<blockquote class=\"twitter-tweet\" data-width=\"550\" data-dnt=\"true\">\n<p lang=\"de\" dir=\"ltr\">Weiter geht es mit Hannes Schnaitter vom <a href=\"https:\/\/twitter.com\/IBI_HU?ref_src=twsrc%5Etfw\">@ibi_hu<\/a> mit &quot;Ein Gegen\u00fcber bieten \u2013 Moderation zur Unterst\u00fctzung der Online-Lehre&quot;. In der fehlt n\u00e4mlich der sehr wichtige Anteil &quot;K\u00f6rpersprache und Mimik&quot; in der Kommunikation. <a href=\"https:\/\/twitter.com\/hashtag\/DLInfoWiss?src=hash&amp;ref_src=twsrc%5Etfw\">#DLInfoWiss<\/a> <a href=\"https:\/\/t.co\/iSajxTbtnJ\">pic.twitter.com\/iSajxTbtnJ<\/a><\/p>\n<p>&mdash; viola vo\u00df (@v_i_o_l_a) <a href=\"https:\/\/twitter.com\/v_i_o_l_a\/status\/1311951223512346624?ref_src=twsrc%5Etfw\">October 2, 2020<\/a><\/p><\/blockquote>\n<p><script async src=\"https:\/\/platform.twitter.com\/widgets.js\" charset=\"utf-8\"><\/script><\/p>\n<blockquote class=\"twitter-tweet\" data-width=\"550\" data-dnt=\"true\">\n<p lang=\"de\" dir=\"ltr\">Noch mehr Musik! Neben nkoda und medici_tv-EDU haben Angeh\u00f6rige der <a href=\"https:\/\/twitter.com\/wwu_muenster?ref_src=twsrc%5Etfw\">@WWU_Muenster<\/a> nun auch (testweise &#8211; noch bis Ende 31.10.2020!) Zugriff auf die Digital Concert Hall der Berliner Philharmoniker: <a href=\"https:\/\/t.co\/L8881gnSLH\">https:\/\/t.co\/L8881gnSLH<\/a> <a href=\"https:\/\/twitter.com\/hashtag\/Fachreferat?src=hash&amp;ref_src=twsrc%5Etfw\">#Fachreferat<\/a> <a href=\"https:\/\/twitter.com\/hashtag\/Musik?src=hash&amp;ref_src=twsrc%5Etfw\">#Musik<\/a><\/p>\n<p>&mdash; @bgebert@openbiblio.social \uea00 (@BjoernGebert) <a href=\"https:\/\/twitter.com\/BjoernGebert\/status\/1311950545373061120?ref_src=twsrc%5Etfw\">October 2, 2020<\/a><\/p><\/blockquote>\n<p><script async src=\"https:\/\/platform.twitter.com\/widgets.js\" charset=\"utf-8\"><\/script><br \/>\nhttps:\/\/twitter.com\/v_i_o_l_a\/status\/1311951920538550275<\/p>\n<blockquote class=\"twitter-tweet\" data-width=\"550\" data-dnt=\"true\">\n<p lang=\"de\" dir=\"ltr\">Der Einsatz studentischer Hilfskr\u00e4fte zur Unterst\u00fctzung der Lehrveranstaltungen als Moderator:innen, Ansprechpartner:innen und &quot;Gute Fee im Hintergrund&quot; ist gut angekommen. F\u00fcr das Wintersemester wird &quot;hybrid&quot; geplant. <a href=\"https:\/\/twitter.com\/hashtag\/DLInfoWiss?src=hash&amp;ref_src=twsrc%5Etfw\">#DLInfoWiss<\/a> <a href=\"https:\/\/twitter.com\/hashtag\/DigitaleLehre?src=hash&amp;ref_src=twsrc%5Etfw\">#DigitaleLehre<\/a> <a href=\"https:\/\/twitter.com\/hashtag\/SHKs?src=hash&amp;ref_src=twsrc%5Etfw\">#SHKs<\/a> <a href=\"https:\/\/twitter.com\/hashtag\/Unterst%C3%BCtzung?src=hash&amp;ref_src=twsrc%5Etfw\">#Unterst\u00fctzung<\/a> <a href=\"https:\/\/t.co\/hPGd2rdmnH\">pic.twitter.com\/hPGd2rdmnH<\/a><\/p>\n<p>&mdash; viola vo\u00df (@v_i_o_l_a) <a href=\"https:\/\/twitter.com\/v_i_o_l_a\/status\/1311953364784238593?ref_src=twsrc%5Etfw\">October 2, 2020<\/a><\/p><\/blockquote>\n<p><script async src=\"https:\/\/platform.twitter.com\/widgets.js\" charset=\"utf-8\"><\/script><\/p>\n<blockquote class=\"twitter-tweet\" data-width=\"550\" data-dnt=\"true\">\n<p lang=\"de\" dir=\"ltr\">[f\u00fcr den letzten Eintrag auf der &quot;Erfahrungen&quot;-Folie&quot; \u2013 &quot;man muss das Wohnzimmer nicht aufr\u00e4umen&quot; \u2013 war ich beim &quot;Screenshotten&quot; leider zu langsam. :)] [und die Diskussion hab ich aufgrund eines dienstlichen Telefonats leider verpasst. :\/]<\/p>\n<p>&mdash; viola vo\u00df (@v_i_o_l_a) <a href=\"https:\/\/twitter.com\/v_i_o_l_a\/status\/1311955794242482177?ref_src=twsrc%5Etfw\">October 2, 2020<\/a><\/p><\/blockquote>\n<p><script async src=\"https:\/\/platform.twitter.com\/widgets.js\" charset=\"utf-8\"><\/script><\/p>\n<blockquote class=\"twitter-tweet\" data-width=\"550\" data-dnt=\"true\">\n<p lang=\"de\" dir=\"ltr\">Last but not least nun Nico Sa\u00df, ebenfalls vom <a href=\"https:\/\/twitter.com\/IBI_HU?ref_src=twsrc%5Etfw\">@ibi_hu<\/a> zu &quot;\u201eIch habe permanent das Gef\u00fchl, dass ich nicht Schritt halten kann.\u201c \u2013 Feedback zur Lehre in einem komplett digitalen Semester&quot;. <a href=\"https:\/\/twitter.com\/hashtag\/DLInfoWiss?src=hash&amp;ref_src=twsrc%5Etfw\">#DLInfoWiss<\/a> <a href=\"https:\/\/twitter.com\/hashtag\/DigitaleLehre?src=hash&amp;ref_src=twsrc%5Etfw\">#DigitaleLehre<\/a> <a href=\"https:\/\/twitter.com\/hashtag\/OnlineLehre?src=hash&amp;ref_src=twsrc%5Etfw\">#OnlineLehre<\/a><\/p>\n<p>&mdash; viola vo\u00df (@v_i_o_l_a) <a href=\"https:\/\/twitter.com\/v_i_o_l_a\/status\/1311957599378644992?ref_src=twsrc%5Etfw\">October 2, 2020<\/a><\/p><\/blockquote>\n<p><script async src=\"https:\/\/platform.twitter.com\/widgets.js\" charset=\"utf-8\"><\/script><\/p>\n<blockquote class=\"twitter-tweet\" data-width=\"550\" data-dnt=\"true\">\n<p lang=\"de\" dir=\"ltr\">In der Evaluation haben Studierende als Probleme zB. fehlenden pers\u00f6nlichen Kontakt, fehlende Motivation, Zeitmangel und Planungsunsicherheit genannt. Positive Aspekte zB.: eindeutige Kurs-Strukturen, abwechselnde Formate und die M\u00f6glichkeiten zur Stoff-Wiederholung  <a href=\"https:\/\/twitter.com\/hashtag\/DLInfoWiss?src=hash&amp;ref_src=twsrc%5Etfw\">#DLInfoWiss<\/a> <a href=\"https:\/\/t.co\/Wmxt9GiZlY\">pic.twitter.com\/Wmxt9GiZlY<\/a><\/p>\n<p>&mdash; viola vo\u00df (@v_i_o_l_a) <a href=\"https:\/\/twitter.com\/v_i_o_l_a\/status\/1311958257116868608?ref_src=twsrc%5Etfw\">October 2, 2020<\/a><\/p><\/blockquote>\n<p><script async src=\"https:\/\/platform.twitter.com\/widgets.js\" charset=\"utf-8\"><\/script><\/p>\n<blockquote class=\"twitter-tweet\" data-width=\"550\" data-dnt=\"true\">\n<p lang=\"de\" dir=\"ltr\">Das studentische Feedback am <a href=\"https:\/\/twitter.com\/IBI_HU?ref_src=twsrc%5Etfw\">@IBI_HU<\/a> legt nahe, dass die Kursmaterialien m\u00f6glichst in unterschiedlichen Formaten bereit gestellt und geeignet f\u00fcr die eigenst\u00e4ndige Wiederholung werden sollte. <a href=\"https:\/\/twitter.com\/hashtag\/DLInfoWiss?src=hash&amp;ref_src=twsrc%5Etfw\">#DLInfoWiss<\/a> <a href=\"https:\/\/twitter.com\/hashtag\/DigitaleLehre?src=hash&amp;ref_src=twsrc%5Etfw\">#DigitaleLehre<\/a> <a href=\"https:\/\/twitter.com\/hashtag\/digitalturn?src=hash&amp;ref_src=twsrc%5Etfw\">#digitalturn<\/a> <a href=\"https:\/\/t.co\/xbIoaVVjT0\">https:\/\/t.co\/xbIoaVVjT0<\/a><\/p>\n<p>&mdash; Antje Michel Antje Michel@EjtnaMic@bildung.social (@EjtnaMic) <a href=\"https:\/\/twitter.com\/EjtnaMic\/status\/1311958542103052288?ref_src=twsrc%5Etfw\">October 2, 2020<\/a><\/p><\/blockquote>\n<p><script async src=\"https:\/\/platform.twitter.com\/widgets.js\" charset=\"utf-8\"><\/script><\/p>\n<blockquote class=\"twitter-tweet\" data-width=\"550\" data-dnt=\"true\">\n<p lang=\"de\" dir=\"ltr\">Aspekte bei der Bewertung von &quot;Liveschalten&quot; waren die Moderation und der Umgang mit Fragen, die Dauer der Sessions oder die rechtzeitige Material-Bereitstellung. Auf dem Wunschzettel ua.: bessere Planbarkeit, mehr synchrone Lehre, mehr Interaktion untereinander. <a href=\"https:\/\/twitter.com\/hashtag\/DLInfoWiss?src=hash&amp;ref_src=twsrc%5Etfw\">#DLInfoWiss<\/a> <a href=\"https:\/\/t.co\/su62LdMnJE\">pic.twitter.com\/su62LdMnJE<\/a><\/p>\n<p>&mdash; viola vo\u00df (@v_i_o_l_a) <a href=\"https:\/\/twitter.com\/v_i_o_l_a\/status\/1311959332125315072?ref_src=twsrc%5Etfw\">October 2, 2020<\/a><\/p><\/blockquote>\n<p><script async src=\"https:\/\/platform.twitter.com\/widgets.js\" charset=\"utf-8\"><\/script><\/p>\n<blockquote class=\"twitter-tweet\" data-width=\"550\" data-dnt=\"true\">\n<p lang=\"de\" dir=\"ltr\">Ein sch\u00f6nes Zitat aus der Evaluation: &quot;Und die Online-Lehre hat ja auch Vorteile: Ich kann jederzeit guten Kaffee trinken, und muss Samstags nicht um 6 aufstehen.&quot; \ud83d\ude42 <a href=\"https:\/\/twitter.com\/hashtag\/DLInfoWiss?src=hash&amp;ref_src=twsrc%5Etfw\">#DLInfoWiss<\/a> <a href=\"https:\/\/twitter.com\/hashtag\/DigitaleLehre?src=hash&amp;ref_src=twsrc%5Etfw\">#DigitaleLehre<\/a> <a href=\"https:\/\/twitter.com\/hashtag\/OnlineLehre?src=hash&amp;ref_src=twsrc%5Etfw\">#OnlineLehre<\/a> <a href=\"https:\/\/twitter.com\/hashtag\/Evaluation?src=hash&amp;ref_src=twsrc%5Etfw\">#Evaluation<\/a> <a href=\"https:\/\/twitter.com\/hashtag\/Studierende?src=hash&amp;ref_src=twsrc%5Etfw\">#Studierende<\/a> <a href=\"https:\/\/t.co\/DnsXOAwIUx\">pic.twitter.com\/DnsXOAwIUx<\/a><\/p>\n<p>&mdash; viola vo\u00df (@v_i_o_l_a) <a href=\"https:\/\/twitter.com\/v_i_o_l_a\/status\/1311959715593834496?ref_src=twsrc%5Etfw\">October 2, 2020<\/a><\/p><\/blockquote>\n<p><script async src=\"https:\/\/platform.twitter.com\/widgets.js\" charset=\"utf-8\"><\/script><\/p>\n<blockquote class=\"twitter-tweet\" data-width=\"550\" data-dnt=\"true\">\n<p lang=\"de\" dir=\"ltr\">aus der Diskussion: Ideale L\u00e4nge f\u00fcr <a href=\"https:\/\/twitter.com\/hashtag\/Screencasts?src=hash&amp;ref_src=twsrc%5Etfw\">#Screencasts<\/a>? Bisherige Erfahrungen: 10\u201320 Minuten. Den Wunsch nach mehr synchroner Lehre gibts auch an anderen Hochschulen \u2013 vielleicht ein Argument f\u00fcr <a href=\"https:\/\/twitter.com\/hashtag\/FlippedClassroom?src=hash&amp;ref_src=twsrc%5Etfw\">#FlippedClassroom<\/a> &amp; f\u00fcr &quot;gute ausgef\u00fcllte synchrone Zeit&quot; (<a href=\"https:\/\/twitter.com\/HWiesenmueller?ref_src=twsrc%5Etfw\">@HWiesenmueller<\/a>)? <a href=\"https:\/\/twitter.com\/hashtag\/DLInfoWiss?src=hash&amp;ref_src=twsrc%5Etfw\">#DLInfoWiss<\/a><\/p>\n<p>&mdash; viola vo\u00df (@v_i_o_l_a) <a href=\"https:\/\/twitter.com\/v_i_o_l_a\/status\/1311960737636585472?ref_src=twsrc%5Etfw\">October 2, 2020<\/a><\/p><\/blockquote>\n<p><script async src=\"https:\/\/platform.twitter.com\/widgets.js\" charset=\"utf-8\"><\/script><\/p>\n<blockquote class=\"twitter-tweet\" data-width=\"550\" data-dnt=\"true\">\n<p lang=\"de\" dir=\"ltr\">Gibt es Metastudien zu Evaluationen des Sommersemesters? \u203a Auswertung einer gro\u00dfen Umfrage steht noch aus, aber es gibt eine &quot;Sammlung zu Forschungsprojekten und Forschungsergebnissen rundum das Thema Lehren und Lernen in Zeiten von Corona&quot;: <a href=\"https:\/\/t.co\/nKITiL9YlH\">https:\/\/t.co\/nKITiL9YlH<\/a> <a href=\"https:\/\/twitter.com\/hashtag\/DLInfoWiss?src=hash&amp;ref_src=twsrc%5Etfw\">#DLInfoWiss<\/a><\/p>\n<p>&mdash; viola vo\u00df (@v_i_o_l_a) <a href=\"https:\/\/twitter.com\/v_i_o_l_a\/status\/1311961451314253824?ref_src=twsrc%5Etfw\">October 2, 2020<\/a><\/p><\/blockquote>\n<p><script async src=\"https:\/\/platform.twitter.com\/widgets.js\" charset=\"utf-8\"><\/script><\/p>\n<blockquote class=\"twitter-tweet\" data-width=\"550\" data-dnt=\"true\">\n<p lang=\"de\" dir=\"ltr\">Fazit von Moderator @StefanSchmunk und sicherlich auch von vielen anderen Teilnehmer:innen: Ein interessanter Einblick in die Lehre, und viele Ideen zum &quot;Mitnehmen ins Wintersemester&quot;. Vielen Dank f\u00fcr die Veranstaltung! <a href=\"https:\/\/twitter.com\/hashtag\/DLInfoWiss?src=hash&amp;ref_src=twsrc%5Etfw\">#DLInfoWiss<\/a><\/p>\n<p>&mdash; viola vo\u00df (@v_i_o_l_a) <a href=\"https:\/\/twitter.com\/v_i_o_l_a\/status\/1311962389575880704?ref_src=twsrc%5Etfw\">October 2, 2020<\/a><\/p><\/blockquote>\n<p><script async src=\"https:\/\/platform.twitter.com\/widgets.js\" charset=\"utf-8\"><\/script><\/p>\n<blockquote class=\"twitter-tweet\" data-width=\"550\" data-dnt=\"true\">\n<p lang=\"de\" dir=\"ltr\">Die Folien und die Vortragsaufzeichnungen von heute werden in einigen Tagen dann auch auf der Veranstaltungs-Seite zu finden sein: <a href=\"https:\/\/t.co\/1GxNvnx4dT\">https:\/\/t.co\/1GxNvnx4dT<\/a> <a href=\"https:\/\/twitter.com\/hashtag\/DLInfoWiss?src=hash&amp;ref_src=twsrc%5Etfw\">#DLInfoWiss<\/a><\/p>\n<p>&mdash; viola vo\u00df (@v_i_o_l_a) <a href=\"https:\/\/twitter.com\/v_i_o_l_a\/status\/1311962603309203456?ref_src=twsrc%5Etfw\">October 2, 2020<\/a><\/p><\/blockquote>\n<p><script async src=\"https:\/\/platform.twitter.com\/widgets.js\" charset=\"utf-8\"><\/script><br \/>\nhttps:\/\/twitter.com\/v_i_o_l_a\/status\/1311965705735151619<br \/>\nhttps:\/\/twitter.com\/v_i_o_l_a\/status\/1311967219581161474<br \/>\nhttps:\/\/twitter.com\/v_i_o_l_a\/status\/1311976456801652737<\/p>\n<blockquote class=\"twitter-tweet\" data-width=\"550\" data-dnt=\"true\">\n<p lang=\"de\" dir=\"ltr\">10 Jahre Virtuelle B\u00fccherei Wien beweisen: BibliothekarInnen m\u00fcssen sich nicht vor eBooks f\u00fcrchten. Allenfalls vor deren potentiellen NutzerInnen. <br \/>Ein kleines Best of-eBook-Support.<\/p>\n<p>&mdash; B\u00fcchereien Wien (@buechereiwien) <a href=\"https:\/\/twitter.com\/buechereiwien\/status\/1311584255487758336?ref_src=twsrc%5Etfw\">October 1, 2020<\/a><\/p><\/blockquote>\n<p><script async src=\"https:\/\/platform.twitter.com\/widgets.js\" charset=\"utf-8\"><\/script><\/p>\n<blockquote class=\"twitter-tweet\" data-width=\"550\" data-dnt=\"true\">\n<p lang=\"en\" dir=\"ltr\">We have a Wikipedia entry for Language Science Press, but only in the English Wikipedia (<a href=\"https:\/\/t.co\/HsOJ86HtHj\">https:\/\/t.co\/HsOJ86HtHj<\/a>). Linguists can do better! If you have some time and a Wikipedia account, why don&#39;t you add something to Wikipedia in the language(s) of your preference?<\/p>\n<p>&mdash; @langscipress@openbiblio.social (@LangSciPress) <a href=\"https:\/\/twitter.com\/LangSciPress\/status\/1311944154403004416?ref_src=twsrc%5Etfw\">October 2, 2020<\/a><\/p><\/blockquote>\n<p><script async src=\"https:\/\/platform.twitter.com\/widgets.js\" charset=\"utf-8\"><\/script><br \/>\nhttps:\/\/twitter.com\/v_i_o_l_a\/status\/1311977595433619456<\/p>\n<blockquote class=\"twitter-tweet\" data-width=\"550\" data-dnt=\"true\">\n<p lang=\"de\" dir=\"ltr\">Musik! Testzugang zur \u201eDigital Concert Hall\u201c der Berliner Philharmoniker <a href=\"https:\/\/t.co\/MGrFcoyu2e\">https:\/\/t.co\/MGrFcoyu2e<\/a><\/p>\n<p>&mdash; ULB_MS_FachInfo (@ULB_MS_FachInfo) <a href=\"https:\/\/twitter.com\/ULB_MS_FachInfo\/status\/1311957420751675392?ref_src=twsrc%5Etfw\">October 2, 2020<\/a><\/p><\/blockquote>\n<p><script async src=\"https:\/\/platform.twitter.com\/widgets.js\" charset=\"utf-8\"><\/script><\/p>\n<blockquote class=\"twitter-tweet\" data-width=\"550\" data-dnt=\"true\">\n<p lang=\"de\" dir=\"ltr\">Jemand hat mir eine angebrochene Flasche Tinte geschenkt und ich frage mich, ob ich je diese Sicherheit beim Schreiben haben werde, dass ich mir eine Flasche mit 500ml Tinte kaufen. <a href=\"https:\/\/t.co\/N462aiLEin\">pic.twitter.com\/N462aiLEin<\/a><\/p>\n<p>&mdash; Swagunke (@swagunke) <a href=\"https:\/\/twitter.com\/swagunke\/status\/1311949786313035777?ref_src=twsrc%5Etfw\">October 2, 2020<\/a><\/p><\/blockquote>\n<p><script async src=\"https:\/\/platform.twitter.com\/widgets.js\" charset=\"utf-8\"><\/script><\/p>\n<blockquote class=\"twitter-tweet\" data-width=\"550\" data-dnt=\"true\">\n<p lang=\"en\" dir=\"ltr\">Hello <a href=\"https:\/\/twitter.com\/SHARPorg?ref_src=twsrc%5Etfw\">@SHARPorg<\/a>! Follow us for updates about the SHARP annual conference 2021: Moving Texts: From Discovery to Delivery, to be hosted by @BookStudies_WWU in collaboration with the <a href=\"https:\/\/twitter.com\/dfg_public?ref_src=twsrc%5Etfw\">@dfg_public<\/a> <a href=\"https:\/\/twitter.com\/hashtag\/sfb1385?src=hash&amp;ref_src=twsrc%5Etfw\">#sfb1385<\/a> Law and Literature from July 26-30, 2021. <a href=\"https:\/\/twitter.com\/hashtag\/movingtexts?src=hash&amp;ref_src=twsrc%5Etfw\">#movingtexts<\/a> <a href=\"https:\/\/twitter.com\/hashtag\/lawandliterature?src=hash&amp;ref_src=twsrc%5Etfw\">#lawandliterature<\/a><\/p>\n<p>&mdash; SHARP 2021 Moving Texts (@MovingTexts2021) <a href=\"https:\/\/twitter.com\/MovingTexts2021\/status\/1311933744052305920?ref_src=twsrc%5Etfw\">October 2, 2020<\/a><\/p><\/blockquote>\n<p><script async src=\"https:\/\/platform.twitter.com\/widgets.js\" charset=\"utf-8\"><\/script><\/p>\n<blockquote class=\"twitter-tweet\" data-width=\"550\" data-dnt=\"true\">\n<p lang=\"de\" dir=\"ltr\">am heutigen <a href=\"https:\/\/twitter.com\/hashtag\/fachreferatsfreitag?src=hash&amp;ref_src=twsrc%5Etfw\">#fachreferatsfreitag<\/a> habe ich mal ein wenig in die perspektive von lehrenden in der corona-zeit reingeh\u00f6rt, im zweiten workshop dieser reihe: <a href=\"https:\/\/t.co\/1GxNvnx4dT\">https:\/\/t.co\/1GxNvnx4dT<\/a> mein thread dazu: <a href=\"https:\/\/t.co\/QzbZnyZvUS\">https:\/\/t.co\/QzbZnyZvUS<\/a> \u2013 sehr interessant!<\/p>\n<p>&mdash; viola vo\u00df (@v_i_o_l_a) <a href=\"https:\/\/twitter.com\/v_i_o_l_a\/status\/1311987819896864769?ref_src=twsrc%5Etfw\">October 2, 2020<\/a><\/p><\/blockquote>\n<p><script async src=\"https:\/\/platform.twitter.com\/widgets.js\" charset=\"utf-8\"><\/script><\/p>\n<blockquote class=\"twitter-tweet\" data-width=\"550\" data-dnt=\"true\">\n<p lang=\"de\" dir=\"ltr\">ich durfte im april meine t\u00e4tigkeiten hier in der bibliothek f\u00fcr ein modul im berufsbegleitenden malis-studiengang an der @th_koeln vorstellen. ich hab audio-dateien zu den folien erstellt, mit &quot;bl\u00e4tter-hinweisen&quot;, weil ich dachte, dass videos, in denen man \u2026<\/p>\n<p>&mdash; viola vo\u00df (@v_i_o_l_a) <a href=\"https:\/\/twitter.com\/v_i_o_l_a\/status\/1311988498761764865?ref_src=twsrc%5Etfw\">October 2, 2020<\/a><\/p><\/blockquote>\n<p><script async src=\"https:\/\/platform.twitter.com\/widgets.js\" charset=\"utf-8\"><\/script><\/p>\n<blockquote class=\"twitter-tweet\" data-width=\"550\" data-dnt=\"true\">\n<p lang=\"de\" dir=\"ltr\">f\u00fcr einen eventuellen n\u00e4chsten l\u00e4ngeren vortrag im rahmen eines seminars werde ich dann nochmal dr\u00fcber nachdenken. \ud83d\ude42 ansonsten gabs diese woche im <a href=\"https:\/\/twitter.com\/hashtag\/fachreferat?src=hash&amp;ref_src=twsrc%5Etfw\">#fachreferat<\/a> etwas erwerbung und verschlagwortung sowie ein telefonat mit einem prof zu datenbank-erwerbungs- und nutzungs-fragen.<\/p>\n<p>&mdash; viola vo\u00df (@v_i_o_l_a) <a href=\"https:\/\/twitter.com\/v_i_o_l_a\/status\/1311989961420226562?ref_src=twsrc%5Etfw\">October 2, 2020<\/a><\/p><\/blockquote>\n<p><script async src=\"https:\/\/platform.twitter.com\/widgets.js\" charset=\"utf-8\"><\/script><\/p>\n<blockquote class=\"twitter-tweet\" data-width=\"550\" data-dnt=\"true\">\n<p lang=\"de\" dir=\"ltr\">au\u00dferdem hab ich die oktober-fachblog-posts f\u00fcr romanistik, allg. &amp; vgl. sprach- + literaturwissenschaften sowie sprachen &amp; kulturen afrikas, asiens +ozeaniens geschrieben. und dabei ein bisschen <a href=\"https:\/\/twitter.com\/hashtag\/squirrelcontent?src=hash&amp;ref_src=twsrc%5Etfw\">#squirrelcontent<\/a> reingeschmuggelt \u2013 mal sehen, ob es jemandem auffallen wird. 8)<\/p>\n<p>&mdash; viola vo\u00df (@v_i_o_l_a) <a href=\"https:\/\/twitter.com\/v_i_o_l_a\/status\/1311990363503112192?ref_src=twsrc%5Etfw\">October 2, 2020<\/a><\/p><\/blockquote>\n<p><script async src=\"https:\/\/platform.twitter.com\/widgets.js\" charset=\"utf-8\"><\/script><\/p>\n<blockquote class=\"twitter-tweet\" data-width=\"550\" data-dnt=\"true\">\n<p lang=\"en\" dir=\"ltr\">&quot;Artificial Intelligence and the Book Industry&quot;: <a href=\"https:\/\/twitter.com\/hashtag\/WhitePaper?src=hash&amp;ref_src=twsrc%5Etfw\">#WhitePaper<\/a> by <a href=\"https:\/\/twitter.com\/tolebrun?ref_src=twsrc%5Etfw\">@tolebrun<\/a> and <a href=\"https:\/\/twitter.com\/reneaudet?ref_src=twsrc%5Etfw\">@reneaudet<\/a> in English: <a href=\"https:\/\/t.co\/gZVVYVSiJb\">https:\/\/t.co\/gZVVYVSiJb<\/a> and in French: <a href=\"https:\/\/t.co\/yioyQda3Yn\">https:\/\/t.co\/yioyQda3Yn<\/a> <a href=\"https:\/\/twitter.com\/hashtag\/ArtificialIntelligence?src=hash&amp;ref_src=twsrc%5Etfw\">#ArtificialIntelligence<\/a> <a href=\"https:\/\/twitter.com\/hashtag\/AI?src=hash&amp;ref_src=twsrc%5Etfw\">#AI<\/a> <a href=\"https:\/\/twitter.com\/hashtag\/books?src=hash&amp;ref_src=twsrc%5Etfw\">#books<\/a> <a href=\"https:\/\/twitter.com\/hashtag\/BookIndustry?src=hash&amp;ref_src=twsrc%5Etfw\">#BookIndustry<\/a> <a href=\"https:\/\/twitter.com\/hashtag\/BookPublishing?src=hash&amp;ref_src=twsrc%5Etfw\">#BookPublishing<\/a> cc @BookStudies_WWU<\/p>\n<p>&mdash; viola vo\u00df (@v_i_o_l_a) <a href=\"https:\/\/twitter.com\/v_i_o_l_a\/status\/1312008110639386624?ref_src=twsrc%5Etfw\">October 2, 2020<\/a><\/p><\/blockquote>\n<p><script async src=\"https:\/\/platform.twitter.com\/widgets.js\" charset=\"utf-8\"><\/script><\/p>\n<blockquote class=\"twitter-tweet\" data-width=\"550\" data-dnt=\"true\">\n<p lang=\"de\" dir=\"ltr\">Mythen (und <a href=\"https:\/\/twitter.com\/hashtag\/FakeNews?src=hash&amp;ref_src=twsrc%5Etfw\">#FakeNews<\/a>) ums <a href=\"https:\/\/twitter.com\/hashtag\/Coronavirus?src=hash&amp;ref_src=twsrc%5Etfw\">#Coronavirus<\/a>: Jetzt sollen angeblich Menschen gestorben sein, weil sie eine Maske trugen. <a href=\"https:\/\/t.co\/8VQcgxKvDo\">https:\/\/t.co\/8VQcgxKvDo<\/a><\/p>\n<p>&mdash; Spektrum (@spektrum) <a href=\"https:\/\/twitter.com\/spektrum\/status\/1311987677357637634?ref_src=twsrc%5Etfw\">October 2, 2020<\/a><\/p><\/blockquote>\n<p><script async src=\"https:\/\/platform.twitter.com\/widgets.js\" charset=\"utf-8\"><\/script><\/p>\n<blockquote class=\"twitter-tweet\" data-width=\"550\" data-dnt=\"true\">\n<p lang=\"de\" dir=\"ltr\">Die Stadt M\u00fcnster und die Veranstalter der hiesigen Weihnachtsm\u00e4rkte werden ein coronagem\u00e4\u00dfes und trotzdem attraktives Angebot zum Advent auf die Beine stellen. Alle Infos in unserer aktuellen Pressemitteilung: <a href=\"https:\/\/t.co\/3yMV4OfGvu\">https:\/\/t.co\/3yMV4OfGvu<\/a><\/p>\n<p>&mdash; Stadt M\u00fcnster (@muenster_de) <a href=\"https:\/\/twitter.com\/muenster_de\/status\/1312007355987615745?ref_src=twsrc%5Etfw\">October 2, 2020<\/a><\/p><\/blockquote>\n<p><script async src=\"https:\/\/platform.twitter.com\/widgets.js\" charset=\"utf-8\"><\/script><br \/>\nhttps:\/\/twitter.com\/v_i_o_l_a\/status\/1312010428990599169<\/p>\n<blockquote class=\"twitter-tweet\" data-width=\"550\" data-dnt=\"true\">\n<p lang=\"de\" dir=\"ltr\">Es ist jetzt 15 Uhr.<\/p>\n<p>&mdash; zurvollenstunde (@zurvollenstunde) <a href=\"https:\/\/twitter.com\/zurvollenstunde\/status\/1312014481514549249?ref_src=twsrc%5Etfw\">October 2, 2020<\/a><\/p><\/blockquote>\n<p><script async src=\"https:\/\/platform.twitter.com\/widgets.js\" charset=\"utf-8\"><\/script><\/p>\n<blockquote class=\"twitter-tweet\" data-width=\"550\" data-dnt=\"true\">\n<p lang=\"de\" dir=\"ltr\">AutoLink TIB\/UB ist in der tat ein praktisches tool zum bestandsabgleich. <a href=\"https:\/\/twitter.com\/hashtag\/bibliothek?src=hash&amp;ref_src=twsrc%5Etfw\">#bibliothek<\/a> <a href=\"https:\/\/twitter.com\/hashtag\/fachreferat?src=hash&amp;ref_src=twsrc%5Etfw\">#fachreferat<\/a> <a href=\"https:\/\/twitter.com\/hashtag\/tools?src=hash&amp;ref_src=twsrc%5Etfw\">#tools<\/a> <a href=\"https:\/\/t.co\/54w9nJw9xf\">https:\/\/t.co\/54w9nJw9xf<\/a><\/p>\n<p>&mdash; viola vo\u00df (@v_i_o_l_a) <a href=\"https:\/\/twitter.com\/v_i_o_l_a\/status\/1312048625678192640?ref_src=twsrc%5Etfw\">October 2, 2020<\/a><\/p><\/blockquote>\n<p><script async src=\"https:\/\/platform.twitter.com\/widgets.js\" charset=\"utf-8\"><\/script><br \/>\nhttps:\/\/twitter.com\/v_i_o_l_a\/status\/1312049689462792192<\/p>\n<blockquote class=\"twitter-tweet\" data-width=\"550\" data-dnt=\"true\">\n<p lang=\"de\" dir=\"ltr\">wir wurden auch mal gefragt, ob unser openaccess-fonds cover charges \u00fcbernimmt (was er nicht tut). ich habe den autor dann gefragt, ob bei ihm im institut noch gedruckte zeitschriftenhefte ausliegen. &quot;nein, warum?&quot; \u2013 &quot;wer w\u00fcrde denn das cover der ausgabe \u00fcberhaupt sehen?&quot; \u2013 &quot;hm.&quot; <a href=\"https:\/\/t.co\/8TWcYQljaP\">https:\/\/t.co\/8TWcYQljaP<\/a><\/p>\n<p>&mdash; viola vo\u00df (@v_i_o_l_a) <a href=\"https:\/\/twitter.com\/v_i_o_l_a\/status\/1312049981105352711?ref_src=twsrc%5Etfw\">October 2, 2020<\/a><\/p><\/blockquote>\n<p><script async src=\"https:\/\/platform.twitter.com\/widgets.js\" charset=\"utf-8\"><\/script><\/p>\n<blockquote class=\"twitter-tweet\" data-width=\"550\" data-dnt=\"true\">\n<p lang=\"en\" dir=\"ltr\">&quot;Good morning! I&#39;m afraid you&#39;ll need to wear a mask while you&#39;re in the library.&quot;<br \/>&quot;Yeah, I have one in my car.&quot;<br \/>&quot;Well, I&#39;m not a trained medical professional but I&#39;m not 100% sure that it works from there.&quot;<\/p>\n<p>&mdash; Lousy Librarian (@LousyLibrarian) <a href=\"https:\/\/twitter.com\/LousyLibrarian\/status\/1312047588485537793?ref_src=twsrc%5Etfw\">October 2, 2020<\/a><\/p><\/blockquote>\n<p><script async src=\"https:\/\/platform.twitter.com\/widgets.js\" charset=\"utf-8\"><\/script><br \/>\nhttps:\/\/twitter.com\/v_i_o_l_a\/status\/1312050098529095681<br \/>\nhttps:\/\/twitter.com\/v_i_o_l_a\/status\/1312051104256057345<br \/>\nhttps:\/\/twitter.com\/v_i_o_l_a\/status\/1312051155724308480<br \/>\nhttps:\/\/twitter.com\/v_i_o_l_a\/status\/1312051161520836608<\/p>\n<blockquote class=\"twitter-tweet\" data-width=\"550\" data-dnt=\"true\">\n<p lang=\"en\" dir=\"ltr\">Library of Congress Launches New Tool to Search Historical Newspaper Images <a href=\"https:\/\/t.co\/KlcNFJRIBG\">https:\/\/t.co\/KlcNFJRIBG<\/a><\/p>\n<p>&mdash; ZBW MediaTalk (@ZBW_MediaTalk) <a href=\"https:\/\/twitter.com\/ZBW_MediaTalk\/status\/1312014728122826754?ref_src=twsrc%5Etfw\">October 2, 2020<\/a><\/p><\/blockquote>\n<p><script async src=\"https:\/\/platform.twitter.com\/widgets.js\" charset=\"utf-8\"><\/script><br \/>\nhttps:\/\/twitter.com\/v_i_o_l_a\/status\/1312051284267216896<\/p>\n<blockquote class=\"twitter-tweet\" data-width=\"550\" data-dnt=\"true\">\n<p lang=\"de\" dir=\"ltr\">Das \u201eDeutsche Salernitanische Arzneibuch\u201c ist im Vergleich zu anderen medizinischen Gebrauchs- und Wissenstexten des 13. Jahrhunderts kaum erforscht. <\/p>\n<p>Nicolas Huss gibt im <a href=\"https:\/\/twitter.com\/Mittelalterblog?ref_src=twsrc%5Etfw\">@Mittelalterblog<\/a><br \/>neue Impulse in Bezug auf die Quellen und Vorlagen des Textes:<a href=\"https:\/\/t.co\/z2Mw4MN2TI\">https:\/\/t.co\/z2Mw4MN2TI<\/a> <a href=\"https:\/\/t.co\/U7UOtjMeGb\">pic.twitter.com\/U7UOtjMeGb<\/a><\/p>\n<p>&mdash; @dehypotheses@fedihum.org (@dehypotheses) <a href=\"https:\/\/twitter.com\/dehypotheses\/status\/1311540093761462272?ref_src=twsrc%5Etfw\">October 1, 2020<\/a><\/p><\/blockquote>\n<p><script async src=\"https:\/\/platform.twitter.com\/widgets.js\" charset=\"utf-8\"><\/script><\/p>\n<blockquote class=\"twitter-tweet\" data-width=\"550\" data-dnt=\"true\">\n<p lang=\"de\" dir=\"ltr\">Heute vor 40 Jahren: Richtfest f\u00fcr den Neubau der Stabi. Wir erinnern an diesen Tag mit einigen Fundst\u00fccken aus dem Archiv der Bibliothek: <a href=\"https:\/\/t.co\/wUuzHGHMfF\">https:\/\/t.co\/wUuzHGHMfF<\/a> \/mt <a href=\"https:\/\/t.co\/EldOHcWGw3\">pic.twitter.com\/EldOHcWGw3<\/a><\/p>\n<p>&mdash; Staats- und Universit\u00e4tsbibliothek Hamburg (@StabiHH) <a href=\"https:\/\/twitter.com\/StabiHH\/status\/1311898079646408704?ref_src=twsrc%5Etfw\">October 2, 2020<\/a><\/p><\/blockquote>\n<p><script async src=\"https:\/\/platform.twitter.com\/widgets.js\" charset=\"utf-8\"><\/script><\/p>\n<blockquote class=\"twitter-tweet\" data-width=\"550\" data-dnt=\"true\">\n<p lang=\"de\" dir=\"ltr\">bibliotheksrichtfest mit blasmusik &#8212; sehr gut. \ud83d\ude42 <a href=\"https:\/\/t.co\/rMDtuYJYQx\">https:\/\/t.co\/rMDtuYJYQx<\/a><\/p>\n<p>&mdash; viola vo\u00df (@v_i_o_l_a) <a href=\"https:\/\/twitter.com\/v_i_o_l_a\/status\/1312051662253633537?ref_src=twsrc%5Etfw\">October 2, 2020<\/a><\/p><\/blockquote>\n<p><script async src=\"https:\/\/platform.twitter.com\/widgets.js\" charset=\"utf-8\"><\/script><\/p>\n<blockquote class=\"twitter-tweet\" data-width=\"550\" data-dnt=\"true\">\n<p lang=\"de\" dir=\"ltr\">Sie hei\u00dfen Konfetti, Schnackblatt, Schillyschote oder Der Spargel und leisten viel f\u00fcr die <a href=\"https:\/\/twitter.com\/hashtag\/Demokratie?src=hash&amp;ref_src=twsrc%5Etfw\">#Demokratie<\/a> in der <a href=\"https:\/\/twitter.com\/hashtag\/Schule?src=hash&amp;ref_src=twsrc%5Etfw\">#Schule<\/a>. Sie geh\u00f6ren zu den besten in <a href=\"https:\/\/twitter.com\/hashtag\/Deutschland?src=hash&amp;ref_src=twsrc%5Etfw\">#Deutschland<\/a> und sind <a href=\"https:\/\/twitter.com\/hashtag\/ausgezeichnet?src=hash&amp;ref_src=twsrc%5Etfw\">#ausgezeichnet<\/a>: die besten <a href=\"https:\/\/twitter.com\/hashtag\/Sch%C3%BClerzeitungen?src=hash&amp;ref_src=twsrc%5Etfw\">#Sch\u00fclerzeitungen<\/a> 2020. <a href=\"https:\/\/t.co\/abpBDwIbJB\">https:\/\/t.co\/abpBDwIbJB<\/a> <a href=\"https:\/\/twitter.com\/jugendpresse?ref_src=twsrc%5Etfw\">@jugendpresse<\/a><\/p>\n<p>&mdash; Bundesrat (@bundesrat) <a href=\"https:\/\/twitter.com\/bundesrat\/status\/1311998407565770758?ref_src=twsrc%5Etfw\">October 2, 2020<\/a><\/p><\/blockquote>\n<p><script async src=\"https:\/\/platform.twitter.com\/widgets.js\" charset=\"utf-8\"><\/script><\/p>\n<blockquote class=\"twitter-tweet\" data-width=\"550\" data-dnt=\"true\">\n<p lang=\"zxx\" dir=\"ltr\"><a href=\"https:\/\/t.co\/6DHQaiQ9kD\">pic.twitter.com\/6DHQaiQ9kD<\/a><\/p>\n<p>&mdash; LanguageCrawler (@LanguageCrawler) <a href=\"https:\/\/twitter.com\/LanguageCrawler\/status\/1312111614535974912?ref_src=twsrc%5Etfw\">October 2, 2020<\/a><\/p><\/blockquote>\n<p><script async src=\"https:\/\/platform.twitter.com\/widgets.js\" charset=\"utf-8\"><\/script><\/p>\n<blockquote class=\"twitter-tweet\" data-width=\"550\" data-dnt=\"true\">\n<p lang=\"en\" dir=\"ltr\">2019: I am a professor. <br \/>2020: I am a low-budget television producer and web designer. Click this link at any time from 9-4, M-F to see my face on Zoom, I&#39;ll be there.<\/p>\n<p>&mdash; Alex Garlick (@garlicksauce) <a href=\"https:\/\/twitter.com\/garlicksauce\/status\/1311836894146289664?ref_src=twsrc%5Etfw\">October 2, 2020<\/a><\/p><\/blockquote>\n<p><script async src=\"https:\/\/platform.twitter.com\/widgets.js\" charset=\"utf-8\"><\/script><\/p>\n<blockquote class=\"twitter-tweet\" data-width=\"550\" data-dnt=\"true\">\n<p lang=\"en\" dir=\"ltr\">Well, today is <a href=\"https:\/\/twitter.com\/hashtag\/WorldSmileDay?src=hash&amp;ref_src=twsrc%5Etfw\">#WorldSmileDay<\/a> &#8230;<a href=\"https:\/\/twitter.com\/BLMedieval?ref_src=twsrc%5Etfw\">@BLMedieval<\/a> Add 36684 f. 86r <a href=\"https:\/\/t.co\/BLyUCqXF0Q\">pic.twitter.com\/BLyUCqXF0Q<\/a><\/p>\n<p>&mdash; Melibeus (@melibeus1) <a href=\"https:\/\/twitter.com\/melibeus1\/status\/1311997805335130113?ref_src=twsrc%5Etfw\">October 2, 2020<\/a><\/p><\/blockquote>\n<p><script async src=\"https:\/\/platform.twitter.com\/widgets.js\" charset=\"utf-8\"><\/script><\/p>\n<blockquote class=\"twitter-tweet\" data-width=\"550\" data-dnt=\"true\">\n<p lang=\"de\" dir=\"ltr\">Das waren immer meine Beispiele f\u00fcr die Vorstellung des Internets als  Weiterentwicklung des R\u00e9pertoire Bibliographique Universel. \u2665\ufe0f\u2665\ufe0f\u2665\ufe0f <a href=\"https:\/\/t.co\/xgu378qaXv\">https:\/\/t.co\/xgu378qaXv<\/a> <a href=\"https:\/\/t.co\/ca8oQWvzCU\">pic.twitter.com\/ca8oQWvzCU<\/a><\/p>\n<p>&mdash; Swagunke (@swagunke) <a href=\"https:\/\/twitter.com\/swagunke\/status\/1312091308543090688?ref_src=twsrc%5Etfw\">October 2, 2020<\/a><\/p><\/blockquote>\n<p><script async src=\"https:\/\/platform.twitter.com\/widgets.js\" charset=\"utf-8\"><\/script><br \/>\nhttps:\/\/twitter.com\/v_i_o_l_a\/status\/1312116285921062914<\/p>\n<blockquote class=\"twitter-tweet\" data-width=\"550\" data-dnt=\"true\">\n<p lang=\"de\" dir=\"ltr\">Terra X vom <a href=\"https:\/\/twitter.com\/ZDF?ref_src=twsrc%5Etfw\">@ZDF<\/a> bietet \u00fcbrigens schon seit diesem Juni  Clips unter CC-Lizenz: <a href=\"https:\/\/t.co\/UnTrN0yu0w\">https:\/\/t.co\/UnTrN0yu0w<\/a><\/p>\n<p>&mdash; ARDZDFmedienakademie (@ARDZDF_Akademie) <a href=\"https:\/\/twitter.com\/ARDZDF_Akademie\/status\/1312061529731338242?ref_src=twsrc%5Etfw\">October 2, 2020<\/a><\/p><\/blockquote>\n<p><script async src=\"https:\/\/platform.twitter.com\/widgets.js\" charset=\"utf-8\"><\/script><\/p>\n<blockquote class=\"twitter-tweet\" data-width=\"550\" data-dnt=\"true\">\n<p lang=\"de\" dir=\"ltr\">Wisst Ihr, was heut passiert ist? Ich habe einen Preis bekommen, \u00fcber den ich mich wirklich, wirklich sehr freue: Den Lehrpreis der Gesellschaft von Freunden und F\u00f6rderern der <a href=\"https:\/\/twitter.com\/tudresden_de?ref_src=twsrc%5Etfw\">@tudresden_de<\/a> (GFF) 2020 f\u00fcr virtuelle Lehre. Danke! \/cc <a href=\"https:\/\/twitter.com\/GSW_TUDresden?ref_src=twsrc%5Etfw\">@GSW_TUDresden<\/a> <a href=\"https:\/\/t.co\/q3H7y2v9NK\">pic.twitter.com\/q3H7y2v9NK<\/a><\/p>\n<p>&mdash; Alexander Lasch (@AlexanderLasch) <a href=\"https:\/\/twitter.com\/AlexanderLasch\/status\/1312068190181240838?ref_src=twsrc%5Etfw\">October 2, 2020<\/a><\/p><\/blockquote>\n<p><script async src=\"https:\/\/platform.twitter.com\/widgets.js\" charset=\"utf-8\"><\/script><br \/>\nhttps:\/\/twitter.com\/v_i_o_l_a\/status\/1312117081328902144<\/p>\n<blockquote class=\"twitter-tweet\" data-width=\"550\" data-dnt=\"true\">\n<p lang=\"en\" dir=\"ltr\">Did you know you can view and zoom in on a selection of whole drawer scans from our Coleoptera (beetle) collections? <a href=\"https:\/\/t.co\/omyZ5yFTx8\">https:\/\/t.co\/omyZ5yFTx8<\/a> <a href=\"https:\/\/t.co\/WZoeQruhyT\">pic.twitter.com\/WZoeQruhyT<\/a><\/p>\n<p>&mdash; Digitising the NHM (@NHM_Digitise) <a href=\"https:\/\/twitter.com\/NHM_Digitise\/status\/1310885210507051008?ref_src=twsrc%5Etfw\">September 29, 2020<\/a><\/p><\/blockquote>\n<p><script async src=\"https:\/\/platform.twitter.com\/widgets.js\" charset=\"utf-8\"><\/script><\/p>\n<blockquote class=\"twitter-tweet\" data-width=\"550\" data-dnt=\"true\">\n<p lang=\"de\" dir=\"ltr\">&#39;nacht allerseits, und sch\u00f6nes wochenende, trotz allem!<\/p>\n<p>&mdash; viola vo\u00df (@v_i_o_l_a) <a href=\"https:\/\/twitter.com\/v_i_o_l_a\/status\/1312122210501361664?ref_src=twsrc%5Etfw\">October 2, 2020<\/a><\/p><\/blockquote>\n<p><script async src=\"https:\/\/platform.twitter.com\/widgets.js\" charset=\"utf-8\"><\/script><\/p>\n","protected":false},"excerpt":{"rendered":"<p>&#39;morgen! &mdash; viola vo\u00df (@v_i_o_l_a) October 2, 2020 This September, 2020, Tom Mosterd from OAPEN (@OAPENbooks) has conducted an interview with Dr. Sebastian Nordhoff from Language Science Press (@LangSciPress), a scholarly-led #openaccess publisher in Linguistics that has published over 120 books thus far https:\/\/t.co\/68IQedZpXS &mdash; Open Research Community (@OpenRCommunity) September 30, 2020 Well, I can\u2019t [&hellip;]<\/p>\n","protected":false},"author":1,"featured_media":0,"comment_status":"open","ping_status":"open","sticky":false,"template":"","format":"standard","meta":{"footnotes":""},"categories":[36],"tags":[],"class_list":["post-11735","post","type-post","status-publish","format-standard","hentry","category-twitter"],"_links":{"self":[{"href":"https:\/\/www.x-v-x.de\/blog\/index.php?rest_route=\/wp\/v2\/posts\/11735","targetHints":{"allow":["GET"]}}],"collection":[{"href":"https:\/\/www.x-v-x.de\/blog\/index.php?rest_route=\/wp\/v2\/posts"}],"about":[{"href":"https:\/\/www.x-v-x.de\/blog\/index.php?rest_route=\/wp\/v2\/types\/post"}],"author":[{"embeddable":true,"href":"https:\/\/www.x-v-x.de\/blog\/index.php?rest_route=\/wp\/v2\/users\/1"}],"replies":[{"embeddable":true,"href":"https:\/\/www.x-v-x.de\/blog\/index.php?rest_route=%2Fwp%2Fv2%2Fcomments&post=11735"}],"version-history":[{"count":0,"href":"https:\/\/www.x-v-x.de\/blog\/index.php?rest_route=\/wp\/v2\/posts\/11735\/revisions"}],"wp:attachment":[{"href":"https:\/\/www.x-v-x.de\/blog\/index.php?rest_route=%2Fwp%2Fv2%2Fmedia&parent=11735"}],"wp:term":[{"taxonomy":"category","embeddable":true,"href":"https:\/\/www.x-v-x.de\/blog\/index.php?rest_route=%2Fwp%2Fv2%2Fcategories&post=11735"},{"taxonomy":"post_tag","embeddable":true,"href":"https:\/\/www.x-v-x.de\/blog\/index.php?rest_route=%2Fwp%2Fv2%2Ftags&post=11735"}],"curies":[{"name":"wp","href":"https:\/\/api.w.org\/{rel}","templated":true}]}}