{"id":1197,"date":"2008-02-28T17:39:04","date_gmt":"2008-02-28T16:39:04","guid":{"rendered":"http:\/\/www.x-v-x.de\/blog\/?p=1197"},"modified":"2009-02-05T20:52:39","modified_gmt":"2009-02-05T19:52:39","slug":"the-causative-erinnern-eventity","status":"publish","type":"post","link":"https:\/\/www.x-v-x.de\/blog\/?p=1197","title":{"rendered":"&#8222;the causative ERINNERN-eventity&#8220;"},"content":{"rendered":"<p><a href=\"https:\/\/www.x-v-x.de\/blog\/wp-content\/pics\/schalley-kuhn_2007-195.gif\" target=\"_blank\"><img loading=\"lazy\" decoding=\"async\" src=\"https:\/\/www.x-v-x.de\/blog\/wp-content\/pics\/_schalley-kuhn_2007-195.gif\" width=\"250\" height=\"244\" alt=\"erinnern im UER-modell\" title=\"erinnern im UER-modell\"  \/><\/a><\/p>\n<p>*puh*<br \/>\ndabei sieht das w\u00f6rtchen <i>erinnern<\/i> doch eigentlich ganz harmlos aus &#8230; \ud83d\ude42<\/p>\n<p>das ist eine graphische repr\u00e4sentation gem\u00e4\u00dfg dem <a href=\"http:\/\/www.degruyter.de\/cont\/fb\/sp\/detail.cfm?id=IS-9783110179514-1\" target=\"_blanK\">UER-modell<\/a> (vgl. z.b. auch <a href=\"http:\/\/portal.acm.org\/ft_gateway.cfm?id=1220468&#038;type=pdf&#038;coll=GUIDE&#038;dl=GUIDE&#038;CFID=18138139&#038;CFTOKEN=37911837\" target=\"_blank\">hier<\/a>).<br \/>\nsieht nicht ganz uninteressant aus, UER, aber ich hoffe, da\u00df ich mich damit dissm\u00e4\u00dfig nicht besch\u00e4ftigen muss &#8230;<\/p>\n<p>\nabbildung aus: <span style=\"font-variant: small-caps;\">schalley, andrea c. \/ kuhn, sandra<\/span> (2007): &#8222;a corpus-based analysis of german (sich) erinnern&#8220;. In: <span style=\"font-variant: small-caps;\">amberber, mengistu<\/span> (hrsg.): <i>the language of memory in a crosslinguistic perspective.<\/i> amsterdam\/philadelphia: benjamins. (= human cognitive processing (HCP). 21.) s. 181-207. hier: s. 195.<\/p>\n","protected":false},"excerpt":{"rendered":"<p>*puh* dabei sieht das w\u00f6rtchen erinnern doch eigentlich ganz harmlos aus &#8230; \ud83d\ude42 das ist eine graphische repr\u00e4sentation gem\u00e4\u00dfg dem UER-modell (vgl. z.b. auch hier). sieht nicht ganz uninteressant aus, UER, aber ich hoffe, da\u00df ich mich damit dissm\u00e4\u00dfig nicht besch\u00e4ftigen muss &#8230; abbildung aus: schalley, andrea c. \/ kuhn, sandra (2007): &#8222;a corpus-based analysis [&hellip;]<\/p>\n","protected":false},"author":1,"featured_media":0,"comment_status":"open","ping_status":"open","sticky":false,"template":"","format":"standard","meta":{"footnotes":""},"categories":[10,30],"tags":[],"class_list":["post-1197","post","type-post","status-publish","format-standard","hentry","category-linguistics","category-promotion"],"_links":{"self":[{"href":"https:\/\/www.x-v-x.de\/blog\/index.php?rest_route=\/wp\/v2\/posts\/1197","targetHints":{"allow":["GET"]}}],"collection":[{"href":"https:\/\/www.x-v-x.de\/blog\/index.php?rest_route=\/wp\/v2\/posts"}],"about":[{"href":"https:\/\/www.x-v-x.de\/blog\/index.php?rest_route=\/wp\/v2\/types\/post"}],"author":[{"embeddable":true,"href":"https:\/\/www.x-v-x.de\/blog\/index.php?rest_route=\/wp\/v2\/users\/1"}],"replies":[{"embeddable":true,"href":"https:\/\/www.x-v-x.de\/blog\/index.php?rest_route=%2Fwp%2Fv2%2Fcomments&post=1197"}],"version-history":[{"count":0,"href":"https:\/\/www.x-v-x.de\/blog\/index.php?rest_route=\/wp\/v2\/posts\/1197\/revisions"}],"wp:attachment":[{"href":"https:\/\/www.x-v-x.de\/blog\/index.php?rest_route=%2Fwp%2Fv2%2Fmedia&parent=1197"}],"wp:term":[{"taxonomy":"category","embeddable":true,"href":"https:\/\/www.x-v-x.de\/blog\/index.php?rest_route=%2Fwp%2Fv2%2Fcategories&post=1197"},{"taxonomy":"post_tag","embeddable":true,"href":"https:\/\/www.x-v-x.de\/blog\/index.php?rest_route=%2Fwp%2Fv2%2Ftags&post=1197"}],"curies":[{"name":"wp","href":"https:\/\/api.w.org\/{rel}","templated":true}]}}