{"id":12247,"date":"2021-05-27T13:02:03","date_gmt":"2021-05-27T11:02:03","guid":{"rendered":"https:\/\/www.x-v-x.de\/blog\/?p=12247"},"modified":"2021-07-11T13:02:19","modified_gmt":"2021-07-11T11:02:19","slug":"tweets-2021-05-26","status":"publish","type":"post","link":"https:\/\/www.x-v-x.de\/blog\/?p=12247","title":{"rendered":"tweets | 2021-05-26"},"content":{"rendered":"<blockquote class=\"twitter-tweet\" data-width=\"550\" data-dnt=\"true\">\n<p lang=\"nl\" dir=\"ltr\">&#39;morgen!<\/p>\n<p>&mdash; viola vo\u00df (@v_i_o_l_a) <a href=\"https:\/\/twitter.com\/v_i_o_l_a\/status\/1397411362582708224?ref_src=twsrc%5Etfw\">May 26, 2021<\/a><\/p><\/blockquote>\n<p><script async src=\"https:\/\/platform.twitter.com\/widgets.js\" charset=\"utf-8\"><\/script><\/p>\n<blockquote class=\"twitter-tweet\" data-width=\"550\" data-dnt=\"true\">\n<p lang=\"de\" dir=\"ltr\">&quot;Es ist nicht gut, die Welt nur durchs Fenster zu betrachten.&quot; (Stefan Aust, *1946, dt. Journalist) [via <a href=\"https:\/\/t.co\/L4VYhltLO1\">https:\/\/t.co\/L4VYhltLO1<\/a>]<\/p>\n<p>&mdash; viola vo\u00df (@v_i_o_l_a) <a href=\"https:\/\/twitter.com\/v_i_o_l_a\/status\/1397412250877562883?ref_src=twsrc%5Etfw\">May 26, 2021<\/a><\/p><\/blockquote>\n<p><script async src=\"https:\/\/platform.twitter.com\/widgets.js\" charset=\"utf-8\"><\/script><br \/>\nhttps:\/\/twitter.com\/v_i_o_l_a\/status\/1397433197865148421<\/p>\n<blockquote class=\"twitter-tweet\" data-width=\"550\" data-dnt=\"true\">\n<p lang=\"en\" dir=\"ltr\">\u2026 featuring <a href=\"https:\/\/twitter.com\/AGComic?ref_src=twsrc%5Etfw\">@AGComic<\/a>! \ud83d\ude42 <a href=\"https:\/\/twitter.com\/hashtag\/comics?src=hash&amp;ref_src=twsrc%5Etfw\">#comics<\/a> <a href=\"https:\/\/twitter.com\/hashtag\/comicforschung?src=hash&amp;ref_src=twsrc%5Etfw\">#comicforschung<\/a> <a href=\"https:\/\/t.co\/GqIIeOZPw9\">https:\/\/t.co\/GqIIeOZPw9<\/a><\/p>\n<p>&mdash; viola vo\u00df (@v_i_o_l_a) <a href=\"https:\/\/twitter.com\/v_i_o_l_a\/status\/1397451842397908997?ref_src=twsrc%5Etfw\">May 26, 2021<\/a><\/p><\/blockquote>\n<p><script async src=\"https:\/\/platform.twitter.com\/widgets.js\" charset=\"utf-8\"><\/script><\/p>\n<blockquote class=\"twitter-tweet\" data-width=\"550\" data-dnt=\"true\">\n<p lang=\"de\" dir=\"ltr\">Werte gerade 2020er-Jahresberichte von \u00d6ffentlichen Bibliotheken (ganzer DACH-Raum) aus und kann sagen, w\u00e4hrend so einige sich noch \u00fcber das Gender-* aufregen, haben sie eindeutig verloren. Sogar in diesen Berichten ist das * normal &#8211; Sprache hat sich (endlich) ver\u00e4ndert. Gut so.<\/p>\n<p>&mdash; karstens (@karstens) <a href=\"https:\/\/twitter.com\/karstens\/status\/1397461538991230977?ref_src=twsrc%5Etfw\">May 26, 2021<\/a><\/p><\/blockquote>\n<p><script async src=\"https:\/\/platform.twitter.com\/widgets.js\" charset=\"utf-8\"><\/script><br \/>\nhttps:\/\/twitter.com\/v_i_o_l_a\/status\/1397463150522474497<\/p>\n<blockquote class=\"twitter-tweet\" data-width=\"550\" data-dnt=\"true\">\n<p lang=\"de\" dir=\"ltr\">Hey <a href=\"https:\/\/twitter.com\/hashtag\/GIS?src=hash&amp;ref_src=twsrc%5Etfw\">#GIS<\/a> folks, wei\u00df jemand, wo es m\u00f6glichst exakte Geodaten (shape o.a.) der deutschen Autobahnen gibt? Amtliche Daten mit Versatz ca. 100 Meter sind leider nicht genau genug. Danke! <a href=\"https:\/\/twitter.com\/cartocalypse?ref_src=twsrc%5Etfw\">@cartocalypse<\/a> <a href=\"https:\/\/twitter.com\/A_Tack?ref_src=twsrc%5Etfw\">@A_Tack<\/a> <a href=\"https:\/\/twitter.com\/BKG_Bund?ref_src=twsrc%5Etfw\">@BKG_Bund<\/a> <a href=\"https:\/\/twitter.com\/hashtag\/ddj?src=hash&amp;ref_src=twsrc%5Etfw\">#ddj<\/a><\/p>\n<p>&mdash; Bj\u00f6rn Schwentker (@BSchwentker) <a href=\"https:\/\/twitter.com\/BSchwentker\/status\/1397443160763162628?ref_src=twsrc%5Etfw\">May 26, 2021<\/a><\/p><\/blockquote>\n<p><script async src=\"https:\/\/platform.twitter.com\/widgets.js\" charset=\"utf-8\"><\/script><br \/>\nhttps:\/\/twitter.com\/v_i_o_l_a\/status\/1397464137039503368<\/p>\n<blockquote class=\"twitter-tweet\" data-width=\"550\" data-dnt=\"true\">\n<p lang=\"de\" dir=\"ltr\">das erste mal, dass ich schlagw\u00f6rter auf latein sehe. cool. \ud83d\ude42 <a href=\"https:\/\/t.co\/K8sV7zJ3Es\">https:\/\/t.co\/K8sV7zJ3Es<\/a><\/p>\n<p>&mdash; viola vo\u00df (@v_i_o_l_a) <a href=\"https:\/\/twitter.com\/v_i_o_l_a\/status\/1397464406309621760?ref_src=twsrc%5Etfw\">May 26, 2021<\/a><\/p><\/blockquote>\n<p><script async src=\"https:\/\/platform.twitter.com\/widgets.js\" charset=\"utf-8\"><\/script><br \/>\nhttps:\/\/twitter.com\/v_i_o_l_a\/status\/1397465050227560452<\/p>\n<blockquote class=\"twitter-tweet\" data-width=\"550\" data-dnt=\"true\">\n<p lang=\"de\" dir=\"ltr\">Ihr k\u00f6nnt so oft \u201eBRD Noir\u201c schreiben wie ihr wollt es interessiert sich  trotzdem keiner f\u00fcr eure Kindheit im Rhein-Erft-Kreis<\/p>\n<p>&mdash; @larsweisbrod@det.social (@larsweisbrod) <a href=\"https:\/\/twitter.com\/larsweisbrod\/status\/1397251347934810112?ref_src=twsrc%5Etfw\">May 25, 2021<\/a><\/p><\/blockquote>\n<p><script async src=\"https:\/\/platform.twitter.com\/widgets.js\" charset=\"utf-8\"><\/script><br \/>\nhttps:\/\/twitter.com\/v_i_o_l_a\/status\/1397465818590498816<br \/>\nhttps:\/\/twitter.com\/v_i_o_l_a\/status\/1397466029874352128<\/p>\n<blockquote class=\"twitter-tweet\" data-width=\"550\" data-dnt=\"true\">\n<p lang=\"en\" dir=\"ltr\">Launching a new online meeting place for bibliophiles, book collectors, rare book sellers, librarians and scholars &#8211; anyone with a personal or professional interest in the world of rare books and manuscripts. <br \/>If you&#39;re interested in joining, details here:<a href=\"https:\/\/t.co\/Zv4C5tLp0E\">https:\/\/t.co\/Zv4C5tLp0E<\/a> <a href=\"https:\/\/t.co\/1ZmduGIIlf\">pic.twitter.com\/1ZmduGIIlf<\/a><\/p>\n<p>&mdash; Incunabula (@incunabula) <a href=\"https:\/\/twitter.com\/incunabula\/status\/1397372419128635393?ref_src=twsrc%5Etfw\">May 26, 2021<\/a><\/p><\/blockquote>\n<p><script async src=\"https:\/\/platform.twitter.com\/widgets.js\" charset=\"utf-8\"><\/script><\/p>\n<blockquote class=\"twitter-tweet\" data-width=\"550\" data-dnt=\"true\">\n<p lang=\"en\" dir=\"ltr\">Have you returned any books at our <a href=\"https:\/\/twitter.com\/hashtag\/Southbank?src=hash&amp;ref_src=twsrc%5Etfw\">#Southbank<\/a> <a href=\"https:\/\/twitter.com\/hashtag\/Library?src=hash&amp;ref_src=twsrc%5Etfw\">#Library<\/a> recently? You may have noticed a contingent of soot sprites ready to help <a href=\"https:\/\/twitter.com\/hashtag\/susuwatari?src=hash&amp;ref_src=twsrc%5Etfw\">#susuwatari<\/a> <a href=\"https:\/\/t.co\/OFoBprvi2Z\">pic.twitter.com\/OFoBprvi2Z<\/a><\/p>\n<p>&mdash; UniMelb Library (@unilibrary) <a href=\"https:\/\/twitter.com\/unilibrary\/status\/1397329171311910920?ref_src=twsrc%5Etfw\">May 25, 2021<\/a><\/p><\/blockquote>\n<p><script async src=\"https:\/\/platform.twitter.com\/widgets.js\" charset=\"utf-8\"><\/script><\/p>\n<blockquote class=\"twitter-tweet\" data-width=\"550\" data-dnt=\"true\">\n<p lang=\"de\" dir=\"ltr\">Aber &quot;Zwischenstille&quot; m\u00f6chte ich f\u00fcr die Pausen in Zoom-Konferenzen gerne reaktivieren <a href=\"https:\/\/twitter.com\/hashtag\/twittercampus?src=hash&amp;ref_src=twsrc%5Etfw\">#twittercampus<\/a> <a href=\"https:\/\/t.co\/W95OPFexPA\">https:\/\/t.co\/W95OPFexPA<\/a><\/p>\n<p>&mdash; Smoin Mieer-Vearecikr (@fussballinguist) <a href=\"https:\/\/twitter.com\/fussballinguist\/status\/1397308180724584457?ref_src=twsrc%5Etfw\">May 25, 2021<\/a><\/p><\/blockquote>\n<p><script async src=\"https:\/\/platform.twitter.com\/widgets.js\" charset=\"utf-8\"><\/script><br \/>\nhttps:\/\/twitter.com\/v_i_o_l_a\/status\/1397468380689584128<\/p>\n<blockquote class=\"twitter-tweet\" data-width=\"550\" data-dnt=\"true\">\n<p lang=\"de\" dir=\"ltr\">Hey <a href=\"https:\/\/twitter.com\/hashtag\/followerpower?src=hash&amp;ref_src=twsrc%5Etfw\">#followerpower<\/a> &#8211; ich suche eine iOS App, die hilft Ordnung zu schaffen. Mit der ich schnell &#8211; vielleicht durch Fotos &#8211; dokumentieren kann, was in welchen Kisten verstaut ist, etwa im Keller. Kennt wer so was?<\/p>\n<p>&mdash; Ralf Stockmann &#8211; @rstockm@chaos.social (@rstockm) <a href=\"https:\/\/twitter.com\/rstockm\/status\/1397254295674834946?ref_src=twsrc%5Etfw\">May 25, 2021<\/a><\/p><\/blockquote>\n<p><script async src=\"https:\/\/platform.twitter.com\/widgets.js\" charset=\"utf-8\"><\/script><\/p>\n<blockquote class=\"twitter-tweet\" data-width=\"550\" data-dnt=\"true\">\n<p lang=\"en\" dir=\"ltr\">A German politician has said gender neutral language should be banned because it makes it harder for people to integrate.<\/p>\n<p>I look forward to their next campaign to abolish the genitive &amp; dative<\/p>\n<p>&mdash; James Jackson (@derJamesJackson) <a href=\"https:\/\/twitter.com\/derJamesJackson\/status\/1397089015468265475?ref_src=twsrc%5Etfw\">May 25, 2021<\/a><\/p><\/blockquote>\n<p><script async src=\"https:\/\/platform.twitter.com\/widgets.js\" charset=\"utf-8\"><\/script><br \/>\nhttps:\/\/twitter.com\/v_i_o_l_a\/status\/1397469712624324610<\/p>\n<blockquote class=\"twitter-tweet\" data-width=\"550\" data-dnt=\"true\">\n<p lang=\"de\" dir=\"ltr\">Lustig an der &quot;Uh, Gendern, das geht gar nicht!&quot;-Haltung ist ja, dass immer mehr Unternehmen an inklusiver Sprache &amp; Kommunikation arbeiten, weil das ein sehr einfacher, aber treffsicherer Indikator daf\u00fcr ist, ob Leute auch nur einen Zentimeter \u00fcber Grasnabe denken k\u00f6nnen.<\/p>\n<p>&mdash; Platzhalter-Account (@TiniDo) <a href=\"https:\/\/twitter.com\/TiniDo\/status\/1397152833766625280?ref_src=twsrc%5Etfw\">May 25, 2021<\/a><\/p><\/blockquote>\n<p><script async src=\"https:\/\/platform.twitter.com\/widgets.js\" charset=\"utf-8\"><\/script><\/p>\n<blockquote class=\"twitter-tweet\" data-width=\"550\" data-dnt=\"true\">\n<p lang=\"de\" dir=\"ltr\">Man pr\u00e4sentiert sich damit au\u00dferdem als modernes Unternehmen, das darauf achtet, dass Karrierechancen nach Kompetenz, nicht nach Habitus vergeben werden &amp; man zeigt, dass man sich aktiv auf Ver\u00e4nderungen einstellt und die gestalten will und nicht wartet, bis der Kehrwagen kommt.<\/p>\n<p>&mdash; Platzhalter-Account (@TiniDo) <a href=\"https:\/\/twitter.com\/TiniDo\/status\/1397152835092074501?ref_src=twsrc%5Etfw\">May 25, 2021<\/a><\/p><\/blockquote>\n<p><script async src=\"https:\/\/platform.twitter.com\/widgets.js\" charset=\"utf-8\"><\/script><\/p>\n<blockquote class=\"twitter-tweet\" data-width=\"550\" data-dnt=\"true\">\n<p lang=\"de\" dir=\"ltr\">Dass Gendern gerade im Journalismus bzw. sich als Qualit\u00e4tsmedien inszenierenden Titeln und bei \u00e4lteren Professoren so ein aggressionsbesetztes Thema ist, sagt dann schon auch was \u00fcber Zukunftsf\u00e4higkeit aus.<\/p>\n<p>&mdash; Platzhalter-Account (@TiniDo) <a href=\"https:\/\/twitter.com\/TiniDo\/status\/1397154068515143681?ref_src=twsrc%5Etfw\">May 25, 2021<\/a><\/p><\/blockquote>\n<p><script async src=\"https:\/\/platform.twitter.com\/widgets.js\" charset=\"utf-8\"><\/script><br \/>\nhttps:\/\/twitter.com\/v_i_o_l_a\/status\/1397470736189739009<\/p>\n<blockquote class=\"twitter-tweet\" data-width=\"550\" data-dnt=\"true\">\n<p lang=\"en\" dir=\"ltr\">Interested in basic concepts, challenges and business models of <a href=\"https:\/\/twitter.com\/hashtag\/OpenEducationalResources?src=hash&amp;ref_src=twsrc%5Etfw\">#OpenEducationalResources<\/a>? Check this document by <a href=\"https:\/\/twitter.com\/LibITC?ref_src=twsrc%5Etfw\">@LibITC<\/a>, R. Zurita-Milla, and myself to initiate a discussion on <a href=\"https:\/\/twitter.com\/hashtag\/oer?src=hash&amp;ref_src=twsrc%5Etfw\">#oer<\/a> at <a href=\"https:\/\/twitter.com\/FacultyITC?ref_src=twsrc%5Etfw\">@FacultyITC<\/a>. <a href=\"https:\/\/t.co\/lYiSXkM2hl\">https:\/\/t.co\/lYiSXkM2hl<\/a>. Might be a starting point for others, too.<a href=\"https:\/\/twitter.com\/hashtag\/OpenScience?src=hash&amp;ref_src=twsrc%5Etfw\">#OpenScience<\/a><\/p>\n<p>&mdash; Markus Konkol (@MarkusKonkol) <a href=\"https:\/\/twitter.com\/MarkusKonkol\/status\/1397183672047087624?ref_src=twsrc%5Etfw\">May 25, 2021<\/a><\/p><\/blockquote>\n<p><script async src=\"https:\/\/platform.twitter.com\/widgets.js\" charset=\"utf-8\"><\/script><br \/>\nhttps:\/\/twitter.com\/v_i_o_l_a\/status\/1397471535594713089<\/p>\n<blockquote class=\"twitter-tweet\" data-width=\"550\" data-dnt=\"true\">\n<p lang=\"de\" dir=\"ltr\">Wollen wir mal Anglizismen sammeln, die ihr m\u00f6gt? Ich mag &quot;fein mit etwas sein&quot;. Umstritten, ich wei\u00df. Aber es klingt netter als &quot;in Ordnung&quot; und bringt das Wort &quot;fein&quot; in einem Kontext zur\u00fcck in den deutschen Sprachgebrauch, der weder einen Hund noch Essensbeurteilung verlangt.<\/p>\n<p>&mdash; Annersrum (@annalysetool) <a href=\"https:\/\/twitter.com\/annalysetool\/status\/1397163972088852480?ref_src=twsrc%5Etfw\">May 25, 2021<\/a><\/p><\/blockquote>\n<p><script async src=\"https:\/\/platform.twitter.com\/widgets.js\" charset=\"utf-8\"><\/script><\/p>\n<blockquote class=\"twitter-tweet\" data-width=\"550\" data-dnt=\"true\">\n<p lang=\"de\" dir=\"ltr\">&quot;Am Ende des Tages&quot;. Ich mag die Metapher, die zum Ausdruck bringt, dass man sich jetzt zur\u00fccklehnen und alle wichtigen Aspekte einer Sache betrachten kann<\/p>\n<p>&mdash; FreihandDoktor (@FreihandDenker) <a href=\"https:\/\/twitter.com\/FreihandDenker\/status\/1397164887625936896?ref_src=twsrc%5Etfw\">May 25, 2021<\/a><\/p><\/blockquote>\n<p><script async src=\"https:\/\/platform.twitter.com\/widgets.js\" charset=\"utf-8\"><\/script><br \/>\nhttps:\/\/twitter.com\/v_i_o_l_a\/status\/1397472095370625027<\/p>\n<blockquote class=\"twitter-tweet\" data-width=\"550\" data-dnt=\"true\">\n<p lang=\"de\" dir=\"ltr\">&quot;In Liebe fallen&quot;, f\u00fchlt sich immer wieder gut an<\/p>\n<p>&mdash; Prekariatsberichtserstatterin (@Prekariatsberi1) <a href=\"https:\/\/twitter.com\/Prekariatsberi1\/status\/1397404381063131140?ref_src=twsrc%5Etfw\">May 26, 2021<\/a><\/p><\/blockquote>\n<p><script async src=\"https:\/\/platform.twitter.com\/widgets.js\" charset=\"utf-8\"><\/script><\/p>\n<blockquote class=\"twitter-tweet\" data-width=\"550\" data-dnt=\"true\">\n<p lang=\"de\" dir=\"ltr\">unterw\u00e4ltigt = underwhelmed<\/p>\n<p>&mdash; Andrea Dobrowolski (@AndDobro) <a href=\"https:\/\/twitter.com\/AndDobro\/status\/1397257362520657924?ref_src=twsrc%5Etfw\">May 25, 2021<\/a><\/p><\/blockquote>\n<p><script async src=\"https:\/\/platform.twitter.com\/widgets.js\" charset=\"utf-8\"><\/script><\/p>\n","protected":false},"excerpt":{"rendered":"<p>&#39;morgen! &mdash; viola vo\u00df (@v_i_o_l_a) May 26, 2021 &quot;Es ist nicht gut, die Welt nur durchs Fenster zu betrachten.&quot; (Stefan Aust, *1946, dt. Journalist) [via https:\/\/t.co\/L4VYhltLO1] &mdash; viola vo\u00df (@v_i_o_l_a) May 26, 2021 https:\/\/twitter.com\/v_i_o_l_a\/status\/1397433197865148421 \u2026 featuring @AGComic! \ud83d\ude42 #comics #comicforschung https:\/\/t.co\/GqIIeOZPw9 &mdash; viola vo\u00df (@v_i_o_l_a) May 26, 2021 Werte gerade 2020er-Jahresberichte von \u00d6ffentlichen Bibliotheken (ganzer [&hellip;]<\/p>\n","protected":false},"author":1,"featured_media":0,"comment_status":"open","ping_status":"open","sticky":false,"template":"","format":"standard","meta":{"footnotes":""},"categories":[36],"tags":[],"class_list":["post-12247","post","type-post","status-publish","format-standard","hentry","category-twitter"],"_links":{"self":[{"href":"https:\/\/www.x-v-x.de\/blog\/index.php?rest_route=\/wp\/v2\/posts\/12247","targetHints":{"allow":["GET"]}}],"collection":[{"href":"https:\/\/www.x-v-x.de\/blog\/index.php?rest_route=\/wp\/v2\/posts"}],"about":[{"href":"https:\/\/www.x-v-x.de\/blog\/index.php?rest_route=\/wp\/v2\/types\/post"}],"author":[{"embeddable":true,"href":"https:\/\/www.x-v-x.de\/blog\/index.php?rest_route=\/wp\/v2\/users\/1"}],"replies":[{"embeddable":true,"href":"https:\/\/www.x-v-x.de\/blog\/index.php?rest_route=%2Fwp%2Fv2%2Fcomments&post=12247"}],"version-history":[{"count":0,"href":"https:\/\/www.x-v-x.de\/blog\/index.php?rest_route=\/wp\/v2\/posts\/12247\/revisions"}],"wp:attachment":[{"href":"https:\/\/www.x-v-x.de\/blog\/index.php?rest_route=%2Fwp%2Fv2%2Fmedia&parent=12247"}],"wp:term":[{"taxonomy":"category","embeddable":true,"href":"https:\/\/www.x-v-x.de\/blog\/index.php?rest_route=%2Fwp%2Fv2%2Fcategories&post=12247"},{"taxonomy":"post_tag","embeddable":true,"href":"https:\/\/www.x-v-x.de\/blog\/index.php?rest_route=%2Fwp%2Fv2%2Ftags&post=12247"}],"curies":[{"name":"wp","href":"https:\/\/api.w.org\/{rel}","templated":true}]}}