{"id":12257,"date":"2021-06-02T13:06:01","date_gmt":"2021-06-02T11:06:01","guid":{"rendered":"https:\/\/www.x-v-x.de\/blog\/?p=12257"},"modified":"2021-07-11T13:06:15","modified_gmt":"2021-07-11T11:06:15","slug":"tweets-2021-06-01","status":"publish","type":"post","link":"https:\/\/www.x-v-x.de\/blog\/?p=12257","title":{"rendered":"tweets | 2021-06-01"},"content":{"rendered":"<blockquote class=\"twitter-tweet\" data-width=\"550\" data-dnt=\"true\">\n<p lang=\"nl\" dir=\"ltr\">&#39;morgen!<\/p>\n<p>&mdash; viola vo\u00df (@v_i_o_l_a) <a href=\"https:\/\/twitter.com\/v_i_o_l_a\/status\/1399581954559840256?ref_src=twsrc%5Etfw\">June 1, 2021<\/a><\/p><\/blockquote>\n<p><script async src=\"https:\/\/platform.twitter.com\/widgets.js\" charset=\"utf-8\"><\/script><br \/>\nhttps:\/\/twitter.com\/v_i_o_l_a\/status\/1399586205440872449<\/p>\n<blockquote class=\"twitter-tweet\" data-width=\"550\" data-dnt=\"true\">\n<p lang=\"de\" dir=\"ltr\">&quot;Auf nichts ist der Mensch so stolz wie auf das, was er seit zwei Minuten wei\u00df.&quot; (Kurt Tucholsky, 1890-1935, dt. Journalist und Schriftsteller) [via <a href=\"https:\/\/t.co\/L4VYhltLO1\">https:\/\/t.co\/L4VYhltLO1<\/a>]<\/p>\n<p>&mdash; viola vo\u00df (@v_i_o_l_a) <a href=\"https:\/\/twitter.com\/v_i_o_l_a\/status\/1399586339864055809?ref_src=twsrc%5Etfw\">June 1, 2021<\/a><\/p><\/blockquote>\n<p><script async src=\"https:\/\/platform.twitter.com\/widgets.js\" charset=\"utf-8\"><\/script><\/p>\n<blockquote class=\"twitter-tweet\" data-width=\"550\" data-dnt=\"true\">\n<p lang=\"en\" dir=\"ltr\">Since M\u00fcnster is commonly known as the &#39;cycling capital&#39; of Germany, we often move around on a &#39;leeze&#39;. While our box of books keeps on traveling through sunny roads, we&#39;re one week closer to <a href=\"https:\/\/twitter.com\/hashtag\/SHARP2021?src=hash&amp;ref_src=twsrc%5Etfw\">#SHARP2021<\/a>!<a href=\"https:\/\/twitter.com\/hashtag\/MovingTexts?src=hash&amp;ref_src=twsrc%5Etfw\">#MovingTexts<\/a> <a href=\"https:\/\/t.co\/EeawBfhe5f\">pic.twitter.com\/EeawBfhe5f<\/a><\/p>\n<p>&mdash; SHARP 2021 Moving Texts (@MovingTexts2021) <a href=\"https:\/\/twitter.com\/MovingTexts2021\/status\/1399393325447368707?ref_src=twsrc%5Etfw\">May 31, 2021<\/a><\/p><\/blockquote>\n<p><script async src=\"https:\/\/platform.twitter.com\/widgets.js\" charset=\"utf-8\"><\/script><\/p>\n<blockquote class=\"twitter-tweet\" data-width=\"550\" data-dnt=\"true\">\n<p lang=\"en\" dir=\"ltr\">Ko\u00e7 University Suna K\u0131ra\u00e7 Library, is hosting an online conference entitled \u201cThe Promises of Archives: Exploring Diversity in the Digital Age\u201d on the International Archives Day on June 9 at 3pm. <a href=\"https:\/\/t.co\/jxKd5xXVGV\">pic.twitter.com\/jxKd5xXVGV<\/a><\/p>\n<p>&mdash; Suna Kirac Library (@SunaKiracLib) <a href=\"https:\/\/twitter.com\/SunaKiracLib\/status\/1399618769669046276?ref_src=twsrc%5Etfw\">June 1, 2021<\/a><\/p><\/blockquote>\n<p><script async src=\"https:\/\/platform.twitter.com\/widgets.js\" charset=\"utf-8\"><\/script><\/p>\n<blockquote class=\"twitter-tweet\" data-width=\"550\" data-dnt=\"true\">\n<p lang=\"qme\" dir=\"ltr\">\u2600\ufe0f <a href=\"https:\/\/twitter.com\/hashtag\/m%C3%BCnster?src=hash&amp;ref_src=twsrc%5Etfw\">#m\u00fcnster<\/a> <a href=\"https:\/\/twitter.com\/hashtag\/jetzt?src=hash&amp;ref_src=twsrc%5Etfw\">#jetzt<\/a> <a href=\"https:\/\/t.co\/nCw1GpNyGY\">pic.twitter.com\/nCw1GpNyGY<\/a><\/p>\n<p>&mdash; viola vo\u00df (@v_i_o_l_a) <a href=\"https:\/\/twitter.com\/v_i_o_l_a\/status\/1399634065037434880?ref_src=twsrc%5Etfw\">June 1, 2021<\/a><\/p><\/blockquote>\n<p><script async src=\"https:\/\/platform.twitter.com\/widgets.js\" charset=\"utf-8\"><\/script><\/p>\n<blockquote class=\"twitter-tweet\" data-width=\"550\" data-dnt=\"true\">\n<p lang=\"en\" dir=\"ltr\">&quot;\u201cI think we\u2019re having a jellyfish moment\u201d \u2013 will try to remember this trick. \ud83d\ude42 \u203a &quot;The Right Way to Cut People Off in Meetings&quot; by <a href=\"https:\/\/twitter.com\/HarvardBiz?ref_src=twsrc%5Etfw\">@HarvardBiz<\/a>: <a href=\"https:\/\/t.co\/soAv95GSOf\">https:\/\/t.co\/soAv95GSOf<\/a><\/p>\n<p>&mdash; viola vo\u00df (@v_i_o_l_a) <a href=\"https:\/\/twitter.com\/v_i_o_l_a\/status\/1399634922818748416?ref_src=twsrc%5Etfw\">June 1, 2021<\/a><\/p><\/blockquote>\n<p><script async src=\"https:\/\/platform.twitter.com\/widgets.js\" charset=\"utf-8\"><\/script><\/p>\n<blockquote class=\"twitter-tweet\" data-width=\"550\" data-dnt=\"true\">\n<p lang=\"de\" dir=\"ltr\">Der <a href=\"https:\/\/twitter.com\/bib_info?ref_src=twsrc%5Etfw\">@bib_info<\/a> und die <a href=\"https:\/\/twitter.com\/TIBHannover?ref_src=twsrc%5Etfw\">@TIBHannover<\/a> veranstalten dieses Jahr wieder die virtuelle Konferenz <a href=\"https:\/\/twitter.com\/hashtag\/vbib21?src=hash&amp;ref_src=twsrc%5Etfw\">#vbib21<\/a>. Im Fokus stehen dieses Mal digitale Communitys. <a href=\"https:\/\/t.co\/laiN1ClJe6\">https:\/\/t.co\/laiN1ClJe6<\/a><\/p>\n<p>&mdash; BuB: Forum Bibliothek und Information (@bub_magazin) <a href=\"https:\/\/twitter.com\/bub_magazin\/status\/1399639950036029441?ref_src=twsrc%5Etfw\">June 1, 2021<\/a><\/p><\/blockquote>\n<p><script async src=\"https:\/\/platform.twitter.com\/widgets.js\" charset=\"utf-8\"><\/script><br \/>\nhttps:\/\/twitter.com\/v_i_o_l_a\/status\/1399660836382298114<\/p>\n<blockquote class=\"twitter-tweet\" data-width=\"550\" data-dnt=\"true\">\n<p lang=\"en\" dir=\"ltr\">One of my favorite early summer traditions is being surprised by the realization that I can just work on the balcony if I want to<\/p>\n<p>&mdash; Esther Seyffarth (@ojahnn) <a href=\"https:\/\/twitter.com\/ojahnn\/status\/1399675269871550470?ref_src=twsrc%5Etfw\">June 1, 2021<\/a><\/p><\/blockquote>\n<p><script async src=\"https:\/\/platform.twitter.com\/widgets.js\" charset=\"utf-8\"><\/script><\/p>\n<blockquote class=\"twitter-tweet\" data-width=\"550\" data-dnt=\"true\">\n<p lang=\"en\" dir=\"ltr\">Emsdetten, where they take gender restrictions very very seriously <a href=\"https:\/\/t.co\/ZexHZez9h3\">pic.twitter.com\/ZexHZez9h3<\/a><\/p>\n<p>&mdash; German at Portsmouth (@GermanAtPompey) <a href=\"https:\/\/twitter.com\/GermanAtPompey\/status\/1399330769898725378?ref_src=twsrc%5Etfw\">May 31, 2021<\/a><\/p><\/blockquote>\n<p><script async src=\"https:\/\/platform.twitter.com\/widgets.js\" charset=\"utf-8\"><\/script><br \/>\nhttps:\/\/twitter.com\/v_i_o_l_a\/status\/1399690893184094208<\/p>\n<blockquote class=\"twitter-tweet\" data-width=\"550\" data-dnt=\"true\">\n<p lang=\"de\" dir=\"ltr\">Welches sind die publikationsst\u00e4rksten Forschungseinrichtungen in den Natur- und Lebenswissenschaften? Laut Fachmagazin <a href=\"https:\/\/twitter.com\/Nature?ref_src=twsrc%5Etfw\">@Nature<\/a> liegt die WWU im aktuellen <a href=\"https:\/\/twitter.com\/hashtag\/NatureIndexGlobal?src=hash&amp;ref_src=twsrc%5Etfw\">#NatureIndexGlobal<\/a> 2021 auf Platz 94. National z\u00e4hlt sie zu den drei besten deutschen Universit\u00e4ten. <a href=\"https:\/\/t.co\/bspSZvzAp4\">https:\/\/t.co\/bspSZvzAp4<\/a><\/p>\n<p>&mdash; Universit\u00e4t M\u00fcnster (@uni_muenster) <a href=\"https:\/\/twitter.com\/uni_muenster\/status\/1399715440457306115?ref_src=twsrc%5Etfw\">June 1, 2021<\/a><\/p><\/blockquote>\n<p><script async src=\"https:\/\/platform.twitter.com\/widgets.js\" charset=\"utf-8\"><\/script><\/p>\n<blockquote class=\"twitter-tweet\" data-width=\"550\" data-dnt=\"true\">\n<p lang=\"de\" dir=\"ltr\"><a href=\"https:\/\/twitter.com\/hashtag\/Twitter?src=hash&amp;ref_src=twsrc%5Etfw\">#Twitter<\/a> testet die Kennzeichnung von Tweets, die missverst\u00e4ndlich sind oder Falschinformationen enthalten. Die Art und Weise, wie Twitter das machen will, ist interessant &#8211; aber auch nicht risikolos. Mehr dazu in <a href=\"https:\/\/twitter.com\/hashtag\/Digitalistan?src=hash&amp;ref_src=twsrc%5Etfw\">#Digitalistan<\/a> <a href=\"https:\/\/twitter.com\/WDRaktuell?ref_src=twsrc%5Etfw\">@WDRaktuell<\/a> <a href=\"https:\/\/t.co\/F6IlZuH1OC\">https:\/\/t.co\/F6IlZuH1OC<\/a><\/p>\n<p>&mdash; J\u00f6rg Schieb (@schiebde) <a href=\"https:\/\/twitter.com\/schiebde\/status\/1399716175852998658?ref_src=twsrc%5Etfw\">June 1, 2021<\/a><\/p><\/blockquote>\n<p><script async src=\"https:\/\/platform.twitter.com\/widgets.js\" charset=\"utf-8\"><\/script><\/p>\n<blockquote class=\"twitter-tweet\" data-width=\"550\" data-dnt=\"true\">\n<p lang=\"de\" dir=\"ltr\">Linguist*innenherzensbrecher:<br \/>Tafelschreiber f\u00fcr Schreibtafeln<\/p>\n<p>Bild- und Aufmerksam-Mach-Credits to <a href=\"https:\/\/twitter.com\/PreuUlf?ref_src=twsrc%5Etfw\">@PreuUlf<\/a> <a href=\"https:\/\/t.co\/i9v19vKHey\">pic.twitter.com\/i9v19vKHey<\/a><\/p>\n<p>&mdash; Melanie Seltmann (@msiemund) <a href=\"https:\/\/twitter.com\/msiemund\/status\/1399709396696014851?ref_src=twsrc%5Etfw\">June 1, 2021<\/a><\/p><\/blockquote>\n<p><script async src=\"https:\/\/platform.twitter.com\/widgets.js\" charset=\"utf-8\"><\/script><br \/>\nhttps:\/\/twitter.com\/v_i_o_l_a\/status\/1399719082803486723<\/p>\n<blockquote class=\"twitter-tweet\" data-width=\"550\" data-dnt=\"true\">\n<p lang=\"en\" dir=\"ltr\">a cute photomontage! \ud83d\ude42 <a href=\"https:\/\/t.co\/FTf5gBlkMg\">https:\/\/t.co\/FTf5gBlkMg<\/a><\/p>\n<p>&mdash; viola vo\u00df (@v_i_o_l_a) <a href=\"https:\/\/twitter.com\/v_i_o_l_a\/status\/1399729774705184769?ref_src=twsrc%5Etfw\">June 1, 2021<\/a><\/p><\/blockquote>\n<p><script async src=\"https:\/\/platform.twitter.com\/widgets.js\" charset=\"utf-8\"><\/script><\/p>\n<blockquote class=\"twitter-tweet\" data-width=\"550\" data-dnt=\"true\">\n<p lang=\"de\" dir=\"ltr\">Die deutschen Impfzahlen sehen so ein bisschen aus wie die Workload eines Studierenden einer Geisteswissenschaft \u2013 Rumd\u00fcmpeln im Winter, im April geht&#39;s auf einmal richtig los, und klar erkennbare Dimido-Wocheneinteilung<\/p>\n<p>&mdash; Matthias Warkus (@derwahremawa) <a href=\"https:\/\/twitter.com\/derwahremawa\/status\/1399770426499346432?ref_src=twsrc%5Etfw\">June 1, 2021<\/a><\/p><\/blockquote>\n<p><script async src=\"https:\/\/platform.twitter.com\/widgets.js\" charset=\"utf-8\"><\/script><\/p>\n<blockquote class=\"twitter-tweet\" data-width=\"550\" data-dnt=\"true\">\n<p lang=\"und\" dir=\"ltr\"><a href=\"https:\/\/twitter.com\/hashtag\/kammermusik?src=hash&amp;ref_src=twsrc%5Etfw\">#kammermusik<\/a> <a href=\"https:\/\/twitter.com\/hashtag\/wiederaufnahme?src=hash&amp;ref_src=twsrc%5Etfw\">#wiederaufnahme<\/a> <a href=\"https:\/\/twitter.com\/hashtag\/hach?src=hash&amp;ref_src=twsrc%5Etfw\">#hach<\/a> \ud83d\ude42 <a href=\"https:\/\/t.co\/HeMfEC6zrL\">pic.twitter.com\/HeMfEC6zrL<\/a><\/p>\n<p>&mdash; viola vo\u00df (@v_i_o_l_a) <a href=\"https:\/\/twitter.com\/v_i_o_l_a\/status\/1399825250666356741?ref_src=twsrc%5Etfw\">June 1, 2021<\/a><\/p><\/blockquote>\n<p><script async src=\"https:\/\/platform.twitter.com\/widgets.js\" charset=\"utf-8\"><\/script><\/p>\n","protected":false},"excerpt":{"rendered":"<p>&#39;morgen! &mdash; viola vo\u00df (@v_i_o_l_a) June 1, 2021 https:\/\/twitter.com\/v_i_o_l_a\/status\/1399586205440872449 &quot;Auf nichts ist der Mensch so stolz wie auf das, was er seit zwei Minuten wei\u00df.&quot; (Kurt Tucholsky, 1890-1935, dt. Journalist und Schriftsteller) [via https:\/\/t.co\/L4VYhltLO1] &mdash; viola vo\u00df (@v_i_o_l_a) June 1, 2021 Since M\u00fcnster is commonly known as the &#39;cycling capital&#39; of Germany, we often move [&hellip;]<\/p>\n","protected":false},"author":1,"featured_media":0,"comment_status":"open","ping_status":"open","sticky":false,"template":"","format":"standard","meta":{"footnotes":""},"categories":[36],"tags":[],"class_list":["post-12257","post","type-post","status-publish","format-standard","hentry","category-twitter"],"_links":{"self":[{"href":"https:\/\/www.x-v-x.de\/blog\/index.php?rest_route=\/wp\/v2\/posts\/12257","targetHints":{"allow":["GET"]}}],"collection":[{"href":"https:\/\/www.x-v-x.de\/blog\/index.php?rest_route=\/wp\/v2\/posts"}],"about":[{"href":"https:\/\/www.x-v-x.de\/blog\/index.php?rest_route=\/wp\/v2\/types\/post"}],"author":[{"embeddable":true,"href":"https:\/\/www.x-v-x.de\/blog\/index.php?rest_route=\/wp\/v2\/users\/1"}],"replies":[{"embeddable":true,"href":"https:\/\/www.x-v-x.de\/blog\/index.php?rest_route=%2Fwp%2Fv2%2Fcomments&post=12257"}],"version-history":[{"count":0,"href":"https:\/\/www.x-v-x.de\/blog\/index.php?rest_route=\/wp\/v2\/posts\/12257\/revisions"}],"wp:attachment":[{"href":"https:\/\/www.x-v-x.de\/blog\/index.php?rest_route=%2Fwp%2Fv2%2Fmedia&parent=12257"}],"wp:term":[{"taxonomy":"category","embeddable":true,"href":"https:\/\/www.x-v-x.de\/blog\/index.php?rest_route=%2Fwp%2Fv2%2Fcategories&post=12257"},{"taxonomy":"post_tag","embeddable":true,"href":"https:\/\/www.x-v-x.de\/blog\/index.php?rest_route=%2Fwp%2Fv2%2Ftags&post=12257"}],"curies":[{"name":"wp","href":"https:\/\/api.w.org\/{rel}","templated":true}]}}