{"id":12259,"date":"2021-06-03T13:06:24","date_gmt":"2021-06-03T11:06:24","guid":{"rendered":"https:\/\/www.x-v-x.de\/blog\/?p=12259"},"modified":"2021-07-11T13:06:44","modified_gmt":"2021-07-11T11:06:44","slug":"tweets-2021-06-02","status":"publish","type":"post","link":"https:\/\/www.x-v-x.de\/blog\/?p=12259","title":{"rendered":"tweets | 2021-06-02"},"content":{"rendered":"<blockquote class=\"twitter-tweet\" data-width=\"550\" data-dnt=\"true\">\n<p lang=\"nl\" dir=\"ltr\">&#39;morgen!<\/p>\n<p>&mdash; viola vo\u00df (@v_i_o_l_a) <a href=\"https:\/\/twitter.com\/v_i_o_l_a\/status\/1399955098864918529?ref_src=twsrc%5Etfw\">June 2, 2021<\/a><\/p><\/blockquote>\n<p><script async src=\"https:\/\/platform.twitter.com\/widgets.js\" charset=\"utf-8\"><\/script><br \/>\nhttps:\/\/twitter.com\/v_i_o_l_a\/status\/1399955269564702725<\/p>\n<blockquote class=\"twitter-tweet\" data-width=\"550\" data-dnt=\"true\">\n<p lang=\"de\" dir=\"ltr\">&quot;Je \u00e4lter man wird, desto \u00e4hnlicher wird man sich.&quot; (Luciano Pavarotti, 1935-2007, italienischer Operns\u00e4nger) [via <a href=\"https:\/\/t.co\/L4VYhltLO1\">https:\/\/t.co\/L4VYhltLO1<\/a>]<\/p>\n<p>&mdash; viola vo\u00df (@v_i_o_l_a) <a href=\"https:\/\/twitter.com\/v_i_o_l_a\/status\/1399956547514556419?ref_src=twsrc%5Etfw\">June 2, 2021<\/a><\/p><\/blockquote>\n<p><script async src=\"https:\/\/platform.twitter.com\/widgets.js\" charset=\"utf-8\"><\/script><br \/>\nhttps:\/\/twitter.com\/v_i_o_l_a\/status\/1399981449110081537<\/p>\n<blockquote class=\"twitter-tweet\" data-width=\"550\" data-dnt=\"true\">\n<p lang=\"de\" dir=\"ltr\">Der FC Metz erh\u00e4lt eine neue visuelle Identit\u00e4t. Ein hoch interessantes, spannendes und, das zeigen auch die Reaktionen in franz\u00f6sischsprachigen Medien, polarisierendes Redesign. <a href=\"https:\/\/t.co\/6GedWJgO02\">https:\/\/t.co\/6GedWJgO02<\/a> <a href=\"https:\/\/twitter.com\/hashtag\/LothringerKreuz?src=hash&amp;ref_src=twsrc%5Etfw\">#LothringerKreuz<\/a> <a href=\"https:\/\/twitter.com\/hashtag\/Ligue1?src=hash&amp;ref_src=twsrc%5Etfw\">#Ligue1<\/a> <a href=\"https:\/\/t.co\/AEwuYGsaA2\">pic.twitter.com\/AEwuYGsaA2<\/a><\/p>\n<p>&mdash; Achim Schaffrinna (@aschaffrinna) <a href=\"https:\/\/twitter.com\/aschaffrinna\/status\/1399983683935801354?ref_src=twsrc%5Etfw\">June 2, 2021<\/a><\/p><\/blockquote>\n<p><script async src=\"https:\/\/platform.twitter.com\/widgets.js\" charset=\"utf-8\"><\/script><br \/>\nhttps:\/\/twitter.com\/v_i_o_l_a\/status\/1399991041294483457<\/p>\n<blockquote class=\"twitter-tweet\" data-width=\"550\" data-dnt=\"true\">\n<p lang=\"en\" dir=\"ltr\">Two passages from two different books. They both introduce the same researcher as a preface to describing her research on duck genitalia. One of these authors is female and the other male. Just go on and take a guess as to which is which. <a href=\"https:\/\/t.co\/QK8LYKmvL9\">pic.twitter.com\/QK8LYKmvL9<\/a><\/p>\n<p>&mdash; Jamie Bernstein @uajamie.bsky.social (@UAJamie) <a href=\"https:\/\/twitter.com\/UAJamie\/status\/1397612642060091402?ref_src=twsrc%5Etfw\">May 26, 2021<\/a><\/p><\/blockquote>\n<p><script async src=\"https:\/\/platform.twitter.com\/widgets.js\" charset=\"utf-8\"><\/script><br \/>\nhttps:\/\/twitter.com\/v_i_o_l_a\/status\/1400005895887671296<\/p>\n<blockquote class=\"twitter-tweet\" data-width=\"550\" data-dnt=\"true\">\n<p lang=\"de\" dir=\"ltr\">-.-. &#8212; &#8212; .-.. -.-.&#8211; \ud83d\ude42 [<a href=\"https:\/\/twitter.com\/hashtag\/morse?src=hash&amp;ref_src=twsrc%5Etfw\">#morse<\/a>-codierer: <a href=\"https:\/\/t.co\/mRbafVq9Uu\">https:\/\/t.co\/mRbafVq9Uu<\/a> via <a href=\"https:\/\/t.co\/pldoca5cdL\">https:\/\/t.co\/pldoca5cdL<\/a>] <a href=\"https:\/\/t.co\/B2mlvLUK64\">https:\/\/t.co\/B2mlvLUK64<\/a><\/p>\n<p>&mdash; viola vo\u00df (@v_i_o_l_a) <a href=\"https:\/\/twitter.com\/v_i_o_l_a\/status\/1400008376713629698?ref_src=twsrc%5Etfw\">June 2, 2021<\/a><\/p><\/blockquote>\n<p><script async src=\"https:\/\/platform.twitter.com\/widgets.js\" charset=\"utf-8\"><\/script><\/p>\n<blockquote class=\"twitter-tweet\" data-width=\"550\" data-dnt=\"true\">\n<p lang=\"en\" dir=\"ltr\">We&#39;re preparing our students for their Year Abroad. Lesson 1: How to buy a ticket in Germany <a href=\"https:\/\/t.co\/CvwEi777f6\">pic.twitter.com\/CvwEi777f6<\/a><\/p>\n<p>&mdash; German at Portsmouth (@GermanAtPompey) <a href=\"https:\/\/twitter.com\/GermanAtPompey\/status\/1399995814634835968?ref_src=twsrc%5Etfw\">June 2, 2021<\/a><\/p><\/blockquote>\n<p><script async src=\"https:\/\/platform.twitter.com\/widgets.js\" charset=\"utf-8\"><\/script><br \/>\nhttps:\/\/twitter.com\/v_i_o_l_a\/status\/1400011457497112583<br \/>\nhttps:\/\/twitter.com\/v_i_o_l_a\/status\/1400017449429389317<\/p>\n<blockquote class=\"twitter-tweet\" data-width=\"550\" data-dnt=\"true\">\n<p lang=\"de\" dir=\"ltr\">Ein tolles kurzes Video \u00fcber das NC (non-commercial) bei den CC-Lizenzen und warum das oft problematischer ist als man denkt \u2b07\ufe0f <a href=\"https:\/\/t.co\/ftMtZY4PtN\">https:\/\/t.co\/ftMtZY4PtN<\/a><\/p>\n<p>&mdash; Fuzzy Leapfrog (@FuzzyLeapfrog) <a href=\"https:\/\/twitter.com\/FuzzyLeapfrog\/status\/1400026153868480512?ref_src=twsrc%5Etfw\">June 2, 2021<\/a><\/p><\/blockquote>\n<p><script async src=\"https:\/\/platform.twitter.com\/widgets.js\" charset=\"utf-8\"><\/script><br \/>\nhttps:\/\/twitter.com\/v_i_o_l_a\/status\/1400061548291407875<\/p>\n<blockquote class=\"twitter-tweet\" data-width=\"550\" data-dnt=\"true\">\n<p lang=\"de\" dir=\"ltr\">&quot;Ich mach noch flott ne Gazpacho&quot; klingt einfach viel cooler als &quot;Ich p\u00fcrier noch eben ein wenig Rohkost&quot;<\/p>\n<p>&mdash; TimoSchur (@SchurTimo) <a href=\"https:\/\/twitter.com\/SchurTimo\/status\/1400081328398348297?ref_src=twsrc%5Etfw\">June 2, 2021<\/a><\/p><\/blockquote>\n<p><script async src=\"https:\/\/platform.twitter.com\/widgets.js\" charset=\"utf-8\"><\/script><\/p>\n<blockquote class=\"twitter-tweet\" data-width=\"550\" data-dnt=\"true\">\n<p lang=\"de\" dir=\"ltr\">Die Recherche entpuppt sich als Rabbit Hole der Lokalmeldungen. <a href=\"https:\/\/t.co\/oY9lslMBy9\">pic.twitter.com\/oY9lslMBy9<\/a><\/p>\n<p>&mdash; Mike Zeitz (@mimimibe) <a href=\"https:\/\/twitter.com\/mimimibe\/status\/1400082058911825925?ref_src=twsrc%5Etfw\">June 2, 2021<\/a><\/p><\/blockquote>\n<p><script async src=\"https:\/\/platform.twitter.com\/widgets.js\" charset=\"utf-8\"><\/script><\/p>\n<blockquote class=\"twitter-tweet\" data-width=\"550\" data-dnt=\"true\">\n<p lang=\"en\" dir=\"ltr\">*The Babel Lecture 2021 with Jean Berko Gleason*<\/p>\n<p>Join us on Friday 4 June at 7pm to hear Jean discuss her work on wugs, child language acquisition, and more<\/p>\n<p>Sign up to the first online Babel lecture below<a href=\"https:\/\/t.co\/vypHucAuIu\">https:\/\/t.co\/vypHucAuIu<\/a><\/p>\n<p>&mdash; Babel: The Language Magazine (@Babelzine) <a href=\"https:\/\/twitter.com\/Babelzine\/status\/1376852948551151616?ref_src=twsrc%5Etfw\">March 30, 2021<\/a><\/p><\/blockquote>\n<p><script async src=\"https:\/\/platform.twitter.com\/widgets.js\" charset=\"utf-8\"><\/script><\/p>\n<blockquote class=\"twitter-tweet\" data-width=\"550\" data-dnt=\"true\">\n<p lang=\"qht\" dir=\"ltr\"><a href=\"https:\/\/twitter.com\/hashtag\/wugcontent?src=hash&amp;ref_src=twsrc%5Etfw\">#wugcontent<\/a>! \ud83d\ude42 <a href=\"https:\/\/t.co\/wlGMpwewOq\">https:\/\/t.co\/wlGMpwewOq<\/a><\/p>\n<p>&mdash; viola vo\u00df (@v_i_o_l_a) <a href=\"https:\/\/twitter.com\/v_i_o_l_a\/status\/1400087406691356678?ref_src=twsrc%5Etfw\">June 2, 2021<\/a><\/p><\/blockquote>\n<p><script async src=\"https:\/\/platform.twitter.com\/widgets.js\" charset=\"utf-8\"><\/script><\/p>\n<blockquote class=\"twitter-tweet\" data-width=\"550\" data-dnt=\"true\">\n<p lang=\"en\" dir=\"ltr\">*Babel Lecture 2021 &#8211; 2 days to go*<\/p>\n<p>Join us this Friday at 7pm for Jean Berko Gleason&#39;s online lecture on wugs and more! Grab a free seat at <a href=\"https:\/\/t.co\/1QGUOeswj7\">https:\/\/t.co\/1QGUOeswj7<\/a><\/p>\n<p>You can also read @Matthewbutlerwy&#39;s interview with Jean at <a href=\"https:\/\/t.co\/Wbma2cMq9a\">https:\/\/t.co\/Wbma2cMq9a<\/a> <a href=\"https:\/\/t.co\/xm2rEIx3wH\">pic.twitter.com\/xm2rEIx3wH<\/a><\/p>\n<p>&mdash; Babel: The Language Magazine (@Babelzine) <a href=\"https:\/\/twitter.com\/Babelzine\/status\/1400007903487082498?ref_src=twsrc%5Etfw\">June 2, 2021<\/a><\/p><\/blockquote>\n<p><script async src=\"https:\/\/platform.twitter.com\/widgets.js\" charset=\"utf-8\"><\/script><\/p>\n<blockquote class=\"twitter-tweet\" data-width=\"550\" data-dnt=\"true\">\n<p lang=\"de\" dir=\"ltr\">Wer braucht noch eine Extraportion Motivation? Wir rufen den <a href=\"https:\/\/twitter.com\/hashtag\/SchreibZeit?src=hash&amp;ref_src=twsrc%5Etfw\">#SchreibZeit<\/a>-Monat aus und bieten zus\u00e4tzlich zur Video-<a href=\"https:\/\/twitter.com\/hashtag\/SchreibZeit?src=hash&amp;ref_src=twsrc%5Etfw\">#SchreibZeit<\/a> Workshops und Coffee-Lectures rund ums Schreiben an. Programm: <a href=\"https:\/\/t.co\/uoasZa0VGt\">https:\/\/t.co\/uoasZa0VGt<\/a> Wir freuen uns auf Sie! <a href=\"https:\/\/t.co\/lDsh0CnfD2\">pic.twitter.com\/lDsh0CnfD2<\/a><\/p>\n<p>&mdash; SchreibZeit (@sbb_schreibzeit) <a href=\"https:\/\/twitter.com\/sbb_schreibzeit\/status\/1400139079350734853?ref_src=twsrc%5Etfw\">June 2, 2021<\/a><\/p><\/blockquote>\n<p><script async src=\"https:\/\/platform.twitter.com\/widgets.js\" charset=\"utf-8\"><\/script><br \/>\nhttps:\/\/twitter.com\/v_i_o_l_a\/status\/1400152005671272454<\/p>\n<blockquote class=\"twitter-tweet\" data-width=\"550\" data-dnt=\"true\">\n<p lang=\"de\" dir=\"ltr\"><a href=\"https:\/\/twitter.com\/hashtag\/SaveTheDate?src=hash&amp;ref_src=twsrc%5Etfw\">#SaveTheDate<\/a> 10. Juni 2021, 13-17 Uhr: Symposium <a href=\"https:\/\/twitter.com\/hashtag\/Urheberrecht?src=hash&amp;ref_src=twsrc%5Etfw\">#Urheberrecht<\/a><\/p>\n<p>Unser <a href=\"https:\/\/twitter.com\/hashtag\/LegalHelpdesk?src=hash&amp;ref_src=twsrc%5Etfw\">#LegalHelpdesk<\/a>-Team stellt erste Arbeitsergebnisse und Hilfsangebote f\u00fcr die Kulturwissenschaften vor, geht auch auf die <a href=\"https:\/\/twitter.com\/hashtag\/Urheberrechtsreform?src=hash&amp;ref_src=twsrc%5Etfw\">#Urheberrechtsreform<\/a> ein &#8211; und blickt \u00fcber den Tellerrand.<a href=\"https:\/\/t.co\/v7zpivXN4m\">https:\/\/t.co\/v7zpivXN4m<\/a> <a href=\"https:\/\/t.co\/qC1uxMfJGo\">pic.twitter.com\/qC1uxMfJGo<\/a><\/p>\n<p>&mdash; @nfdi4culture@nfdi.social (@nfdi4culture) <a href=\"https:\/\/twitter.com\/nfdi4culture\/status\/1400087809231405059?ref_src=twsrc%5Etfw\">June 2, 2021<\/a><\/p><\/blockquote>\n<p><script async src=\"https:\/\/platform.twitter.com\/widgets.js\" charset=\"utf-8\"><\/script><\/p>\n<blockquote class=\"twitter-tweet\" data-width=\"550\" data-dnt=\"true\">\n<p lang=\"en\" dir=\"ltr\">-&gt; Please share widely! Thanks to two generous donors, we are able to offer several free registrations to <a href=\"https:\/\/twitter.com\/hashtag\/BIPOC?src=hash&amp;ref_src=twsrc%5Etfw\">#BIPOC<\/a> students &amp; <a href=\"https:\/\/twitter.com\/hashtag\/BIPOC?src=hash&amp;ref_src=twsrc%5Etfw\">#BIPOC<\/a> early career scholars who would like to attend <a href=\"https:\/\/twitter.com\/MovingTexts2021?ref_src=twsrc%5Etfw\">@MovingTexts2021<\/a> &amp; get to know <a href=\"https:\/\/twitter.com\/SHARPorg?ref_src=twsrc%5Etfw\">@SHARPorg<\/a>. 1\/3<\/p>\n<p>&mdash; SHARP 2021 Moving Texts (@MovingTexts2021) <a href=\"https:\/\/twitter.com\/MovingTexts2021\/status\/1400148155530887168?ref_src=twsrc%5Etfw\">June 2, 2021<\/a><\/p><\/blockquote>\n<p><script async src=\"https:\/\/platform.twitter.com\/widgets.js\" charset=\"utf-8\"><\/script><br \/>\nhttps:\/\/twitter.com\/v_i_o_l_a\/status\/1400162856964964360<\/p>\n<blockquote class=\"twitter-tweet\" data-width=\"550\" data-dnt=\"true\">\n<p lang=\"en\" dir=\"ltr\">The Trans Metadata Collective is a group of cataloguers, librarians, archivists, scholars, &amp; info professionals with a concerted interest in improving the description&amp;classification of trans, non-binary, Two Spirit, &amp; other gender nonconforming people <a href=\"https:\/\/t.co\/BymQ0zU8RH\">https:\/\/t.co\/BymQ0zU8RH<\/a><\/p>\n<p>&mdash; heather froehlich (@heatherfro) <a href=\"https:\/\/twitter.com\/heatherfro\/status\/1399749600483946499?ref_src=twsrc%5Etfw\">June 1, 2021<\/a><\/p><\/blockquote>\n<p><script async src=\"https:\/\/platform.twitter.com\/widgets.js\" charset=\"utf-8\"><\/script><\/p>\n<blockquote class=\"twitter-tweet\" data-width=\"550\" data-dnt=\"true\">\n<p lang=\"en\" dir=\"ltr\">Further exploration by Ig Nobel Prize-winner David Hu and his students and colleagues. <a href=\"https:\/\/t.co\/9BeYISjNlK\">https:\/\/t.co\/9BeYISjNlK<\/a><\/p>\n<p>&mdash; Improbable Research (@improbresearch) <a href=\"https:\/\/twitter.com\/improbresearch\/status\/1400103329997496320?ref_src=twsrc%5Etfw\">June 2, 2021<\/a><\/p><\/blockquote>\n<p><script async src=\"https:\/\/platform.twitter.com\/widgets.js\" charset=\"utf-8\"><\/script><\/p>\n<blockquote class=\"twitter-tweet\" data-width=\"550\" data-dnt=\"true\">\n<p lang=\"de\" dir=\"ltr\">Seien wir ehrlich, diese Phase ist doch einfach die l\u00e4ngste Phase der Promotion! <a href=\"https:\/\/t.co\/aHHIgxaDG7\">pic.twitter.com\/aHHIgxaDG7<\/a><\/p>\n<p>&mdash; Alice Bertram (@AlicerBertram) <a href=\"https:\/\/twitter.com\/AlicerBertram\/status\/1400032673083629592?ref_src=twsrc%5Etfw\">June 2, 2021<\/a><\/p><\/blockquote>\n<p><script async src=\"https:\/\/platform.twitter.com\/widgets.js\" charset=\"utf-8\"><\/script><\/p>\n<blockquote class=\"twitter-tweet\" data-width=\"550\" data-dnt=\"true\">\n<p lang=\"en\" dir=\"ltr\">12 Mind Blowing Number Systems From Other Languages <a href=\"https:\/\/t.co\/jnDcvGhjFz\">https:\/\/t.co\/jnDcvGhjFz<\/a><\/p>\n<p>&mdash; LanguageCrawler (@LanguageCrawler) <a href=\"https:\/\/twitter.com\/LanguageCrawler\/status\/1400097603086344194?ref_src=twsrc%5Etfw\">June 2, 2021<\/a><\/p><\/blockquote>\n<p><script async src=\"https:\/\/platform.twitter.com\/widgets.js\" charset=\"utf-8\"><\/script><\/p>\n<blockquote class=\"twitter-tweet\" data-width=\"550\" data-dnt=\"true\">\n<p lang=\"de\" dir=\"ltr\">Jetzt anmelden: <br \/>Am 25. und 26. Juni findet das <a href=\"https:\/\/twitter.com\/hashtag\/OpenScience?src=hash&amp;ref_src=twsrc%5Etfw\">#OpenScience<\/a> Barcamp 2021 des Leibniz-Forschungsverbundes OS statt.<a href=\"https:\/\/t.co\/2uYDeYigsb\">https:\/\/t.co\/2uYDeYigsb<\/a><br \/>Organisiert von Studierenden der @th_koeln und <a href=\"https:\/\/twitter.com\/ZB_MED?ref_src=twsrc%5Etfw\">@ZB_MED<\/a>. <a href=\"https:\/\/twitter.com\/hashtag\/oscibargoescologne?src=hash&amp;ref_src=twsrc%5Etfw\">#oscibargoescologne<\/a><br \/>(English version in thread)<\/p>\n<p>&mdash; open-access.network (@openaccessnet) <a href=\"https:\/\/twitter.com\/openaccessnet\/status\/1400090125745508352?ref_src=twsrc%5Etfw\">June 2, 2021<\/a><\/p><\/blockquote>\n<p><script async src=\"https:\/\/platform.twitter.com\/widgets.js\" charset=\"utf-8\"><\/script><\/p>\n<blockquote class=\"twitter-tweet\" data-width=\"550\" data-dnt=\"true\">\n<p lang=\"en\" dir=\"ltr\">This is the thing i was talking about last night during the stream, for those who asked about resources for new and early-career librarians! <a href=\"https:\/\/t.co\/34VSZcLEDL\">https:\/\/t.co\/34VSZcLEDL<\/a><\/p>\n<p>&mdash; Stacks &amp; Facts (@StacksEtFacts) <a href=\"https:\/\/twitter.com\/StacksEtFacts\/status\/1400068391411470348?ref_src=twsrc%5Etfw\">June 2, 2021<\/a><\/p><\/blockquote>\n<p><script async src=\"https:\/\/platform.twitter.com\/widgets.js\" charset=\"utf-8\"><\/script><\/p>\n<blockquote class=\"twitter-tweet\" data-width=\"550\" data-dnt=\"true\">\n<p lang=\"en\" dir=\"ltr\">A 18th century book containing tiny books on a pop-up shelf, made by a bookbinder in the Netherlands around 1757. The National Library of the Netherlands. <a href=\"https:\/\/t.co\/sBFlSg3UCk\">pic.twitter.com\/sBFlSg3UCk<\/a><\/p>\n<p>&mdash; The Museum of Curiosities (@CuriosMuseum) <a href=\"https:\/\/twitter.com\/CuriosMuseum\/status\/1399379389196890121?ref_src=twsrc%5Etfw\">May 31, 2021<\/a><\/p><\/blockquote>\n<p><script async src=\"https:\/\/platform.twitter.com\/widgets.js\" charset=\"utf-8\"><\/script><br \/>\nhttps:\/\/twitter.com\/v_i_o_l_a\/status\/1400166749358657537<br \/>\nhttps:\/\/twitter.com\/v_i_o_l_a\/status\/1400167238322302978<\/p>\n<blockquote class=\"twitter-tweet\" data-width=\"550\" data-dnt=\"true\">\n<p lang=\"de\" dir=\"ltr\">Heute traditionelles Fortbildungsformat <a href=\"https:\/\/twitter.com\/SLUBdresden?ref_src=twsrc%5Etfw\">@SLUBdresden<\/a>  vor dem &quot;Deutschen Bibliothekartag&quot;. Referent:innen @bibtag21 pr\u00e4sentieren ihre Beitr\u00e4ge &amp; erhalten Feedback von Kolleg:innen. Beide Seiten profitieren &amp; Spa\u00df macht&#39;s auch. Aktuell <a href=\"https:\/\/twitter.com\/m_munke?ref_src=twsrc%5Etfw\">@m_munke<\/a> mit Vortrag \u00fcber <a href=\"https:\/\/twitter.com\/hashtag\/CitizenScience?src=hash&amp;ref_src=twsrc%5Etfw\">#CitizenScience<\/a> <a href=\"https:\/\/t.co\/Y5L2EYqn8X\">pic.twitter.com\/Y5L2EYqn8X<\/a><\/p>\n<p>&mdash; Achim Bonte (@bonstabi) <a href=\"https:\/\/twitter.com\/bonstabi\/status\/1400015499476471809?ref_src=twsrc%5Etfw\">June 2, 2021<\/a><\/p><\/blockquote>\n<p><script async src=\"https:\/\/platform.twitter.com\/widgets.js\" charset=\"utf-8\"><\/script><\/p>\n<blockquote class=\"twitter-tweet\" data-width=\"550\" data-dnt=\"true\">\n<p lang=\"de\" dir=\"ltr\">Mist, ich hab den Fr\u00fchjahrsputz vers\u00e4umt.<br \/>Jetzt muss ich ein Jahr warten.<\/p>\n<p>&mdash; Johann Boresch (@johann_boresch) <a href=\"https:\/\/twitter.com\/johann_boresch\/status\/1010769926221647872?ref_src=twsrc%5Etfw\">June 24, 2018<\/a><\/p><\/blockquote>\n<p><script async src=\"https:\/\/platform.twitter.com\/widgets.js\" charset=\"utf-8\"><\/script><\/p>\n<blockquote class=\"twitter-tweet\" data-width=\"550\" data-dnt=\"true\">\n<p lang=\"en\" dir=\"ltr\">hoo boy &#8211; and it gets even more complicated&#8230;. <a href=\"https:\/\/t.co\/j4MpHk2tAF\">https:\/\/t.co\/j4MpHk2tAF<\/a><\/p>\n<p>&mdash; @ahacker@mastodon.online (@ahacker) <a href=\"https:\/\/twitter.com\/ahacker\/status\/1400022486897545220?ref_src=twsrc%5Etfw\">June 2, 2021<\/a><\/p><\/blockquote>\n<p><script async src=\"https:\/\/platform.twitter.com\/widgets.js\" charset=\"utf-8\"><\/script><br \/>\nhttps:\/\/twitter.com\/v_i_o_l_a\/status\/1400168089594044427<\/p>\n<blockquote class=\"twitter-tweet\" data-width=\"550\" data-dnt=\"true\">\n<p lang=\"de\" dir=\"ltr\">Kennt jemand Zahlen und \/ oder (Erfahrungs-)Berichte zu <a href=\"https:\/\/twitter.com\/hashtag\/Bibliotheken?src=hash&amp;ref_src=twsrc%5Etfw\">#Bibliotheken<\/a>, die sich in eine Zuwendungsliste haben eintragen lassen, um als Verein, Stiftung oder gemeinn\u00fctzige Organisation Geldauflagen (Bu\u00dfgelder) von Gerichten, Staats- und Amtsanwaltschaften zugesprochen zu bekommen?<\/p>\n<p>&mdash; Carmen Krause (@Bibliothecarmen) <a href=\"https:\/\/twitter.com\/Bibliothecarmen\/status\/1400014334726705152?ref_src=twsrc%5Etfw\">June 2, 2021<\/a><\/p><\/blockquote>\n<p><script async src=\"https:\/\/platform.twitter.com\/widgets.js\" charset=\"utf-8\"><\/script><\/p>\n<blockquote class=\"twitter-tweet\" data-width=\"550\" data-dnt=\"true\">\n<p lang=\"en\" dir=\"ltr\">With the pandemic in Israel over, a bus company has converted its hand sanitiser dispensers to give out sunscreen instead. <a href=\"https:\/\/t.co\/4BWIjIYz0F\">pic.twitter.com\/4BWIjIYz0F<\/a><\/p>\n<p>&mdash; Arieh Kovler (@ariehkovler) <a href=\"https:\/\/twitter.com\/ariehkovler\/status\/1400028961577517056?ref_src=twsrc%5Etfw\">June 2, 2021<\/a><\/p><\/blockquote>\n<p><script async src=\"https:\/\/platform.twitter.com\/widgets.js\" charset=\"utf-8\"><\/script><\/p>\n<blockquote class=\"twitter-tweet\" data-width=\"550\" data-dnt=\"true\">\n<p lang=\"en\" dir=\"ltr\">The global rise in academic authors reporting multiple institutional affiliations reflects the unanticipated influence of research assessment on academia.<a href=\"https:\/\/twitter.com\/hashtag\/Bibliometrics?src=hash&amp;ref_src=twsrc%5Etfw\">#Bibliometrics<\/a> <a href=\"https:\/\/t.co\/PeAe4I7D9v\">https:\/\/t.co\/PeAe4I7D9v<\/a><\/p>\n<p>&mdash; LSE Impact Blog (@LSEImpactBlog) <a href=\"https:\/\/twitter.com\/LSEImpactBlog\/status\/1400014381828775941?ref_src=twsrc%5Etfw\">June 2, 2021<\/a><\/p><\/blockquote>\n<p><script async src=\"https:\/\/platform.twitter.com\/widgets.js\" charset=\"utf-8\"><\/script><\/p>\n<blockquote class=\"twitter-tweet\" data-width=\"550\" data-dnt=\"true\">\n<p lang=\"de\" dir=\"ltr\">Heute ist es soweit: Auf <a href=\"https:\/\/twitter.com\/retrolivetext?ref_src=twsrc%5Etfw\">@retrolivetext<\/a> tickern wir (<a href=\"https:\/\/twitter.com\/spinfocl?ref_src=twsrc%5Etfw\">@spinfocl<\/a> und ich) heute um 21 Uhr die Partie <a href=\"https:\/\/twitter.com\/hashtag\/GERDEN?src=hash&amp;ref_src=twsrc%5Etfw\">#GERDEN<\/a> in der Version von 1927, basierend auf dem originalen <a href=\"https:\/\/twitter.com\/kicker?ref_src=twsrc%5Etfw\">@kicker<\/a>-Spielbericht. Infos zum Projekt hier: <a href=\"https:\/\/t.co\/EO07niPIdx\">https:\/\/t.co\/EO07niPIdx<\/a> <a href=\"https:\/\/t.co\/4PHx9HLUjD\">pic.twitter.com\/4PHx9HLUjD<\/a><\/p>\n<p>&mdash; Smoin Mieer-Vearecikr (@fussballinguist) <a href=\"https:\/\/twitter.com\/fussballinguist\/status\/1399992557216710657?ref_src=twsrc%5Etfw\">June 2, 2021<\/a><\/p><\/blockquote>\n<p><script async src=\"https:\/\/platform.twitter.com\/widgets.js\" charset=\"utf-8\"><\/script><br \/>\nhttps:\/\/twitter.com\/v_i_o_l_a\/status\/1400169435630014476<\/p>\n<blockquote class=\"twitter-tweet\" data-width=\"550\" data-dnt=\"true\">\n<p lang=\"de\" dir=\"ltr\">Im Stadtbild von <a href=\"https:\/\/twitter.com\/hashtag\/M%C3%BCnster?src=hash&amp;ref_src=twsrc%5Etfw\">#M\u00fcnster<\/a> existierten in fr\u00fcherer Zeit einige Denkm\u00e4ler, die heute verschwunden sind. Dazu z\u00e4hlte ein <a href=\"https:\/\/twitter.com\/hashtag\/Denkmal?src=hash&amp;ref_src=twsrc%5Etfw\">#Denkmal<\/a> an der Aegidiipromenade zur Erinnerung an den Frieden von 1648. Mehr Infos auf unserer Website &quot;Erinnern im \u00f6ffentlichen Raum&quot; <a href=\"https:\/\/t.co\/XOFODYThWp\">https:\/\/t.co\/XOFODYThWp<\/a> <a href=\"https:\/\/t.co\/qoETbeNofp\">pic.twitter.com\/qoETbeNofp<\/a><\/p>\n<p>&mdash; Stadtarchiv M\u00fcnster (@StadtarchivMS) <a href=\"https:\/\/twitter.com\/StadtarchivMS\/status\/1399986137104539651?ref_src=twsrc%5Etfw\">June 2, 2021<\/a><\/p><\/blockquote>\n<p><script async src=\"https:\/\/platform.twitter.com\/widgets.js\" charset=\"utf-8\"><\/script><\/p>\n<blockquote class=\"twitter-tweet\" data-width=\"550\" data-dnt=\"true\">\n<p lang=\"de\" dir=\"ltr\">*Komm, wir gehen! Die Flut kommt. Das Baby kommt dreimal pro Nacht. Wohin kommen die Gl\u00e4ser?* Im Duden sind 21 Gebrauchsweisen des Verbs *kommen* aufgelistet. Eine weitere fehlt: *Das kommt schon gut.* bzw. *Kommt das gut?* Wie l\u00e4sst sich diese Bedeutung paraphrasieren? <a href=\"https:\/\/t.co\/DtNXm8nruU\">pic.twitter.com\/DtNXm8nruU<\/a><\/p>\n<p>&mdash; Variantengrammatik (@VariantenGra) <a href=\"https:\/\/twitter.com\/VariantenGra\/status\/1399984842314502144?ref_src=twsrc%5Etfw\">June 2, 2021<\/a><\/p><\/blockquote>\n<p><script async src=\"https:\/\/platform.twitter.com\/widgets.js\" charset=\"utf-8\"><\/script><\/p>\n<blockquote class=\"twitter-tweet\" data-width=\"550\" data-dnt=\"true\">\n<p lang=\"de\" dir=\"ltr\">Aus unseren Neuerwerbungen \u2013 Sprachen und Literaturen allgemein 2021.6 <a href=\"https:\/\/t.co\/ZKRBbMYrrA\">https:\/\/t.co\/ZKRBbMYrrA<\/a><\/p>\n<p>&mdash; ULB_MS_FachInfo (@ULB_MS_FachInfo) <a href=\"https:\/\/twitter.com\/ULB_MS_FachInfo\/status\/1399972311814578177?ref_src=twsrc%5Etfw\">June 2, 2021<\/a><\/p><\/blockquote>\n<p><script async src=\"https:\/\/platform.twitter.com\/widgets.js\" charset=\"utf-8\"><\/script><\/p>\n<blockquote class=\"twitter-tweet\" data-width=\"550\" data-dnt=\"true\">\n<p lang=\"en\" dir=\"ltr\">The new Pandemic Sciences Centre will focus on three core themes:<\/p>\n<p>1. Accelerating understanding and insights: <\/p>\n<p>2. Translating research into real-world solutions<\/p>\n<p>3. Enhancing confidence, trust and impact<\/p>\n<p>More info \u2b07\ufe0f<\/p>\n<p>&mdash; University of Oxford (@UniofOxford) <a href=\"https:\/\/twitter.com\/UniofOxford\/status\/1398308583654277122?ref_src=twsrc%5Etfw\">May 28, 2021<\/a><\/p><\/blockquote>\n<p><script async src=\"https:\/\/platform.twitter.com\/widgets.js\" charset=\"utf-8\"><\/script><br \/>\nhttps:\/\/twitter.com\/v_i_o_l_a\/status\/1400171071882530816<br \/>\nhttps:\/\/twitter.com\/v_i_o_l_a\/status\/1400171432575971331<br \/>\nhttps:\/\/twitter.com\/v_i_o_l_a\/status\/1400171725254447109<\/p>\n<blockquote class=\"twitter-tweet\" data-width=\"550\" data-dnt=\"true\">\n<p lang=\"de\" dir=\"ltr\">Schon 6 Follower! Ich werde wichtig. 4 Physiker dabei. Ich sollte anfangen, \u00fcber Physik zu twittern.<\/p>\n<p>&mdash; Gernot M\u00fcnster (@Gernot_Muenster) <a href=\"https:\/\/twitter.com\/Gernot_Muenster\/status\/1399696510686838787?ref_src=twsrc%5Etfw\">June 1, 2021<\/a><\/p><\/blockquote>\n<p><script async src=\"https:\/\/platform.twitter.com\/widgets.js\" charset=\"utf-8\"><\/script><\/p>\n<blockquote class=\"twitter-tweet\" data-width=\"550\" data-dnt=\"true\">\n<p lang=\"zxx\" dir=\"ltr\"><a href=\"https:\/\/t.co\/rnjN3Il1YO\">pic.twitter.com\/rnjN3Il1YO<\/a><\/p>\n<p>&mdash; lizandmollie (@lizandmollie) <a href=\"https:\/\/twitter.com\/lizandmollie\/status\/1399749449774157827?ref_src=twsrc%5Etfw\">June 1, 2021<\/a><\/p><\/blockquote>\n<p><script async src=\"https:\/\/platform.twitter.com\/widgets.js\" charset=\"utf-8\"><\/script><\/p>\n<blockquote class=\"twitter-tweet\" data-width=\"550\" data-dnt=\"true\">\n<p lang=\"en\" dir=\"ltr\">Happy to announce that my first first-author paper was just published in JASIST: <a href=\"https:\/\/t.co\/BoHXj3NAkz\">https:\/\/t.co\/BoHXj3NAkz<\/a> Many thanks to <a href=\"https:\/\/twitter.com\/klebel_t?ref_src=twsrc%5Etfw\">@klebel_t<\/a>, <a href=\"https:\/\/twitter.com\/tonyR_H?ref_src=twsrc%5Etfw\">@tonyR_H<\/a> and <a href=\"https:\/\/twitter.com\/ilireh?ref_src=twsrc%5Etfw\">@ilireh<\/a>!<\/p>\n<p>&mdash; Stefan Reichmann (@StefanReichman5) <a href=\"https:\/\/twitter.com\/StefanReichman5\/status\/1397108964240801792?ref_src=twsrc%5Etfw\">May 25, 2021<\/a><\/p><\/blockquote>\n<p><script async src=\"https:\/\/platform.twitter.com\/widgets.js\" charset=\"utf-8\"><\/script><\/p>\n<blockquote class=\"twitter-tweet\" data-width=\"550\" data-dnt=\"true\">\n<p lang=\"de\" dir=\"ltr\">Sie bereiten ja gerade intensiv f\u00fcr die Nach-<a href=\"https:\/\/twitter.com\/hashtag\/corona?src=hash&amp;ref_src=twsrc%5Etfw\">#corona<\/a>-Zeit diese krasse 3D-Welt vor, in der man sich frei bewegen und sogar mit anderen interagieren kann.<\/p>\n<p>&mdash; Christian Spannagel (@dunkelmunkel) <a href=\"https:\/\/twitter.com\/dunkelmunkel\/status\/1399741977659416578?ref_src=twsrc%5Etfw\">June 1, 2021<\/a><\/p><\/blockquote>\n<p><script async src=\"https:\/\/platform.twitter.com\/widgets.js\" charset=\"utf-8\"><\/script><br \/>\nhttps:\/\/twitter.com\/v_i_o_l_a\/status\/1400172980282478596<\/p>\n<blockquote class=\"twitter-tweet\" data-width=\"550\" data-dnt=\"true\">\n<p lang=\"de\" dir=\"ltr\">Eine ausf\u00fchrliche Sprechstunde u.a. mit Detailfragen zur Zitierweise endete gerade mit der Schlussfolgerung der Studentin:<br \/>&quot;Man muss ja das Plagiat nicht provozieren.&quot;<br \/>Ich finde das einen treffenden und denkw\u00fcrdigen Grundsatz, gerade mit Blick auf aktuelle Ereignisse.<\/p>\n<p>&mdash; Philipp Kr\u00e4mer (@ph_kraemer) <a href=\"https:\/\/twitter.com\/ph_kraemer\/status\/1399709168114753537?ref_src=twsrc%5Etfw\">June 1, 2021<\/a><\/p><\/blockquote>\n<p><script async src=\"https:\/\/platform.twitter.com\/widgets.js\" charset=\"utf-8\"><\/script><\/p>\n<blockquote class=\"twitter-tweet\" data-width=\"550\" data-dnt=\"true\">\n<p lang=\"en\" dir=\"ltr\">TIL: there is a <a href=\"https:\/\/t.co\/Cfx8AIAfu4\">https:\/\/t.co\/Cfx8AIAfu4<\/a><\/p>\n<p>&mdash; Sebastian N\u2726rdh\u2726ff (@twig2noise) <a href=\"https:\/\/twitter.com\/twig2noise\/status\/1399707142907731973?ref_src=twsrc%5Etfw\">June 1, 2021<\/a><\/p><\/blockquote>\n<p><script async src=\"https:\/\/platform.twitter.com\/widgets.js\" charset=\"utf-8\"><\/script><br \/>\nhttps:\/\/twitter.com\/v_i_o_l_a\/status\/1400173664042205185<\/p>\n<blockquote class=\"twitter-tweet\" data-width=\"550\" data-dnt=\"true\">\n<p lang=\"en\" dir=\"ltr\">42% of librarian&#39;s who can&#39;t read in a moving vehicle consider it to be their greatest personal flaw<\/p>\n<p>&mdash; Fake Library Statistics (@FakeLibStats) <a href=\"https:\/\/twitter.com\/FakeLibStats\/status\/1399684997536231428?ref_src=twsrc%5Etfw\">June 1, 2021<\/a><\/p><\/blockquote>\n<p><script async src=\"https:\/\/platform.twitter.com\/widgets.js\" charset=\"utf-8\"><\/script><\/p>\n<blockquote class=\"twitter-tweet\" data-width=\"550\" data-dnt=\"true\">\n<p lang=\"en\" dir=\"ltr\">The newly restored 14th century shrine of St Amphibalus at St Albans cathedral features a carving of a head wearing a facemask to commemorate the shrine\u2019s restoration during the pandemic. (Image: St Albans Cathedral) <a href=\"https:\/\/t.co\/2qRSu6kUg8\">pic.twitter.com\/2qRSu6kUg8<\/a><\/p>\n<p>&mdash; Quite Interesting (@qikipedia) <a href=\"https:\/\/twitter.com\/qikipedia\/status\/1399667043511816198?ref_src=twsrc%5Etfw\">June 1, 2021<\/a><\/p><\/blockquote>\n<p><script async src=\"https:\/\/platform.twitter.com\/widgets.js\" charset=\"utf-8\"><\/script><br \/>\nhttps:\/\/twitter.com\/v_i_o_l_a\/status\/1400174285310906374<\/p>\n<blockquote class=\"twitter-tweet\" data-width=\"550\" data-dnt=\"true\">\n<p lang=\"en\" dir=\"ltr\">Well, June, you\u2019re on. You better perform. No pressure.<\/p>\n<p>&mdash; VeryBritishProblems (@SoVeryBritish) <a href=\"https:\/\/twitter.com\/SoVeryBritish\/status\/1399650272851419137?ref_src=twsrc%5Etfw\">June 1, 2021<\/a><\/p><\/blockquote>\n<p><script async src=\"https:\/\/platform.twitter.com\/widgets.js\" charset=\"utf-8\"><\/script><\/p>\n<blockquote class=\"twitter-tweet\" data-width=\"550\" data-dnt=\"true\">\n<p lang=\"de\" dir=\"ltr\">Hoffe, die Studierenden, die dann bald einen H\u00f6rsaal &quot;zum ersten Mal von innen sehen&quot;, haben eine hohe Entt\u00e4uschungsresistenz.<\/p>\n<p>&mdash; Johannes Franzen (@Johannes42) <a href=\"https:\/\/twitter.com\/Johannes42\/status\/1399273773648551936?ref_src=twsrc%5Etfw\">May 31, 2021<\/a><\/p><\/blockquote>\n<p><script async src=\"https:\/\/platform.twitter.com\/widgets.js\" charset=\"utf-8\"><\/script><\/p>\n<blockquote class=\"twitter-tweet\" data-width=\"550\" data-dnt=\"true\">\n<p lang=\"de\" dir=\"ltr\">Meine Uni <a href=\"https:\/\/twitter.com\/wwu_muenster?ref_src=twsrc%5Etfw\">@WWU_Muenster<\/a>, benannt nach Wilhelm II, der sie er\u00f6ffnet hat, denkt wieder einmal \u00fcber eine Umbenennung nach (Rektorat, Senat, AStA, wiss. Beirat etc.), weil Wilhelm Militarist und ein \u00fcbler Antisemit war. 1\/<\/p>\n<p>&mdash; Gernot M\u00fcnster (@Gernot_Muenster) <a href=\"https:\/\/twitter.com\/Gernot_Muenster\/status\/1399695571808657416?ref_src=twsrc%5Etfw\">June 1, 2021<\/a><\/p><\/blockquote>\n<p><script async src=\"https:\/\/platform.twitter.com\/widgets.js\" charset=\"utf-8\"><\/script><\/p>\n<blockquote class=\"twitter-tweet\" data-width=\"550\" data-dnt=\"true\">\n<p lang=\"de\" dir=\"ltr\">Mein kostenneutraler Vorschlag: die Uni solle k\u00fcnftig nach K\u00f6nig Wilhelm von Holland (1228 &#8211; 1256) benannt werden. Kaum \u00c4nderungen auf Papier und im Internet n\u00f6tig. Bin mal gespannt.<\/p>\n<p>&mdash; Gernot M\u00fcnster (@Gernot_Muenster) <a href=\"https:\/\/twitter.com\/Gernot_Muenster\/status\/1399695573880557570?ref_src=twsrc%5Etfw\">June 1, 2021<\/a><\/p><\/blockquote>\n<p><script async src=\"https:\/\/platform.twitter.com\/widgets.js\" charset=\"utf-8\"><\/script><\/p>\n<blockquote class=\"twitter-tweet\" data-width=\"550\" data-dnt=\"true\">\n<p lang=\"en\" dir=\"ltr\">Sure, GoogleMaps is cool but not half as cool as ORBIS. The Stanford Geospatial Network Model of the Roman World allows you to check travel times during Roman times. You can choose your mode of travel too! Source: <a href=\"https:\/\/t.co\/s0igfUpkAe\">https:\/\/t.co\/s0igfUpkAe<\/a> <a href=\"https:\/\/t.co\/GOwkZ0Go8V\">pic.twitter.com\/GOwkZ0Go8V<\/a><\/p>\n<p>&mdash; Simon Kuestenmacher (@simongerman600) <a href=\"https:\/\/twitter.com\/simongerman600\/status\/1148333448194662401?ref_src=twsrc%5Etfw\">July 8, 2019<\/a><\/p><\/blockquote>\n<p><script async src=\"https:\/\/platform.twitter.com\/widgets.js\" charset=\"utf-8\"><\/script><\/p>\n<blockquote class=\"twitter-tweet\" data-width=\"550\" data-dnt=\"true\">\n<p lang=\"en\" dir=\"ltr\">Professors: ugh why can&#39;t students manage their time properly? They&#39;ve procrastinated on this assignment for weeks.<\/p>\n<p>Also professors: I wrote this conference paper on cocktail napkins at the bar about 30 minutes ago.<\/p>\n<p>&mdash; Melissa DeWitt (@Badgersssss) <a href=\"https:\/\/twitter.com\/Badgersssss\/status\/1400099444633182209?ref_src=twsrc%5Etfw\">June 2, 2021<\/a><\/p><\/blockquote>\n<p><script async src=\"https:\/\/platform.twitter.com\/widgets.js\" charset=\"utf-8\"><\/script><\/p>\n","protected":false},"excerpt":{"rendered":"<p>&#39;morgen! &mdash; viola vo\u00df (@v_i_o_l_a) June 2, 2021 https:\/\/twitter.com\/v_i_o_l_a\/status\/1399955269564702725 &quot;Je \u00e4lter man wird, desto \u00e4hnlicher wird man sich.&quot; (Luciano Pavarotti, 1935-2007, italienischer Operns\u00e4nger) [via https:\/\/t.co\/L4VYhltLO1] &mdash; viola vo\u00df (@v_i_o_l_a) June 2, 2021 https:\/\/twitter.com\/v_i_o_l_a\/status\/1399981449110081537 Der FC Metz erh\u00e4lt eine neue visuelle Identit\u00e4t. Ein hoch interessantes, spannendes und, das zeigen auch die Reaktionen in franz\u00f6sischsprachigen Medien, polarisierendes [&hellip;]<\/p>\n","protected":false},"author":1,"featured_media":0,"comment_status":"open","ping_status":"open","sticky":false,"template":"","format":"standard","meta":{"footnotes":""},"categories":[36],"tags":[],"class_list":["post-12259","post","type-post","status-publish","format-standard","hentry","category-twitter"],"_links":{"self":[{"href":"https:\/\/www.x-v-x.de\/blog\/index.php?rest_route=\/wp\/v2\/posts\/12259","targetHints":{"allow":["GET"]}}],"collection":[{"href":"https:\/\/www.x-v-x.de\/blog\/index.php?rest_route=\/wp\/v2\/posts"}],"about":[{"href":"https:\/\/www.x-v-x.de\/blog\/index.php?rest_route=\/wp\/v2\/types\/post"}],"author":[{"embeddable":true,"href":"https:\/\/www.x-v-x.de\/blog\/index.php?rest_route=\/wp\/v2\/users\/1"}],"replies":[{"embeddable":true,"href":"https:\/\/www.x-v-x.de\/blog\/index.php?rest_route=%2Fwp%2Fv2%2Fcomments&post=12259"}],"version-history":[{"count":0,"href":"https:\/\/www.x-v-x.de\/blog\/index.php?rest_route=\/wp\/v2\/posts\/12259\/revisions"}],"wp:attachment":[{"href":"https:\/\/www.x-v-x.de\/blog\/index.php?rest_route=%2Fwp%2Fv2%2Fmedia&parent=12259"}],"wp:term":[{"taxonomy":"category","embeddable":true,"href":"https:\/\/www.x-v-x.de\/blog\/index.php?rest_route=%2Fwp%2Fv2%2Fcategories&post=12259"},{"taxonomy":"post_tag","embeddable":true,"href":"https:\/\/www.x-v-x.de\/blog\/index.php?rest_route=%2Fwp%2Fv2%2Ftags&post=12259"}],"curies":[{"name":"wp","href":"https:\/\/api.w.org\/{rel}","templated":true}]}}