{"id":12263,"date":"2021-06-05T13:07:17","date_gmt":"2021-06-05T11:07:17","guid":{"rendered":"https:\/\/www.x-v-x.de\/blog\/?p=12263"},"modified":"2021-07-11T13:07:34","modified_gmt":"2021-07-11T11:07:34","slug":"tweets-2021-06-04","status":"publish","type":"post","link":"https:\/\/www.x-v-x.de\/blog\/?p=12263","title":{"rendered":"tweets | 2021-06-04"},"content":{"rendered":"<blockquote class=\"twitter-tweet\" data-width=\"550\" data-dnt=\"true\">\n<p lang=\"nl\" dir=\"ltr\">&#39;morgen!<\/p>\n<p>&mdash; viola vo\u00df (@v_i_o_l_a) <a href=\"https:\/\/twitter.com\/v_i_o_l_a\/status\/1400675631441092609?ref_src=twsrc%5Etfw\">June 4, 2021<\/a><\/p><\/blockquote>\n<p><script async src=\"https:\/\/platform.twitter.com\/widgets.js\" charset=\"utf-8\"><\/script><br \/>\nhttps:\/\/twitter.com\/v_i_o_l_a\/status\/1400684944859541508<br \/>\nhttps:\/\/twitter.com\/v_i_o_l_a\/status\/1400684961582157825<\/p>\n<blockquote class=\"twitter-tweet\" data-width=\"550\" data-dnt=\"true\">\n<p lang=\"de\" dir=\"ltr\">sch\u00f6ne idee: im blog der <a href=\"https:\/\/twitter.com\/hsh_bib?ref_src=twsrc%5Etfw\">@hsh_bib<\/a> gibts jetzt eine &quot;zeitschrift des monats&quot; aus der teilbibliothek diakonie, gesundheit und soziales: <a href=\"https:\/\/t.co\/YFtJdRHYkH\">https:\/\/t.co\/YFtJdRHYkH<\/a> <a href=\"https:\/\/twitter.com\/hashtag\/bestand?src=hash&amp;ref_src=twsrc%5Etfw\">#bestand<\/a> <a href=\"https:\/\/twitter.com\/hashtag\/entdecken?src=hash&amp;ref_src=twsrc%5Etfw\">#entdecken<\/a> <a href=\"https:\/\/twitter.com\/hashtag\/bewerben?src=hash&amp;ref_src=twsrc%5Etfw\">#bewerben<\/a><\/p>\n<p>&mdash; viola vo\u00df (@v_i_o_l_a) <a href=\"https:\/\/twitter.com\/v_i_o_l_a\/status\/1400697952935546880?ref_src=twsrc%5Etfw\">June 4, 2021<\/a><\/p><\/blockquote>\n<p><script async src=\"https:\/\/platform.twitter.com\/widgets.js\" charset=\"utf-8\"><\/script><br \/>\nhttps:\/\/twitter.com\/v_i_o_l_a\/status\/1400701683622203393<br \/>\nhttps:\/\/twitter.com\/v_i_o_l_a\/status\/1400703122784362508<\/p>\n<blockquote class=\"twitter-tweet\" data-width=\"550\" data-dnt=\"true\">\n<p lang=\"de\" dir=\"ltr\">Nach <a href=\"https:\/\/twitter.com\/joplinapp?ref_src=twsrc%5Etfw\">@joplinapp<\/a> und <a href=\"https:\/\/twitter.com\/OneTab?ref_src=twsrc%5Etfw\">@OneTab<\/a> beschreibe ich mit mit <a href=\"https:\/\/twitter.com\/extensity?ref_src=twsrc%5Etfw\">@Extensity<\/a> ein weiteres Tools, das ich verwende und weiter empfehlen kann. Mit &quot;Profilen&quot; f\u00fcr verschiedene Nutzungsszenarien k\u00f6nnen die (vielen) Browser Plugins gruppiert und besser verwaltet werden. <a href=\"https:\/\/t.co\/PbpkTjmO0o\">https:\/\/t.co\/PbpkTjmO0o<\/a> <a href=\"https:\/\/t.co\/3hKPgsfJiF\">pic.twitter.com\/3hKPgsfJiF<\/a><\/p>\n<p>&mdash; Peter Baumgartner (@pbaumgartner) <a href=\"https:\/\/twitter.com\/pbaumgartner\/status\/1385948979402362880?ref_src=twsrc%5Etfw\">April 24, 2021<\/a><\/p><\/blockquote>\n<p><script async src=\"https:\/\/platform.twitter.com\/widgets.js\" charset=\"utf-8\"><\/script><\/p>\n<blockquote class=\"twitter-tweet\" data-width=\"550\" data-dnt=\"true\">\n<p lang=\"de\" dir=\"ltr\">Die neue Version von Evernote \u2013 va. auf macOS &#8211; ist eine Katastrophe. Sehe das nur ich so? &#8211; Ich habe jetzt mit <a href=\"https:\/\/t.co\/EMVnsEzI2q\">https:\/\/t.co\/EMVnsEzI2q<\/a> eine gute <a href=\"https:\/\/twitter.com\/hashtag\/opensource?src=hash&amp;ref_src=twsrc%5Etfw\">#opensource<\/a>  Alternative f\u00fcr Note-Taking App gefunden &#8211; der kooperative Aspekt fehlt dabei jedoch leider <a href=\"https:\/\/t.co\/U0kYOVgjrg\">https:\/\/t.co\/U0kYOVgjrg<\/a><\/p>\n<p>&mdash; Peter Baumgartner (@pbaumgartner) <a href=\"https:\/\/twitter.com\/pbaumgartner\/status\/1384824239388250119?ref_src=twsrc%5Etfw\">April 21, 2021<\/a><\/p><\/blockquote>\n<p><script async src=\"https:\/\/platform.twitter.com\/widgets.js\" charset=\"utf-8\"><\/script><\/p>\n<blockquote class=\"twitter-tweet\" data-width=\"550\" data-dnt=\"true\">\n<p lang=\"de\" dir=\"ltr\">&quot;<a href=\"https:\/\/twitter.com\/hashtag\/WaybackMachine?src=hash&amp;ref_src=twsrc%5Etfw\">#WaybackMachine<\/a> \u2013 Zeitreisen im Internet&quot;: ein \u00dcberblick von <a href=\"https:\/\/twitter.com\/pbaumgartner?ref_src=twsrc%5Etfw\">@pbaumgartner<\/a>: <a href=\"https:\/\/t.co\/pNZg9yE5ap\">https:\/\/t.co\/pNZg9yE5ap<\/a> [via <a href=\"https:\/\/twitter.com\/bib_fobi?ref_src=twsrc%5Etfw\">@bib_fobi<\/a>, <a href=\"https:\/\/t.co\/oNLihiU36U\">https:\/\/t.co\/oNLihiU36U<\/a>]<\/p>\n<p>&mdash; viola vo\u00df (@v_i_o_l_a) <a href=\"https:\/\/twitter.com\/v_i_o_l_a\/status\/1400705068974882816?ref_src=twsrc%5Etfw\">June 4, 2021<\/a><\/p><\/blockquote>\n<p><script async src=\"https:\/\/platform.twitter.com\/widgets.js\" charset=\"utf-8\"><\/script><\/p>\n<blockquote class=\"twitter-tweet\" data-width=\"550\" data-dnt=\"true\">\n<p lang=\"en\" dir=\"ltr\">As we head into the BH weekend, spare a thought for our <a href=\"https:\/\/twitter.com\/hashtag\/Formby?src=hash&amp;ref_src=twsrc%5Etfw\">#Formby<\/a> <a href=\"https:\/\/twitter.com\/GardenReds?ref_src=twsrc%5Etfw\">@GardenReds<\/a> <a href=\"https:\/\/twitter.com\/hashtag\/squirrels?src=hash&amp;ref_src=twsrc%5Etfw\">#squirrels<\/a> who will be training hard for the upcoming Squirrolympics <a href=\"https:\/\/twitter.com\/hashtag\/thelastred?src=hash&amp;ref_src=twsrc%5Etfw\">#thelastred<\/a> <a href=\"https:\/\/twitter.com\/hashtag\/redsquirrel?src=hash&amp;ref_src=twsrc%5Etfw\">#redsquirrel<\/a> <a href=\"https:\/\/twitter.com\/SonyUK?ref_src=twsrc%5Etfw\">@sonyuk<\/a> <a href=\"https:\/\/twitter.com\/hashtag\/A9?src=hash&amp;ref_src=twsrc%5Etfw\">#A9<\/a> <a href=\"https:\/\/twitter.com\/hashtag\/alphapro?src=hash&amp;ref_src=twsrc%5Etfw\">#alphapro<\/a> <a href=\"https:\/\/twitter.com\/hashtag\/sonyalpha?src=hash&amp;ref_src=twsrc%5Etfw\">#sonyalpha<\/a> <a href=\"https:\/\/t.co\/s1vIdhwufR\">pic.twitter.com\/s1vIdhwufR<\/a><\/p>\n<p>&mdash; Terry Donnelly (@terrydonnelly01) <a href=\"https:\/\/twitter.com\/terrydonnelly01\/status\/1398260722174468106?ref_src=twsrc%5Etfw\">May 28, 2021<\/a><\/p><\/blockquote>\n<p><script async src=\"https:\/\/platform.twitter.com\/widgets.js\" charset=\"utf-8\"><\/script><br \/>\nhttps:\/\/twitter.com\/v_i_o_l_a\/status\/1400727058880344065<\/p>\n<blockquote class=\"twitter-tweet\" data-width=\"550\" data-dnt=\"true\">\n<p lang=\"de\" dir=\"ltr\">oder wodka. oder so. \ud83d\ude42 <a href=\"https:\/\/t.co\/xSgoWZeOWp\">https:\/\/t.co\/xSgoWZeOWp<\/a><\/p>\n<p>&mdash; viola vo\u00df (@v_i_o_l_a) <a href=\"https:\/\/twitter.com\/v_i_o_l_a\/status\/1400727571889786880?ref_src=twsrc%5Etfw\">June 4, 2021<\/a><\/p><\/blockquote>\n<p><script async src=\"https:\/\/platform.twitter.com\/widgets.js\" charset=\"utf-8\"><\/script><br \/>\nhttps:\/\/twitter.com\/v_i_o_l_a\/status\/1400728329871937536<\/p>\n<blockquote class=\"twitter-tweet\" data-width=\"550\" data-dnt=\"true\">\n<p lang=\"de\" dir=\"ltr\">Aus unseren Neuerwerbungen \u2013 Slavistik 2021.6 <a href=\"https:\/\/t.co\/Uf7wRsC8fZ\">https:\/\/t.co\/Uf7wRsC8fZ<\/a><\/p>\n<p>&mdash; ULB_MS_FachInfo (@ULB_MS_FachInfo) <a href=\"https:\/\/twitter.com\/ULB_MS_FachInfo\/status\/1400697336762880008?ref_src=twsrc%5Etfw\">June 4, 2021<\/a><\/p><\/blockquote>\n<p><script async src=\"https:\/\/platform.twitter.com\/widgets.js\" charset=\"utf-8\"><\/script><\/p>\n<blockquote class=\"twitter-tweet\" data-width=\"550\" data-dnt=\"true\">\n<p lang=\"de\" dir=\"ltr\">Aus unseren Neuerwerbungen \u2013 Romanistik 2021.6 <a href=\"https:\/\/t.co\/gAvpzUDQst\">https:\/\/t.co\/gAvpzUDQst<\/a><\/p>\n<p>&mdash; ULB_MS_FachInfo (@ULB_MS_FachInfo) <a href=\"https:\/\/twitter.com\/ULB_MS_FachInfo\/status\/1400697332509954050?ref_src=twsrc%5Etfw\">June 4, 2021<\/a><\/p><\/blockquote>\n<p><script async src=\"https:\/\/platform.twitter.com\/widgets.js\" charset=\"utf-8\"><\/script><br \/>\nhttps:\/\/twitter.com\/v_i_o_l_a\/status\/1400728846178136064<\/p>\n<blockquote class=\"twitter-tweet\" data-width=\"550\" data-dnt=\"true\">\n<p lang=\"en\" dir=\"ltr\">&quot;This sword sucks. You said it glows when danger is near,&quot; he said.<\/p>\n<p>&quot;And?&quot; the wizard said.<\/p>\n<p>&quot;It ALWAYS glows.&quot;<\/p>\n<p>&quot;Yes. It has sharp edges.&quot;<\/p>\n<p>&mdash; A Small Fiction (@ASmallFiction) <a href=\"https:\/\/twitter.com\/ASmallFiction\/status\/1115859879154135040?ref_src=twsrc%5Etfw\">April 10, 2019<\/a><\/p><\/blockquote>\n<p><script async src=\"https:\/\/platform.twitter.com\/widgets.js\" charset=\"utf-8\"><\/script><br \/>\nhttps:\/\/twitter.com\/v_i_o_l_a\/status\/1400729033667608578<\/p>\n<blockquote class=\"twitter-tweet\" data-width=\"550\" data-dnt=\"true\">\n<p lang=\"de\" dir=\"ltr\">Manchmal gibt es B\u00fccher, die einen ein Leben lang verfolgen oder die wir ein Leben lang verfolgen, lesen, erstaunt oder verzweifelt immer wieder zur Hand nehmen\u2026 <a href=\"https:\/\/twitter.com\/hashtag\/kant?src=hash&amp;ref_src=twsrc%5Etfw\">#kant<\/a> der <a href=\"https:\/\/twitter.com\/hashtag\/podcast?src=hash&amp;ref_src=twsrc%5Etfw\">#podcast<\/a> <br \/>I. Kant, Critik der reinen Vernunft, Riga, 1781 ist f\u00fcr mich so ein Buch <a href=\"https:\/\/t.co\/qrPVnfGVdC\">https:\/\/t.co\/qrPVnfGVdC<\/a><\/p>\n<p>&mdash; MychalSimka (@wilsberg) <a href=\"https:\/\/twitter.com\/wilsberg\/status\/1400687506199302144?ref_src=twsrc%5Etfw\">June 4, 2021<\/a><\/p><\/blockquote>\n<p><script async src=\"https:\/\/platform.twitter.com\/widgets.js\" charset=\"utf-8\"><\/script><\/p>\n<blockquote class=\"twitter-tweet\" data-width=\"550\" data-dnt=\"true\">\n<p lang=\"en\" dir=\"ltr\">&quot;Transforming Acquisitions and Collection Services: Perspectives on Collaboration Within and Across Libraries&quot; <a href=\"https:\/\/t.co\/fJ2LxWXsTN\">https:\/\/t.co\/fJ2LxWXsTN<\/a> <a href=\"https:\/\/twitter.com\/hashtag\/library?src=hash&amp;ref_src=twsrc%5Etfw\">#library<\/a> <a href=\"https:\/\/twitter.com\/hashtag\/acquisitions?src=hash&amp;ref_src=twsrc%5Etfw\">#acquisitions<\/a> <a href=\"https:\/\/twitter.com\/hashtag\/collections?src=hash&amp;ref_src=twsrc%5Etfw\">#collections<\/a> <a href=\"https:\/\/twitter.com\/hashtag\/development?src=hash&amp;ref_src=twsrc%5Etfw\">#development<\/a><\/p>\n<p>&mdash; viola vo\u00df (@v_i_o_l_a) <a href=\"https:\/\/twitter.com\/v_i_o_l_a\/status\/1400744931686293507?ref_src=twsrc%5Etfw\">June 4, 2021<\/a><\/p><\/blockquote>\n<p><script async src=\"https:\/\/platform.twitter.com\/widgets.js\" charset=\"utf-8\"><\/script><br \/>\nhttps:\/\/twitter.com\/v_i_o_l_a\/status\/1400777258130980868<\/p>\n<blockquote class=\"twitter-tweet\" data-width=\"550\" data-dnt=\"true\">\n<p lang=\"de\" dir=\"ltr\">Aus meinem Fundus auch mal eine nette Br\u00fccke rausgekramt (Rakotzbr\u00fccke b. Cottbus). <a href=\"https:\/\/t.co\/P6Km8w44Zz\">pic.twitter.com\/P6Km8w44Zz<\/a><\/p>\n<p>&mdash; Meik Schild-Steiniger (@Rheinlandfranke) <a href=\"https:\/\/twitter.com\/Rheinlandfranke\/status\/1400777123095269376?ref_src=twsrc%5Etfw\">June 4, 2021<\/a><\/p><\/blockquote>\n<p><script async src=\"https:\/\/platform.twitter.com\/widgets.js\" charset=\"utf-8\"><\/script><\/p>\n<blockquote class=\"twitter-tweet\" data-width=\"550\" data-dnt=\"true\">\n<p lang=\"de\" dir=\"ltr\">Das traurigste Foto von heute: <a href=\"https:\/\/t.co\/y9pye2jvem\">pic.twitter.com\/y9pye2jvem<\/a><\/p>\n<p>&mdash; Julika Mimkes @kaMi@openbiblio.social (@JulikaMimkes) <a href=\"https:\/\/twitter.com\/JulikaMimkes\/status\/1400794623396782085?ref_src=twsrc%5Etfw\">June 4, 2021<\/a><\/p><\/blockquote>\n<p><script async src=\"https:\/\/platform.twitter.com\/widgets.js\" charset=\"utf-8\"><\/script><\/p>\n<blockquote class=\"twitter-tweet\" data-width=\"550\" data-dnt=\"true\">\n<p lang=\"de\" dir=\"ltr\">diese woche hab ich in sachen <a href=\"https:\/\/twitter.com\/hashtag\/fachreferat?src=hash&amp;ref_src=twsrc%5Etfw\">#fachreferat<\/a> ua an zwei pr\u00e4sentationen gearbeitet. zum einen werde ich kommende woche freitag unserer abt. information einige aspekte zum thema &quot;sachliche literaturrecherche mit der regensburger verbundklassifikation&quot; vorstellen. <a href=\"https:\/\/twitter.com\/hashtag\/fachreferatsfreitag?src=hash&amp;ref_src=twsrc%5Etfw\">#fachreferatsfreitag<\/a><\/p>\n<p>&mdash; viola vo\u00df (@v_i_o_l_a) <a href=\"https:\/\/twitter.com\/v_i_o_l_a\/status\/1400809650640015360?ref_src=twsrc%5Etfw\">June 4, 2021<\/a><\/p><\/blockquote>\n<p><script async src=\"https:\/\/platform.twitter.com\/widgets.js\" charset=\"utf-8\"><\/script><\/p>\n<blockquote class=\"twitter-tweet\" data-width=\"550\" data-dnt=\"true\">\n<p lang=\"de\" dir=\"ltr\">zwar stellen nur einige unserer bilbiotheken ihre best\u00e4nde nach RVK auf, aber durch die einholung von fremddaten haben mittlerweile rund 1.2 mio. unserer medien &quot;quer \u00fcber alle bibliotheken&quot; RVK-notationen in ihrem katalogisat. damit kann man suchtechnisch schon was anstellen. \ud83d\ude42<\/p>\n<p>&mdash; viola vo\u00df (@v_i_o_l_a) <a href=\"https:\/\/twitter.com\/v_i_o_l_a\/status\/1400809791442886665?ref_src=twsrc%5Etfw\">June 4, 2021<\/a><\/p><\/blockquote>\n<p><script async src=\"https:\/\/platform.twitter.com\/widgets.js\" charset=\"utf-8\"><\/script><\/p>\n<blockquote class=\"twitter-tweet\" data-width=\"550\" data-dnt=\"true\">\n<p lang=\"de\" dir=\"ltr\">zum anderen darf ich anfang juli wieder zum malis-wahlpflichtmodul &quot;Wiss. Dienstleistungen in Forschung &amp; Lehre \/ Fachreferat&quot; beitragen \u2013 diesmal unter der leitung von <a href=\"https:\/\/twitter.com\/FuzzyLeapfrog?ref_src=twsrc%5Etfw\">@FuzzyLeapfrog<\/a>! \ud83d\ude42 \u2013 und unserer dezernat wiss. bibliotheksdienste vorstellen. (<a href=\"https:\/\/t.co\/KGGHdaYS7U\">https:\/\/t.co\/KGGHdaYS7U<\/a>)<\/p>\n<p>&mdash; viola vo\u00df (@v_i_o_l_a) <a href=\"https:\/\/twitter.com\/v_i_o_l_a\/status\/1400810488959754241?ref_src=twsrc%5Etfw\">June 4, 2021<\/a><\/p><\/blockquote>\n<p><script async src=\"https:\/\/platform.twitter.com\/widgets.js\" charset=\"utf-8\"><\/script><\/p>\n<blockquote class=\"twitter-tweet\" data-width=\"550\" data-dnt=\"true\">\n<p lang=\"de\" dir=\"ltr\">dazu muss ich die pr\u00e4sentation vom letzten jahr \u00fcberarbeiten und aktualisieren. dabei kann ich einige aspekte \u00fcbernehmen, die ich neulich f\u00fcr den m\u00fcnsteraner workshop &quot;germanistik im beruf&quot; (<a href=\"https:\/\/t.co\/cPhxDdinLd\">https:\/\/t.co\/cPhxDdinLd<\/a>) zusammengestellt habe \u2013 ich liebe solche synergieeffekte. \ud83d\ude42<\/p>\n<p>&mdash; viola vo\u00df (@v_i_o_l_a) <a href=\"https:\/\/twitter.com\/v_i_o_l_a\/status\/1400810652760002560?ref_src=twsrc%5Etfw\">June 4, 2021<\/a><\/p><\/blockquote>\n<p><script async src=\"https:\/\/platform.twitter.com\/widgets.js\" charset=\"utf-8\"><\/script><\/p>\n<blockquote class=\"twitter-tweet\" data-width=\"550\" data-dnt=\"true\">\n<p lang=\"de\" dir=\"ltr\">dieses mal wird es eine live-(online-)veranstaltung, keine video-staffel, wie letztes jahr (<a href=\"https:\/\/t.co\/F3hSF6yUfr\">https:\/\/t.co\/F3hSF6yUfr<\/a>). und damit gibt es hoffentlich auch mehr austausch mit den teilnehmer:innen. <a href=\"https:\/\/twitter.com\/hashtag\/fachreferat?src=hash&amp;ref_src=twsrc%5Etfw\">#fachreferat<\/a> <a href=\"https:\/\/twitter.com\/hashtag\/lehre?src=hash&amp;ref_src=twsrc%5Etfw\">#lehre<\/a> <a href=\"https:\/\/twitter.com\/hashtag\/erfahrungsaustausch?src=hash&amp;ref_src=twsrc%5Etfw\">#erfahrungsaustausch<\/a><\/p>\n<p>&mdash; viola vo\u00df (@v_i_o_l_a) <a href=\"https:\/\/twitter.com\/v_i_o_l_a\/status\/1400810949225889804?ref_src=twsrc%5Etfw\">June 4, 2021<\/a><\/p><\/blockquote>\n<p><script async src=\"https:\/\/platform.twitter.com\/widgets.js\" charset=\"utf-8\"><\/script><br \/>\nhttps:\/\/twitter.com\/v_i_o_l_a\/status\/1400812867935342598<\/p>\n<blockquote class=\"twitter-tweet\" data-width=\"550\" data-dnt=\"true\">\n<p lang=\"de\" dir=\"ltr\">und noch ein nachtrag zum kleinen &quot;FIDs@DBIS&quot;-projekt letzte woche (<a href=\"https:\/\/t.co\/KPEgDhKlem\">https:\/\/t.co\/KPEgDhKlem<\/a>): auf entsprechende nachfrage beim FID zentralasien haben wir f\u00fcr ihn einen DBIS-eintrag angelegt und in der FID-sammlung erg\u00e4nzt: <a href=\"https:\/\/t.co\/Ryh8Oc7HDo\">https:\/\/t.co\/Ryh8Oc7HDo<\/a>.<\/p>\n<p>&mdash; viola vo\u00df (@v_i_o_l_a) <a href=\"https:\/\/twitter.com\/v_i_o_l_a\/status\/1400813276074807298?ref_src=twsrc%5Etfw\">June 4, 2021<\/a><\/p><\/blockquote>\n<p><script async src=\"https:\/\/platform.twitter.com\/widgets.js\" charset=\"utf-8\"><\/script><\/p>\n<blockquote class=\"twitter-tweet\" data-width=\"550\" data-dnt=\"true\">\n<p lang=\"de\" dir=\"ltr\">AuROA ist ein spannendes Projekt im Bereich geisteswissenschaftlicher <a href=\"https:\/\/twitter.com\/hashtag\/OpenAccess?src=hash&amp;ref_src=twsrc%5Etfw\">#OpenAccess<\/a>-B\u00fccher: <br \/>&quot;Wir entwickeln Mustervertr\u00e4ge und arbeiten f\u00fcr mehr Kooperation und Standardisierung bei Open-Access-Buchpublikationen&quot;<br \/>Sehr sch\u00f6n <a href=\"https:\/\/twitter.com\/ubdue?ref_src=twsrc%5Etfw\">@ubdue<\/a>, ich bin gespannt! <a href=\"https:\/\/t.co\/ysxZe9uSIt\">https:\/\/t.co\/ysxZe9uSIt<\/a><\/p>\n<p>&mdash; Christoph Hornung (@c_hornung) <a href=\"https:\/\/twitter.com\/c_hornung\/status\/1400754734424903682?ref_src=twsrc%5Etfw\">June 4, 2021<\/a><\/p><\/blockquote>\n<p><script async src=\"https:\/\/platform.twitter.com\/widgets.js\" charset=\"utf-8\"><\/script><br \/>\nhttps:\/\/twitter.com\/v_i_o_l_a\/status\/1400847746727301128<\/p>\n<blockquote class=\"twitter-tweet\" data-width=\"550\" data-dnt=\"true\">\n<p lang=\"en\" dir=\"ltr\">The ultimate lockdown tour shirt (free UK delivery until midnight on sunday) <a href=\"https:\/\/t.co\/ZRWW6zwoAf\">https:\/\/t.co\/ZRWW6zwoAf<\/a><\/p>\n<p>&mdash; VeryBritishProblems (@SoVeryBritish) <a href=\"https:\/\/twitter.com\/SoVeryBritish\/status\/1400843440485814281?ref_src=twsrc%5Etfw\">June 4, 2021<\/a><\/p><\/blockquote>\n<p><script async src=\"https:\/\/platform.twitter.com\/widgets.js\" charset=\"utf-8\"><\/script><\/p>\n<blockquote class=\"twitter-tweet\" data-width=\"550\" data-dnt=\"true\">\n<p lang=\"en\" dir=\"ltr\">Is it raining where you are?<\/p>\n<p>&mdash; VeryBritishProblems (@SoVeryBritish) <a href=\"https:\/\/twitter.com\/SoVeryBritish\/status\/1400840639621828609?ref_src=twsrc%5Etfw\">June 4, 2021<\/a><\/p><\/blockquote>\n<p><script async src=\"https:\/\/platform.twitter.com\/widgets.js\" charset=\"utf-8\"><\/script><\/p>\n<blockquote class=\"twitter-tweet\" data-width=\"550\" data-dnt=\"true\">\n<p lang=\"de\" dir=\"ltr\">Gibts schon Forschung zur Lokaldeixis des Nasenraums? Immerhin unterscheidet sich die Auslegung des Begriffs &#39;vorn&#39; oder &#39;vordere\/r\/s&#39; in den Testzentren deutlich. M\u00fcsste sich doch erheben lassen, oder?<\/p>\n<p>&mdash; Philipp Kr\u00e4mer (@ph_kraemer) <a href=\"https:\/\/twitter.com\/ph_kraemer\/status\/1400835219930947584?ref_src=twsrc%5Etfw\">June 4, 2021<\/a><\/p><\/blockquote>\n<p><script async src=\"https:\/\/platform.twitter.com\/widgets.js\" charset=\"utf-8\"><\/script><\/p>\n<blockquote class=\"twitter-tweet\" data-width=\"550\" data-dnt=\"true\">\n<p lang=\"en\" dir=\"ltr\">It&#39;s always fun to experience other PhD examination systems. Including the occasional mismatches of expectations: Coming armed with super detailed questions to a friendly game of ping-pong, bringing a ping-pong paddle to an argumentative death match.<\/p>\n<p>&mdash; David Schlangen (@davidschlangen) <a href=\"https:\/\/twitter.com\/davidschlangen\/status\/1400824998475059200?ref_src=twsrc%5Etfw\">June 4, 2021<\/a><\/p><\/blockquote>\n<p><script async src=\"https:\/\/platform.twitter.com\/widgets.js\" charset=\"utf-8\"><\/script><\/p>\n<blockquote class=\"twitter-tweet\" data-width=\"550\" data-dnt=\"true\">\n<p lang=\"en\" dir=\"ltr\">Or, in the Netherlands: wearing sneakers and being handed a super formal, 100+ yr old cap and gown and being shouted at in Latin.<\/p>\n<p>Always a pleasure, anywhere: Welcoming the new peer into the academic community.<\/p>\n<p>&mdash; David Schlangen (@davidschlangen) <a href=\"https:\/\/twitter.com\/davidschlangen\/status\/1400825000609865733?ref_src=twsrc%5Etfw\">June 4, 2021<\/a><\/p><\/blockquote>\n<p><script async src=\"https:\/\/platform.twitter.com\/widgets.js\" charset=\"utf-8\"><\/script><br \/>\nhttps:\/\/twitter.com\/v_i_o_l_a\/status\/1400848758292848640<\/p>\n<blockquote class=\"twitter-tweet\" data-width=\"550\" data-dnt=\"true\">\n<p lang=\"de\" dir=\"ltr\">Eine Bitte: Wer schult <a href=\"https:\/\/twitter.com\/hashtag\/Zotero?src=hash&amp;ref_src=twsrc%5Etfw\">#Zotero<\/a> f\u00fcr Studierende \/ Sch\u00fcler*innen. Ich suche Materialien, Infos zu Inhalt, Ablauf und Aufbau der Schulung f\u00fcr eine Oberstufe. <br \/>Speziell: nutzt jemand Zotero mit der Online Variante von Office 365?<\/p>\n<p>&mdash; Stefan Farrenkopf (@sfk01) <a href=\"https:\/\/twitter.com\/sfk01\/status\/1400817966523035648?ref_src=twsrc%5Etfw\">June 4, 2021<\/a><\/p><\/blockquote>\n<p><script async src=\"https:\/\/platform.twitter.com\/widgets.js\" charset=\"utf-8\"><\/script><br \/>\nhttps:\/\/twitter.com\/v_i_o_l_a\/status\/1400849099142860800<br \/>\nhttps:\/\/twitter.com\/v_i_o_l_a\/status\/1400849760173559811<\/p>\n<blockquote class=\"twitter-tweet\" data-width=\"550\" data-dnt=\"true\">\n<p lang=\"de\" dir=\"ltr\">Kardinal Reinhard <a href=\"https:\/\/twitter.com\/hashtag\/Marx?src=hash&amp;ref_src=twsrc%5Etfw\">#Marx<\/a> hat Papst Franziskus um seinen R\u00fccktritt gebeten. In einem Brief an den Papst legte er seine Gr\u00fcnde f\u00fcr diesen Schritt dar. WWU-Kirchenrechtler Prof. Thomas Sch\u00fcller bewertet das R\u00fccktrittsangebot des Kardinals: <a href=\"https:\/\/t.co\/DEHC24gRm8\">https:\/\/t.co\/DEHC24gRm8<\/a><\/p>\n<p>&mdash; Universit\u00e4t M\u00fcnster (@uni_muenster) <a href=\"https:\/\/twitter.com\/uni_muenster\/status\/1400798285883969538?ref_src=twsrc%5Etfw\">June 4, 2021<\/a><\/p><\/blockquote>\n<p><script async src=\"https:\/\/platform.twitter.com\/widgets.js\" charset=\"utf-8\"><\/script><\/p>\n<blockquote class=\"twitter-tweet\" data-width=\"550\" data-dnt=\"true\">\n<p lang=\"en\" dir=\"ltr\">Bad news for any zombie bus passengers in Hamburg with a return ticket <a href=\"https:\/\/t.co\/2p1ibOepkf\">pic.twitter.com\/2p1ibOepkf<\/a><\/p>\n<p>&mdash; German at Portsmouth (@GermanAtPompey) <a href=\"https:\/\/twitter.com\/GermanAtPompey\/status\/1400761881661427714?ref_src=twsrc%5Etfw\">June 4, 2021<\/a><\/p><\/blockquote>\n<p><script async src=\"https:\/\/platform.twitter.com\/widgets.js\" charset=\"utf-8\"><\/script><br \/>\nhttps:\/\/twitter.com\/v_i_o_l_a\/status\/1400850330385006597<\/p>\n<blockquote class=\"twitter-tweet\" data-width=\"550\" data-dnt=\"true\">\n<p lang=\"de\" dir=\"ltr\">Alles Gute f\u00fcr die neue Herausforderung <a href=\"https:\/\/twitter.com\/CorneliaDenz?ref_src=twsrc%5Etfw\">@CorneliaDenz<\/a>! <a href=\"https:\/\/t.co\/EUF2WtVbGl\">https:\/\/t.co\/EUF2WtVbGl<\/a><\/p>\n<p>&mdash; Universit\u00e4t M\u00fcnster (@uni_muenster) <a href=\"https:\/\/twitter.com\/uni_muenster\/status\/1400768573203701763?ref_src=twsrc%5Etfw\">June 4, 2021<\/a><\/p><\/blockquote>\n<p><script async src=\"https:\/\/platform.twitter.com\/widgets.js\" charset=\"utf-8\"><\/script><\/p>\n<blockquote class=\"twitter-tweet\" data-width=\"550\" data-dnt=\"true\">\n<p lang=\"de\" dir=\"ltr\">Das Toolkit <a href=\"https:\/\/twitter.com\/hashtag\/Annif?src=hash&amp;ref_src=twsrc%5Etfw\">#Annif<\/a> war Schwerpunkt im letzten Workshop des &quot;Netzwerk maschinelle Verfahren in der Erschlie\u00dfung&quot;. Elisabeth M\u00f6dden und Christa Sch\u00f6ning-Walter fassen die Ergebnisse im neuen Dialog mit Bibliotheken zusammen. Online unter: <a href=\"https:\/\/t.co\/2ZqfEeEvFK\">https:\/\/t.co\/2ZqfEeEvFK<\/a><\/p>\n<p>&mdash; Deutsche Nationalbibliothek (@DNB_Aktuelles) <a href=\"https:\/\/twitter.com\/DNB_Aktuelles\/status\/1400740375464194049?ref_src=twsrc%5Etfw\">June 4, 2021<\/a><\/p><\/blockquote>\n<p><script async src=\"https:\/\/platform.twitter.com\/widgets.js\" charset=\"utf-8\"><\/script><\/p>\n<blockquote class=\"twitter-tweet\" data-width=\"550\" data-dnt=\"true\">\n<p lang=\"und\" dir=\"ltr\">cc <a href=\"https:\/\/twitter.com\/OsmaSuominen?ref_src=twsrc%5Etfw\">@OsmaSuominen<\/a> \ud83d\ude42 <a href=\"https:\/\/t.co\/F9607FgNcR\">https:\/\/t.co\/F9607FgNcR<\/a><\/p>\n<p>&mdash; viola vo\u00df (@v_i_o_l_a) <a href=\"https:\/\/twitter.com\/v_i_o_l_a\/status\/1400851846789468168?ref_src=twsrc%5Etfw\">June 4, 2021<\/a><\/p><\/blockquote>\n<p><script async src=\"https:\/\/platform.twitter.com\/widgets.js\" charset=\"utf-8\"><\/script><\/p>\n<blockquote class=\"twitter-tweet\" data-width=\"550\" data-dnt=\"true\">\n<p lang=\"de\" dir=\"ltr\">Die Antwort ist klar, die Fragen m\u00fcssen der Form halber aber noch gestellt werden! Also: Lust, ein Jahr lang die St\u00e4dtepartnerschaft zwischen <a href=\"https:\/\/twitter.com\/hashtag\/Orl%C3%A9ans?src=hash&amp;ref_src=twsrc%5Etfw\">#Orl\u00e9ans<\/a> und <a href=\"https:\/\/twitter.com\/hashtag\/M%C3%BCnster?src=hash&amp;ref_src=twsrc%5Etfw\">#M\u00fcnster<\/a> voranzutreiben? Direkt in Frankreich? Und Du bist nicht \u00e4lter als 25? Prima! Wir freuen uns: <a href=\"https:\/\/t.co\/pPZah77GMl\">https:\/\/t.co\/pPZah77GMl<\/a> <a href=\"https:\/\/t.co\/uBbWXSJSj4\">pic.twitter.com\/uBbWXSJSj4<\/a><\/p>\n<p>&mdash; Stadt M\u00fcnster (@muenster_de) <a href=\"https:\/\/twitter.com\/muenster_de\/status\/1400739853977915392?ref_src=twsrc%5Etfw\">June 4, 2021<\/a><\/p><\/blockquote>\n<p><script async src=\"https:\/\/platform.twitter.com\/widgets.js\" charset=\"utf-8\"><\/script><br \/>\nhttps:\/\/twitter.com\/v_i_o_l_a\/status\/1400853092782989318<br \/>\nhttps:\/\/twitter.com\/v_i_o_l_a\/status\/1400853327664062475<br \/>\nhttps:\/\/twitter.com\/v_i_o_l_a\/status\/1400853471432224774<\/p>\n<blockquote class=\"twitter-tweet\" data-width=\"550\" data-dnt=\"true\">\n<p lang=\"zxx\" dir=\"ltr\"><a href=\"https:\/\/t.co\/tcuEj4nzLG\">pic.twitter.com\/tcuEj4nzLG<\/a><\/p>\n<p>&mdash; Hauck &amp; Bauer (@hauckundbauer) <a href=\"https:\/\/twitter.com\/hauckundbauer\/status\/1400743434294530048?ref_src=twsrc%5Etfw\">June 4, 2021<\/a><\/p><\/blockquote>\n<p><script async src=\"https:\/\/platform.twitter.com\/widgets.js\" charset=\"utf-8\"><\/script><br \/>\nhttps:\/\/twitter.com\/v_i_o_l_a\/status\/1400853715842748416<br \/>\nhttps:\/\/twitter.com\/v_i_o_l_a\/status\/1400854085927157767<\/p>\n<blockquote class=\"twitter-tweet\" data-width=\"550\" data-dnt=\"true\">\n<p lang=\"de\" dir=\"ltr\">Wohin nun eigentlich mit meiner entgleisenden Mimik, wenn ich in Pr\u00e4senz dann bald keine Kamera mehr ausschalten kann? Hat da schon jemand was erfunden?<\/p>\n<p>&mdash; Amrei Bahr (stillgelegter Account) (@AmreiBahr) <a href=\"https:\/\/twitter.com\/AmreiBahr\/status\/1400824517417709571?ref_src=twsrc%5Etfw\">June 4, 2021<\/a><\/p><\/blockquote>\n<p><script async src=\"https:\/\/platform.twitter.com\/widgets.js\" charset=\"utf-8\"><\/script><br \/>\nhttps:\/\/twitter.com\/v_i_o_l_a\/status\/1400858712626110468<br \/>\nhttps:\/\/twitter.com\/v_i_o_l_a\/status\/1400880069804015618<\/p>\n<blockquote class=\"twitter-tweet\" data-width=\"550\" data-dnt=\"true\">\n<p lang=\"de\" dir=\"ltr\">Ich bin nach einem Jahr Pandemie so von Videocalls versaut, ich hab grad am Ende eines Telefonats aus Reflex gewunken.<\/p>\n<p>&mdash; patrick stenzel (@rock_galore) <a href=\"https:\/\/twitter.com\/rock_galore\/status\/1400779994570362880?ref_src=twsrc%5Etfw\">June 4, 2021<\/a><\/p><\/blockquote>\n<p><script async src=\"https:\/\/platform.twitter.com\/widgets.js\" charset=\"utf-8\"><\/script><\/p>\n<blockquote class=\"twitter-tweet\" data-width=\"550\" data-dnt=\"true\">\n<p lang=\"de\" dir=\"ltr\">Die 1. Tagung der \u201eStudentischen Initiative Deutschsprachiger Japanologie\u201c wird am 12. und 13. August 2021 in einem digitalen Format stattfinden. Weitere Informationen finden Sie hier: <a href=\"https:\/\/t.co\/guZFq0wJK9\">https:\/\/t.co\/guZFq0wJK9<\/a><\/p>\n<p>&mdash; Japanese Studies Vienna (@jstudiesvienna) <a href=\"https:\/\/twitter.com\/jstudiesvienna\/status\/1400490861775966218?ref_src=twsrc%5Etfw\">June 3, 2021<\/a><\/p><\/blockquote>\n<p><script async src=\"https:\/\/platform.twitter.com\/widgets.js\" charset=\"utf-8\"><\/script><br \/>\nhttps:\/\/twitter.com\/v_i_o_l_a\/status\/1400894091345469446<\/p>\n<blockquote class=\"twitter-tweet\" data-width=\"550\" data-dnt=\"true\">\n<p lang=\"de\" dir=\"ltr\">Erh\u00e4lt man solche Mitteilung auf eine Fernleihbestellung:<br \/>&quot;Reason for deleting the request: Requested material cannot be located&quot;<br \/>&#8230;f\u00fchlt man sich immer ein bisschen so, als h\u00e4tte man ein Geheimnis aufgedeckt. Das Buch ist im Speichermagazin nicht finden? Was ist da noch faul?<\/p>\n<p>&mdash; karstens (@karstens) <a href=\"https:\/\/twitter.com\/karstens\/status\/1400858962925436934?ref_src=twsrc%5Etfw\">June 4, 2021<\/a><\/p><\/blockquote>\n<p><script async src=\"https:\/\/platform.twitter.com\/widgets.js\" charset=\"utf-8\"><\/script><\/p>\n<blockquote class=\"twitter-tweet\" data-width=\"550\" data-dnt=\"true\">\n<p lang=\"en\" dir=\"ltr\">literary foreshadowing <a href=\"https:\/\/t.co\/QjTtcDakeS\">https:\/\/t.co\/QjTtcDakeS<\/a> via <a href=\"https:\/\/twitter.com\/wordpressdotcom?ref_src=twsrc%5Etfw\">@wordpressdotcom<\/a> <a href=\"https:\/\/twitter.com\/hashtag\/literaryforeshadowing?src=hash&amp;ref_src=twsrc%5Etfw\">#literaryforeshadowing<\/a> <a href=\"https:\/\/twitter.com\/hashtag\/shadowplay?src=hash&amp;ref_src=twsrc%5Etfw\">#shadowplay<\/a> <a href=\"https:\/\/twitter.com\/hashtag\/kafkaesque?src=hash&amp;ref_src=twsrc%5Etfw\">#kafkaesque<\/a><\/p>\n<p>&mdash; Wrong Hands (@WrongHands1) <a href=\"https:\/\/twitter.com\/WrongHands1\/status\/1400769257235943424?ref_src=twsrc%5Etfw\">June 4, 2021<\/a><\/p><\/blockquote>\n<p><script async src=\"https:\/\/platform.twitter.com\/widgets.js\" charset=\"utf-8\"><\/script><br \/>\nhttps:\/\/twitter.com\/v_i_o_l_a\/status\/1400904565323669510<\/p>\n<blockquote class=\"twitter-tweet\" data-width=\"550\" data-dnt=\"true\">\n<p lang=\"de\" dir=\"ltr\">&#39;nacht allerseits, und sch\u00f6nes wochenende, trotz allem!<\/p>\n<p>&mdash; viola vo\u00df (@v_i_o_l_a) <a href=\"https:\/\/twitter.com\/v_i_o_l_a\/status\/1400912796213145600?ref_src=twsrc%5Etfw\">June 4, 2021<\/a><\/p><\/blockquote>\n<p><script async src=\"https:\/\/platform.twitter.com\/widgets.js\" charset=\"utf-8\"><\/script><\/p>\n","protected":false},"excerpt":{"rendered":"<p>&#39;morgen! &mdash; viola vo\u00df (@v_i_o_l_a) June 4, 2021 https:\/\/twitter.com\/v_i_o_l_a\/status\/1400684944859541508 https:\/\/twitter.com\/v_i_o_l_a\/status\/1400684961582157825 sch\u00f6ne idee: im blog der @hsh_bib gibts jetzt eine &quot;zeitschrift des monats&quot; aus der teilbibliothek diakonie, gesundheit und soziales: https:\/\/t.co\/YFtJdRHYkH #bestand #entdecken #bewerben &mdash; viola vo\u00df (@v_i_o_l_a) June 4, 2021 https:\/\/twitter.com\/v_i_o_l_a\/status\/1400701683622203393 https:\/\/twitter.com\/v_i_o_l_a\/status\/1400703122784362508 Nach @joplinapp und @OneTab beschreibe ich mit mit @Extensity ein weiteres Tools, das [&hellip;]<\/p>\n","protected":false},"author":1,"featured_media":0,"comment_status":"open","ping_status":"open","sticky":false,"template":"","format":"standard","meta":{"footnotes":""},"categories":[36],"tags":[],"class_list":["post-12263","post","type-post","status-publish","format-standard","hentry","category-twitter"],"_links":{"self":[{"href":"https:\/\/www.x-v-x.de\/blog\/index.php?rest_route=\/wp\/v2\/posts\/12263","targetHints":{"allow":["GET"]}}],"collection":[{"href":"https:\/\/www.x-v-x.de\/blog\/index.php?rest_route=\/wp\/v2\/posts"}],"about":[{"href":"https:\/\/www.x-v-x.de\/blog\/index.php?rest_route=\/wp\/v2\/types\/post"}],"author":[{"embeddable":true,"href":"https:\/\/www.x-v-x.de\/blog\/index.php?rest_route=\/wp\/v2\/users\/1"}],"replies":[{"embeddable":true,"href":"https:\/\/www.x-v-x.de\/blog\/index.php?rest_route=%2Fwp%2Fv2%2Fcomments&post=12263"}],"version-history":[{"count":0,"href":"https:\/\/www.x-v-x.de\/blog\/index.php?rest_route=\/wp\/v2\/posts\/12263\/revisions"}],"wp:attachment":[{"href":"https:\/\/www.x-v-x.de\/blog\/index.php?rest_route=%2Fwp%2Fv2%2Fmedia&parent=12263"}],"wp:term":[{"taxonomy":"category","embeddable":true,"href":"https:\/\/www.x-v-x.de\/blog\/index.php?rest_route=%2Fwp%2Fv2%2Fcategories&post=12263"},{"taxonomy":"post_tag","embeddable":true,"href":"https:\/\/www.x-v-x.de\/blog\/index.php?rest_route=%2Fwp%2Fv2%2Ftags&post=12263"}],"curies":[{"name":"wp","href":"https:\/\/api.w.org\/{rel}","templated":true}]}}