{"id":12291,"date":"2021-06-22T13:13:48","date_gmt":"2021-06-22T11:13:48","guid":{"rendered":"https:\/\/www.x-v-x.de\/blog\/?p=12291"},"modified":"2021-07-11T13:14:01","modified_gmt":"2021-07-11T11:14:01","slug":"tweets-2021-06-21","status":"publish","type":"post","link":"https:\/\/www.x-v-x.de\/blog\/?p=12291","title":{"rendered":"tweets | 2021-06-21"},"content":{"rendered":"<blockquote class=\"twitter-tweet\" data-width=\"550\" data-dnt=\"true\">\n<p lang=\"nl\" dir=\"ltr\">&#39;morgen!<\/p>\n<p>&mdash; viola vo\u00df (@v_i_o_l_a) <a href=\"https:\/\/twitter.com\/v_i_o_l_a\/status\/1406830959664697347?ref_src=twsrc%5Etfw\">June 21, 2021<\/a><\/p><\/blockquote>\n<p><script async src=\"https:\/\/platform.twitter.com\/widgets.js\" charset=\"utf-8\"><\/script><\/p>\n<blockquote class=\"twitter-tweet\" data-width=\"550\" data-dnt=\"true\">\n<p lang=\"de\" dir=\"ltr\">&quot;Ich bin das M\u00e4dchen, das seinen guten Ruf verloren und ihn nie vermisst hat.&quot; (Cher, *1946, US-amerikan. S\u00e4ngerin und Schauspielerin) [via <a href=\"https:\/\/t.co\/L4VYhltLO1\">https:\/\/t.co\/L4VYhltLO1<\/a>]<\/p>\n<p>&mdash; viola vo\u00df (@v_i_o_l_a) <a href=\"https:\/\/twitter.com\/v_i_o_l_a\/status\/1406834164637257730?ref_src=twsrc%5Etfw\">June 21, 2021<\/a><\/p><\/blockquote>\n<p><script async src=\"https:\/\/platform.twitter.com\/widgets.js\" charset=\"utf-8\"><\/script><\/p>\n<blockquote class=\"twitter-tweet\" data-width=\"550\" data-dnt=\"true\">\n<p lang=\"de\" dir=\"ltr\">Kennen Sie schon \u2026 die Shapell Collection? <a href=\"https:\/\/t.co\/dvtSdo5zAe\">https:\/\/t.co\/dvtSdo5zAe<\/a><\/p>\n<p>&mdash; ULB_MS_FachInfo (@ULB_MS_FachInfo) <a href=\"https:\/\/twitter.com\/ULB_MS_FachInfo\/status\/1406857788677033990?ref_src=twsrc%5Etfw\">June 21, 2021<\/a><\/p><\/blockquote>\n<p><script async src=\"https:\/\/platform.twitter.com\/widgets.js\" charset=\"utf-8\"><\/script><\/p>\n<blockquote class=\"twitter-tweet\" data-width=\"550\" data-dnt=\"true\">\n<p lang=\"en\" dir=\"ltr\">\u2026 featuring <a href=\"https:\/\/twitter.com\/ShapellManu?ref_src=twsrc%5Etfw\">@shapellmanu<\/a>! \ud83d\ude42 <a href=\"https:\/\/twitter.com\/hashtag\/USA?src=hash&amp;ref_src=twsrc%5Etfw\">#USA<\/a> <a href=\"https:\/\/twitter.com\/hashtag\/history?src=hash&amp;ref_src=twsrc%5Etfw\">#history<\/a> <a href=\"https:\/\/twitter.com\/hashtag\/manuscripts?src=hash&amp;ref_src=twsrc%5Etfw\">#manuscripts<\/a> <a href=\"https:\/\/twitter.com\/hashtag\/documents?src=hash&amp;ref_src=twsrc%5Etfw\">#documents<\/a> <a href=\"https:\/\/t.co\/7kOCxbnKp0\">https:\/\/t.co\/7kOCxbnKp0<\/a><\/p>\n<p>&mdash; viola vo\u00df (@v_i_o_l_a) <a href=\"https:\/\/twitter.com\/v_i_o_l_a\/status\/1406858158367293446?ref_src=twsrc%5Etfw\">June 21, 2021<\/a><\/p><\/blockquote>\n<p><script async src=\"https:\/\/platform.twitter.com\/widgets.js\" charset=\"utf-8\"><\/script><\/p>\n<blockquote class=\"twitter-tweet\" data-width=\"550\" data-dnt=\"true\">\n<p lang=\"fr\" dir=\"ltr\">Le Centre Gabriel Naud\u00e9 <a href=\"https:\/\/twitter.com\/enssib?ref_src=twsrc%5Etfw\">@enssib<\/a> est pr\u00eat \u00e0 vous recevoir pour parler arch\u00e9ologie du livre au Mus\u00e9e Lugdunum dans le cadre des <a href=\"https:\/\/twitter.com\/journees_archeo?ref_src=twsrc%5Etfw\">@journees_archeo<\/a> <a href=\"https:\/\/twitter.com\/hashtag\/JEArcheo?src=hash&amp;ref_src=twsrc%5Etfw\">#JEArcheo<\/a> ! <a href=\"https:\/\/t.co\/gKvdSEFcG1\">pic.twitter.com\/gKvdSEFcG1<\/a><\/p>\n<p>&mdash; Centre Gabriel Naud\u00e9 (@CentreNaude) <a href=\"https:\/\/twitter.com\/CentreNaude\/status\/1406167208309444609?ref_src=twsrc%5Etfw\">June 19, 2021<\/a><\/p><\/blockquote>\n<p><script async src=\"https:\/\/platform.twitter.com\/widgets.js\" charset=\"utf-8\"><\/script><br \/>\nhttps:\/\/twitter.com\/v_i_o_l_a\/status\/1406879672647008258<br \/>\nhttps:\/\/twitter.com\/v_i_o_l_a\/status\/1406892949590454275<\/p>\n<blockquote class=\"twitter-tweet\" data-width=\"550\" data-dnt=\"true\">\n<p lang=\"de\" dir=\"ltr\">Aus der Reihe: Lustiges aus dem <a href=\"https:\/\/twitter.com\/hashtag\/Fachreferat?src=hash&amp;ref_src=twsrc%5Etfw\">#Fachreferat<\/a> <a href=\"https:\/\/t.co\/J6brp78Kq5\">pic.twitter.com\/J6brp78Kq5<\/a><\/p>\n<p>&mdash; Dr. Ninon Franziska Frank (@Dr_NinonFrank) <a href=\"https:\/\/twitter.com\/Dr_NinonFrank\/status\/1406924794809946113?ref_src=twsrc%5Etfw\">June 21, 2021<\/a><\/p><\/blockquote>\n<p><script async src=\"https:\/\/platform.twitter.com\/widgets.js\" charset=\"utf-8\"><\/script><\/p>\n<blockquote class=\"twitter-tweet\" data-width=\"550\" data-dnt=\"true\">\n<p lang=\"de\" dir=\"ltr\">Morgen j\u00e4hrt sich der Geburtstag von Heinrich August Erhard (1793-1851) zum 170. Mal.  Eine Slg. von Schriften Luthers, seiner Freunde u.Gegner stammt  aus dem Nachl. des M\u00fcnsterschen Archivars, von dem die ULB sie 1852 erwarb. Sie liegt digitalisiert vor <a href=\"https:\/\/t.co\/SKTcvjZ5j6\">https:\/\/t.co\/SKTcvjZ5j6<\/a> <a href=\"https:\/\/t.co\/uwRmIpBYZF\">pic.twitter.com\/uwRmIpBYZF<\/a><\/p>\n<p>&mdash; ULB_MS_DigiNews (@ULB_MS_DigiNews) <a href=\"https:\/\/twitter.com\/ULB_MS_DigiNews\/status\/1406925446952984585?ref_src=twsrc%5Etfw\">June 21, 2021<\/a><\/p><\/blockquote>\n<p><script async src=\"https:\/\/platform.twitter.com\/widgets.js\" charset=\"utf-8\"><\/script><\/p>\n<blockquote class=\"twitter-tweet\" data-width=\"550\" data-dnt=\"true\">\n<p lang=\"de\" dir=\"ltr\">Nur noch selten kann man die scheuen Lesesteine in ihrem nat\u00fcrlichen Habitat bei der Lekt\u00fcre erleben. <a href=\"https:\/\/t.co\/ITsXYZekV9\">pic.twitter.com\/ITsXYZekV9<\/a><\/p>\n<p>&mdash; Michael (@freelancepolice) <a href=\"https:\/\/twitter.com\/freelancepolice\/status\/1406942315005067268?ref_src=twsrc%5Etfw\">June 21, 2021<\/a><\/p><\/blockquote>\n<p><script async src=\"https:\/\/platform.twitter.com\/widgets.js\" charset=\"utf-8\"><\/script><\/p>\n<blockquote class=\"twitter-tweet\" data-width=\"550\" data-dnt=\"true\">\n<p lang=\"de\" dir=\"ltr\">Hm, irgendwie hatten wir uns unsere Zielgruppe anders vorgestellt. <a href=\"https:\/\/twitter.com\/hashtag\/MarketingamLimit?src=hash&amp;ref_src=twsrc%5Etfw\">#MarketingamLimit<\/a> <a href=\"https:\/\/t.co\/Oh8QiI9TjZ\">https:\/\/t.co\/Oh8QiI9TjZ<\/a><\/p>\n<p>&mdash; Reclam Verlag (@ReclamVerlag) <a href=\"https:\/\/twitter.com\/ReclamVerlag\/status\/1406945496384561154?ref_src=twsrc%5Etfw\">June 21, 2021<\/a><\/p><\/blockquote>\n<p><script async src=\"https:\/\/platform.twitter.com\/widgets.js\" charset=\"utf-8\"><\/script><br \/>\nhttps:\/\/twitter.com\/v_i_o_l_a\/status\/1406945809065775110<br \/>\nhttps:\/\/twitter.com\/v_i_o_l_a\/status\/1406946223601422338<br \/>\nhttps:\/\/twitter.com\/v_i_o_l_a\/status\/1406946259542450182<br \/>\nhttps:\/\/twitter.com\/v_i_o_l_a\/status\/1406946316450779149<\/p>\n<blockquote class=\"twitter-tweet\" data-width=\"550\" data-dnt=\"true\">\n<p lang=\"en\" dir=\"ltr\">Share notebooks and collaborate on them using Joplin Server 2.0 <a href=\"https:\/\/t.co\/ANPid4SYzP\">https:\/\/t.co\/ANPid4SYzP<\/a><\/p>\n<p>&mdash; Joplin (@joplinapp) <a href=\"https:\/\/twitter.com\/joplinapp\/status\/1406935247334391809?ref_src=twsrc%5Etfw\">June 21, 2021<\/a><\/p><\/blockquote>\n<p><script async src=\"https:\/\/platform.twitter.com\/widgets.js\" charset=\"utf-8\"><\/script><br \/>\nhttps:\/\/twitter.com\/v_i_o_l_a\/status\/1406947304070918145<\/p>\n<blockquote class=\"twitter-tweet\" data-width=\"550\" data-dnt=\"true\">\n<p lang=\"de\" dir=\"ltr\">Wieder etwas gelernt. <br \/>In M\u00fcnster gibt es den &quot;Junker J\u00f6rg-Platz&quot; mit entsprechender Bushaltestelle der @stadtwerke_ms und auch die &quot;Martin-Luther-Stra\u00dfe&quot; <a href=\"https:\/\/twitter.com\/muenster_de?ref_src=twsrc%5Etfw\">@muenster_de<\/a> <\/p>\n<p>Das wird 2022 relevant \ud83d\ude09 <a href=\"https:\/\/twitter.com\/hashtag\/savethedate?src=hash&amp;ref_src=twsrc%5Etfw\">#savethedate<\/a> <a href=\"https:\/\/twitter.com\/hashtag\/Ausstellung?src=hash&amp;ref_src=twsrc%5Etfw\">#Ausstellung<\/a> <a href=\"https:\/\/t.co\/dzltnBH36e\">https:\/\/t.co\/dzltnBH36e<\/a><\/p>\n<p>&mdash; Bibelmuseum M\u00fcnster (@Bibelmuseum) <a href=\"https:\/\/twitter.com\/Bibelmuseum\/status\/1406888314737770497?ref_src=twsrc%5Etfw\">June 21, 2021<\/a><\/p><\/blockquote>\n<p><script async src=\"https:\/\/platform.twitter.com\/widgets.js\" charset=\"utf-8\"><\/script><\/p>\n<blockquote class=\"twitter-tweet\" data-width=\"550\" data-dnt=\"true\">\n<p lang=\"de\" dir=\"ltr\">deutsche bahn meldet mir jedes mal, dass mein zug leider, leider versp\u00e4tung haben wird, nur um dann f\u00fcnf minuten vorher zu sagen, dass doch alles tippitoppi p\u00fcnktlich sein wird.<br \/>bisschen so wie ich mit deadlines.<\/p>\n<p>&mdash; katja berlin (@katjaberlin) <a href=\"https:\/\/twitter.com\/katjaberlin\/status\/1406918782057123840?ref_src=twsrc%5Etfw\">June 21, 2021<\/a><\/p><\/blockquote>\n<p><script async src=\"https:\/\/platform.twitter.com\/widgets.js\" charset=\"utf-8\"><\/script><\/p>\n<blockquote class=\"twitter-tweet\" data-width=\"550\" data-dnt=\"true\">\n<p lang=\"en\" dir=\"ltr\">Bandname oder Buchtitel?<\/p>\n<p>The royal bastards of medieval England<a href=\"https:\/\/twitter.com\/hashtag\/BandOderBuch?src=hash&amp;ref_src=twsrc%5Etfw\">#BandOderBuch<\/a><\/p>\n<p>&mdash; Swagunke (@swagunke) <a href=\"https:\/\/twitter.com\/swagunke\/status\/1406917088476794885?ref_src=twsrc%5Etfw\">June 21, 2021<\/a><\/p><\/blockquote>\n<p><script async src=\"https:\/\/platform.twitter.com\/widgets.js\" charset=\"utf-8\"><\/script><\/p>\n<blockquote class=\"twitter-tweet\" data-width=\"550\" data-dnt=\"true\">\n<p lang=\"en\" dir=\"ltr\">The agony and ecstasy of scientific discovery, by <a href=\"https:\/\/twitter.com\/tomgauld?ref_src=twsrc%5Etfw\">@tomgauld<\/a> <a href=\"https:\/\/t.co\/ID20frC4rc\">pic.twitter.com\/ID20frC4rc<\/a><\/p>\n<p>&mdash; New Scientist (@newscientist) <a href=\"https:\/\/twitter.com\/newscientist\/status\/1406559690864181249?ref_src=twsrc%5Etfw\">June 20, 2021<\/a><\/p><\/blockquote>\n<p><script async src=\"https:\/\/platform.twitter.com\/widgets.js\" charset=\"utf-8\"><\/script><\/p>\n<blockquote class=\"twitter-tweet\" data-width=\"550\" data-dnt=\"true\">\n<p lang=\"de\" dir=\"ltr\">Hat jemand schon mal ausgerechnet, wieviel Video-Mitschnitte vom  <a href=\"https:\/\/twitter.com\/hashtag\/Bibtag21?src=hash&amp;ref_src=twsrc%5Etfw\">#Bibtag21<\/a> gibt und wie lange es dauert, die alle anzuschauen? Sehe gerade den tollen Vortrag zum Methodenwiki der TU M\u00fcnchen und Uni Passau. Gro\u00dfartige Ressource! <a href=\"https:\/\/t.co\/HvEQ70VLkm\">https:\/\/t.co\/HvEQ70VLkm<\/a><\/p>\n<p>&mdash; Dr. Christina Riesenweber (@c_riesen) <a href=\"https:\/\/twitter.com\/c_riesen\/status\/1406910757367955458?ref_src=twsrc%5Etfw\">June 21, 2021<\/a><\/p><\/blockquote>\n<p><script async src=\"https:\/\/platform.twitter.com\/widgets.js\" charset=\"utf-8\"><\/script><br \/>\nhttps:\/\/twitter.com\/v_i_o_l_a\/status\/1406948900385210368<br \/>\nhttps:\/\/twitter.com\/v_i_o_l_a\/status\/1406949171475714048<\/p>\n<blockquote class=\"twitter-tweet\" data-width=\"550\" data-dnt=\"true\">\n<p lang=\"de\" dir=\"ltr\">Heute ist der l\u00e4ngste Tag des Jahres, d.h. die Sonne scheint auf der Nordhalbkugel am l\u00e4ngsten. Heute passt wettertechnisch wohl eher ein Blick in unsere Titel rund um die schwedische Literatur. D\u00fcster und packend wie z.B. die Thriller von Stieg Larsson. \/bk <a href=\"https:\/\/twitter.com\/hashtag\/Mittsommer?src=hash&amp;ref_src=twsrc%5Etfw\">#Mittsommer<\/a> <a href=\"https:\/\/twitter.com\/hashtag\/Buchtipp?src=hash&amp;ref_src=twsrc%5Etfw\">#Buchtipp<\/a> <a href=\"https:\/\/t.co\/duTkFl9kJX\">pic.twitter.com\/duTkFl9kJX<\/a><\/p>\n<p>&mdash; @ubosnabrueck@openbiblio.social (@UB_Osnabrueck) <a href=\"https:\/\/twitter.com\/UB_Osnabrueck\/status\/1406902242876198914?ref_src=twsrc%5Etfw\">June 21, 2021<\/a><\/p><\/blockquote>\n<p><script async src=\"https:\/\/platform.twitter.com\/widgets.js\" charset=\"utf-8\"><\/script><\/p>\n<blockquote class=\"twitter-tweet\" data-width=\"550\" data-dnt=\"true\">\n<p lang=\"de\" dir=\"ltr\">Das \u00bbFrankfurter Intelligenzblatt\u00ab ist eine der wichtigsten Quellen f\u00fcr die Wirtschafts- und Kulturgeschichte <a href=\"https:\/\/twitter.com\/hashtag\/Frankfurt?src=hash&amp;ref_src=twsrc%5Etfw\">#Frankfurt<\/a>|s im 18. \/19. Jh. Mit F\u00f6rderung der <a href=\"https:\/\/twitter.com\/dfg_public?ref_src=twsrc%5Etfw\">@dfg_public<\/a> wird die <a href=\"https:\/\/twitter.com\/hashtag\/Zeitung?src=hash&amp;ref_src=twsrc%5Etfw\">#Zeitung<\/a> nun digitalisiert: <a href=\"https:\/\/t.co\/0GRH4Hym9V\">https:\/\/t.co\/0GRH4Hym9V<\/a> <a href=\"https:\/\/twitter.com\/Stadt_FFM?ref_src=twsrc%5Etfw\">@Stadt_FFM<\/a> <a href=\"https:\/\/twitter.com\/isg_frankfurt?ref_src=twsrc%5Etfw\">@isg_frankfurt<\/a> <a href=\"https:\/\/twitter.com\/histmus?ref_src=twsrc%5Etfw\">@histmus<\/a> <a href=\"https:\/\/twitter.com\/hashtag\/ubffm?src=hash&amp;ref_src=twsrc%5Etfw\">#ubffm<\/a> \/zue <a href=\"https:\/\/t.co\/zvNKbVDjQj\">pic.twitter.com\/zvNKbVDjQj<\/a><\/p>\n<p>&mdash; Universit\u00e4tsbibliothek J.C. Senckenberg (@ub_ffm) <a href=\"https:\/\/twitter.com\/ub_ffm\/status\/1406873016420679681?ref_src=twsrc%5Etfw\">June 21, 2021<\/a><\/p><\/blockquote>\n<p><script async src=\"https:\/\/platform.twitter.com\/widgets.js\" charset=\"utf-8\"><\/script><\/p>\n<blockquote class=\"twitter-tweet\" data-width=\"550\" data-dnt=\"true\">\n<p lang=\"de\" dir=\"ltr\">Am 21. Juni um 05:32 Uhr MESZ ereignet sich in diesem Jahr die <a href=\"https:\/\/twitter.com\/hashtag\/Sonnenwende?src=hash&amp;ref_src=twsrc%5Etfw\">#Sonnenwende<\/a>, die den <a href=\"https:\/\/twitter.com\/hashtag\/Sommer?src=hash&amp;ref_src=twsrc%5Etfw\">#Sommer<\/a> einleitet. Von jetzt an werden die Tage wieder k\u00fcrzer und die N\u00e4chte l\u00e4nger. Was genau sich da am Himmel ereignet, erfahren Sie im Artikel des Tages <a href=\"https:\/\/t.co\/jmCN9NxuVx\">https:\/\/t.co\/jmCN9NxuVx<\/a> <a href=\"https:\/\/t.co\/h2SaEAgFry\">pic.twitter.com\/h2SaEAgFry<\/a><\/p>\n<p>&mdash; Digitales W\u00f6rterbuch der deutschen Sprache (@dwds_de) <a href=\"https:\/\/twitter.com\/dwds_de\/status\/1406831746419609601?ref_src=twsrc%5Etfw\">June 21, 2021<\/a><\/p><\/blockquote>\n<p><script async src=\"https:\/\/platform.twitter.com\/widgets.js\" charset=\"utf-8\"><\/script><br \/>\nhttps:\/\/twitter.com\/v_i_o_l_a\/status\/1406950090045018114<\/p>\n<blockquote class=\"twitter-tweet\" data-width=\"550\" data-dnt=\"true\">\n<p lang=\"en\" dir=\"ltr\">Bingo for virtual meetings by the ever brilliant <a href=\"https:\/\/twitter.com\/lizandmollie?ref_src=twsrc%5Etfw\">@lizandmollie<\/a> <a href=\"https:\/\/t.co\/rEjHdmx5K6\">pic.twitter.com\/rEjHdmx5K6<\/a><\/p>\n<p>&mdash; Helen Bevan (@HelenBevan) <a href=\"https:\/\/twitter.com\/HelenBevan\/status\/1405922973400420365?ref_src=twsrc%5Etfw\">June 18, 2021<\/a><\/p><\/blockquote>\n<p><script async src=\"https:\/\/platform.twitter.com\/widgets.js\" charset=\"utf-8\"><\/script><\/p>\n<blockquote class=\"twitter-tweet\" data-width=\"550\" data-dnt=\"true\">\n<p lang=\"de\" dir=\"ltr\">P\u00fcnktlich zum <a href=\"https:\/\/twitter.com\/hashtag\/TagDerMusik2021?src=hash&amp;ref_src=twsrc%5Etfw\">#TagDerMusik2021<\/a> von <a href=\"https:\/\/twitter.com\/DMusikrat?ref_src=twsrc%5Etfw\">@DMusikrat<\/a> \u00f6ffnet das <a href=\"https:\/\/twitter.com\/hashtag\/Musikarchiv?src=hash&amp;ref_src=twsrc%5Etfw\">#Musikarchiv<\/a> die virtuelle Ausstellung &quot;Klingendes Ged\u00e4chtnis&quot; in Kooperation mit <a href=\"https:\/\/twitter.com\/ddbkultur?ref_src=twsrc%5Etfw\">@ddbkultur<\/a>. <a href=\"https:\/\/t.co\/EeIK8RKIgH\">https:\/\/t.co\/EeIK8RKIgH<\/a> <a href=\"https:\/\/t.co\/QNlaAWdH5n\">pic.twitter.com\/QNlaAWdH5n<\/a><\/p>\n<p>&mdash; Deutsche Nationalbibliothek (@DNB_Aktuelles) <a href=\"https:\/\/twitter.com\/DNB_Aktuelles\/status\/1406899306896965634?ref_src=twsrc%5Etfw\">June 21, 2021<\/a><\/p><\/blockquote>\n<p><script async src=\"https:\/\/platform.twitter.com\/widgets.js\" charset=\"utf-8\"><\/script><br \/>\nhttps:\/\/twitter.com\/v_i_o_l_a\/status\/1406960842764132366<br \/>\nhttps:\/\/twitter.com\/v_i_o_l_a\/status\/1406985653393494019<br \/>\nhttps:\/\/twitter.com\/v_i_o_l_a\/status\/1407009205966548996<br \/>\nhttps:\/\/twitter.com\/v_i_o_l_a\/status\/1407019580288086017<\/p>\n<blockquote class=\"twitter-tweet\" data-width=\"550\" data-dnt=\"true\">\n<p lang=\"de\" dir=\"ltr\">interessantes themenheft der &quot;mitteilungen des deutschen germanistenverbandes&quot; 2\/2021: &quot;In Krisen erz\u00e4hlen \u2013 von Krisen erz\u00e4hlen. Sprachliche, literarische und mediale Dimensionen&quot; <a href=\"https:\/\/t.co\/4QGizRMvWz\">https:\/\/t.co\/4QGizRMvWz<\/a> [leider closed access]<\/p>\n<p>&mdash; viola vo\u00df (@v_i_o_l_a) <a href=\"https:\/\/twitter.com\/v_i_o_l_a\/status\/1407020725098135554?ref_src=twsrc%5Etfw\">June 21, 2021<\/a><\/p><\/blockquote>\n<p><script async src=\"https:\/\/platform.twitter.com\/widgets.js\" charset=\"utf-8\"><\/script><\/p>\n<blockquote class=\"twitter-tweet\" data-width=\"550\" data-dnt=\"true\">\n<p lang=\"en\" dir=\"ltr\">The Aubudon Society released official guidance for what counts as a &quot;birb&quot;, a &quot;borb&quot; and a &quot;floof&quot;: <a href=\"https:\/\/t.co\/qxLqgnXpFJ\">https:\/\/t.co\/qxLqgnXpFJ<\/a><\/p>\n<p>&mdash; Quite Interesting (@qikipedia) <a href=\"https:\/\/twitter.com\/qikipedia\/status\/1407005393549672452?ref_src=twsrc%5Etfw\">June 21, 2021<\/a><\/p><\/blockquote>\n<p><script async src=\"https:\/\/platform.twitter.com\/widgets.js\" charset=\"utf-8\"><\/script><br \/>\nhttps:\/\/twitter.com\/v_i_o_l_a\/status\/1407022537989578752<\/p>\n<blockquote class=\"twitter-tweet\" data-width=\"550\" data-dnt=\"true\">\n<p lang=\"de\" dir=\"ltr\">Total \u00e4rgerlich. <a href=\"https:\/\/twitter.com\/DFB?ref_src=twsrc%5Etfw\">@DFB<\/a>-Zeugwart verbummelt alle Trikots. Nationalmannschaft muss gegen Ungarn im alten Dress vom VfL-Bochum spielen. <a href=\"https:\/\/t.co\/P8ejZFEb6L\">https:\/\/t.co\/P8ejZFEb6L<\/a> <a href=\"https:\/\/t.co\/P1sSBNxbLp\">pic.twitter.com\/P1sSBNxbLp<\/a><\/p>\n<p>&mdash; Ralf Heimann (@ralfheimann) <a href=\"https:\/\/twitter.com\/ralfheimann\/status\/1406685851719974912?ref_src=twsrc%5Etfw\">June 20, 2021<\/a><\/p><\/blockquote>\n<p><script async src=\"https:\/\/platform.twitter.com\/widgets.js\" charset=\"utf-8\"><\/script><\/p>\n<blockquote class=\"twitter-tweet\" data-width=\"550\" data-dnt=\"true\">\n<p lang=\"en\" dir=\"ltr\">The Digital Human, Series 20, Shadow: Aleks Krotoski explores the impact of Sci-hub on science and the Open Access Movement <a href=\"https:\/\/t.co\/i4VNGjP8GD\">https:\/\/t.co\/i4VNGjP8GD<\/a><\/p>\n<p>&mdash; ZBW MediaTalk (@ZBW_MediaTalk) <a href=\"https:\/\/twitter.com\/ZBW_MediaTalk\/status\/1406990590592573445?ref_src=twsrc%5Etfw\">June 21, 2021<\/a><\/p><\/blockquote>\n<p><script async src=\"https:\/\/platform.twitter.com\/widgets.js\" charset=\"utf-8\"><\/script><\/p>\n<blockquote class=\"twitter-tweet\" data-width=\"550\" data-dnt=\"true\">\n<p lang=\"de\" dir=\"ltr\">Der Botanische Garten ist ein beliebtes Ausflugsziel in <a href=\"https:\/\/twitter.com\/hashtag\/M%C3%BCnster?src=hash&amp;ref_src=twsrc%5Etfw\">#M\u00fcnster<\/a> \u2013 und tr\u00e4gt gleichzeitig zur <a href=\"https:\/\/twitter.com\/hashtag\/Nachhaltigkeit?src=hash&amp;ref_src=twsrc%5Etfw\">#Nachhaltigkeit<\/a> der WWU bei. Bspw durch F\u00fchrungen, die sich mit Themen wie <a href=\"https:\/\/twitter.com\/hashtag\/Klimawandel?src=hash&amp;ref_src=twsrc%5Etfw\">#Klimawandel<\/a> besch\u00e4ftigen, oder durch die Pflanzenvielfalt und Lage mitten in der Stadt:<a href=\"https:\/\/t.co\/TZYJExHdbG\">https:\/\/t.co\/TZYJExHdbG<\/a><\/p>\n<p>&mdash; Universit\u00e4t M\u00fcnster (@uni_muenster) <a href=\"https:\/\/twitter.com\/uni_muenster\/status\/1406977958049419265?ref_src=twsrc%5Etfw\">June 21, 2021<\/a><\/p><\/blockquote>\n<p><script async src=\"https:\/\/platform.twitter.com\/widgets.js\" charset=\"utf-8\"><\/script><\/p>\n<blockquote class=\"twitter-tweet\" data-width=\"550\" data-dnt=\"true\">\n<p lang=\"de\" dir=\"ltr\">Die Drey Kl\u00fcgsten Leute in der gantzen Welt <a href=\"https:\/\/t.co\/RLZO37vVDE\">https:\/\/t.co\/RLZO37vVDE<\/a><\/p>\n<p>&mdash; ULB_MS_DigiNews (@ULB_MS_DigiNews) <a href=\"https:\/\/twitter.com\/ULB_MS_DigiNews\/status\/1406969255833346053?ref_src=twsrc%5Etfw\">June 21, 2021<\/a><\/p><\/blockquote>\n<p><script async src=\"https:\/\/platform.twitter.com\/widgets.js\" charset=\"utf-8\"><\/script><\/p>\n<blockquote class=\"twitter-tweet\" data-width=\"550\" data-dnt=\"true\">\n<p lang=\"de\" dir=\"ltr\">Die drey \u00e4rgsten|| Ertz-Narren|| in der gantzen Welt\/ <a href=\"https:\/\/t.co\/RYALByyvf0\">https:\/\/t.co\/RYALByyvf0<\/a><\/p>\n<p>&mdash; ULB_MS_DigiNews (@ULB_MS_DigiNews) <a href=\"https:\/\/twitter.com\/ULB_MS_DigiNews\/status\/1406969258920251398?ref_src=twsrc%5Etfw\">June 21, 2021<\/a><\/p><\/blockquote>\n<p><script async src=\"https:\/\/platform.twitter.com\/widgets.js\" charset=\"utf-8\"><\/script><br \/>\nhttps:\/\/twitter.com\/v_i_o_l_a\/status\/1407028144247291905<br \/>\nhttps:\/\/twitter.com\/v_i_o_l_a\/status\/1407071143375290373<\/p>\n","protected":false},"excerpt":{"rendered":"<p>&#39;morgen! &mdash; viola vo\u00df (@v_i_o_l_a) June 21, 2021 &quot;Ich bin das M\u00e4dchen, das seinen guten Ruf verloren und ihn nie vermisst hat.&quot; (Cher, *1946, US-amerikan. S\u00e4ngerin und Schauspielerin) [via https:\/\/t.co\/L4VYhltLO1] &mdash; viola vo\u00df (@v_i_o_l_a) June 21, 2021 Kennen Sie schon \u2026 die Shapell Collection? https:\/\/t.co\/dvtSdo5zAe &mdash; ULB_MS_FachInfo (@ULB_MS_FachInfo) June 21, 2021 \u2026 featuring @shapellmanu! \ud83d\ude42 [&hellip;]<\/p>\n","protected":false},"author":1,"featured_media":0,"comment_status":"open","ping_status":"open","sticky":false,"template":"","format":"standard","meta":{"footnotes":""},"categories":[36],"tags":[],"class_list":["post-12291","post","type-post","status-publish","format-standard","hentry","category-twitter"],"_links":{"self":[{"href":"https:\/\/www.x-v-x.de\/blog\/index.php?rest_route=\/wp\/v2\/posts\/12291","targetHints":{"allow":["GET"]}}],"collection":[{"href":"https:\/\/www.x-v-x.de\/blog\/index.php?rest_route=\/wp\/v2\/posts"}],"about":[{"href":"https:\/\/www.x-v-x.de\/blog\/index.php?rest_route=\/wp\/v2\/types\/post"}],"author":[{"embeddable":true,"href":"https:\/\/www.x-v-x.de\/blog\/index.php?rest_route=\/wp\/v2\/users\/1"}],"replies":[{"embeddable":true,"href":"https:\/\/www.x-v-x.de\/blog\/index.php?rest_route=%2Fwp%2Fv2%2Fcomments&post=12291"}],"version-history":[{"count":0,"href":"https:\/\/www.x-v-x.de\/blog\/index.php?rest_route=\/wp\/v2\/posts\/12291\/revisions"}],"wp:attachment":[{"href":"https:\/\/www.x-v-x.de\/blog\/index.php?rest_route=%2Fwp%2Fv2%2Fmedia&parent=12291"}],"wp:term":[{"taxonomy":"category","embeddable":true,"href":"https:\/\/www.x-v-x.de\/blog\/index.php?rest_route=%2Fwp%2Fv2%2Fcategories&post=12291"},{"taxonomy":"post_tag","embeddable":true,"href":"https:\/\/www.x-v-x.de\/blog\/index.php?rest_route=%2Fwp%2Fv2%2Ftags&post=12291"}],"curies":[{"name":"wp","href":"https:\/\/api.w.org\/{rel}","templated":true}]}}