{"id":12293,"date":"2021-06-23T13:14:47","date_gmt":"2021-06-23T11:14:47","guid":{"rendered":"https:\/\/www.x-v-x.de\/blog\/?p=12293"},"modified":"2021-07-11T13:15:06","modified_gmt":"2021-07-11T11:15:06","slug":"tweets-2021-06-22","status":"publish","type":"post","link":"https:\/\/www.x-v-x.de\/blog\/?p=12293","title":{"rendered":"tweets | 2021-06-22"},"content":{"rendered":"<blockquote class=\"twitter-tweet\" data-width=\"550\" data-dnt=\"true\">\n<p lang=\"nl\" dir=\"ltr\">&#39;morgen!<\/p>\n<p>&mdash; viola vo\u00df (@v_i_o_l_a) <a href=\"https:\/\/twitter.com\/v_i_o_l_a\/status\/1407194021194305536?ref_src=twsrc%5Etfw\">June 22, 2021<\/a><\/p><\/blockquote>\n<p><script async src=\"https:\/\/platform.twitter.com\/widgets.js\" charset=\"utf-8\"><\/script><\/p>\n<blockquote class=\"twitter-tweet\" data-width=\"550\" data-dnt=\"true\">\n<p lang=\"de\" dir=\"ltr\">&quot;Ich bin daf\u00fcr, jetzt mit der Relation erstmal im Dorf zu bleiben.&quot; (Uwe Seeler, *1936, ehem. dt. Fu\u00dfballspieler) [via <a href=\"https:\/\/t.co\/L4VYhltLO1\">https:\/\/t.co\/L4VYhltLO1<\/a>]<\/p>\n<p>&mdash; viola vo\u00df (@v_i_o_l_a) <a href=\"https:\/\/twitter.com\/v_i_o_l_a\/status\/1407198540540022787?ref_src=twsrc%5Etfw\">June 22, 2021<\/a><\/p><\/blockquote>\n<p><script async src=\"https:\/\/platform.twitter.com\/widgets.js\" charset=\"utf-8\"><\/script><br \/>\nhttps:\/\/twitter.com\/v_i_o_l_a\/status\/1407220913175736320<\/p>\n<blockquote class=\"twitter-tweet\" data-width=\"550\" data-dnt=\"true\">\n<p lang=\"en\" dir=\"ltr\">We&#39;re celebrating <a href=\"https:\/\/twitter.com\/hashtag\/Pride?src=hash&amp;ref_src=twsrc%5Etfw\">#Pride<\/a> with a colorful rainbow of historic book bindings from <a href=\"https:\/\/twitter.com\/hashtag\/HlslSpecialCollections?src=hash&amp;ref_src=twsrc%5Etfw\">#HlslSpecialCollections<\/a>!<\/p>\n<p>Seven books standing upright, each one bound in a different color of the spectrum: red, orange, yellow, green, blue, indigo, and violet. Image credit: Jane Kelly, 2016. <a href=\"https:\/\/t.co\/EvamXA3A3e\">pic.twitter.com\/EvamXA3A3e<\/a><\/p>\n<p>&mdash; Harvard Law Library (@hlslib) <a href=\"https:\/\/twitter.com\/hlslib\/status\/1406963376178221056?ref_src=twsrc%5Etfw\">June 21, 2021<\/a><\/p><\/blockquote>\n<p><script async src=\"https:\/\/platform.twitter.com\/widgets.js\" charset=\"utf-8\"><\/script><br \/>\nhttps:\/\/twitter.com\/v_i_o_l_a\/status\/1407242068397899777<\/p>\n<blockquote class=\"twitter-tweet\" data-width=\"550\" data-dnt=\"true\">\n<p lang=\"de\" dir=\"ltr\">Interessanter CFP. \u00dcber eine Sache stolpere ich in diesem Kontext seit einiger Zeit: &quot;Die B\u00fccher sind in Universit\u00e4tsbibliotheken (\u0141\u00f3d\u017a, Krak\u00f3w, Wroc\u0142aw, Warszawa) aufbewahrt, doch oft ohne erkl\u00e4renden Zusammenhang, unzureichend katalogisiert, ohne Eingabe von Provenienz&#8230;&quot; 1\/3 <a href=\"https:\/\/t.co\/JvnYJ2297H\">https:\/\/t.co\/JvnYJ2297H<\/a><\/p>\n<p>&mdash; Swagunke (@swagunke) <a href=\"https:\/\/twitter.com\/swagunke\/status\/1407236718512779265?ref_src=twsrc%5Etfw\">June 22, 2021<\/a><\/p><\/blockquote>\n<p><script async src=\"https:\/\/platform.twitter.com\/widgets.js\" charset=\"utf-8\"><\/script><\/p>\n<blockquote class=\"twitter-tweet\" data-width=\"550\" data-dnt=\"true\">\n<p lang=\"de\" dir=\"ltr\">Diese Aussage h\u00f6re ich h\u00e4ufiger und ich frage mich, ob diese Sammlungszusammenh\u00e4nge denn tats\u00e4chlich besser erforscht und dokumentiert w\u00e4ren, wenn diese Best\u00e4nde in deutschen Bibliotheken w\u00e4ren. Ich bin mir nicht sicher, da wir auch hier 2\/3<\/p>\n<p>&mdash; Swagunke (@swagunke) <a href=\"https:\/\/twitter.com\/swagunke\/status\/1407236720291160069?ref_src=twsrc%5Etfw\">June 22, 2021<\/a><\/p><\/blockquote>\n<p><script async src=\"https:\/\/platform.twitter.com\/widgets.js\" charset=\"utf-8\"><\/script><\/p>\n<blockquote class=\"twitter-tweet\" data-width=\"550\" data-dnt=\"true\">\n<p lang=\"de\" dir=\"ltr\">bedeutende Sammlungen haben, die bisher wenig erforscht sind. Die Provenienzhinweise sind vielleicht auch noch nicht erfasst und online recherchierbar. <br \/>Kurzum: Glauben wir wirklich, dass wir das (garantiert) besser machen w\u00fcrden, wenn die Best\u00e4nde hier w\u00e4ren? 3\/3<\/p>\n<p>&mdash; Swagunke (@swagunke) <a href=\"https:\/\/twitter.com\/swagunke\/status\/1407236722027634692?ref_src=twsrc%5Etfw\">June 22, 2021<\/a><\/p><\/blockquote>\n<p><script async src=\"https:\/\/platform.twitter.com\/widgets.js\" charset=\"utf-8\"><\/script><\/p>\n<blockquote class=\"twitter-tweet\" data-width=\"550\" data-dnt=\"true\">\n<p lang=\"en\" dir=\"ltr\">The Value of Partnerships in Strengthening and Expanding the Roles of Libraries<\/p>\n<p>The ANAMED Library Podcast 3rd international guest is Dr. Giannis Tsakonas from Greece, Director of the Library &amp; Information Centre of the University of Patras. The discussion focused on digital <a href=\"https:\/\/t.co\/d2SYaniNTN\">pic.twitter.com\/d2SYaniNTN<\/a><\/p>\n<p>&mdash; ANAMED Library (@ANAMEDLibrary) <a href=\"https:\/\/twitter.com\/ANAMEDLibrary\/status\/1406891024383938561?ref_src=twsrc%5Etfw\">June 21, 2021<\/a><\/p><\/blockquote>\n<p><script async src=\"https:\/\/platform.twitter.com\/widgets.js\" charset=\"utf-8\"><\/script><\/p>\n<blockquote class=\"twitter-tweet\" data-width=\"550\" data-dnt=\"true\">\n<p lang=\"en\" dir=\"ltr\">It is an honour to participate in this podcast of <a href=\"https:\/\/twitter.com\/ANAMEDLibrary?ref_src=twsrc%5Etfw\">@ANAMEDLibrary<\/a>, talking about the importance of collaborating &amp; networking, giving examples from <a href=\"https:\/\/twitter.com\/heallinkgr?ref_src=twsrc%5Etfw\">@heallinkgr<\/a> &amp; <a href=\"https:\/\/twitter.com\/LIBEReurope?ref_src=twsrc%5Etfw\">@LIBEReurope<\/a>, which to my experience are two solid examples why we should act together. <a href=\"https:\/\/t.co\/8dwHziFqTK\">https:\/\/t.co\/8dwHziFqTK<\/a><\/p>\n<p>&mdash; Giannis Tsakonas (@gtsakonas) <a href=\"https:\/\/twitter.com\/gtsakonas\/status\/1406978130816946179?ref_src=twsrc%5Etfw\">June 21, 2021<\/a><\/p><\/blockquote>\n<p><script async src=\"https:\/\/platform.twitter.com\/widgets.js\" charset=\"utf-8\"><\/script><\/p>\n<blockquote class=\"twitter-tweet\" data-width=\"550\" data-dnt=\"true\">\n<p lang=\"de\" dir=\"ltr\">Kennen Sie schon \u2026 die Zeitschrift \u201etextpraxis\u201c? <a href=\"https:\/\/t.co\/PNP2LRNaNO\">https:\/\/t.co\/PNP2LRNaNO<\/a><\/p>\n<p>&mdash; ULB_MS_FachInfo (@ULB_MS_FachInfo) <a href=\"https:\/\/twitter.com\/ULB_MS_FachInfo\/status\/1407220162294685699?ref_src=twsrc%5Etfw\">June 22, 2021<\/a><\/p><\/blockquote>\n<p><script async src=\"https:\/\/platform.twitter.com\/widgets.js\" charset=\"utf-8\"><\/script><\/p>\n<blockquote class=\"twitter-tweet\" data-width=\"550\" data-dnt=\"true\">\n<p lang=\"en\" dir=\"ltr\">\u2026 featuring <a href=\"https:\/\/twitter.com\/Textpraxis?ref_src=twsrc%5Etfw\">@textpraxis<\/a>. \ud83d\ude42 <a href=\"https:\/\/t.co\/QXTo6m59yH\">https:\/\/t.co\/QXTo6m59yH<\/a><\/p>\n<p>&mdash; viola vo\u00df (@v_i_o_l_a) <a href=\"https:\/\/twitter.com\/v_i_o_l_a\/status\/1407243591290916866?ref_src=twsrc%5Etfw\">June 22, 2021<\/a><\/p><\/blockquote>\n<p><script async src=\"https:\/\/platform.twitter.com\/widgets.js\" charset=\"utf-8\"><\/script><br \/>\nhttps:\/\/twitter.com\/v_i_o_l_a\/status\/1407243958720372737<br \/>\nhttps:\/\/twitter.com\/v_i_o_l_a\/status\/1407244162706116615<\/p>\n<blockquote class=\"twitter-tweet\" data-width=\"550\" data-dnt=\"true\">\n<p lang=\"en\" dir=\"ltr\">I have been granted tenure &amp; promotion &#8211; and the only way I could think to celebrate was to paint some of the soils that carried &amp; nourished me through this process.<\/p>\n<p>I&#39;m planning to send this print to many who have been integral to the process &#8211; b\/c honestly &#8211; WE earned tenure. <a href=\"https:\/\/t.co\/vyVp3oK38r\">pic.twitter.com\/vyVp3oK38r<\/a><\/p>\n<p>&mdash; Karen Vaughan (@vaughan_soil) <a href=\"https:\/\/twitter.com\/vaughan_soil\/status\/1406992068027699200?ref_src=twsrc%5Etfw\">June 21, 2021<\/a><\/p><\/blockquote>\n<p><script async src=\"https:\/\/platform.twitter.com\/widgets.js\" charset=\"utf-8\"><\/script><\/p>\n<blockquote class=\"twitter-tweet\" data-width=\"550\" data-dnt=\"true\">\n<p lang=\"en\" dir=\"ltr\">&quot;Dad, could you turn a light on?&quot; she asked.<\/p>\n<p>&quot;Monsters?&quot;<\/p>\n<p>&quot;Yes.&quot;<\/p>\n<p>&quot;OK.&quot;<\/p>\n<p>&quot;Still scared?&quot; she whispered.<\/p>\n<p>&quot;No, thank you,&quot; the monster said.<\/p>\n<p>&mdash; A Small Fiction (@ASmallFiction) <a href=\"https:\/\/twitter.com\/ASmallFiction\/status\/1009323232065773568?ref_src=twsrc%5Etfw\">June 20, 2018<\/a><\/p><\/blockquote>\n<p><script async src=\"https:\/\/platform.twitter.com\/widgets.js\" charset=\"utf-8\"><\/script><\/p>\n<blockquote class=\"twitter-tweet\" data-width=\"550\" data-dnt=\"true\">\n<p lang=\"en\" dir=\"ltr\">Cursing silently is one of a librarian&#39;s greatest skills<\/p>\n<p>&mdash; Fake Library Statistics (@FakeLibStats) <a href=\"https:\/\/twitter.com\/FakeLibStats\/status\/1407122167645409314?ref_src=twsrc%5Etfw\">June 21, 2021<\/a><\/p><\/blockquote>\n<p><script async src=\"https:\/\/platform.twitter.com\/widgets.js\" charset=\"utf-8\"><\/script><\/p>\n<blockquote class=\"twitter-tweet\" data-width=\"550\" data-dnt=\"true\">\n<p lang=\"de\" dir=\"ltr\">Cocktail des Tages.<br \/>Links: ein wohliger Wein vom Weingut aus Pillgram bei Frankfurt\/Oder. Ja, das ist Wein aus <a href=\"https:\/\/twitter.com\/hashtag\/Brandenburg?src=hash&amp;ref_src=twsrc%5Etfw\">#Brandenburg<\/a>. Die k\u00f6nnen das, und zwar gut.<br \/>Rechts: Die Oder ist eine sehr naturbelassene Auenlandschaft. You do the math. <a href=\"https:\/\/t.co\/ldCI2juPe8\">pic.twitter.com\/ldCI2juPe8<\/a><\/p>\n<p>&mdash; Philipp Kr\u00e4mer (@ph_kraemer) <a href=\"https:\/\/twitter.com\/ph_kraemer\/status\/1407079233072021505?ref_src=twsrc%5Etfw\">June 21, 2021<\/a><\/p><\/blockquote>\n<p><script async src=\"https:\/\/platform.twitter.com\/widgets.js\" charset=\"utf-8\"><\/script><br \/>\nhttps:\/\/twitter.com\/v_i_o_l_a\/status\/1407266502072545280<\/p>\n<blockquote class=\"twitter-tweet\" data-width=\"550\" data-dnt=\"true\">\n<p lang=\"de\" dir=\"ltr\">Immer noch aktuell: Zehn Gr\u00fcnde, warum es sich f\u00fcr Historiker*innen lohnt zu bloggen <a href=\"https:\/\/t.co\/uIju2fbCOJ\">https:\/\/t.co\/uIju2fbCOJ<\/a> <a href=\"https:\/\/t.co\/9fxxtMfTsZ\">pic.twitter.com\/9fxxtMfTsZ<\/a><\/p>\n<p>&mdash; @bgebert@openbiblio.social \uea00 (@BjoernGebert) <a href=\"https:\/\/twitter.com\/BjoernGebert\/status\/1407275094305652736?ref_src=twsrc%5Etfw\">June 22, 2021<\/a><\/p><\/blockquote>\n<p><script async src=\"https:\/\/platform.twitter.com\/widgets.js\" charset=\"utf-8\"><\/script><\/p>\n<blockquote class=\"twitter-tweet\" data-width=\"550\" data-dnt=\"true\">\n<p lang=\"en\" dir=\"ltr\">Which tools do you use which are relatively uncommon in the <a href=\"https:\/\/twitter.com\/hashtag\/dh?src=hash&amp;ref_src=twsrc%5Etfw\">#dh<\/a> that the <a href=\"https:\/\/twitter.com\/hashtag\/100DaysofDH?src=hash&amp;ref_src=twsrc%5Etfw\">#100DaysofDH<\/a> community should know about?<a href=\"https:\/\/twitter.com\/hashtag\/TechTuesday?src=hash&amp;ref_src=twsrc%5Etfw\">#TechTuesday<\/a> <a href=\"https:\/\/twitter.com\/hashtag\/DHchallengePrompt?src=hash&amp;ref_src=twsrc%5Etfw\">#DHchallengePrompt<\/a><\/p>\n<p>&mdash; 100DaysofDH (@100DaysofDH) <a href=\"https:\/\/twitter.com\/100DaysofDH\/status\/1407236387691171841?ref_src=twsrc%5Etfw\">June 22, 2021<\/a><\/p><\/blockquote>\n<p><script async src=\"https:\/\/platform.twitter.com\/widgets.js\" charset=\"utf-8\"><\/script><\/p>\n<blockquote class=\"twitter-tweet\" data-width=\"550\" data-dnt=\"true\">\n<p lang=\"en\" dir=\"ltr\">This is one great thread!! <br \/>The ABCs of <a href=\"https:\/\/twitter.com\/hashtag\/OpenAccess?src=hash&amp;ref_src=twsrc%5Etfw\">#OpenAccess<\/a> will help figuring out the labyrinth of acronyms that leads to your published work!<br \/>Thank you, <a href=\"https:\/\/twitter.com\/OAOxford?ref_src=twsrc%5Etfw\">@OAOxford<\/a>! <a href=\"https:\/\/t.co\/ZtJHTstInG\">https:\/\/t.co\/ZtJHTstInG<\/a><\/p>\n<p>&mdash; Library of Anglo-American Culture &amp; History (@LibraryAAC) <a href=\"https:\/\/twitter.com\/LibraryAAC\/status\/1407303699274285059?ref_src=twsrc%5Etfw\">June 22, 2021<\/a><\/p><\/blockquote>\n<p><script async src=\"https:\/\/platform.twitter.com\/widgets.js\" charset=\"utf-8\"><\/script><\/p>\n<blockquote class=\"twitter-tweet\" data-width=\"550\" data-dnt=\"true\">\n<p lang=\"en\" dir=\"ltr\">[THREAD] The next few weeks we&#39;re doing something a bit different. The ABCs of <a href=\"https:\/\/twitter.com\/hashtag\/OpenAccess?src=hash&amp;ref_src=twsrc%5Etfw\">#OpenAccess<\/a> The first letter is A: A is for Accepted: manuscript that is! Your research in raw after peer review but before publisher formatting. Check out: <a href=\"https:\/\/t.co\/1YW6GcPQ7b\">https:\/\/t.co\/1YW6GcPQ7b<\/a> for how to find it. <a href=\"https:\/\/t.co\/XYzIpoElfJ\">pic.twitter.com\/XYzIpoElfJ<\/a><\/p>\n<p>&mdash; OpenAccessOxford (@OAOxford) <a href=\"https:\/\/twitter.com\/OAOxford\/status\/1399287994079719428?ref_src=twsrc%5Etfw\">May 31, 2021<\/a><\/p><\/blockquote>\n<p><script async src=\"https:\/\/platform.twitter.com\/widgets.js\" charset=\"utf-8\"><\/script><\/p>\n<blockquote class=\"twitter-tweet\" data-width=\"550\" data-dnt=\"true\">\n<p lang=\"de\" dir=\"ltr\"><a href=\"https:\/\/twitter.com\/hashtag\/IchbinHanna?src=hash&amp;ref_src=twsrc%5Etfw\">#IchbinHanna<\/a> bewegt weiterhin die Gem\u00fcter. <a href=\"https:\/\/twitter.com\/AmreiBahr?ref_src=twsrc%5Etfw\">@AmreiBahr<\/a>, <a href=\"https:\/\/twitter.com\/SebastianKubon?ref_src=twsrc%5Etfw\">@SebastianKubon<\/a> und ich haben wieder eine kleine Homepage aufgesetzt, um die Aktion und die Berichterstattung dar\u00fcber zu dokumentieren: <a href=\"https:\/\/t.co\/eGamFDj7bZ\">https:\/\/t.co\/eGamFDj7bZ<\/a>. Wird laufend erweitert!<\/p>\n<p>&mdash; Kristin Eichhorn (stillgelegter Account) (@DrKEichhorn) <a href=\"https:\/\/twitter.com\/DrKEichhorn\/status\/1404342824737378306?ref_src=twsrc%5Etfw\">June 14, 2021<\/a><\/p><\/blockquote>\n<p><script async src=\"https:\/\/platform.twitter.com\/widgets.js\" charset=\"utf-8\"><\/script><br \/>\nhttps:\/\/twitter.com\/v_i_o_l_a\/status\/1407306387668058115<\/p>\n<blockquote class=\"twitter-tweet\" data-width=\"550\" data-dnt=\"true\">\n<p lang=\"en\" dir=\"ltr\">Why waste 2 mins unsubscribing when you can spend 1 second deleting emails every day for the rest of your life &#8211; is me every morning 9 am<\/p>\n<p>&mdash; KaiTheFishGuy (@FishGuyKai) <a href=\"https:\/\/twitter.com\/FishGuyKai\/status\/1407255287531147294?ref_src=twsrc%5Etfw\">June 22, 2021<\/a><\/p><\/blockquote>\n<p><script async src=\"https:\/\/platform.twitter.com\/widgets.js\" charset=\"utf-8\"><\/script><\/p>\n<blockquote class=\"twitter-tweet\" data-width=\"550\" data-dnt=\"true\">\n<p lang=\"de\" dir=\"ltr\">Der Rat der Stadt M\u00fcnster trifft sich am 23. Juni um 16.15 Uhr zu seiner n\u00e4chsten Sitzung in der Halle M\u00fcnsterland. Zum ersten Mal k\u00f6nnen Interessierte online dabei sein, die \u00dcbertragung des Livestreams startet ungef\u00e4hr 15 Minuten vor Sitzungsbeginn: <a href=\"https:\/\/t.co\/70uOVXZPQj\">https:\/\/t.co\/70uOVXZPQj<\/a> <a href=\"https:\/\/t.co\/zfKC5bZg8M\">pic.twitter.com\/zfKC5bZg8M<\/a><\/p>\n<p>&mdash; Stadt M\u00fcnster (@muenster_de) <a href=\"https:\/\/twitter.com\/muenster_de\/status\/1407288756013604866?ref_src=twsrc%5Etfw\">June 22, 2021<\/a><\/p><\/blockquote>\n<p><script async src=\"https:\/\/platform.twitter.com\/widgets.js\" charset=\"utf-8\"><\/script><\/p>\n<blockquote class=\"twitter-tweet\" data-width=\"550\" data-dnt=\"true\">\n<p lang=\"de\" dir=\"ltr\">Wenn man sich mehr mit <a href=\"https:\/\/twitter.com\/hashtag\/Geschichte?src=hash&amp;ref_src=twsrc%5Etfw\">#Geschichte<\/a> besch\u00e4ftigen will, gibt es da drau\u00dfen unfassbar viele Inhalte. Ich habe mal versucht, einige davon zu sammeln: <a href=\"https:\/\/t.co\/nP8oe8eMtK\">https:\/\/t.co\/nP8oe8eMtK<\/a> Podcasts: <a href=\"https:\/\/twitter.com\/das_ach?ref_src=twsrc%5Etfw\">@das_ach<\/a> <a href=\"https:\/\/twitter.com\/AnnoMundiEU?ref_src=twsrc%5Etfw\">@AnnoMundiEU<\/a> <a href=\"https:\/\/twitter.com\/ANNOpktpktpkt?ref_src=twsrc%5Etfw\">@ANNOpktpktpkt<\/a> [1\/4]<\/p>\n<p>&mdash; Ralf Grabuschnig (@RalfGrabuschnig) <a href=\"https:\/\/twitter.com\/RalfGrabuschnig\/status\/1407257842021769220?ref_src=twsrc%5Etfw\">June 22, 2021<\/a><\/p><\/blockquote>\n<p><script async src=\"https:\/\/platform.twitter.com\/widgets.js\" charset=\"utf-8\"><\/script><br \/>\nhttps:\/\/twitter.com\/v_i_o_l_a\/status\/1407308359850545153<\/p>\n<blockquote class=\"twitter-tweet\" data-width=\"550\" data-dnt=\"true\">\n<p lang=\"de\" dir=\"ltr\">Die UEFA will Ausnahmeregeln f\u00fcr 2.500 ihrer Funktion\u00e4re in London: Weder Quarant\u00e4ne, noch Testpflicht, sonst drohe eine Verlegung des Finales. \u00dcber dieses Gebaren w\u00e4hrend der Coronakrise sagte der CDU-Politiker Fritz G\u00fcntzler: \u201eIch bin schon ersch\u00fcttert, was da gerade passiert.\u201c<\/p>\n<p>&mdash; Deutschlandfunk (@DLF) <a href=\"https:\/\/twitter.com\/DLF\/status\/1407206548846297090?ref_src=twsrc%5Etfw\">June 22, 2021<\/a><\/p><\/blockquote>\n<p><script async src=\"https:\/\/platform.twitter.com\/widgets.js\" charset=\"utf-8\"><\/script><\/p>\n<blockquote class=\"twitter-tweet\" data-width=\"550\" data-dnt=\"true\">\n<p lang=\"en\" dir=\"ltr\">Neues aus der Wissenschaft. <\/p>\n<p>&quot;From the Bottlecap to the Bottleneck: Frequent Esophageal Impaction of Bottlecaps Among Young Males in a Small University Town&quot; (<a href=\"https:\/\/twitter.com\/hashtag\/G%C3%B6ttingen?src=hash&amp;ref_src=twsrc%5Etfw\">#G\u00f6ttingen<\/a>)<\/p>\n<p>&quot;Alternatively, competitive beer drinking may generally be avoided.&quot;<a href=\"https:\/\/t.co\/vXMdfGVgyQ\">https:\/\/t.co\/vXMdfGVgyQ<\/a> <a href=\"https:\/\/t.co\/LaiofXCQGz\">pic.twitter.com\/LaiofXCQGz<\/a><\/p>\n<p>&mdash; Ben (@bkaden) <a href=\"https:\/\/twitter.com\/bkaden\/status\/1407262422453338113?ref_src=twsrc%5Etfw\">June 22, 2021<\/a><\/p><\/blockquote>\n<p><script async src=\"https:\/\/platform.twitter.com\/widgets.js\" charset=\"utf-8\"><\/script><\/p>\n<blockquote class=\"twitter-tweet\" data-width=\"550\" data-dnt=\"true\">\n<p lang=\"en\" dir=\"ltr\">I built a parklet in a car parking space but it was removed by the council because it wasn\u2019t a motor vehicle.<\/p>\n<p>I\u2019ve now built a parklet which is a motor vehicle and so the space for the community is back. Enjoy! <a href=\"https:\/\/t.co\/d8YKiw75Io\">pic.twitter.com\/d8YKiw75Io<\/a><\/p>\n<p>&mdash; Adam Tranter (@adamtranter) <a href=\"https:\/\/twitter.com\/adamtranter\/status\/1407084599507927042?ref_src=twsrc%5Etfw\">June 21, 2021<\/a><\/p><\/blockquote>\n<p><script async src=\"https:\/\/platform.twitter.com\/widgets.js\" charset=\"utf-8\"><\/script><br \/>\nhttps:\/\/twitter.com\/v_i_o_l_a\/status\/1407310660103512064<br \/>\nhttps:\/\/twitter.com\/v_i_o_l_a\/status\/1407310914890743822<br \/>\nhttps:\/\/twitter.com\/v_i_o_l_a\/status\/1407311205858000897<\/p>\n<blockquote class=\"twitter-tweet\" data-width=\"550\" data-dnt=\"true\">\n<p lang=\"de\" dir=\"ltr\">Leute, deren erste Schriftsprache Deutsch ist: Sehen \u00df und \u03b2 in eurer Handschrift gleich aus?<\/p>\n<p>&mdash; Lena Ackermann (lenaackermann.bsky.social) (@_lenaackermann) <a href=\"https:\/\/twitter.com\/_lenaackermann\/status\/1407252237680795649?ref_src=twsrc%5Etfw\">June 22, 2021<\/a><\/p><\/blockquote>\n<p><script async src=\"https:\/\/platform.twitter.com\/widgets.js\" charset=\"utf-8\"><\/script><\/p>\n<blockquote class=\"twitter-tweet\" data-width=\"550\" data-dnt=\"true\">\n<p lang=\"de\" dir=\"ltr\"><a href=\"https:\/\/twitter.com\/hashtag\/OAContentUpdate?src=hash&amp;ref_src=twsrc%5Etfw\">#OAContentUpdate<\/a> No.13: <a href=\"https:\/\/twitter.com\/hashtag\/OpenAccess?src=hash&amp;ref_src=twsrc%5Etfw\">#OpenAccess<\/a> bei B\u00fcchern wurde lange vernachl\u00e4ssigt, doch das Thema hat in den letzten Jahren enorm an Bedeutung gewonnen. Wichtige Infos rund um OA-B\u00fccher gibt es auf der neuen Seite Open Access bei Monographien zu lesen: <a href=\"https:\/\/t.co\/XnS1NjcxR8\">https:\/\/t.co\/XnS1NjcxR8<\/a> <a href=\"https:\/\/t.co\/kK5CIQ7c3U\">pic.twitter.com\/kK5CIQ7c3U<\/a><\/p>\n<p>&mdash; open-access.network (@openaccessnet) <a href=\"https:\/\/twitter.com\/openaccessnet\/status\/1407246984369541120?ref_src=twsrc%5Etfw\">June 22, 2021<\/a><\/p><\/blockquote>\n<p><script async src=\"https:\/\/platform.twitter.com\/widgets.js\" charset=\"utf-8\"><\/script><\/p>\n<blockquote class=\"twitter-tweet\" data-width=\"550\" data-dnt=\"true\">\n<p lang=\"en\" dir=\"ltr\">171 scientists find calculation error that proves the electric vehicle is not greener!<\/p>\n<p>That&#39;s the gist of many German papers today but a better headline would be:<\/p>\n<p>THE COMBUSTION ENGINE LOBBY IS GASLIGHTING AGAIN<\/p>\n<p>Thread <a href=\"https:\/\/t.co\/npubAB922c\">pic.twitter.com\/npubAB922c<\/a><\/p>\n<p>&mdash; AukeHoekstra (@AukeHoekstra) <a href=\"https:\/\/twitter.com\/AukeHoekstra\/status\/1407081819053375498?ref_src=twsrc%5Etfw\">June 21, 2021<\/a><\/p><\/blockquote>\n<p><script async src=\"https:\/\/platform.twitter.com\/widgets.js\" charset=\"utf-8\"><\/script><\/p>\n<blockquote class=\"twitter-tweet\" data-width=\"550\" data-dnt=\"true\">\n<p lang=\"de\" dir=\"ltr\">ICH WILL ALLES!!!!! <a href=\"https:\/\/twitter.com\/hashtag\/Gl%C3%BCckskind?src=hash&amp;ref_src=twsrc%5Etfw\">#Gl\u00fcckskind<\/a> <a href=\"https:\/\/twitter.com\/hashtag\/NeueFolge?src=hash&amp;ref_src=twsrc%5Etfw\">#NeueFolge<\/a> <a href=\"https:\/\/t.co\/62ioQv8KZm\">pic.twitter.com\/62ioQv8KZm<\/a><\/p>\n<p>&mdash; DerFlix.de (@DerFlixxx) <a href=\"https:\/\/twitter.com\/DerFlixxx\/status\/1407245146836672512?ref_src=twsrc%5Etfw\">June 22, 2021<\/a><\/p><\/blockquote>\n<p><script async src=\"https:\/\/platform.twitter.com\/widgets.js\" charset=\"utf-8\"><\/script><\/p>\n<blockquote class=\"twitter-tweet\" data-width=\"550\" data-dnt=\"true\">\n<p lang=\"de\" dir=\"ltr\">Lassen Sie mich durch, ich bin Bibliothekarin. <a href=\"https:\/\/t.co\/b6AZAKDI8v\">pic.twitter.com\/b6AZAKDI8v<\/a><\/p>\n<p>&mdash; B\u00fcchereien Wien (@buechereiwien) <a href=\"https:\/\/twitter.com\/buechereiwien\/status\/1406968132317683714?ref_src=twsrc%5Etfw\">June 21, 2021<\/a><\/p><\/blockquote>\n<p><script async src=\"https:\/\/platform.twitter.com\/widgets.js\" charset=\"utf-8\"><\/script><\/p>\n<blockquote class=\"twitter-tweet\" data-width=\"550\" data-dnt=\"true\">\n<p lang=\"de\" dir=\"ltr\">Verlagsvorschauen lesen &#8211; das Vorgl\u00fchen der BibliothekarInnen.<\/p>\n<p>&mdash; B\u00fcchereien Wien (@buechereiwien) <a href=\"https:\/\/twitter.com\/buechereiwien\/status\/1407320464800681984?ref_src=twsrc%5Etfw\">June 22, 2021<\/a><\/p><\/blockquote>\n<p><script async src=\"https:\/\/platform.twitter.com\/widgets.js\" charset=\"utf-8\"><\/script><\/p>\n<blockquote class=\"twitter-tweet\" data-width=\"550\" data-dnt=\"true\">\n<p lang=\"de\" dir=\"ltr\"><a href=\"https:\/\/twitter.com\/hashtag\/TIL?src=hash&amp;ref_src=twsrc%5Etfw\">#TIL<\/a>: &quot;Massendinghaltung&quot;. <a href=\"https:\/\/t.co\/gbhB73J9Nw\">https:\/\/t.co\/gbhB73J9Nw<\/a> \ud83d\ude42 HT <a href=\"https:\/\/twitter.com\/BjoernGebert?ref_src=twsrc%5Etfw\">@BjoernGebert<\/a><\/p>\n<p>&mdash; viola vo\u00df (@v_i_o_l_a) <a href=\"https:\/\/twitter.com\/v_i_o_l_a\/status\/1407347404060479501?ref_src=twsrc%5Etfw\">June 22, 2021<\/a><\/p><\/blockquote>\n<p><script async src=\"https:\/\/platform.twitter.com\/widgets.js\" charset=\"utf-8\"><\/script><\/p>\n<blockquote class=\"twitter-tweet\" data-width=\"550\" data-dnt=\"true\">\n<p lang=\"en\" dir=\"ltr\">Boris Johnson says July 19th is looking good to be the \u2018terminus point\u2019, meaning he can finally throw Matt Hancock under the bus.<\/p>\n<p>&mdash; Have I Got News For You (@haveigotnews) <a href=\"https:\/\/twitter.com\/haveigotnews\/status\/1407349604472049664?ref_src=twsrc%5Etfw\">June 22, 2021<\/a><\/p><\/blockquote>\n<p><script async src=\"https:\/\/platform.twitter.com\/widgets.js\" charset=\"utf-8\"><\/script><br \/>\nhttps:\/\/twitter.com\/v_i_o_l_a\/status\/1407350036283940872<\/p>\n<blockquote class=\"twitter-tweet\" data-width=\"550\" data-dnt=\"true\">\n<p lang=\"de\" dir=\"ltr\">Wo bleibt die bayerische Big Dick Energy wenn man sie einmal braucht? Macht einfach die Stadionlichter wie ihr Bock habt, wer gibt einen Fick auf die UEFA ihr seid BAYERN<\/p>\n<p>&mdash; Shahak Shapira (@ShahakShapira) <a href=\"https:\/\/twitter.com\/ShahakShapira\/status\/1407267992837177344?ref_src=twsrc%5Etfw\">June 22, 2021<\/a><\/p><\/blockquote>\n<p><script async src=\"https:\/\/platform.twitter.com\/widgets.js\" charset=\"utf-8\"><\/script><\/p>\n<blockquote class=\"twitter-tweet\" data-width=\"550\" data-dnt=\"true\">\n<p lang=\"de\" dir=\"ltr\">aus diesem anlass mal den piccolo-notenst\u00e4nder-halter wieder rausgekramt. der getr\u00e4nke-halter bleibt aber wohl noch bis zur n\u00e4chsten saison in der schublade &#8230; <a href=\"https:\/\/t.co\/oL1vOt5plC\">pic.twitter.com\/oL1vOt5plC<\/a><\/p>\n<p>&mdash; viola vo\u00df (@v_i_o_l_a) <a href=\"https:\/\/twitter.com\/v_i_o_l_a\/status\/1407396115343945728?ref_src=twsrc%5Etfw\">June 22, 2021<\/a><\/p><\/blockquote>\n<p><script async src=\"https:\/\/platform.twitter.com\/widgets.js\" charset=\"utf-8\"><\/script><\/p>\n<blockquote class=\"twitter-tweet\" data-width=\"550\" data-dnt=\"true\">\n<p lang=\"de\" dir=\"ltr\">hm, das graue notizbuch, das danach kam, hatte ich gar nicht vermeldet. es hat pandemiebedingt recht lange gehalten, wurde aber gestern von einem gelben abgel\u00f6st. das schon die ersten hosentaschentransportbedingten knicke hat. \ud83d\ude42 <a href=\"https:\/\/twitter.com\/hashtag\/orchester?src=hash&amp;ref_src=twsrc%5Etfw\">#orchester<\/a> <a href=\"https:\/\/twitter.com\/hashtag\/organisation?src=hash&amp;ref_src=twsrc%5Etfw\">#organisation<\/a> <a href=\"https:\/\/twitter.com\/hashtag\/kommunikation?src=hash&amp;ref_src=twsrc%5Etfw\">#kommunikation<\/a> <a href=\"https:\/\/twitter.com\/hashtag\/notizen?src=hash&amp;ref_src=twsrc%5Etfw\">#notizen<\/a> <a href=\"https:\/\/t.co\/GpAojnYptE\">pic.twitter.com\/GpAojnYptE<\/a><\/p>\n<p>&mdash; viola vo\u00df (@v_i_o_l_a) <a href=\"https:\/\/twitter.com\/v_i_o_l_a\/status\/1407396855495921669?ref_src=twsrc%5Etfw\">June 22, 2021<\/a><\/p><\/blockquote>\n<p><script async src=\"https:\/\/platform.twitter.com\/widgets.js\" charset=\"utf-8\"><\/script><\/p>\n<blockquote class=\"twitter-tweet\" data-width=\"550\" data-dnt=\"true\">\n<p lang=\"en\" dir=\"ltr\">British drink offers for guests:<\/p>\n<p>\u201cTea?\u201d<br \/>\u201cCoffee?\u201d<br \/>\u201cWater?\u201d<br \/>\u201cSquash?\u201d<br \/>\u201cBeer?\u201d<br \/>\u201cWine?\u201d<br \/>\u201cSomething stronger perhaps?\u201d<br \/>\u201cI think I\u2019ve got some [insert any really weird drink] somewhere?\u201d<\/p>\n<p>&mdash; VeryBritishProblems (@SoVeryBritish) <a href=\"https:\/\/twitter.com\/SoVeryBritish\/status\/1407396398639816704?ref_src=twsrc%5Etfw\">June 22, 2021<\/a><\/p><\/blockquote>\n<p><script async src=\"https:\/\/platform.twitter.com\/widgets.js\" charset=\"utf-8\"><\/script><\/p>\n<blockquote class=\"twitter-tweet\" data-width=\"550\" data-dnt=\"true\">\n<p lang=\"en\" dir=\"ltr\">$TODDLER, poining at a map: &quot;What&#39;s that?&quot;<br \/>Me: &quot;That&#39;s Ukraine.&quot;<br \/>$TODDLER, excitedly: &quot;That&#39;s $TODDLER&#39;s crane!&quot;<\/p>\n<p>&mdash; Felon Husk (@adimit) <a href=\"https:\/\/twitter.com\/adimit\/status\/1407389189147185152?ref_src=twsrc%5Etfw\">June 22, 2021<\/a><\/p><\/blockquote>\n<p><script async src=\"https:\/\/platform.twitter.com\/widgets.js\" charset=\"utf-8\"><\/script><\/p>\n<blockquote class=\"twitter-tweet\" data-width=\"550\" data-dnt=\"true\">\n<p lang=\"qht\" dir=\"ltr\"><a href=\"https:\/\/twitter.com\/hashtag\/TIL?src=hash&amp;ref_src=twsrc%5Etfw\">#TIL<\/a>. \ud83d\ude42 <a href=\"https:\/\/t.co\/qtlAStbxl0\">https:\/\/t.co\/qtlAStbxl0<\/a><\/p>\n<p>&mdash; viola vo\u00df (@v_i_o_l_a) <a href=\"https:\/\/twitter.com\/v_i_o_l_a\/status\/1407411406635520004?ref_src=twsrc%5Etfw\">June 22, 2021<\/a><\/p><\/blockquote>\n<p><script async src=\"https:\/\/platform.twitter.com\/widgets.js\" charset=\"utf-8\"><\/script><br \/>\nhttps:\/\/twitter.com\/v_i_o_l_a\/status\/1407411556225323017<\/p>\n<blockquote class=\"twitter-tweet\" data-width=\"550\" data-dnt=\"true\">\n<p lang=\"es\" dir=\"ltr\">La vacuna  <a href=\"https:\/\/t.co\/DMU6EcKXjq\">https:\/\/t.co\/DMU6EcKXjq<\/a><\/p>\n<p>&mdash; Gustavo Vela (@GustavoVela71) <a href=\"https:\/\/twitter.com\/GustavoVela71\/status\/1406998187408248832?ref_src=twsrc%5Etfw\">June 21, 2021<\/a><\/p><\/blockquote>\n<p><script async src=\"https:\/\/platform.twitter.com\/widgets.js\" charset=\"utf-8\"><\/script><\/p>\n<blockquote class=\"twitter-tweet\" data-width=\"550\" data-dnt=\"true\">\n<p lang=\"de\" dir=\"ltr\">Liebe Timeline, unterst\u00fctzt bitte die Studierenden in meinem Seminar &quot;Fankommunikation&quot; und macht mit bei dieser kleinen Umfrage (5\u201310 min) zum Thema Fantrauer. <a href=\"https:\/\/t.co\/s4gsEhCmQF\">https:\/\/t.co\/s4gsEhCmQF<\/a> Gerne <a href=\"https:\/\/twitter.com\/hashtag\/RT?src=hash&amp;ref_src=twsrc%5Etfw\">#RT<\/a><\/p>\n<p>&mdash; Smoin Mieer-Vearecikr (@fussballinguist) <a href=\"https:\/\/twitter.com\/fussballinguist\/status\/1407366482993033218?ref_src=twsrc%5Etfw\">June 22, 2021<\/a><\/p><\/blockquote>\n<p><script async src=\"https:\/\/platform.twitter.com\/widgets.js\" charset=\"utf-8\"><\/script><br \/>\nhttps:\/\/twitter.com\/v_i_o_l_a\/status\/1407412551265226762<\/p>\n<blockquote class=\"twitter-tweet\" data-width=\"550\" data-dnt=\"true\">\n<p lang=\"en\" dir=\"ltr\">Today is Wilhelm von Humboldt\u2019s birthday! Alles Gute zum Geburtstag! To celebrate make contributions to the philosophy of language and study some Basque. See also: <a href=\"https:\/\/t.co\/JwFGgGwzg9\">https:\/\/t.co\/JwFGgGwzg9<\/a><\/p>\n<p>&mdash; Editors of SpecGram (@SpecGram) <a href=\"https:\/\/twitter.com\/SpecGram\/status\/1407367920393588738?ref_src=twsrc%5Etfw\">June 22, 2021<\/a><\/p><\/blockquote>\n<p><script async src=\"https:\/\/platform.twitter.com\/widgets.js\" charset=\"utf-8\"><\/script><br \/>\nhttps:\/\/twitter.com\/v_i_o_l_a\/status\/1407412648036155392<br \/>\nhttps:\/\/twitter.com\/v_i_o_l_a\/status\/1407413394043543552<\/p>\n<blockquote class=\"twitter-tweet\" data-width=\"550\" data-dnt=\"true\">\n<p lang=\"fr\" dir=\"ltr\">Pepites du d\u0117p\u00f4t l\u00e9gal . Nous sauverons l&#39;humanit\u00e9, je savais ! <a href=\"https:\/\/t.co\/jgv4EkhfLL\">pic.twitter.com\/jgv4EkhfLL<\/a><\/p>\n<p>&mdash; jolivet philippe (@jolivetp) <a href=\"https:\/\/twitter.com\/jolivetp\/status\/1407265211208417281?ref_src=twsrc%5Etfw\">June 22, 2021<\/a><\/p><\/blockquote>\n<p><script async src=\"https:\/\/platform.twitter.com\/widgets.js\" charset=\"utf-8\"><\/script><\/p>\n<blockquote class=\"twitter-tweet\" data-width=\"550\" data-dnt=\"true\">\n<p lang=\"de\" dir=\"ltr\">andere bibliotheken haben auch sch\u00f6ne pflichtexemplare. \ud83d\ude42 <a href=\"https:\/\/t.co\/XtwNrlq7Ks\">https:\/\/t.co\/XtwNrlq7Ks<\/a><\/p>\n<p>&mdash; viola vo\u00df (@v_i_o_l_a) <a href=\"https:\/\/twitter.com\/v_i_o_l_a\/status\/1407414088473382914?ref_src=twsrc%5Etfw\">June 22, 2021<\/a><\/p><\/blockquote>\n<p><script async src=\"https:\/\/platform.twitter.com\/widgets.js\" charset=\"utf-8\"><\/script><\/p>\n<blockquote class=\"twitter-tweet\" data-width=\"550\" data-dnt=\"true\">\n<p lang=\"de\" dir=\"ltr\">Kurzer Sitzplan f\u00fcr die Allianz Arena morgen:<br \/>Reihe 1-5 kommt bitte in Lila<br \/>Reihe 6-10 in Blau<br \/>Reihe 11-15 in Gr\u00fcn<br \/>Reihe 16-20 in Gelb<br \/>Reihe 21-25 in Orange<br \/>Reihe 26-30 in Rot<a href=\"https:\/\/twitter.com\/hashtag\/GERHUN?src=hash&amp;ref_src=twsrc%5Etfw\">#GERHUN<\/a> <a href=\"https:\/\/twitter.com\/hashtag\/Regenbogenfarben?src=hash&amp;ref_src=twsrc%5Etfw\">#Regenbogenfarben<\/a> <a href=\"https:\/\/twitter.com\/hashtag\/EURO2020?src=hash&amp;ref_src=twsrc%5Etfw\">#EURO2020<\/a><\/p>\n<p>&mdash; Kevin Albrecht (@SoEinAlbrecht) <a href=\"https:\/\/twitter.com\/SoEinAlbrecht\/status\/1407270413042958338?ref_src=twsrc%5Etfw\">June 22, 2021<\/a><\/p><\/blockquote>\n<p><script async src=\"https:\/\/platform.twitter.com\/widgets.js\" charset=\"utf-8\"><\/script><\/p>\n<blockquote class=\"twitter-tweet\" data-width=\"550\" data-dnt=\"true\">\n<p lang=\"de\" dir=\"ltr\">Sein Stadion in Farben von Regenbogen auszuleuchten, ist KEINE Einmischung in die Politik eines anderen Staates.<\/p>\n<p>Einen Staat zu erpressen, w\u00e4hrend Pandemie Einreisequarant\u00e4ne f\u00fcr Sponsoringpartner aufzuheben, IST Einmischung in die Politik eines anderen Staates. <a href=\"https:\/\/twitter.com\/hashtag\/UEFA?src=hash&amp;ref_src=twsrc%5Etfw\">#UEFA<\/a><\/p>\n<p>&mdash; Marina Weisband (@Afelia) <a href=\"https:\/\/twitter.com\/Afelia\/status\/1407347183322644494?ref_src=twsrc%5Etfw\">June 22, 2021<\/a><\/p><\/blockquote>\n<p><script async src=\"https:\/\/platform.twitter.com\/widgets.js\" charset=\"utf-8\"><\/script><\/p>\n<blockquote class=\"twitter-tweet\" data-width=\"550\" data-dnt=\"true\">\n<p lang=\"en\" dir=\"ltr\">Often the potential of <a href=\"https:\/\/twitter.com\/hashtag\/digital?src=hash&amp;ref_src=twsrc%5Etfw\">#digital<\/a> methods is simply asserted, more rarely is it critically reflected upon and fairly compared with analogue methods. This new paper succeeds amazingly well in doing so, using the example of <a href=\"https:\/\/twitter.com\/hashtag\/text?src=hash&amp;ref_src=twsrc%5Etfw\">#text<\/a> re-use from the Bible in the Crusades&#39; chronicles. <a href=\"https:\/\/twitter.com\/hashtag\/DH?src=hash&amp;ref_src=twsrc%5Etfw\">#DH<\/a> <a href=\"https:\/\/t.co\/tAOaqXbD5q\">https:\/\/t.co\/tAOaqXbD5q<\/a><\/p>\n<p>&mdash; Anselm K\u00fcsters (@AnselmKuesters) <a href=\"https:\/\/twitter.com\/AnselmKuesters\/status\/1407353454280986627?ref_src=twsrc%5Etfw\">June 22, 2021<\/a><\/p><\/blockquote>\n<p><script async src=\"https:\/\/platform.twitter.com\/widgets.js\" charset=\"utf-8\"><\/script><br \/>\nhttps:\/\/twitter.com\/v_i_o_l_a\/status\/1407415098403176449<\/p>\n<blockquote class=\"twitter-tweet\" data-width=\"550\" data-dnt=\"true\">\n<p lang=\"de\" dir=\"ltr\">Schaltet dieses verdammte Licht einfach dennoch an, DFB! Was soll schon passieren? Eine Vertragsstrafe? Na und! Geld habt Ihr doch im \u00dcberfluss. Also los! Das ist jetzt eine Sache von Herz und Haltung.<a href=\"https:\/\/twitter.com\/hashtag\/Regenbogenfarben?src=hash&amp;ref_src=twsrc%5Etfw\">#Regenbogenfarben<\/a> <a href=\"https:\/\/twitter.com\/hashtag\/UEFA?src=hash&amp;ref_src=twsrc%5Etfw\">#UEFA<\/a> <a href=\"https:\/\/twitter.com\/hashtag\/pride?src=hash&amp;ref_src=twsrc%5Etfw\">#pride<\/a> <a href=\"https:\/\/t.co\/Hq5zGzcNgz\">pic.twitter.com\/Hq5zGzcNgz<\/a><\/p>\n<p>&mdash; Lorenz Meyer (@shengfui) <a href=\"https:\/\/twitter.com\/shengfui\/status\/1407317379043016709?ref_src=twsrc%5Etfw\">June 22, 2021<\/a><\/p><\/blockquote>\n<p><script async src=\"https:\/\/platform.twitter.com\/widgets.js\" charset=\"utf-8\"><\/script><\/p>\n<blockquote class=\"twitter-tweet\" data-width=\"550\" data-dnt=\"true\">\n<p lang=\"en\" dir=\"ltr\">&quot;Found anything?&quot;<br \/>&quot;Nothing new.&quot;<br \/>&quot;So everyone is still tired and miss seeing family and friends?&quot;<br \/>&quot;Pretty much.&quot;<br \/>&quot;Perhaps we should postpone the thought scanner testing until after the pandemic is over.&quot;<br \/>&quot;What if it still shows the same then?&quot;<br \/>&quot;Then we close down the project.&quot;<\/p>\n<p>&mdash; Micro SF\/F stories (@MicroSFF) <a href=\"https:\/\/twitter.com\/MicroSFF\/status\/1407336121948856335?ref_src=twsrc%5Etfw\">June 22, 2021<\/a><\/p><\/blockquote>\n<p><script async src=\"https:\/\/platform.twitter.com\/widgets.js\" charset=\"utf-8\"><\/script><\/p>\n<blockquote class=\"twitter-tweet\" data-width=\"550\" data-dnt=\"true\">\n<p lang=\"de\" dir=\"ltr\">Heute ist doch ein ganz guter Tag, um noch mal die <a href=\"https:\/\/twitter.com\/hashtag\/Regenbogenfarben?src=hash&amp;ref_src=twsrc%5Etfw\">#Regenbogenfarben<\/a> der Universal-Bibliothek zu posten, oder? Mit Gru\u00df an die <a href=\"https:\/\/twitter.com\/hashtag\/UEFA?src=hash&amp;ref_src=twsrc%5Etfw\">#UEFA<\/a>. <a href=\"https:\/\/t.co\/hzeawLsxzr\">pic.twitter.com\/hzeawLsxzr<\/a><\/p>\n<p>&mdash; Reclam Verlag (@ReclamVerlag) <a href=\"https:\/\/twitter.com\/ReclamVerlag\/status\/1407333108446281738?ref_src=twsrc%5Etfw\">June 22, 2021<\/a><\/p><\/blockquote>\n<p><script async src=\"https:\/\/platform.twitter.com\/widgets.js\" charset=\"utf-8\"><\/script><\/p>\n<blockquote class=\"twitter-tweet\" data-width=\"550\" data-dnt=\"true\">\n<p lang=\"de\" dir=\"ltr\">Der Begriff &quot;Sojamilch&quot; ist verboten, weil er irref\u00fchrend ist. Die CDU darf ihr Wahlprogramm allerdings &quot;modern, zukunftsgerichtet, klimafreundlich, sozial und gerecht&quot; nennen.<\/p>\n<p>&mdash; Kaffeecup (@kaffeecup) <a href=\"https:\/\/twitter.com\/kaffeecup\/status\/1407234457279635460?ref_src=twsrc%5Etfw\">June 22, 2021<\/a><\/p><\/blockquote>\n<p><script async src=\"https:\/\/platform.twitter.com\/widgets.js\" charset=\"utf-8\"><\/script><br \/>\nhttps:\/\/twitter.com\/v_i_o_l_a\/status\/1407417626691883010<br \/>\nhttps:\/\/twitter.com\/v_i_o_l_a\/status\/1407417740638527494<\/p>\n<blockquote class=\"twitter-tweet\" data-width=\"550\" data-dnt=\"true\">\n<p lang=\"en\" dir=\"ltr\">If you remember this thread (or even if you don&#39;t) and you&#39;re an academic at York who is interested in what can be *done* about the ebook pricing situation, do come along to this on Friday: <a href=\"https:\/\/t.co\/vjFPSu5B5K\">https:\/\/t.co\/vjFPSu5B5K<\/a><\/p>\n<p>It&#39;s a chance for proper discussion of the issue.<\/p>\n<p>&mdash; Uni Of York Library (@UoYLibrary) <a href=\"https:\/\/twitter.com\/UoYLibrary\/status\/1407311284929011714?ref_src=twsrc%5Etfw\">June 22, 2021<\/a><\/p><\/blockquote>\n<p><script async src=\"https:\/\/platform.twitter.com\/widgets.js\" charset=\"utf-8\"><\/script><br \/>\nhttps:\/\/twitter.com\/v_i_o_l_a\/status\/1407418348200210435<\/p>\n<blockquote class=\"twitter-tweet\" data-width=\"550\" data-dnt=\"true\">\n<p lang=\"en\" dir=\"ltr\">Do it Munich. Do it. Light it up for the world to see. <a href=\"https:\/\/twitter.com\/UEFA?ref_src=twsrc%5Etfw\">@UEFA<\/a> <a href=\"https:\/\/t.co\/WotPwqNlKb\">https:\/\/t.co\/WotPwqNlKb<\/a><\/p>\n<p>&mdash; Gary Lineker (@GaryLineker) <a href=\"https:\/\/twitter.com\/GaryLineker\/status\/1407273525409370114?ref_src=twsrc%5Etfw\">June 22, 2021<\/a><\/p><\/blockquote>\n<p><script async src=\"https:\/\/platform.twitter.com\/widgets.js\" charset=\"utf-8\"><\/script><\/p>\n<blockquote class=\"twitter-tweet\" data-width=\"550\" data-dnt=\"true\">\n<p lang=\"de\" dir=\"ltr\">Vergesst nicht zu gie\u00dfen! <a href=\"https:\/\/t.co\/GrRNi80QCS\">pic.twitter.com\/GrRNi80QCS<\/a><\/p>\n<p>&mdash; Schwalbi (@DasSchwalbi) <a href=\"https:\/\/twitter.com\/DasSchwalbi\/status\/1406049501320777735?ref_src=twsrc%5Etfw\">June 19, 2021<\/a><\/p><\/blockquote>\n<p><script async src=\"https:\/\/platform.twitter.com\/widgets.js\" charset=\"utf-8\"><\/script><\/p>\n<blockquote class=\"twitter-tweet\" data-width=\"550\" data-dnt=\"true\">\n<p lang=\"de\" dir=\"ltr\">Ich kann auf bibliothekarischer Ebene dem ganzen Corona Mist auch was gutes abgewinnen:<\/p>\n<p>Endlich wissen die Leute, wie sie mit einem QR-Code umgehen sollen!<\/p>\n<p>&mdash; Melli (@leerleser) <a href=\"https:\/\/twitter.com\/leerleser\/status\/1407393919839752203?ref_src=twsrc%5Etfw\">June 22, 2021<\/a><\/p><\/blockquote>\n<p><script async src=\"https:\/\/platform.twitter.com\/widgets.js\" charset=\"utf-8\"><\/script><\/p>\n<blockquote class=\"twitter-tweet\" data-width=\"550\" data-dnt=\"true\">\n<p lang=\"en\" dir=\"ltr\">Last night I retracted my abstract from <a href=\"https:\/\/twitter.com\/16dsbs?ref_src=twsrc%5Etfw\">@16dsbs<\/a>. Given this is one of the most important conferences in my field and the only one dedicated solely to deep-sea biology, it was not an easy decision but, for me, a necessary one. <a href=\"https:\/\/twitter.com\/hashtag\/16DSBS?src=hash&amp;ref_src=twsrc%5Etfw\">#16DSBS<\/a> <a href=\"https:\/\/twitter.com\/DSBSoc?ref_src=twsrc%5Etfw\">@DSBSoc<\/a> 1\/<\/p>\n<p>&mdash; Dr Diva Amon (@DivaAmon) <a href=\"https:\/\/twitter.com\/DivaAmon\/status\/1407315737761439747?ref_src=twsrc%5Etfw\">June 22, 2021<\/a><\/p><\/blockquote>\n<p><script async src=\"https:\/\/platform.twitter.com\/widgets.js\" charset=\"utf-8\"><\/script><\/p>\n","protected":false},"excerpt":{"rendered":"<p>&#39;morgen! &mdash; viola vo\u00df (@v_i_o_l_a) June 22, 2021 &quot;Ich bin daf\u00fcr, jetzt mit der Relation erstmal im Dorf zu bleiben.&quot; (Uwe Seeler, *1936, ehem. dt. Fu\u00dfballspieler) [via https:\/\/t.co\/L4VYhltLO1] &mdash; viola vo\u00df (@v_i_o_l_a) June 22, 2021 https:\/\/twitter.com\/v_i_o_l_a\/status\/1407220913175736320 We&#39;re celebrating #Pride with a colorful rainbow of historic book bindings from #HlslSpecialCollections! Seven books standing upright, each one [&hellip;]<\/p>\n","protected":false},"author":1,"featured_media":0,"comment_status":"open","ping_status":"open","sticky":false,"template":"","format":"standard","meta":{"footnotes":""},"categories":[36],"tags":[],"class_list":["post-12293","post","type-post","status-publish","format-standard","hentry","category-twitter"],"_links":{"self":[{"href":"https:\/\/www.x-v-x.de\/blog\/index.php?rest_route=\/wp\/v2\/posts\/12293","targetHints":{"allow":["GET"]}}],"collection":[{"href":"https:\/\/www.x-v-x.de\/blog\/index.php?rest_route=\/wp\/v2\/posts"}],"about":[{"href":"https:\/\/www.x-v-x.de\/blog\/index.php?rest_route=\/wp\/v2\/types\/post"}],"author":[{"embeddable":true,"href":"https:\/\/www.x-v-x.de\/blog\/index.php?rest_route=\/wp\/v2\/users\/1"}],"replies":[{"embeddable":true,"href":"https:\/\/www.x-v-x.de\/blog\/index.php?rest_route=%2Fwp%2Fv2%2Fcomments&post=12293"}],"version-history":[{"count":0,"href":"https:\/\/www.x-v-x.de\/blog\/index.php?rest_route=\/wp\/v2\/posts\/12293\/revisions"}],"wp:attachment":[{"href":"https:\/\/www.x-v-x.de\/blog\/index.php?rest_route=%2Fwp%2Fv2%2Fmedia&parent=12293"}],"wp:term":[{"taxonomy":"category","embeddable":true,"href":"https:\/\/www.x-v-x.de\/blog\/index.php?rest_route=%2Fwp%2Fv2%2Fcategories&post=12293"},{"taxonomy":"post_tag","embeddable":true,"href":"https:\/\/www.x-v-x.de\/blog\/index.php?rest_route=%2Fwp%2Fv2%2Ftags&post=12293"}],"curies":[{"name":"wp","href":"https:\/\/api.w.org\/{rel}","templated":true}]}}