{"id":12299,"date":"2021-06-26T13:16:11","date_gmt":"2021-06-26T11:16:11","guid":{"rendered":"https:\/\/www.x-v-x.de\/blog\/?p=12299"},"modified":"2021-07-11T13:16:25","modified_gmt":"2021-07-11T11:16:25","slug":"tweets-2021-06-25","status":"publish","type":"post","link":"https:\/\/www.x-v-x.de\/blog\/?p=12299","title":{"rendered":"tweets | 2021-06-25"},"content":{"rendered":"<blockquote class=\"twitter-tweet\" data-width=\"550\" data-dnt=\"true\">\n<p lang=\"nl\" dir=\"ltr\">&#39;morgen!<\/p>\n<p>&mdash; viola vo\u00df (@v_i_o_l_a) <a href=\"https:\/\/twitter.com\/v_i_o_l_a\/status\/1408283931573620739?ref_src=twsrc%5Etfw\">June 25, 2021<\/a><\/p><\/blockquote>\n<p><script async src=\"https:\/\/platform.twitter.com\/widgets.js\" charset=\"utf-8\"><\/script><br \/>\nhttps:\/\/twitter.com\/v_i_o_l_a\/status\/1408301470114586627<\/p>\n<blockquote class=\"twitter-tweet\" data-width=\"550\" data-dnt=\"true\">\n<p lang=\"de\" dir=\"ltr\">&quot;Wenn ein Mann zur\u00fcckweicht, weicht er zur\u00fcck. Eine Frau weicht nur zur\u00fcck, um besser Anlauf nehmen zu k\u00f6nnen.&quot; (Zsa Zsa Gabor, 1917-2016, US-amerikanisch-ungarische Schauspielerin) [via <a href=\"https:\/\/t.co\/L4VYhltLO1\">https:\/\/t.co\/L4VYhltLO1<\/a>]<\/p>\n<p>&mdash; viola vo\u00df (@v_i_o_l_a) <a href=\"https:\/\/twitter.com\/v_i_o_l_a\/status\/1408305496034009090?ref_src=twsrc%5Etfw\">June 25, 2021<\/a><\/p><\/blockquote>\n<p><script async src=\"https:\/\/platform.twitter.com\/widgets.js\" charset=\"utf-8\"><\/script><\/p>\n<blockquote class=\"twitter-tweet\" data-width=\"550\" data-dnt=\"true\">\n<p lang=\"de\" dir=\"ltr\">Eben an Grundschulhof vorbeigeradelt, Pause. H\u00f6re nur den begeisterten Ruf &quot;Leon Goretzka!&quot; Welt in Ordnung.<\/p>\n<p>&mdash; Moritz Ba\u00dfler (@ba_moritz) <a href=\"https:\/\/twitter.com\/ba_moritz\/status\/1408316021103022085?ref_src=twsrc%5Etfw\">June 25, 2021<\/a><\/p><\/blockquote>\n<p><script async src=\"https:\/\/platform.twitter.com\/widgets.js\" charset=\"utf-8\"><\/script><\/p>\n<blockquote class=\"twitter-tweet\" data-width=\"550\" data-dnt=\"true\">\n<p lang=\"de\" dir=\"ltr\">Absolut Gro\u00dfartig! Die <a href=\"https:\/\/twitter.com\/Digitale_Spiele?ref_src=twsrc%5Etfw\">@Digitale_Spiele<\/a> und der <a href=\"https:\/\/twitter.com\/AK_GWDS?ref_src=twsrc%5Etfw\">@AK_GWDS<\/a> haben eine Online-Datenbank zu Erinnerungskultur in Games ver\u00f6ffentlicht. Zu jedem Spiel gibt es eine Einordnung der erinnerungskulturellen Bedeutung, Einsatzm\u00f6glichkeiten und eine kritische Einordnung der Spiels. Chapeau <a href=\"https:\/\/t.co\/qSfeLc4Mhr\">https:\/\/t.co\/qSfeLc4Mhr<\/a><\/p>\n<p>&mdash; Mick Prinz (@mick_prinz) <a href=\"https:\/\/twitter.com\/mick_prinz\/status\/1408053908937785350?ref_src=twsrc%5Etfw\">June 24, 2021<\/a><\/p><\/blockquote>\n<p><script async src=\"https:\/\/platform.twitter.com\/widgets.js\" charset=\"utf-8\"><\/script><\/p>\n<blockquote class=\"twitter-tweet\" data-width=\"550\" data-dnt=\"true\">\n<p lang=\"de\" dir=\"ltr\">Schaut: das &quot;Nichts&quot;. L\u00e4sst sich bibliometrisch nicht erfassen. Ist mir aber egal. Universit\u00e4t ist mehr, als doppelseitige Papers mit 28 Autor:innen zu verfassen, um den Prinzipien der F\u00f6rderinstitutionen zu gen\u00fcgen. <a href=\"https:\/\/t.co\/tWOvhc0KD1\">https:\/\/t.co\/tWOvhc0KD1<\/a><\/p>\n<p>&mdash; Alexander Lasch (@AlexanderLasch) <a href=\"https:\/\/twitter.com\/AlexanderLasch\/status\/1408305278177710082?ref_src=twsrc%5Etfw\">June 25, 2021<\/a><\/p><\/blockquote>\n<p><script async src=\"https:\/\/platform.twitter.com\/widgets.js\" charset=\"utf-8\"><\/script><\/p>\n<blockquote class=\"twitter-tweet\" data-width=\"550\" data-dnt=\"true\">\n<p lang=\"en\" dir=\"ltr\">There is a museum in Australia entirely dedicated to animal droppings that is called Pooseum.<\/p>\n<p>&mdash; Quite Interesting (@qikipedia) <a href=\"https:\/\/twitter.com\/qikipedia\/status\/1408213350274670598?ref_src=twsrc%5Etfw\">June 25, 2021<\/a><\/p><\/blockquote>\n<p><script async src=\"https:\/\/platform.twitter.com\/widgets.js\" charset=\"utf-8\"><\/script><br \/>\nhttps:\/\/twitter.com\/v_i_o_l_a\/status\/1408320552255774720<br \/>\nhttps:\/\/twitter.com\/v_i_o_l_a\/status\/1408320901943336961<\/p>\n<blockquote class=\"twitter-tweet\" data-width=\"550\" data-dnt=\"true\">\n<p lang=\"de\" dir=\"ltr\">Wei\u00df man eigentlich, was <a href=\"https:\/\/twitter.com\/AnjaKarliczek?ref_src=twsrc%5Etfw\">@AnjaKarliczek<\/a> in den letzten drei Semestern beruflich gemacht hat? Frage interessehalber f\u00fcr viele flei\u00dfige <a href=\"https:\/\/twitter.com\/hashtag\/IchbinHanna?src=hash&amp;ref_src=twsrc%5Etfw\">#IchbinHanna<\/a>|s, die <a href=\"https:\/\/twitter.com\/hashtag\/Forschung?src=hash&amp;ref_src=twsrc%5Etfw\">#Forschung<\/a> &amp; <a href=\"https:\/\/twitter.com\/hashtag\/Lehre?src=hash&amp;ref_src=twsrc%5Etfw\">#Lehre<\/a> in der Pandemie wuppen und nach der kurzen Rede von <a href=\"https:\/\/twitter.com\/hashtag\/Karliczek?src=hash&amp;ref_src=twsrc%5Etfw\">#Karliczek<\/a> bei <a href=\"https:\/\/twitter.com\/hashtag\/HannaimBundestag?src=hash&amp;ref_src=twsrc%5Etfw\">#HannaimBundestag<\/a> frustriert sind <a href=\"https:\/\/t.co\/TUeV2YgxbL\">https:\/\/t.co\/TUeV2YgxbL<\/a><\/p>\n<p>&mdash; Sabrina Kirschner (@sabrinakir84) <a href=\"https:\/\/twitter.com\/sabrinakir84\/status\/1408158600279830541?ref_src=twsrc%5Etfw\">June 24, 2021<\/a><\/p><\/blockquote>\n<p><script async src=\"https:\/\/platform.twitter.com\/widgets.js\" charset=\"utf-8\"><\/script><\/p>\n<blockquote class=\"twitter-tweet\" data-width=\"550\" data-dnt=\"true\">\n<p lang=\"de\" dir=\"ltr\">Fahre mit K2 nach Hause:<\/p>\n<p>&quot;Papa, du machst die Stra\u00dfe traurig!&quot;<br \/>-&quot;Was!?&quot;<br \/>&quot;Die Stra\u00dfe ist traurig!&quot;<br \/>-&quot;Was!?&quot;<br \/>&quot;Da weint jemand!&quot;<br \/>-Was?!&quot;<br \/>&quot;Da ist ein weinendes Gesicht! Die Stra\u00dfe weint und du bist schuld!&quot;<\/p>\n<p>Tatsache: Bin innerorts 51 km\/h gefahren, trauriger Smiley auf dem Schild<\/p>\n<p>&mdash; Anwaltsgelaber (@anwaltsgelaber) <a href=\"https:\/\/twitter.com\/anwaltsgelaber\/status\/1219664256175673344?ref_src=twsrc%5Etfw\">January 21, 2020<\/a><\/p><\/blockquote>\n<p><script async src=\"https:\/\/platform.twitter.com\/widgets.js\" charset=\"utf-8\"><\/script><\/p>\n<blockquote class=\"twitter-tweet\" data-width=\"550\" data-dnt=\"true\">\n<p lang=\"de\" dir=\"ltr\">Kommenden Samstag, 26.6., sind unsere E-Medien von EBook Central \/ ProQuest zwischen 14 und 22 Uhr nicht nutzbar: <a href=\"https:\/\/t.co\/DT18JYXsjl\">https:\/\/t.co\/DT18JYXsjl<\/a> <a href=\"https:\/\/twitter.com\/hashtag\/Servicetweet?src=hash&amp;ref_src=twsrc%5Etfw\">#Servicetweet<\/a><\/p>\n<p>&mdash; ULB_MS_FachInfo (@ULB_MS_FachInfo) <a href=\"https:\/\/twitter.com\/ULB_MS_FachInfo\/status\/1408323170499706882?ref_src=twsrc%5Etfw\">June 25, 2021<\/a><\/p><\/blockquote>\n<p><script async src=\"https:\/\/platform.twitter.com\/widgets.js\" charset=\"utf-8\"><\/script><\/p>\n<blockquote class=\"twitter-tweet\" data-width=\"550\" data-dnt=\"true\">\n<p lang=\"de\" dir=\"ltr\">In der <a href=\"https:\/\/twitter.com\/hashtag\/Inselb%C3%BCcherei?src=hash&amp;ref_src=twsrc%5Etfw\">#Inselb\u00fccherei<\/a> sto\u00dfe ich auch nach \u00fcber 25 Jahren im <a href=\"https:\/\/twitter.com\/hashtag\/Antiquariat?src=hash&amp;ref_src=twsrc%5Etfw\">#Antiquariat<\/a> immer wieder auf <a href=\"https:\/\/twitter.com\/hashtag\/%C3%9Cberraschungen?src=hash&amp;ref_src=twsrc%5Etfw\">#\u00dcberraschungen<\/a> , so zum Beispiel auf dieses B\u00e4ndchen \u00fcber die <a href=\"https:\/\/twitter.com\/hashtag\/Druckgraphik?src=hash&amp;ref_src=twsrc%5Etfw\">#Druckgraphik<\/a> in der <a href=\"https:\/\/twitter.com\/hashtag\/DDR?src=hash&amp;ref_src=twsrc%5Etfw\">#DDR<\/a> . Ab sofort sind auch die restlichen 250 neuen B\u00e4ndchen im <a href=\"https:\/\/twitter.com\/hashtag\/antiquariatsolder?src=hash&amp;ref_src=twsrc%5Etfw\">#antiquariatsolder<\/a> erh\u00e4ltlich: <a href=\"https:\/\/t.co\/dloEkjAlrY\">pic.twitter.com\/dloEkjAlrY<\/a><\/p>\n<p>&mdash; MychalSimka (@wilsberg) <a href=\"https:\/\/twitter.com\/wilsberg\/status\/1408338470213455873?ref_src=twsrc%5Etfw\">June 25, 2021<\/a><\/p><\/blockquote>\n<p><script async src=\"https:\/\/platform.twitter.com\/widgets.js\" charset=\"utf-8\"><\/script><\/p>\n<blockquote class=\"twitter-tweet\" data-width=\"550\" data-dnt=\"true\">\n<p lang=\"en\" dir=\"ltr\">It&#39;s not too late to sign up to our ebooks town hall today! We want to discuss the pricing issues we face, what you can do to help, and get your input on what we should be doing too. <a href=\"https:\/\/t.co\/vjFPSu5B5K\">https:\/\/t.co\/vjFPSu5B5K<\/a> <a href=\"https:\/\/t.co\/t7SI5RQbIp\">pic.twitter.com\/t7SI5RQbIp<\/a><\/p>\n<p>&mdash; Uni Of York Library (@UoYLibrary) <a href=\"https:\/\/twitter.com\/UoYLibrary\/status\/1408337100244664322?ref_src=twsrc%5Etfw\">June 25, 2021<\/a><\/p><\/blockquote>\n<p><script async src=\"https:\/\/platform.twitter.com\/widgets.js\" charset=\"utf-8\"><\/script><\/p>\n<blockquote class=\"twitter-tweet\" data-width=\"550\" data-dnt=\"true\">\n<p lang=\"en\" dir=\"ltr\">Open access article processing charges 2011 \u2013 2021 <a href=\"https:\/\/t.co\/2UxSCPDwcR\">https:\/\/t.co\/2UxSCPDwcR<\/a><\/p>\n<p>&mdash; Richard Poynder (@RickyPo) <a href=\"https:\/\/twitter.com\/RickyPo\/status\/1408305226935844864?ref_src=twsrc%5Etfw\">June 25, 2021<\/a><\/p><\/blockquote>\n<p><script async src=\"https:\/\/platform.twitter.com\/widgets.js\" charset=\"utf-8\"><\/script><\/p>\n<blockquote class=\"twitter-tweet\" data-width=\"550\" data-dnt=\"true\">\n<p lang=\"de\" dir=\"ltr\">&quot;Du kannst doch nicht einfach hingehen und die beiden einladen \u2013 ohne mich zu fragen!&quot; Wir vermuten, dass einige das Verb *hingehen* hier im w\u00f6rtlichen Sinn verstehen. Gemeint ist aber &quot;ohne Z\u00f6gern, dreist etwas Un\u00fcbliches oder Unerwartetes tun&quot;, vgl. <a href=\"https:\/\/t.co\/7qUKasJl53\">https:\/\/t.co\/7qUKasJl53<\/a> <a href=\"https:\/\/t.co\/RfEUdeTi4m\">pic.twitter.com\/RfEUdeTi4m<\/a><\/p>\n<p>&mdash; Variantengrammatik (@VariantenGra) <a href=\"https:\/\/twitter.com\/VariantenGra\/status\/1408333310519132162?ref_src=twsrc%5Etfw\">June 25, 2021<\/a><\/p><\/blockquote>\n<p><script async src=\"https:\/\/platform.twitter.com\/widgets.js\" charset=\"utf-8\"><\/script><br \/>\nhttps:\/\/twitter.com\/v_i_o_l_a\/status\/1408339668932780038<br \/>\nhttps:\/\/twitter.com\/v_i_o_l_a\/status\/1408339742249398276<\/p>\n<blockquote class=\"twitter-tweet\" data-width=\"550\" data-dnt=\"true\">\n<p lang=\"de\" dir=\"ltr\">Jetzt auch amtlich, schwarz auf wei\u00df, im Plenarprotokoll 19\/236, S. 30624. <a href=\"https:\/\/t.co\/h6Kas1mbEr\">pic.twitter.com\/h6Kas1mbEr<\/a><\/p>\n<p>&mdash; moritzhoffmann.bsky.social (@moritz_hoffmann) <a href=\"https:\/\/twitter.com\/moritz_hoffmann\/status\/1408329881264574468?ref_src=twsrc%5Etfw\">June 25, 2021<\/a><\/p><\/blockquote>\n<p><script async src=\"https:\/\/platform.twitter.com\/widgets.js\" charset=\"utf-8\"><\/script><\/p>\n<blockquote class=\"twitter-tweet\" data-width=\"550\" data-dnt=\"true\">\n<p lang=\"en\" dir=\"ltr\">Today&#39;s office. <a href=\"https:\/\/twitter.com\/hashtag\/LIBER2021?src=hash&amp;ref_src=twsrc%5Etfw\">#LIBER2021<\/a> <a href=\"https:\/\/t.co\/qL9sY53p59\">pic.twitter.com\/qL9sY53p59<\/a><\/p>\n<p>&mdash; Giannis Tsakonas (@gtsakonas) <a href=\"https:\/\/twitter.com\/gtsakonas\/status\/1408321148912287745?ref_src=twsrc%5Etfw\">June 25, 2021<\/a><\/p><\/blockquote>\n<p><script async src=\"https:\/\/platform.twitter.com\/widgets.js\" charset=\"utf-8\"><\/script><\/p>\n<blockquote class=\"twitter-tweet\" data-width=\"550\" data-dnt=\"true\">\n<p lang=\"en\" dir=\"ltr\">Starting now: &#39;FAIR data enabling through European research libraries.&#39; The workshop features <a href=\"https:\/\/twitter.com\/LiisiLembinen?ref_src=twsrc%5Etfw\">@LiisiLembinen<\/a>, Claudia Engelhardt, Sven Valeminck, Francesco Varrato, and <a href=\"https:\/\/twitter.com\/EvaHnatkova?ref_src=twsrc%5Etfw\">@EvaHnatkova<\/a> <a href=\"https:\/\/t.co\/KvoDFd0RHi\">pic.twitter.com\/KvoDFd0RHi<\/a><\/p>\n<p>&mdash; LIBER Conference (@LIBERconference) <a href=\"https:\/\/twitter.com\/LIBERconference\/status\/1408320387910443008?ref_src=twsrc%5Etfw\">June 25, 2021<\/a><\/p><\/blockquote>\n<p><script async src=\"https:\/\/platform.twitter.com\/widgets.js\" charset=\"utf-8\"><\/script><\/p>\n<blockquote class=\"twitter-tweet\" data-width=\"550\" data-dnt=\"true\">\n<p lang=\"en\" dir=\"ltr\"><a href=\"https:\/\/twitter.com\/hashtag\/LIBER?src=hash&amp;ref_src=twsrc%5Etfw\">#LIBER<\/a> is thrilled to announce that next year\u2019s conference will be hosted by the University Library of Southern Denmark <a href=\"https:\/\/twitter.com\/UniSouthDenmark?ref_src=twsrc%5Etfw\">@UniSouthDenmark<\/a> and will take place in Odense from the 6th \u2013 8th July 2022. <a href=\"https:\/\/t.co\/K8p9YPpbBT\">https:\/\/t.co\/K8p9YPpbBT<\/a> <\/p>\n<p>Welcome to <a href=\"https:\/\/twitter.com\/hashtag\/LIBER2022?src=hash&amp;ref_src=twsrc%5Etfw\">#LIBER2022<\/a>! <a href=\"https:\/\/t.co\/PMADTqv3of\">https:\/\/t.co\/PMADTqv3of<\/a><\/p>\n<p>&mdash; LIBER Europe (@LIBEReurope) <a href=\"https:\/\/twitter.com\/LIBEReurope\/status\/1408319181494308864?ref_src=twsrc%5Etfw\">June 25, 2021<\/a><\/p><\/blockquote>\n<p><script async src=\"https:\/\/platform.twitter.com\/widgets.js\" charset=\"utf-8\"><\/script><br \/>\nhttps:\/\/twitter.com\/v_i_o_l_a\/status\/1408341490607263756<\/p>\n<blockquote class=\"twitter-tweet\" data-width=\"550\" data-dnt=\"true\">\n<p lang=\"en\" dir=\"ltr\">Forget about Nature or Science. Publish in Nature and Science and brag about it, a two in one lifetime offer only in $150. From &quot;Respected  Sir email&quot;. <a href=\"https:\/\/t.co\/zcoknLp3kd\">pic.twitter.com\/zcoknLp3kd<\/a><\/p>\n<p>&mdash; Shahid Mukhtar (@SMukhtarlab) <a href=\"https:\/\/twitter.com\/SMukhtarlab\/status\/1408135838391844868?ref_src=twsrc%5Etfw\">June 24, 2021<\/a><\/p><\/blockquote>\n<p><script async src=\"https:\/\/platform.twitter.com\/widgets.js\" charset=\"utf-8\"><\/script><\/p>\n<blockquote class=\"twitter-tweet\" data-width=\"550\" data-dnt=\"true\">\n<p lang=\"en\" dir=\"ltr\">&quot;I have several publications in Nature and Science.&quot; <a href=\"https:\/\/t.co\/zK1CKBjs7u\">https:\/\/t.co\/zK1CKBjs7u<\/a><\/p>\n<p>&mdash; Stefan Schmeja (@StefanSchmeja) <a href=\"https:\/\/twitter.com\/StefanSchmeja\/status\/1408345155896233989?ref_src=twsrc%5Etfw\">June 25, 2021<\/a><\/p><\/blockquote>\n<p><script async src=\"https:\/\/platform.twitter.com\/widgets.js\" charset=\"utf-8\"><\/script><\/p>\n<blockquote class=\"twitter-tweet\" data-width=\"550\" data-dnt=\"true\">\n<p lang=\"en\" dir=\"ltr\">tuning into the last day of <a href=\"https:\/\/twitter.com\/hashtag\/LIBER2021?src=hash&amp;ref_src=twsrc%5Etfw\">#LIBER2021<\/a> now in the session &quot;Rocky Road: Opportunities &amp; Challenges in Open Publishing&quot;: <a href=\"https:\/\/t.co\/0YrbdHqCDl\">https:\/\/t.co\/0YrbdHqCDl<\/a><\/p>\n<p>&mdash; viola vo\u00df (@v_i_o_l_a) <a href=\"https:\/\/twitter.com\/v_i_o_l_a\/status\/1408381814717227011?ref_src=twsrc%5Etfw\">June 25, 2021<\/a><\/p><\/blockquote>\n<p><script async src=\"https:\/\/platform.twitter.com\/widgets.js\" charset=\"utf-8\"><\/script><\/p>\n<blockquote class=\"twitter-tweet\" data-width=\"550\" data-dnt=\"true\">\n<p lang=\"en\" dir=\"ltr\">Time is running out to cast your vote in our poster competition. Browse through the entries in our virtual exhibition <a href=\"https:\/\/t.co\/dQtvMVLLtf\">https:\/\/t.co\/dQtvMVLLtf<\/a> and vote for your favourite <a href=\"https:\/\/t.co\/H230lXWdmc\">https:\/\/t.co\/H230lXWdmc<\/a>. The WINNER will be announced on Twitter at 17:00 (CEST). Good luck to all! <a href=\"https:\/\/twitter.com\/hashtag\/LIBER2021?src=hash&amp;ref_src=twsrc%5Etfw\">#LIBER2021<\/a> <a href=\"https:\/\/t.co\/Qdsf3N3wkZ\">pic.twitter.com\/Qdsf3N3wkZ<\/a><\/p>\n<p>&mdash; LIBER Conference (@LIBERconference) <a href=\"https:\/\/twitter.com\/LIBERconference\/status\/1408360903540621317?ref_src=twsrc%5Etfw\">June 25, 2021<\/a><\/p><\/blockquote>\n<p><script async src=\"https:\/\/platform.twitter.com\/widgets.js\" charset=\"utf-8\"><\/script><br \/>\nhttps:\/\/twitter.com\/v_i_o_l_a\/status\/1408382725728477202<br \/>\nhttps:\/\/twitter.com\/v_i_o_l_a\/status\/1408382768040628226<br \/>\nhttps:\/\/twitter.com\/v_i_o_l_a\/status\/1408382778312384516<br \/>\nhttps:\/\/twitter.com\/v_i_o_l_a\/status\/1408382802349932545<br \/>\nhttps:\/\/twitter.com\/v_i_o_l_a\/status\/1408383221415481347<\/p>\n<blockquote class=\"twitter-tweet\" data-width=\"550\" data-dnt=\"true\">\n<p lang=\"en\" dir=\"ltr\">SDU\u2019S LIBRARY TO HOST LIBER 2022 CONFERENCE<\/p>\n<p>The next LIBER Annual Conference will take place in Odense from the 6th to the 8th of July 2022. <\/p>\n<p>More info at <a href=\"https:\/\/t.co\/Zr9PFhg40r\">https:\/\/t.co\/Zr9PFhg40r<\/a><\/p>\n<p>See our promotional video for the conference at <a href=\"https:\/\/t.co\/YvQVb9GGe7\">https:\/\/t.co\/YvQVb9GGe7<\/a><a href=\"https:\/\/twitter.com\/hashtag\/LIBER2021?src=hash&amp;ref_src=twsrc%5Etfw\">#LIBER2021<\/a> <a href=\"https:\/\/twitter.com\/hashtag\/LIBER2022?src=hash&amp;ref_src=twsrc%5Etfw\">#LIBER2022<\/a><\/p>\n<p>&mdash; SDU Library (@SDUlibrary) <a href=\"https:\/\/twitter.com\/SDUlibrary\/status\/1408373435395358724?ref_src=twsrc%5Etfw\">June 25, 2021<\/a><\/p><\/blockquote>\n<p><script async src=\"https:\/\/platform.twitter.com\/widgets.js\" charset=\"utf-8\"><\/script><br \/>\nhttps:\/\/twitter.com\/v_i_o_l_a\/status\/1408383700610568195<br \/>\nhttps:\/\/twitter.com\/v_i_o_l_a\/status\/1408384301847220238<\/p>\n<blockquote class=\"twitter-tweet\" data-width=\"550\" data-dnt=\"true\">\n<p lang=\"en\" dir=\"ltr\">This afternoon\u2019s session \u2013 Opportunities and Challenges in Open Publishing \u2013 will feature <a href=\"https:\/\/twitter.com\/qryas?ref_src=twsrc%5Etfw\">@qryas<\/a>, <a href=\"https:\/\/twitter.com\/fredbelliard?ref_src=twsrc%5Etfw\">@fredbelliard<\/a>, <a href=\"https:\/\/twitter.com\/BraccoLaetitia?ref_src=twsrc%5Etfw\">@BraccoLaetitia<\/a>, Jo Rademakers, and Massimo Koester. We\u2019ll be tweeting throughout this session \u2013 hope you enjoy! <a href=\"https:\/\/twitter.com\/hashtag\/LIBER2021?src=hash&amp;ref_src=twsrc%5Etfw\">#LIBER2021<\/a> <a href=\"https:\/\/t.co\/kQmJTD5BAI\">pic.twitter.com\/kQmJTD5BAI<\/a><\/p>\n<p>&mdash; LIBER Conference (@LIBERconference) <a href=\"https:\/\/twitter.com\/LIBERconference\/status\/1408380355539767297?ref_src=twsrc%5Etfw\">June 25, 2021<\/a><\/p><\/blockquote>\n<p><script async src=\"https:\/\/platform.twitter.com\/widgets.js\" charset=\"utf-8\"><\/script><\/p>\n<blockquote class=\"twitter-tweet\" data-width=\"550\" data-dnt=\"true\">\n<p lang=\"en\" dir=\"ltr\">Massimo Koester, PhD Student, KU Leuven, reminds us that open access publishing is on the rise, with 45% of articles being open access. But there is still work to be done, as attitudes don&#39;t match actions in publishing <a href=\"https:\/\/t.co\/PzmRK0x4kL\">pic.twitter.com\/PzmRK0x4kL<\/a><\/p>\n<p>&mdash; LIBER Conference (@LIBERconference) <a href=\"https:\/\/twitter.com\/LIBERconference\/status\/1408383286448214016?ref_src=twsrc%5Etfw\">June 25, 2021<\/a><\/p><\/blockquote>\n<p><script async src=\"https:\/\/platform.twitter.com\/widgets.js\" charset=\"utf-8\"><\/script><\/p>\n<blockquote class=\"twitter-tweet\" data-width=\"550\" data-dnt=\"true\">\n<p lang=\"en\" dir=\"ltr\">Reasons for reluctance to open access publishing:<\/p>\n<p>1) Value of goals: Publicly accessible research may not be perceived as important as work in prestigious journals <\/p>\n<p>How do we overcome this, from a behavioral point of view, asks Massimo. <a href=\"https:\/\/twitter.com\/hashtag\/LIBER2021?src=hash&amp;ref_src=twsrc%5Etfw\">#LIBER2021<\/a> <a href=\"https:\/\/t.co\/UGLP0DeDHS\">pic.twitter.com\/UGLP0DeDHS<\/a><\/p>\n<p>&mdash; LIBER Conference (@LIBERconference) <a href=\"https:\/\/twitter.com\/LIBERconference\/status\/1408384477253050371?ref_src=twsrc%5Etfw\">June 25, 2021<\/a><\/p><\/blockquote>\n<p><script async src=\"https:\/\/platform.twitter.com\/widgets.js\" charset=\"utf-8\"><\/script><\/p>\n<blockquote class=\"twitter-tweet\" data-width=\"550\" data-dnt=\"true\">\n<p lang=\"en\" dir=\"ltr\">a cartoon to celebrate <a href=\"https:\/\/twitter.com\/hashtag\/IndieBookshopWeek?src=hash&amp;ref_src=twsrc%5Etfw\">#IndieBookshopWeek<\/a> <a href=\"https:\/\/t.co\/PVtMs2YCgF\">https:\/\/t.co\/PVtMs2YCgF<\/a> <a href=\"https:\/\/twitter.com\/booksaremybag?ref_src=twsrc%5Etfw\">@booksaremybag<\/a> <a href=\"https:\/\/t.co\/KqJJqqesmt\">pic.twitter.com\/KqJJqqesmt<\/a><\/p>\n<p>&mdash; Tom Gauld (@tomgauld) <a href=\"https:\/\/twitter.com\/tomgauld\/status\/1408358219232296960?ref_src=twsrc%5Etfw\">June 25, 2021<\/a><\/p><\/blockquote>\n<p><script async src=\"https:\/\/platform.twitter.com\/widgets.js\" charset=\"utf-8\"><\/script><\/p>\n<blockquote class=\"twitter-tweet\" data-width=\"550\" data-dnt=\"true\">\n<p lang=\"en\" dir=\"ltr\">more on this <a href=\"https:\/\/twitter.com\/hashtag\/openaccess?src=hash&amp;ref_src=twsrc%5Etfw\">#openaccess<\/a> topic can be found in this paper by Massimo K\u00f6ster et al: &quot;Behavioral Reluctance in Adopting Open Access Publishing: Insights From a Goal-Directed Perspective&quot; <a href=\"https:\/\/t.co\/8wjgLl8PmI\">https:\/\/t.co\/8wjgLl8PmI<\/a> <a href=\"https:\/\/twitter.com\/hashtag\/LIBER2021?src=hash&amp;ref_src=twsrc%5Etfw\">#LIBER2021<\/a> <a href=\"https:\/\/t.co\/DPdSLZXQn8\">https:\/\/t.co\/DPdSLZXQn8<\/a> <a href=\"https:\/\/t.co\/nrVejjL6Ka\">pic.twitter.com\/nrVejjL6Ka<\/a><\/p>\n<p>&mdash; viola vo\u00df (@v_i_o_l_a) <a href=\"https:\/\/twitter.com\/v_i_o_l_a\/status\/1408386360407379969?ref_src=twsrc%5Etfw\">June 25, 2021<\/a><\/p><\/blockquote>\n<p><script async src=\"https:\/\/platform.twitter.com\/widgets.js\" charset=\"utf-8\"><\/script><\/p>\n<blockquote class=\"twitter-tweet\" data-width=\"550\" data-dnt=\"true\">\n<p lang=\"en\" dir=\"ltr\">hrmpf, forgot to do the last retweet in this thread. so here as a reretweet: <a href=\"https:\/\/t.co\/OYYgHH62wx\">https:\/\/t.co\/OYYgHH62wx<\/a><\/p>\n<p>&mdash; viola vo\u00df (@v_i_o_l_a) <a href=\"https:\/\/twitter.com\/v_i_o_l_a\/status\/1408386806580756484?ref_src=twsrc%5Etfw\">June 25, 2021<\/a><\/p><\/blockquote>\n<p><script async src=\"https:\/\/platform.twitter.com\/widgets.js\" charset=\"utf-8\"><\/script><\/p>\n<blockquote class=\"twitter-tweet\" data-width=\"550\" data-dnt=\"true\">\n<p lang=\"en\" dir=\"ltr\">now Nicoleta Nastase presents new <a href=\"https:\/\/twitter.com\/hashtag\/openaccess?src=hash&amp;ref_src=twsrc%5Etfw\">#openaccess<\/a> <a href=\"https:\/\/twitter.com\/hashtag\/publishing?src=hash&amp;ref_src=twsrc%5Etfw\">#publishing<\/a> <a href=\"https:\/\/twitter.com\/hashtag\/services?src=hash&amp;ref_src=twsrc%5Etfw\">#services<\/a> at <a href=\"https:\/\/twitter.com\/TUDelftOpen?ref_src=twsrc%5Etfw\">@TUDelftOpen<\/a> (<a href=\"https:\/\/t.co\/qy4nx9dR9i\">https:\/\/t.co\/qy4nx9dR9i<\/a>) with focus on the Journal &quot;The Evolving Scholar&quot;: <a href=\"https:\/\/t.co\/QFNKAyhrQQ\">https:\/\/t.co\/QFNKAyhrQQ<\/a> <a href=\"https:\/\/twitter.com\/hashtag\/LIBER2021?src=hash&amp;ref_src=twsrc%5Etfw\">#LIBER2021<\/a><\/p>\n<p>&mdash; viola vo\u00df (@v_i_o_l_a) <a href=\"https:\/\/twitter.com\/v_i_o_l_a\/status\/1408388200658345997?ref_src=twsrc%5Etfw\">June 25, 2021<\/a><\/p><\/blockquote>\n<p><script async src=\"https:\/\/platform.twitter.com\/widgets.js\" charset=\"utf-8\"><\/script><\/p>\n<blockquote class=\"twitter-tweet\" data-width=\"550\" data-dnt=\"true\">\n<p lang=\"en\" dir=\"ltr\">Very interesting presentation at <a href=\"https:\/\/twitter.com\/hashtag\/LIBER2021?src=hash&amp;ref_src=twsrc%5Etfw\">#LIBER2021<\/a> by Massimo K\u00f6ster from KU Leuven on studying the reluctance to publish in Open Access journals from a behovioral sciences point of view.<br \/>Seems that Ghent library colleagues were involved! cc <a href=\"https:\/\/twitter.com\/ivnieuwe?ref_src=twsrc%5Etfw\">@ivnieuwe<\/a> <a href=\"https:\/\/t.co\/C2uD0ZJgby\">https:\/\/t.co\/C2uD0ZJgby<\/a><\/p>\n<p>&mdash; Jean-Fran\u00e7ois Lutz @jflutz@mastodon.social (@jflutz) <a href=\"https:\/\/twitter.com\/jflutz\/status\/1408388009595113477?ref_src=twsrc%5Etfw\">June 25, 2021<\/a><\/p><\/blockquote>\n<p><script async src=\"https:\/\/platform.twitter.com\/widgets.js\" charset=\"utf-8\"><\/script><\/p>\n<blockquote class=\"twitter-tweet\" data-width=\"550\" data-dnt=\"true\">\n<p lang=\"en\" dir=\"ltr\"><a href=\"https:\/\/twitter.com\/qryas?ref_src=twsrc%5Etfw\">@qryas<\/a> now shares stories of researchers at <a href=\"https:\/\/twitter.com\/tudelft?ref_src=twsrc%5Etfw\">@tudelft<\/a> and demonstrates how these examples helped to build TUDELFT OPEN <a href=\"https:\/\/twitter.com\/hashtag\/LIBER2021?src=hash&amp;ref_src=twsrc%5Etfw\">#LIBER2021<\/a> <a href=\"https:\/\/t.co\/Zh5y9udnmj\">pic.twitter.com\/Zh5y9udnmj<\/a><\/p>\n<p>&mdash; LIBER Conference (@LIBERconference) <a href=\"https:\/\/twitter.com\/LIBERconference\/status\/1408388496285392896?ref_src=twsrc%5Etfw\">June 25, 2021<\/a><\/p><\/blockquote>\n<p><script async src=\"https:\/\/platform.twitter.com\/widgets.js\" charset=\"utf-8\"><\/script><\/p>\n<blockquote class=\"twitter-tweet\" data-width=\"550\" data-dnt=\"true\">\n<p lang=\"en\" dir=\"ltr\">.<a href=\"https:\/\/twitter.com\/TUDelftOpen?ref_src=twsrc%5Etfw\">@TUDelftOpen<\/a> uses <a href=\"https:\/\/twitter.com\/orvium?ref_src=twsrc%5Etfw\">@orvium<\/a> as a publishing plattform: <a href=\"https:\/\/t.co\/fPyLzkRiMt\">https:\/\/t.co\/fPyLzkRiMt<\/a> <a href=\"https:\/\/twitter.com\/hashtag\/openacces?src=hash&amp;ref_src=twsrc%5Etfw\">#openacces<\/a> <a href=\"https:\/\/twitter.com\/hashtag\/publishing?src=hash&amp;ref_src=twsrc%5Etfw\">#publishing<\/a> <a href=\"https:\/\/twitter.com\/hashtag\/LIBER2021?src=hash&amp;ref_src=twsrc%5Etfw\">#LIBER2021<\/a><\/p>\n<p>&mdash; viola vo\u00df (@v_i_o_l_a) <a href=\"https:\/\/twitter.com\/v_i_o_l_a\/status\/1408391268066017280?ref_src=twsrc%5Etfw\">June 25, 2021<\/a><\/p><\/blockquote>\n<p><script async src=\"https:\/\/platform.twitter.com\/widgets.js\" charset=\"utf-8\"><\/script><\/p>\n<blockquote class=\"twitter-tweet\" data-width=\"550\" data-dnt=\"true\">\n<p lang=\"en\" dir=\"ltr\">Very interesting approach to publishing conference papers &#8211; preprints + open peer review &#8211; The Evolving Scholar <a href=\"https:\/\/t.co\/QEK6U0KQQs\">https:\/\/t.co\/QEK6U0KQQs<\/a> &#8211; <a href=\"https:\/\/twitter.com\/hashtag\/openaccess?src=hash&amp;ref_src=twsrc%5Etfw\">#openaccess<\/a> journal for multidisciplinary community-driven &amp; open peer-reviewed publications <a href=\"https:\/\/twitter.com\/TUDelftOpen?ref_src=twsrc%5Etfw\">@TUDelftOpen<\/a> <a href=\"https:\/\/twitter.com\/orvium?ref_src=twsrc%5Etfw\">@orvium<\/a> Thank you <a href=\"https:\/\/twitter.com\/qryas?ref_src=twsrc%5Etfw\">@qryas<\/a> <a href=\"https:\/\/twitter.com\/hashtag\/LIBER2021?src=hash&amp;ref_src=twsrc%5Etfw\">#LIBER2021<\/a> <a href=\"https:\/\/t.co\/V1FNZhX4Ue\">pic.twitter.com\/V1FNZhX4Ue<\/a><\/p>\n<p>&mdash; Iryna Kuchma (@irynakuchma) <a href=\"https:\/\/twitter.com\/irynakuchma\/status\/1408391224546021382?ref_src=twsrc%5Etfw\">June 25, 2021<\/a><\/p><\/blockquote>\n<p><script async src=\"https:\/\/platform.twitter.com\/widgets.js\" charset=\"utf-8\"><\/script><\/p>\n<blockquote class=\"twitter-tweet\" data-width=\"550\" data-dnt=\"true\">\n<p lang=\"en\" dir=\"ltr\">Really good case studies of scholars making data <a href=\"https:\/\/twitter.com\/hashtag\/fair?src=hash&amp;ref_src=twsrc%5Etfw\">#fair<\/a> during publishing process <a href=\"https:\/\/twitter.com\/hashtag\/liber2021?src=hash&amp;ref_src=twsrc%5Etfw\">#liber2021<\/a> <a href=\"https:\/\/twitter.com\/qryas?ref_src=twsrc%5Etfw\">@qryas<\/a> <a href=\"https:\/\/t.co\/2foVTnIfPc\">https:\/\/t.co\/2foVTnIfPc<\/a> <a href=\"https:\/\/t.co\/ZYCMZwbdBD\">pic.twitter.com\/ZYCMZwbdBD<\/a><\/p>\n<p>&mdash; najla (@najlaoa) <a href=\"https:\/\/twitter.com\/najlaoa\/status\/1408388694692745218?ref_src=twsrc%5Etfw\">June 25, 2021<\/a><\/p><\/blockquote>\n<p><script async src=\"https:\/\/platform.twitter.com\/widgets.js\" charset=\"utf-8\"><\/script><\/p>\n<blockquote class=\"twitter-tweet\" data-width=\"550\" data-dnt=\"true\">\n<p lang=\"en\" dir=\"ltr\"><a href=\"https:\/\/twitter.com\/BraccoLaetitia?ref_src=twsrc%5Etfw\">@BraccoLaetitia<\/a> &#8211; Data librarian, University of Lorraine &#8211; charts how her university has developed their Open Science policy <a href=\"https:\/\/twitter.com\/hashtag\/openscience?src=hash&amp;ref_src=twsrc%5Etfw\">#openscience<\/a> <a href=\"https:\/\/twitter.com\/hashtag\/LIBER2021?src=hash&amp;ref_src=twsrc%5Etfw\">#LIBER2021<\/a> <a href=\"https:\/\/t.co\/1f5gOGyhnr\">pic.twitter.com\/1f5gOGyhnr<\/a><\/p>\n<p>&mdash; LIBER Conference (@LIBERconference) <a href=\"https:\/\/twitter.com\/LIBERconference\/status\/1408392079718375429?ref_src=twsrc%5Etfw\">June 25, 2021<\/a><\/p><\/blockquote>\n<p><script async src=\"https:\/\/platform.twitter.com\/widgets.js\" charset=\"utf-8\"><\/script><\/p>\n<blockquote class=\"twitter-tweet\" data-width=\"550\" data-dnt=\"true\">\n<p lang=\"en\" dir=\"ltr\">the monitor consists of 8 graphs analyzing the data under different aspects, graphs 1\u20134 shown here. <a href=\"https:\/\/twitter.com\/hashtag\/openscience?src=hash&amp;ref_src=twsrc%5Etfw\">#openscience<\/a> <a href=\"https:\/\/twitter.com\/hashtag\/monitoring?src=hash&amp;ref_src=twsrc%5Etfw\">#monitoring<\/a> <a href=\"https:\/\/twitter.com\/hashtag\/LIBER2021?src=hash&amp;ref_src=twsrc%5Etfw\">#LIBER2021<\/a> <a href=\"https:\/\/t.co\/QcqXSTHSB6\">pic.twitter.com\/QcqXSTHSB6<\/a><\/p>\n<p>&mdash; viola vo\u00df (@v_i_o_l_a) <a href=\"https:\/\/twitter.com\/v_i_o_l_a\/status\/1408395158362726404?ref_src=twsrc%5Etfw\">June 25, 2021<\/a><\/p><\/blockquote>\n<p><script async src=\"https:\/\/platform.twitter.com\/widgets.js\" charset=\"utf-8\"><\/script><\/p>\n<blockquote class=\"twitter-tweet\" data-width=\"550\" data-dnt=\"true\">\n<p lang=\"en\" dir=\"ltr\">graphs 5\u20138 shown here. all data is available online: <a href=\"https:\/\/t.co\/fmj57AzRM2\">https:\/\/t.co\/fmj57AzRM2<\/a> <a href=\"https:\/\/twitter.com\/hashtag\/openscience?src=hash&amp;ref_src=twsrc%5Etfw\">#openscience<\/a> <a href=\"https:\/\/twitter.com\/hashtag\/monitoring?src=hash&amp;ref_src=twsrc%5Etfw\">#monitoring<\/a> <a href=\"https:\/\/twitter.com\/hashtag\/LIBER2021?src=hash&amp;ref_src=twsrc%5Etfw\">#LIBER2021<\/a> <a href=\"https:\/\/t.co\/D7sbsFjjLL\">pic.twitter.com\/D7sbsFjjLL<\/a><\/p>\n<p>&mdash; viola vo\u00df (@v_i_o_l_a) <a href=\"https:\/\/twitter.com\/v_i_o_l_a\/status\/1408395902880989185?ref_src=twsrc%5Etfw\">June 25, 2021<\/a><\/p><\/blockquote>\n<p><script async src=\"https:\/\/platform.twitter.com\/widgets.js\" charset=\"utf-8\"><\/script><\/p>\n<blockquote class=\"twitter-tweet\" data-width=\"550\" data-dnt=\"true\">\n<p lang=\"en\" dir=\"ltr\">Listening to my colleague <a href=\"https:\/\/twitter.com\/BraccoLaetitia?ref_src=twsrc%5Etfw\">@BraccoLaetitia<\/a> currently presenting the <a href=\"https:\/\/twitter.com\/Univ_Lorraine?ref_src=twsrc%5Etfw\">@Univ_Lorraine<\/a> Open Science monitor at the <a href=\"https:\/\/twitter.com\/hashtag\/LIBER2021?src=hash&amp;ref_src=twsrc%5Etfw\">#LIBER2021<\/a> conference. A great tool she skillfully set up last year! Code is open btw \ud83d\ude42<a href=\"https:\/\/t.co\/HquuLNPKQC\">https:\/\/t.co\/HquuLNPKQC<\/a> <a href=\"https:\/\/t.co\/XvEgPnjgTK\">pic.twitter.com\/XvEgPnjgTK<\/a><\/p>\n<p>&mdash; Jean-Fran\u00e7ois Lutz @jflutz@mastodon.social (@jflutz) <a href=\"https:\/\/twitter.com\/jflutz\/status\/1408394015658102787?ref_src=twsrc%5Etfw\">June 25, 2021<\/a><\/p><\/blockquote>\n<p><script async src=\"https:\/\/platform.twitter.com\/widgets.js\" charset=\"utf-8\"><\/script><\/p>\n<blockquote class=\"twitter-tweet\" data-width=\"550\" data-dnt=\"true\">\n<p lang=\"en\" dir=\"ltr\">there are some caveats, but 8 other french universities have already successfully resused the code. with the lessons learned in mind the monitor can be a good stearing tool &quot;to make <a href=\"https:\/\/twitter.com\/hashtag\/openscience?src=hash&amp;ref_src=twsrc%5Etfw\">#openscience<\/a> progess&quot;! <a href=\"https:\/\/twitter.com\/hashtag\/LIBER2021?src=hash&amp;ref_src=twsrc%5Etfw\">#LIBER2021<\/a> <a href=\"https:\/\/t.co\/dq7s4vaZzP\">pic.twitter.com\/dq7s4vaZzP<\/a><\/p>\n<p>&mdash; viola vo\u00df (@v_i_o_l_a) <a href=\"https:\/\/twitter.com\/v_i_o_l_a\/status\/1408397182349332480?ref_src=twsrc%5Etfw\">June 25, 2021<\/a><\/p><\/blockquote>\n<p><script async src=\"https:\/\/platform.twitter.com\/widgets.js\" charset=\"utf-8\"><\/script><\/p>\n<blockquote class=\"twitter-tweet\" data-width=\"550\" data-dnt=\"true\">\n<p lang=\"en\" dir=\"ltr\">That&#39;s it for the presentations! All insightful and punctual (as moderator Jo Rademakers points out). Time for questions for <a href=\"https:\/\/twitter.com\/qryas?ref_src=twsrc%5Etfw\">@qryas<\/a>, <a href=\"https:\/\/twitter.com\/fredbelliard?ref_src=twsrc%5Etfw\">@fredbelliard<\/a>, <a href=\"https:\/\/twitter.com\/BraccoLaetitia?ref_src=twsrc%5Etfw\">@BraccoLaetitia<\/a>, and Massimo Koester. <a href=\"https:\/\/twitter.com\/hashtag\/LIBER2021?src=hash&amp;ref_src=twsrc%5Etfw\">#LIBER2021<\/a><\/p>\n<p>&mdash; LIBER Conference (@LIBERconference) <a href=\"https:\/\/twitter.com\/LIBERconference\/status\/1408398251510878210?ref_src=twsrc%5Etfw\">June 25, 2021<\/a><\/p><\/blockquote>\n<p><script async src=\"https:\/\/platform.twitter.com\/widgets.js\" charset=\"utf-8\"><\/script><\/p>\n<blockquote class=\"twitter-tweet\" data-width=\"550\" data-dnt=\"true\">\n<p lang=\"de\" dir=\"ltr\">Dass Manuel Neuer mit Regenbogenbinde aufl\u00e4uft: ok. Aber die Gendersternchen auf den Trikots gehen echt zu weit. <a href=\"https:\/\/t.co\/adMO9obJ1w\">pic.twitter.com\/adMO9obJ1w<\/a><\/p>\n<p>&mdash; Hauck &amp; Bauer (@hauckundbauer) <a href=\"https:\/\/twitter.com\/hauckundbauer\/status\/1408398682920263683?ref_src=twsrc%5Etfw\">June 25, 2021<\/a><\/p><\/blockquote>\n<p><script async src=\"https:\/\/platform.twitter.com\/widgets.js\" charset=\"utf-8\"><\/script><\/p>\n<blockquote class=\"twitter-tweet\" data-width=\"550\" data-dnt=\"true\">\n<p lang=\"de\" dir=\"ltr\">Freiheit, interessante Gespr\u00e4che und eine kostenfreie Mitfahrt: In der Ausstellung \u201eM\u00fcnster 1971\u201c erinnert das Stadtmuseum auch an die damals ganz normale Reisepraktik des Trampens. Die Ausstellung  kann bis zum 28.11. besucht werden: <a href=\"https:\/\/t.co\/u0vWQC6eEM\">https:\/\/t.co\/u0vWQC6eEM<\/a> <a href=\"https:\/\/t.co\/pEQM9Lvn5U\">pic.twitter.com\/pEQM9Lvn5U<\/a><\/p>\n<p>&mdash; Stadt M\u00fcnster (@muenster_de) <a href=\"https:\/\/twitter.com\/muenster_de\/status\/1408394550129876997?ref_src=twsrc%5Etfw\">June 25, 2021<\/a><\/p><\/blockquote>\n<p><script async src=\"https:\/\/platform.twitter.com\/widgets.js\" charset=\"utf-8\"><\/script><br \/>\nhttps:\/\/twitter.com\/v_i_o_l_a\/status\/1408400600677691403<\/p>\n<blockquote class=\"twitter-tweet\" data-width=\"550\" data-dnt=\"true\">\n<p lang=\"de\" dir=\"ltr\"><a href=\"https:\/\/t.co\/r7REiuRox8\">https:\/\/t.co\/r7REiuRox8<\/a> &#8211; meine Datenbank zu besagtez Literatur zu <a href=\"https:\/\/twitter.com\/hashtag\/Schulbibliotheken?src=hash&amp;ref_src=twsrc%5Etfw\">#Schulbibliotheken<\/a> &#8211; habe ich ein wenig ungepflegt gelassen die letzten&#8230; Jahre (?). Jetzt ist sie als <a href=\"https:\/\/twitter.com\/hashtag\/Zotero?src=hash&amp;ref_src=twsrc%5Etfw\">#Zotero<\/a>-Library neu aufgesetzt. Die URL ist die alte, aber sonst funktioniert alles wieder (hoffentlich) 1\/3<\/p>\n<p>&mdash; karstens (@karstens) <a href=\"https:\/\/twitter.com\/karstens\/status\/1408384759970119681?ref_src=twsrc%5Etfw\">June 25, 2021<\/a><\/p><\/blockquote>\n<p><script async src=\"https:\/\/platform.twitter.com\/widgets.js\" charset=\"utf-8\"><\/script><\/p>\n<blockquote class=\"twitter-tweet\" data-width=\"550\" data-dnt=\"true\">\n<p lang=\"de\" dir=\"ltr\">[Falls nicht, bitte melden.]<\/p>\n<p>Die Datenbank war immer ein <a href=\"https:\/\/twitter.com\/hashtag\/Freizeitprojekt?src=hash&amp;ref_src=twsrc%5Etfw\">#Freizeitprojekt<\/a>. Wenn jemand noch mehr Literatur hat &#8211; vor allem aus den letzten beiden Jahren &#8211; bitte einfach schicken, ich schaue, dass ich die zeitnah eintragen kann. 2\/3<\/p>\n<p>&mdash; karstens (@karstens) <a href=\"https:\/\/twitter.com\/karstens\/status\/1408384761538678784?ref_src=twsrc%5Etfw\">June 25, 2021<\/a><\/p><\/blockquote>\n<p><script async src=\"https:\/\/platform.twitter.com\/widgets.js\" charset=\"utf-8\"><\/script><\/p>\n<blockquote class=\"twitter-tweet\" data-width=\"550\" data-dnt=\"true\">\n<p lang=\"de\" dir=\"ltr\">Und: Es ist eine Zotero-Library, insoweit kann ich Interessierte, die gerne mitmachen wollen (neue Literatur eintragen, Daten pflegen etc.) auch zu Members machen. Auch einfach melden, dann k\u00f6nnen wir uns mal dr\u00fcber unterhalten. 3\/3<\/p>\n<p>&mdash; karstens (@karstens) <a href=\"https:\/\/twitter.com\/karstens\/status\/1408384762746638337?ref_src=twsrc%5Etfw\">June 25, 2021<\/a><\/p><\/blockquote>\n<p><script async src=\"https:\/\/platform.twitter.com\/widgets.js\" charset=\"utf-8\"><\/script><\/p>\n<blockquote class=\"twitter-tweet\" data-width=\"550\" data-dnt=\"true\">\n<p lang=\"de\" dir=\"ltr\">PS.: Da <a href=\"https:\/\/t.co\/r7REiuRox8\">https:\/\/t.co\/r7REiuRox8<\/a> jetzt also eine Zotero-Datenbank ist, kann man selbstverst\u00e4ndlich auch den Feed abonnieren: <a href=\"https:\/\/t.co\/R8sk4NIc0h\">https:\/\/t.co\/R8sk4NIc0h<\/a><\/p>\n<p>&mdash; karstens (@karstens) <a href=\"https:\/\/twitter.com\/karstens\/status\/1408393236025118720?ref_src=twsrc%5Etfw\">June 25, 2021<\/a><\/p><\/blockquote>\n<p><script async src=\"https:\/\/platform.twitter.com\/widgets.js\" charset=\"utf-8\"><\/script><\/p>\n<blockquote class=\"twitter-tweet\" data-width=\"550\" data-dnt=\"true\">\n<p lang=\"en\" dir=\"ltr\">How does the desire path concept help pave the way to open access: &quot;Let the researchers walk and build their own path&quot; <a href=\"https:\/\/twitter.com\/qryas?ref_src=twsrc%5Etfw\">@qryas<\/a> <a href=\"https:\/\/t.co\/IZ3vef8CFg\">pic.twitter.com\/IZ3vef8CFg<\/a><\/p>\n<p>&mdash; LIBER Conference (@LIBERconference) <a href=\"https:\/\/twitter.com\/LIBERconference\/status\/1408389351810244617?ref_src=twsrc%5Etfw\">June 25, 2021<\/a><\/p><\/blockquote>\n<p><script async src=\"https:\/\/platform.twitter.com\/widgets.js\" charset=\"utf-8\"><\/script><\/p>\n<blockquote class=\"twitter-tweet\" data-width=\"550\" data-dnt=\"true\">\n<p lang=\"de\" dir=\"ltr\">Im Mittelalter und der Fr\u00fchen Neuzeit war <a href=\"https:\/\/twitter.com\/hashtag\/Wolbeck?src=hash&amp;ref_src=twsrc%5Etfw\">#Wolbeck<\/a> eine eigenst\u00e4ndige Minderstadt (<a href=\"https:\/\/twitter.com\/hashtag\/Wigbold?src=hash&amp;ref_src=twsrc%5Etfw\">#Wigbold<\/a>) vor den Toren von <a href=\"https:\/\/twitter.com\/hashtag\/Muenster?src=hash&amp;ref_src=twsrc%5Etfw\">#Muenster<\/a>. Das \u00e4lteste B\u00fcrgerbuch, in das neue B\u00fcrger eingetragen wurden, jetzt online:  <a href=\"https:\/\/t.co\/zwSzZg1bBF\">https:\/\/t.co\/zwSzZg1bBF<\/a> ab Scan 28 geht&#39;s los, davor Abschrift und Register! <a href=\"https:\/\/t.co\/YB8s8Zxwvn\">pic.twitter.com\/YB8s8Zxwvn<\/a><\/p>\n<p>&mdash; Stadtarchiv M\u00fcnster (@StadtarchivMS) <a href=\"https:\/\/twitter.com\/StadtarchivMS\/status\/1408382043067764740?ref_src=twsrc%5Etfw\">June 25, 2021<\/a><\/p><\/blockquote>\n<p><script async src=\"https:\/\/platform.twitter.com\/widgets.js\" charset=\"utf-8\"><\/script><br \/>\nhttps:\/\/twitter.com\/v_i_o_l_a\/status\/1408402905762304002<\/p>\n<blockquote class=\"twitter-tweet\" data-width=\"550\" data-dnt=\"true\">\n<p lang=\"en\" dir=\"ltr\">last <a href=\"https:\/\/twitter.com\/hashtag\/LIBER2021?src=hash&amp;ref_src=twsrc%5Etfw\">#LIBER2021<\/a> session now: panel discussion about &quot;How libraries and consortia can support the <a href=\"https:\/\/twitter.com\/hashtag\/openaccess?src=hash&amp;ref_src=twsrc%5Etfw\">#openaccess<\/a> transitions of not-for-profit publishers, and why&quot; with Colleen Campbell of <a href=\"https:\/\/twitter.com\/MPDL?ref_src=twsrc%5Etfw\">@MPDL<\/a>, <a href=\"https:\/\/twitter.com\/RLUK_David?ref_src=twsrc%5Etfw\">@RLUK_David<\/a>, Claire Moulton of <a href=\"https:\/\/twitter.com\/Co_Biologists?ref_src=twsrc%5Etfw\">@Co_Biologists<\/a>, and <a href=\"https:\/\/twitter.com\/wisealic?ref_src=twsrc%5Etfw\">@wisealic<\/a>. <a href=\"https:\/\/t.co\/4rp7rNO8ri\">https:\/\/t.co\/4rp7rNO8ri<\/a><\/p>\n<p>&mdash; viola vo\u00df (@v_i_o_l_a) <a href=\"https:\/\/twitter.com\/v_i_o_l_a\/status\/1408409276146720769?ref_src=twsrc%5Etfw\">June 25, 2021<\/a><\/p><\/blockquote>\n<p><script async src=\"https:\/\/platform.twitter.com\/widgets.js\" charset=\"utf-8\"><\/script><\/p>\n<blockquote class=\"twitter-tweet\" data-width=\"550\" data-dnt=\"true\">\n<p lang=\"en\" dir=\"ltr\">a report giving the idea for this discussion: &quot;Enabling smaller independent publishers to participate in OA agreements&quot; by Lorraine Estelle, Dave Jago, and Alicia Wise for &quot;Information Power Ltd&quot;:  <a href=\"https:\/\/t.co\/RsHnENH8Ut\">https:\/\/t.co\/RsHnENH8Ut<\/a> <a href=\"https:\/\/twitter.com\/hashtag\/openaccess?src=hash&amp;ref_src=twsrc%5Etfw\">#openaccess<\/a> <a href=\"https:\/\/twitter.com\/hashtag\/LIBER2021?src=hash&amp;ref_src=twsrc%5Etfw\">#LIBER2021<\/a><\/p>\n<p>&mdash; viola vo\u00df (@v_i_o_l_a) <a href=\"https:\/\/twitter.com\/v_i_o_l_a\/status\/1408410978769833988?ref_src=twsrc%5Etfw\">June 25, 2021<\/a><\/p><\/blockquote>\n<p><script async src=\"https:\/\/platform.twitter.com\/widgets.js\" charset=\"utf-8\"><\/script><br \/>\nhttps:\/\/twitter.com\/v_i_o_l_a\/status\/1408411367128842241<\/p>\n<blockquote class=\"twitter-tweet\" data-width=\"550\" data-dnt=\"true\">\n<p lang=\"en\" dir=\"ltr\">What do we mean by <a href=\"https:\/\/twitter.com\/hashtag\/OpenAccess?src=hash&amp;ref_src=twsrc%5Etfw\">#OpenAccess<\/a> agreements? And what do we mean by smaller independent publishers? <br \/>Session at <a href=\"https:\/\/twitter.com\/hashtag\/LIBER2021?src=hash&amp;ref_src=twsrc%5Etfw\">#LIBER2021<\/a> now &#8211; &#39;How libraries and consortia can support the OA transitions of not-for-profit publishers, and why.&#39; <a href=\"https:\/\/t.co\/uS2HHM1J5u\">pic.twitter.com\/uS2HHM1J5u<\/a><\/p>\n<p>&mdash; LIBER Conference (@LIBERconference) <a href=\"https:\/\/twitter.com\/LIBERconference\/status\/1408410891410870274?ref_src=twsrc%5Etfw\">June 25, 2021<\/a><\/p><\/blockquote>\n<p><script async src=\"https:\/\/platform.twitter.com\/widgets.js\" charset=\"utf-8\"><\/script><\/p>\n<blockquote class=\"twitter-tweet\" data-width=\"550\" data-dnt=\"true\">\n<p lang=\"en\" dir=\"ltr\">Colleen is also on twitter: <a href=\"https:\/\/twitter.com\/ColleenCampbe11?ref_src=twsrc%5Etfw\">@ColleenCampbe11<\/a>. \ud83d\ude42<\/p>\n<p>&mdash; viola vo\u00df (@v_i_o_l_a) <a href=\"https:\/\/twitter.com\/v_i_o_l_a\/status\/1408412837932851202?ref_src=twsrc%5Etfw\">June 25, 2021<\/a><\/p><\/blockquote>\n<p><script async src=\"https:\/\/platform.twitter.com\/widgets.js\" charset=\"utf-8\"><\/script><\/p>\n<blockquote class=\"twitter-tweet\" data-width=\"550\" data-dnt=\"true\">\n<p lang=\"en\" dir=\"ltr\">Good news for smaller publishers &#8211; statement from Plan S <a href=\"https:\/\/twitter.com\/wisealic?ref_src=twsrc%5Etfw\">@wisealic<\/a> <a href=\"https:\/\/twitter.com\/hashtag\/LIBER2021?src=hash&amp;ref_src=twsrc%5Etfw\">#LIBER2021<\/a> Maximise efficiency &#8211; minimise complexity <a href=\"https:\/\/t.co\/YgctE9KXI5\">https:\/\/t.co\/YgctE9KXI5<\/a><\/p>\n<p>&mdash; najla (@najlaoa) <a href=\"https:\/\/twitter.com\/najlaoa\/status\/1408412058526306309?ref_src=twsrc%5Etfw\">June 25, 2021<\/a><\/p><\/blockquote>\n<p><script async src=\"https:\/\/platform.twitter.com\/widgets.js\" charset=\"utf-8\"><\/script><\/p>\n<blockquote class=\"twitter-tweet\" data-width=\"550\" data-dnt=\"true\">\n<p lang=\"en\" dir=\"ltr\">According to <a href=\"https:\/\/twitter.com\/ColleenCampbe11?ref_src=twsrc%5Etfw\">@ColleenCampbe11<\/a> it&#39;s important to recognise that we all have to adapt &#8211; all stakeholders &#8211; we are driving a system change when it comes to <a href=\"https:\/\/twitter.com\/hashtag\/openaccess?src=hash&amp;ref_src=twsrc%5Etfw\">#openaccess<\/a>. Session now at <a href=\"https:\/\/twitter.com\/hashtag\/LIBER2021?src=hash&amp;ref_src=twsrc%5Etfw\">#LIBER2021<\/a> &#8211; &#39;How libraries and consortia can support the OA transitions..&#39; <a href=\"https:\/\/t.co\/0tVLiRmdO5\">https:\/\/t.co\/0tVLiRmdO5<\/a><\/p>\n<p>&mdash; LIBER Conference (@LIBERconference) <a href=\"https:\/\/twitter.com\/LIBERconference\/status\/1408412552401461250?ref_src=twsrc%5Etfw\">June 25, 2021<\/a><\/p><\/blockquote>\n<p><script async src=\"https:\/\/platform.twitter.com\/widgets.js\" charset=\"utf-8\"><\/script><\/p>\n<blockquote class=\"twitter-tweet\" data-width=\"550\" data-dnt=\"true\">\n<p lang=\"en\" dir=\"ltr\">&quot;Complexity is the enemy of efficiency,&quot; says <a href=\"https:\/\/twitter.com\/RLUK_David?ref_src=twsrc%5Etfw\">@RLUK_David<\/a>. A publisher may have a wonderful new model but if it&#39;s so different it might require lots of attention initially. Join us in the session now at <a href=\"https:\/\/twitter.com\/hashtag\/LIBER2021?src=hash&amp;ref_src=twsrc%5Etfw\">#LIBER2021<\/a> &#8211; &#39;How libraries and consortia can support the OA..&#39;<\/p>\n<p>&mdash; LIBER Conference (@LIBERconference) <a href=\"https:\/\/twitter.com\/LIBERconference\/status\/1408415019537215491?ref_src=twsrc%5Etfw\">June 25, 2021<\/a><\/p><\/blockquote>\n<p><script async src=\"https:\/\/platform.twitter.com\/widgets.js\" charset=\"utf-8\"><\/script><\/p>\n<blockquote class=\"twitter-tweet\" data-width=\"550\" data-dnt=\"true\">\n<p lang=\"en\" dir=\"ltr\">We now welcome Claire Moulton from <a href=\"https:\/\/twitter.com\/Co_Biologists?ref_src=twsrc%5Etfw\">@Co_Biologists<\/a> &#8211; who says, &quot;We take the transition to <a href=\"https:\/\/twitter.com\/hashtag\/openaccess?src=hash&amp;ref_src=twsrc%5Etfw\">#openaccess<\/a> seriously&quot;. Join us in the session now at <a href=\"https:\/\/twitter.com\/hashtag\/LIBER2021?src=hash&amp;ref_src=twsrc%5Etfw\">#LIBER2021<\/a> &#8211; &#39;How libraries and consortia can support the OA..&#39; <a href=\"https:\/\/t.co\/aY7HGnCOFE\">pic.twitter.com\/aY7HGnCOFE<\/a><\/p>\n<p>&mdash; LIBER Conference (@LIBERconference) <a href=\"https:\/\/twitter.com\/LIBERconference\/status\/1408415688197300225?ref_src=twsrc%5Etfw\">June 25, 2021<\/a><\/p><\/blockquote>\n<p><script async src=\"https:\/\/platform.twitter.com\/widgets.js\" charset=\"utf-8\"><\/script><\/p>\n<blockquote class=\"twitter-tweet\" data-width=\"550\" data-dnt=\"true\">\n<p lang=\"de\" dir=\"ltr\">Eine kleine Abschiedsgeste von mir f\u00fcr meine letzte Arbeitsstelle in M\u00fcnster, den Phonopoetik-Lehrstuhl von Prof. Britta Herrmann (ja, das waren auch bei mir 5 Arbeitsvertr\u00e4ge in 7 Jahren, ja, auch <a href=\"https:\/\/twitter.com\/hashtag\/ichbinHanna?src=hash&amp;ref_src=twsrc%5Etfw\">#ichbinHanna<\/a>): <a href=\"https:\/\/t.co\/Zk2vzCy5IF\">https:\/\/t.co\/Zk2vzCy5IF<\/a><\/p>\n<p>&mdash; Anna Seidel (@_AnnaSeidel) <a href=\"https:\/\/twitter.com\/_AnnaSeidel\/status\/1408418850874535936?ref_src=twsrc%5Etfw\">June 25, 2021<\/a><\/p><\/blockquote>\n<p><script async src=\"https:\/\/platform.twitter.com\/widgets.js\" charset=\"utf-8\"><\/script><br \/>\nhttps:\/\/twitter.com\/v_i_o_l_a\/status\/1408420992922357764<\/p>\n<blockquote class=\"twitter-tweet\" data-width=\"550\" data-dnt=\"true\">\n<p lang=\"de\" dir=\"ltr\">diese woche habe ich ua. die fachblog-posts f\u00fcr juli zusammengestellt und den besuch einer unserer azubis im <a href=\"https:\/\/twitter.com\/hashtag\/fachreferat?src=hash&amp;ref_src=twsrc%5Etfw\">#fachreferat<\/a> kommende woche vorbereitet: unterlagen ausgedruckt + einen merker &quot;neuerwerbungslisten und verschlagwortungsf\u00e4lle aufheben!&quot; gemacht. \ud83d\ude42 <a href=\"https:\/\/twitter.com\/hashtag\/fachreferatsfreitag?src=hash&amp;ref_src=twsrc%5Etfw\">#fachreferatsfreitag<\/a><\/p>\n<p>&mdash; viola vo\u00df (@v_i_o_l_a) <a href=\"https:\/\/twitter.com\/v_i_o_l_a\/status\/1408423713909972994?ref_src=twsrc%5Etfw\">June 25, 2021<\/a><\/p><\/blockquote>\n<p><script async src=\"https:\/\/platform.twitter.com\/widgets.js\" charset=\"utf-8\"><\/script><\/p>\n<blockquote class=\"twitter-tweet\" data-width=\"550\" data-dnt=\"true\">\n<p lang=\"de\" dir=\"ltr\">ebenfalls kommende woche darf ich unserer dezernat im <a href=\"https:\/\/twitter.com\/hashtag\/malis?src=hash&amp;ref_src=twsrc%5Etfw\">#malis<\/a>-studiengang der TH k\u00f6ln vorstellen; nach einer aufgezeichnete-vortragsvideos-version letztes jahr dies jahr zwar nicht vor ort, aber immerin &quot;live&quot; via zoom. daf\u00fcr hab ich mit <a href=\"https:\/\/twitter.com\/FuzzyLeapfrog?ref_src=twsrc%5Etfw\">@FuzzyLeapfrog<\/a> einige details abgesprochen.<\/p>\n<p>&mdash; viola vo\u00df (@v_i_o_l_a) <a href=\"https:\/\/twitter.com\/v_i_o_l_a\/status\/1408424088629125126?ref_src=twsrc%5Etfw\">June 25, 2021<\/a><\/p><\/blockquote>\n<p><script async src=\"https:\/\/platform.twitter.com\/widgets.js\" charset=\"utf-8\"><\/script><\/p>\n<blockquote class=\"twitter-tweet\" data-width=\"550\" data-dnt=\"true\">\n<p lang=\"de\" dir=\"ltr\">und in sachen <a href=\"https:\/\/twitter.com\/hashtag\/fortbildung?src=hash&amp;ref_src=twsrc%5Etfw\">#fortbildung<\/a> habe ich diese woche an der LIBER-tagung teilgenommen. in &quot;meinen&quot; sessions ging es v.a. um open access und open science.<\/p>\n<p>&mdash; viola vo\u00df (@v_i_o_l_a) <a href=\"https:\/\/twitter.com\/v_i_o_l_a\/status\/1408424636770041862?ref_src=twsrc%5Etfw\">June 25, 2021<\/a><\/p><\/blockquote>\n<p><script async src=\"https:\/\/platform.twitter.com\/widgets.js\" charset=\"utf-8\"><\/script><\/p>\n<blockquote class=\"twitter-tweet\" data-width=\"550\" data-dnt=\"true\">\n<p lang=\"en\" dir=\"ltr\">the lively discussion could well go on \u2013 but now it&#39;s already time for the closing ceremony for <a href=\"https:\/\/twitter.com\/hashtag\/LIBER2021?src=hash&amp;ref_src=twsrc%5Etfw\">#LIBER2021<\/a>.<\/p>\n<p>&mdash; viola vo\u00df (@v_i_o_l_a) <a href=\"https:\/\/twitter.com\/v_i_o_l_a\/status\/1408425418739359749?ref_src=twsrc%5Etfw\">June 25, 2021<\/a><\/p><\/blockquote>\n<p><script async src=\"https:\/\/platform.twitter.com\/widgets.js\" charset=\"utf-8\"><\/script><\/p>\n<blockquote class=\"twitter-tweet\" data-width=\"550\" data-dnt=\"true\">\n<p lang=\"en\" dir=\"ltr\">We begin with some remarks by <a href=\"https:\/\/twitter.com\/LIBEReurope?ref_src=twsrc%5Etfw\">@LIBEReurope<\/a>  President <a href=\"https:\/\/twitter.com\/JeannetteFrey?ref_src=twsrc%5Etfw\">@JeannetteFrey<\/a> &#8211; &#39;We are good when we cooperate, when we share and discuss&#39;. The <a href=\"https:\/\/twitter.com\/hashtag\/LIBER2021?src=hash&amp;ref_src=twsrc%5Etfw\">#LIBER2021<\/a> Conference has proved these words to be very true!<\/p>\n<p>&mdash; LIBER Conference (@LIBERconference) <a href=\"https:\/\/twitter.com\/LIBERconference\/status\/1408426543886577666?ref_src=twsrc%5Etfw\">June 25, 2021<\/a><\/p><\/blockquote>\n<p><script async src=\"https:\/\/platform.twitter.com\/widgets.js\" charset=\"utf-8\"><\/script><\/p>\n<blockquote class=\"twitter-tweet\" data-width=\"550\" data-dnt=\"true\">\n<p lang=\"en\" dir=\"ltr\">&quot;what will LIBER and the library work look like in 2071?&quot; <a href=\"https:\/\/twitter.com\/JeannetteFrey?ref_src=twsrc%5Etfw\">@JeannetteFrey<\/a> asks. <a href=\"https:\/\/twitter.com\/hashtag\/LIBER2021?src=hash&amp;ref_src=twsrc%5Etfw\">#LIBER2021<\/a> <a href=\"https:\/\/t.co\/BS9d2pucAB\">pic.twitter.com\/BS9d2pucAB<\/a><\/p>\n<p>&mdash; viola vo\u00df (@v_i_o_l_a) <a href=\"https:\/\/twitter.com\/v_i_o_l_a\/status\/1408428020071759883?ref_src=twsrc%5Etfw\">June 25, 2021<\/a><\/p><\/blockquote>\n<p><script async src=\"https:\/\/platform.twitter.com\/widgets.js\" charset=\"utf-8\"><\/script><br \/>\nhttps:\/\/twitter.com\/v_i_o_l_a\/status\/1408431087454461961<\/p>\n<blockquote class=\"twitter-tweet\" data-width=\"550\" data-dnt=\"true\">\n<p lang=\"en\" dir=\"ltr\">Would you like to look behind the scenes of this years invitation video and see how we made it?   &#8211; then watch this <a href=\"https:\/\/twitter.com\/hashtag\/liber2021?src=hash&amp;ref_src=twsrc%5Etfw\">#liber2021<\/a>, <a href=\"https:\/\/twitter.com\/hashtag\/liber?src=hash&amp;ref_src=twsrc%5Etfw\">#liber<\/a>, <a href=\"https:\/\/twitter.com\/LIBERconference?ref_src=twsrc%5Etfw\">@liberconference<\/a>, <a href=\"https:\/\/twitter.com\/LIBEReurope?ref_src=twsrc%5Etfw\">@libereurope<\/a>, <a href=\"https:\/\/twitter.com\/astronerd?ref_src=twsrc%5Etfw\">@astronerd<\/a><a href=\"https:\/\/t.co\/FppPvjP2tY\">https:\/\/t.co\/FppPvjP2tY<\/a><\/p>\n<p>&mdash; Charlotte Wien (@CharlotteWien) <a href=\"https:\/\/twitter.com\/CharlotteWien\/status\/1408430623996383233?ref_src=twsrc%5Etfw\">June 25, 2021<\/a><\/p><\/blockquote>\n<p><script async src=\"https:\/\/platform.twitter.com\/widgets.js\" charset=\"utf-8\"><\/script><\/p>\n<blockquote class=\"twitter-tweet\" data-width=\"550\" data-dnt=\"true\">\n<p lang=\"de\" dir=\"ltr\">Es ist vollbracht: Die Teilnehmer der Hochschulsport-Aktion &quot;M\u00fcnster zum Mond&quot; haben ihr kosmisches Ziel erreicht. \u00dcber 1500 Aktiven gelang es binnen 134 Tagen, zu Fu\u00df, mit dem Rad, auf Inlinern oder im Rollstuhl 371.521 Kilometer &quot;einzusammeln&quot;. <a href=\"https:\/\/t.co\/DWBlUeUaEs\">https:\/\/t.co\/DWBlUeUaEs<\/a><\/p>\n<p>&mdash; Universit\u00e4t M\u00fcnster (@uni_muenster) <a href=\"https:\/\/twitter.com\/uni_muenster\/status\/1408431422042476548?ref_src=twsrc%5Etfw\">June 25, 2021<\/a><\/p><\/blockquote>\n<p><script async src=\"https:\/\/platform.twitter.com\/widgets.js\" charset=\"utf-8\"><\/script><\/p>\n<blockquote class=\"twitter-tweet\" data-width=\"550\" data-dnt=\"true\">\n<p lang=\"en\" dir=\"ltr\"><a href=\"https:\/\/twitter.com\/CharlotteWien?ref_src=twsrc%5Etfw\">@CharlotteWien<\/a> presenting a fairy-tale beginning to <a href=\"https:\/\/twitter.com\/hashtag\/LIBER2022?src=hash&amp;ref_src=twsrc%5Etfw\">#LIBER2022<\/a> inspired by author Hans Christian Andersen, who was born in <a href=\"https:\/\/twitter.com\/hashtag\/Odense?src=hash&amp;ref_src=twsrc%5Etfw\">#Odense<\/a>. We are looking forward to seeing you there in 2022. <a href=\"https:\/\/twitter.com\/SDUlibrary?ref_src=twsrc%5Etfw\">@SDUlibrary<\/a> <a href=\"https:\/\/t.co\/d0XvwkPVF1\">pic.twitter.com\/d0XvwkPVF1<\/a><\/p>\n<p>&mdash; LIBER Conference (@LIBERconference) <a href=\"https:\/\/twitter.com\/LIBERconference\/status\/1408430945670160393?ref_src=twsrc%5Etfw\">June 25, 2021<\/a><\/p><\/blockquote>\n<p><script async src=\"https:\/\/platform.twitter.com\/widgets.js\" charset=\"utf-8\"><\/script><br \/>\nhttps:\/\/twitter.com\/v_i_o_l_a\/status\/1408511174791028747<br \/>\nhttps:\/\/twitter.com\/v_i_o_l_a\/status\/1408511929291771905<br \/>\nhttps:\/\/twitter.com\/v_i_o_l_a\/status\/1408512502095396877<br \/>\nhttps:\/\/twitter.com\/v_i_o_l_a\/status\/1408512668110143502<br \/>\nhttps:\/\/twitter.com\/v_i_o_l_a\/status\/1408512908657672202<br \/>\nhttps:\/\/twitter.com\/v_i_o_l_a\/status\/1408513544111468553<\/p>\n<blockquote class=\"twitter-tweet\" data-width=\"550\" data-dnt=\"true\">\n<p lang=\"de\" dir=\"ltr\">Nebenan werden zwar auch Biologie, Medizin und Gesundheitsratgeber mit verschiedener Fachtiefe \u00e4hnlich gemischt. Daneben gibt es aber ein klar abgegrenztes Regal &quot;Esoterik&quot;. F\u00fcr Sprachthemen existiert so eine Trennung nicht.<\/p>\n<p>&mdash; Philipp Kr\u00e4mer (@ph_kraemer) <a href=\"https:\/\/twitter.com\/ph_kraemer\/status\/1408460171962195973?ref_src=twsrc%5Etfw\">June 25, 2021<\/a><\/p><\/blockquote>\n<p><script async src=\"https:\/\/platform.twitter.com\/widgets.js\" charset=\"utf-8\"><\/script><\/p>\n<blockquote class=\"twitter-tweet\" data-width=\"550\" data-dnt=\"true\">\n<p lang=\"en\" dir=\"ltr\">For the last three days we&#39;ve been tweeting throughout <a href=\"https:\/\/twitter.com\/hashtag\/LIBER2021?src=hash&amp;ref_src=twsrc%5Etfw\">#LIBER2021<\/a>. When we can&#39;t share the same physical space, staying in touch with our network this way is vital. So from the <a href=\"https:\/\/twitter.com\/hashtag\/LIBER?src=hash&amp;ref_src=twsrc%5Etfw\">#LIBER<\/a> comms team &#8211; Elizabeth, Oliver, and Rosie &#8211; we&#39;d like to say a big thank you. See you in Odense! <a href=\"https:\/\/t.co\/MeS5ZZMhMg\">pic.twitter.com\/MeS5ZZMhMg<\/a><\/p>\n<p>&mdash; LIBER Conference (@LIBERconference) <a href=\"https:\/\/twitter.com\/LIBERconference\/status\/1408454942424186885?ref_src=twsrc%5Etfw\">June 25, 2021<\/a><\/p><\/blockquote>\n<p><script async src=\"https:\/\/platform.twitter.com\/widgets.js\" charset=\"utf-8\"><\/script><br \/>\nhttps:\/\/twitter.com\/v_i_o_l_a\/status\/1408514309911678980<\/p>\n<blockquote class=\"twitter-tweet\" data-width=\"550\" data-dnt=\"true\">\n<p lang=\"en\" dir=\"ltr\">For the first time in 300 years The Night Watch is complete again! The\u00a0<a href=\"https:\/\/twitter.com\/hashtag\/OperationNightWatch?src=hash&amp;ref_src=twsrc%5Etfw\">#OperationNightWatch<\/a>\u00a0team has successfully recreated the missing pieces of Rembrandt&#39;s masterpiece, with the help of AI.<\/p>\n<p>Watch our behind the scenes video: <a href=\"https:\/\/t.co\/Z5AKVFy23j\">https:\/\/t.co\/Z5AKVFy23j<\/a><a href=\"https:\/\/twitter.com\/hashtag\/AkzoNobel?src=hash&amp;ref_src=twsrc%5Etfw\">#AkzoNobel<\/a> <a href=\"https:\/\/t.co\/F3pQUbgzNl\">pic.twitter.com\/F3pQUbgzNl<\/a><\/p>\n<p>&mdash; Rijksmuseum (@rijksmuseum) <a href=\"https:\/\/twitter.com\/rijksmuseum\/status\/1407598393967448065?ref_src=twsrc%5Etfw\">June 23, 2021<\/a><\/p><\/blockquote>\n<p><script async src=\"https:\/\/platform.twitter.com\/widgets.js\" charset=\"utf-8\"><\/script><\/p>\n<blockquote class=\"twitter-tweet\" data-width=\"550\" data-dnt=\"true\">\n<p lang=\"en\" dir=\"ltr\">It\u2019s time to announce our <a href=\"https:\/\/twitter.com\/hashtag\/howtorunalibrary?src=hash&amp;ref_src=twsrc%5Etfw\">#howtorunalibrary<\/a> winners! We would like to thank everyone who participated, we loved seeing your <a href=\"https:\/\/twitter.com\/hashtag\/library?src=hash&amp;ref_src=twsrc%5Etfw\">#library<\/a> selfies! The six winners can be found here: <a href=\"https:\/\/t.co\/wzxNx9313s\">https:\/\/t.co\/wzxNx9313s<\/a> We will be in touch with your prizes! <a href=\"https:\/\/twitter.com\/hashtag\/LIBER2021?src=hash&amp;ref_src=twsrc%5Etfw\">#LIBER2021<\/a> <a href=\"https:\/\/t.co\/pKqYzNZ3Mz\">pic.twitter.com\/pKqYzNZ3Mz<\/a><\/p>\n<p>&mdash; LIBER Conference (@LIBERconference) <a href=\"https:\/\/twitter.com\/LIBERconference\/status\/1408446040991281154?ref_src=twsrc%5Etfw\">June 25, 2021<\/a><\/p><\/blockquote>\n<p><script async src=\"https:\/\/platform.twitter.com\/widgets.js\" charset=\"utf-8\"><\/script><br \/>\nhttps:\/\/twitter.com\/v_i_o_l_a\/status\/1408515135153618969<\/p>\n<blockquote class=\"twitter-tweet\" data-width=\"550\" data-dnt=\"true\">\n<p lang=\"en\" dir=\"ltr\">The Tower <a href=\"https:\/\/twitter.com\/theUL?ref_src=twsrc%5Etfw\">@theUL<\/a> stands at a heady 157ft. It was designed by Sir Giles Gilbert Scott \u2013 architect of the iconic red telephone box and Battersea Power Station.<a href=\"https:\/\/twitter.com\/hashtag\/FridayFun?src=hash&amp;ref_src=twsrc%5Etfw\">#FridayFun<\/a> <a href=\"https:\/\/twitter.com\/hashtag\/Cambridge?src=hash&amp;ref_src=twsrc%5Etfw\">#Cambridge<\/a> <a href=\"https:\/\/t.co\/8eLBlLCxyU\">https:\/\/t.co\/8eLBlLCxyU<\/a><\/p>\n<p>&mdash; Cambridge University (@Cambridge_Uni) <a href=\"https:\/\/twitter.com\/Cambridge_Uni\/status\/1408355332292857856?ref_src=twsrc%5Etfw\">June 25, 2021<\/a><\/p><\/blockquote>\n<p><script async src=\"https:\/\/platform.twitter.com\/widgets.js\" charset=\"utf-8\"><\/script><br \/>\nhttps:\/\/twitter.com\/v_i_o_l_a\/status\/1408516873365434381<\/p>\n<blockquote class=\"twitter-tweet\" data-width=\"550\" data-dnt=\"true\">\n<p lang=\"de\" dir=\"ltr\">Niederl\u00e4ndischlehrer:innen und -sch\u00fcler:innen in NRW und Niedersachsen sind herzlich eingeladen, an der Umfrage \u201eLiterarische Texte im <a href=\"https:\/\/twitter.com\/hashtag\/Niederl%C3%A4ndischunterricht?src=hash&amp;ref_src=twsrc%5Etfw\">#Niederl\u00e4ndischunterricht<\/a>\u201c teilzunehmen! <a href=\"https:\/\/t.co\/q2cezwl9fL\">https:\/\/t.co\/q2cezwl9fL<\/a><\/p>\n<p>&mdash; FID Benelux \u2013 @FID_Benelux@openbiblio.social (@FIDBenelux) <a href=\"https:\/\/twitter.com\/FIDBenelux\/status\/1408408070833807364?ref_src=twsrc%5Etfw\">June 25, 2021<\/a><\/p><\/blockquote>\n<p><script async src=\"https:\/\/platform.twitter.com\/widgets.js\" charset=\"utf-8\"><\/script><\/p>\n<blockquote class=\"twitter-tweet\" data-width=\"550\" data-dnt=\"true\">\n<p lang=\"en\" dir=\"ltr\">Types of hand sanitiser:<\/p>\n<p>1. Thin\/highly squirtable<br \/>2. Vodka <br \/>3. Petrol <br \/>4. Sticky <br \/>5. Empty<\/p>\n<p>&mdash; VeryBritishProblems (@SoVeryBritish) <a href=\"https:\/\/twitter.com\/SoVeryBritish\/status\/1408514408603697166?ref_src=twsrc%5Etfw\">June 25, 2021<\/a><\/p><\/blockquote>\n<p><script async src=\"https:\/\/platform.twitter.com\/widgets.js\" charset=\"utf-8\"><\/script><\/p>\n<blockquote class=\"twitter-tweet\" data-width=\"550\" data-dnt=\"true\">\n<p lang=\"de\" dir=\"ltr\">&#39;nacht allerseits, und sch\u00f6nes wochenende, trotz allem!<\/p>\n<p>&mdash; viola vo\u00df (@v_i_o_l_a) <a href=\"https:\/\/twitter.com\/v_i_o_l_a\/status\/1408520017961013251?ref_src=twsrc%5Etfw\">June 25, 2021<\/a><\/p><\/blockquote>\n<p><script async src=\"https:\/\/platform.twitter.com\/widgets.js\" charset=\"utf-8\"><\/script><\/p>\n","protected":false},"excerpt":{"rendered":"<p>&#39;morgen! &mdash; viola vo\u00df (@v_i_o_l_a) June 25, 2021 https:\/\/twitter.com\/v_i_o_l_a\/status\/1408301470114586627 &quot;Wenn ein Mann zur\u00fcckweicht, weicht er zur\u00fcck. Eine Frau weicht nur zur\u00fcck, um besser Anlauf nehmen zu k\u00f6nnen.&quot; (Zsa Zsa Gabor, 1917-2016, US-amerikanisch-ungarische Schauspielerin) [via https:\/\/t.co\/L4VYhltLO1] &mdash; viola vo\u00df (@v_i_o_l_a) June 25, 2021 Eben an Grundschulhof vorbeigeradelt, Pause. H\u00f6re nur den begeisterten Ruf &quot;Leon Goretzka!&quot; Welt [&hellip;]<\/p>\n","protected":false},"author":1,"featured_media":0,"comment_status":"open","ping_status":"open","sticky":false,"template":"","format":"standard","meta":{"footnotes":""},"categories":[36],"tags":[],"class_list":["post-12299","post","type-post","status-publish","format-standard","hentry","category-twitter"],"_links":{"self":[{"href":"https:\/\/www.x-v-x.de\/blog\/index.php?rest_route=\/wp\/v2\/posts\/12299","targetHints":{"allow":["GET"]}}],"collection":[{"href":"https:\/\/www.x-v-x.de\/blog\/index.php?rest_route=\/wp\/v2\/posts"}],"about":[{"href":"https:\/\/www.x-v-x.de\/blog\/index.php?rest_route=\/wp\/v2\/types\/post"}],"author":[{"embeddable":true,"href":"https:\/\/www.x-v-x.de\/blog\/index.php?rest_route=\/wp\/v2\/users\/1"}],"replies":[{"embeddable":true,"href":"https:\/\/www.x-v-x.de\/blog\/index.php?rest_route=%2Fwp%2Fv2%2Fcomments&post=12299"}],"version-history":[{"count":0,"href":"https:\/\/www.x-v-x.de\/blog\/index.php?rest_route=\/wp\/v2\/posts\/12299\/revisions"}],"wp:attachment":[{"href":"https:\/\/www.x-v-x.de\/blog\/index.php?rest_route=%2Fwp%2Fv2%2Fmedia&parent=12299"}],"wp:term":[{"taxonomy":"category","embeddable":true,"href":"https:\/\/www.x-v-x.de\/blog\/index.php?rest_route=%2Fwp%2Fv2%2Fcategories&post=12299"},{"taxonomy":"post_tag","embeddable":true,"href":"https:\/\/www.x-v-x.de\/blog\/index.php?rest_route=%2Fwp%2Fv2%2Ftags&post=12299"}],"curies":[{"name":"wp","href":"https:\/\/api.w.org\/{rel}","templated":true}]}}