{"id":12431,"date":"2021-08-20T15:19:04","date_gmt":"2021-08-20T13:19:04","guid":{"rendered":"https:\/\/www.x-v-x.de\/blog\/?p=12431"},"modified":"2021-08-28T15:19:17","modified_gmt":"2021-08-28T13:19:17","slug":"tweets-2021-08-19","status":"publish","type":"post","link":"https:\/\/www.x-v-x.de\/blog\/?p=12431","title":{"rendered":"tweets | 2021-08-19"},"content":{"rendered":"<blockquote class=\"twitter-tweet\" data-width=\"550\" data-dnt=\"true\">\n<p lang=\"nl\" dir=\"ltr\">&#39;morgen!<\/p>\n<p>&mdash; viola vo\u00df (@v_i_o_l_a) <a href=\"https:\/\/twitter.com\/v_i_o_l_a\/status\/1428212082424619011?ref_src=twsrc%5Etfw\">August 19, 2021<\/a><\/p><\/blockquote>\n<p><script async src=\"https:\/\/platform.twitter.com\/widgets.js\" charset=\"utf-8\"><\/script><\/p>\n<blockquote class=\"twitter-tweet\" data-width=\"550\" data-dnt=\"true\">\n<p lang=\"de\" dir=\"ltr\">&quot;Am schlimmsten ist die Einsamkeit zu zweit.&quot; (Erich K\u00e4stner, 1899-1974, dt. Schriftsteller) [via <a href=\"https:\/\/t.co\/L4VYhltLO1\">https:\/\/t.co\/L4VYhltLO1<\/a>]<\/p>\n<p>&mdash; viola vo\u00df (@v_i_o_l_a) <a href=\"https:\/\/twitter.com\/v_i_o_l_a\/status\/1428214892293672960?ref_src=twsrc%5Etfw\">August 19, 2021<\/a><\/p><\/blockquote>\n<p><script async src=\"https:\/\/platform.twitter.com\/widgets.js\" charset=\"utf-8\"><\/script><\/p>\n<blockquote class=\"twitter-tweet\" data-width=\"550\" data-dnt=\"true\">\n<p lang=\"de\" dir=\"ltr\">Damals wie heute: <\/p>\n<p>Hospes eram et colligistis me. <\/p>\n<p>Ich war ein Fremder und du hie\u00dfest mich willkommen. <\/p>\n<p> Kupferstich von Pierre Firens (1580-1638) nach:<\/p>\n<p>Die sieben Werke der Barmherzigkeit, nach M. de Vos, <\/p>\n<p>(c) @herzogantonulrichmuseum <a href=\"https:\/\/t.co\/MrQqS4Nucr\">pic.twitter.com\/MrQqS4Nucr<\/a><\/p>\n<p>&mdash; MychalSimka (@wilsberg) <a href=\"https:\/\/twitter.com\/wilsberg\/status\/1428171411126947850?ref_src=twsrc%5Etfw\">August 19, 2021<\/a><\/p><\/blockquote>\n<p><script async src=\"https:\/\/platform.twitter.com\/widgets.js\" charset=\"utf-8\"><\/script><\/p>\n<blockquote class=\"twitter-tweet\" data-width=\"550\" data-dnt=\"true\">\n<p lang=\"en\" dir=\"ltr\">Interested in a quick walk-through of the new Query Builder? Here you go! <a href=\"https:\/\/t.co\/ZXItbHiSOK\">pic.twitter.com\/ZXItbHiSOK<\/a><\/p>\n<p>&mdash; Wikidata (@wikidata) <a href=\"https:\/\/twitter.com\/wikidata\/status\/1428090443875618818?ref_src=twsrc%5Etfw\">August 18, 2021<\/a><\/p><\/blockquote>\n<p><script async src=\"https:\/\/platform.twitter.com\/widgets.js\" charset=\"utf-8\"><\/script><\/p>\n<blockquote class=\"twitter-tweet\" data-width=\"550\" data-dnt=\"true\">\n<p lang=\"en\" dir=\"ltr\">This is a timely blog post for me &#8212; I attended my first LCSH editorial meeting last week (they are open to the public). I found it eye opening! Written by an MLIS student. <br \/>Exploring Bias and Library of Congress Subject Headings \u2013 Smithsonian Libraries <a href=\"https:\/\/t.co\/mXAH2s2CHQ\">https:\/\/t.co\/mXAH2s2CHQ<\/a> <a href=\"https:\/\/t.co\/gTOHaSg9bf\">pic.twitter.com\/gTOHaSg9bf<\/a><\/p>\n<p>&mdash; Merrilee Proffitt (@MerrileeIAm) <a href=\"https:\/\/twitter.com\/MerrileeIAm\/status\/1427994200008794118?ref_src=twsrc%5Etfw\">August 18, 2021<\/a><\/p><\/blockquote>\n<p><script async src=\"https:\/\/platform.twitter.com\/widgets.js\" charset=\"utf-8\"><\/script><\/p>\n<blockquote class=\"twitter-tweet\" data-width=\"550\" data-dnt=\"true\">\n<p lang=\"en\" dir=\"ltr\">This French-language newspaper, Le D\u00e9mocrate de St. Martinville, was printed in Louisiana in 1865. Due to paper shortages brought on by the war, it was printed on the back of this rather elegant floral wallpaper. <a href=\"https:\/\/twitter.com\/hashtag\/newspapers?src=hash&amp;ref_src=twsrc%5Etfw\">#newspapers<\/a> <a href=\"https:\/\/twitter.com\/hashtag\/wallpaper?src=hash&amp;ref_src=twsrc%5Etfw\">#wallpaper<\/a> <a href=\"https:\/\/twitter.com\/hashtag\/printinghistory?src=hash&amp;ref_src=twsrc%5Etfw\">#printinghistory<\/a><a href=\"https:\/\/t.co\/4pQ9ReUoAp\">https:\/\/t.co\/4pQ9ReUoAp<\/a> <a href=\"https:\/\/t.co\/pDADgFl7uJ\">pic.twitter.com\/pDADgFl7uJ<\/a><\/p>\n<p>&mdash; American Antiquarian Society (@AmAntiquarian) <a href=\"https:\/\/twitter.com\/AmAntiquarian\/status\/1428061034212954112?ref_src=twsrc%5Etfw\">August 18, 2021<\/a><\/p><\/blockquote>\n<p><script async src=\"https:\/\/platform.twitter.com\/widgets.js\" charset=\"utf-8\"><\/script><\/p>\n<blockquote class=\"twitter-tweet\" data-width=\"550\" data-dnt=\"true\">\n<p lang=\"de\" dir=\"ltr\"><a href=\"https:\/\/twitter.com\/hashtag\/druckfrisch?src=hash&amp;ref_src=twsrc%5Etfw\">#druckfrisch<\/a><\/p>\n<p>M. Beine u.a. (Hg): &quot;Ein westf\u00e4lischer Jude in der Preu\u00dfischen Armee&quot; (VHK NF 77)<\/p>\n<p>Das Tagebuch Isaac L\u00f6wensteins gibt Einblick in die Welt eines jungen Rekruten &amp; ist faszinierende Quelle zur deutsch-j\u00fcdische Identit\u00e4t des fr\u00fchen 19. Jh.<a href=\"https:\/\/t.co\/QNGpapsOKg\">https:\/\/t.co\/QNGpapsOKg<\/a> <a href=\"https:\/\/t.co\/TETLNrqvVY\">pic.twitter.com\/TETLNrqvVY<\/a><\/p>\n<p>&mdash; Historische Kommission f\u00fcr Westfalen (@LWL_HiKo) <a href=\"https:\/\/twitter.com\/LWL_HiKo\/status\/1428246230694510593?ref_src=twsrc%5Etfw\">August 19, 2021<\/a><\/p><\/blockquote>\n<p><script async src=\"https:\/\/platform.twitter.com\/widgets.js\" charset=\"utf-8\"><\/script><\/p>\n<blockquote class=\"twitter-tweet\" data-width=\"550\" data-dnt=\"true\">\n<p lang=\"de\" dir=\"ltr\">Es geht auf den Herbst zu. <a href=\"https:\/\/t.co\/wGTAvEgNdx\">pic.twitter.com\/wGTAvEgNdx<\/a><\/p>\n<p>&mdash; Knut Cordsen (@CordsenKnut) <a href=\"https:\/\/twitter.com\/CordsenKnut\/status\/1428246898876502016?ref_src=twsrc%5Etfw\">August 19, 2021<\/a><\/p><\/blockquote>\n<p><script async src=\"https:\/\/platform.twitter.com\/widgets.js\" charset=\"utf-8\"><\/script><\/p>\n<blockquote class=\"twitter-tweet\" data-width=\"550\" data-dnt=\"true\">\n<p lang=\"de\" dir=\"ltr\">Die <a href=\"https:\/\/twitter.com\/FU_Berlin?ref_src=twsrc%5Etfw\">@FU_Berlin<\/a> hat das Ziel, bis 2025 <a href=\"https:\/\/twitter.com\/hashtag\/klimaneutral?src=hash&amp;ref_src=twsrc%5Etfw\">#klimaneutral<\/a> zu sein. Auch die <a href=\"https:\/\/twitter.com\/hashtag\/Bibliotheken?src=hash&amp;ref_src=twsrc%5Etfw\">#Bibliotheken<\/a> unterst\u00fctzen nachhaltiges Handeln. Eine Idee ist, Druck- und Kopierger\u00e4te zu reduzieren &amp; durch bessere Scanm\u00f6glichkeiten zu ersetzen. An unsere Vor-Ort-Nutzenden: Kennt ihr schon Scanzelte? 1\/ 2 <a href=\"https:\/\/t.co\/DTcdJJIs5Y\">pic.twitter.com\/DTcdJJIs5Y<\/a><\/p>\n<p>&mdash; Universit\u00e4tsbibliothek der Freien Universit\u00e4t (@Biblio_FUBerlin) <a href=\"https:\/\/twitter.com\/Biblio_FUBerlin\/status\/1427928737224564745?ref_src=twsrc%5Etfw\">August 18, 2021<\/a><\/p><\/blockquote>\n<p><script async src=\"https:\/\/platform.twitter.com\/widgets.js\" charset=\"utf-8\"><\/script><\/p>\n<blockquote class=\"twitter-tweet\" data-width=\"550\" data-dnt=\"true\">\n<p lang=\"de\" dir=\"ltr\">Bin skeptisch, weil ich mich frage, ob die Qualit\u00e4t der Scans dann von der Qualit\u00e4t meines Handys bzw. der Kamera abh\u00e4ngt? Sind die Scan-Apps auch f\u00fcr Texte in nicht-lateinischen Schriften geeignet (insbesondere die anvisierte OCR)?<\/p>\n<p>&mdash; Cosima Wagner (@cosima_wagner@openbiblio.social) (@WagnerCosima) <a href=\"https:\/\/twitter.com\/WagnerCosima\/status\/1428056620483891200?ref_src=twsrc%5Etfw\">August 18, 2021<\/a><\/p><\/blockquote>\n<p><script async src=\"https:\/\/platform.twitter.com\/widgets.js\" charset=\"utf-8\"><\/script><\/p>\n<blockquote class=\"twitter-tweet\" data-width=\"550\" data-dnt=\"true\">\n<p lang=\"de\" dir=\"ltr\">Liebe Cosima, danke f\u00fcr die R\u00fcckmeldung. Die <a href=\"https:\/\/twitter.com\/SLUBdresden?ref_src=twsrc%5Etfw\">@SLUBdresden<\/a><br \/>  hat dazu ein tolles Video gemacht, das deine Fragen zumindest z.T. beantwortet: <a href=\"https:\/\/t.co\/kM7hi5I2WQ\">https:\/\/t.co\/kM7hi5I2WQ<\/a> (ab min. 3:00).<\/p>\n<p>&mdash; Universit\u00e4tsbibliothek der Freien Universit\u00e4t (@Biblio_FUBerlin) <a href=\"https:\/\/twitter.com\/Biblio_FUBerlin\/status\/1428247175604092933?ref_src=twsrc%5Etfw\">August 19, 2021<\/a><\/p><\/blockquote>\n<p><script async src=\"https:\/\/platform.twitter.com\/widgets.js\" charset=\"utf-8\"><\/script><\/p>\n<blockquote class=\"twitter-tweet\" data-width=\"550\" data-dnt=\"true\">\n<p lang=\"de\" dir=\"ltr\">19. August 1889: Auf dem Eiffelturm werden meteorologische Beobachtungen durchgef\u00fchrt. Ein Blitzeinschlag durch ein unerwartet aufgezogenes Gewitter liefert neue Erkenntnisse f\u00fcr die Wissenschaft. Durch installierte Blitzableiter merken Personen auf der Plattform kaum etwas. <a href=\"https:\/\/t.co\/W3AkRdX81X\">pic.twitter.com\/W3AkRdX81X<\/a><\/p>\n<p>&mdash; Intimvitrine (@intim_vitrine) <a href=\"https:\/\/twitter.com\/intim_vitrine\/status\/1428205632415543299?ref_src=twsrc%5Etfw\">August 19, 2021<\/a><\/p><\/blockquote>\n<p><script async src=\"https:\/\/platform.twitter.com\/widgets.js\" charset=\"utf-8\"><\/script><\/p>\n<blockquote class=\"twitter-tweet\" data-width=\"550\" data-dnt=\"true\">\n<p lang=\"en\" dir=\"ltr\">&quot;Talking to science deniers &amp; sceptics is not hopeless&quot; <a href=\"https:\/\/t.co\/A7obsSAa0k\">https:\/\/t.co\/A7obsSAa0k<\/a> &quot;Although I didn\u2019t convince any flat-earthers [\u2026] I did learn how to get them to listen. I let them speak, then followed up with questions once the dialogue was rolling.&quot; [via <a href=\"https:\/\/twitter.com\/zeitwissen?ref_src=twsrc%5Etfw\">@zeitwissen<\/a>-newsletter]<\/p>\n<p>&mdash; viola vo\u00df (@v_i_o_l_a) <a href=\"https:\/\/twitter.com\/v_i_o_l_a\/status\/1428250724404760582?ref_src=twsrc%5Etfw\">August 19, 2021<\/a><\/p><\/blockquote>\n<p><script async src=\"https:\/\/platform.twitter.com\/widgets.js\" charset=\"utf-8\"><\/script><\/p>\n<blockquote class=\"twitter-tweet\" data-width=\"550\" data-dnt=\"true\">\n<p lang=\"de\" dir=\"ltr\">Unsere Ministerin Karliczek glaubt, Wissenschaftler*innen m\u00fcssten etwas \u201eerfinden\u201c, um ihr Geld wert zu sein. Ich dagegen bin sehr froh, wenn z. B. Historiker nichts \u201eerfinden\u201c.<\/p>\n<p>&mdash; Stamm-Kuhlmann (@StammKuhlmann) <a href=\"https:\/\/twitter.com\/StammKuhlmann\/status\/1420350648512651268?ref_src=twsrc%5Etfw\">July 28, 2021<\/a><\/p><\/blockquote>\n<p><script async src=\"https:\/\/platform.twitter.com\/widgets.js\" charset=\"utf-8\"><\/script><\/p>\n<blockquote class=\"twitter-tweet\" data-width=\"550\" data-dnt=\"true\">\n<p lang=\"en\" dir=\"ltr\">Fabulous news! Public Library of the Year &#8211; Deichman Bj\u00f8rvika in Oslo has been named as the world\u2019s best new public library. <a href=\"https:\/\/twitter.com\/IFLA?ref_src=twsrc%5Etfw\">@IFLA<\/a> <a href=\"https:\/\/twitter.com\/hashtag\/libraries?src=hash&amp;ref_src=twsrc%5Etfw\">#libraries<\/a> <a href=\"https:\/\/twitter.com\/hashtag\/librarytourism?src=hash&amp;ref_src=twsrc%5Etfw\">#librarytourism<\/a> #librarydesign#publiclibraries Can&#39;t wait to visit <a href=\"https:\/\/twitter.com\/hashtag\/ploty21?src=hash&amp;ref_src=twsrc%5Etfw\">#ploty21<\/a> <a href=\"https:\/\/t.co\/RuC6NHlYuU\">pic.twitter.com\/RuC6NHlYuU<\/a><\/p>\n<p>&mdash; liz McGettigan (@lizmcgettigan) <a href=\"https:\/\/twitter.com\/lizmcgettigan\/status\/1428295345415540739?ref_src=twsrc%5Etfw\">August 19, 2021<\/a><\/p><\/blockquote>\n<p><script async src=\"https:\/\/platform.twitter.com\/widgets.js\" charset=\"utf-8\"><\/script><br \/>\nhttps:\/\/twitter.com\/v_i_o_l_a\/status\/1428296257815126016<\/p>\n<blockquote class=\"twitter-tweet\" data-width=\"550\" data-dnt=\"true\">\n<p lang=\"en\" dir=\"ltr\">If enough people visit, we&#39;ll be able to afford to buy this guy a shirt. <a href=\"https:\/\/t.co\/7tQbwXf4Wk\">https:\/\/t.co\/7tQbwXf4Wk<\/a><\/p>\n<p>&mdash; Fishbourne Roman Palace (@romanpalace) <a href=\"https:\/\/twitter.com\/romanpalace\/status\/1428253514514501632?ref_src=twsrc%5Etfw\">August 19, 2021<\/a><\/p><\/blockquote>\n<p><script async src=\"https:\/\/platform.twitter.com\/widgets.js\" charset=\"utf-8\"><\/script><\/p>\n<blockquote class=\"twitter-tweet\" data-width=\"550\" data-dnt=\"true\">\n<p lang=\"de\" dir=\"ltr\">Gestern ist die Plattform <a href=\"https:\/\/t.co\/Q9QzcDVKC3\">https:\/\/t.co\/Q9QzcDVKC3<\/a> (CC <a href=\"https:\/\/twitter.com\/DrThomasErnst?ref_src=twsrc%5Etfw\">@DrThomasErnst<\/a>) online gegangen. Passend dazu gibt es vom 6.-8.9. auch eine Tagung! Wir freuen uns, dass sie im Rahmen der <a href=\"https:\/\/twitter.com\/hashtag\/vDHd2021?src=hash&amp;ref_src=twsrc%5Etfw\">#vDHd2021<\/a> stattfinden kann! Man kann sich noch zur aktiven Teilnahme bewerben (bis 30.8.)!<a href=\"https:\/\/twitter.com\/hashtag\/NLW?src=hash&amp;ref_src=twsrc%5Etfw\">#NLW<\/a> <a href=\"https:\/\/t.co\/bTxnzZy6TH\">pic.twitter.com\/bTxnzZy6TH<\/a><\/p>\n<p>&mdash; vDHd2021 (@vDHd2021) <a href=\"https:\/\/twitter.com\/vDHd2021\/status\/1428286595464114178?ref_src=twsrc%5Etfw\">August 19, 2021<\/a><\/p><\/blockquote>\n<p><script async src=\"https:\/\/platform.twitter.com\/widgets.js\" charset=\"utf-8\"><\/script><\/p>\n<blockquote class=\"twitter-tweet\" data-width=\"550\" data-dnt=\"true\">\n<p lang=\"en\" dir=\"ltr\">It is <a href=\"https:\/\/twitter.com\/hashtag\/WorldPhotographyDay?src=hash&amp;ref_src=twsrc%5Etfw\">#WorldPhotographyDay<\/a>.<\/p>\n<p>It&#39;s world-something-day pretty much every day. We don&#39;t acknowledge all of them (<a href=\"https:\/\/twitter.com\/hashtag\/WorldMosquitoDay?src=hash&amp;ref_src=twsrc%5Etfw\">#WorldMosquitoDay<\/a> day will pass tomorrow without library comment) but today we&#39;ll celebrate with a favourite pic by our photographer Paul Shields. <\/p>\n<p>Love this one. <a href=\"https:\/\/t.co\/3cxSTLcV1Y\">pic.twitter.com\/3cxSTLcV1Y<\/a><\/p>\n<p>&mdash; Uni Of York Library (@UoYLibrary) <a href=\"https:\/\/twitter.com\/UoYLibrary\/status\/1428283249474871303?ref_src=twsrc%5Etfw\">August 19, 2021<\/a><\/p><\/blockquote>\n<p><script async src=\"https:\/\/platform.twitter.com\/widgets.js\" charset=\"utf-8\"><\/script><br \/>\nhttps:\/\/twitter.com\/v_i_o_l_a\/status\/1428297518979461123<\/p>\n<blockquote class=\"twitter-tweet\" data-width=\"550\" data-dnt=\"true\">\n<p lang=\"en\" dir=\"ltr\">LIBER\u2019s first-ever Winter Event will take place from 10-11 December this year! We invite proposals for <a href=\"https:\/\/twitter.com\/hashtag\/workshops?src=hash&amp;ref_src=twsrc%5Etfw\">#workshops<\/a>, lightning talks, and <a href=\"https:\/\/twitter.com\/hashtag\/demos?src=hash&amp;ref_src=twsrc%5Etfw\">#demos<\/a>, to showcase the work carried out through the projects in which LIBER is involved as a partner. <\/p>\n<p>Read more here: <a href=\"https:\/\/t.co\/WgO83anKtF\">https:\/\/t.co\/WgO83anKtF<\/a> <a href=\"https:\/\/t.co\/XtQGiD4kOi\">pic.twitter.com\/XtQGiD4kOi<\/a><\/p>\n<p>&mdash; LIBER Europe (@LIBEReurope) <a href=\"https:\/\/twitter.com\/LIBEReurope\/status\/1426076172518055936?ref_src=twsrc%5Etfw\">August 13, 2021<\/a><\/p><\/blockquote>\n<p><script async src=\"https:\/\/platform.twitter.com\/widgets.js\" charset=\"utf-8\"><\/script><\/p>\n<blockquote class=\"twitter-tweet\" data-width=\"550\" data-dnt=\"true\">\n<p lang=\"en\" dir=\"ltr\">We&#39;ve been answering your Qs on Instagram, and there&#39;s about 2 hours left before the &#39;ask us stuff!&#39; box disappears from our Stories&#8230;<a href=\"https:\/\/t.co\/T6bXKl4YrQ\">https:\/\/t.co\/T6bXKl4YrQ<\/a><\/p>\n<p>So far we&#39;ve had questions about the library in films, about cold war shelters, about money spent, about Burton raves..<\/p>\n<p>&mdash; Uni Of York Library (@UoYLibrary) <a href=\"https:\/\/twitter.com\/UoYLibrary\/status\/1428280029042122758?ref_src=twsrc%5Etfw\">August 19, 2021<\/a><\/p><\/blockquote>\n<p><script async src=\"https:\/\/platform.twitter.com\/widgets.js\" charset=\"utf-8\"><\/script><br \/>\nhttps:\/\/twitter.com\/v_i_o_l_a\/status\/1428297940968349701<\/p>\n<blockquote class=\"twitter-tweet\" data-width=\"550\" data-dnt=\"true\">\n<p lang=\"en\" dir=\"ltr\">Keynote speaker Johan Rooryck <a href=\"https:\/\/twitter.com\/JohanRooryck?ref_src=twsrc%5Etfw\">@JohanRooryck<\/a> of <a href=\"https:\/\/twitter.com\/cOAlitionS_OA?ref_src=twsrc%5Etfw\">@cOAlitionS_OA<\/a> will speak about &quot;Trends in institutional open access publishing in Europe&quot; at <a href=\"https:\/\/twitter.com\/hashtag\/Munin2021?src=hash&amp;ref_src=twsrc%5Etfw\">#Munin2021<\/a>. Read more here: <a href=\"https:\/\/t.co\/Y1m9OiAfxh\">https:\/\/t.co\/Y1m9OiAfxh<\/a> <a href=\"https:\/\/twitter.com\/hashtag\/Keynote?src=hash&amp;ref_src=twsrc%5Etfw\">#Keynote<\/a> <a href=\"https:\/\/twitter.com\/hashtag\/OpenAccess?src=hash&amp;ref_src=twsrc%5Etfw\">#OpenAccess<\/a> <a href=\"https:\/\/twitter.com\/hashtag\/ScholComm?src=hash&amp;ref_src=twsrc%5Etfw\">#ScholComm<\/a> <a href=\"https:\/\/t.co\/lpTTYTVhtl\">pic.twitter.com\/lpTTYTVhtl<\/a><\/p>\n<p>&mdash; The Munin Conference (@MuninConf) <a href=\"https:\/\/twitter.com\/MuninConf\/status\/1428265477810397185?ref_src=twsrc%5Etfw\">August 19, 2021<\/a><\/p><\/blockquote>\n<p><script async src=\"https:\/\/platform.twitter.com\/widgets.js\" charset=\"utf-8\"><\/script><\/p>\n<blockquote class=\"twitter-tweet\" data-width=\"550\" data-dnt=\"true\">\n<p lang=\"en\" dir=\"ltr\">People who paint delivery vans &#8211; pay attention. <a href=\"https:\/\/t.co\/cVqLnyuf1C\">pic.twitter.com\/cVqLnyuf1C<\/a><\/p>\n<p>&mdash; James May (@MrJamesMay) <a href=\"https:\/\/twitter.com\/MrJamesMay\/status\/1428263982545178627?ref_src=twsrc%5Etfw\">August 19, 2021<\/a><\/p><\/blockquote>\n<p><script async src=\"https:\/\/platform.twitter.com\/widgets.js\" charset=\"utf-8\"><\/script><\/p>\n<blockquote class=\"twitter-tweet\" data-width=\"550\" data-dnt=\"true\">\n<p lang=\"de\" dir=\"ltr\">Man kombiniere <a href=\"https:\/\/twitter.com\/hashtag\/Weltfototag?src=hash&amp;ref_src=twsrc%5Etfw\">#Weltfototag<\/a> und <a href=\"https:\/\/twitter.com\/hashtag\/Weltschleifentag?src=hash&amp;ref_src=twsrc%5Etfw\">#Weltschleifentag<\/a> und erh\u00e4lt das authentische Foto einer Hochzeitsgesellschaft von 1906 mit vielen Fliegen, Blumen, Schnauzern und R\u00fcschen&#8230;schick oder?! Man sieht eine Feier der Familie Ronneberg (s. <a href=\"https:\/\/t.co\/1xvUXI8KnF\">https:\/\/t.co\/1xvUXI8KnF<\/a>) <a href=\"https:\/\/twitter.com\/hashtag\/ThrowbackThursday?src=hash&amp;ref_src=twsrc%5Etfw\">#ThrowbackThursday<\/a> <a href=\"https:\/\/t.co\/D3z5kFSNyi\">pic.twitter.com\/D3z5kFSNyi<\/a><\/p>\n<p>&mdash; Stadtarchiv M\u00fcnster (@StadtarchivMS) <a href=\"https:\/\/twitter.com\/StadtarchivMS\/status\/1428261450330644482?ref_src=twsrc%5Etfw\">August 19, 2021<\/a><\/p><\/blockquote>\n<p><script async src=\"https:\/\/platform.twitter.com\/widgets.js\" charset=\"utf-8\"><\/script><br \/>\nhttps:\/\/twitter.com\/v_i_o_l_a\/status\/1428298529240408066<\/p>\n<blockquote class=\"twitter-tweet\" data-width=\"550\" data-dnt=\"true\">\n<p lang=\"en\" dir=\"ltr\">Twitter before Twitter <a href=\"https:\/\/twitter.com\/UofGlasgowASC?ref_src=twsrc%5Etfw\">@UofGlasgowASC<\/a> Sp Coll Hunterian Ae.5.12 <a href=\"https:\/\/t.co\/c0lFIUrRSg\">https:\/\/t.co\/c0lFIUrRSg<\/a> <a href=\"https:\/\/t.co\/0FB0yYxyqB\">pic.twitter.com\/0FB0yYxyqB<\/a><\/p>\n<p>&mdash; Robert MacLean (@bob_maclean) <a href=\"https:\/\/twitter.com\/bob_maclean\/status\/1428029936439341061?ref_src=twsrc%5Etfw\">August 18, 2021<\/a><\/p><\/blockquote>\n<p><script async src=\"https:\/\/platform.twitter.com\/widgets.js\" charset=\"utf-8\"><\/script><br \/>\nhttps:\/\/twitter.com\/v_i_o_l_a\/status\/1428298752012476419<\/p>\n<blockquote class=\"twitter-tweet\" data-width=\"550\" data-dnt=\"true\">\n<p lang=\"de\" dir=\"ltr\">Auf der Suche nach einem Forschungsprojekt zum deutschen Verlagswesen? Das <a href=\"https:\/\/twitter.com\/DLAMarbach?ref_src=twsrc%5Etfw\">@DLAMarbach<\/a>  beherbergt die Archive zahlreicher renommierter Verlage (z.B. Insel-Verlag, S.Fischer-Verlag und R. Piper und Co.). Die vollst\u00e4ndige Liste finden Sie hier: <a href=\"https:\/\/t.co\/7TfQRf6qu2\">https:\/\/t.co\/7TfQRf6qu2<\/a> <a href=\"https:\/\/t.co\/gHjGfPVJWA\">pic.twitter.com\/gHjGfPVJWA<\/a><\/p>\n<p>&mdash; FID BBI (@FID_BBI) <a href=\"https:\/\/twitter.com\/FID_BBI\/status\/1428250427376680966?ref_src=twsrc%5Etfw\">August 19, 2021<\/a><\/p><\/blockquote>\n<p><script async src=\"https:\/\/platform.twitter.com\/widgets.js\" charset=\"utf-8\"><\/script><br \/>\nhttps:\/\/twitter.com\/v_i_o_l_a\/status\/1428298842328469506<br \/>\nhttps:\/\/twitter.com\/v_i_o_l_a\/status\/1428299061254295552<\/p>\n<blockquote class=\"twitter-tweet\" data-width=\"550\" data-dnt=\"true\">\n<p lang=\"de\" dir=\"ltr\">Kennen Sie schon \u2026 den European Virtual OPAC for Chinese Studies? <a href=\"https:\/\/t.co\/qdEjdK1gHB\">https:\/\/t.co\/qdEjdK1gHB<\/a><\/p>\n<p>&mdash; ULB_MS_FachInfo (@ULB_MS_FachInfo) <a href=\"https:\/\/twitter.com\/ULB_MS_FachInfo\/status\/1428238737864073218?ref_src=twsrc%5Etfw\">August 19, 2021<\/a><\/p><\/blockquote>\n<p><script async src=\"https:\/\/platform.twitter.com\/widgets.js\" charset=\"utf-8\"><\/script><\/p>\n<blockquote class=\"twitter-tweet\" data-width=\"550\" data-dnt=\"true\">\n<p lang=\"no\" dir=\"ltr\">Kennen Sie schon \u2026 \u201eNorsk litteraturkritikk\u201c? <a href=\"https:\/\/t.co\/qNzwo76Brp\">https:\/\/t.co\/qNzwo76Brp<\/a><\/p>\n<p>&mdash; ULB_MS_FachInfo (@ULB_MS_FachInfo) <a href=\"https:\/\/twitter.com\/ULB_MS_FachInfo\/status\/1428238732814073856?ref_src=twsrc%5Etfw\">August 19, 2021<\/a><\/p><\/blockquote>\n<p><script async src=\"https:\/\/platform.twitter.com\/widgets.js\" charset=\"utf-8\"><\/script><\/p>\n<blockquote class=\"twitter-tweet\" data-width=\"550\" data-dnt=\"true\">\n<p lang=\"en\" dir=\"ltr\">&quot;\u2018They deserve a place in history\u2019: music teacher makes map of female composers&quot; by <a href=\"https:\/\/twitter.com\/ashifa_k?ref_src=twsrc%5Etfw\">@ashifa_k<\/a>: <a href=\"https:\/\/t.co\/nAhpj90uVR\">https:\/\/t.co\/nAhpj90uVR<\/a><\/p>\n<p>&mdash; viola vo\u00df (@v_i_o_l_a) <a href=\"https:\/\/twitter.com\/v_i_o_l_a\/status\/1428300537469014017?ref_src=twsrc%5Etfw\">August 19, 2021<\/a><\/p><\/blockquote>\n<p><script async src=\"https:\/\/platform.twitter.com\/widgets.js\" charset=\"utf-8\"><\/script><\/p>\n<blockquote class=\"twitter-tweet\" data-width=\"550\" data-dnt=\"true\">\n<p lang=\"en\" dir=\"ltr\">Dozens of recent Australian Research Council grant applications are rejected (\u201cineligible\u201d) for citing preprints. Devastating and ridiculous! <a href=\"https:\/\/t.co\/ynonT6EbIa\">https:\/\/t.co\/ynonT6EbIa<\/a><\/p>\n<p>&mdash; Fiona Fidler (@fidlerfm) <a href=\"https:\/\/twitter.com\/fidlerfm\/status\/1428123909434404865?ref_src=twsrc%5Etfw\">August 18, 2021<\/a><\/p><\/blockquote>\n<p><script async src=\"https:\/\/platform.twitter.com\/widgets.js\" charset=\"utf-8\"><\/script><br \/>\nhttps:\/\/twitter.com\/v_i_o_l_a\/status\/1428316517616263175<br \/>\nhttps:\/\/twitter.com\/v_i_o_l_a\/status\/1428317116105564165<br \/>\nhttps:\/\/twitter.com\/v_i_o_l_a\/status\/1428402669866168320<br \/>\nhttps:\/\/twitter.com\/v_i_o_l_a\/status\/1428404637137346567<\/p>\n<blockquote class=\"twitter-tweet\" data-width=\"550\" data-dnt=\"true\">\n<p lang=\"de\" dir=\"ltr\">Wir freuen uns sehr, dass am 4.9. wieder die Lange Nacht der Museen und Galerien stattfinden wird. Von 16 bis 24 Uhr k\u00f6nnt Ihr durch M\u00fcnsters Museen und Galerien streifen und Kultur genie\u00dfen. <a href=\"https:\/\/twitter.com\/hashtag\/schauraum?src=hash&amp;ref_src=twsrc%5Etfw\">#schauraum<\/a> 1\/2 <a href=\"https:\/\/t.co\/dbDoeArn3T\">pic.twitter.com\/dbDoeArn3T<\/a><\/p>\n<p>&mdash; Bibelmuseum M\u00fcnster (@Bibelmuseum) <a href=\"https:\/\/twitter.com\/Bibelmuseum\/status\/1428405627794202629?ref_src=twsrc%5Etfw\">August 19, 2021<\/a><\/p><\/blockquote>\n<p><script async src=\"https:\/\/platform.twitter.com\/widgets.js\" charset=\"utf-8\"><\/script><br \/>\nhttps:\/\/twitter.com\/v_i_o_l_a\/status\/1428406076010082308<\/p>\n<blockquote class=\"twitter-tweet\" data-width=\"550\" data-dnt=\"true\">\n<p lang=\"de\" dir=\"ltr\">Entscheidendes schon wieder verpasst&#8230; <a href=\"https:\/\/twitter.com\/hashtag\/Tokyo2020?src=hash&amp;ref_src=twsrc%5Etfw\">#Tokyo2020<\/a> <a href=\"https:\/\/t.co\/yjsmG6ITTf\">pic.twitter.com\/yjsmG6ITTf<\/a><\/p>\n<p>&mdash; Holger Gertz (@Gertz68) <a href=\"https:\/\/twitter.com\/Gertz68\/status\/1424048782094733318?ref_src=twsrc%5Etfw\">August 7, 2021<\/a><\/p><\/blockquote>\n<p><script async src=\"https:\/\/platform.twitter.com\/widgets.js\" charset=\"utf-8\"><\/script><br \/>\nhttps:\/\/twitter.com\/v_i_o_l_a\/status\/1428426017123835908<\/p>\n<blockquote class=\"twitter-tweet\" data-width=\"550\" data-dnt=\"true\">\n<p lang=\"en\" dir=\"ltr\">&quot;Rituals are also a great way to create space for people to open up. Try &#39;High, Low, Ha,&#39; where each person shares one highlight from their week, one low point, and one thing that made them laugh.&quot; YES!<\/p>\n<p>Great piece from <a href=\"https:\/\/twitter.com\/fosslien?ref_src=twsrc%5Etfw\">@fosslien<\/a> &amp; <a href=\"https:\/\/twitter.com\/HarvardBiz?ref_src=twsrc%5Etfw\">@HarvardBiz<\/a>:<a href=\"https:\/\/t.co\/xvpDlaz1xb\">https:\/\/t.co\/xvpDlaz1xb<\/a><\/p>\n<p>&mdash; Erica Keswin (@Erica_Keswin) <a href=\"https:\/\/twitter.com\/Erica_Keswin\/status\/1428356227252191244?ref_src=twsrc%5Etfw\">August 19, 2021<\/a><\/p><\/blockquote>\n<p><script async src=\"https:\/\/platform.twitter.com\/widgets.js\" charset=\"utf-8\"><\/script><br \/>\nhttps:\/\/twitter.com\/v_i_o_l_a\/status\/1428426455487324164<\/p>\n<blockquote class=\"twitter-tweet\" data-width=\"550\" data-dnt=\"true\">\n<p lang=\"en\" dir=\"ltr\">Do you already know the &quot;Scholarly Communications Toolkit&quot; by the <a href=\"https:\/\/twitter.com\/britishlibrary?ref_src=twsrc%5Etfw\">@britishlibrary<\/a>?<a href=\"https:\/\/twitter.com\/hashtag\/openaccess?src=hash&amp;ref_src=twsrc%5Etfw\">#openaccess<\/a> <a href=\"https:\/\/twitter.com\/hashtag\/FDM?src=hash&amp;ref_src=twsrc%5Etfw\">#FDM<\/a> <a href=\"https:\/\/twitter.com\/hashtag\/creativecommons?src=hash&amp;ref_src=twsrc%5Etfw\">#creativecommons<\/a><a href=\"https:\/\/t.co\/fnVeb861H9\">https:\/\/t.co\/fnVeb861H9<\/a><br \/>A Thread!<\/p>\n<p>&mdash; Library of Anglo-American Culture &amp; History (@LibraryAAC) <a href=\"https:\/\/twitter.com\/LibraryAAC\/status\/1428404451765891076?ref_src=twsrc%5Etfw\">August 19, 2021<\/a><\/p><\/blockquote>\n<p><script async src=\"https:\/\/platform.twitter.com\/widgets.js\" charset=\"utf-8\"><\/script><\/p>\n<blockquote class=\"twitter-tweet\" data-width=\"550\" data-dnt=\"true\">\n<p lang=\"de\" dir=\"ltr\">Social Pandemedia &#8211; die Corona-Kommunikation via Twitter von <a href=\"https:\/\/twitter.com\/bsb_muenchen?ref_src=twsrc%5Etfw\">@bsb_muenchen<\/a> &amp; uns im Vergleich. Ergebnisse des Superexperiments <a href=\"https:\/\/twitter.com\/hashtag\/twitter101dh?src=hash&amp;ref_src=twsrc%5Etfw\">#twitter101dh<\/a> <a href=\"https:\/\/twitter.com\/vDHd2021?ref_src=twsrc%5Etfw\">@vDHd2021<\/a> von <a href=\"https:\/\/twitter.com\/UWuttke?ref_src=twsrc%5Etfw\">@UWuttke<\/a>, <a href=\"https:\/\/twitter.com\/BibWiss?ref_src=twsrc%5Etfw\">@BibWiss<\/a>, <a href=\"https:\/\/twitter.com\/paul_ramisch?ref_src=twsrc%5Etfw\">@paul_ramisch<\/a> u.a. <a href=\"https:\/\/t.co\/kZ9tAgO8fO\">https:\/\/t.co\/kZ9tAgO8fO<\/a>. Zum Kontext: <a href=\"https:\/\/t.co\/G0scnmQ9Gm\">https:\/\/t.co\/G0scnmQ9Gm<\/a>, <a href=\"https:\/\/t.co\/zHUYPw3lKa\">https:\/\/t.co\/zHUYPw3lKa<\/a> <a href=\"https:\/\/t.co\/9r6wDvpCIt\">pic.twitter.com\/9r6wDvpCIt<\/a><\/p>\n<p>&mdash; Staatsbibliothek zu Berlin (@stabiberlin) <a href=\"https:\/\/twitter.com\/stabiberlin\/status\/1428269468459970562?ref_src=twsrc%5Etfw\">August 19, 2021<\/a><\/p><\/blockquote>\n<p><script async src=\"https:\/\/platform.twitter.com\/widgets.js\" charset=\"utf-8\"><\/script><\/p>\n<blockquote class=\"twitter-tweet\" data-width=\"550\" data-dnt=\"true\">\n<p lang=\"en\" dir=\"ltr\">Gene Roddenberry would have turned 100 years old today. This comic by <a href=\"https:\/\/twitter.com\/Oatmeal?ref_src=twsrc%5Etfw\">@Oatmeal<\/a> is one of my favorite things to read when I feel lost &amp; hopeless. <\/p>\n<p>It\u2019s going to be okay.<a href=\"https:\/\/t.co\/JhQWnAA09A\">https:\/\/t.co\/JhQWnAA09A<\/a><a href=\"https:\/\/twitter.com\/hashtag\/StarTrek?src=hash&amp;ref_src=twsrc%5Etfw\">#StarTrek<\/a> <a href=\"https:\/\/twitter.com\/hashtag\/Roddenberry100?src=hash&amp;ref_src=twsrc%5Etfw\">#Roddenberry100<\/a><\/p>\n<p>&mdash; Name (@mckra1g) <a href=\"https:\/\/twitter.com\/mckra1g\/status\/1428378456904056835?ref_src=twsrc%5Etfw\">August 19, 2021<\/a><\/p><\/blockquote>\n<p><script async src=\"https:\/\/platform.twitter.com\/widgets.js\" charset=\"utf-8\"><\/script><\/p>\n<blockquote class=\"twitter-tweet\" data-width=\"550\" data-dnt=\"true\">\n<p lang=\"en\" dir=\"ltr\">My library totally survived without me, for a whole week. Take your time off!<\/p>\n<p>&mdash; LibraryTheri (she\/her), MLIS (@TheriLynne) <a href=\"https:\/\/twitter.com\/TheriLynne\/status\/1428075104932663303?ref_src=twsrc%5Etfw\">August 18, 2021<\/a><\/p><\/blockquote>\n<p><script async src=\"https:\/\/platform.twitter.com\/widgets.js\" charset=\"utf-8\"><\/script><\/p>\n<blockquote class=\"twitter-tweet\" data-width=\"550\" data-dnt=\"true\">\n<p lang=\"en\" dir=\"ltr\">Library Squeeee! My mom\u2019s little town has less than 700 people. There\u2019s a library in the grocery store.   Adult fiction &amp; non-fiction, youth fiction &amp; non-fiction sections.  Self check out old school style.  This is seriously cool! <a href=\"https:\/\/t.co\/eOK9LdlnBt\">pic.twitter.com\/eOK9LdlnBt<\/a><\/p>\n<p>&mdash; LibraryTheri (she\/her), MLIS (@TheriLynne) <a href=\"https:\/\/twitter.com\/TheriLynne\/status\/1427014891282464771?ref_src=twsrc%5Etfw\">August 15, 2021<\/a><\/p><\/blockquote>\n<p><script async src=\"https:\/\/platform.twitter.com\/widgets.js\" charset=\"utf-8\"><\/script><\/p>\n<blockquote class=\"twitter-tweet\" data-width=\"550\" data-dnt=\"true\">\n<p lang=\"de\" dir=\"ltr\">Die Sammlung Wissenschaftliche Instrumente und Lehrmittel <a href=\"https:\/\/twitter.com\/ETHBibliothek?ref_src=twsrc%5Etfw\">@ETHBibliothek<\/a> hat Bilder ihres <a href=\"https:\/\/twitter.com\/hashtag\/Physik?src=hash&amp;ref_src=twsrc%5Etfw\">#Physik<\/a>-Bestandes (ca. 1&#39;000 Objekte) aufgeschaltet. Darunter auch der legend\u00e4re Fernsehbild-Projektor <a href=\"https:\/\/twitter.com\/hashtag\/Eidophor?src=hash&amp;ref_src=twsrc%5Etfw\">#Eidophor<\/a> von ca. 1948 <a href=\"https:\/\/t.co\/IpXKkscVh9\">https:\/\/t.co\/IpXKkscVh9<\/a><br \/>Ganzer Bestand: <a href=\"https:\/\/t.co\/gJkw4Ox9oL\">https:\/\/t.co\/gJkw4Ox9oL<\/a> <a href=\"https:\/\/t.co\/qqd1hUq1SN\">pic.twitter.com\/qqd1hUq1SN<\/a><\/p>\n<p>&mdash; Michael Gasser (@M_Gasser) <a href=\"https:\/\/twitter.com\/M_Gasser\/status\/1428245005576151041?ref_src=twsrc%5Etfw\">August 19, 2021<\/a><\/p><\/blockquote>\n<p><script async src=\"https:\/\/platform.twitter.com\/widgets.js\" charset=\"utf-8\"><\/script><\/p>\n<blockquote class=\"twitter-tweet\" data-width=\"550\" data-dnt=\"true\">\n<p lang=\"en\" dir=\"ltr\">Emojis aren\u2019t debasing language \u2013 they\u2019re enriching it. <\/p>\n<p>Just as facial expressions and gestures are intrinsic to our face-to-face conversations, it\u2019s easy for us to use <a href=\"https:\/\/twitter.com\/hashtag\/emojis?src=hash&amp;ref_src=twsrc%5Etfw\">#emojis<\/a> in our electronic conversations to fulfil some of the same functions. <a href=\"https:\/\/t.co\/dmDRIZgD3o\">https:\/\/t.co\/dmDRIZgD3o<\/a><\/p>\n<p>&mdash; Markus Trapp (@textundblog) <a href=\"https:\/\/twitter.com\/textundblog\/status\/1428380283494178821?ref_src=twsrc%5Etfw\">August 19, 2021<\/a><\/p><\/blockquote>\n<p><script async src=\"https:\/\/platform.twitter.com\/widgets.js\" charset=\"utf-8\"><\/script><\/p>\n<blockquote class=\"twitter-tweet\" data-width=\"550\" data-dnt=\"true\">\n<p lang=\"de\" dir=\"ltr\">Um B\u00fcrgerinnen und B\u00fcrgern bei der Wahlentscheidung zu helfen, haben Politikwissenschaftler vom <a href=\"https:\/\/twitter.com\/IfPol_WWU?ref_src=twsrc%5Etfw\">@IfPol_WWU<\/a> den <a href=\"https:\/\/twitter.com\/hashtag\/WahlKompass?src=hash&amp;ref_src=twsrc%5Etfw\">#WahlKompass<\/a> entwickelt. Er soll f\u00fcr die <a href=\"https:\/\/twitter.com\/hashtag\/Bundestagswahl2021?src=hash&amp;ref_src=twsrc%5Etfw\">#Bundestagswahl2021<\/a> mit den wichtigsten Themen und Positionen der Parteien vertraut machen. Infos\/Links: <a href=\"https:\/\/t.co\/vbcphvLtms\">https:\/\/t.co\/vbcphvLtms<\/a><\/p>\n<p>&mdash; Universit\u00e4t M\u00fcnster (@uni_muenster) <a href=\"https:\/\/twitter.com\/uni_muenster\/status\/1428378650311811076?ref_src=twsrc%5Etfw\">August 19, 2021<\/a><\/p><\/blockquote>\n<p><script async src=\"https:\/\/platform.twitter.com\/widgets.js\" charset=\"utf-8\"><\/script><\/p>\n<blockquote class=\"twitter-tweet\" data-width=\"550\" data-dnt=\"true\">\n<p lang=\"en\" dir=\"ltr\">Some of my laudably service-oriented colleagues think we should start offering faxing for library patrons, but I&#39;m reluctant to add that to our plates. Now I&#39;m being shunned as an antifaxxer.<\/p>\n<p>&mdash; Lousy Librarian (@LousyLibrarian) <a href=\"https:\/\/twitter.com\/LousyLibrarian\/status\/1428375184830992391?ref_src=twsrc%5Etfw\">August 19, 2021<\/a><\/p><\/blockquote>\n<p><script async src=\"https:\/\/platform.twitter.com\/widgets.js\" charset=\"utf-8\"><\/script><\/p>\n<blockquote class=\"twitter-tweet\" data-width=\"550\" data-dnt=\"true\">\n<p lang=\"en\" dir=\"ltr\">Not everything was perfect in 1995, but I think we&#39;ve lost something on the way. Some remarks:<\/p>\n<p>1) Underlined letters indicate keyboard shortcuts. How handy!<\/p>\n<p>2) Design clearly says: &quot;We are buttons!&quot;. It&#39;s easy to find the wanted button, because they have some color.<\/p>\n<p>1\/3 <a href=\"https:\/\/t.co\/4oBGl7iKOx\">pic.twitter.com\/4oBGl7iKOx<\/a><\/p>\n<p>&mdash; Tuomas Salo (@tuomassalo) <a href=\"https:\/\/twitter.com\/tuomassalo\/status\/978717292023500805?ref_src=twsrc%5Etfw\">March 27, 2018<\/a><\/p><\/blockquote>\n<p><script async src=\"https:\/\/platform.twitter.com\/widgets.js\" charset=\"utf-8\"><\/script><\/p>\n<blockquote class=\"twitter-tweet\" data-width=\"550\" data-dnt=\"true\">\n<p lang=\"en\" dir=\"ltr\">We just cannot write jokes about Greek Mythology. It&#39;s our Achilles&#39; heel. <a href=\"https:\/\/t.co\/3H5XLqxSot\">https:\/\/t.co\/3H5XLqxSot<\/a><\/p>\n<p>&mdash; Uni Of York Library (@UoYLibrary) <a href=\"https:\/\/twitter.com\/UoYLibrary\/status\/1428367955071365124?ref_src=twsrc%5Etfw\">August 19, 2021<\/a><\/p><\/blockquote>\n<p><script async src=\"https:\/\/platform.twitter.com\/widgets.js\" charset=\"utf-8\"><\/script><\/p>\n<blockquote class=\"twitter-tweet\" data-width=\"550\" data-dnt=\"true\">\n<p lang=\"en\" dir=\"ltr\">a) we&#39;d like to apologise for that<br \/>b) note that technically someone&#39;s achilles heel is their one area of weakness amid all the strength, so our tweet above suggests we are totally strong in writing jokes in all other areas<br \/>c) sorry again, everyone<\/p>\n<p>&mdash; Uni Of York Library (@UoYLibrary) <a href=\"https:\/\/twitter.com\/UoYLibrary\/status\/1428367957680267282?ref_src=twsrc%5Etfw\">August 19, 2021<\/a><\/p><\/blockquote>\n<p><script async src=\"https:\/\/platform.twitter.com\/widgets.js\" charset=\"utf-8\"><\/script><\/p>\n<blockquote class=\"twitter-tweet\" data-width=\"550\" data-dnt=\"true\">\n<p lang=\"de\" dir=\"ltr\">Was ist das peinlichste Buch in eurem Schrank? (Gerne Foto)<\/p>\n<p>&mdash; 54books (@54blog) <a href=\"https:\/\/twitter.com\/54blog\/status\/1428349938430218242?ref_src=twsrc%5Etfw\">August 19, 2021<\/a><\/p><\/blockquote>\n<p><script async src=\"https:\/\/platform.twitter.com\/widgets.js\" charset=\"utf-8\"><\/script><\/p>\n<blockquote class=\"twitter-tweet\" data-width=\"550\" data-dnt=\"true\">\n<p lang=\"de\" dir=\"ltr\">In Archiven muss man auf den Anmeldeb\u00f6gen (oft) angeben, f\u00fcr welches Projekt man die eingesehenen Dokumente braucht.<\/p>\n<p>Habe oft Angst, dass die Angaben aufbewahrt, versammelt und mir dann irgendwann vorgehalten werden.<\/p>\n<p>&mdash; karstens (@karstens) <a href=\"https:\/\/twitter.com\/karstens\/status\/1428343745922191364?ref_src=twsrc%5Etfw\">August 19, 2021<\/a><\/p><\/blockquote>\n<p><script async src=\"https:\/\/platform.twitter.com\/widgets.js\" charset=\"utf-8\"><\/script><\/p>\n<blockquote class=\"twitter-tweet\" data-width=\"550\" data-dnt=\"true\">\n<p lang=\"de\" dir=\"ltr\">&quot;Herr Schuldt, was wurde aus dem &#39;Vorprojekt \u00d6ffentliche Bibliotheken und Eiscreme-Werbung&#39;, f\u00fcr das Sie 2014 unsere Dokumente eingesehen haben? Bitte \u00fcbermitteln Sie jetzt f\u00fcr die Archivierung alle Publikationen, die aus dem Projekt resultierten sowie alle Ihre Notizen.&quot;<\/p>\n<p>&mdash; karstens (@karstens) <a href=\"https:\/\/twitter.com\/karstens\/status\/1428354598004137993?ref_src=twsrc%5Etfw\">August 19, 2021<\/a><\/p><\/blockquote>\n<p><script async src=\"https:\/\/platform.twitter.com\/widgets.js\" charset=\"utf-8\"><\/script><br \/>\nhttps:\/\/twitter.com\/v_i_o_l_a\/status\/1428429506923089925<\/p>\n<blockquote class=\"twitter-tweet\" data-width=\"550\" data-dnt=\"true\">\n<p lang=\"en\" dir=\"ltr\">Here it is, the hardcopy of &quot;Music and Resistance. Cultural Defense During the German Occupation of Norway 1940-45&quot; by Michael Custodis, published by <a href=\"https:\/\/twitter.com\/WaxmannVerlag?ref_src=twsrc%5Etfw\">@WaxmannVerlag<\/a>! The E-book can be found open access here <a href=\"https:\/\/t.co\/wZnxwWa3L1\">https:\/\/t.co\/wZnxwWa3L1<\/a>. <a href=\"https:\/\/t.co\/6xt4WtWrh5\">pic.twitter.com\/6xt4WtWrh5<\/a><\/p>\n<p>&mdash; Music and Politics Muenster (@MP_Muenster) <a href=\"https:\/\/twitter.com\/MP_Muenster\/status\/1428318075066126339?ref_src=twsrc%5Etfw\">August 19, 2021<\/a><\/p><\/blockquote>\n<p><script async src=\"https:\/\/platform.twitter.com\/widgets.js\" charset=\"utf-8\"><\/script><\/p>\n<blockquote class=\"twitter-tweet\" data-width=\"550\" data-dnt=\"true\">\n<p lang=\"de\" dir=\"ltr\">Kennen Sie schon \u2026 das Blog \u201ePhonopoetik | Klang \u2013 Kunst \u2013 Kultur\u201c? <a href=\"https:\/\/t.co\/RclZtbNWqB\">https:\/\/t.co\/RclZtbNWqB<\/a> <a href=\"https:\/\/twitter.com\/hashtag\/Phonopoetik?src=hash&amp;ref_src=twsrc%5Etfw\">#Phonopoetik<\/a> <a href=\"https:\/\/twitter.com\/hashtag\/Audiotexte?src=hash&amp;ref_src=twsrc%5Etfw\">#Audiotexte<\/a><\/p>\n<p>&mdash; ULB_MS_FachInfo (@ULB_MS_FachInfo) <a href=\"https:\/\/twitter.com\/ULB_MS_FachInfo\/status\/1428317845922930699?ref_src=twsrc%5Etfw\">August 19, 2021<\/a><\/p><\/blockquote>\n<p><script async src=\"https:\/\/platform.twitter.com\/widgets.js\" charset=\"utf-8\"><\/script><br \/>\nhttps:\/\/twitter.com\/v_i_o_l_a\/status\/1428430104263266305<\/p>\n<blockquote class=\"twitter-tweet\" data-width=\"550\" data-dnt=\"true\">\n<p lang=\"en\" dir=\"ltr\">Thoughts for the Library of Congress Staff.<\/p>\n<p>&mdash; Stacked Librarian (@StckedLibrarian) <a href=\"https:\/\/twitter.com\/StckedLibrarian\/status\/1428429852605038599?ref_src=twsrc%5Etfw\">August 19, 2021<\/a><\/p><\/blockquote>\n<p><script async src=\"https:\/\/platform.twitter.com\/widgets.js\" charset=\"utf-8\"><\/script><\/p>\n<blockquote class=\"twitter-tweet\" data-width=\"550\" data-dnt=\"true\">\n<p lang=\"de\" dir=\"ltr\">&quot;Warum bist du telefonisch so schwer erreichbar?&quot;<\/p>\n<p>&quot;Ich geh nicht dran!&quot;<\/p>\n<p>&quot;&#8230;&quot;<\/p>\n<p>&mdash; Lisa Blue \u00a9 (@lisablueair) <a href=\"https:\/\/twitter.com\/lisablueair\/status\/485719289224499201?ref_src=twsrc%5Etfw\">July 6, 2014<\/a><\/p><\/blockquote>\n<p><script async src=\"https:\/\/platform.twitter.com\/widgets.js\" charset=\"utf-8\"><\/script><\/p>\n<blockquote class=\"twitter-tweet\" data-width=\"550\" data-dnt=\"true\">\n<p lang=\"de\" dir=\"ltr\">Starker Regen und zu wenig Telefonapparate: \u00dcber Kuriosit\u00e4ten und spannende Zahlen in historischen Unterlagen aus der Bibliothek des Ibero-Amerikanischen Instituts berichtet unser aktueller Blog-Beitrag <a href=\"https:\/\/t.co\/EqPMq0aasT\">https:\/\/t.co\/EqPMq0aasT<\/a><\/p>\n<p>&mdash; Bibliothek des Ibero-Amerikanischen Instituts (@IAI_Bibliothek) <a href=\"https:\/\/twitter.com\/IAI_Bibliothek\/status\/1428374834321448967?ref_src=twsrc%5Etfw\">August 19, 2021<\/a><\/p><\/blockquote>\n<p><script async src=\"https:\/\/platform.twitter.com\/widgets.js\" charset=\"utf-8\"><\/script><\/p>\n<blockquote class=\"twitter-tweet\" data-width=\"550\" data-dnt=\"true\">\n<p lang=\"en\" dir=\"ltr\">As I enter my later thirties, I am increasingly appreciating the music of Genesis, which is a worry.<\/p>\n<p>&mdash; Martin Paul Eve (@martin_eve) <a href=\"https:\/\/twitter.com\/martin_eve\/status\/1428440133834059783?ref_src=twsrc%5Etfw\">August 19, 2021<\/a><\/p><\/blockquote>\n<p><script async src=\"https:\/\/platform.twitter.com\/widgets.js\" charset=\"utf-8\"><\/script><\/p>\n","protected":false},"excerpt":{"rendered":"<p>&#39;morgen! &mdash; viola vo\u00df (@v_i_o_l_a) August 19, 2021 &quot;Am schlimmsten ist die Einsamkeit zu zweit.&quot; (Erich K\u00e4stner, 1899-1974, dt. Schriftsteller) [via https:\/\/t.co\/L4VYhltLO1] &mdash; viola vo\u00df (@v_i_o_l_a) August 19, 2021 Damals wie heute: Hospes eram et colligistis me. Ich war ein Fremder und du hie\u00dfest mich willkommen. Kupferstich von Pierre Firens (1580-1638) nach: Die sieben Werke [&hellip;]<\/p>\n","protected":false},"author":1,"featured_media":0,"comment_status":"open","ping_status":"open","sticky":false,"template":"","format":"standard","meta":{"footnotes":""},"categories":[36],"tags":[],"class_list":["post-12431","post","type-post","status-publish","format-standard","hentry","category-twitter"],"_links":{"self":[{"href":"https:\/\/www.x-v-x.de\/blog\/index.php?rest_route=\/wp\/v2\/posts\/12431","targetHints":{"allow":["GET"]}}],"collection":[{"href":"https:\/\/www.x-v-x.de\/blog\/index.php?rest_route=\/wp\/v2\/posts"}],"about":[{"href":"https:\/\/www.x-v-x.de\/blog\/index.php?rest_route=\/wp\/v2\/types\/post"}],"author":[{"embeddable":true,"href":"https:\/\/www.x-v-x.de\/blog\/index.php?rest_route=\/wp\/v2\/users\/1"}],"replies":[{"embeddable":true,"href":"https:\/\/www.x-v-x.de\/blog\/index.php?rest_route=%2Fwp%2Fv2%2Fcomments&post=12431"}],"version-history":[{"count":0,"href":"https:\/\/www.x-v-x.de\/blog\/index.php?rest_route=\/wp\/v2\/posts\/12431\/revisions"}],"wp:attachment":[{"href":"https:\/\/www.x-v-x.de\/blog\/index.php?rest_route=%2Fwp%2Fv2%2Fmedia&parent=12431"}],"wp:term":[{"taxonomy":"category","embeddable":true,"href":"https:\/\/www.x-v-x.de\/blog\/index.php?rest_route=%2Fwp%2Fv2%2Fcategories&post=12431"},{"taxonomy":"post_tag","embeddable":true,"href":"https:\/\/www.x-v-x.de\/blog\/index.php?rest_route=%2Fwp%2Fv2%2Ftags&post=12431"}],"curies":[{"name":"wp","href":"https:\/\/api.w.org\/{rel}","templated":true}]}}