{"id":13111,"date":"2022-06-04T18:38:00","date_gmt":"2022-06-04T16:38:00","guid":{"rendered":"https:\/\/www.x-v-x.de\/blog\/?p=13111"},"modified":"2022-07-21T18:38:15","modified_gmt":"2022-07-21T16:38:15","slug":"tweets-2022-06-03","status":"publish","type":"post","link":"https:\/\/www.x-v-x.de\/blog\/?p=13111","title":{"rendered":"tweets | 2022-06-03"},"content":{"rendered":"<blockquote class=\"twitter-tweet\" data-width=\"550\" data-dnt=\"true\">\n<p lang=\"nl\" dir=\"ltr\">&#39;morgen!<\/p>\n<p>&mdash; viola vo\u00df (@v_i_o_l_a) <a href=\"https:\/\/twitter.com\/v_i_o_l_a\/status\/1532577246602461185?ref_src=twsrc%5Etfw\">June 3, 2022<\/a><\/p><\/blockquote>\n<p><script async src=\"https:\/\/platform.twitter.com\/widgets.js\" charset=\"utf-8\"><\/script><\/p>\n<blockquote class=\"twitter-tweet\" data-width=\"550\" data-dnt=\"true\">\n<p lang=\"de\" dir=\"ltr\">Heute, zum 1. Juni, nimmt das von der <a href=\"https:\/\/twitter.com\/hashtag\/DFG?src=hash&amp;ref_src=twsrc%5Etfw\">#DFG<\/a> gef\u00f6rderte Digitale <a href=\"https:\/\/twitter.com\/hashtag\/Liszt?src=hash&amp;ref_src=twsrc%5Etfw\">#Liszt<\/a> Quellen- und Werkverzeichnis (<a href=\"https:\/\/twitter.com\/hashtag\/LisztQWV?src=hash&amp;ref_src=twsrc%5Etfw\">#LisztQWV<\/a>) seine Arbeit auf! An dem auf zw\u00f6lf Jahre Laufzeit angelegten Projekt sind neben der <a href=\"https:\/\/twitter.com\/UniHeidelberg?ref_src=twsrc%5Etfw\">@UniHeidelberg<\/a> auch die <a href=\"https:\/\/twitter.com\/SLUBdresden?ref_src=twsrc%5Etfw\">@SLUBdresden<\/a> und das <a href=\"https:\/\/twitter.com\/Weimar_GSA?ref_src=twsrc%5Etfw\">@Weimar_GSA<\/a> beteiligt. <a href=\"https:\/\/t.co\/SCLSANsv9x\">pic.twitter.com\/SCLSANsv9x<\/a><\/p>\n<p>&mdash; Musikwissenschaftliches Seminar | Uni Heidelberg (@muwi_heidelberg) <a href=\"https:\/\/twitter.com\/muwi_heidelberg\/status\/1531997198682046466?ref_src=twsrc%5Etfw\">June 1, 2022<\/a><\/p><\/blockquote>\n<p><script async src=\"https:\/\/platform.twitter.com\/widgets.js\" charset=\"utf-8\"><\/script><\/p>\n<blockquote class=\"twitter-tweet\" data-width=\"550\" data-dnt=\"true\">\n<p lang=\"en\" dir=\"ltr\">What a fantastic project: \u201cAll of Bach\u201d.<a href=\"https:\/\/twitter.com\/hashtag\/Bach?src=hash&amp;ref_src=twsrc%5Etfw\">#Bach<\/a> belongs to everyone. The Netherlands Bach Society shares this belief, and has endeavored to upload live performances of \u201cAll of Bach\u201d to their website and YouTube. <a href=\"https:\/\/t.co\/wdFEftmcfB\">https:\/\/t.co\/wdFEftmcfB<\/a> via <a href=\"https:\/\/twitter.com\/openculture?ref_src=twsrc%5Etfw\">@openculture<\/a> <a href=\"https:\/\/t.co\/wyTDZdVlMy\">pic.twitter.com\/wyTDZdVlMy<\/a><\/p>\n<p>&mdash; Markus Trapp (@textundblog) <a href=\"https:\/\/twitter.com\/textundblog\/status\/1532581568920883200?ref_src=twsrc%5Etfw\">June 3, 2022<\/a><\/p><\/blockquote>\n<p><script async src=\"https:\/\/platform.twitter.com\/widgets.js\" charset=\"utf-8\"><\/script><br \/>\nhttps:\/\/twitter.com\/v_i_o_l_a\/status\/1532582766231097344<br \/>\nhttps:\/\/twitter.com\/v_i_o_l_a\/status\/1532599859097870340<\/p>\n<blockquote class=\"twitter-tweet\" data-width=\"550\" data-dnt=\"true\">\n<p lang=\"de\" dir=\"ltr\">&quot;Noch einmal strecken, dann ist Wochenende!&quot;<a href=\"https:\/\/twitter.com\/hashtag\/Linus?src=hash&amp;ref_src=twsrc%5Etfw\">#Linus<\/a>, <a href=\"https:\/\/twitter.com\/hashtag\/librarycat?src=hash&amp;ref_src=twsrc%5Etfw\">#librarycat<\/a> der <a href=\"https:\/\/twitter.com\/hashtag\/HAB_WF?src=hash&amp;ref_src=twsrc%5Etfw\">#HAB_WF<\/a> <a href=\"https:\/\/t.co\/HMDUVB8dNk\">pic.twitter.com\/HMDUVB8dNk<\/a><\/p>\n<p>&mdash; Herzog August Bibliothek (@hab_wf) <a href=\"https:\/\/twitter.com\/hab_wf\/status\/1532605500373671937?ref_src=twsrc%5Etfw\">June 3, 2022<\/a><\/p><\/blockquote>\n<p><script async src=\"https:\/\/platform.twitter.com\/widgets.js\" charset=\"utf-8\"><\/script><\/p>\n<blockquote class=\"twitter-tweet\" data-width=\"550\" data-dnt=\"true\">\n<p lang=\"de\" dir=\"ltr\">Woher wei\u00df man, wann man mit einem Expos\u00e9 fertig ist? <a href=\"https:\/\/twitter.com\/hashtag\/schwierigeTextsorten?src=hash&amp;ref_src=twsrc%5Etfw\">#schwierigeTextsorten<\/a><\/p>\n<p>&mdash; Toke Hoffmeister (@tokehoff) <a href=\"https:\/\/twitter.com\/tokehoff\/status\/1532308475476312064?ref_src=twsrc%5Etfw\">June 2, 2022<\/a><\/p><\/blockquote>\n<p><script async src=\"https:\/\/platform.twitter.com\/widgets.js\" charset=\"utf-8\"><\/script><br \/>\nhttps:\/\/twitter.com\/v_i_o_l_a\/status\/1532613592717066241<\/p>\n<blockquote class=\"twitter-tweet\" data-width=\"550\" data-dnt=\"true\">\n<p lang=\"de\" dir=\"ltr\">Die Fernleihe wird ab Juli allerdings auch eine Weile pausieren m\u00fcssen. Eilige Bestellungen also m\u00f6glichst bald aufgeben! \u261d\ufe0f<\/p>\n<p>&mdash; ULB_MS_FachInfo (@ULB_MS_FachInfo) <a href=\"https:\/\/twitter.com\/ULB_MS_FachInfo\/status\/1532612614844555264?ref_src=twsrc%5Etfw\">June 3, 2022<\/a><\/p><\/blockquote>\n<p><script async src=\"https:\/\/platform.twitter.com\/widgets.js\" charset=\"utf-8\"><\/script><br \/>\nhttps:\/\/twitter.com\/v_i_o_l_a\/status\/1532614367627382784<br \/>\nhttps:\/\/twitter.com\/v_i_o_l_a\/status\/1532616002470563840<\/p>\n<blockquote class=\"twitter-tweet\" data-width=\"550\" data-dnt=\"true\">\n<p lang=\"de\" dir=\"ltr\">Der Zug macht eine automatische Roboterstimmenansage, dass er wegen eines &quot;Halt zeigenden Signals&quot; au\u00dferplanm\u00e4\u00dfig angehalten hat.<br \/>Beim ersten Mal hatte ich verstanden: &quot;wegen eines halbseidenen Signals&quot; und versuchte direkt, es mir vorzustellen.<a href=\"https:\/\/twitter.com\/BahnAnsagen?ref_src=twsrc%5Etfw\">@BahnAnsagen<\/a> <a href=\"https:\/\/twitter.com\/nationalexpress?ref_src=twsrc%5Etfw\">@nationalexpress<\/a><\/p>\n<p>&mdash; @bothe.bluesky.social (@JoaBothe) <a href=\"https:\/\/twitter.com\/JoaBothe\/status\/1532630136247439361?ref_src=twsrc%5Etfw\">June 3, 2022<\/a><\/p><\/blockquote>\n<p><script async src=\"https:\/\/platform.twitter.com\/widgets.js\" charset=\"utf-8\"><\/script><\/p>\n<blockquote class=\"twitter-tweet\" data-width=\"550\" data-dnt=\"true\">\n<p lang=\"de\" dir=\"ltr\">&quot;Ich kann die eBooks nicht laden.&quot;<br \/>&quot;Welche Titel haben Sie derzeit?&quot;<br \/>&quot;Einen Magister.&quot;<br \/>Das sollte eigentlich reichen.<\/p>\n<p>&mdash; B\u00fcchereien Wien (@buechereiwien) <a href=\"https:\/\/twitter.com\/buechereiwien\/status\/1532678070754238465?ref_src=twsrc%5Etfw\">June 3, 2022<\/a><\/p><\/blockquote>\n<p><script async src=\"https:\/\/platform.twitter.com\/widgets.js\" charset=\"utf-8\"><\/script><br \/>\nhttps:\/\/twitter.com\/v_i_o_l_a\/status\/1532687441957732352<\/p>\n<blockquote class=\"twitter-tweet\" data-width=\"550\" data-dnt=\"true\">\n<p lang=\"en\" dir=\"ltr\">Paradigm shift <a href=\"https:\/\/t.co\/Ar3gWgMpr7\">pic.twitter.com\/Ar3gWgMpr7<\/a><\/p>\n<p>&mdash; Oded Rechavi (@OdedRechavi) <a href=\"https:\/\/twitter.com\/OdedRechavi\/status\/1532060024620560385?ref_src=twsrc%5Etfw\">June 1, 2022<\/a><\/p><\/blockquote>\n<p><script async src=\"https:\/\/platform.twitter.com\/widgets.js\" charset=\"utf-8\"><\/script><\/p>\n<blockquote class=\"twitter-tweet\" data-width=\"550\" data-dnt=\"true\">\n<p lang=\"en\" dir=\"ltr\">Still needs saying&#8230; <a href=\"https:\/\/twitter.com\/hashtag\/WorldBicycleDay?src=hash&amp;ref_src=twsrc%5Etfw\">#WorldBicycleDay<\/a> <a href=\"https:\/\/t.co\/ofgZgCRfwb\">pic.twitter.com\/ofgZgCRfwb<\/a><\/p>\n<p>&mdash; Pulp Librarian (@PulpLibrarian) <a href=\"https:\/\/twitter.com\/PulpLibrarian\/status\/1532693556837634049?ref_src=twsrc%5Etfw\">June 3, 2022<\/a><\/p><\/blockquote>\n<p><script async src=\"https:\/\/platform.twitter.com\/widgets.js\" charset=\"utf-8\"><\/script><\/p>\n<blockquote class=\"twitter-tweet\" data-width=\"550\" data-dnt=\"true\">\n<p lang=\"de\" dir=\"ltr\">Gestern Vortrag auf dem @bibtag22 gehalten, Folien schon gestern auf dem <a href=\"https:\/\/twitter.com\/hashtag\/BIBOpusserver?src=hash&amp;ref_src=twsrc%5Etfw\">#BIBOpusserver<\/a>, heute in meiner Publikationsliste auf Google Scholar. Lieber <a href=\"https:\/\/twitter.com\/bibverband?ref_src=twsrc%5Etfw\">@bibverband<\/a>, liebes Orga-Team aus Leipzig, ich bin schwer beeindruckt <a href=\"https:\/\/t.co\/MozacTv9Vn\">pic.twitter.com\/MozacTv9Vn<\/a><\/p>\n<p>&mdash; Joachim Kreische (@JoachimKreische) <a href=\"https:\/\/twitter.com\/JoachimKreische\/status\/1532693598508040193?ref_src=twsrc%5Etfw\">June 3, 2022<\/a><\/p><\/blockquote>\n<p><script async src=\"https:\/\/platform.twitter.com\/widgets.js\" charset=\"utf-8\"><\/script><\/p>\n<blockquote class=\"twitter-tweet\" data-width=\"550\" data-dnt=\"true\">\n<p lang=\"de\" dir=\"ltr\">Vortrag am 9.6. um 12 Uhr im <a href=\"https:\/\/twitter.com\/hashtag\/DataScienceForum?src=hash&amp;ref_src=twsrc%5Etfw\">#DataScienceForum<\/a> des <a href=\"https:\/\/twitter.com\/DSC_unibremen?ref_src=twsrc%5Etfw\">@DSC_unibremen<\/a>: Martin Blenkle von der <a href=\"https:\/\/twitter.com\/elibbremen?ref_src=twsrc%5Etfw\">@elibbremen<\/a> zu &quot;Bibliothekar:innen lesen gar nicht den ganzen Tag \u00fcber! <a href=\"https:\/\/twitter.com\/hashtag\/FDM?src=hash&amp;ref_src=twsrc%5Etfw\">#FDM<\/a> in der Staats- und Universit\u00e4tsbibliothek Bremen&quot; <a href=\"https:\/\/t.co\/cd2QmRMMTK\">https:\/\/t.co\/cd2QmRMMTK<\/a> <a href=\"https:\/\/twitter.com\/unibremen?ref_src=twsrc%5Etfw\">@UniBremen<\/a> <a href=\"https:\/\/twitter.com\/agra_uni_bremen?ref_src=twsrc%5Etfw\">@agra_uni_bremen<\/a> <a href=\"https:\/\/twitter.com\/bremen_de?ref_src=twsrc%5Etfw\">@bremen_de<\/a> <a href=\"https:\/\/t.co\/mer2cYJmm8\">pic.twitter.com\/mer2cYJmm8<\/a><\/p>\n<p>&mdash; Rolf Drechsler (@Rolf_Drechsler) <a href=\"https:\/\/twitter.com\/Rolf_Drechsler\/status\/1532647237834219520?ref_src=twsrc%5Etfw\">June 3, 2022<\/a><\/p><\/blockquote>\n<p><script async src=\"https:\/\/platform.twitter.com\/widgets.js\" charset=\"utf-8\"><\/script><\/p>\n<blockquote class=\"twitter-tweet\" data-width=\"550\" data-dnt=\"true\">\n<p lang=\"de\" dir=\"ltr\">Buch aus der Bibliothek ausgeliehen, aufgeschlagen, sehe das. Seufz. <a href=\"https:\/\/t.co\/48qSneKsoz\">pic.twitter.com\/48qSneKsoz<\/a><\/p>\n<p>&mdash; Katja Politt (@lingucat) <a href=\"https:\/\/twitter.com\/lingucat\/status\/1532689363242475520?ref_src=twsrc%5Etfw\">June 3, 2022<\/a><\/p><\/blockquote>\n<p><script async src=\"https:\/\/platform.twitter.com\/widgets.js\" charset=\"utf-8\"><\/script><\/p>\n<blockquote class=\"twitter-tweet\" data-width=\"550\" data-dnt=\"true\">\n<p lang=\"en\" dir=\"ltr\">Everybody thinks that the Holy Roman Empire is dead. But it lives, deeply hidden in the wild world of German transport associations, each ruling their tiny principality with an iron hand, chaotic schedule and a jungle of tariffs. Just like it has always been. Map: Wikipedia. <a href=\"https:\/\/t.co\/bCIedGNYfU\">pic.twitter.com\/bCIedGNYfU<\/a><\/p>\n<p>&mdash; Mateusz Fafinski (@Calthalas) <a href=\"https:\/\/twitter.com\/Calthalas\/status\/1532685268469403655?ref_src=twsrc%5Etfw\">June 3, 2022<\/a><\/p><\/blockquote>\n<p><script async src=\"https:\/\/platform.twitter.com\/widgets.js\" charset=\"utf-8\"><\/script><\/p>\n<blockquote class=\"twitter-tweet\" data-width=\"550\" data-dnt=\"true\">\n<p lang=\"en\" dir=\"ltr\">There are even imperial free territories where no Verband rules, areas where the sovereignty is shared and nameless, ruler-less lands. <a href=\"https:\/\/t.co\/SdCaiRs9zF\">pic.twitter.com\/SdCaiRs9zF<\/a><\/p>\n<p>&mdash; Mateusz Fafinski (@Calthalas) <a href=\"https:\/\/twitter.com\/Calthalas\/status\/1532686705752428544?ref_src=twsrc%5Etfw\">June 3, 2022<\/a><\/p><\/blockquote>\n<p><script async src=\"https:\/\/platform.twitter.com\/widgets.js\" charset=\"utf-8\"><\/script><\/p>\n<blockquote class=\"twitter-tweet\" data-width=\"550\" data-dnt=\"true\">\n<p lang=\"de\" dir=\"ltr\">Just look at Verkehrsgemeinschaft Nordost-Niedersachsen (VNN) and weep <a href=\"https:\/\/t.co\/wPqcpBc0rA\">pic.twitter.com\/wPqcpBc0rA<\/a><\/p>\n<p>&mdash; Mateusz Fafinski (@Calthalas) <a href=\"https:\/\/twitter.com\/Calthalas\/status\/1532688391602675715?ref_src=twsrc%5Etfw\">June 3, 2022<\/a><\/p><\/blockquote>\n<p><script async src=\"https:\/\/platform.twitter.com\/widgets.js\" charset=\"utf-8\"><\/script><br \/>\nhttps:\/\/twitter.com\/v_i_o_l_a\/status\/1532695096663101441<\/p>\n<blockquote class=\"twitter-tweet\" data-width=\"550\" data-dnt=\"true\">\n<p lang=\"de\" dir=\"ltr\">Schnelle F\u00fc\u00dfe, Boneshaker, Freiheit f\u00fcr Frauen &#8211; unsere kleine Kulturgeschichte des Fahrrads im <a href=\"https:\/\/twitter.com\/hashtag\/DDBspotlight?src=hash&amp;ref_src=twsrc%5Etfw\">#DDBspotlight<\/a>: <a href=\"https:\/\/t.co\/CqwI6pFRx5\">https:\/\/t.co\/CqwI6pFRx5<\/a><br \/>\/2 <a href=\"https:\/\/t.co\/4p8RlxRvC0\">pic.twitter.com\/4p8RlxRvC0<\/a><\/p>\n<p>&mdash; @ddbkultur@openbiblio.social (@ddbkultur) <a href=\"https:\/\/twitter.com\/ddbkultur\/status\/1532676785065840642?ref_src=twsrc%5Etfw\">June 3, 2022<\/a><\/p><\/blockquote>\n<p><script async src=\"https:\/\/platform.twitter.com\/widgets.js\" charset=\"utf-8\"><\/script><br \/>\nhttps:\/\/twitter.com\/v_i_o_l_a\/status\/1532695996790149124<br \/>\nhttps:\/\/twitter.com\/v_i_o_l_a\/status\/1532696424600719360<br \/>\nhttps:\/\/twitter.com\/v_i_o_l_a\/status\/1532696509149593600<br \/>\nhttps:\/\/twitter.com\/v_i_o_l_a\/status\/1532696539193278465<\/p>\n<blockquote class=\"twitter-tweet\" data-width=\"550\" data-dnt=\"true\">\n<p lang=\"zxx\" dir=\"ltr\"><a href=\"https:\/\/t.co\/6J3GeKruy4\">pic.twitter.com\/6J3GeKruy4<\/a><\/p>\n<p>&mdash; Hauck &amp; Bauer (@hauckundbauer) <a href=\"https:\/\/twitter.com\/hauckundbauer\/status\/1532670191036948482?ref_src=twsrc%5Etfw\">June 3, 2022<\/a><\/p><\/blockquote>\n<p><script async src=\"https:\/\/platform.twitter.com\/widgets.js\" charset=\"utf-8\"><\/script><\/p>\n<blockquote class=\"twitter-tweet\" data-width=\"550\" data-dnt=\"true\">\n<p lang=\"de\" dir=\"ltr\">Nach August werde ich jeden Fahrkartenpreis so umrechnen: &quot;60 Euro von Stuttgart nach Hamburg?! Das sind fast sieben 9-Euro-Tickets!&quot;<\/p>\n<p>&mdash; Cornelius W. M. Oettle (@C_W_M_O) <a href=\"https:\/\/twitter.com\/C_W_M_O\/status\/1532409655464452098?ref_src=twsrc%5Etfw\">June 2, 2022<\/a><\/p><\/blockquote>\n<p><script async src=\"https:\/\/platform.twitter.com\/widgets.js\" charset=\"utf-8\"><\/script><br \/>\nhttps:\/\/twitter.com\/v_i_o_l_a\/status\/1532697199582367745<br \/>\nhttps:\/\/twitter.com\/v_i_o_l_a\/status\/1532697348140417024<\/p>\n<blockquote class=\"twitter-tweet\" data-width=\"550\" data-dnt=\"true\">\n<p lang=\"de\" dir=\"ltr\">F\u00fcr euch ein Festival, f\u00fcr uns Alltag. <a href=\"https:\/\/t.co\/QVV2VbWtT9\">pic.twitter.com\/QVV2VbWtT9<\/a><\/p>\n<p>&mdash; DB Cargo (@DB_Cargo) <a href=\"https:\/\/twitter.com\/DB_Cargo\/status\/1532652559944626177?ref_src=twsrc%5Etfw\">June 3, 2022<\/a><\/p><\/blockquote>\n<p><script async src=\"https:\/\/platform.twitter.com\/widgets.js\" charset=\"utf-8\"><\/script><br \/>\nhttps:\/\/twitter.com\/v_i_o_l_a\/status\/1532699078592798720<br \/>\nhttps:\/\/twitter.com\/v_i_o_l_a\/status\/1532699100298215425<\/p>\n<blockquote class=\"twitter-tweet\" data-width=\"550\" data-dnt=\"true\">\n<p lang=\"de\" dir=\"ltr\">In Wien haben die Identit\u00e4ren den Zugang zu einer \u00f6ffentlichen B\u00fccherei zugemauert. (Ja wirklich) Grund: Im Rahmen des Pride Months findet dort eine Kinderlesung mit Drag Queen Candy Licious. Der Anschlag war mehr oder minder angek\u00fcndigt, wurde trotzdem nicht verhindert. <a href=\"https:\/\/t.co\/gL1jkGJbBI\">https:\/\/t.co\/gL1jkGJbBI<\/a><\/p>\n<p>&mdash; Natascha Strobl (@Natascha_Strobl) <a href=\"https:\/\/twitter.com\/Natascha_Strobl\/status\/1532647615032074245?ref_src=twsrc%5Etfw\">June 3, 2022<\/a><\/p><\/blockquote>\n<p><script async src=\"https:\/\/platform.twitter.com\/widgets.js\" charset=\"utf-8\"><\/script><\/p>\n<blockquote class=\"twitter-tweet\" data-width=\"550\" data-dnt=\"true\">\n<p lang=\"de\" dir=\"ltr\">Mal in die weitere Runde gefragt: wie geht ihr bei euren Einrichtungen (vor allem: \u00d6ffentlicher Dienst) mit den neuen Muss-Bestimmungen des <a href=\"https:\/\/twitter.com\/hashtag\/bitv2?src=hash&amp;ref_src=twsrc%5Etfw\">#bitv2<\/a> um? Auf welcher Ebene aggregiert ihr, wie viele Geb\u00e4rdensprache-Videos lasst ihr produzieren? 1 pro Dienst? 1 pro Einrichtung? <a href=\"https:\/\/t.co\/WrcplkWmk8\">pic.twitter.com\/WrcplkWmk8<\/a><\/p>\n<p>&mdash; Ralf Stockmann &#8211; @rstockm@chaos.social (@rstockm) <a href=\"https:\/\/twitter.com\/rstockm\/status\/1532644590615941120?ref_src=twsrc%5Etfw\">June 3, 2022<\/a><\/p><\/blockquote>\n<p><script async src=\"https:\/\/platform.twitter.com\/widgets.js\" charset=\"utf-8\"><\/script><br \/>\nhttps:\/\/twitter.com\/v_i_o_l_a\/status\/1532699887388737538<\/p>\n<blockquote class=\"twitter-tweet\" data-width=\"550\" data-dnt=\"true\">\n<p lang=\"en\" dir=\"ltr\">so many good possible library-themed cozy mystery titles!<\/p>\n<p>SUBJECT BEHEADINGS<\/p>\n<p>COUNTER RETORTS<\/p>\n<p>INTER LIBRARY LOAN (shovel on cover)<\/p>\n<p>&mdash; MARC in a (Less) Cold Climate (@marccold) <a href=\"https:\/\/twitter.com\/marccold\/status\/1532372094603759616?ref_src=twsrc%5Etfw\">June 2, 2022<\/a><\/p><\/blockquote>\n<p><script async src=\"https:\/\/platform.twitter.com\/widgets.js\" charset=\"utf-8\"><\/script><\/p>\n<blockquote class=\"twitter-tweet\" data-width=\"550\" data-dnt=\"true\">\n<p lang=\"en\" dir=\"ltr\">library-themed cozy title puns are always obviously aimed at non-librarians<\/p>\n<p>as evidenced by the fact that no one has written a book yet called ALMA CHILDREN <a href=\"https:\/\/t.co\/gJZPiFcAQp\">https:\/\/t.co\/gJZPiFcAQp<\/a><\/p>\n<p>&mdash; MARC in a (Less) Cold Climate (@marccold) <a href=\"https:\/\/twitter.com\/marccold\/status\/1532370127487832064?ref_src=twsrc%5Etfw\">June 2, 2022<\/a><\/p><\/blockquote>\n<p><script async src=\"https:\/\/platform.twitter.com\/widgets.js\" charset=\"utf-8\"><\/script><\/p>\n<blockquote class=\"twitter-tweet\" data-width=\"550\" data-dnt=\"true\">\n<p lang=\"de\" dir=\"ltr\">Zivilrechtlich bedenklich stimmt uns die Literatur im Lidl dieser Tage wieder. <a href=\"https:\/\/t.co\/3BZzUJInfN\">pic.twitter.com\/3BZzUJInfN<\/a><\/p>\n<p>&mdash; Bibliosph\u00e4re (@Bibliophase) <a href=\"https:\/\/twitter.com\/Bibliophase\/status\/1532629576425283584?ref_src=twsrc%5Etfw\">June 3, 2022<\/a><\/p><\/blockquote>\n<p><script async src=\"https:\/\/platform.twitter.com\/widgets.js\" charset=\"utf-8\"><\/script><br \/>\nhttps:\/\/twitter.com\/v_i_o_l_a\/status\/1532701624321429505<\/p>\n<blockquote class=\"twitter-tweet\" data-width=\"550\" data-dnt=\"true\">\n<p lang=\"de\" dir=\"ltr\">Buntes aus Westfalen \u2013 \u201eUnheimlich weihnachtlich\u201c <a href=\"https:\/\/t.co\/OnQOfU7Cf5\">https:\/\/t.co\/OnQOfU7Cf5<\/a><\/p>\n<p>&mdash; ULB_MS_FachInfo (@ULB_MS_FachInfo) <a href=\"https:\/\/twitter.com\/ULB_MS_FachInfo\/status\/1532621317173821440?ref_src=twsrc%5Etfw\">June 3, 2022<\/a><\/p><\/blockquote>\n<p><script async src=\"https:\/\/platform.twitter.com\/widgets.js\" charset=\"utf-8\"><\/script><\/p>\n<blockquote class=\"twitter-tweet\" data-width=\"550\" data-dnt=\"true\">\n<p lang=\"de\" dir=\"ltr\">mein pers\u00f6nliches fazit vom <a href=\"https:\/\/twitter.com\/hashtag\/bibtag22?src=hash&amp;ref_src=twsrc%5Etfw\">#bibtag22<\/a>: bibs SIND bereits datenspezialistinnen, m\u00fcssen dies der wissenschaft aber fachnah kommunizieren. das beginnt bei der terminologie. und es braucht mehr forschende auf diesem kongress &#8211; <a href=\"https:\/\/twitter.com\/hashtag\/Leipzig?src=hash&amp;ref_src=twsrc%5Etfw\">#Leipzig<\/a> ist immer eine reise wert! <a href=\"https:\/\/twitter.com\/hashtag\/FreiraeumeSchaffen?src=hash&amp;ref_src=twsrc%5Etfw\">#FreiraeumeSchaffen<\/a><\/p>\n<p>&mdash; HenzelKatrin (@HenzelKatrin) <a href=\"https:\/\/twitter.com\/HenzelKatrin\/status\/1532393508820115457?ref_src=twsrc%5Etfw\">June 2, 2022<\/a><\/p><\/blockquote>\n<p><script async src=\"https:\/\/platform.twitter.com\/widgets.js\" charset=\"utf-8\"><\/script><br \/>\nhttps:\/\/twitter.com\/v_i_o_l_a\/status\/1532701971236413442<\/p>\n<blockquote class=\"twitter-tweet\" data-width=\"550\" data-dnt=\"true\">\n<p lang=\"de\" dir=\"ltr\">Aus unseren Neuerwerbungen \u2013 Slavistik 2022.6 <a href=\"https:\/\/t.co\/vEjkQeDvBp\">https:\/\/t.co\/vEjkQeDvBp<\/a><\/p>\n<p>&mdash; ULB_MS_FachInfo (@ULB_MS_FachInfo) <a href=\"https:\/\/twitter.com\/ULB_MS_FachInfo\/status\/1532606214332366852?ref_src=twsrc%5Etfw\">June 3, 2022<\/a><\/p><\/blockquote>\n<p><script async src=\"https:\/\/platform.twitter.com\/widgets.js\" charset=\"utf-8\"><\/script><\/p>\n<blockquote class=\"twitter-tweet\" data-width=\"550\" data-dnt=\"true\">\n<p lang=\"de\" dir=\"ltr\">Aus unseren Neuerwerbungen \u2013 Romanistik 2022.6 <a href=\"https:\/\/t.co\/TSp6WHrk0R\">https:\/\/t.co\/TSp6WHrk0R<\/a><\/p>\n<p>&mdash; ULB_MS_FachInfo (@ULB_MS_FachInfo) <a href=\"https:\/\/twitter.com\/ULB_MS_FachInfo\/status\/1532606212067540992?ref_src=twsrc%5Etfw\">June 3, 2022<\/a><\/p><\/blockquote>\n<p><script async src=\"https:\/\/platform.twitter.com\/widgets.js\" charset=\"utf-8\"><\/script><br \/>\nhttps:\/\/twitter.com\/v_i_o_l_a\/status\/1532702131102404608<br \/>\nhttps:\/\/twitter.com\/v_i_o_l_a\/status\/1532702180754456577<br \/>\nhttps:\/\/twitter.com\/v_i_o_l_a\/status\/1532702193568124929<br \/>\nhttps:\/\/twitter.com\/v_i_o_l_a\/status\/1532709289709682690<\/p>\n<blockquote class=\"twitter-tweet\" data-width=\"550\" data-dnt=\"true\">\n<p lang=\"de\" dir=\"ltr\">Warum hei\u00dfen Sommer-Romane immer &quot;Das kleine Cottage in den D\u00fcnen&quot; oder &quot;Das kleine Caf\u00e9 am Meer&quot; und nie &quot;Meine kleine Liege in Reihe Nr. 23 am Adriastrand&quot;?<\/p>\n<p>&mdash; B\u00fcchereien Wien (@buechereiwien) <a href=\"https:\/\/twitter.com\/buechereiwien\/status\/1532717153606111238?ref_src=twsrc%5Etfw\">June 3, 2022<\/a><\/p><\/blockquote>\n<p><script async src=\"https:\/\/platform.twitter.com\/widgets.js\" charset=\"utf-8\"><\/script><br \/>\nhttps:\/\/twitter.com\/v_i_o_l_a\/status\/1532720684815765506<br \/>\nhttps:\/\/twitter.com\/v_i_o_l_a\/status\/1532720769943633925<br \/>\nhttps:\/\/twitter.com\/v_i_o_l_a\/status\/1532724487447269376<\/p>\n<blockquote class=\"twitter-tweet\" data-width=\"550\" data-dnt=\"true\">\n<p lang=\"de\" dir=\"ltr\">Nach dem Kongress ist wie nach der Klassenfahrt. Innere Leere macht sich breit.<\/p>\n<p>&mdash; Irene Barbers (@irene_barbers) <a href=\"https:\/\/twitter.com\/irene_barbers\/status\/1532727620466614273?ref_src=twsrc%5Etfw\">June 3, 2022<\/a><\/p><\/blockquote>\n<p><script async src=\"https:\/\/platform.twitter.com\/widgets.js\" charset=\"utf-8\"><\/script><\/p>\n<blockquote class=\"twitter-tweet\" data-width=\"550\" data-dnt=\"true\">\n<p lang=\"de\" dir=\"ltr\">in dieser woche im <a href=\"https:\/\/twitter.com\/hashtag\/fachreferat?src=hash&amp;ref_src=twsrc%5Etfw\">#fachreferat<\/a> gabs nur ein buch zu <a href=\"https:\/\/twitter.com\/hashtag\/verschlagworten?src=hash&amp;ref_src=twsrc%5Etfw\">#verschlagworten<\/a>, das daf\u00fcr aber sch\u00f6n gestreift war. \ud83d\ude42 und an einem anderen werk habe ich weiter herumgedacht (<a href=\"https:\/\/t.co\/OUDH6Qi3Na\">https:\/\/t.co\/OUDH6Qi3Na<\/a>). <a href=\"https:\/\/twitter.com\/hashtag\/inhaltserschlie%C3%9Fung?src=hash&amp;ref_src=twsrc%5Etfw\">#inhaltserschlie\u00dfung<\/a> <a href=\"https:\/\/twitter.com\/hashtag\/fachreferatsfreitag?src=hash&amp;ref_src=twsrc%5Etfw\">#fachreferatsfreitag<\/a> <a href=\"https:\/\/t.co\/Ol4iP42IHg\">pic.twitter.com\/Ol4iP42IHg<\/a><\/p>\n<p>&mdash; viola vo\u00df (@v_i_o_l_a) <a href=\"https:\/\/twitter.com\/v_i_o_l_a\/status\/1532729388881612801?ref_src=twsrc%5Etfw\">June 3, 2022<\/a><\/p><\/blockquote>\n<p><script async src=\"https:\/\/platform.twitter.com\/widgets.js\" charset=\"utf-8\"><\/script><\/p>\n<blockquote class=\"twitter-tweet\" data-width=\"550\" data-dnt=\"true\">\n<p lang=\"de\" dir=\"ltr\">ich hab mit den kollegen am MNFD-projekt weitergebastelt, und ich hab mich \u00fcber eine fernleihe am\u00fcsiert: jmd hat &quot;Agrarhandel: Fachwissen in Fragen und Antworten&quot; f\u00fcr bibliothekswissenschaft eingereicht. ich habs an die haus-&amp;landwirtschaft weitergegeben. \ud83d\ude42 <a href=\"https:\/\/twitter.com\/hashtag\/fachreferatsfreitag?src=hash&amp;ref_src=twsrc%5Etfw\">#fachreferatsfreitag<\/a><\/p>\n<p>&mdash; viola vo\u00df (@v_i_o_l_a) <a href=\"https:\/\/twitter.com\/v_i_o_l_a\/status\/1532729965724188680?ref_src=twsrc%5Etfw\">June 3, 2022<\/a><\/p><\/blockquote>\n<p><script async src=\"https:\/\/platform.twitter.com\/widgets.js\" charset=\"utf-8\"><\/script><\/p>\n<blockquote class=\"twitter-tweet\" data-width=\"550\" data-dnt=\"true\">\n<p lang=\"de\" dir=\"ltr\">unser umstieg auf ein neues LMS hat jetzt auch einfluss auf unsere <a href=\"https:\/\/twitter.com\/hashtag\/fachreferat?src=hash&amp;ref_src=twsrc%5Etfw\">#fachreferat<\/a>\u200be: neue b\u00fccher k\u00f6nnen wir nur noch wenige tage bestellen, dann ist bis mitte august erstmal pause. seit heute weisen wir im bestellformular und in antwortmails drauf hin. <a href=\"https:\/\/t.co\/E2ruGNK7nU\">https:\/\/t.co\/E2ruGNK7nU<\/a> <a href=\"https:\/\/twitter.com\/hashtag\/alma?src=hash&amp;ref_src=twsrc%5Etfw\">#alma<\/a><\/p>\n<p>&mdash; viola vo\u00df (@v_i_o_l_a) <a href=\"https:\/\/twitter.com\/v_i_o_l_a\/status\/1532730606605713409?ref_src=twsrc%5Etfw\">June 3, 2022<\/a><\/p><\/blockquote>\n<p><script async src=\"https:\/\/platform.twitter.com\/widgets.js\" charset=\"utf-8\"><\/script><\/p>\n<blockquote class=\"twitter-tweet\" data-width=\"550\" data-dnt=\"true\">\n<p lang=\"de\" dir=\"ltr\">\u00fcber twitter habe ich versucht, ein bisschen was vom bibliothekartag mitzubekommen. f\u00fcr das nachlesen der folien interessant klingender vortr\u00e4ge werde ich allerdings wohl erst im herbst zeit haben \u2026 <a href=\"https:\/\/twitter.com\/hashtag\/fachreferat?src=hash&amp;ref_src=twsrc%5Etfw\">#fachreferat<\/a> <a href=\"https:\/\/twitter.com\/hashtag\/fortbildung?src=hash&amp;ref_src=twsrc%5Etfw\">#fortbildung<\/a> <a href=\"https:\/\/twitter.com\/hashtag\/austausch?src=hash&amp;ref_src=twsrc%5Etfw\">#austausch<\/a><\/p>\n<p>&mdash; viola vo\u00df (@v_i_o_l_a) <a href=\"https:\/\/twitter.com\/v_i_o_l_a\/status\/1532730775304536066?ref_src=twsrc%5Etfw\">June 3, 2022<\/a><\/p><\/blockquote>\n<p><script async src=\"https:\/\/platform.twitter.com\/widgets.js\" charset=\"utf-8\"><\/script><\/p>\n<blockquote class=\"twitter-tweet\" data-width=\"550\" data-dnt=\"true\">\n<p lang=\"de\" dir=\"ltr\">an der schnittstelle zw. <a href=\"https:\/\/twitter.com\/hashtag\/fachreferat?src=hash&amp;ref_src=twsrc%5Etfw\">#fachreferat<\/a> + <a href=\"https:\/\/twitter.com\/hashtag\/openaccess?src=hash&amp;ref_src=twsrc%5Etfw\">#openaccess<\/a> gabs diese woche ein gespr\u00e4ch mit unserem fachbereich philologie zu OA-b\u00fcchern, und mit einer kollegin habe ich wieder einen workshop f\u00fcr unser graduate centre gegeben. (dies war die januar-ausgabe: <a href=\"https:\/\/t.co\/LuQ7AhK1Ld\">https:\/\/t.co\/LuQ7AhK1Ld<\/a>.)<\/p>\n<p>&mdash; viola vo\u00df (@v_i_o_l_a) <a href=\"https:\/\/twitter.com\/v_i_o_l_a\/status\/1532731318966026241?ref_src=twsrc%5Etfw\">June 3, 2022<\/a><\/p><\/blockquote>\n<p><script async src=\"https:\/\/platform.twitter.com\/widgets.js\" charset=\"utf-8\"><\/script><\/p>\n<blockquote class=\"twitter-tweet\" data-width=\"550\" data-dnt=\"true\">\n<p lang=\"de\" dir=\"ltr\">und f\u00fcr &quot;selbst open access machen&quot;: mein 2. beitrag f\u00fcr das o-bib-themenheft &quot;fachreferat&quot; ist raus: das paper zum vortrag mit <a href=\"https:\/\/twitter.com\/leporelloatkthb?ref_src=twsrc%5Etfw\">@leporelloatkthb<\/a>. <a href=\"https:\/\/t.co\/L6X0T05EsF\">https:\/\/t.co\/L6X0T05EsF<\/a> dank an das @obibJournal-team f\u00fcr gutachten, satz und sorgf\u00e4ltiges lektorat. so macht publizieren spa\u00df! \ud83d\ude42<\/p>\n<p>&mdash; viola vo\u00df (@v_i_o_l_a) <a href=\"https:\/\/twitter.com\/v_i_o_l_a\/status\/1532731940176027653?ref_src=twsrc%5Etfw\">June 3, 2022<\/a><\/p><\/blockquote>\n<p><script async src=\"https:\/\/platform.twitter.com\/widgets.js\" charset=\"utf-8\"><\/script><\/p>\n<blockquote class=\"twitter-tweet\" data-width=\"550\" data-dnt=\"true\">\n<p lang=\"de\" dir=\"ltr\">Wie niedlich darf eine Festival-Einladung sein? <a href=\"https:\/\/t.co\/HS7uxIqSn7\">https:\/\/t.co\/HS7uxIqSn7<\/a><\/p>\n<p>&mdash; @tibosl@openbiblio.social &#8211; TIB Open Science Lab (@OSLHannover) <a href=\"https:\/\/twitter.com\/OSLHannover\/status\/1532716019202015232?ref_src=twsrc%5Etfw\">June 3, 2022<\/a><\/p><\/blockquote>\n<p><script async src=\"https:\/\/platform.twitter.com\/widgets.js\" charset=\"utf-8\"><\/script><br \/>\nhttps:\/\/twitter.com\/v_i_o_l_a\/status\/1532735598808686593<\/p>\n<blockquote class=\"twitter-tweet\" data-width=\"550\" data-dnt=\"true\">\n<p lang=\"de\" dir=\"ltr\">und browser \u00f6ffnen und w\u00e4hrenddessen vergessen, welche seite man eigentlich aufrufen wollte \u2013 es wird wohl langsam zeit f\u00fcr feierabend &#8230;<\/p>\n<p>&mdash; viola vo\u00df (@v_i_o_l_a) <a href=\"https:\/\/twitter.com\/v_i_o_l_a\/status\/1532736366538375169?ref_src=twsrc%5Etfw\">June 3, 2022<\/a><\/p><\/blockquote>\n<p><script async src=\"https:\/\/platform.twitter.com\/widgets.js\" charset=\"utf-8\"><\/script><br \/>\nhttps:\/\/twitter.com\/v_i_o_l_a\/status\/1532736473493127171<br \/>\nhttps:\/\/twitter.com\/v_i_o_l_a\/status\/1532775279940222977<\/p>\n<blockquote class=\"twitter-tweet\" data-width=\"550\" data-dnt=\"true\">\n<p lang=\"de\" dir=\"ltr\">sch\u00f6ner fund in einem antiquit\u00e4ten-laden im urlaub in england: eine alte ausgabe von &quot;kan-u-go&quot;. scrabble als kartenspiel, sozusagen. <a href=\"https:\/\/twitter.com\/hashtag\/travellinglinguist?src=hash&amp;ref_src=twsrc%5Etfw\">#travellinglinguist<\/a> <a href=\"https:\/\/t.co\/v5ppvDYvsU\">pic.twitter.com\/v5ppvDYvsU<\/a><\/p>\n<p>&mdash; viola vo\u00df (@v_i_o_l_a) <a href=\"https:\/\/twitter.com\/v_i_o_l_a\/status\/1532776601880039427?ref_src=twsrc%5Etfw\">June 3, 2022<\/a><\/p><\/blockquote>\n<p><script async src=\"https:\/\/platform.twitter.com\/widgets.js\" charset=\"utf-8\"><\/script><\/p>\n<blockquote class=\"twitter-tweet\" data-width=\"550\" data-dnt=\"true\">\n<p lang=\"de\" dir=\"ltr\">schon ein paar wochen im einsatz, heute endlich mal fotografiert: ein taschenf\u00fcller in sch\u00f6nem teal von gravitas, mit eleganter abflachung als rollstopp. geschlossen etwas k\u00fcrzer als ein kaweco sport, mit aufgesteckter kappe etwas l\u00e4nger. <a href=\"https:\/\/twitter.com\/hashtag\/f%C3%BCllerliebe?src=hash&amp;ref_src=twsrc%5Etfw\">#f\u00fcllerliebe<\/a> <a href=\"https:\/\/twitter.com\/hashtag\/fountainpens?src=hash&amp;ref_src=twsrc%5Etfw\">#fountainpens<\/a> <a href=\"https:\/\/t.co\/N25SSZvXK7\">pic.twitter.com\/N25SSZvXK7<\/a><\/p>\n<p>&mdash; viola vo\u00df (@v_i_o_l_a) <a href=\"https:\/\/twitter.com\/v_i_o_l_a\/status\/1532778192813146112?ref_src=twsrc%5Etfw\">June 3, 2022<\/a><\/p><\/blockquote>\n<p><script async src=\"https:\/\/platform.twitter.com\/widgets.js\" charset=\"utf-8\"><\/script><\/p>\n<blockquote class=\"twitter-tweet\" data-width=\"550\" data-dnt=\"true\">\n<p lang=\"de\" dir=\"ltr\">ich finde die feder proportional etwas zu gro\u00df; ansonsten gef\u00e4llt er mit gut. entdeckt hier: <a href=\"https:\/\/t.co\/fOUQwyVJhI\">https:\/\/t.co\/fOUQwyVJhI<\/a> gekauft hier: <a href=\"https:\/\/t.co\/4BDy6bB7mm\">https:\/\/t.co\/4BDy6bB7mm<\/a><\/p>\n<p>&mdash; viola vo\u00df (@v_i_o_l_a) <a href=\"https:\/\/twitter.com\/v_i_o_l_a\/status\/1532778277965860869?ref_src=twsrc%5Etfw\">June 3, 2022<\/a><\/p><\/blockquote>\n<p><script async src=\"https:\/\/platform.twitter.com\/widgets.js\" charset=\"utf-8\"><\/script><br \/>\nhttps:\/\/twitter.com\/v_i_o_l_a\/status\/1532778602210680835<br \/>\nhttps:\/\/twitter.com\/v_i_o_l_a\/status\/1532799492944175107<br \/>\nhttps:\/\/twitter.com\/v_i_o_l_a\/status\/1532799653317681152<br \/>\nhttps:\/\/twitter.com\/v_i_o_l_a\/status\/1532799745994932224<\/p>\n<blockquote class=\"twitter-tweet\" data-width=\"550\" data-dnt=\"true\">\n<p lang=\"en\" dir=\"ltr\">It&#39;s history&#39;s cruelest irony that this guy existed some 1500 years before the invention of the electric bass. <a href=\"https:\/\/t.co\/wQ4CZFEypq\">https:\/\/t.co\/wQ4CZFEypq<\/a><\/p>\n<p>&mdash; Mike Seder (@mpaulseder) <a href=\"https:\/\/twitter.com\/mpaulseder\/status\/1532334631781023744?ref_src=twsrc%5Etfw\">June 2, 2022<\/a><\/p><\/blockquote>\n<p><script async src=\"https:\/\/platform.twitter.com\/widgets.js\" charset=\"utf-8\"><\/script><br \/>\nhttps:\/\/twitter.com\/v_i_o_l_a\/status\/1532800814896623616<\/p>\n<blockquote class=\"twitter-tweet\" data-width=\"550\" data-dnt=\"true\">\n<p lang=\"en\" dir=\"ltr\">Self portrait <a href=\"https:\/\/t.co\/VPcBPAKgbN\">pic.twitter.com\/VPcBPAKgbN<\/a><\/p>\n<p>&mdash; M A J A S B O K (@majasbok) <a href=\"https:\/\/twitter.com\/majasbok\/status\/1532723626339885056?ref_src=twsrc%5Etfw\">June 3, 2022<\/a><\/p><\/blockquote>\n<p><script async src=\"https:\/\/platform.twitter.com\/widgets.js\" charset=\"utf-8\"><\/script><\/p>\n<blockquote class=\"twitter-tweet\" data-width=\"550\" data-dnt=\"true\">\n<p lang=\"en\" dir=\"ltr\">steal his look <a href=\"https:\/\/t.co\/fePvP6kKKh\">pic.twitter.com\/fePvP6kKKh<\/a><\/p>\n<p>&mdash; Paige Byerly, PhD (@paigebyerly) <a href=\"https:\/\/twitter.com\/paigebyerly\/status\/1532382475430899715?ref_src=twsrc%5Etfw\">June 2, 2022<\/a><\/p><\/blockquote>\n<p><script async src=\"https:\/\/platform.twitter.com\/widgets.js\" charset=\"utf-8\"><\/script><\/p>\n<blockquote class=\"twitter-tweet\" data-width=\"550\" data-dnt=\"true\">\n<p lang=\"de\" dir=\"ltr\">Langes Wochenende f\u00fcr <a href=\"https:\/\/twitter.com\/hashtag\/Familienforschung?src=hash&amp;ref_src=twsrc%5Etfw\">#Familienforschung<\/a> nutzen? Wir haben Wohnsiedlungsgenehmigungen aus dem alten Landkreis M\u00fcnster von 1940-1970 erschlossen. Hier findet ihr Namen und erste Digitalisate: <a href=\"https:\/\/t.co\/wM8Vww333o\">https:\/\/t.co\/wM8Vww333o<\/a> <a href=\"https:\/\/twitter.com\/hashtag\/Genealogie?src=hash&amp;ref_src=twsrc%5Etfw\">#Genealogie<\/a> <a href=\"https:\/\/twitter.com\/hashtag\/OffeneArchive?src=hash&amp;ref_src=twsrc%5Etfw\">#OffeneArchive<\/a> <a href=\"https:\/\/t.co\/Sex39iY4al\">pic.twitter.com\/Sex39iY4al<\/a><\/p>\n<p>&mdash; Stadtarchiv M\u00fcnster (@StadtarchivMS) <a href=\"https:\/\/twitter.com\/StadtarchivMS\/status\/1532695838090223618?ref_src=twsrc%5Etfw\">June 3, 2022<\/a><\/p><\/blockquote>\n<p><script async src=\"https:\/\/platform.twitter.com\/widgets.js\" charset=\"utf-8\"><\/script><\/p>\n<blockquote class=\"twitter-tweet\" data-width=\"550\" data-dnt=\"true\">\n<p lang=\"de\" dir=\"ltr\">Text-Bild-Beziehung mindestens spannend. <a href=\"https:\/\/t.co\/WYoTxCGOwr\">pic.twitter.com\/WYoTxCGOwr<\/a><\/p>\n<p>&mdash; Annelie Blasko (@annelieblasko) <a href=\"https:\/\/twitter.com\/annelieblasko\/status\/1532633025816805378?ref_src=twsrc%5Etfw\">June 3, 2022<\/a><\/p><\/blockquote>\n<p><script async src=\"https:\/\/platform.twitter.com\/widgets.js\" charset=\"utf-8\"><\/script><\/p>\n<blockquote class=\"twitter-tweet\" data-width=\"550\" data-dnt=\"true\">\n<p lang=\"de\" dir=\"ltr\">&#39;nacht allerseits, und sch\u00f6nes wochenende, trotz allem!<\/p>\n<p>&mdash; viola vo\u00df (@v_i_o_l_a) <a href=\"https:\/\/twitter.com\/v_i_o_l_a\/status\/1532812905292374016?ref_src=twsrc%5Etfw\">June 3, 2022<\/a><\/p><\/blockquote>\n<p><script async src=\"https:\/\/platform.twitter.com\/widgets.js\" charset=\"utf-8\"><\/script><\/p>\n","protected":false},"excerpt":{"rendered":"<p>&#39;morgen! &mdash; viola vo\u00df (@v_i_o_l_a) June 3, 2022 Heute, zum 1. Juni, nimmt das von der #DFG gef\u00f6rderte Digitale #Liszt Quellen- und Werkverzeichnis (#LisztQWV) seine Arbeit auf! An dem auf zw\u00f6lf Jahre Laufzeit angelegten Projekt sind neben der @UniHeidelberg auch die @SLUBdresden und das @Weimar_GSA beteiligt. pic.twitter.com\/SCLSANsv9x &mdash; Musikwissenschaftliches Seminar | Uni Heidelberg (@muwi_heidelberg) June [&hellip;]<\/p>\n","protected":false},"author":1,"featured_media":0,"comment_status":"open","ping_status":"open","sticky":false,"template":"","format":"standard","meta":{"footnotes":""},"categories":[36],"tags":[],"class_list":["post-13111","post","type-post","status-publish","format-standard","hentry","category-twitter"],"_links":{"self":[{"href":"https:\/\/www.x-v-x.de\/blog\/index.php?rest_route=\/wp\/v2\/posts\/13111","targetHints":{"allow":["GET"]}}],"collection":[{"href":"https:\/\/www.x-v-x.de\/blog\/index.php?rest_route=\/wp\/v2\/posts"}],"about":[{"href":"https:\/\/www.x-v-x.de\/blog\/index.php?rest_route=\/wp\/v2\/types\/post"}],"author":[{"embeddable":true,"href":"https:\/\/www.x-v-x.de\/blog\/index.php?rest_route=\/wp\/v2\/users\/1"}],"replies":[{"embeddable":true,"href":"https:\/\/www.x-v-x.de\/blog\/index.php?rest_route=%2Fwp%2Fv2%2Fcomments&post=13111"}],"version-history":[{"count":0,"href":"https:\/\/www.x-v-x.de\/blog\/index.php?rest_route=\/wp\/v2\/posts\/13111\/revisions"}],"wp:attachment":[{"href":"https:\/\/www.x-v-x.de\/blog\/index.php?rest_route=%2Fwp%2Fv2%2Fmedia&parent=13111"}],"wp:term":[{"taxonomy":"category","embeddable":true,"href":"https:\/\/www.x-v-x.de\/blog\/index.php?rest_route=%2Fwp%2Fv2%2Fcategories&post=13111"},{"taxonomy":"post_tag","embeddable":true,"href":"https:\/\/www.x-v-x.de\/blog\/index.php?rest_route=%2Fwp%2Fv2%2Ftags&post=13111"}],"curies":[{"name":"wp","href":"https:\/\/api.w.org\/{rel}","templated":true}]}}