{"id":13259,"date":"2022-08-10T19:51:49","date_gmt":"2022-08-10T17:51:49","guid":{"rendered":"https:\/\/www.x-v-x.de\/blog\/?p=13259"},"modified":"2022-09-11T19:52:04","modified_gmt":"2022-09-11T17:52:04","slug":"tweets-2022-08-09","status":"publish","type":"post","link":"https:\/\/www.x-v-x.de\/blog\/?p=13259","title":{"rendered":"tweets | 2022-08-09"},"content":{"rendered":"<blockquote class=\"twitter-tweet\" data-width=\"550\" data-dnt=\"true\">\n<p lang=\"nl\" dir=\"ltr\">&#39;morgen!<\/p>\n<p>&mdash; viola vo\u00df (@v_i_o_l_a) <a href=\"https:\/\/twitter.com\/v_i_o_l_a\/status\/1556855443275784193?ref_src=twsrc%5Etfw\">August 9, 2022<\/a><\/p><\/blockquote>\n<p><script async src=\"https:\/\/platform.twitter.com\/widgets.js\" charset=\"utf-8\"><\/script><\/p>\n<blockquote class=\"twitter-tweet\" data-width=\"550\" data-dnt=\"true\">\n<p lang=\"zxx\" dir=\"ltr\"><a href=\"https:\/\/t.co\/sF1pwvrRhj\">pic.twitter.com\/sF1pwvrRhj<\/a><\/p>\n<p>&mdash; BoschBot (@boschbot) <a href=\"https:\/\/twitter.com\/boschbot\/status\/1556858027222917121?ref_src=twsrc%5Etfw\">August 9, 2022<\/a><\/p><\/blockquote>\n<p><script async src=\"https:\/\/platform.twitter.com\/widgets.js\" charset=\"utf-8\"><\/script><\/p>\n<blockquote class=\"twitter-tweet\" data-width=\"550\" data-dnt=\"true\">\n<p lang=\"de\" dir=\"ltr\">Frage an die Editionsbubble: Kennt jemand (differenzierte) editionswissenschaftliche Auseinandersetzungen mit den &quot;Empfehlungen zur Edition fr\u00fchneuzeitlicher Texte\u201c der AG au\u00dferuniversit\u00e4rer historischer Forschungseinrichtungen von 1981? (1)<\/p>\n<p>&mdash; Corinna Ehlers (corinnaehlers@openbiblio.social) (@CorinnaEhlers) <a href=\"https:\/\/twitter.com\/CorinnaEhlers\/status\/1556593636258811905?ref_src=twsrc%5Etfw\">August 8, 2022<\/a><\/p><\/blockquote>\n<p><script async src=\"https:\/\/platform.twitter.com\/widgets.js\" charset=\"utf-8\"><\/script><\/p>\n<blockquote class=\"twitter-tweet\" data-width=\"550\" data-dnt=\"true\">\n<p lang=\"de\" dir=\"ltr\">&quot;Erschlie\u00dfen, Forschen, Analysieren (EFA22@DNB)\u201c: die <a href=\"https:\/\/twitter.com\/DNB_Aktuelles?ref_src=twsrc%5Etfw\">@DNB_Aktuelles<\/a> veranstaltet am 8.9. einen virtuellen Infotag zu den <a href=\"https:\/\/twitter.com\/hashtag\/Metadaten?src=hash&amp;ref_src=twsrc%5Etfw\">#Metadaten<\/a> und freien digitalen <a href=\"https:\/\/twitter.com\/hashtag\/Objekten?src=hash&amp;ref_src=twsrc%5Etfw\">#Objekten<\/a> in ihrem Bestand: <a href=\"https:\/\/t.co\/q0QgiZoGAf\">https:\/\/t.co\/q0QgiZoGAf<\/a> [via inetbib, <a href=\"https:\/\/t.co\/nNkUwimG9X\">https:\/\/t.co\/nNkUwimG9X<\/a>]<\/p>\n<p>&mdash; viola vo\u00df (@v_i_o_l_a) <a href=\"https:\/\/twitter.com\/v_i_o_l_a\/status\/1556885118152855553?ref_src=twsrc%5Etfw\">August 9, 2022<\/a><\/p><\/blockquote>\n<p><script async src=\"https:\/\/platform.twitter.com\/widgets.js\" charset=\"utf-8\"><\/script><\/p>\n<blockquote class=\"twitter-tweet\" data-width=\"550\" data-dnt=\"true\">\n<p lang=\"de\" dir=\"ltr\">Auch f\u00fcr Bibliotheksfachkr\u00e4fte interessant. Wir sollten auch mehr \u00fcber Bibliotheken und OER nachdenken. <a href=\"https:\/\/twitter.com\/hashtag\/library?src=hash&amp;ref_src=twsrc%5Etfw\">#library<\/a> <a href=\"https:\/\/twitter.com\/hashtag\/Stadtb%C3%BCcherei?src=hash&amp;ref_src=twsrc%5Etfw\">#Stadtb\u00fccherei<\/a> <a href=\"https:\/\/twitter.com\/hashtag\/bibliothek?src=hash&amp;ref_src=twsrc%5Etfw\">#bibliothek<\/a> <a href=\"https:\/\/twitter.com\/hashtag\/twl?src=hash&amp;ref_src=twsrc%5Etfw\">#twl<\/a> <a href=\"https:\/\/twitter.com\/hashtag\/twitterlehrerzimmer?src=hash&amp;ref_src=twsrc%5Etfw\">#twitterlehrerzimmer<\/a> <a href=\"https:\/\/twitter.com\/hashtag\/trickfilm?src=hash&amp;ref_src=twsrc%5Etfw\">#trickfilm<\/a> <a href=\"https:\/\/twitter.com\/hashtag\/erkl%C3%A4rfilm?src=hash&amp;ref_src=twsrc%5Etfw\">#erkl\u00e4rfilm<\/a> <a href=\"https:\/\/twitter.com\/hashtag\/medienbildung?src=hash&amp;ref_src=twsrc%5Etfw\">#medienbildung<\/a> <a href=\"https:\/\/twitter.com\/GMKnet?ref_src=twsrc%5Etfw\">@GMKnet<\/a> <a href=\"https:\/\/twitter.com\/worka?ref_src=twsrc%5Etfw\">@worka<\/a> <a href=\"https:\/\/t.co\/laSUWyzDRw\">https:\/\/t.co\/laSUWyzDRw<\/a><\/p>\n<p>&mdash; Stadtb\u00fccherei Ibbenb\u00fcren (@SIbbenburen) <a href=\"https:\/\/twitter.com\/SIbbenburen\/status\/1556892474815266816?ref_src=twsrc%5Etfw\">August 9, 2022<\/a><\/p><\/blockquote>\n<p><script async src=\"https:\/\/platform.twitter.com\/widgets.js\" charset=\"utf-8\"><\/script><\/p>\n<blockquote class=\"twitter-tweet\" data-width=\"550\" data-dnt=\"true\">\n<p lang=\"de\" dir=\"ltr\">verbloggt: \u201eVideos und Audios selbst erstellen\u201c ist ein neuer Selbstlernkurs f\u00fcr Lehrkr\u00e4fte. Wir haben das Angebot gemeinsam mit dem gro\u00dfartigen <a href=\"https:\/\/twitter.com\/matkost04?ref_src=twsrc%5Etfw\">@matkost04<\/a> f\u00fcr das Land Niedersachsen erstellt. Offen und frei zum Lernen, Kopieren und Nachnutzen als <a href=\"https:\/\/twitter.com\/hashtag\/OERde?src=hash&amp;ref_src=twsrc%5Etfw\">#OERde<\/a>:<a href=\"https:\/\/t.co\/xVOMXvkGh0\">https:\/\/t.co\/xVOMXvkGh0<\/a><\/p>\n<p>&mdash; J\u00f6ran Muu\u00df-Merholz (@joeranDE) <a href=\"https:\/\/twitter.com\/joeranDE\/status\/1556617759391457282?ref_src=twsrc%5Etfw\">August 8, 2022<\/a><\/p><\/blockquote>\n<p><script async src=\"https:\/\/platform.twitter.com\/widgets.js\" charset=\"utf-8\"><\/script><\/p>\n<blockquote class=\"twitter-tweet\" data-width=\"550\" data-dnt=\"true\">\n<p lang=\"de\" dir=\"ltr\">heute hab ich 2 werke in unsere anglistik-bibliothek gebracht, weil sie bei den @BookStudies_WWU wohl besser aufgehoben sind als in meinem keller: b\u00fccher in <a href=\"https:\/\/twitter.com\/hashtag\/braille?src=hash&amp;ref_src=twsrc%5Etfw\">#braille<\/a>! eins davon ist eine ausgesonderte dublette der <a href=\"https:\/\/twitter.com\/dzblesen?ref_src=twsrc%5Etfw\">@dzblesen<\/a>, daher hats einen robusten transportkoffer. \ud83d\ude42 <a href=\"https:\/\/t.co\/FJrfTqgWlF\">pic.twitter.com\/FJrfTqgWlF<\/a><\/p>\n<p>&mdash; viola vo\u00df (@v_i_o_l_a) <a href=\"https:\/\/twitter.com\/v_i_o_l_a\/status\/1556914675073200128?ref_src=twsrc%5Etfw\">August 9, 2022<\/a><\/p><\/blockquote>\n<p><script async src=\"https:\/\/platform.twitter.com\/widgets.js\" charset=\"utf-8\"><\/script><\/p>\n<blockquote class=\"twitter-tweet\" data-width=\"550\" data-dnt=\"true\">\n<p lang=\"de\" dir=\"ltr\">ich hab sie in meiner &quot;aktiven schriftlinguistik-zeit&quot; aus interesse + zu demonstrationszwecken erebayt. aber da die zeit ja lange vorbei ist, sollen sie besser anderen zur verf\u00fcgung stehen \u2013 und da bietet sich die buchwissenschaft an, auch wenns keine englischen titel sind. \ud83d\ude42<\/p>\n<p>&mdash; viola vo\u00df (@v_i_o_l_a) <a href=\"https:\/\/twitter.com\/v_i_o_l_a\/status\/1556915501347086337?ref_src=twsrc%5Etfw\">August 9, 2022<\/a><\/p><\/blockquote>\n<p><script async src=\"https:\/\/platform.twitter.com\/widgets.js\" charset=\"utf-8\"><\/script><\/p>\n<blockquote class=\"twitter-tweet\" data-width=\"550\" data-dnt=\"true\">\n<p lang=\"en\" dir=\"ltr\">How do I love books? <br \/>Let me count the ways. <a href=\"https:\/\/twitter.com\/hashtag\/NationalBookLoversDay?src=hash&amp;ref_src=twsrc%5Etfw\">#NationalBookLoversDay<\/a> <a href=\"https:\/\/t.co\/5zFvjz4fvi\">pic.twitter.com\/5zFvjz4fvi<\/a><\/p>\n<p>&mdash; Brunel Library (@Brunel_Library) <a href=\"https:\/\/twitter.com\/Brunel_Library\/status\/1556935130219954178?ref_src=twsrc%5Etfw\">August 9, 2022<\/a><\/p><\/blockquote>\n<p><script async src=\"https:\/\/platform.twitter.com\/widgets.js\" charset=\"utf-8\"><\/script><br \/>\nhttps:\/\/twitter.com\/v_i_o_l_a\/status\/1556950224383401984<br \/>\nhttps:\/\/twitter.com\/v_i_o_l_a\/status\/1556961111504723968<\/p>\n<blockquote class=\"twitter-tweet\" data-width=\"550\" data-dnt=\"true\">\n<p lang=\"de\" dir=\"ltr\">Leichte Bedienung, intuitive Suche: Die Betaversion unseres neuen Katalogs ist online! Besonders im Fokus stehen die Recherche in den Daten, deren Anzeige und der Aufbau einer neuen Bedienungsoberfl\u00e4che. <a href=\"https:\/\/t.co\/bTq5BtUnqQ\">https:\/\/t.co\/bTq5BtUnqQ<\/a> <a href=\"https:\/\/twitter.com\/hashtag\/DNBKatalog?src=hash&amp;ref_src=twsrc%5Etfw\">#DNBKatalog<\/a> <a href=\"https:\/\/t.co\/q865siDXSR\">pic.twitter.com\/q865siDXSR<\/a><\/p>\n<p>&mdash; Deutsche Nationalbibliothek (@DNB_Aktuelles) <a href=\"https:\/\/twitter.com\/DNB_Aktuelles\/status\/1556926674888966144?ref_src=twsrc%5Etfw\">August 9, 2022<\/a><\/p><\/blockquote>\n<p><script async src=\"https:\/\/platform.twitter.com\/widgets.js\" charset=\"utf-8\"><\/script><br \/>\nhttps:\/\/twitter.com\/v_i_o_l_a\/status\/1556969063640977408<\/p>\n<blockquote class=\"twitter-tweet\" data-width=\"550\" data-dnt=\"true\">\n<p lang=\"de\" dir=\"ltr\">Nachdem gestern die B\u00fccher vom <a href=\"https:\/\/twitter.com\/ReclamVerlag?ref_src=twsrc%5Etfw\">@ReclamVerlag<\/a> gebunden wurden, wird heute geschnitten, verpackt und verschickt. <a href=\"https:\/\/t.co\/Q2BU5FzNbq\">pic.twitter.com\/Q2BU5FzNbq<\/a><\/p>\n<p>&mdash; sebastianb1987 (@sebastianb1987) <a href=\"https:\/\/twitter.com\/sebastianb1987\/status\/1556877731308212227?ref_src=twsrc%5Etfw\">August 9, 2022<\/a><\/p><\/blockquote>\n<p><script async src=\"https:\/\/platform.twitter.com\/widgets.js\" charset=\"utf-8\"><\/script><br \/>\nhttps:\/\/twitter.com\/v_i_o_l_a\/status\/1556970033871572999<br \/>\nhttps:\/\/twitter.com\/v_i_o_l_a\/status\/1556970127630995458<\/p>\n<blockquote class=\"twitter-tweet\" data-width=\"550\" data-dnt=\"true\">\n<p lang=\"en\" dir=\"ltr\">&quot;Reading good books is like having conversations with the finest minds of the past.&quot;<br \/>&#8211; Ren\u00e9 Descartes <a href=\"https:\/\/t.co\/yzTuXTQkRF\">pic.twitter.com\/yzTuXTQkRF<\/a><\/p>\n<p>&mdash; Ethics in Bricks (@EthicsInBricks) <a href=\"https:\/\/twitter.com\/EthicsInBricks\/status\/1556946831896186882?ref_src=twsrc%5Etfw\">August 9, 2022<\/a><\/p><\/blockquote>\n<p><script async src=\"https:\/\/platform.twitter.com\/widgets.js\" charset=\"utf-8\"><\/script><\/p>\n<blockquote class=\"twitter-tweet\" data-width=\"550\" data-dnt=\"true\">\n<p lang=\"en\" dir=\"ltr\">bees, england, ca. 1200 <a href=\"https:\/\/t.co\/FoS3bEeeb5\">pic.twitter.com\/FoS3bEeeb5<\/a><\/p>\n<p>&mdash; weird medieval guys BOOK OUT NOW !! (@WeirdMedieval) <a href=\"https:\/\/twitter.com\/WeirdMedieval\/status\/1556764006496493568?ref_src=twsrc%5Etfw\">August 8, 2022<\/a><\/p><\/blockquote>\n<p><script async src=\"https:\/\/platform.twitter.com\/widgets.js\" charset=\"utf-8\"><\/script><br \/>\nhttps:\/\/twitter.com\/v_i_o_l_a\/status\/1556971883387666432<\/p>\n<blockquote class=\"twitter-tweet\" data-width=\"550\" data-dnt=\"true\">\n<p lang=\"de\" dir=\"ltr\">Die Erz\u00e4hlung war popul\u00e4r in der sowjetischen Gesellschaft. Wie die Erinnerung zu verschiedenen Phasen der Nachkriegsgeschichte neu ausgehandelt wurde, erl\u00e4utert <a href=\"https:\/\/twitter.com\/grfeindt?ref_src=twsrc%5Etfw\">@grfeindt<\/a> in unserem Handbuch der Sportgeschichte Osteuropas <a href=\"https:\/\/twitter.com\/FID_Ost?ref_src=twsrc%5Etfw\">@FID_Ost<\/a>, Hg. <a href=\"https:\/\/twitter.com\/AHilbrenner?ref_src=twsrc%5Etfw\">@AHilbrenner<\/a>.<br \/>\u27a1\ufe0f <a href=\"https:\/\/t.co\/WokKYQTRnw\">https:\/\/t.co\/WokKYQTRnw<\/a><\/p>\n<p>&mdash; Leibniz-Institut f\u00fcr Ost- &amp; S\u00fcdosteuropaforschung (@LeibnizIOS) <a href=\"https:\/\/twitter.com\/LeibnizIOS\/status\/1556902699257499648?ref_src=twsrc%5Etfw\">August 9, 2022<\/a><\/p><\/blockquote>\n<p><script async src=\"https:\/\/platform.twitter.com\/widgets.js\" charset=\"utf-8\"><\/script><br \/>\nhttps:\/\/twitter.com\/v_i_o_l_a\/status\/1556972215102480386<\/p>\n<blockquote class=\"twitter-tweet\" data-width=\"550\" data-dnt=\"true\">\n<p lang=\"de\" dir=\"ltr\">Bayern2 radiowissen zum Thema \u201eKrimis\u201c <a href=\"https:\/\/t.co\/QCBQuDxXvq\">https:\/\/t.co\/QCBQuDxXvq<\/a><\/p>\n<p>&mdash; ULB_MS_FachInfo (@ULB_MS_FachInfo) <a href=\"https:\/\/twitter.com\/ULB_MS_FachInfo\/status\/1556886136391438337?ref_src=twsrc%5Etfw\">August 9, 2022<\/a><\/p><\/blockquote>\n<p><script async src=\"https:\/\/platform.twitter.com\/widgets.js\" charset=\"utf-8\"><\/script><\/p>\n<blockquote class=\"twitter-tweet\" data-width=\"550\" data-dnt=\"true\">\n<p lang=\"de\" dir=\"ltr\">Langeweile in den <a href=\"https:\/\/twitter.com\/hashtag\/Sommerferien?src=hash&amp;ref_src=twsrc%5Etfw\">#Sommerferien<\/a>? Dann aufgepasst: Wir suchen euer bestes Reclam-Cover zu B\u00fcchners \u00bbWoyzeck\u00ab! Das Siegercover wird als limitierte Ausgabe gedruckt! Teilnehmen k\u00f6nnen Sch\u00fcler*innen aller Jahrgangsstufen. <a href=\"https:\/\/twitter.com\/hashtag\/twlz?src=hash&amp;ref_src=twsrc%5Etfw\">#twlz<\/a> <a href=\"https:\/\/twitter.com\/hashtag\/coverwettbewerb?src=hash&amp;ref_src=twsrc%5Etfw\">#coverwettbewerb<\/a><br \/>Und so geht\u2019s: \u2b07\ufe0f <a href=\"https:\/\/t.co\/VwhIG6UuAU\">pic.twitter.com\/VwhIG6UuAU<\/a><\/p>\n<p>&mdash; Reclam Verlag (@ReclamVerlag) <a href=\"https:\/\/twitter.com\/ReclamVerlag\/status\/1556875639193477120?ref_src=twsrc%5Etfw\">August 9, 2022<\/a><\/p><\/blockquote>\n<p><script async src=\"https:\/\/platform.twitter.com\/widgets.js\" charset=\"utf-8\"><\/script><\/p>\n<blockquote class=\"twitter-tweet\" data-width=\"550\" data-dnt=\"true\">\n<p lang=\"und\" dir=\"ltr\">cc <a href=\"https:\/\/twitter.com\/CelloAnja?ref_src=twsrc%5Etfw\">@CelloAnja<\/a> \ud83d\ude42 <a href=\"https:\/\/t.co\/XLhrHcVen2\">https:\/\/t.co\/XLhrHcVen2<\/a><\/p>\n<p>&mdash; viola vo\u00df (@v_i_o_l_a) <a href=\"https:\/\/twitter.com\/v_i_o_l_a\/status\/1556972651222007809?ref_src=twsrc%5Etfw\">August 9, 2022<\/a><\/p><\/blockquote>\n<p><script async src=\"https:\/\/platform.twitter.com\/widgets.js\" charset=\"utf-8\"><\/script><\/p>\n<blockquote class=\"twitter-tweet\" data-width=\"550\" data-dnt=\"true\">\n<p lang=\"de\" dir=\"ltr\">Welchen lustigen bibliotheksbezogenen Accounts sollte man folgen?<\/p>\n<p>&mdash; bibtistik (@bibtistik) <a href=\"https:\/\/twitter.com\/bibtistik\/status\/1555553041352474625?ref_src=twsrc%5Etfw\">August 5, 2022<\/a><\/p><\/blockquote>\n<p><script async src=\"https:\/\/platform.twitter.com\/widgets.js\" charset=\"utf-8\"><\/script><\/p>\n<blockquote class=\"twitter-tweet\" data-width=\"550\" data-dnt=\"true\">\n<p lang=\"de\" dir=\"ltr\">Was, wenn cc-Lizenzen missbraucht werden? <a href=\"https:\/\/t.co\/1fiAe4eaeG\">https:\/\/t.co\/1fiAe4eaeG<\/a> <a href=\"https:\/\/twitter.com\/hashtag\/netbib?src=hash&amp;ref_src=twsrc%5Etfw\">#netbib<\/a><\/p>\n<p>&mdash; Juergen Plieninger (@jplie) <a href=\"https:\/\/twitter.com\/jplie\/status\/1556756377225281539?ref_src=twsrc%5Etfw\">August 8, 2022<\/a><\/p><\/blockquote>\n<p><script async src=\"https:\/\/platform.twitter.com\/widgets.js\" charset=\"utf-8\"><\/script><\/p>\n<blockquote class=\"twitter-tweet\" data-width=\"550\" data-dnt=\"true\">\n<p lang=\"en\" dir=\"ltr\">Translators need context! Example: It&#39;s recommended that this product be washed by hand (not in dishwasher). Unfortunately the French translator probably wasn&#39;t told what the translation was to be used for &amp; wrote &quot;It is recommended that you wash your hands&quot; <a href=\"https:\/\/twitter.com\/hashtag\/translation?src=hash&amp;ref_src=twsrc%5Etfw\">#translation<\/a> <a href=\"https:\/\/twitter.com\/hashtag\/tl8?src=hash&amp;ref_src=twsrc%5Etfw\">#tl8<\/a> <a href=\"https:\/\/t.co\/CINeYjU99q\">pic.twitter.com\/CINeYjU99q<\/a><\/p>\n<p>&mdash; LanguageCrawler (@LanguageCrawler) <a href=\"https:\/\/twitter.com\/LanguageCrawler\/status\/1272974247061831682?ref_src=twsrc%5Etfw\">June 16, 2020<\/a><\/p><\/blockquote>\n<p><script async src=\"https:\/\/platform.twitter.com\/widgets.js\" charset=\"utf-8\"><\/script><br \/>\nhttps:\/\/twitter.com\/v_i_o_l_a\/status\/1556973837081874432<\/p>\n<blockquote class=\"twitter-tweet\" data-width=\"550\" data-dnt=\"true\">\n<p lang=\"en\" dir=\"ltr\">It begins. <a href=\"https:\/\/t.co\/AzqBmq933Q\">pic.twitter.com\/AzqBmq933Q<\/a><\/p>\n<p>&mdash; VeryBritishProblems (@SoVeryBritish) <a href=\"https:\/\/twitter.com\/SoVeryBritish\/status\/1556664032320438273?ref_src=twsrc%5Etfw\">August 8, 2022<\/a><\/p><\/blockquote>\n<p><script async src=\"https:\/\/platform.twitter.com\/widgets.js\" charset=\"utf-8\"><\/script><\/p>\n<blockquote class=\"twitter-tweet\" data-width=\"550\" data-dnt=\"true\">\n<p lang=\"en\" dir=\"ltr\">Our book wall is being installed!!! <a href=\"https:\/\/t.co\/YXhwAuB0XF\">pic.twitter.com\/YXhwAuB0XF<\/a><\/p>\n<p>&mdash; Yasmin Rahman (@YasminwithanE) <a href=\"https:\/\/twitter.com\/YasminwithanE\/status\/1556573366718545920?ref_src=twsrc%5Etfw\">August 8, 2022<\/a><\/p><\/blockquote>\n<p><script async src=\"https:\/\/platform.twitter.com\/widgets.js\" charset=\"utf-8\"><\/script><\/p>\n<blockquote class=\"twitter-tweet\" data-width=\"550\" data-dnt=\"true\">\n<p lang=\"de\" dir=\"ltr\">Gro\u00dfdruck f\u00fcr <a href=\"https:\/\/twitter.com\/hashtag\/sehbehinderte?src=hash&amp;ref_src=twsrc%5Etfw\">#sehbehinderte<\/a> Menschen &#8211; das sind <a href=\"https:\/\/twitter.com\/hashtag\/B%C3%BCcher?src=hash&amp;ref_src=twsrc%5Etfw\">#B\u00fccher<\/a> mit extra gro\u00dfer Schrift aus dem dzb lesen zum Ausleihen und Kaufen. H\u00f6rt zum Angebot den SICHTBAR-Podcast: <a href=\"https:\/\/t.co\/DbWQwpk2xj\">https:\/\/t.co\/DbWQwpk2xj<\/a><br \/>Wachsender Gro\u00dfdruck-Katalog: <a href=\"https:\/\/t.co\/3sxpRW3ZO1\">https:\/\/t.co\/3sxpRW3ZO1<\/a><\/p>\n<p>&mdash; Deutsches Zentrum f\u00fcr barrierefreies Lesen (@dzblesen) <a href=\"https:\/\/twitter.com\/dzblesen\/status\/1556632902418456576?ref_src=twsrc%5Etfw\">August 8, 2022<\/a><\/p><\/blockquote>\n<p><script async src=\"https:\/\/platform.twitter.com\/widgets.js\" charset=\"utf-8\"><\/script><br \/>\nhttps:\/\/twitter.com\/v_i_o_l_a\/status\/1556974513115611136<br \/>\nhttps:\/\/twitter.com\/v_i_o_l_a\/status\/1556974605981581318<\/p>\n<blockquote class=\"twitter-tweet\" data-width=\"550\" data-dnt=\"true\">\n<p lang=\"en\" dir=\"ltr\">A book bar where you can slam a book shut on the bar after you\u2019re finished, shout, \u201cAnother!\u201d and the barkeep will choose a new book from your TBR list based on what they think you will most enjoy in the moment like some kind of librarian sommelier<\/p>\n<p>&mdash; \u2728 Tara Wine-Queen Writes \u2728 (@TaraWineQueen) <a href=\"https:\/\/twitter.com\/TaraWineQueen\/status\/1537900442566262784?ref_src=twsrc%5Etfw\">June 17, 2022<\/a><\/p><\/blockquote>\n<p><script async src=\"https:\/\/platform.twitter.com\/widgets.js\" charset=\"utf-8\"><\/script><\/p>\n<blockquote class=\"twitter-tweet\" data-width=\"550\" data-dnt=\"true\">\n<p lang=\"de\" dir=\"ltr\"><a href=\"https:\/\/twitter.com\/hashtag\/Bibliotheksgeschichte?src=hash&amp;ref_src=twsrc%5Etfw\">#Bibliotheksgeschichte<\/a> 2001: &quot;Warum die Bibliothek Bibliothek hei\u00dfen muss und nicht Informationszentrum! 10 Thesen&quot; von J\u00fcrgen Kaestner (In: Mitteilungen der Arbeitsgemeinschaft der Parlaments- und Beh\u00f6rdenbibliotheken, 2\/2001, 5-9, <a href=\"https:\/\/t.co\/ibc9lECPu7\">https:\/\/t.co\/ibc9lECPu7<\/a>)<\/p>\n<p>1\/8<\/p>\n<p>&mdash; karstens (@karstens) <a href=\"https:\/\/twitter.com\/karstens\/status\/1556612390325833729?ref_src=twsrc%5Etfw\">August 8, 2022<\/a><\/p><\/blockquote>\n<p><script async src=\"https:\/\/platform.twitter.com\/widgets.js\" charset=\"utf-8\"><\/script><br \/>\nhttps:\/\/twitter.com\/v_i_o_l_a\/status\/1557006011139067906<\/p>\n<blockquote class=\"twitter-tweet\" data-width=\"550\" data-dnt=\"true\">\n<p lang=\"de\" dir=\"ltr\">&quot;Ironie ist das K\u00f6rnchen Salz, das das Aufgetischte \u00fcberhaupt erst genie\u00dfbar macht.&quot; (Johann Wolfgang von Goethe, 1749\u20131832, dt. Dichter) [via <a href=\"https:\/\/t.co\/L4VYhltLO1\">https:\/\/t.co\/L4VYhltLO1<\/a>]<\/p>\n<p>&mdash; viola vo\u00df (@v_i_o_l_a) <a href=\"https:\/\/twitter.com\/v_i_o_l_a\/status\/1557007062349086720?ref_src=twsrc%5Etfw\">August 9, 2022<\/a><\/p><\/blockquote>\n<p><script async src=\"https:\/\/platform.twitter.com\/widgets.js\" charset=\"utf-8\"><\/script><\/p>\n<blockquote class=\"twitter-tweet\" data-width=\"550\" data-dnt=\"true\">\n<p lang=\"de\" dir=\"ltr\">Bei Jahres-Slider h\u00e4tte ich ein Histogram erwartet in dem sichtbar ist, wie sich Titel \u00fcber den Zeitraum verteilen<\/p>\n<p>&mdash; Jakob @nichtich@openbiblio.social (@nichtich) <a href=\"https:\/\/twitter.com\/nichtich\/status\/1557078882519588864?ref_src=twsrc%5Etfw\">August 9, 2022<\/a><\/p><\/blockquote>\n<p><script async src=\"https:\/\/platform.twitter.com\/widgets.js\" charset=\"utf-8\"><\/script><\/p>\n<blockquote class=\"twitter-tweet\" data-width=\"550\" data-dnt=\"true\">\n<p lang=\"en\" dir=\"ltr\">OK, people, you worked hard to get me to 10K followers, so here is your reward! An epic 62-Tweet thread about the <a href=\"https:\/\/twitter.com\/hashtag\/Voynich?src=hash&amp;ref_src=twsrc%5Etfw\">#Voynich<\/a> manuscript coming your way, starting NOW! <a href=\"https:\/\/t.co\/iwuhRRMX6i\">pic.twitter.com\/iwuhRRMX6i<\/a><\/p>\n<p>&mdash; Lisa Fagin Davis (@lisafdavis) <a href=\"https:\/\/twitter.com\/lisafdavis\/status\/1557092705485967360?ref_src=twsrc%5Etfw\">August 9, 2022<\/a><\/p><\/blockquote>\n<p><script async src=\"https:\/\/platform.twitter.com\/widgets.js\" charset=\"utf-8\"><\/script><\/p>\n<blockquote class=\"twitter-tweet\" data-width=\"550\" data-dnt=\"true\">\n<p lang=\"de\" dir=\"ltr\">TIL: Von 1989 bis 1998 gab es einen &quot;Verein zur F\u00f6rderung bibliothekarischer Berufsperspektiven e.V.&quot;<\/p>\n<p>Bericht zur Gr\u00fcndung: <a href=\"https:\/\/t.co\/wrR0wftgzp\">https:\/\/t.co\/wrR0wftgzp<\/a><\/p>\n<p>Erw\u00e4hnung, dass er aufgel\u00f6st wurde: <a href=\"https:\/\/t.co\/JfIUiPiE2I\">https:\/\/t.co\/JfIUiPiE2I<\/a><\/p>\n<p>&mdash; karstens (@karstens) <a href=\"https:\/\/twitter.com\/karstens\/status\/1557095957254242306?ref_src=twsrc%5Etfw\">August 9, 2022<\/a><\/p><\/blockquote>\n<p><script async src=\"https:\/\/platform.twitter.com\/widgets.js\" charset=\"utf-8\"><\/script><\/p>\n<blockquote class=\"twitter-tweet\" data-width=\"550\" data-dnt=\"true\">\n<p lang=\"de\" dir=\"ltr\">Lassen Sie mich durch ich bin neugierig<\/p>\n<p>&mdash; Gabriel Yoran (@GabrielBerlin) <a href=\"https:\/\/twitter.com\/GabrielBerlin\/status\/1159883261176360967?ref_src=twsrc%5Etfw\">August 9, 2019<\/a><\/p><\/blockquote>\n<p><script async src=\"https:\/\/platform.twitter.com\/widgets.js\" charset=\"utf-8\"><\/script><\/p>\n<blockquote class=\"twitter-tweet\" data-width=\"550\" data-dnt=\"true\">\n<p lang=\"en\" dir=\"ltr\">PhD students presenting their findings to their supervisor: <a href=\"https:\/\/t.co\/knae8Rsehi\">pic.twitter.com\/knae8Rsehi<\/a><\/p>\n<p>&mdash; Daniel Gould, MD, PhD (@DJGould94) <a href=\"https:\/\/twitter.com\/DJGould94\/status\/1556744769912832000?ref_src=twsrc%5Etfw\">August 8, 2022<\/a><\/p><\/blockquote>\n<p><script async src=\"https:\/\/platform.twitter.com\/widgets.js\" charset=\"utf-8\"><\/script><\/p>\n<blockquote class=\"twitter-tweet\" data-width=\"550\" data-dnt=\"true\">\n<p lang=\"de\" dir=\"ltr\">Und deshalb, liebe Kinder, brauchen wir historische W\u00f6rterb\u00fccher. <a href=\"https:\/\/t.co\/p9unPPZyGx\">https:\/\/t.co\/p9unPPZyGx<\/a> <a href=\"https:\/\/t.co\/wHigcLlcaY\">pic.twitter.com\/wHigcLlcaY<\/a><\/p>\n<p>&mdash; Doctoressa ecstatica (@_baldanders) <a href=\"https:\/\/twitter.com\/_baldanders\/status\/1557039208220557314?ref_src=twsrc%5Etfw\">August 9, 2022<\/a><\/p><\/blockquote>\n<p><script async src=\"https:\/\/platform.twitter.com\/widgets.js\" charset=\"utf-8\"><\/script><\/p>\n<blockquote class=\"twitter-tweet\" data-width=\"550\" data-dnt=\"true\">\n<p lang=\"de\" dir=\"ltr\">Oh wie sch\u00f6n: Da kommt man aus dem Urlaub zur\u00fcck und da ist in der Zwischenzeit ein Artikel erschienen: <br \/>Meier-Vieracker, Simon (2022): Fu\u00dfballwortschatz digital. Korpuslinguistische Ressourcen f\u00fcr den Sprachunterricht. In: KorDaF 2 (1), S. 7\u201324. <a href=\"https:\/\/t.co\/nb7JUXgPUP\">https:\/\/t.co\/nb7JUXgPUP<\/a>. <a href=\"https:\/\/t.co\/HR8X0D3WAP\">pic.twitter.com\/HR8X0D3WAP<\/a><\/p>\n<p>&mdash; Smoin Mieer-Vearecikr (@fussballinguist) <a href=\"https:\/\/twitter.com\/fussballinguist\/status\/1556929679982034944?ref_src=twsrc%5Etfw\">August 9, 2022<\/a><\/p><\/blockquote>\n<p><script async src=\"https:\/\/platform.twitter.com\/widgets.js\" charset=\"utf-8\"><\/script><\/p>\n<blockquote class=\"twitter-tweet\" data-width=\"550\" data-dnt=\"true\">\n<p lang=\"en\" dir=\"ltr\">&quot;Where do you see yourself in four years?&quot;<\/p>\n<p>&quot;In your chair, asking better questions.&quot; <a href=\"https:\/\/t.co\/Ef9evMpZtv\">pic.twitter.com\/Ef9evMpZtv<\/a><\/p>\n<p>&mdash; Ethics in Bricks (@EthicsInBricks) <a href=\"https:\/\/twitter.com\/EthicsInBricks\/status\/1557015342324531200?ref_src=twsrc%5Etfw\">August 9, 2022<\/a><\/p><\/blockquote>\n<p><script async src=\"https:\/\/platform.twitter.com\/widgets.js\" charset=\"utf-8\"><\/script><\/p>\n<blockquote class=\"twitter-tweet\" data-width=\"550\" data-dnt=\"true\">\n<p lang=\"de\" dir=\"ltr\">Idee f\u00fcr eine Kolumne in der <a href=\"https:\/\/twitter.com\/infoprax?ref_src=twsrc%5Etfw\">@infoprax<\/a>: &quot;Wo ist hier der Eingang?&quot; &#8211; Ein Fragebogen f\u00fcr Bibliotheks-Quereinsteiger*innen, regelm\u00e4\u00dfig von einer anderen Person beantwortet, die erst seit kurzem in Bibliothek\/Archiv\/Museum arbeitet, und davor woanders gearbeitet hat. <a href=\"https:\/\/t.co\/AMefDuQEUT\">https:\/\/t.co\/AMefDuQEUT<\/a><\/p>\n<p>&mdash; @Lambo@openbiblio.social &#8211; Lambert Heller (@Lambo) <a href=\"https:\/\/twitter.com\/Lambo\/status\/1556994279083491332?ref_src=twsrc%5Etfw\">August 9, 2022<\/a><\/p><\/blockquote>\n<p><script async src=\"https:\/\/platform.twitter.com\/widgets.js\" charset=\"utf-8\"><\/script><br \/>\nhttps:\/\/twitter.com\/v_i_o_l_a\/status\/1557107344500219904<\/p>\n<blockquote class=\"twitter-tweet\" data-width=\"550\" data-dnt=\"true\">\n<p lang=\"en\" dir=\"ltr\">BREAKING: Donald Trump&#39;s personal library was destroyed in the FBI raid of Mar-a-Lago.<\/p>\n<p>Both books are sadly beyond repair, and he hadn&#39;t even finished coloring one in yet.<\/p>\n<p>&mdash; Translate Things (@TranslateThings) <a href=\"https:\/\/twitter.com\/TranslateThings\/status\/1556789017407983617?ref_src=twsrc%5Etfw\">August 8, 2022<\/a><\/p><\/blockquote>\n<p><script async src=\"https:\/\/platform.twitter.com\/widgets.js\" charset=\"utf-8\"><\/script><\/p>\n<blockquote class=\"twitter-tweet\" data-width=\"550\" data-dnt=\"true\">\n<p lang=\"de\" dir=\"ltr\">Kennt ihr schon unsere Webcams? Wer gerade nicht vor Ort ist, aber einen Blick aufs sch\u00f6ne <a href=\"https:\/\/twitter.com\/hashtag\/M%C3%BCnster?src=hash&amp;ref_src=twsrc%5Etfw\">#M\u00fcnster<\/a> werfen m\u00f6chte, hat hier die Gelegenheit! Genie\u00dft den Ausblick vom <a href=\"https:\/\/twitter.com\/hashtag\/Stadthaus?src=hash&amp;ref_src=twsrc%5Etfw\">#Stadthaus<\/a> 1 oder auf den <a href=\"https:\/\/twitter.com\/hashtag\/Prinzipalmarkt?src=hash&amp;ref_src=twsrc%5Etfw\">#Prinzipalmarkt<\/a>:<br \/>\u27a1\ufe0f<a href=\"https:\/\/t.co\/9O5xVnkK8o\">https:\/\/t.co\/9O5xVnkK8o<\/a> <a href=\"https:\/\/t.co\/9dXmw0bpnz\">pic.twitter.com\/9dXmw0bpnz<\/a><\/p>\n<p>&mdash; Stadt M\u00fcnster (@muenster_de) <a href=\"https:\/\/twitter.com\/muenster_de\/status\/1556977342446272512?ref_src=twsrc%5Etfw\">August 9, 2022<\/a><\/p><\/blockquote>\n<p><script async src=\"https:\/\/platform.twitter.com\/widgets.js\" charset=\"utf-8\"><\/script><\/p>\n","protected":false},"excerpt":{"rendered":"<p>&#39;morgen! &mdash; viola vo\u00df (@v_i_o_l_a) August 9, 2022 pic.twitter.com\/sF1pwvrRhj &mdash; BoschBot (@boschbot) August 9, 2022 Frage an die Editionsbubble: Kennt jemand (differenzierte) editionswissenschaftliche Auseinandersetzungen mit den &quot;Empfehlungen zur Edition fr\u00fchneuzeitlicher Texte\u201c der AG au\u00dferuniversit\u00e4rer historischer Forschungseinrichtungen von 1981? (1) &mdash; Corinna Ehlers (corinnaehlers@openbiblio.social) (@CorinnaEhlers) August 8, 2022 &quot;Erschlie\u00dfen, Forschen, Analysieren (EFA22@DNB)\u201c: die @DNB_Aktuelles veranstaltet am [&hellip;]<\/p>\n","protected":false},"author":1,"featured_media":0,"comment_status":"open","ping_status":"open","sticky":false,"template":"","format":"standard","meta":{"footnotes":""},"categories":[36],"tags":[],"class_list":["post-13259","post","type-post","status-publish","format-standard","hentry","category-twitter"],"_links":{"self":[{"href":"https:\/\/www.x-v-x.de\/blog\/index.php?rest_route=\/wp\/v2\/posts\/13259","targetHints":{"allow":["GET"]}}],"collection":[{"href":"https:\/\/www.x-v-x.de\/blog\/index.php?rest_route=\/wp\/v2\/posts"}],"about":[{"href":"https:\/\/www.x-v-x.de\/blog\/index.php?rest_route=\/wp\/v2\/types\/post"}],"author":[{"embeddable":true,"href":"https:\/\/www.x-v-x.de\/blog\/index.php?rest_route=\/wp\/v2\/users\/1"}],"replies":[{"embeddable":true,"href":"https:\/\/www.x-v-x.de\/blog\/index.php?rest_route=%2Fwp%2Fv2%2Fcomments&post=13259"}],"version-history":[{"count":0,"href":"https:\/\/www.x-v-x.de\/blog\/index.php?rest_route=\/wp\/v2\/posts\/13259\/revisions"}],"wp:attachment":[{"href":"https:\/\/www.x-v-x.de\/blog\/index.php?rest_route=%2Fwp%2Fv2%2Fmedia&parent=13259"}],"wp:term":[{"taxonomy":"category","embeddable":true,"href":"https:\/\/www.x-v-x.de\/blog\/index.php?rest_route=%2Fwp%2Fv2%2Fcategories&post=13259"},{"taxonomy":"post_tag","embeddable":true,"href":"https:\/\/www.x-v-x.de\/blog\/index.php?rest_route=%2Fwp%2Fv2%2Ftags&post=13259"}],"curies":[{"name":"wp","href":"https:\/\/api.w.org\/{rel}","templated":true}]}}