{"id":13385,"date":"2022-09-28T13:01:31","date_gmt":"2022-09-28T11:01:31","guid":{"rendered":"https:\/\/www.x-v-x.de\/blog\/?p=13385"},"modified":"2022-10-30T13:04:41","modified_gmt":"2022-10-30T12:04:41","slug":"tweets-2022-09-27","status":"publish","type":"post","link":"https:\/\/www.x-v-x.de\/blog\/?p=13385","title":{"rendered":"tweets | 2022-09-27"},"content":{"rendered":"<blockquote class=\"twitter-tweet\" data-width=\"550\" data-dnt=\"true\">\n<p lang=\"nl\" dir=\"ltr\">&#39;morgen!<\/p>\n<p>&mdash; viola vo\u00df (@v_i_o_l_a) <a href=\"https:\/\/twitter.com\/v_i_o_l_a\/status\/1574615671782182922?ref_src=twsrc%5Etfw\">September 27, 2022<\/a><\/p><\/blockquote>\n<p><script async src=\"https:\/\/platform.twitter.com\/widgets.js\" charset=\"utf-8\"><\/script><\/p>\n<blockquote class=\"twitter-tweet\" data-width=\"550\" data-dnt=\"true\">\n<p lang=\"de\" dir=\"ltr\">Unterwegs zum Treffen des Sounding Boards von <a href=\"https:\/\/twitter.com\/FlyingLess_de?ref_src=twsrc%5Etfw\">@FlyingLess_de<\/a> in Heidelberg. Was ein Sounding Board eigentlich ist und macht? Das sind Fachmenschen, die ein Projekt von au\u00dfen reflektieren und begleiten. Es ist mein erstes Mal in einem Sounding Board. W\u00fcnscht uns viel Erfolg. <a href=\"https:\/\/t.co\/vAY8Z7aYYL\">pic.twitter.com\/vAY8Z7aYYL<\/a><\/p>\n<p>&mdash; Fuzzy Leapfrog (@FuzzyLeapfrog) <a href=\"https:\/\/twitter.com\/FuzzyLeapfrog\/status\/1574633495887900672?ref_src=twsrc%5Etfw\">September 27, 2022<\/a><\/p><\/blockquote>\n<p><script async src=\"https:\/\/platform.twitter.com\/widgets.js\" charset=\"utf-8\"><\/script><\/p>\n<blockquote class=\"twitter-tweet\" data-width=\"550\" data-dnt=\"true\">\n<p lang=\"de\" dir=\"ltr\">wie schon so oft eine Empfehlung f\u00fcr ein tolles Magazin mit kreativen Ans\u00e4tzen f\u00fcr die moderne Arbeitswelt @neuenarrative <a href=\"https:\/\/t.co\/LZcXzIyhhv\">https:\/\/t.co\/LZcXzIyhhv<\/a><\/p>\n<p>&mdash; Anna Lisa Schwartz (@AL_Schwartz_) <a href=\"https:\/\/twitter.com\/AL_Schwartz_\/status\/1574634535156736000?ref_src=twsrc%5Etfw\">September 27, 2022<\/a><\/p><\/blockquote>\n<p><script async src=\"https:\/\/platform.twitter.com\/widgets.js\" charset=\"utf-8\"><\/script><br \/>\nhttps:\/\/twitter.com\/v_i_o_l_a\/status\/1574635168643547136<\/p>\n<blockquote class=\"twitter-tweet\" data-width=\"550\" data-dnt=\"true\">\n<p lang=\"de\" dir=\"ltr\">&quot;Der ideale Ehemann ist ein unbest\u00e4tigtes Ger\u00fccht.&quot; (Brigitte Bardot, *1934, franz\u00f6sische Schauspielerin) [via <a href=\"https:\/\/t.co\/L4VYhltLO1\">https:\/\/t.co\/L4VYhltLO1<\/a>]<\/p>\n<p>&mdash; viola vo\u00df (@v_i_o_l_a) <a href=\"https:\/\/twitter.com\/v_i_o_l_a\/status\/1574646960165949442?ref_src=twsrc%5Etfw\">September 27, 2022<\/a><\/p><\/blockquote>\n<p><script async src=\"https:\/\/platform.twitter.com\/widgets.js\" charset=\"utf-8\"><\/script><br \/>\nhttps:\/\/twitter.com\/v_i_o_l_a\/status\/1574648115931619328<br \/>\nhttps:\/\/twitter.com\/v_i_o_l_a\/status\/1574650093256560641<br \/>\nhttps:\/\/twitter.com\/v_i_o_l_a\/status\/1574653966880849922<br \/>\nhttps:\/\/twitter.com\/v_i_o_l_a\/status\/1574658914326646784<\/p>\n<blockquote class=\"twitter-tweet\" data-width=\"550\" data-dnt=\"true\">\n<p lang=\"de\" dir=\"ltr\"><a href=\"https:\/\/twitter.com\/hashtag\/servicetweet?src=hash&amp;ref_src=twsrc%5Etfw\">#servicetweet<\/a> f\u00fcr kollegen der <a href=\"https:\/\/twitter.com\/wwu_muenster?ref_src=twsrc%5Etfw\">@WWU_Muenster<\/a>: bei reisekosten-abrechnungen mit belegen in auslandsw\u00e4hrung den abgebuchten \u20ac-betrag angeben, weil die umrechnungsfaktoren in SAP nicht aktuell sind. \u261d\ufe0f  und der datenbegleitzettel muss gedruckt &amp; geschickt werden, auch ohne belege.<\/p>\n<p>&mdash; viola vo\u00df (@v_i_o_l_a) <a href=\"https:\/\/twitter.com\/v_i_o_l_a\/status\/1574673543232720896?ref_src=twsrc%5Etfw\">September 27, 2022<\/a><\/p><\/blockquote>\n<p><script async src=\"https:\/\/platform.twitter.com\/widgets.js\" charset=\"utf-8\"><\/script><\/p>\n<blockquote class=\"twitter-tweet\" data-width=\"550\" data-dnt=\"true\">\n<p lang=\"en\" dir=\"ltr\">&quot;Building Digital Humanities&quot;: symposium spread over a three week period (6\/7 \u2013 25 november), all sessions will be recorded and made available for asynchronous viewing. <a href=\"https:\/\/t.co\/brqZds2Z0S\">https:\/\/t.co\/brqZds2Z0S<\/a> <a href=\"https:\/\/twitter.com\/hashtag\/BuildingDH2022?src=hash&amp;ref_src=twsrc%5Etfw\">#BuildingDH2022<\/a> <a href=\"https:\/\/twitter.com\/hashtag\/DigitalHumanities?src=hash&amp;ref_src=twsrc%5Etfw\">#DigitalHumanities<\/a> <a href=\"https:\/\/twitter.com\/hashtag\/Australia?src=hash&amp;ref_src=twsrc%5Etfw\">#Australia<\/a><\/p>\n<p>&mdash; viola vo\u00df (@v_i_o_l_a) <a href=\"https:\/\/twitter.com\/v_i_o_l_a\/status\/1574675627520712704?ref_src=twsrc%5Etfw\">September 27, 2022<\/a><\/p><\/blockquote>\n<p><script async src=\"https:\/\/platform.twitter.com\/widgets.js\" charset=\"utf-8\"><\/script><br \/>\nhttps:\/\/twitter.com\/v_i_o_l_a\/status\/1574689349681168385<br \/>\nhttps:\/\/twitter.com\/v_i_o_l_a\/status\/1574701399182540802<\/p>\n<blockquote class=\"twitter-tweet\" data-width=\"550\" data-dnt=\"true\">\n<p lang=\"de\" dir=\"ltr\">Was immer es ist was diese Menschen zum Auswandern bewegt: weitermachen <a href=\"https:\/\/t.co\/hA2Omal01H\">https:\/\/t.co\/hA2Omal01H<\/a><\/p>\n<p>&mdash; Jens Temmen (@JensTemmen) <a href=\"https:\/\/twitter.com\/JensTemmen\/status\/1574702172675383296?ref_src=twsrc%5Etfw\">September 27, 2022<\/a><\/p><\/blockquote>\n<p><script async src=\"https:\/\/platform.twitter.com\/widgets.js\" charset=\"utf-8\"><\/script><\/p>\n<blockquote class=\"twitter-tweet\" data-width=\"550\" data-dnt=\"true\">\n<p lang=\"de\" dir=\"ltr\">Erkennen Sie die versteckte Botschaft im Portr\u00e4t von <a href=\"https:\/\/twitter.com\/hashtag\/MosesMendelssohn?src=hash&amp;ref_src=twsrc%5Etfw\">#MosesMendelssohn<\/a>, den Text hinter den feinen Linien? Solche <a href=\"https:\/\/twitter.com\/hashtag\/Mikrographien?src=hash&amp;ref_src=twsrc%5Etfw\">#Mikrographien<\/a> waren im 17. und 18. Jh. sehr beliebt. Bis zum 3.10. zu sehen in der <a href=\"https:\/\/twitter.com\/hashtag\/Sonderausstellung?src=hash&amp;ref_src=twsrc%5Etfw\">#Sonderausstellung<\/a> &quot;Wir machen B\u00fccher&quot; an der <a href=\"https:\/\/twitter.com\/hashtag\/HAB_WF?src=hash&amp;ref_src=twsrc%5Etfw\">#HAB_WF<\/a>: <a href=\"https:\/\/t.co\/60PPpbNZKL\">https:\/\/t.co\/60PPpbNZKL<\/a> <a href=\"https:\/\/t.co\/pa0k0Z5Jwt\">pic.twitter.com\/pa0k0Z5Jwt<\/a><\/p>\n<p>&mdash; Herzog August Bibliothek (@hab_wf) <a href=\"https:\/\/twitter.com\/hab_wf\/status\/1574640478967824384?ref_src=twsrc%5Etfw\">September 27, 2022<\/a><\/p><\/blockquote>\n<p><script async src=\"https:\/\/platform.twitter.com\/widgets.js\" charset=\"utf-8\"><\/script><br \/>\nhttps:\/\/twitter.com\/v_i_o_l_a\/status\/1574709403667800064<br \/>\nhttps:\/\/twitter.com\/v_i_o_l_a\/status\/1574726688960925696<br \/>\nhttps:\/\/twitter.com\/v_i_o_l_a\/status\/1574726701879332864<br \/>\nhttps:\/\/twitter.com\/v_i_o_l_a\/status\/1574728037672812544<\/p>\n<blockquote class=\"twitter-tweet\" data-width=\"550\" data-dnt=\"true\">\n<p lang=\"de\" dir=\"ltr\">Der Sprachwissenschaftler Klaas-Hinrich Ehlers vom Institut f\u00fcr Deutsche und Niederl\u00e4ndische Philologie der <a href=\"https:\/\/twitter.com\/FU_Berlin?ref_src=twsrc%5Etfw\">@FU_Berlin<\/a> ist mit dem Fritz-Reuter-Preis der Carl-Toepfer-Stiftung f\u00fcr seine Forschung zum Plattdeutschen geehrt worden.<a href=\"https:\/\/t.co\/ggXzE8XfnL\">https:\/\/t.co\/ggXzE8XfnL<\/a><\/p>\n<p>&mdash; Freie Universit\u00e4t (@FU_Berlin) <a href=\"https:\/\/twitter.com\/FU_Berlin\/status\/1574777692720873473?ref_src=twsrc%5Etfw\">September 27, 2022<\/a><\/p><\/blockquote>\n<p><script async src=\"https:\/\/platform.twitter.com\/widgets.js\" charset=\"utf-8\"><\/script><br \/>\nhttps:\/\/twitter.com\/v_i_o_l_a\/status\/1574786336279650304<\/p>\n<blockquote class=\"twitter-tweet\" data-width=\"550\" data-dnt=\"true\">\n<p lang=\"de\" dir=\"ltr\">Die <a href=\"https:\/\/twitter.com\/AG_univerlage?ref_src=twsrc%5Etfw\">@AG_univerlage<\/a> hat ihre Qualit\u00e4tsstandards f\u00fcr <a href=\"https:\/\/twitter.com\/hashtag\/OpenAccessBooks?src=hash&amp;ref_src=twsrc%5Etfw\">#OpenAccessBooks<\/a> \u00fcberarbeitet und in &quot;notwendig&quot; und &quot;empfohlen&quot; unterteilt. K\u00f6nnt Ihr hier <a href=\"https:\/\/t.co\/2cqjCN787v\">https:\/\/t.co\/2cqjCN787v<\/a> nachlesen. Wir an der <a href=\"https:\/\/twitter.com\/subugoe?ref_src=twsrc%5Etfw\">@subugoe<\/a> k\u00f6nnen noch nicht alles top erf\u00fcllen, aber wir wissen, was wir erreichen m\u00fcssen.<\/p>\n<p>&mdash; Universit\u00e4tsverlag G\u00f6ttingen (@univerlag) <a href=\"https:\/\/twitter.com\/univerlag\/status\/1574774377186574346?ref_src=twsrc%5Etfw\">September 27, 2022<\/a><\/p><\/blockquote>\n<p><script async src=\"https:\/\/platform.twitter.com\/widgets.js\" charset=\"utf-8\"><\/script><br \/>\nhttps:\/\/twitter.com\/v_i_o_l_a\/status\/1574836115831492627<br \/>\nhttps:\/\/twitter.com\/v_i_o_l_a\/status\/1574836188258734129<br \/>\nhttps:\/\/twitter.com\/v_i_o_l_a\/status\/1574836561992192002<\/p>\n<blockquote class=\"twitter-tweet\" data-width=\"550\" data-dnt=\"true\">\n<p lang=\"und\" dir=\"ltr\">cc <a href=\"https:\/\/twitter.com\/FuzzyLeapfrog?ref_src=twsrc%5Etfw\">@FuzzyLeapfrog<\/a> \ud83d\ude42 <a href=\"https:\/\/t.co\/aw5Je2nwNW\">https:\/\/t.co\/aw5Je2nwNW<\/a><\/p>\n<p>&mdash; viola vo\u00df (@v_i_o_l_a) <a href=\"https:\/\/twitter.com\/v_i_o_l_a\/status\/1574836746956804115?ref_src=twsrc%5Etfw\">September 27, 2022<\/a><\/p><\/blockquote>\n<p><script async src=\"https:\/\/platform.twitter.com\/widgets.js\" charset=\"utf-8\"><\/script><br \/>\nhttps:\/\/twitter.com\/v_i_o_l_a\/status\/1574836851000709145<\/p>\n<blockquote class=\"twitter-tweet\" data-width=\"550\" data-dnt=\"true\">\n<p lang=\"en\" dir=\"ltr\">\u201cI\u2019m really stressed, it\u2019s proving to be a very hard day, I don\u2019t know how to cope, I\u2019m so tired\u201d<\/p>\n<p>A British person: \u201cI think you need a mug of hot brown leaf water\u201d<\/p>\n<p>&mdash; VeryBritishProblems (@SoVeryBritish) <a href=\"https:\/\/twitter.com\/SoVeryBritish\/status\/1574802804329283585?ref_src=twsrc%5Etfw\">September 27, 2022<\/a><\/p><\/blockquote>\n<p><script async src=\"https:\/\/platform.twitter.com\/widgets.js\" charset=\"utf-8\"><\/script><\/p>\n<blockquote class=\"twitter-tweet\" data-width=\"550\" data-dnt=\"true\">\n<p lang=\"de\" dir=\"ltr\">Gr\u00fc\u00dfe gehen raus an alle, denen gesagt wurde, dass sie niemals ihren Traum leben und es niemals zu etwas bringen werden.<br \/>H\u00f6rt nicht auf, an euch zu glauben. <a href=\"https:\/\/t.co\/NmmMmL7vd5\">https:\/\/t.co\/NmmMmL7vd5<\/a><\/p>\n<p>&mdash; Miriam Hollstein (@HollsteinM) <a href=\"https:\/\/twitter.com\/HollsteinM\/status\/1574757310416801792?ref_src=twsrc%5Etfw\">September 27, 2022<\/a><\/p><\/blockquote>\n<p><script async src=\"https:\/\/platform.twitter.com\/widgets.js\" charset=\"utf-8\"><\/script><br \/>\nhttps:\/\/twitter.com\/v_i_o_l_a\/status\/1574837473988976640<\/p>\n<blockquote class=\"twitter-tweet\" data-width=\"550\" data-dnt=\"true\">\n<p lang=\"en\" dir=\"ltr\">&quot;You own my lamp,&quot; the genie said, &quot;and so I am obliged to offer you a wish.&quot;<br \/>&quot;Are there any restrictions?&quot;<br \/>&quot;Only one. I can only fulfill wishes you will regret making.&quot;<br \/>&quot;Well, that&#39;s simple. I wish you were free.&quot;<br \/>&quot;That wish&#8230; I can grant.&quot;<\/p>\n<p>&mdash; Micro SF\/F stories (@MicroSFF) <a href=\"https:\/\/twitter.com\/MicroSFF\/status\/1574780214818869250?ref_src=twsrc%5Etfw\">September 27, 2022<\/a><\/p><\/blockquote>\n<p><script async src=\"https:\/\/platform.twitter.com\/widgets.js\" charset=\"utf-8\"><\/script><\/p>\n<blockquote class=\"twitter-tweet\" data-width=\"550\" data-dnt=\"true\">\n<p lang=\"de\" dir=\"ltr\">Ich finde die Metaphern des Fahrradfahrens und Musizierens sehr gut. Kennt jemand Literatur, in denen diese Metaphern ausgearbeitet sind (ggf. auch deren Grenzen)? <a href=\"https:\/\/t.co\/cI02shsJQF\">https:\/\/t.co\/cI02shsJQF<\/a><\/p>\n<p>&mdash; Christian Spannagel (@dunkelmunkel) <a href=\"https:\/\/twitter.com\/dunkelmunkel\/status\/1574765510545252353?ref_src=twsrc%5Etfw\">September 27, 2022<\/a><\/p><\/blockquote>\n<p><script async src=\"https:\/\/platform.twitter.com\/widgets.js\" charset=\"utf-8\"><\/script><\/p>\n<blockquote class=\"twitter-tweet\" data-width=\"550\" data-dnt=\"true\">\n<p lang=\"de\" dir=\"ltr\">Viele Menschen glauben, eine Promotion in Sprachwissenschaft habe keinen praktischen Nutzen, aber ich habe es eben nach nur zweist\u00fcndiger hermeneutischer Lekt\u00fcre tats\u00e4chlich geschafft, die Regeln f\u00fcr das 29\u20ac-Ticket der <a href=\"https:\/\/twitter.com\/BVG_Kampagne?ref_src=twsrc%5Etfw\">@BVG_Kampagne<\/a> zu verstehen!<\/p>\n<p>&mdash; Anatol Stefanowitsch (@astefanowitsch) <a href=\"https:\/\/twitter.com\/astefanowitsch\/status\/1574746737411260417?ref_src=twsrc%5Etfw\">September 27, 2022<\/a><\/p><\/blockquote>\n<p><script async src=\"https:\/\/platform.twitter.com\/widgets.js\" charset=\"utf-8\"><\/script><br \/>\nhttps:\/\/twitter.com\/v_i_o_l_a\/status\/1574840195517747204<\/p>\n<blockquote class=\"twitter-tweet\" data-width=\"550\" data-dnt=\"true\">\n<p lang=\"en\" dir=\"ltr\">I am now convinced that the APC business model is dead. It&#39;s over. It will take us back to where we started: the serials crisis. I really hope that diamond <a href=\"https:\/\/twitter.com\/hashtag\/openaccess?src=hash&amp;ref_src=twsrc%5Etfw\">#openaccess<\/a> will develop in the interest of institutions and scholars.<\/p>\n<p>&mdash; @ahacker@mastodon.online (@ahacker) <a href=\"https:\/\/twitter.com\/ahacker\/status\/1574753327136624642?ref_src=twsrc%5Etfw\">September 27, 2022<\/a><\/p><\/blockquote>\n<p><script async src=\"https:\/\/platform.twitter.com\/widgets.js\" charset=\"utf-8\"><\/script><\/p>\n<blockquote class=\"twitter-tweet\" data-width=\"550\" data-dnt=\"true\">\n<p lang=\"en\" dir=\"ltr\">\u201cHave you had a chance to read my email?\u201d<br \/>\u201cWhen did you send it?\u201d<br \/>\u201cJust now\u201d<br \/>\u201cWell\u2026 I guess we\u2019ll have to go with \u2018no\u2019 in that case, won\u2019t we?\u201d<\/p>\n<p>&mdash; VeryBritishProblems (@SoVeryBritish) <a href=\"https:\/\/twitter.com\/SoVeryBritish\/status\/1574753079991455744?ref_src=twsrc%5Etfw\">September 27, 2022<\/a><\/p><\/blockquote>\n<p><script async src=\"https:\/\/platform.twitter.com\/widgets.js\" charset=\"utf-8\"><\/script><br \/>\nhttps:\/\/twitter.com\/v_i_o_l_a\/status\/1574841856239833106<\/p>\n<blockquote class=\"twitter-tweet\" data-width=\"550\" data-dnt=\"true\">\n<p lang=\"de\" dir=\"ltr\">1922 wurde James Joyce&#39; \u201eUlysses\u201c erstmals in einer kleinen Buchhandlung in Paris ver\u00f6ffentlicht. <a href=\"https:\/\/twitter.com\/ARTEde?ref_src=twsrc%5Etfw\">@ARTEde<\/a> zeigt nach der Vorlage des Historikers &amp; Joyce-Experten Frank Callanan &amp; unter Regie von Ru\u00e1n Magan die Doku \u201e100 Jahre Ulysses\u201c <a href=\"https:\/\/t.co\/JDiBGhZxZx\">https:\/\/t.co\/JDiBGhZxZx<\/a><\/p>\n<p>&mdash; B\u00fcchereien Wien (@buechereiwien) <a href=\"https:\/\/twitter.com\/buechereiwien\/status\/1574730876075786241?ref_src=twsrc%5Etfw\">September 27, 2022<\/a><\/p><\/blockquote>\n<p><script async src=\"https:\/\/platform.twitter.com\/widgets.js\" charset=\"utf-8\"><\/script><br \/>\nhttps:\/\/twitter.com\/v_i_o_l_a\/status\/1574842075698401301<\/p>\n<blockquote class=\"twitter-tweet\" data-width=\"550\" data-dnt=\"true\">\n<p lang=\"en\" dir=\"ltr\">\u201cI\u2019m not sure I follow\u201d &#8211; Translation: What on Earth are you going on about?<\/p>\n<p>&mdash; VeryBritishProblems (@SoVeryBritish) <a href=\"https:\/\/twitter.com\/SoVeryBritish\/status\/1574703045698412544?ref_src=twsrc%5Etfw\">September 27, 2022<\/a><\/p><\/blockquote>\n<p><script async src=\"https:\/\/platform.twitter.com\/widgets.js\" charset=\"utf-8\"><\/script><\/p>\n<blockquote class=\"twitter-tweet\" data-width=\"550\" data-dnt=\"true\">\n<p lang=\"en\" dir=\"ltr\">Listen if anyone finds one of these on, like, Critical management studies at work : negotiating tensions between theory and practice (Cox et al) or whatever, please tell us. <\/p>\n<p>In fact we do have some like this in our Special Collections, here&#39;s one of them. <a href=\"https:\/\/t.co\/zWWdtRB84O\">https:\/\/t.co\/zWWdtRB84O<\/a> <a href=\"https:\/\/t.co\/FnMceEmMjv\">pic.twitter.com\/FnMceEmMjv<\/a><\/p>\n<p>&mdash; Uni Of York Library (@UoYLibrary) <a href=\"https:\/\/twitter.com\/UoYLibrary\/status\/1574691183158337536?ref_src=twsrc%5Etfw\">September 27, 2022<\/a><\/p><\/blockquote>\n<p><script async src=\"https:\/\/platform.twitter.com\/widgets.js\" charset=\"utf-8\"><\/script><\/p>\n<blockquote class=\"twitter-tweet\" data-width=\"550\" data-dnt=\"true\">\n<p lang=\"de\" dir=\"ltr\">Das MUSSTE ja kommen: Moritz Ba\u00dfler <a href=\"https:\/\/twitter.com\/ba_moritz?ref_src=twsrc%5Etfw\">@ba_moritz<\/a> malt bei seiner Einf\u00fchrung in die Sektion <a href=\"https:\/\/twitter.com\/hashtag\/Bedeutsamkeit?src=hash&amp;ref_src=twsrc%5Etfw\">#Bedeutsamkeit<\/a> beim <a href=\"https:\/\/twitter.com\/hashtag\/Germanistentag?src=hash&amp;ref_src=twsrc%5Etfw\">#Germanistentag<\/a> <a href=\"https:\/\/twitter.com\/UniPaderborn?ref_src=twsrc%5Etfw\">@UniPaderborn<\/a> ein wundersch\u00f6nes Tafelbild! <a href=\"https:\/\/t.co\/YgYLOysC8P\">pic.twitter.com\/YgYLOysC8P<\/a><\/p>\n<p>&mdash; Neuere deutsche Literatur T\u00fcbingen Georg Braungart (@germanistik_tue) <a href=\"https:\/\/twitter.com\/germanistik_tue\/status\/1574681844540329984?ref_src=twsrc%5Etfw\">September 27, 2022<\/a><\/p><\/blockquote>\n<p><script async src=\"https:\/\/platform.twitter.com\/widgets.js\" charset=\"utf-8\"><\/script><br \/>\nhttps:\/\/twitter.com\/v_i_o_l_a\/status\/1574844337174810624<br \/>\nhttps:\/\/twitter.com\/v_i_o_l_a\/status\/1574844366543327234<\/p>\n<blockquote class=\"twitter-tweet\" data-width=\"550\" data-dnt=\"true\">\n<p lang=\"de\" dir=\"ltr\">SWR2 Wissen: \u201eSchlecht- oder Rechtschreiben \u2013 Provokante Thesen zur Orthografie\u201c <a href=\"https:\/\/t.co\/lOPdEYSGt5\">https:\/\/t.co\/lOPdEYSGt5<\/a><\/p>\n<p>&mdash; ULB_MS_FachInfo (@ULB_MS_FachInfo) <a href=\"https:\/\/twitter.com\/ULB_MS_FachInfo\/status\/1574658203563982854?ref_src=twsrc%5Etfw\">September 27, 2022<\/a><\/p><\/blockquote>\n<p><script async src=\"https:\/\/platform.twitter.com\/widgets.js\" charset=\"utf-8\"><\/script><br \/>\nhttps:\/\/twitter.com\/v_i_o_l_a\/status\/1574845332655116291<br \/>\nhttps:\/\/twitter.com\/v_i_o_l_a\/status\/1574846048631136256<br \/>\nhttps:\/\/twitter.com\/v_i_o_l_a\/status\/1574846183406706693<\/p>\n","protected":false},"excerpt":{"rendered":"<p>&#39;morgen! &mdash; viola vo\u00df (@v_i_o_l_a) September 27, 2022 Unterwegs zum Treffen des Sounding Boards von @FlyingLess_de in Heidelberg. Was ein Sounding Board eigentlich ist und macht? Das sind Fachmenschen, die ein Projekt von au\u00dfen reflektieren und begleiten. Es ist mein erstes Mal in einem Sounding Board. W\u00fcnscht uns viel Erfolg. pic.twitter.com\/vAY8Z7aYYL &mdash; Fuzzy Leapfrog (@FuzzyLeapfrog) [&hellip;]<\/p>\n","protected":false},"author":1,"featured_media":0,"comment_status":"open","ping_status":"open","sticky":false,"template":"","format":"standard","meta":{"footnotes":""},"categories":[36],"tags":[],"class_list":["post-13385","post","type-post","status-publish","format-standard","hentry","category-twitter"],"_links":{"self":[{"href":"https:\/\/www.x-v-x.de\/blog\/index.php?rest_route=\/wp\/v2\/posts\/13385","targetHints":{"allow":["GET"]}}],"collection":[{"href":"https:\/\/www.x-v-x.de\/blog\/index.php?rest_route=\/wp\/v2\/posts"}],"about":[{"href":"https:\/\/www.x-v-x.de\/blog\/index.php?rest_route=\/wp\/v2\/types\/post"}],"author":[{"embeddable":true,"href":"https:\/\/www.x-v-x.de\/blog\/index.php?rest_route=\/wp\/v2\/users\/1"}],"replies":[{"embeddable":true,"href":"https:\/\/www.x-v-x.de\/blog\/index.php?rest_route=%2Fwp%2Fv2%2Fcomments&post=13385"}],"version-history":[{"count":0,"href":"https:\/\/www.x-v-x.de\/blog\/index.php?rest_route=\/wp\/v2\/posts\/13385\/revisions"}],"wp:attachment":[{"href":"https:\/\/www.x-v-x.de\/blog\/index.php?rest_route=%2Fwp%2Fv2%2Fmedia&parent=13385"}],"wp:term":[{"taxonomy":"category","embeddable":true,"href":"https:\/\/www.x-v-x.de\/blog\/index.php?rest_route=%2Fwp%2Fv2%2Fcategories&post=13385"},{"taxonomy":"post_tag","embeddable":true,"href":"https:\/\/www.x-v-x.de\/blog\/index.php?rest_route=%2Fwp%2Fv2%2Ftags&post=13385"}],"curies":[{"name":"wp","href":"https:\/\/api.w.org\/{rel}","templated":true}]}}