{"id":13508,"date":"2022-10-25T15:46:26","date_gmt":"2022-10-25T13:46:26","guid":{"rendered":"https:\/\/www.x-v-x.de\/blog\/?p=13508"},"modified":"2023-02-05T15:46:39","modified_gmt":"2023-02-05T14:46:39","slug":"tweets-2022-10-24","status":"publish","type":"post","link":"https:\/\/www.x-v-x.de\/blog\/?p=13508","title":{"rendered":"tweets | 2022-10-24"},"content":{"rendered":"<blockquote class=\"twitter-tweet\" data-width=\"550\" data-dnt=\"true\">\n<p lang=\"nl\" dir=\"ltr\">&#39;morgen!<\/p>\n<p>&mdash; viola vo\u00df (@v_i_o_l_a) <a href=\"https:\/\/twitter.com\/v_i_o_l_a\/status\/1584401330705080321?ref_src=twsrc%5Etfw\">October 24, 2022<\/a><\/p><\/blockquote>\n<p><script async src=\"https:\/\/platform.twitter.com\/widgets.js\" charset=\"utf-8\"><\/script><\/p>\n<blockquote class=\"twitter-tweet\" data-width=\"550\" data-dnt=\"true\">\n<p lang=\"de\" dir=\"ltr\">heute in zwei monaten ist heiligabend. <a href=\"https:\/\/twitter.com\/hashtag\/servicetweet?src=hash&amp;ref_src=twsrc%5Etfw\">#servicetweet<\/a><\/p>\n<p>&mdash; viola vo\u00df (@v_i_o_l_a) <a href=\"https:\/\/twitter.com\/v_i_o_l_a\/status\/1584402239707238401?ref_src=twsrc%5Etfw\">October 24, 2022<\/a><\/p><\/blockquote>\n<p><script async src=\"https:\/\/platform.twitter.com\/widgets.js\" charset=\"utf-8\"><\/script><br \/>\nhttps:\/\/twitter.com\/v_i_o_l_a\/status\/1584402465143017472<\/p>\n<blockquote class=\"twitter-tweet\" data-width=\"550\" data-dnt=\"true\">\n<p lang=\"de\" dir=\"ltr\">&quot;Gebt den Leuten mehr Schlaf \u2013 und sie werden wacher sein, wenn sie wach sind.&quot; (Kurt Tucholsky, 1890\u20131935, dt. Journalist und Schriftsteller) [via <a href=\"https:\/\/t.co\/L4VYhlujDz\">https:\/\/t.co\/L4VYhlujDz<\/a>]<\/p>\n<p>&mdash; viola vo\u00df (@v_i_o_l_a) <a href=\"https:\/\/twitter.com\/v_i_o_l_a\/status\/1584403456089288704?ref_src=twsrc%5Etfw\">October 24, 2022<\/a><\/p><\/blockquote>\n<p><script async src=\"https:\/\/platform.twitter.com\/widgets.js\" charset=\"utf-8\"><\/script><\/p>\n<blockquote class=\"twitter-tweet\" data-width=\"550\" data-dnt=\"true\">\n<p lang=\"de\" dir=\"ltr\">Auf dem DAAD Thematic Monitoring vor zwei Wocehn habe ich so viele interessante Projekte kennengelernt. U.a. das hier, zu Peer-to-Peer Learning und Augmented Reality: Website: <a href=\"https:\/\/t.co\/kyqNsjoOkX\">https:\/\/t.co\/kyqNsjoOkX<\/a>; MOOC: <a href=\"https:\/\/t.co\/ciYNemBob1\">https:\/\/t.co\/ciYNemBob1<\/a><\/p>\n<p>&mdash; Jules Buendgens-Kosten (@BuendgensKosten) <a href=\"https:\/\/twitter.com\/BuendgensKosten\/status\/1584419891775361031?ref_src=twsrc%5Etfw\">October 24, 2022<\/a><\/p><\/blockquote>\n<p><script async src=\"https:\/\/platform.twitter.com\/widgets.js\" charset=\"utf-8\"><\/script><\/p>\n<blockquote class=\"twitter-tweet\" data-width=\"550\" data-dnt=\"true\">\n<p lang=\"en\" dir=\"ltr\">I love this <a href=\"https:\/\/t.co\/VD1ZbJ5sQv\">pic.twitter.com\/VD1ZbJ5sQv<\/a><\/p>\n<p>&mdash; Nancy Pearl (@Nancy_Pearl) <a href=\"https:\/\/twitter.com\/Nancy_Pearl\/status\/1573499234732871680?ref_src=twsrc%5Etfw\">September 24, 2022<\/a><\/p><\/blockquote>\n<p><script async src=\"https:\/\/platform.twitter.com\/widgets.js\" charset=\"utf-8\"><\/script><\/p>\n<blockquote class=\"twitter-tweet\" data-width=\"550\" data-dnt=\"true\">\n<p lang=\"de\" dir=\"ltr\">Heute ist <a href=\"https:\/\/twitter.com\/hashtag\/TagderBibliotheken22?src=hash&amp;ref_src=twsrc%5Etfw\">#TagderBibliotheken22<\/a>: In \u00fcber 9.000 <a href=\"https:\/\/twitter.com\/hashtag\/Bibliotheken?src=hash&amp;ref_src=twsrc%5Etfw\">#Bibliotheken<\/a> k\u00f6nnen Leseratten in Deutschland ihrem Vergn\u00fcgen nachgehen. Die Druck- und Medienindustrie sorgt mit ihren Produkten f\u00fcr den Lesestoff und macht Leser gl\u00fccklich.<br \/>Weitere Infos: <a href=\"https:\/\/t.co\/kC5jBgdkrm\">https:\/\/t.co\/kC5jBgdkrm<\/a><a href=\"https:\/\/twitter.com\/hashtag\/Druckerei?src=hash&amp;ref_src=twsrc%5Etfw\">#Druckerei<\/a> <a href=\"https:\/\/twitter.com\/hashtag\/B%C3%BCcher?src=hash&amp;ref_src=twsrc%5Etfw\">#B\u00fccher<\/a> <a href=\"https:\/\/t.co\/oIQAfwebHi\">pic.twitter.com\/oIQAfwebHi<\/a><\/p>\n<p>&mdash; Bundesverband Druck und Medien (BVDM) (@Der_bvdm) <a href=\"https:\/\/twitter.com\/Der_bvdm\/status\/1584433784900186112?ref_src=twsrc%5Etfw\">October 24, 2022<\/a><\/p><\/blockquote>\n<p><script async src=\"https:\/\/platform.twitter.com\/widgets.js\" charset=\"utf-8\"><\/script><\/p>\n<blockquote class=\"twitter-tweet\" data-width=\"550\" data-dnt=\"true\">\n<p lang=\"de\" dir=\"ltr\">Gerade in der Bibliothek angekommen, da wollen erstmal die wichtigsten Mitarbeiter begr\u00fc\u00dft werden. Allen voran: der hartarbeitende Lieblingskollege!<a href=\"https:\/\/twitter.com\/hashtag\/twittermarathon?src=hash&amp;ref_src=twsrc%5Etfw\">#twittermarathon<\/a> <a href=\"https:\/\/twitter.com\/hashtag\/tagderbibliotheken22?src=hash&amp;ref_src=twsrc%5Etfw\">#tagderbibliotheken22<\/a> <a href=\"https:\/\/twitter.com\/hashtag\/kaffeemusssein?src=hash&amp;ref_src=twsrc%5Etfw\">#kaffeemusssein<\/a> <a href=\"https:\/\/twitter.com\/hashtag\/schwarzesgold?src=hash&amp;ref_src=twsrc%5Etfw\">#schwarzesgold<\/a> <a href=\"https:\/\/t.co\/Ip1MKtVxBV\">pic.twitter.com\/Ip1MKtVxBV<\/a><\/p>\n<p>&mdash; StabiDormagen (@StabiDormagen) <a href=\"https:\/\/twitter.com\/StabiDormagen\/status\/1584433260158820353?ref_src=twsrc%5Etfw\">October 24, 2022<\/a><\/p><\/blockquote>\n<p><script async src=\"https:\/\/platform.twitter.com\/widgets.js\" charset=\"utf-8\"><\/script><br \/>\nhttps:\/\/twitter.com\/v_i_o_l_a\/status\/1584434744619544577<\/p>\n<blockquote class=\"twitter-tweet\" data-width=\"550\" data-dnt=\"true\">\n<p lang=\"de\" dir=\"ltr\">Mit diesem Bild aus unserem historischen Lesesaal der Studienbibliothek Dillingen w\u00fcnsche ich euch allen einen sch\u00f6nen <a href=\"https:\/\/twitter.com\/hashtag\/TagderBibliotheken22?src=hash&amp;ref_src=twsrc%5Etfw\">#TagderBibliotheken22<\/a><\/p>\n<p>Was bedeuten euch eigentlich Bibliotheken?<\/p>\n<p>(Bildrechte \u00a9 BSB\/H.-R Schulz) <a href=\"https:\/\/t.co\/cYgVmXjd67\">pic.twitter.com\/cYgVmXjd67<\/a><\/p>\n<p>&mdash; Marius M\u00fcller (@buch_haltung) <a href=\"https:\/\/twitter.com\/buch_haltung\/status\/1584429199896772608?ref_src=twsrc%5Etfw\">October 24, 2022<\/a><\/p><\/blockquote>\n<p><script async src=\"https:\/\/platform.twitter.com\/widgets.js\" charset=\"utf-8\"><\/script><br \/>\nhttps:\/\/twitter.com\/v_i_o_l_a\/status\/1584436953738792960<br \/>\nhttps:\/\/twitter.com\/v_i_o_l_a\/status\/1584440498202509312<\/p>\n<blockquote class=\"twitter-tweet\" data-width=\"550\" data-dnt=\"true\">\n<p lang=\"de\" dir=\"ltr\">Einen Monat nach den <a href=\"https:\/\/twitter.com\/hashtag\/OAT22?src=hash&amp;ref_src=twsrc%5Etfw\">#OAT22<\/a> in Bern blicken unsere Kolleg*innen von der <a href=\"https:\/\/twitter.com\/subugoe?ref_src=twsrc%5Etfw\">@subugoe<\/a> zur\u00fcck auf eine au\u00dfergew\u00f6hnliche Veranstaltung an einem au\u00dfergew\u00f6hnlichen Ort mit einer au\u00dfergew\u00f6hnlichen Community. Uns wird dabei wieder ganz warm um&#39;s <a href=\"https:\/\/twitter.com\/hashtag\/OpenAccess?src=hash&amp;ref_src=twsrc%5Etfw\">#OpenAccess<\/a>-Herz: <a href=\"https:\/\/t.co\/DKl5VMOvNl\">https:\/\/t.co\/DKl5VMOvNl<\/a><\/p>\n<p>&mdash; open-access.network (@openaccessnet) <a href=\"https:\/\/twitter.com\/openaccessnet\/status\/1584451447235629057?ref_src=twsrc%5Etfw\">October 24, 2022<\/a><\/p><\/blockquote>\n<p><script async src=\"https:\/\/platform.twitter.com\/widgets.js\" charset=\"utf-8\"><\/script><br \/>\nhttps:\/\/twitter.com\/v_i_o_l_a\/status\/1584484720993501184<\/p>\n<blockquote class=\"twitter-tweet\" data-width=\"550\" data-dnt=\"true\">\n<p lang=\"en\" dir=\"ltr\">Boris Johnson as skips.<\/p>\n<p>A thread. <a href=\"https:\/\/t.co\/q6Sye7iIAf\">pic.twitter.com\/q6Sye7iIAf<\/a><\/p>\n<p>&mdash; Amanda (@Pandamoanimum) <a href=\"https:\/\/twitter.com\/Pandamoanimum\/status\/1584479418981851136?ref_src=twsrc%5Etfw\">October 24, 2022<\/a><\/p><\/blockquote>\n<p><script async src=\"https:\/\/platform.twitter.com\/widgets.js\" charset=\"utf-8\"><\/script><\/p>\n<blockquote class=\"twitter-tweet\" data-width=\"550\" data-dnt=\"true\">\n<p lang=\"en\" dir=\"ltr\">BREAKING: Rishi Sunak becomes new Prime Minister, accepting a short-term, zero-hours contract till next Friday.<\/p>\n<p>&mdash; Have I Got News For You (@haveigotnews) <a href=\"https:\/\/twitter.com\/haveigotnews\/status\/1584533169604562946?ref_src=twsrc%5Etfw\">October 24, 2022<\/a><\/p><\/blockquote>\n<p><script async src=\"https:\/\/platform.twitter.com\/widgets.js\" charset=\"utf-8\"><\/script><\/p>\n<blockquote class=\"twitter-tweet\" data-width=\"550\" data-dnt=\"true\">\n<p lang=\"de\" dir=\"ltr\">F\u00fcr Menschen, die <a href=\"https:\/\/twitter.com\/hashtag\/Sprachen?src=hash&amp;ref_src=twsrc%5Etfw\">#Sprachen<\/a> und ihre Besonderheiten lieben: \u201ePanda hei\u00dft auf Isl\u00e4ndisch Bambusbj\u00f6rn: die sch\u00f6nsten W\u00f6rter der Welt\u201c von David Tripolina. Ein Tipp f\u00fcr alle, die TSUNDOKU kennen: Eine <a href=\"https:\/\/twitter.com\/hashtag\/Bibliothek?src=hash&amp;ref_src=twsrc%5Etfw\">#Bibliothek<\/a> zu nutzen, ist deutlich g\u00fcnstiger! (8\/x)<a href=\"https:\/\/twitter.com\/hashtag\/TagderBibliotheken22?src=hash&amp;ref_src=twsrc%5Etfw\">#TagderBibliotheken22<\/a> !B <a href=\"https:\/\/t.co\/Y8U0Kbljpe\">pic.twitter.com\/Y8U0Kbljpe<\/a><\/p>\n<p>&mdash; Herzog August Bibliothek (@hab_wf) <a href=\"https:\/\/twitter.com\/hab_wf\/status\/1584538938668363776?ref_src=twsrc%5Etfw\">October 24, 2022<\/a><\/p><\/blockquote>\n<p><script async src=\"https:\/\/platform.twitter.com\/widgets.js\" charset=\"utf-8\"><\/script><br \/>\nhttps:\/\/twitter.com\/v_i_o_l_a\/status\/1584539060223283200<br \/>\nhttps:\/\/twitter.com\/v_i_o_l_a\/status\/1584543192648765440<\/p>\n<blockquote class=\"twitter-tweet\" data-width=\"550\" data-dnt=\"true\">\n<p lang=\"en\" dir=\"ltr\">alright but just this once <a href=\"https:\/\/t.co\/PunkPFEmwC\">pic.twitter.com\/PunkPFEmwC<\/a><\/p>\n<p>&mdash; Threatening Music Notation (@ThreatNotation) <a href=\"https:\/\/twitter.com\/ThreatNotation\/status\/1584557167452921856?ref_src=twsrc%5Etfw\">October 24, 2022<\/a><\/p><\/blockquote>\n<p><script async src=\"https:\/\/platform.twitter.com\/widgets.js\" charset=\"utf-8\"><\/script><\/p>\n<blockquote class=\"twitter-tweet\" data-width=\"550\" data-dnt=\"true\">\n<p lang=\"de\" dir=\"ltr\">Es ist jetzt 17 Uhr.<\/p>\n<p>&mdash; zurvollenstunde (@zurvollenstunde) <a href=\"https:\/\/twitter.com\/zurvollenstunde\/status\/1584560355371614208?ref_src=twsrc%5Etfw\">October 24, 2022<\/a><\/p><\/blockquote>\n<p><script async src=\"https:\/\/platform.twitter.com\/widgets.js\" charset=\"utf-8\"><\/script><\/p>\n<blockquote class=\"twitter-tweet\" data-width=\"550\" data-dnt=\"true\">\n<p lang=\"de\" dir=\"ltr\">Zum <a href=\"https:\/\/twitter.com\/hashtag\/TagDerBibliotheken?src=hash&amp;ref_src=twsrc%5Etfw\">#TagDerBibliotheken<\/a> mal was richtig Sch\u00f6nes &#8211; in meinen Augen: der B\u00fccherkubus der <a href=\"https:\/\/twitter.com\/hashtag\/HerzoginAnnaAmaliaBibliothek?src=hash&amp;ref_src=twsrc%5Etfw\">#HerzoginAnnaAmaliaBibliothek<\/a> in Weimar &#8211; im Studienzentrum: <a href=\"https:\/\/t.co\/XOi3wjVCUF\">https:\/\/t.co\/XOi3wjVCUF<\/a><\/p>\n<p>&mdash; Recherchemeisterin (@Rechercheuse) <a href=\"https:\/\/twitter.com\/Rechercheuse\/status\/1584462330632765441?ref_src=twsrc%5Etfw\">October 24, 2022<\/a><\/p><\/blockquote>\n<p><script async src=\"https:\/\/platform.twitter.com\/widgets.js\" charset=\"utf-8\"><\/script><\/p>\n<blockquote class=\"twitter-tweet\" data-width=\"550\" data-dnt=\"true\">\n<p lang=\"en\" dir=\"ltr\">It is such hard  work being the <a href=\"https:\/\/twitter.com\/hashtag\/notourlibrarycat?src=hash&amp;ref_src=twsrc%5Etfw\">#notourlibrarycat<\/a> at <a href=\"https:\/\/twitter.com\/MooreLib?ref_src=twsrc%5Etfw\">@MooreLib<\/a>. <a href=\"https:\/\/t.co\/DaYaXgD3C6\">pic.twitter.com\/DaYaXgD3C6<\/a><\/p>\n<p>&mdash; Yvonne Nobis (@yvonnenobis) <a href=\"https:\/\/twitter.com\/yvonnenobis\/status\/1584563066632818689?ref_src=twsrc%5Etfw\">October 24, 2022<\/a><\/p><\/blockquote>\n<p><script async src=\"https:\/\/platform.twitter.com\/widgets.js\" charset=\"utf-8\"><\/script><\/p>\n<blockquote class=\"twitter-tweet\" data-width=\"550\" data-dnt=\"true\">\n<p lang=\"de\" dir=\"ltr\">Die Gem\u00e4lde sind selbst Schuld, wenn die sich so aufreizend pr\u00e4sentieren&#8230;.<\/p>\n<p>&mdash; Torben Ka\u00dfler (@torben_kassler) <a href=\"https:\/\/twitter.com\/torben_kassler\/status\/1584509528527499265?ref_src=twsrc%5Etfw\">October 24, 2022<\/a><\/p><\/blockquote>\n<p><script async src=\"https:\/\/platform.twitter.com\/widgets.js\" charset=\"utf-8\"><\/script><br \/>\nhttps:\/\/twitter.com\/v_i_o_l_a\/status\/1584600641506537474<\/p>\n<blockquote class=\"twitter-tweet\" data-width=\"550\" data-dnt=\"true\">\n<p lang=\"de\" dir=\"ltr\">Beim Gang durch den Lesesaal ist mir Nachholbedarf beim Thema Regalordnung aufgefallen. Hier nochmal das Wichtigste kurz visuell erl\u00e4utert.<a href=\"https:\/\/twitter.com\/hashtag\/TagderBibliotheken22?src=hash&amp;ref_src=twsrc%5Etfw\">#TagderBibliotheken22<\/a>  \/E <a href=\"https:\/\/t.co\/RcvCv0ari4\">pic.twitter.com\/RcvCv0ari4<\/a><\/p>\n<p>&mdash; VET Repository im Bundesinstitut f\u00fcr Berufsbildung (@VET_Repository) <a href=\"https:\/\/twitter.com\/VET_Repository\/status\/1584450778609385472?ref_src=twsrc%5Etfw\">October 24, 2022<\/a><\/p><\/blockquote>\n<p><script async src=\"https:\/\/platform.twitter.com\/widgets.js\" charset=\"utf-8\"><\/script><br \/>\nhttps:\/\/twitter.com\/v_i_o_l_a\/status\/1584609258263482381<br \/>\nhttps:\/\/twitter.com\/v_i_o_l_a\/status\/1584614944040898561<br \/>\nhttps:\/\/twitter.com\/v_i_o_l_a\/status\/1584615010969432064<br \/>\nhttps:\/\/twitter.com\/v_i_o_l_a\/status\/1584616009545453568<br \/>\nhttps:\/\/twitter.com\/v_i_o_l_a\/status\/1584616355667406848<br \/>\nhttps:\/\/twitter.com\/v_i_o_l_a\/status\/1584616413561774080<\/p>\n<blockquote class=\"twitter-tweet\" data-width=\"550\" data-dnt=\"true\">\n<p lang=\"en\" dir=\"ltr\">150 kilograms of acorns stored by a squirrel in a transmitting antenna.<a href=\"https:\/\/t.co\/exDGsZMayj\">pic.twitter.com\/exDGsZMayj<\/a><\/p>\n<p>&mdash; Fascinating (@fasc1nate) <a href=\"https:\/\/twitter.com\/fasc1nate\/status\/1584300261782454272?ref_src=twsrc%5Etfw\">October 23, 2022<\/a><\/p><\/blockquote>\n<p><script async src=\"https:\/\/platform.twitter.com\/widgets.js\" charset=\"utf-8\"><\/script><\/p>\n<blockquote class=\"twitter-tweet\" data-width=\"550\" data-dnt=\"true\">\n<p lang=\"de\" dir=\"ltr\">tool f\u00fcr zuf\u00e4llige barrierefreie farbkombinationen: &quot;Randoma11y&quot; von <a href=\"https:\/\/twitter.com\/components_ai?ref_src=twsrc%5Etfw\">@components_ai<\/a>: <a href=\"https:\/\/t.co\/bFoc8VKdV7\">https:\/\/t.co\/bFoc8VKdV7<\/a> <a href=\"https:\/\/twitter.com\/hashtag\/colortools?src=hash&amp;ref_src=twsrc%5Etfw\">#colortools<\/a> [via <a href=\"https:\/\/twitter.com\/designernews?ref_src=twsrc%5Etfw\">@designernews<\/a>-newsletter]<\/p>\n<p>&mdash; viola vo\u00df (@v_i_o_l_a) <a href=\"https:\/\/twitter.com\/v_i_o_l_a\/status\/1584620510465478656?ref_src=twsrc%5Etfw\">October 24, 2022<\/a><\/p><\/blockquote>\n<p><script async src=\"https:\/\/platform.twitter.com\/widgets.js\" charset=\"utf-8\"><\/script><\/p>\n<blockquote class=\"twitter-tweet\" data-width=\"550\" data-dnt=\"true\">\n<p lang=\"de\" dir=\"ltr\">Es ist jetzt 21 Uhr.<\/p>\n<p>&mdash; zurvollenstunde (@zurvollenstunde) <a href=\"https:\/\/twitter.com\/zurvollenstunde\/status\/1584620748525690887?ref_src=twsrc%5Etfw\">October 24, 2022<\/a><\/p><\/blockquote>\n<p><script async src=\"https:\/\/platform.twitter.com\/widgets.js\" charset=\"utf-8\"><\/script><\/p>\n<blockquote class=\"twitter-tweet\" data-width=\"550\" data-dnt=\"true\">\n<p lang=\"de\" dir=\"ltr\">Auf sehr freundliche Bitte vom <a href=\"https:\/\/twitter.com\/diskursmonitor?ref_src=twsrc%5Etfw\">@diskursmonitor<\/a> hab ich mal halbwegs kurz aufgeschrieben, was meiner Ansicht nach &quot;Sprachpolitik&quot; ist. (Merci <a href=\"https:\/\/twitter.com\/DiskursWBalkan?ref_src=twsrc%5Etfw\">@DiskursWBalkan<\/a>!)<br \/>Wer damit was anfangen kann oder Vorschl\u00e4ge hat, was eigentlich ganz anders muss &#8211; hier entlang:<a href=\"https:\/\/t.co\/4fovNe0opp\">https:\/\/t.co\/4fovNe0opp<\/a><\/p>\n<p>&mdash; Philipp Kr\u00e4mer (@ph_kraemer) <a href=\"https:\/\/twitter.com\/ph_kraemer\/status\/1584568282656346112?ref_src=twsrc%5Etfw\">October 24, 2022<\/a><\/p><\/blockquote>\n<p><script async src=\"https:\/\/platform.twitter.com\/widgets.js\" charset=\"utf-8\"><\/script><br \/>\nhttps:\/\/twitter.com\/v_i_o_l_a\/status\/1584621485989056512<\/p>\n<blockquote class=\"twitter-tweet\" data-width=\"550\" data-dnt=\"true\">\n<p lang=\"de\" dir=\"ltr\">&quot;Walk in your users\u2018 shoes&quot; zum <a href=\"https:\/\/twitter.com\/hashtag\/TagderBibliotheken22?src=hash&amp;ref_src=twsrc%5Etfw\">#TagderBibliotheken22<\/a>! Unsere Azubis haben sich j\u00fcngst in 4 unserer FU-Bibliotheken begeben, um f\u00fcr einige Tage alles durch die Brille neuer Nutzender zu sehen und festzuhalten. Spannend, wenn Benutzungsforschung so lebendig ist! <a href=\"https:\/\/twitter.com\/hashtag\/Twittermarathon?src=hash&amp;ref_src=twsrc%5Etfw\">#Twittermarathon<\/a> <a href=\"https:\/\/t.co\/JUNrEcL6oX\">pic.twitter.com\/JUNrEcL6oX<\/a><\/p>\n<p>&mdash; Universit\u00e4tsbibliothek der Freien Universit\u00e4t (@Biblio_FUBerlin) <a href=\"https:\/\/twitter.com\/Biblio_FUBerlin\/status\/1584564621603545095?ref_src=twsrc%5Etfw\">October 24, 2022<\/a><\/p><\/blockquote>\n<p><script async src=\"https:\/\/platform.twitter.com\/widgets.js\" charset=\"utf-8\"><\/script><br \/>\nhttps:\/\/twitter.com\/v_i_o_l_a\/status\/1584621880937312256<\/p>\n<blockquote class=\"twitter-tweet\" data-width=\"550\" data-dnt=\"true\">\n<p lang=\"en\" dir=\"ltr\">How do you say OPEN in your language? Let\u2019s hear <a href=\"https:\/\/twitter.com\/hashtag\/OpenAccess?src=hash&amp;ref_src=twsrc%5Etfw\">#OpenAccess<\/a> in all the languages! <a href=\"https:\/\/twitter.com\/hashtag\/OAWeek?src=hash&amp;ref_src=twsrc%5Etfw\">#OAWeek<\/a><\/p>\n<p>&mdash; arXiv.org (@arxiv) <a href=\"https:\/\/twitter.com\/arxiv\/status\/1584197957276114945?ref_src=twsrc%5Etfw\">October 23, 2022<\/a><\/p><\/blockquote>\n<p><script async src=\"https:\/\/platform.twitter.com\/widgets.js\" charset=\"utf-8\"><\/script><\/p>\n<blockquote class=\"twitter-tweet\" data-width=\"550\" data-dnt=\"true\">\n<p lang=\"en\" dir=\"ltr\">My new book of cartoons REVENGE OF THE LIBRARIANS is out now! Get it at good bookshops or online. Details here: <a href=\"https:\/\/t.co\/aZ6YOwN35V\">https:\/\/t.co\/aZ6YOwN35V<\/a> <a href=\"https:\/\/t.co\/6F0IMrNKGy\">pic.twitter.com\/6F0IMrNKGy<\/a><\/p>\n<p>&mdash; Tom Gauld (@tomgauld) <a href=\"https:\/\/twitter.com\/tomgauld\/status\/1584556931124842497?ref_src=twsrc%5Etfw\">October 24, 2022<\/a><\/p><\/blockquote>\n<p><script async src=\"https:\/\/platform.twitter.com\/widgets.js\" charset=\"utf-8\"><\/script><br \/>\nhttps:\/\/twitter.com\/v_i_o_l_a\/status\/1584622136315899904<br \/>\nhttps:\/\/twitter.com\/v_i_o_l_a\/status\/1584622406190366720<\/p>\n<blockquote class=\"twitter-tweet\" data-width=\"550\" data-dnt=\"true\">\n<p lang=\"de\" dir=\"ltr\"><a href=\"https:\/\/twitter.com\/hashtag\/Twittermarathon?src=hash&amp;ref_src=twsrc%5Etfw\">#Twittermarathon<\/a> <br \/>Unser Plakat \u201eReichtum f\u00fcr alle\u201c wirbt zum <a href=\"https:\/\/twitter.com\/hashtag\/TagderBibliotheken22?src=hash&amp;ref_src=twsrc%5Etfw\">#TagderBibliotheken22<\/a>  f\u00fcr unser vielf\u00e4ltiges Angebot, f\u00fcr die Bibliothek als Erlebnisraum, B\u00fcrgerplattform und \u00f6ffentliches Wohnzimmer. Ein Reichtum der allen B\u00fcrger:innen zur Verf\u00fcgung steht.<a href=\"https:\/\/t.co\/kDMXwlMp1L\">https:\/\/t.co\/kDMXwlMp1L<\/a> <a href=\"https:\/\/t.co\/gpqP6djuOS\">pic.twitter.com\/gpqP6djuOS<\/a><\/p>\n<p>&mdash; Stadtbibliothek Chemnitz (@SBChemnitz) <a href=\"https:\/\/twitter.com\/SBChemnitz\/status\/1584537728037040129?ref_src=twsrc%5Etfw\">October 24, 2022<\/a><\/p><\/blockquote>\n<p><script async src=\"https:\/\/platform.twitter.com\/widgets.js\" charset=\"utf-8\"><\/script><\/p>\n<blockquote class=\"twitter-tweet\" data-width=\"550\" data-dnt=\"true\">\n<p lang=\"de\" dir=\"ltr\">Heute zum <a href=\"https:\/\/twitter.com\/hashtag\/TagderBibliotheken22?src=hash&amp;ref_src=twsrc%5Etfw\">#TagderBibliotheken22<\/a> wird ein streng geh\u00fctetes Geheimnis gel\u00fcftet.<br \/>Zeitschriftenhefte des aktuellen Jahrgangs sind hinter der Klappe.<br \/>Und zu Ostern\/Nikolaus manchmal auch noch mehr&#8230;<a href=\"https:\/\/twitter.com\/hashtag\/Twittermarathon?src=hash&amp;ref_src=twsrc%5Etfw\">#Twittermarathon<\/a> <a href=\"https:\/\/twitter.com\/ThulbJena?ref_src=twsrc%5Etfw\">@ThulbJena<\/a> <a href=\"https:\/\/t.co\/I1jxhmuYwe\">pic.twitter.com\/I1jxhmuYwe<\/a><\/p>\n<p>&mdash; Thomas Witzgall (@Witzgall_T) <a href=\"https:\/\/twitter.com\/Witzgall_T\/status\/1584436709382815744?ref_src=twsrc%5Etfw\">October 24, 2022<\/a><\/p><\/blockquote>\n<p><script async src=\"https:\/\/platform.twitter.com\/widgets.js\" charset=\"utf-8\"><\/script><\/p>\n<blockquote class=\"twitter-tweet\" data-width=\"550\" data-dnt=\"true\">\n<p lang=\"de\" dir=\"ltr\">1\/3 Die Kolleg*innen der <a href=\"https:\/\/twitter.com\/hashtag\/Provenienzforschung?src=hash&amp;ref_src=twsrc%5Etfw\">#Provenienzforschung<\/a> f\u00fchlen sich oft wie Sherlock Holmes, wenn sie alte <a href=\"https:\/\/twitter.com\/hashtag\/Handschriften?src=hash&amp;ref_src=twsrc%5Etfw\">#Handschriften<\/a> zu entziffern versuchen. Das ist notwendig, um die Besitzgeschichte eines Buches zu rekonstruieren, um dieses dann ggf. zu restituieren. <a href=\"https:\/\/twitter.com\/hashtag\/TagderBibliotheken22?src=hash&amp;ref_src=twsrc%5Etfw\">#TagderBibliotheken22<\/a> <a href=\"https:\/\/t.co\/6cSKKauFtC\">pic.twitter.com\/6cSKKauFtC<\/a><\/p>\n<p>&mdash; Universit\u00e4tsbibliothek der Freien Universit\u00e4t (@Biblio_FUBerlin) <a href=\"https:\/\/twitter.com\/Biblio_FUBerlin\/status\/1584579512163262465?ref_src=twsrc%5Etfw\">October 24, 2022<\/a><\/p><\/blockquote>\n<p><script async src=\"https:\/\/platform.twitter.com\/widgets.js\" charset=\"utf-8\"><\/script><\/p>\n<blockquote class=\"twitter-tweet\" data-width=\"550\" data-dnt=\"true\">\n<p lang=\"de\" dir=\"ltr\">2\/3 Letztens r\u00e4tselten sie \u00fcber diesen Eintrag. Es handelt sich um die <a href=\"https:\/\/twitter.com\/hashtag\/Kurrentschrift?src=hash&amp;ref_src=twsrc%5Etfw\">#Kurrentschrift<\/a> und die Zahlen deuten auf eine Zeitangabe. Aber was sollte das Wort blo\u00df bedeuten? Gilbfurt\u2019h? Gilbert\u2018s? War es ein Ort, oder ein Name? <a href=\"https:\/\/twitter.com\/hashtag\/twittermarathon?src=hash&amp;ref_src=twsrc%5Etfw\">#twittermarathon<\/a> <a href=\"https:\/\/t.co\/comxuQ0arZ\">pic.twitter.com\/comxuQ0arZ<\/a><\/p>\n<p>&mdash; Universit\u00e4tsbibliothek der Freien Universit\u00e4t (@Biblio_FUBerlin) <a href=\"https:\/\/twitter.com\/Biblio_FUBerlin\/status\/1584580957063241728?ref_src=twsrc%5Etfw\">October 24, 2022<\/a><\/p><\/blockquote>\n<p><script async src=\"https:\/\/platform.twitter.com\/widgets.js\" charset=\"utf-8\"><\/script><\/p>\n<blockquote class=\"twitter-tweet\" data-width=\"550\" data-dnt=\"true\">\n<p lang=\"de\" dir=\"ltr\">3\/3 Schlie\u00dflich fanden sie heraus, dass das Wort \u201eGilbhart\u2019s\u201c meint und \u201eGilbhart\u201c eine alte deutsche Bezeichnung f\u00fcr den Monat <a href=\"https:\/\/twitter.com\/hashtag\/Oktober?src=hash&amp;ref_src=twsrc%5Etfw\">#Oktober<\/a> ist. Es ist doch interessant, was man durch diese Arbeit alles wiederentdecken kann.<\/p>\n<p>&mdash; Universit\u00e4tsbibliothek der Freien Universit\u00e4t (@Biblio_FUBerlin) <a href=\"https:\/\/twitter.com\/Biblio_FUBerlin\/status\/1584581253613113345?ref_src=twsrc%5Etfw\">October 24, 2022<\/a><\/p><\/blockquote>\n<p><script async src=\"https:\/\/platform.twitter.com\/widgets.js\" charset=\"utf-8\"><\/script><br \/>\nhttps:\/\/twitter.com\/v_i_o_l_a\/status\/1584623293071753216<br \/>\nhttps:\/\/twitter.com\/v_i_o_l_a\/status\/1584623485732548608<br \/>\nhttps:\/\/twitter.com\/v_i_o_l_a\/status\/1584623539738808320<\/p>\n<blockquote class=\"twitter-tweet\" data-width=\"550\" data-dnt=\"true\">\n<p lang=\"de\" dir=\"ltr\">An der <a href=\"https:\/\/twitter.com\/hashtag\/UBLeipzig?src=hash&amp;ref_src=twsrc%5Etfw\">#UBLeipzig<\/a> wird eine externe Suchoberfl\u00e4che f\u00fcr das <a href=\"https:\/\/twitter.com\/hashtag\/ZDF?src=hash&amp;ref_src=twsrc%5Etfw\">#ZDF<\/a>-Produktionsarchiv entwickelt. Wissenschaftlerinnen und Wissenschaftlern k\u00f6nnen ab 2023 in rund vier Millionen Datens\u00e4tzen im ZDF-<a href=\"https:\/\/twitter.com\/hashtag\/Archiv?src=hash&amp;ref_src=twsrc%5Etfw\">#Archiv<\/a> recherchieren: <a href=\"https:\/\/t.co\/SRkEqxQlni\">https:\/\/t.co\/SRkEqxQlni<\/a><a href=\"https:\/\/twitter.com\/hashtag\/AudiovisuellesErbe?src=hash&amp;ref_src=twsrc%5Etfw\">#AudiovisuellesErbe<\/a> <a href=\"https:\/\/twitter.com\/ubleipzig?ref_src=twsrc%5Etfw\">@ubleipzig<\/a> <a href=\"https:\/\/t.co\/DRKyrqMBVV\">pic.twitter.com\/DRKyrqMBVV<\/a><\/p>\n<p>&mdash; ZDFpresse (@ZDFpresse) <a href=\"https:\/\/twitter.com\/ZDFpresse\/status\/1584502751991459840?ref_src=twsrc%5Etfw\">October 24, 2022<\/a><\/p><\/blockquote>\n<p><script async src=\"https:\/\/platform.twitter.com\/widgets.js\" charset=\"utf-8\"><\/script><\/p>\n<blockquote class=\"twitter-tweet\" data-width=\"550\" data-dnt=\"true\">\n<p lang=\"de\" dir=\"ltr\"><a href=\"https:\/\/twitter.com\/hashtag\/Rieke?src=hash&amp;ref_src=twsrc%5Etfw\">#Rieke<\/a> (1938\u20131957) kehrte als einziges evakuiertes <a href=\"https:\/\/twitter.com\/hashtag\/Tier?src=hash&amp;ref_src=twsrc%5Etfw\">#Tier<\/a> nach dem Zweiten <a href=\"https:\/\/twitter.com\/hashtag\/Weltkrieg?src=hash&amp;ref_src=twsrc%5Etfw\">#Weltkrieg<\/a> in den Berliner <a href=\"https:\/\/twitter.com\/hashtag\/Zoo?src=hash&amp;ref_src=twsrc%5Etfw\">#Zoo<\/a> zur\u00fcck. Ihr <a href=\"https:\/\/twitter.com\/hashtag\/Skelett?src=hash&amp;ref_src=twsrc%5Etfw\">#Skelett<\/a> ist heute in der Veterin\u00e4rmedizinischen <a href=\"https:\/\/twitter.com\/hashtag\/Bibliothek?src=hash&amp;ref_src=twsrc%5Etfw\">#Bibliothek<\/a> der <a href=\"https:\/\/twitter.com\/FU_Berlin?ref_src=twsrc%5Etfw\">@FU_Berlin<\/a> zu bestaunen \u27a1\ufe0f <a href=\"https:\/\/t.co\/NT9ekLqG96\">https:\/\/t.co\/NT9ekLqG96<\/a><br \/> <a href=\"https:\/\/twitter.com\/hashtag\/TagderBibliotheken22?src=hash&amp;ref_src=twsrc%5Etfw\">#TagderBibliotheken22<\/a> <a href=\"https:\/\/twitter.com\/hashtag\/twittermarathon?src=hash&amp;ref_src=twsrc%5Etfw\">#twittermarathon<\/a> <a href=\"https:\/\/t.co\/KrfUNSpiAA\">pic.twitter.com\/KrfUNSpiAA<\/a><\/p>\n<p>&mdash; Universit\u00e4tsbibliothek der Freien Universit\u00e4t (@Biblio_FUBerlin) <a href=\"https:\/\/twitter.com\/Biblio_FUBerlin\/status\/1584525163453816837?ref_src=twsrc%5Etfw\">October 24, 2022<\/a><\/p><\/blockquote>\n<p><script async src=\"https:\/\/platform.twitter.com\/widgets.js\" charset=\"utf-8\"><\/script><br \/>\nhttps:\/\/twitter.com\/v_i_o_l_a\/status\/1584624226127921152<br \/>\nhttps:\/\/twitter.com\/v_i_o_l_a\/status\/1584624447197048832<br \/>\nhttps:\/\/twitter.com\/v_i_o_l_a\/status\/1584624484082122757<br \/>\nhttps:\/\/twitter.com\/v_i_o_l_a\/status\/1584625210669797377<\/p>\n<blockquote class=\"twitter-tweet\" data-width=\"550\" data-dnt=\"true\">\n<p lang=\"de\" dir=\"ltr\">Open-Access-Woche 2022: \u201eWer bin ich, und wenn ja \u2026 wirklich so viele?\u201c <a href=\"https:\/\/t.co\/2hv45SfLkA\">https:\/\/t.co\/2hv45SfLkA<\/a><\/p>\n<p>&mdash; ULB_MS_FachInfo (@ULB_MS_FachInfo) <a href=\"https:\/\/twitter.com\/ULB_MS_FachInfo\/status\/1584503305342193665?ref_src=twsrc%5Etfw\">October 24, 2022<\/a><\/p><\/blockquote>\n<p><script async src=\"https:\/\/platform.twitter.com\/widgets.js\" charset=\"utf-8\"><\/script><br \/>\nhttps:\/\/twitter.com\/v_i_o_l_a\/status\/1584626070522773504<\/p>\n<blockquote class=\"twitter-tweet\" data-width=\"550\" data-dnt=\"true\">\n<p lang=\"de\" dir=\"ltr\">Exklusiver Preview meines zum Jahresende erscheinenden Prachtbildbandes \u201eYou seem to be offline: Eine Deutschlandreise in Screenshots\u201c. <a href=\"https:\/\/t.co\/XFqVfSIswl\">pic.twitter.com\/XFqVfSIswl<\/a><\/p>\n<p>&mdash; maki (@the_maki) <a href=\"https:\/\/twitter.com\/the_maki\/status\/1584475906919534593?ref_src=twsrc%5Etfw\">October 24, 2022<\/a><\/p><\/blockquote>\n<p><script async src=\"https:\/\/platform.twitter.com\/widgets.js\" charset=\"utf-8\"><\/script><\/p>\n<blockquote class=\"twitter-tweet\" data-width=\"550\" data-dnt=\"true\">\n<p lang=\"en\" dir=\"ltr\">The old and the prudish: an examination of sex, sexuality, and queerness in Library of Congress Classification <a href=\"https:\/\/t.co\/Pj8zFXPQyw\">https:\/\/t.co\/Pj8zFXPQyw<\/a> <a href=\"https:\/\/twitter.com\/hashtag\/loc?src=hash&amp;ref_src=twsrc%5Etfw\">#loc<\/a> <a href=\"https:\/\/twitter.com\/hashtag\/classification?src=hash&amp;ref_src=twsrc%5Etfw\">#classification<\/a> <a href=\"https:\/\/twitter.com\/hashtag\/sexuality?src=hash&amp;ref_src=twsrc%5Etfw\">#sexuality<\/a> <a href=\"https:\/\/twitter.com\/hashtag\/queerness?src=hash&amp;ref_src=twsrc%5Etfw\">#queerness<\/a> <a href=\"https:\/\/twitter.com\/hashtag\/library?src=hash&amp;ref_src=twsrc%5Etfw\">#library<\/a> <a href=\"https:\/\/twitter.com\/hashtag\/cataloguing?src=hash&amp;ref_src=twsrc%5Etfw\">#cataloguing<\/a><\/p>\n<p>&mdash; Monika Bargmann (@librarymistress) <a href=\"https:\/\/twitter.com\/librarymistress\/status\/1584474611378704385?ref_src=twsrc%5Etfw\">October 24, 2022<\/a><\/p><\/blockquote>\n<p><script async src=\"https:\/\/platform.twitter.com\/widgets.js\" charset=\"utf-8\"><\/script><\/p>\n<blockquote class=\"twitter-tweet\" data-width=\"550\" data-dnt=\"true\">\n<p lang=\"de\" dir=\"ltr\">Heute vor 374 Jahren wurde der Westf\u00e4lische Friede geschlossen. M\u00fcnster war schon oft Schauplatz gro\u00dfer politischer Ereignisse &#8211; so wie kommende Woche, wenn am 3.&amp;4.11. das n\u00e4chste <a href=\"https:\/\/twitter.com\/hashtag\/G7?src=hash&amp;ref_src=twsrc%5Etfw\">#G7<\/a>-Treffen der Au\u00dfenministerinnen und -minister stattfindet.<br \/>\u27a1\ufe0f<a href=\"https:\/\/t.co\/fRi8ZeWBVs\">https:\/\/t.co\/fRi8ZeWBVs<\/a> <a href=\"https:\/\/t.co\/RUliAduhi7\">pic.twitter.com\/RUliAduhi7<\/a><\/p>\n<p>&mdash; Stadt M\u00fcnster (@muenster_de) <a href=\"https:\/\/twitter.com\/muenster_de\/status\/1584468739717681153?ref_src=twsrc%5Etfw\">October 24, 2022<\/a><\/p><\/blockquote>\n<p><script async src=\"https:\/\/platform.twitter.com\/widgets.js\" charset=\"utf-8\"><\/script><br \/>\nhttps:\/\/twitter.com\/v_i_o_l_a\/status\/1584627324904841216<\/p>\n<blockquote class=\"twitter-tweet\" data-width=\"550\" data-dnt=\"true\">\n<p lang=\"de\" dir=\"ltr\">22 % der Aufgaben in Bibliotheken bleiben heute liegen, weil die Kolleg*innen ihre Bibliothek am <a href=\"https:\/\/twitter.com\/hashtag\/TagderBibliotheken22?src=hash&amp;ref_src=twsrc%5Etfw\">#TagderBibliotheken22<\/a> feiern oder mit dem dazugeh\u00f6rigen <a href=\"https:\/\/twitter.com\/hashtag\/twittermarathon?src=hash&amp;ref_src=twsrc%5Etfw\">#twittermarathon<\/a> gut besch\u00e4ftigt sind. F\u00fcr die wissenschaftlichen Bibliotheken kommt zus\u00e4tzlich noch die <a href=\"https:\/\/twitter.com\/hashtag\/OpenAccessWeek?src=hash&amp;ref_src=twsrc%5Etfw\">#OpenAccessWeek<\/a> dazu.<\/p>\n<p>&mdash; bibtistik (@bibtistik) <a href=\"https:\/\/twitter.com\/bibtistik\/status\/1584452777178460160?ref_src=twsrc%5Etfw\">October 24, 2022<\/a><\/p><\/blockquote>\n<p><script async src=\"https:\/\/platform.twitter.com\/widgets.js\" charset=\"utf-8\"><\/script><br \/>\nhttps:\/\/twitter.com\/v_i_o_l_a\/status\/1584627702644224000<\/p>\n<blockquote class=\"twitter-tweet\" data-width=\"550\" data-dnt=\"true\">\n<p lang=\"de\" dir=\"ltr\">\u201eDas von Ihnen am 17.06.2022 bestellte Werk kann ab sofort in der Hauptbibliothek abgeholt werden.\u201c<\/p>\n<p>Der Beitrag, f\u00fcr den ich das \u201ebestellte Werk\u201c einsehen wollte, ist l\u00e4ngst eingereicht. <a href=\"https:\/\/twitter.com\/hashtag\/Infrastruktur?src=hash&amp;ref_src=twsrc%5Etfw\">#Infrastruktur<\/a><\/p>\n<p>&mdash; Anna Seidel (@_AnnaSeidel) <a href=\"https:\/\/twitter.com\/_AnnaSeidel\/status\/1584443345241509888?ref_src=twsrc%5Etfw\">October 24, 2022<\/a><\/p><\/blockquote>\n<p><script async src=\"https:\/\/platform.twitter.com\/widgets.js\" charset=\"utf-8\"><\/script><\/p>\n<blockquote class=\"twitter-tweet\" data-width=\"550\" data-dnt=\"true\">\n<p lang=\"de\" dir=\"ltr\">Kennen Sie schon \u2026 das Shelley-Godwin Archive? <a href=\"https:\/\/t.co\/o7dTG9wIWC\">https:\/\/t.co\/o7dTG9wIWC<\/a><\/p>\n<p>&mdash; ULB_MS_FachInfo (@ULB_MS_FachInfo) <a href=\"https:\/\/twitter.com\/ULB_MS_FachInfo\/status\/1584442733321936896?ref_src=twsrc%5Etfw\">October 24, 2022<\/a><\/p><\/blockquote>\n<p><script async src=\"https:\/\/platform.twitter.com\/widgets.js\" charset=\"utf-8\"><\/script><br \/>\nhttps:\/\/twitter.com\/v_i_o_l_a\/status\/1584628205184745472<\/p>\n<blockquote class=\"twitter-tweet\" data-width=\"550\" data-dnt=\"true\">\n<p lang=\"de\" dir=\"ltr\">ich habe mich als protest gegen die hohen kaffeepreise an die unimensa geklebt<\/p>\n<p>&mdash; astroatze (@astroatze) <a href=\"https:\/\/twitter.com\/astroatze\/status\/1584472402813067264?ref_src=twsrc%5Etfw\">October 24, 2022<\/a><\/p><\/blockquote>\n<p><script async src=\"https:\/\/platform.twitter.com\/widgets.js\" charset=\"utf-8\"><\/script><\/p>\n<blockquote class=\"twitter-tweet\" data-width=\"550\" data-dnt=\"true\">\n<p lang=\"zxx\" dir=\"ltr\"><a href=\"https:\/\/t.co\/umiz9u3wIY\">pic.twitter.com\/umiz9u3wIY<\/a><\/p>\n<p>&mdash; No Context Brits (@NoContextBrits) <a href=\"https:\/\/twitter.com\/NoContextBrits\/status\/1584613761221939203?ref_src=twsrc%5Etfw\">October 24, 2022<\/a><\/p><\/blockquote>\n<p><script async src=\"https:\/\/platform.twitter.com\/widgets.js\" charset=\"utf-8\"><\/script><br \/>\nhttps:\/\/twitter.com\/v_i_o_l_a\/status\/1584630048329707523<br \/>\nhttps:\/\/twitter.com\/v_i_o_l_a\/status\/1584630618629242880<br \/>\nhttps:\/\/twitter.com\/v_i_o_l_a\/status\/1584631950743982080<br \/>\nhttps:\/\/twitter.com\/v_i_o_l_a\/status\/1584632793409425408<\/p>\n","protected":false},"excerpt":{"rendered":"<p>&#39;morgen! &mdash; viola vo\u00df (@v_i_o_l_a) October 24, 2022 heute in zwei monaten ist heiligabend. #servicetweet &mdash; viola vo\u00df (@v_i_o_l_a) October 24, 2022 https:\/\/twitter.com\/v_i_o_l_a\/status\/1584402465143017472 &quot;Gebt den Leuten mehr Schlaf \u2013 und sie werden wacher sein, wenn sie wach sind.&quot; (Kurt Tucholsky, 1890\u20131935, dt. Journalist und Schriftsteller) [via https:\/\/t.co\/L4VYhlujDz] &mdash; viola vo\u00df (@v_i_o_l_a) October 24, 2022 Auf [&hellip;]<\/p>\n","protected":false},"author":1,"featured_media":0,"comment_status":"open","ping_status":"open","sticky":false,"template":"","format":"standard","meta":{"footnotes":""},"categories":[36],"tags":[],"class_list":["post-13508","post","type-post","status-publish","format-standard","hentry","category-twitter"],"_links":{"self":[{"href":"https:\/\/www.x-v-x.de\/blog\/index.php?rest_route=\/wp\/v2\/posts\/13508","targetHints":{"allow":["GET"]}}],"collection":[{"href":"https:\/\/www.x-v-x.de\/blog\/index.php?rest_route=\/wp\/v2\/posts"}],"about":[{"href":"https:\/\/www.x-v-x.de\/blog\/index.php?rest_route=\/wp\/v2\/types\/post"}],"author":[{"embeddable":true,"href":"https:\/\/www.x-v-x.de\/blog\/index.php?rest_route=\/wp\/v2\/users\/1"}],"replies":[{"embeddable":true,"href":"https:\/\/www.x-v-x.de\/blog\/index.php?rest_route=%2Fwp%2Fv2%2Fcomments&post=13508"}],"version-history":[{"count":0,"href":"https:\/\/www.x-v-x.de\/blog\/index.php?rest_route=\/wp\/v2\/posts\/13508\/revisions"}],"wp:attachment":[{"href":"https:\/\/www.x-v-x.de\/blog\/index.php?rest_route=%2Fwp%2Fv2%2Fmedia&parent=13508"}],"wp:term":[{"taxonomy":"category","embeddable":true,"href":"https:\/\/www.x-v-x.de\/blog\/index.php?rest_route=%2Fwp%2Fv2%2Fcategories&post=13508"},{"taxonomy":"post_tag","embeddable":true,"href":"https:\/\/www.x-v-x.de\/blog\/index.php?rest_route=%2Fwp%2Fv2%2Ftags&post=13508"}],"curies":[{"name":"wp","href":"https:\/\/api.w.org\/{rel}","templated":true}]}}