{"id":13547,"date":"2022-11-15T15:56:56","date_gmt":"2022-11-15T14:56:56","guid":{"rendered":"https:\/\/www.x-v-x.de\/blog\/?p=13547"},"modified":"2023-02-05T15:57:09","modified_gmt":"2023-02-05T14:57:09","slug":"tweets-2022-11-14","status":"publish","type":"post","link":"https:\/\/www.x-v-x.de\/blog\/?p=13547","title":{"rendered":"tweets | 2022-11-14"},"content":{"rendered":"<blockquote class=\"twitter-tweet\" data-width=\"550\" data-dnt=\"true\">\n<p lang=\"nl\" dir=\"ltr\">&#39;morgen!<\/p>\n<p>&mdash; viola vo\u00df (@v_i_o_l_a) <a href=\"https:\/\/twitter.com\/v_i_o_l_a\/status\/1592046264623206401?ref_src=twsrc%5Etfw\">November 14, 2022<\/a><\/p><\/blockquote>\n<p><script async src=\"https:\/\/platform.twitter.com\/widgets.js\" charset=\"utf-8\"><\/script><br \/>\nhttps:\/\/twitter.com\/v_i_o_l_a\/status\/1592083490937647105<\/p>\n<blockquote class=\"twitter-tweet\" data-width=\"550\" data-dnt=\"true\">\n<p lang=\"de\" dir=\"ltr\">&quot;Ursache eines Eisenbahnzusammensto\u00dfes: Die Z\u00fcge hatten ihre fahrplanm\u00e4\u00dfige Versp\u00e4tung nicht eingehalten.&quot; (Anton Kuh, 1890\u20131941, \u00f6sterr. Journalist und Schriftsteller) [via <a href=\"https:\/\/t.co\/L4VYhltLO1\">https:\/\/t.co\/L4VYhltLO1<\/a>]<\/p>\n<p>&mdash; viola vo\u00df (@v_i_o_l_a) <a href=\"https:\/\/twitter.com\/v_i_o_l_a\/status\/1592085482564878337?ref_src=twsrc%5Etfw\">November 14, 2022<\/a><\/p><\/blockquote>\n<p><script async src=\"https:\/\/platform.twitter.com\/widgets.js\" charset=\"utf-8\"><\/script><br \/>\nhttps:\/\/twitter.com\/v_i_o_l_a\/status\/1592087040463704064<\/p>\n<blockquote class=\"twitter-tweet\" data-width=\"550\" data-dnt=\"true\">\n<p lang=\"de\" dir=\"ltr\">Open Talk: Wissenschaftliche Information suchen und finden im FID Benelux-Portal <a href=\"https:\/\/t.co\/KsqzK7AGap\">https:\/\/t.co\/KsqzK7AGap<\/a><\/p>\n<p>&mdash; Karolin Bubke \uea00 (@KaroBube76) <a href=\"https:\/\/twitter.com\/KaroBube76\/status\/1592086978199445505?ref_src=twsrc%5Etfw\">November 14, 2022<\/a><\/p><\/blockquote>\n<p><script async src=\"https:\/\/platform.twitter.com\/widgets.js\" charset=\"utf-8\"><\/script><\/p>\n<blockquote class=\"twitter-tweet\" data-width=\"550\" data-dnt=\"true\">\n<p lang=\"de\" dir=\"ltr\">Iren\u00e4us \u00fcber das Kriegs\u00fcbel zur Beruhigung an seinen Freund <a href=\"https:\/\/t.co\/fYCHOGEZ2y\">https:\/\/t.co\/fYCHOGEZ2y<\/a><\/p>\n<p>&mdash; ULB_MS_DigiNews (@ULB_MS_DigiNews) <a href=\"https:\/\/twitter.com\/ULB_MS_DigiNews\/status\/1592090356102955009?ref_src=twsrc%5Etfw\">November 14, 2022<\/a><\/p><\/blockquote>\n<p><script async src=\"https:\/\/platform.twitter.com\/widgets.js\" charset=\"utf-8\"><\/script><\/p>\n<blockquote class=\"twitter-tweet\" data-width=\"550\" data-dnt=\"true\">\n<p lang=\"en\" dir=\"ltr\">&quot;Lamy 2000 And The Origins Of Lamy Design&quot; <a href=\"https:\/\/t.co\/PJnAnhqpvO\">https:\/\/t.co\/PJnAnhqpvO<\/a> [via penexchange-forum: <a href=\"https:\/\/t.co\/Um1UDj355O\">https:\/\/t.co\/Um1UDj355O<\/a>] <a href=\"https:\/\/twitter.com\/hashtag\/fountainpens?src=hash&amp;ref_src=twsrc%5Etfw\">#fountainpens<\/a> <a href=\"https:\/\/twitter.com\/hashtag\/lamy?src=hash&amp;ref_src=twsrc%5Etfw\">#lamy<\/a><\/p>\n<p>&mdash; viola vo\u00df (@v_i_o_l_a) <a href=\"https:\/\/twitter.com\/v_i_o_l_a\/status\/1592100060430753793?ref_src=twsrc%5Etfw\">November 14, 2022<\/a><\/p><\/blockquote>\n<p><script async src=\"https:\/\/platform.twitter.com\/widgets.js\" charset=\"utf-8\"><\/script><\/p>\n<blockquote class=\"twitter-tweet\" data-width=\"550\" data-dnt=\"true\">\n<p lang=\"en\" dir=\"ltr\">We all need to speak more German, says schools minister Nick Gibb | News | The Times <a href=\"https:\/\/t.co\/Je2QH3Pxas\">https:\/\/t.co\/Je2QH3Pxas<\/a><\/p>\n<p>&mdash; Joe Dale (@joedale) <a href=\"https:\/\/twitter.com\/joedale\/status\/1592052263883010048?ref_src=twsrc%5Etfw\">November 14, 2022<\/a><\/p><\/blockquote>\n<p><script async src=\"https:\/\/platform.twitter.com\/widgets.js\" charset=\"utf-8\"><\/script><\/p>\n<blockquote class=\"twitter-tweet\" data-width=\"550\" data-dnt=\"true\">\n<p lang=\"en\" dir=\"ltr\">&quot;Book Riot&quot; &#8211; a mural in Valencia, Spain, created by a group of artists and performers from Escif <a href=\"https:\/\/twitter.com\/hashtag\/streetart?src=hash&amp;ref_src=twsrc%5Etfw\">#streetart<\/a> <a href=\"https:\/\/twitter.com\/hashtag\/books?src=hash&amp;ref_src=twsrc%5Etfw\">#books<\/a> <a href=\"https:\/\/t.co\/IUYiWQGgUO\">https:\/\/t.co\/IUYiWQGgUO<\/a> <a href=\"https:\/\/t.co\/uVlv4Q34jM\">pic.twitter.com\/uVlv4Q34jM<\/a><\/p>\n<p>&mdash; Ebook Friendly (@ebookfriendly) <a href=\"https:\/\/twitter.com\/ebookfriendly\/status\/1592150110477197312?ref_src=twsrc%5Etfw\">November 14, 2022<\/a><\/p><\/blockquote>\n<p><script async src=\"https:\/\/platform.twitter.com\/widgets.js\" charset=\"utf-8\"><\/script><\/p>\n<blockquote class=\"twitter-tweet\" data-width=\"550\" data-dnt=\"true\">\n<p lang=\"de\" dir=\"ltr\">Die <a href=\"https:\/\/twitter.com\/hashtag\/DeutschePost?src=hash&amp;ref_src=twsrc%5Etfw\">#DeutschePost<\/a> sucht Deutschlands Demokratie <a href=\"https:\/\/twitter.com\/hashtag\/Briefmarke?src=hash&amp;ref_src=twsrc%5Etfw\">#Briefmarke<\/a>. Nach der Jury-Vorauswahl startet nun das \u00f6ffentliche Voting unter <a href=\"https:\/\/t.co\/duF3UQa2Q7\">https:\/\/t.co\/duF3UQa2Q7<\/a>. Es l\u00e4uft bis zum 27. November. W\u00e4hle jetzt deinen Favoriten! <a href=\"https:\/\/t.co\/IT9sxfyekG\">https:\/\/t.co\/IT9sxfyekG<\/a> <a href=\"https:\/\/t.co\/driR99PP7t\">pic.twitter.com\/driR99PP7t<\/a><\/p>\n<p>&mdash; Deutsche Post und DHL News (@DeutschePostDHL) <a href=\"https:\/\/twitter.com\/DeutschePostDHL\/status\/1589574663637798914?ref_src=twsrc%5Etfw\">November 7, 2022<\/a><\/p><\/blockquote>\n<p><script async src=\"https:\/\/platform.twitter.com\/widgets.js\" charset=\"utf-8\"><\/script><br \/>\nhttps:\/\/twitter.com\/v_i_o_l_a\/status\/1592197524680425472<\/p>\n<blockquote class=\"twitter-tweet\" data-width=\"550\" data-dnt=\"true\">\n<p lang=\"de\" dir=\"ltr\">*Friede* oder *Frieden*? Beide Varianten kommen im Deutschen vor. Welche W\u00f6rter gibt es daf\u00fcr in anderen Sprachen? Hier eine kleine Auswahl &#8211; mit der Bitte um Erg\u00e4nzung. Und mit der Bitte um Frieden. <a href=\"https:\/\/t.co\/8kp0cyDe2K\">pic.twitter.com\/8kp0cyDe2K<\/a><\/p>\n<p>&mdash; Variantengrammatik (@VariantenGra) <a href=\"https:\/\/twitter.com\/VariantenGra\/status\/1592072623265038336?ref_src=twsrc%5Etfw\">November 14, 2022<\/a><\/p><\/blockquote>\n<p><script async src=\"https:\/\/platform.twitter.com\/widgets.js\" charset=\"utf-8\"><\/script><\/p>\n<blockquote class=\"twitter-tweet\" data-width=\"550\" data-dnt=\"true\">\n<p lang=\"en\" dir=\"ltr\">A Failure to Communicate: Indicators of Open Access in the User Interface <a href=\"https:\/\/t.co\/D3MXkWcLly\">https:\/\/t.co\/D3MXkWcLly<\/a><\/p>\n<p>&mdash; Scholarly Kitchen (@scholarlykitchn) <a href=\"https:\/\/twitter.com\/scholarlykitchn\/status\/1592111375135940609?ref_src=twsrc%5Etfw\">November 14, 2022<\/a><\/p><\/blockquote>\n<p><script async src=\"https:\/\/platform.twitter.com\/widgets.js\" charset=\"utf-8\"><\/script><\/p>\n<blockquote class=\"twitter-tweet\" data-width=\"550\" data-dnt=\"true\">\n<p lang=\"de\" dir=\"ltr\">Ob <a href=\"https:\/\/twitter.com\/hashtag\/Schach?src=hash&amp;ref_src=twsrc%5Etfw\">#Schach<\/a> \u201eintelligent\u201c macht, ist nach wie vor nicht klar. Aber: Es macht entgegen fr\u00fcherer Klischees (\u201emilitaristisch!\u201c) nicht aggressiv, und es f\u00f6rdert nebenbei noch ein paar andere Kompetenzen: <a href=\"https:\/\/t.co\/l3pJ8j68F6\">https:\/\/t.co\/l3pJ8j68F6<\/a><\/p>\n<p>&mdash; G\u00e1bor Pa\u00e1l (@GaborPaal) <a href=\"https:\/\/twitter.com\/GaborPaal\/status\/1592044776438009856?ref_src=twsrc%5Etfw\">November 14, 2022<\/a><\/p><\/blockquote>\n<p><script async src=\"https:\/\/platform.twitter.com\/widgets.js\" charset=\"utf-8\"><\/script><\/p>\n<blockquote class=\"twitter-tweet\" data-width=\"550\" data-dnt=\"true\">\n<p lang=\"de\" dir=\"ltr\">Diese Woche (u.a.) neu in der mnd. Fr\u00fchdrucksammlung: Ein Totentanz aus L\u00fcbeck (1520), Exemplar der <a href=\"https:\/\/twitter.com\/bodleianlibs?ref_src=twsrc%5Etfw\">@bodleianlibs<\/a>.<a href=\"https:\/\/t.co\/zS3IdnL7SD\">https:\/\/t.co\/zS3IdnL7SD<\/a><a href=\"https:\/\/twitter.com\/hashtag\/MNFD?src=hash&amp;ref_src=twsrc%5Etfw\">#MNFD<\/a> <a href=\"https:\/\/twitter.com\/hashtag\/BC653?src=hash&amp;ref_src=twsrc%5Etfw\">#BC653<\/a> <a href=\"https:\/\/t.co\/rSetieBYkh\">pic.twitter.com\/rSetieBYkh<\/a><\/p>\n<p>&mdash; Johanna (@musicaesacrae) <a href=\"https:\/\/twitter.com\/musicaesacrae\/status\/1592142306441838592?ref_src=twsrc%5Etfw\">November 14, 2022<\/a><\/p><\/blockquote>\n<p><script async src=\"https:\/\/platform.twitter.com\/widgets.js\" charset=\"utf-8\"><\/script><\/p>\n<blockquote class=\"twitter-tweet\" data-width=\"550\" data-dnt=\"true\">\n<p lang=\"en\" dir=\"ltr\">In English, a ponytail is when you pull your hair back in a band and tie it up. In German, however, a Pony is your fringe! This is due to how a fringe resembles the part of the pony&#39;s mane which falls over its forehead.<a href=\"https:\/\/twitter.com\/hashtag\/wortderwoche?src=hash&amp;ref_src=twsrc%5Etfw\">#wortderwoche<\/a> <a href=\"https:\/\/twitter.com\/hashtag\/wordoftheweek?src=hash&amp;ref_src=twsrc%5Etfw\">#wordoftheweek<\/a> <a href=\"https:\/\/t.co\/hC7pu1XJOc\">pic.twitter.com\/hC7pu1XJOc<\/a><\/p>\n<p>&mdash; Goethe-Institut Ireland (@GI_Irland) <a href=\"https:\/\/twitter.com\/GI_Irland\/status\/1592083843917705216?ref_src=twsrc%5Etfw\">November 14, 2022<\/a><\/p><\/blockquote>\n<p><script async src=\"https:\/\/platform.twitter.com\/widgets.js\" charset=\"utf-8\"><\/script><\/p>\n<blockquote class=\"twitter-tweet\" data-width=\"550\" data-dnt=\"true\">\n<p lang=\"en\" dir=\"ltr\">A very interesting strategy of persuasion for a book proposal. <a href=\"https:\/\/t.co\/6FQaXlUJMV\">pic.twitter.com\/6FQaXlUJMV<\/a><\/p>\n<p>&mdash; Sebastian N\u2726rdh\u2726ff (@twig2noise) <a href=\"https:\/\/twitter.com\/twig2noise\/status\/1592132028690231296?ref_src=twsrc%5Etfw\">November 14, 2022<\/a><\/p><\/blockquote>\n<p><script async src=\"https:\/\/platform.twitter.com\/widgets.js\" charset=\"utf-8\"><\/script><\/p>\n<blockquote class=\"twitter-tweet\" data-width=\"550\" data-dnt=\"true\">\n<p lang=\"de\" dir=\"ltr\">\u201eDie Centralheizung wurde wohlthuend in Betrieb gesetzt.\u201c (14. 11. 1919)<\/p>\n<p>&mdash; Thomas Mann Daily (@DailyMann) <a href=\"https:\/\/twitter.com\/DailyMann\/status\/1592079266191409154?ref_src=twsrc%5Etfw\">November 14, 2022<\/a><\/p><\/blockquote>\n<p><script async src=\"https:\/\/platform.twitter.com\/widgets.js\" charset=\"utf-8\"><\/script><br \/>\nhttps:\/\/twitter.com\/v_i_o_l_a\/status\/1592205418914353152<br \/>\nhttps:\/\/twitter.com\/v_i_o_l_a\/status\/1592205634904395776<br \/>\nhttps:\/\/twitter.com\/v_i_o_l_a\/status\/1592205755100585986<\/p>\n<blockquote class=\"twitter-tweet\" data-width=\"550\" data-dnt=\"true\">\n<p lang=\"de\" dir=\"ltr\">Ihr seid Fachreferent*in oder OA-Beauftragte und interessiert euch f\u00fcr praktische Tools zum Thema <a href=\"https:\/\/twitter.com\/hashtag\/OpenAccess?src=hash&amp;ref_src=twsrc%5Etfw\">#OpenAccess<\/a>-Publizieren? Dann meldet euch f\u00fcr unseren Train-the-Trainer-Workshop am 25. oder 30.11. Vermittelt werden u.a. praktischen Tools. Zur Anmeldung: <a href=\"https:\/\/t.co\/NSkPTlKfVF\">https:\/\/t.co\/NSkPTlKfVF<\/a> <a href=\"https:\/\/t.co\/6Ws6oD0auX\">pic.twitter.com\/6Ws6oD0auX<\/a><\/p>\n<p>&mdash; open-access.network (@openaccessnet) <a href=\"https:\/\/twitter.com\/openaccessnet\/status\/1592096161795657728?ref_src=twsrc%5Etfw\">November 14, 2022<\/a><\/p><\/blockquote>\n<p><script async src=\"https:\/\/platform.twitter.com\/widgets.js\" charset=\"utf-8\"><\/script><br \/>\nhttps:\/\/twitter.com\/v_i_o_l_a\/status\/1592206028455948290<\/p>\n<blockquote class=\"twitter-tweet\" data-width=\"550\" data-dnt=\"true\">\n<p lang=\"de\" dir=\"ltr\">Mein Name ist Timo. Wie in Antimobbingbeauftrager. <a href=\"https:\/\/t.co\/4uw2fWryvk\">https:\/\/t.co\/4uw2fWryvk<\/a><\/p>\n<p>&mdash; TimoSchur (@SchurTimo) <a href=\"https:\/\/twitter.com\/SchurTimo\/status\/1592092818201513984?ref_src=twsrc%5Etfw\">November 14, 2022<\/a><\/p><\/blockquote>\n<p><script async src=\"https:\/\/platform.twitter.com\/widgets.js\" charset=\"utf-8\"><\/script><br \/>\nhttps:\/\/twitter.com\/v_i_o_l_a\/status\/1592206210748796928<\/p>\n<blockquote class=\"twitter-tweet\" data-width=\"550\" data-dnt=\"true\">\n<p lang=\"zxx\" dir=\"ltr\"><a href=\"https:\/\/t.co\/SjI02BO6pX\">pic.twitter.com\/SjI02BO6pX<\/a><\/p>\n<p>&mdash; Hauck &amp; Bauer (@hauckundbauer) <a href=\"https:\/\/twitter.com\/hauckundbauer\/status\/1592089390402125824?ref_src=twsrc%5Etfw\">November 14, 2022<\/a><\/p><\/blockquote>\n<p><script async src=\"https:\/\/platform.twitter.com\/widgets.js\" charset=\"utf-8\"><\/script><\/p>\n<blockquote class=\"twitter-tweet\" data-width=\"550\" data-dnt=\"true\">\n<p lang=\"de\" dir=\"ltr\">Donnerstag, 17. Nov. 2022, 17:00h: Gemeinsame Online-Sprechstunde von Landesarchiv NRW Abt. Westfalen, <a href=\"https:\/\/twitter.com\/LWLArchivamt?ref_src=twsrc%5Etfw\">@LWLArchivamt<\/a>, Bistumsarchiv, Universit\u00e4tsarchiv und <a href=\"https:\/\/twitter.com\/StadtarchivMS?ref_src=twsrc%5Etfw\">@StadtarchivMS<\/a>. Bitte meldet unter archiv@stadt-muenster.de an. Wir schicken Euch dann einen Zoom-Link! <a href=\"https:\/\/twitter.com\/hashtag\/FragM%C3%BCnstersArchive?src=hash&amp;ref_src=twsrc%5Etfw\">#FragM\u00fcnstersArchive<\/a> <a href=\"https:\/\/t.co\/imJbhMYcYj\">pic.twitter.com\/imJbhMYcYj<\/a><\/p>\n<p>&mdash; Stadtarchiv M\u00fcnster (@StadtarchivMS) <a href=\"https:\/\/twitter.com\/StadtarchivMS\/status\/1592088196673720321?ref_src=twsrc%5Etfw\">November 14, 2022<\/a><\/p><\/blockquote>\n<p><script async src=\"https:\/\/platform.twitter.com\/widgets.js\" charset=\"utf-8\"><\/script><\/p>\n<blockquote class=\"twitter-tweet\" data-width=\"550\" data-dnt=\"true\">\n<p lang=\"de\" dir=\"ltr\">F\u00fcr wen d\u00fcrfen wir ein paar Komplimente verladen? <a href=\"https:\/\/t.co\/CIx942VaKe\">pic.twitter.com\/CIx942VaKe<\/a><\/p>\n<p>&mdash; DB Cargo (@DB_Cargo) <a href=\"https:\/\/twitter.com\/DB_Cargo\/status\/1592082424401657857?ref_src=twsrc%5Etfw\">November 14, 2022<\/a><\/p><\/blockquote>\n<p><script async src=\"https:\/\/platform.twitter.com\/widgets.js\" charset=\"utf-8\"><\/script><\/p>\n<blockquote class=\"twitter-tweet\" data-width=\"550\" data-dnt=\"true\">\n<p lang=\"en\" dir=\"ltr\">Stress-eating during exam-marking season. <a href=\"https:\/\/t.co\/mozSsUhnmy\">https:\/\/t.co\/mozSsUhnmy<\/a><\/p>\n<p>&mdash; Katy Hestar (@HestarKaty) <a href=\"https:\/\/twitter.com\/HestarKaty\/status\/1592067973178884096?ref_src=twsrc%5Etfw\">November 14, 2022<\/a><\/p><\/blockquote>\n<p><script async src=\"https:\/\/platform.twitter.com\/widgets.js\" charset=\"utf-8\"><\/script><\/p>\n<blockquote class=\"twitter-tweet\" data-width=\"550\" data-dnt=\"true\">\n<p lang=\"de\" dir=\"ltr\">Das Imaging Network der <a href=\"https:\/\/twitter.com\/hashtag\/WWU_Muenster?src=hash&amp;ref_src=twsrc%5Etfw\">#WWU_Muenster<\/a> erh\u00e4lt als Teil des Konsortiums NFDI4BIOIMAGE eine Bund-L\u00e4nder F\u00f6rderung zur St\u00e4rkung der nationalen Forschungsdateninfrastruktur (NFDI). <a href=\"https:\/\/t.co\/761ijyztj0\">https:\/\/t.co\/761ijyztj0<\/a><\/p>\n<p>&mdash; Universit\u00e4t M\u00fcnster (@uni_muenster) <a href=\"https:\/\/twitter.com\/uni_muenster\/status\/1592081346385551360?ref_src=twsrc%5Etfw\">November 14, 2022<\/a><\/p><\/blockquote>\n<p><script async src=\"https:\/\/platform.twitter.com\/widgets.js\" charset=\"utf-8\"><\/script><\/p>\n<blockquote class=\"twitter-tweet\" data-width=\"550\" data-dnt=\"true\">\n<p lang=\"de\" dir=\"ltr\">Was sind denn f\u00fcr euch <a href=\"https:\/\/twitter.com\/hashtag\/PublicHumanities?src=hash&amp;ref_src=twsrc%5Etfw\">#PublicHumanities<\/a>? Oder auch <a href=\"https:\/\/twitter.com\/hashtag\/PublicDH?src=hash&amp;ref_src=twsrc%5Etfw\">#PublicDH<\/a>, also Public Digital Humanities? <a href=\"https:\/\/twitter.com\/hashtag\/DH?src=hash&amp;ref_src=twsrc%5Etfw\">#DH<\/a><\/p>\n<p>&mdash; AG WissKomm und Public Humanities in den DH (@PHintheDH) <a href=\"https:\/\/twitter.com\/PHintheDH\/status\/1592078239723159552?ref_src=twsrc%5Etfw\">November 14, 2022<\/a><\/p><\/blockquote>\n<p><script async src=\"https:\/\/platform.twitter.com\/widgets.js\" charset=\"utf-8\"><\/script><\/p>\n<blockquote class=\"twitter-tweet\" data-width=\"550\" data-dnt=\"true\">\n<p lang=\"de\" dir=\"ltr\">Arbeitsstelle der Humboldt-Universit\u00e4t macht gemeinsam mit der Staatsbibliothek Berlin elftausend Briefe von und an Jacob und Wilhelm Grimm als hochwertige Scans zug\u00e4nglich und ver\u00f6ffentlicht neuen Briefwechselband <a href=\"https:\/\/t.co\/HyR3rOi0uN\">https:\/\/t.co\/HyR3rOi0uN<\/a> <a href=\"https:\/\/t.co\/BkrZQpGdR0\">pic.twitter.com\/BkrZQpGdR0<\/a><\/p>\n<p>&mdash; grimmnetz.de (@grimmnetz) <a href=\"https:\/\/twitter.com\/grimmnetz\/status\/1592062596118872064?ref_src=twsrc%5Etfw\">November 14, 2022<\/a><\/p><\/blockquote>\n<p><script async src=\"https:\/\/platform.twitter.com\/widgets.js\" charset=\"utf-8\"><\/script><\/p>\n<blockquote class=\"twitter-tweet\" data-width=\"550\" data-dnt=\"true\">\n<p lang=\"de\" dir=\"ltr\">Es gibt wieder eine Schreibwoche im Jugendkloster Ahmsen. Eine (kurze) Woche im Gr\u00fcnen, um mit den eigenen Projekten weiterzukommen. Dieses Mal direkt zu Jahresbeginn (gut f\u00fcr die Neujahrsvors\u00e4tze\u263a\ufe0f).<br \/>Anmelden mit diesem Flyer (schnell sein lohnt sich):<a href=\"https:\/\/t.co\/GMjDFHVXqG\">https:\/\/t.co\/GMjDFHVXqG<\/a> <a href=\"https:\/\/t.co\/zgHwMzdOkI\">pic.twitter.com\/zgHwMzdOkI<\/a><\/p>\n<p>&mdash; TimoSchur (@SchurTimo) <a href=\"https:\/\/twitter.com\/SchurTimo\/status\/1592069486974504961?ref_src=twsrc%5Etfw\">November 14, 2022<\/a><\/p><\/blockquote>\n<p><script async src=\"https:\/\/platform.twitter.com\/widgets.js\" charset=\"utf-8\"><\/script><br \/>\nhttps:\/\/twitter.com\/v_i_o_l_a\/status\/1592207385342644224<\/p>\n<blockquote class=\"twitter-tweet\" data-width=\"550\" data-dnt=\"true\">\n<p lang=\"de\" dir=\"ltr\">Archiv f\u00fcr den Chorgesang <a href=\"https:\/\/t.co\/TWSiuQNDu8\">https:\/\/t.co\/TWSiuQNDu8<\/a><\/p>\n<p>&mdash; ULB_MS_DigiNews (@ULB_MS_DigiNews) <a href=\"https:\/\/twitter.com\/ULB_MS_DigiNews\/status\/1592060082296176641?ref_src=twsrc%5Etfw\">November 14, 2022<\/a><\/p><\/blockquote>\n<p><script async src=\"https:\/\/platform.twitter.com\/widgets.js\" charset=\"utf-8\"><\/script><\/p>\n<blockquote class=\"twitter-tweet\" data-width=\"550\" data-dnt=\"true\">\n<p lang=\"en\" dir=\"ltr\">BBC Radio4 \u201eIn our time\u201c: \u201eThe Great Gatsby\u201c <a href=\"https:\/\/t.co\/6RHNzltjSg\">https:\/\/t.co\/6RHNzltjSg<\/a><\/p>\n<p>&mdash; ULB_MS_FachInfo (@ULB_MS_FachInfo) <a href=\"https:\/\/twitter.com\/ULB_MS_FachInfo\/status\/1592052962787921920?ref_src=twsrc%5Etfw\">November 14, 2022<\/a><\/p><\/blockquote>\n<p><script async src=\"https:\/\/platform.twitter.com\/widgets.js\" charset=\"utf-8\"><\/script><br \/>\nhttps:\/\/twitter.com\/v_i_o_l_a\/status\/1592207634572390400<\/p>\n<blockquote class=\"twitter-tweet\" data-width=\"550\" data-dnt=\"true\">\n<p lang=\"en\" dir=\"ltr\">I periodically update this google doc that has almost every twitter meme template from over the years. If the ship goes down you can hold onto these overused jokes, as a treat <a href=\"https:\/\/t.co\/aOM2Il1mcn\">https:\/\/t.co\/aOM2Il1mcn<\/a><\/p>\n<p>&mdash; Nathan Allebach (@nathanallebach) <a href=\"https:\/\/twitter.com\/nathanallebach\/status\/1591795452101689346?ref_src=twsrc%5Etfw\">November 13, 2022<\/a><\/p><\/blockquote>\n<p><script async src=\"https:\/\/platform.twitter.com\/widgets.js\" charset=\"utf-8\"><\/script><\/p>\n<blockquote class=\"twitter-tweet\" data-width=\"550\" data-dnt=\"true\">\n<p lang=\"zxx\" dir=\"ltr\"><a href=\"https:\/\/t.co\/fj9qk8EC8b\">pic.twitter.com\/fj9qk8EC8b<\/a><\/p>\n<p>&mdash; Steinbergdrawscartoons (@steinbergart) <a href=\"https:\/\/twitter.com\/steinbergart\/status\/1591990391272009728?ref_src=twsrc%5Etfw\">November 14, 2022<\/a><\/p><\/blockquote>\n<p><script async src=\"https:\/\/platform.twitter.com\/widgets.js\" charset=\"utf-8\"><\/script><br \/>\nhttps:\/\/twitter.com\/v_i_o_l_a\/status\/1592208069928583169<br \/>\nhttps:\/\/twitter.com\/v_i_o_l_a\/status\/1592245368770764800<\/p>\n<blockquote class=\"twitter-tweet\" data-width=\"550\" data-dnt=\"true\">\n<p lang=\"de\" dir=\"ltr\">von einem werk, von dem wir eine viers\u00e4tzige ausgabe haben, schaffen wir diese saison nur den letzten satz. erkennt jemand das werk? \ud83d\ude42 <a href=\"https:\/\/t.co\/uCk8xpcvih\">pic.twitter.com\/uCk8xpcvih<\/a><\/p>\n<p>&mdash; viola vo\u00df (@v_i_o_l_a) <a href=\"https:\/\/twitter.com\/v_i_o_l_a\/status\/1592268118570815490?ref_src=twsrc%5Etfw\">November 14, 2022<\/a><\/p><\/blockquote>\n<p><script async src=\"https:\/\/platform.twitter.com\/widgets.js\" charset=\"utf-8\"><\/script><\/p>\n","protected":false},"excerpt":{"rendered":"<p>&#39;morgen! &mdash; viola vo\u00df (@v_i_o_l_a) November 14, 2022 https:\/\/twitter.com\/v_i_o_l_a\/status\/1592083490937647105 &quot;Ursache eines Eisenbahnzusammensto\u00dfes: Die Z\u00fcge hatten ihre fahrplanm\u00e4\u00dfige Versp\u00e4tung nicht eingehalten.&quot; (Anton Kuh, 1890\u20131941, \u00f6sterr. Journalist und Schriftsteller) [via https:\/\/t.co\/L4VYhltLO1] &mdash; viola vo\u00df (@v_i_o_l_a) November 14, 2022 https:\/\/twitter.com\/v_i_o_l_a\/status\/1592087040463704064 Open Talk: Wissenschaftliche Information suchen und finden im FID Benelux-Portal https:\/\/t.co\/KsqzK7AGap &mdash; Karolin Bubke \uea00 (@KaroBube76) November 14, [&hellip;]<\/p>\n","protected":false},"author":1,"featured_media":0,"comment_status":"open","ping_status":"open","sticky":false,"template":"","format":"standard","meta":{"footnotes":""},"categories":[36],"tags":[],"class_list":["post-13547","post","type-post","status-publish","format-standard","hentry","category-twitter"],"_links":{"self":[{"href":"https:\/\/www.x-v-x.de\/blog\/index.php?rest_route=\/wp\/v2\/posts\/13547","targetHints":{"allow":["GET"]}}],"collection":[{"href":"https:\/\/www.x-v-x.de\/blog\/index.php?rest_route=\/wp\/v2\/posts"}],"about":[{"href":"https:\/\/www.x-v-x.de\/blog\/index.php?rest_route=\/wp\/v2\/types\/post"}],"author":[{"embeddable":true,"href":"https:\/\/www.x-v-x.de\/blog\/index.php?rest_route=\/wp\/v2\/users\/1"}],"replies":[{"embeddable":true,"href":"https:\/\/www.x-v-x.de\/blog\/index.php?rest_route=%2Fwp%2Fv2%2Fcomments&post=13547"}],"version-history":[{"count":0,"href":"https:\/\/www.x-v-x.de\/blog\/index.php?rest_route=\/wp\/v2\/posts\/13547\/revisions"}],"wp:attachment":[{"href":"https:\/\/www.x-v-x.de\/blog\/index.php?rest_route=%2Fwp%2Fv2%2Fmedia&parent=13547"}],"wp:term":[{"taxonomy":"category","embeddable":true,"href":"https:\/\/www.x-v-x.de\/blog\/index.php?rest_route=%2Fwp%2Fv2%2Fcategories&post=13547"},{"taxonomy":"post_tag","embeddable":true,"href":"https:\/\/www.x-v-x.de\/blog\/index.php?rest_route=%2Fwp%2Fv2%2Ftags&post=13547"}],"curies":[{"name":"wp","href":"https:\/\/api.w.org\/{rel}","templated":true}]}}