{"id":13587,"date":"2022-12-02T21:54:22","date_gmt":"2022-12-02T20:54:22","guid":{"rendered":"https:\/\/www.x-v-x.de\/blog\/?p=13587"},"modified":"2023-02-19T21:55:24","modified_gmt":"2023-02-19T20:55:24","slug":"tweets-2022-12-01","status":"publish","type":"post","link":"https:\/\/www.x-v-x.de\/blog\/?p=13587","title":{"rendered":"tweets | 2022-12-01"},"content":{"rendered":"<blockquote class=\"twitter-tweet\" data-width=\"550\" data-dnt=\"true\">\n<p lang=\"nl\" dir=\"ltr\">&#39;morgen!<\/p>\n<p>&mdash; viola vo\u00df (@v_i_o_l_a) <a href=\"https:\/\/twitter.com\/v_i_o_l_a\/status\/1598184007849709571?ref_src=twsrc%5Etfw\">December 1, 2022<\/a><\/p><\/blockquote>\n<p><script async src=\"https:\/\/platform.twitter.com\/widgets.js\" charset=\"utf-8\"><\/script><\/p>\n<blockquote class=\"twitter-tweet\" data-width=\"550\" data-dnt=\"true\">\n<p lang=\"en\" dir=\"ltr\">Increasingly grateful for the roads not taken, and the freedom to ask questions.<\/p>\n<p>&mdash; Helen Nde (@hm_nde) <a href=\"https:\/\/twitter.com\/hm_nde\/status\/1597725362410377216?ref_src=twsrc%5Etfw\">November 29, 2022<\/a><\/p><\/blockquote>\n<p><script async src=\"https:\/\/platform.twitter.com\/widgets.js\" charset=\"utf-8\"><\/script><\/p>\n<blockquote class=\"twitter-tweet\" data-width=\"550\" data-dnt=\"true\">\n<p lang=\"de\" dir=\"ltr\">Im Artikel des Tages des <a href=\"https:\/\/twitter.com\/hashtag\/DWDS?src=hash&amp;ref_src=twsrc%5Etfw\">#DWDS<\/a> lesen Sie das ganze Jahr allmorgendlich \u00dcberraschungen, ab heute k\u00f6nnen sich viele auch \u00fcber handfeste freuen. Warum, sehen Sie \u2013 nat\u00fcrlich \u2013 im Artikel des Tages <a href=\"https:\/\/t.co\/G4WDyp1J7t\">https:\/\/t.co\/G4WDyp1J7t<\/a> <a href=\"https:\/\/t.co\/3olKLhQzyS\">pic.twitter.com\/3olKLhQzyS<\/a><\/p>\n<p>&mdash; Digitales W\u00f6rterbuch der deutschen Sprache (@dwds_de) <a href=\"https:\/\/twitter.com\/dwds_de\/status\/1598187637801594880?ref_src=twsrc%5Etfw\">December 1, 2022<\/a><\/p><\/blockquote>\n<p><script async src=\"https:\/\/platform.twitter.com\/widgets.js\" charset=\"utf-8\"><\/script><\/p>\n<blockquote class=\"twitter-tweet\" data-width=\"550\" data-dnt=\"true\">\n<p lang=\"en\" dir=\"ltr\">Today, at my students&#39; request, I looked at my Spotify Wrapped before class started, and when I reported that my top artist was Florence and the Machine, a student said quietly, as if to themselves, &quot;oh, that makes sense&quot;<\/p>\n<p>&mdash; Megan L. Cook meganlcook.bsky.social (@meganlcook) <a href=\"https:\/\/twitter.com\/meganlcook\/status\/1598126076198539266?ref_src=twsrc%5Etfw\">December 1, 2022<\/a><\/p><\/blockquote>\n<p><script async src=\"https:\/\/platform.twitter.com\/widgets.js\" charset=\"utf-8\"><\/script><\/p>\n<blockquote class=\"twitter-tweet\" data-width=\"550\" data-dnt=\"true\">\n<p lang=\"en\" dir=\"ltr\">KOALA consortia fund journals and publication series that provide immediate access to full texts and do not charge publication fees.  Collaborative open access funding successful. Very nice initative in Germany !   <a href=\"https:\/\/t.co\/JmQuWgl8Wo\">https:\/\/t.co\/JmQuWgl8Wo<\/a> <a href=\"https:\/\/t.co\/l2pNaEvIPj\">pic.twitter.com\/l2pNaEvIPj<\/a><\/p>\n<p>&mdash; Marin Dacos &#8211; Science ouverte (@marindacos) <a href=\"https:\/\/twitter.com\/marindacos\/status\/1597992778058825728?ref_src=twsrc%5Etfw\">November 30, 2022<\/a><\/p><\/blockquote>\n<p><script async src=\"https:\/\/platform.twitter.com\/widgets.js\" charset=\"utf-8\"><\/script><\/p>\n<blockquote class=\"twitter-tweet\" data-width=\"550\" data-dnt=\"true\">\n<p lang=\"de\" dir=\"ltr\">Diese Woche hatte ich die bisher spannendste und lehrreichste Lehrveranstaltung. Studierende versuchen ver\u00f6ffentlichte Studien verschiedener Fachrichtungen zu reproduzieren und es gab Zwischenberichte. 1\/2<\/p>\n<p>&mdash; Fuzzy Leapfrog (@FuzzyLeapfrog) <a href=\"https:\/\/twitter.com\/FuzzyLeapfrog\/status\/1598220236527849472?ref_src=twsrc%5Etfw\">December 1, 2022<\/a><\/p><\/blockquote>\n<p><script async src=\"https:\/\/platform.twitter.com\/widgets.js\" charset=\"utf-8\"><\/script><\/p>\n<blockquote class=\"twitter-tweet\" data-width=\"550\" data-dnt=\"true\">\n<p lang=\"de\" dir=\"ltr\">Selten etwas spannenderes erlebt. Wahre Krimis und detektivische Spurensuchen dabei. Das ist gef\u00fchlt lehrreicher als es Vortragsreihe oder \u00e4hnliches zu <a href=\"https:\/\/twitter.com\/hashtag\/OpenScience?src=hash&amp;ref_src=twsrc%5Etfw\">#OpenScience<\/a> je sein k\u00f6nnte. 2\/2<\/p>\n<p>&mdash; Fuzzy Leapfrog (@FuzzyLeapfrog) <a href=\"https:\/\/twitter.com\/FuzzyLeapfrog\/status\/1598220238054883328?ref_src=twsrc%5Etfw\">December 1, 2022<\/a><\/p><\/blockquote>\n<p><script async src=\"https:\/\/platform.twitter.com\/widgets.js\" charset=\"utf-8\"><\/script><\/p>\n<blockquote class=\"twitter-tweet\" data-width=\"550\" data-dnt=\"true\">\n<p lang=\"de\" dir=\"ltr\">Vor\u00fcberlegungen zu einem notwendigen Neuen Lehrbuch f\u00fcr das Bibliothekswesen: Teil\u00a03 <a href=\"https:\/\/t.co\/ut1o90Yznt\">https:\/\/t.co\/ut1o90Yznt<\/a><\/p>\n<p>&mdash; karstens (@karstens) <a href=\"https:\/\/twitter.com\/karstens\/status\/1598221637324775424?ref_src=twsrc%5Etfw\">December 1, 2022<\/a><\/p><\/blockquote>\n<p><script async src=\"https:\/\/platform.twitter.com\/widgets.js\" charset=\"utf-8\"><\/script><br \/>\nhttps:\/\/twitter.com\/v_i_o_l_a\/status\/1598227062149775362<\/p>\n<blockquote class=\"twitter-tweet\" data-width=\"550\" data-dnt=\"true\">\n<p lang=\"de\" dir=\"ltr\">Wir freuen uns sehr, verk\u00fcnden zu k\u00f6nnen, dass ab heute Heinz Pampel <a href=\"https:\/\/twitter.com\/pampel?ref_src=twsrc%5Etfw\">@pampel<\/a> die Professur Information Management \u00fcbernimmt. <br \/>Herzliche Willkommen am IBI!!! <a href=\"https:\/\/twitter.com\/IBI_HU?ref_src=twsrc%5Etfw\">@IBI_HU<\/a> <a href=\"https:\/\/twitter.com\/HumboldtUni?ref_src=twsrc%5Etfw\">@HumboldtUni<\/a> <a href=\"https:\/\/t.co\/AB9ldL9s8P\">pic.twitter.com\/AB9ldL9s8P<\/a><\/p>\n<p>&mdash; IBI der HU Berlin (@IBI_HU) <a href=\"https:\/\/twitter.com\/IBI_HU\/status\/1598222721812422658?ref_src=twsrc%5Etfw\">December 1, 2022<\/a><\/p><\/blockquote>\n<p><script async src=\"https:\/\/platform.twitter.com\/widgets.js\" charset=\"utf-8\"><\/script><br \/>\nhttps:\/\/twitter.com\/v_i_o_l_a\/status\/1598227271856553984<br \/>\nhttps:\/\/twitter.com\/v_i_o_l_a\/status\/1598227350776266752<\/p>\n<blockquote class=\"twitter-tweet\" data-width=\"550\" data-dnt=\"true\">\n<p lang=\"en\" dir=\"ltr\">Personal news: Today, I\u2019m joining the Berlin School of Library and Information Science at <a href=\"https:\/\/twitter.com\/HumboldtUni?ref_src=twsrc%5Etfw\">@HumboldtUni<\/a> as Guest Professor for Information Management (<a href=\"https:\/\/twitter.com\/IBI_HU?ref_src=twsrc%5Etfw\">@IBI_HU<\/a>, associated with <a href=\"https:\/\/twitter.com\/ECDigitalFuture?ref_src=twsrc%5Etfw\">@ECDigitalFuture<\/a>). I\u2019m also pleased to continue working for <a href=\"https:\/\/twitter.com\/helmholtz_os?ref_src=twsrc%5Etfw\">@helmholtz_os<\/a> as a scientific consultant. <a href=\"https:\/\/t.co\/lsWKPa3GIg\">https:\/\/t.co\/lsWKPa3GIg<\/a><\/p>\n<p>&mdash; Heinz Pampel (@pampel) <a href=\"https:\/\/twitter.com\/pampel\/status\/1598223884045910016?ref_src=twsrc%5Etfw\">December 1, 2022<\/a><\/p><\/blockquote>\n<p><script async src=\"https:\/\/platform.twitter.com\/widgets.js\" charset=\"utf-8\"><\/script><\/p>\n<blockquote class=\"twitter-tweet\" data-width=\"550\" data-dnt=\"true\">\n<p lang=\"en\" dir=\"ltr\">Poetry Comics Month, Day 30<a href=\"https:\/\/twitter.com\/hashtag\/poetrycomicsmonth?src=hash&amp;ref_src=twsrc%5Etfw\">#poetrycomicsmonth<\/a> <a href=\"https:\/\/t.co\/3wGzHKPssk\">pic.twitter.com\/3wGzHKPssk<\/a><\/p>\n<p>&mdash; Grant Snider (@grantdraws) <a href=\"https:\/\/twitter.com\/grantdraws\/status\/1598000418810114049?ref_src=twsrc%5Etfw\">November 30, 2022<\/a><\/p><\/blockquote>\n<p><script async src=\"https:\/\/platform.twitter.com\/widgets.js\" charset=\"utf-8\"><\/script><\/p>\n<blockquote class=\"twitter-tweet\" data-width=\"550\" data-dnt=\"true\">\n<p lang=\"en\" dir=\"ltr\">Ever wondered why ghosts are associated with the Christmas season?<\/p>\n<p>In a new blog post, <a href=\"https:\/\/twitter.com\/EFLOxford?ref_src=twsrc%5Etfw\">@EFLOxford<\/a> shine a flickering candlelight on the evolution of mid-winter spookiness, from Beowulf to Cromwell, Dickens and beyond.<a href=\"https:\/\/t.co\/AukVR0Gk8X\">https:\/\/t.co\/AukVR0Gk8X<\/a> <a href=\"https:\/\/t.co\/uInvVo0KLc\">pic.twitter.com\/uInvVo0KLc<\/a><\/p>\n<p>&mdash; Bodleian Libraries (@bodleianlibs) <a href=\"https:\/\/twitter.com\/bodleianlibs\/status\/1598263785776500736?ref_src=twsrc%5Etfw\">December 1, 2022<\/a><\/p><\/blockquote>\n<p><script async src=\"https:\/\/platform.twitter.com\/widgets.js\" charset=\"utf-8\"><\/script><br \/>\nhttps:\/\/twitter.com\/v_i_o_l_a\/status\/1598274928121372672<\/p>\n<blockquote class=\"twitter-tweet\" data-width=\"550\" data-dnt=\"true\">\n<p lang=\"de\" dir=\"ltr\">heute war ich endlich mal wieder in unserer germanistik-bibliothek. und habe u.a. neuerwerbungen f\u00fcr sprachwissenschaft und deutsch-didaktik (nicht im bild, da vergessen zu fotografieren) nach RVK signiert. <a href=\"https:\/\/twitter.com\/hashtag\/bibliothek?src=hash&amp;ref_src=twsrc%5Etfw\">#bibliothek<\/a> <a href=\"https:\/\/twitter.com\/hashtag\/inhaltserschlie%C3%9Fung?src=hash&amp;ref_src=twsrc%5Etfw\">#inhaltserschlie\u00dfung<\/a> <a href=\"https:\/\/twitter.com\/hashtag\/aufstellung?src=hash&amp;ref_src=twsrc%5Etfw\">#aufstellung<\/a> <a href=\"https:\/\/twitter.com\/hashtag\/fachreferat?src=hash&amp;ref_src=twsrc%5Etfw\">#fachreferat<\/a> <a href=\"https:\/\/twitter.com\/hashtag\/philologie?src=hash&amp;ref_src=twsrc%5Etfw\">#philologie<\/a> <a href=\"https:\/\/t.co\/8YtdZyQ0jJ\">pic.twitter.com\/8YtdZyQ0jJ<\/a><\/p>\n<p>&mdash; viola vo\u00df (@v_i_o_l_a) <a href=\"https:\/\/twitter.com\/v_i_o_l_a\/status\/1598279698093580289?ref_src=twsrc%5Etfw\">December 1, 2022<\/a><\/p><\/blockquote>\n<p><script async src=\"https:\/\/platform.twitter.com\/widgets.js\" charset=\"utf-8\"><\/script><\/p>\n<blockquote class=\"twitter-tweet\" data-width=\"550\" data-dnt=\"true\">\n<p lang=\"de\" dir=\"ltr\"><a href=\"https:\/\/twitter.com\/hashtag\/DLAMarbach?src=hash&amp;ref_src=twsrc%5Etfw\">#DLAMarbach<\/a> erwirbt Nachlass von Rainer Maria Rilke. Das <a href=\"https:\/\/twitter.com\/hashtag\/Rilke?src=hash&amp;ref_src=twsrc%5Etfw\">#Rilke<\/a>-Archiv Gernsbach befand sich seit fast 100 Jahren in Privatbesitz, nun ist es gelungen, diesen ebenso umfangreichen wie bedeutsamen Nachlass auf die <a href=\"https:\/\/twitter.com\/hashtag\/Schillerh%C3%B6he?src=hash&amp;ref_src=twsrc%5Etfw\">#Schillerh\u00f6he<\/a> zu holen: <a href=\"https:\/\/t.co\/47thAxospB\">https:\/\/t.co\/47thAxospB<\/a> <a href=\"https:\/\/t.co\/buZy1MSUkP\">pic.twitter.com\/buZy1MSUkP<\/a><\/p>\n<p>&mdash; Deutsches Literaturarchiv Marbach (@DLAMarbach) <a href=\"https:\/\/twitter.com\/DLAMarbach\/status\/1598279529314787328?ref_src=twsrc%5Etfw\">December 1, 2022<\/a><\/p><\/blockquote>\n<p><script async src=\"https:\/\/platform.twitter.com\/widgets.js\" charset=\"utf-8\"><\/script><\/p>\n<blockquote class=\"twitter-tweet\" data-width=\"550\" data-dnt=\"true\">\n<p lang=\"de\" dir=\"ltr\">Rilkes <a href=\"https:\/\/twitter.com\/hashtag\/Nachlass?src=hash&amp;ref_src=twsrc%5Etfw\">#Nachlass<\/a> umfasst \u00fcber 10.000 handschriftliche Seiten mit Werkentw\u00fcrfen und Notizen, ca. 8.800 Briefe, rund 470 B\u00fccher und Zeitschriften aus seiner <a href=\"https:\/\/twitter.com\/hashtag\/Bibliothek?src=hash&amp;ref_src=twsrc%5Etfw\">#Bibliothek<\/a> sowie bisher unbekannte <a href=\"https:\/\/twitter.com\/hashtag\/Zeichnungen?src=hash&amp;ref_src=twsrc%5Etfw\">#Zeichnungen<\/a>, <a href=\"https:\/\/twitter.com\/hashtag\/Fotografien?src=hash&amp;ref_src=twsrc%5Etfw\">#Fotografien<\/a> aus allen Lebensphasen und weitere biografische Materialien. <a href=\"https:\/\/t.co\/M73dGQumKP\">pic.twitter.com\/M73dGQumKP<\/a><\/p>\n<p>&mdash; Deutsches Literaturarchiv Marbach (@DLAMarbach) <a href=\"https:\/\/twitter.com\/DLAMarbach\/status\/1598279843770236930?ref_src=twsrc%5Etfw\">December 1, 2022<\/a><\/p><\/blockquote>\n<p><script async src=\"https:\/\/platform.twitter.com\/widgets.js\" charset=\"utf-8\"><\/script><\/p>\n<blockquote class=\"twitter-tweet\" data-width=\"550\" data-dnt=\"true\">\n<p lang=\"en\" dir=\"ltr\">Ahhh, to experience the calm, peaceful splendor of [checks notes] 1970&#39;s Belfast. <a href=\"https:\/\/t.co\/8xfXFHAbIo\">pic.twitter.com\/8xfXFHAbIo<\/a><\/p>\n<p>&mdash; The author, S\u00e9amas O&#39;Reilly (@shockproofbeats) <a href=\"https:\/\/twitter.com\/shockproofbeats\/status\/1246761399474413568?ref_src=twsrc%5Etfw\">April 5, 2020<\/a><\/p><\/blockquote>\n<p><script async src=\"https:\/\/platform.twitter.com\/widgets.js\" charset=\"utf-8\"><\/script><br \/>\nhttps:\/\/twitter.com\/v_i_o_l_a\/status\/1598294811550916609<\/p>\n<blockquote class=\"twitter-tweet\" data-width=\"550\" data-dnt=\"true\">\n<p lang=\"in\" dir=\"ltr\">Sconehenge. <a href=\"https:\/\/t.co\/SExucNSZaq\">pic.twitter.com\/SExucNSZaq<\/a><\/p>\n<p>&mdash; No Context Brits (@NoContextBrits) <a href=\"https:\/\/twitter.com\/NoContextBrits\/status\/1598280643833909253?ref_src=twsrc%5Etfw\">December 1, 2022<\/a><\/p><\/blockquote>\n<p><script async src=\"https:\/\/platform.twitter.com\/widgets.js\" charset=\"utf-8\"><\/script><\/p>\n<blockquote class=\"twitter-tweet\" data-width=\"550\" data-dnt=\"true\">\n<p lang=\"en\" dir=\"ltr\">Hey, Spaniards! Anybody home??? <a href=\"https:\/\/t.co\/EJb8HHqJwe\">https:\/\/t.co\/EJb8HHqJwe<\/a><\/p>\n<p>&mdash; Sebastian N\u2726rdh\u2726ff (@twig2noise) <a href=\"https:\/\/twitter.com\/twig2noise\/status\/1598281867740213249?ref_src=twsrc%5Etfw\">December 1, 2022<\/a><\/p><\/blockquote>\n<p><script async src=\"https:\/\/platform.twitter.com\/widgets.js\" charset=\"utf-8\"><\/script><\/p>\n<blockquote class=\"twitter-tweet\" data-width=\"550\" data-dnt=\"true\">\n<p lang=\"en\" dir=\"ltr\">Does the existence of an exorcist also imply the existence of andcists, notcists and orcists?<\/p>\n<p>&mdash; Gerd Eist (@erdgeist) <a href=\"https:\/\/twitter.com\/erdgeist\/status\/1598277687667462144?ref_src=twsrc%5Etfw\">December 1, 2022<\/a><\/p><\/blockquote>\n<p><script async src=\"https:\/\/platform.twitter.com\/widgets.js\" charset=\"utf-8\"><\/script><\/p>\n<blockquote class=\"twitter-tweet\" data-width=\"550\" data-dnt=\"true\">\n<p lang=\"de\" dir=\"ltr\">Die UB Basel gibt&#39;s schon seit \u00fcber 550 Jahren. H\u00f6chste Zeit, dass endlich auch ein Weihnachstbaum diese ehrw\u00fcrdigen Hallen schm\u00fcckt:<a href=\"https:\/\/t.co\/7ieND6Yr0u\">https:\/\/t.co\/7ieND6Yr0u<\/a><a href=\"https:\/\/twitter.com\/Mewi_UniBasel?ref_src=twsrc%5Etfw\">@Mewi_UniBasel<\/a> <a href=\"https:\/\/twitter.com\/UniBasel?ref_src=twsrc%5Etfw\">@UniBasel<\/a> <a href=\"https:\/\/twitter.com\/baslerstadtbuch?ref_src=twsrc%5Etfw\">@baslerstadtbuch<\/a> <a href=\"https:\/\/twitter.com\/grabmacherjoggi?ref_src=twsrc%5Etfw\">@grabmacherjoggi<\/a> <a href=\"https:\/\/twitter.com\/baseltourism?ref_src=twsrc%5Etfw\">@baseltourism<\/a> <a href=\"https:\/\/twitter.com\/BaselStadt?ref_src=twsrc%5Etfw\">@BaselStadt<\/a><\/p>\n<p>&mdash; UB Basel (@UBBasel) <a href=\"https:\/\/twitter.com\/UBBasel\/status\/1598274499027562502?ref_src=twsrc%5Etfw\">December 1, 2022<\/a><\/p><\/blockquote>\n<p><script async src=\"https:\/\/platform.twitter.com\/widgets.js\" charset=\"utf-8\"><\/script><br \/>\nhttps:\/\/twitter.com\/v_i_o_l_a\/status\/1598295888086302721<\/p>\n<blockquote class=\"twitter-tweet\" data-width=\"550\" data-dnt=\"true\">\n<p lang=\"de\" dir=\"ltr\">Wer von Euch Mobilfunk \u00fcber die Telekom bezieht, sollte kurz auf <a href=\"https:\/\/t.co\/pJE62AVizx\">https:\/\/t.co\/pJE62AVizx<\/a> vorbeischauen und die extrakostenfreien hundert GB dazubuchen. Und dann bis zum Ende des Monats gr\u00fcbeln, wie zum Geier man die abfackeln soll. \u26a1\ufe0f<\/p>\n<p>&mdash; Gerd Eist (@erdgeist) <a href=\"https:\/\/twitter.com\/erdgeist\/status\/1598290749396615169?ref_src=twsrc%5Etfw\">December 1, 2022<\/a><\/p><\/blockquote>\n<p><script async src=\"https:\/\/platform.twitter.com\/widgets.js\" charset=\"utf-8\"><\/script><br \/>\nhttps:\/\/twitter.com\/v_i_o_l_a\/status\/1598296162905493504<\/p>\n<blockquote class=\"twitter-tweet\" data-width=\"550\" data-dnt=\"true\">\n<p lang=\"en\" dir=\"ltr\"><a href=\"https:\/\/twitter.com\/hashtag\/UoYAdvent?src=hash&amp;ref_src=twsrc%5Etfw\">#UoYAdvent<\/a> Day 1 \u26f8\ufe0f<\/p>\n<p>This scrapbook of hand drawn pictures was created by Laura Catherine Hannam in 1819. Laura lived in East Kent, either on a farm or smallholding. <\/p>\n<p>The scrapbook has been digitised! Delve into Laura&#39;s rural 19th Century life life here: <a href=\"https:\/\/t.co\/5wRIqkKUJW\">https:\/\/t.co\/5wRIqkKUJW<\/a> <a href=\"https:\/\/t.co\/ZlqsVXYKwO\">pic.twitter.com\/ZlqsVXYKwO<\/a><\/p>\n<p>&mdash; Uni Of York Library (@UoYLibrary) <a href=\"https:\/\/twitter.com\/UoYLibrary\/status\/1598270697666535424?ref_src=twsrc%5Etfw\">December 1, 2022<\/a><\/p><\/blockquote>\n<p><script async src=\"https:\/\/platform.twitter.com\/widgets.js\" charset=\"utf-8\"><\/script><\/p>\n<blockquote class=\"twitter-tweet\" data-width=\"550\" data-dnt=\"true\">\n<p lang=\"en\" dir=\"ltr\">Congrats to all the <a href=\"https:\/\/twitter.com\/hashtag\/IIBAwards?src=hash&amp;ref_src=twsrc%5Etfw\">#IIBAwards<\/a> winners! It\u2019s so wonderful to see all the great news this morning and browse what is clearly one of the best sources of inspiration for data visualization around.<\/p>\n<p>Take some time out to check out all of this year\u2019s entries: <a href=\"https:\/\/t.co\/31kDt13j32\">https:\/\/t.co\/31kDt13j32<\/a><\/p>\n<p>&mdash; Nicholas Rougeux (@rougeux) <a href=\"https:\/\/twitter.com\/rougeux\/status\/1598269966360662016?ref_src=twsrc%5Etfw\">December 1, 2022<\/a><\/p><\/blockquote>\n<p><script async src=\"https:\/\/platform.twitter.com\/widgets.js\" charset=\"utf-8\"><\/script><\/p>\n<blockquote class=\"twitter-tweet\" data-width=\"550\" data-dnt=\"true\">\n<p lang=\"de\" dir=\"ltr\">So eine Stellenausschreibung f\u00fcr Historiker*innen gibt nicht oft: Geschichtsthemen f\u00fcr <a href=\"https:\/\/twitter.com\/DLF?ref_src=twsrc%5Etfw\">@DLF<\/a> <a href=\"https:\/\/twitter.com\/dlfkultur?ref_src=twsrc%5Etfw\">@dlfkultur<\/a> <a href=\"https:\/\/twitter.com\/dlfnova?ref_src=twsrc%5Etfw\">@dlfnova<\/a> umsetzen &#8211; was f\u00fcr eine spannende Aufgabe! Bewerbungen f\u00fcr die Redaktion Geschichte im Deutschlandradio bis 16.12. hier: <a href=\"https:\/\/t.co\/yvMq7uk5TM\">https:\/\/t.co\/yvMq7uk5TM<\/a> <a href=\"https:\/\/t.co\/IvE9Xhzz7u\">pic.twitter.com\/IvE9Xhzz7u<\/a><\/p>\n<p>&mdash; Stephan Detjen (@stephandetjen) <a href=\"https:\/\/twitter.com\/stephandetjen\/status\/1597931024939614208?ref_src=twsrc%5Etfw\">November 30, 2022<\/a><\/p><\/blockquote>\n<p><script async src=\"https:\/\/platform.twitter.com\/widgets.js\" charset=\"utf-8\"><\/script><br \/>\nhttps:\/\/twitter.com\/v_i_o_l_a\/status\/1598296630356488195<\/p>\n<blockquote class=\"twitter-tweet\" data-width=\"550\" data-dnt=\"true\">\n<p lang=\"de\" dir=\"ltr\">Ho! Ho! Ho! Der <a href=\"https:\/\/twitter.com\/hashtag\/Adventskalender?src=hash&amp;ref_src=twsrc%5Etfw\">#Adventskalender<\/a> der Uni M\u00fcnster startet wieder. Im Kalender wird t\u00e4glich eine Frage zu einem wissenschaftlichen Themengebiet gestellt. Wer mag, kann mitr\u00e4tseln und bekommt dadurch die Chance auf einen der attraktiven Preise. <a href=\"https:\/\/t.co\/a2orEDHIVD\">https:\/\/t.co\/a2orEDHIVD<\/a> <a href=\"https:\/\/t.co\/FJuHaeAVtZ\">pic.twitter.com\/FJuHaeAVtZ<\/a><\/p>\n<p>&mdash; Universit\u00e4t M\u00fcnster (@uni_muenster) <a href=\"https:\/\/twitter.com\/uni_muenster\/status\/1598247752320036864?ref_src=twsrc%5Etfw\">December 1, 2022<\/a><\/p><\/blockquote>\n<p><script async src=\"https:\/\/platform.twitter.com\/widgets.js\" charset=\"utf-8\"><\/script><br \/>\nhttps:\/\/twitter.com\/v_i_o_l_a\/status\/1598297197757726721<\/p>\n<blockquote class=\"twitter-tweet\" data-width=\"550\" data-dnt=\"true\">\n<p lang=\"de\" dir=\"ltr\">Aus unseren Neuerwerbungen \u2013 Sprachen und Kulturen Asiens, Afrikas und Ozeaniens 2022.12 <a href=\"https:\/\/t.co\/bo5NVU0Zvx\">https:\/\/t.co\/bo5NVU0Zvx<\/a><\/p>\n<p>&mdash; ULB_MS_FachInfo (@ULB_MS_FachInfo) <a href=\"https:\/\/twitter.com\/ULB_MS_FachInfo\/status\/1598228482881994752?ref_src=twsrc%5Etfw\">December 1, 2022<\/a><\/p><\/blockquote>\n<p><script async src=\"https:\/\/platform.twitter.com\/widgets.js\" charset=\"utf-8\"><\/script><\/p>\n<blockquote class=\"twitter-tweet\" data-width=\"550\" data-dnt=\"true\">\n<p lang=\"de\" dir=\"ltr\">Aus unseren Neuerwerbungen \u2013 Nordische Philologie 2022.12 <a href=\"https:\/\/t.co\/r41phFTM3n\">https:\/\/t.co\/r41phFTM3n<\/a><\/p>\n<p>&mdash; ULB_MS_FachInfo (@ULB_MS_FachInfo) <a href=\"https:\/\/twitter.com\/ULB_MS_FachInfo\/status\/1598228480348520448?ref_src=twsrc%5Etfw\">December 1, 2022<\/a><\/p><\/blockquote>\n<p><script async src=\"https:\/\/platform.twitter.com\/widgets.js\" charset=\"utf-8\"><\/script><br \/>\nhttps:\/\/twitter.com\/v_i_o_l_a\/status\/1598435723153231891<\/p>\n<blockquote class=\"twitter-tweet\" data-width=\"550\" data-dnt=\"true\">\n<p lang=\"en\" dir=\"ltr\">Is schadenfreude trending yet?<\/p>\n<p>&mdash; VeryBritishProblems (@SoVeryBritish) <a href=\"https:\/\/twitter.com\/SoVeryBritish\/status\/1598430375381966867?ref_src=twsrc%5Etfw\">December 1, 2022<\/a><\/p><\/blockquote>\n<p><script async src=\"https:\/\/platform.twitter.com\/widgets.js\" charset=\"utf-8\"><\/script><br \/>\nhttps:\/\/twitter.com\/v_i_o_l_a\/status\/1598435951042347008<br \/>\nhttps:\/\/twitter.com\/v_i_o_l_a\/status\/1598436125122494464<\/p>\n<blockquote class=\"twitter-tweet\" data-width=\"550\" data-dnt=\"true\">\n<p lang=\"en\" dir=\"ltr\">The University of Chicago Library invites applications for short-term research fellowships for the summer of 2023. The deadline for applications is February 24, 2023. <a href=\"https:\/\/t.co\/M0g5cgkfmK\">https:\/\/t.co\/M0g5cgkfmK<\/a> <a href=\"https:\/\/t.co\/2EtBA5eFT7\">pic.twitter.com\/2EtBA5eFT7<\/a><\/p>\n<p>&mdash; UChicago Special Collections Research Center (@UChicagoSCRC) <a href=\"https:\/\/twitter.com\/UChicagoSCRC\/status\/1598085705884127232?ref_src=twsrc%5Etfw\">November 30, 2022<\/a><\/p><\/blockquote>\n<p><script async src=\"https:\/\/platform.twitter.com\/widgets.js\" charset=\"utf-8\"><\/script><\/p>\n<blockquote class=\"twitter-tweet\" data-width=\"550\" data-dnt=\"true\">\n<p lang=\"de\" dir=\"ltr\">M\u00fcssen die M\u00e4dels das halt im n\u00e4chsten Jahr wieder rausrei\u00dfen.<\/p>\n<p>&mdash; Kai Pahl (@dogfood) <a href=\"https:\/\/twitter.com\/dogfood\/status\/1598420634853416961?ref_src=twsrc%5Etfw\">December 1, 2022<\/a><\/p><\/blockquote>\n<p><script async src=\"https:\/\/platform.twitter.com\/widgets.js\" charset=\"utf-8\"><\/script><\/p>\n<blockquote class=\"twitter-tweet\" data-width=\"550\" data-dnt=\"true\">\n<p lang=\"de\" dir=\"ltr\">30 Jahre <a href=\"https:\/\/twitter.com\/hashtag\/Weltdokumentenerbe?src=hash&amp;ref_src=twsrc%5Etfw\">#Weltdokumentenerbe<\/a> sind ein Grund zu feiern!<\/p>\n<p>Die <a href=\"https:\/\/twitter.com\/ThulbJena?ref_src=twsrc%5Etfw\">@ThulbJena<\/a> ist neben u.a. @sbb_news <a href=\"https:\/\/twitter.com\/SLUB_Geschichte?ref_src=twsrc%5Etfw\">@SLUB_Geschichte<\/a> <a href=\"https:\/\/twitter.com\/FBGotha?ref_src=twsrc%5Etfw\">@FBGotha<\/a> <a href=\"https:\/\/twitter.com\/DirektorHAAB?ref_src=twsrc%5Etfw\">@DirektorHAAB<\/a> <a href=\"https:\/\/twitter.com\/hab_wf?ref_src=twsrc%5Etfw\">@hab_wf<\/a> Beitr\u00e4ger zu &quot;Fr\u00fche Schriften der Reformationsbewegung&quot;.<br \/>Einer von 24 dt. Eintr\u00e4gen der Publikation <a href=\"https:\/\/twitter.com\/unesco_de?ref_src=twsrc%5Etfw\">@unesco_de<\/a>.<a href=\"https:\/\/t.co\/NCKU8CRp6f\">https:\/\/t.co\/NCKU8CRp6f<\/a> <a href=\"https:\/\/t.co\/eb5CH5ovRb\">pic.twitter.com\/eb5CH5ovRb<\/a><\/p>\n<p>&mdash; Thomas Witzgall (@Witzgall_T) <a href=\"https:\/\/twitter.com\/Witzgall_T\/status\/1598414373944320000?ref_src=twsrc%5Etfw\">December 1, 2022<\/a><\/p><\/blockquote>\n<p><script async src=\"https:\/\/platform.twitter.com\/widgets.js\" charset=\"utf-8\"><\/script><\/p>\n<blockquote class=\"twitter-tweet\" data-width=\"550\" data-dnt=\"true\">\n<p lang=\"de\" dir=\"ltr\">36 % der Bibliothekar\uff0ainnen haben die T\u00fcren in ihrer Bibliothek durchgez\u00e4hlt, um herauszufinden, ob sie diese in einen <a href=\"https:\/\/twitter.com\/hashtag\/Adventskalender?src=hash&amp;ref_src=twsrc%5Etfw\">#Adventskalender<\/a> umwandeln k\u00f6nnen. Leider haben sie dann festgestellt, dass ihnen 13 Ideen fehlen, um diesen in die Tat umzusetzen.<\/p>\n<p>&mdash; bibtistik (@bibtistik) <a href=\"https:\/\/twitter.com\/bibtistik\/status\/1598390004094537729?ref_src=twsrc%5Etfw\">December 1, 2022<\/a><\/p><\/blockquote>\n<p><script async src=\"https:\/\/platform.twitter.com\/widgets.js\" charset=\"utf-8\"><\/script><\/p>\n<blockquote class=\"twitter-tweet\" data-width=\"550\" data-dnt=\"true\">\n<p lang=\"de\" dir=\"ltr\">Liebes akademisches Twitter: Ich am \u00fcberlegen eine Promotion im Feld der digitalen Literaturwissenschaft anzufertigen. <br \/>Korpus und Methode(n) h\u00e4tte ich schon, bin allerdings  &quot;Quereinsteiger&quot; und ich w\u00fcrde mich gerne mit jemanden aus diesem Feld auf einen Zoom-Kaffee unterhalten<\/p>\n<p>&mdash; Ozzy Halford (@OzzyH) <a href=\"https:\/\/twitter.com\/OzzyH\/status\/1598342464951173122?ref_src=twsrc%5Etfw\">December 1, 2022<\/a><\/p><\/blockquote>\n<p><script async src=\"https:\/\/platform.twitter.com\/widgets.js\" charset=\"utf-8\"><\/script><\/p>\n<blockquote class=\"twitter-tweet\" data-width=\"550\" data-dnt=\"true\">\n<p lang=\"en\" dir=\"ltr\">Every year, the royal offspring chooses the tool they will focus on the next year &#8211; the needle, the pen, or the sword.<br \/>Prinx Van refused to choose. They learned magic and forged a tool capable of both sewing, writing, and cutting.<br \/>&quot;You must still learn to use it,&quot; the Quing said.<\/p>\n<p>&mdash; Micro SF\/F stories (@MicroSFF) <a href=\"https:\/\/twitter.com\/MicroSFF\/status\/1598348272514568192?ref_src=twsrc%5Etfw\">December 1, 2022<\/a><\/p><\/blockquote>\n<p><script async src=\"https:\/\/platform.twitter.com\/widgets.js\" charset=\"utf-8\"><\/script><\/p>\n<blockquote class=\"twitter-tweet\" data-width=\"550\" data-dnt=\"true\">\n<p lang=\"de\" dir=\"ltr\">Das gab&#39;s noch nie: Ab sofort hat der Fu\u00df-und Radverkehr an der Kreuzung Kaiser-Friedrich-Ufer\/<a href=\"https:\/\/twitter.com\/hashtag\/Bundesstra%C3%9Fe?src=hash&amp;ref_src=twsrc%5Etfw\">#Bundesstra\u00dfe<\/a> Vorrang: Die umgekehrte Priorisierung sieht vor, dass der Kfz-Verkehr &quot;Gr\u00fcn&quot; anfordern muss. Das geht automatisch per W\u00e4rmebildkamera &amp; nach kurzer Wartezeit gibt&#39;s gr\u00fcn. <a href=\"https:\/\/t.co\/j6YvgQDNsV\">pic.twitter.com\/j6YvgQDNsV<\/a><\/p>\n<p>&mdash; Beh\u00f6rde f\u00fcr Verkehr und Mobilit\u00e4tswende (@bvm_hh) <a href=\"https:\/\/twitter.com\/bvm_hh\/status\/1598314036952702980?ref_src=twsrc%5Etfw\">December 1, 2022<\/a><\/p><\/blockquote>\n<p><script async src=\"https:\/\/platform.twitter.com\/widgets.js\" charset=\"utf-8\"><\/script><br \/>\nhttps:\/\/twitter.com\/v_i_o_l_a\/status\/1598438233691639830<\/p>\n<blockquote class=\"twitter-tweet\" data-width=\"550\" data-dnt=\"true\">\n<p lang=\"de\" dir=\"ltr\">Ich bin mir nicht ganz sicher, aber ich glaube Heft 2 fehlt&#8230;<a href=\"https:\/\/twitter.com\/hashtag\/histed?src=hash&amp;ref_src=twsrc%5Etfw\">#histed<\/a> <a href=\"https:\/\/t.co\/n0NoGJtphV\">pic.twitter.com\/n0NoGJtphV<\/a><\/p>\n<p>&mdash; Anna Strunk (@strunk_anna) <a href=\"https:\/\/twitter.com\/strunk_anna\/status\/1598306998881230849?ref_src=twsrc%5Etfw\">December 1, 2022<\/a><\/p><\/blockquote>\n<p><script async src=\"https:\/\/platform.twitter.com\/widgets.js\" charset=\"utf-8\"><\/script><br \/>\nhttps:\/\/twitter.com\/v_i_o_l_a\/status\/1598438440101711873<\/p>\n<blockquote class=\"twitter-tweet\" data-width=\"550\" data-dnt=\"true\">\n<p lang=\"de\" dir=\"ltr\">Wie kann ein zeitgem\u00e4\u00dfer Umgang mit dem Namensgeber der WWU M\u00fcnster aussehen? Diese Frage ist Thema von zwei \u00f6ffentlichen Podiumsdiskussionen mit interessanten G\u00e4sten am 5. und 7.12., ab 18:15h, in der Schloss-Aula (und auch im Livestream). <a href=\"https:\/\/twitter.com\/hashtag\/ZurSacheWWU?src=hash&amp;ref_src=twsrc%5Etfw\">#ZurSacheWWU<\/a> <a href=\"https:\/\/t.co\/GPd0BLN978\">https:\/\/t.co\/GPd0BLN978<\/a> <a href=\"https:\/\/t.co\/6IlIUsbBwz\">pic.twitter.com\/6IlIUsbBwz<\/a><\/p>\n<p>&mdash; Universit\u00e4t M\u00fcnster (@uni_muenster) <a href=\"https:\/\/twitter.com\/uni_muenster\/status\/1598311749618376706?ref_src=twsrc%5Etfw\">December 1, 2022<\/a><\/p><\/blockquote>\n<p><script async src=\"https:\/\/platform.twitter.com\/widgets.js\" charset=\"utf-8\"><\/script><\/p>\n<blockquote class=\"twitter-tweet\" data-width=\"550\" data-dnt=\"true\">\n<p lang=\"en\" dir=\"ltr\">Looking for Open Access material? <br \/>Check out <a href=\"https:\/\/twitter.com\/BASEsearch?ref_src=twsrc%5Etfw\">@BASEsearch<\/a><br \/>(Bielefeld Academic Search Engine) <a href=\"https:\/\/t.co\/32DFLpen3i\">https:\/\/t.co\/32DFLpen3i<\/a>.<\/p>\n<p>Over 300 million documents are indexed in BASE, many of which are free.<\/p>\n<p>Use the filters to limit your search to Open Access items &amp; terms of re-use (eg CC BY). <a href=\"https:\/\/t.co\/kUyLmQU32W\">pic.twitter.com\/kUyLmQU32W<\/a><\/p>\n<p>&mdash; OpenAccessOxford (@OAOxford) <a href=\"https:\/\/twitter.com\/OAOxford\/status\/1598248037008248832?ref_src=twsrc%5Etfw\">December 1, 2022<\/a><\/p><\/blockquote>\n<p><script async src=\"https:\/\/platform.twitter.com\/widgets.js\" charset=\"utf-8\"><\/script><\/p>\n<blockquote class=\"twitter-tweet\" data-width=\"550\" data-dnt=\"true\">\n<p lang=\"de\" dir=\"ltr\">Nach dem Vorbild des Weihnachtsbaums der <a href=\"https:\/\/twitter.com\/hab_wf?ref_src=twsrc%5Etfw\">@hab_wf<\/a> hat die <a href=\"https:\/\/twitter.com\/UBBasel?ref_src=twsrc%5Etfw\">@UBBasel<\/a> einen Weihnachtsbaum aus den B\u00e4nden des National Union Catalogs gebaut. &#8211; Und informiert im dazugeh\u00f6rigen Blogbeitrag \u00fcber eines der &quot;weltweit gr\u00f6\u00dften Druckwerke&quot; der Geschichte. Spannend! <a href=\"https:\/\/t.co\/QUiQaAz20P\">https:\/\/t.co\/QUiQaAz20P<\/a> <a href=\"https:\/\/t.co\/9MHaMazULo\">pic.twitter.com\/9MHaMazULo<\/a><\/p>\n<p>&mdash; FID BBI (@FID_BBI) <a href=\"https:\/\/twitter.com\/FID_BBI\/status\/1598302368164360193?ref_src=twsrc%5Etfw\">December 1, 2022<\/a><\/p><\/blockquote>\n<p><script async src=\"https:\/\/platform.twitter.com\/widgets.js\" charset=\"utf-8\"><\/script><\/p>\n","protected":false},"excerpt":{"rendered":"<p>&#39;morgen! &mdash; viola vo\u00df (@v_i_o_l_a) December 1, 2022 Increasingly grateful for the roads not taken, and the freedom to ask questions. &mdash; Helen Nde (@hm_nde) November 29, 2022 Im Artikel des Tages des #DWDS lesen Sie das ganze Jahr allmorgendlich \u00dcberraschungen, ab heute k\u00f6nnen sich viele auch \u00fcber handfeste freuen. Warum, sehen Sie \u2013 nat\u00fcrlich [&hellip;]<\/p>\n","protected":false},"author":1,"featured_media":0,"comment_status":"open","ping_status":"open","sticky":false,"template":"","format":"standard","meta":{"footnotes":""},"categories":[36],"tags":[],"class_list":["post-13587","post","type-post","status-publish","format-standard","hentry","category-twitter"],"_links":{"self":[{"href":"https:\/\/www.x-v-x.de\/blog\/index.php?rest_route=\/wp\/v2\/posts\/13587","targetHints":{"allow":["GET"]}}],"collection":[{"href":"https:\/\/www.x-v-x.de\/blog\/index.php?rest_route=\/wp\/v2\/posts"}],"about":[{"href":"https:\/\/www.x-v-x.de\/blog\/index.php?rest_route=\/wp\/v2\/types\/post"}],"author":[{"embeddable":true,"href":"https:\/\/www.x-v-x.de\/blog\/index.php?rest_route=\/wp\/v2\/users\/1"}],"replies":[{"embeddable":true,"href":"https:\/\/www.x-v-x.de\/blog\/index.php?rest_route=%2Fwp%2Fv2%2Fcomments&post=13587"}],"version-history":[{"count":0,"href":"https:\/\/www.x-v-x.de\/blog\/index.php?rest_route=\/wp\/v2\/posts\/13587\/revisions"}],"wp:attachment":[{"href":"https:\/\/www.x-v-x.de\/blog\/index.php?rest_route=%2Fwp%2Fv2%2Fmedia&parent=13587"}],"wp:term":[{"taxonomy":"category","embeddable":true,"href":"https:\/\/www.x-v-x.de\/blog\/index.php?rest_route=%2Fwp%2Fv2%2Fcategories&post=13587"},{"taxonomy":"post_tag","embeddable":true,"href":"https:\/\/www.x-v-x.de\/blog\/index.php?rest_route=%2Fwp%2Fv2%2Ftags&post=13587"}],"curies":[{"name":"wp","href":"https:\/\/api.w.org\/{rel}","templated":true}]}}