{"id":13603,"date":"2022-12-08T20:54:25","date_gmt":"2022-12-08T19:54:25","guid":{"rendered":"https:\/\/www.x-v-x.de\/blog\/?p=13603"},"modified":"2023-02-25T20:54:44","modified_gmt":"2023-02-25T19:54:44","slug":"tweets-2022-12-07","status":"publish","type":"post","link":"https:\/\/www.x-v-x.de\/blog\/?p=13603","title":{"rendered":"tweets | 2022-12-07"},"content":{"rendered":"<blockquote class=\"twitter-tweet\" data-width=\"550\" data-dnt=\"true\">\n<p lang=\"nl\" dir=\"ltr\">&#39;morgen!<\/p>\n<p>&mdash; viola vo\u00df (@v_i_o_l_a) <a href=\"https:\/\/twitter.com\/v_i_o_l_a\/status\/1600360674185584642?ref_src=twsrc%5Etfw\">December 7, 2022<\/a><\/p><\/blockquote>\n<p><script async src=\"https:\/\/platform.twitter.com\/widgets.js\" charset=\"utf-8\"><\/script><\/p>\n<blockquote class=\"twitter-tweet\" data-width=\"550\" data-dnt=\"true\">\n<p lang=\"de\" dir=\"ltr\">Am Schanktisch wird ausgeschenkt, aber nur selten ein <a href=\"https:\/\/twitter.com\/hashtag\/Geschenk?src=hash&amp;ref_src=twsrc%5Etfw\">#Geschenk<\/a> gemacht. Dass beides sprachlich zusammenh\u00e4ngt, zeigt unser Artikel des Tages <a href=\"https:\/\/t.co\/rWq9vN660P\">https:\/\/t.co\/rWq9vN660P<\/a> <a href=\"https:\/\/t.co\/zCsBSTUcCT\">pic.twitter.com\/zCsBSTUcCT<\/a><\/p>\n<p>&mdash; Digitales W\u00f6rterbuch der deutschen Sprache (@dwds_de) <a href=\"https:\/\/twitter.com\/dwds_de\/status\/1600361965313925121?ref_src=twsrc%5Etfw\">December 7, 2022<\/a><\/p><\/blockquote>\n<p><script async src=\"https:\/\/platform.twitter.com\/widgets.js\" charset=\"utf-8\"><\/script><\/p>\n<blockquote class=\"twitter-tweet\" data-width=\"550\" data-dnt=\"true\">\n<p lang=\"de\" dir=\"ltr\">auch in m\u00fcnster gibt es jetzt eine bibliothek der dinge \u2013 die &quot;Mitmachbar&quot; \u2013 und ein KreativLab: <a href=\"https:\/\/t.co\/5hLHXZBnVi\">https:\/\/t.co\/5hLHXZBnVi<\/a> entwickelt von der @Buecherei_MS und der VHS m\u00fcnster.<\/p>\n<p>&mdash; viola vo\u00df (@v_i_o_l_a) <a href=\"https:\/\/twitter.com\/v_i_o_l_a\/status\/1600363225584992257?ref_src=twsrc%5Etfw\">December 7, 2022<\/a><\/p><\/blockquote>\n<p><script async src=\"https:\/\/platform.twitter.com\/widgets.js\" charset=\"utf-8\"><\/script><\/p>\n<blockquote class=\"twitter-tweet\" data-width=\"550\" data-dnt=\"true\">\n<p lang=\"de\" dir=\"ltr\">&quot;In Zeiten, in denen alles, was mehr als 140 Zeichen hat, schon f\u00fcr einen Roman gehalten wird, ist es mir Freud\u2018 und Ehr\u2018, dem Leser wirklich Romane ans Herz zu legen.&quot; (Thea Dorn, *1970, Theaterwissenschaftlerin, Autorin, Fernsehmoderatorin) [via <a href=\"https:\/\/t.co\/QGYSjlEg7D\">https:\/\/t.co\/QGYSjlEg7D<\/a>]<\/p>\n<p>&mdash; viola vo\u00df (@v_i_o_l_a) <a href=\"https:\/\/twitter.com\/v_i_o_l_a\/status\/1600363804038135808?ref_src=twsrc%5Etfw\">December 7, 2022<\/a><\/p><\/blockquote>\n<p><script async src=\"https:\/\/platform.twitter.com\/widgets.js\" charset=\"utf-8\"><\/script><\/p>\n<blockquote class=\"twitter-tweet\" data-width=\"550\" data-dnt=\"true\">\n<p lang=\"en\" dir=\"ltr\">What. The. Hell. <a href=\"https:\/\/t.co\/tzUIO3V2cS\">https:\/\/t.co\/tzUIO3V2cS<\/a> <a href=\"https:\/\/t.co\/1qL6jXtHPV\">pic.twitter.com\/1qL6jXtHPV<\/a><\/p>\n<p>&mdash; Steve Stewart-Williams (@SteveStuWill) <a href=\"https:\/\/twitter.com\/SteveStuWill\/status\/1600158127277674496?ref_src=twsrc%5Etfw\">December 6, 2022<\/a><\/p><\/blockquote>\n<p><script async src=\"https:\/\/platform.twitter.com\/widgets.js\" charset=\"utf-8\"><\/script><\/p>\n<blockquote class=\"twitter-tweet\" data-width=\"550\" data-dnt=\"true\">\n<p lang=\"en\" dir=\"ltr\">Perception is embodied! <a href=\"https:\/\/t.co\/7dRmLntanq\">https:\/\/t.co\/7dRmLntanq<\/a><\/p>\n<p>&mdash; Tom Froese, Embodied Cognitive Science Unit (ECSU) (@DrTomFroese) <a href=\"https:\/\/twitter.com\/DrTomFroese\/status\/1600365932203106304?ref_src=twsrc%5Etfw\">December 7, 2022<\/a><\/p><\/blockquote>\n<p><script async src=\"https:\/\/platform.twitter.com\/widgets.js\" charset=\"utf-8\"><\/script><\/p>\n<blockquote class=\"twitter-tweet\" data-width=\"550\" data-dnt=\"true\">\n<p lang=\"de\" dir=\"ltr\">Das Buch \u00fcber die Zeitschrift &quot;TransAtlantik&quot; von <a href=\"https:\/\/twitter.com\/kai_sina?ref_src=twsrc%5Etfw\">@kai_sina<\/a> ist schonmal in 2 unserer Bibliotheken verf\u00fcgbar: in der Germanistik (KC\/GN 4496 S615) und in der Erziehungswissenschaft (FEA\/GN 4496 S615). Ein Exemplar f\u00fcr die Zentralbibliothek ist in Arbeit. <a href=\"https:\/\/t.co\/xEB8wUG74A\">https:\/\/t.co\/xEB8wUG74A<\/a> <a href=\"https:\/\/t.co\/GHTtfvTqJL\">https:\/\/t.co\/GHTtfvTqJL<\/a><\/p>\n<p>&mdash; ULB_MS_FachInfo (@ULB_MS_FachInfo) <a href=\"https:\/\/twitter.com\/ULB_MS_FachInfo\/status\/1600386643663278082?ref_src=twsrc%5Etfw\">December 7, 2022<\/a><\/p><\/blockquote>\n<p><script async src=\"https:\/\/platform.twitter.com\/widgets.js\" charset=\"utf-8\"><\/script><\/p>\n<blockquote class=\"twitter-tweet\" data-width=\"550\" data-dnt=\"true\">\n<p lang=\"de\" dir=\"ltr\">&quot;Data Cartels: The Companies That Control and Monopolize Our Information&quot; von <a href=\"https:\/\/twitter.com\/greenarchives1?ref_src=twsrc%5Etfw\">@greenarchives1<\/a> ist f\u00fcr unsere Nutzer:innen jetzt als eBook verf\u00fcbar: <a href=\"https:\/\/t.co\/tmWMNsMGC5\">https:\/\/t.co\/tmWMNsMGC5<\/a>. Vielleicht dazu auch interessant: die Rezension von <a href=\"https:\/\/twitter.com\/RenkeSiems?ref_src=twsrc%5Etfw\">@RenkeSiems<\/a> im @obibJournal: <a href=\"https:\/\/t.co\/PFRjl1cOEk\">https:\/\/t.co\/PFRjl1cOEk<\/a>. <a href=\"https:\/\/t.co\/FSmq5eDzpl\">https:\/\/t.co\/FSmq5eDzpl<\/a><\/p>\n<p>&mdash; ULB_MS_FachInfo (@ULB_MS_FachInfo) <a href=\"https:\/\/twitter.com\/ULB_MS_FachInfo\/status\/1600388878422052864?ref_src=twsrc%5Etfw\">December 7, 2022<\/a><\/p><\/blockquote>\n<p><script async src=\"https:\/\/platform.twitter.com\/widgets.js\" charset=\"utf-8\"><\/script><\/p>\n<blockquote class=\"twitter-tweet\" data-width=\"550\" data-dnt=\"true\">\n<p lang=\"de\" dir=\"ltr\">&quot;Literatur kann auch als Verbund von Medien betrachtet werden, die in Kooperations- und Konkurrenzverh\u00e4ltnissen auftreten&quot; \u2013 &quot;Buch-Aisthesis: Philologie und Gestaltungsdiskurs&quot; <a href=\"https:\/\/t.co\/8kWSKlVtot\">https:\/\/t.co\/8kWSKlVtot<\/a> <a href=\"https:\/\/twitter.com\/hashtag\/Neuerscheinung?src=hash&amp;ref_src=twsrc%5Etfw\">#Neuerscheinung<\/a> <a href=\"https:\/\/twitter.com\/hashtag\/Literatur?src=hash&amp;ref_src=twsrc%5Etfw\">#Literatur<\/a> <a href=\"https:\/\/twitter.com\/hashtag\/Kunst?src=hash&amp;ref_src=twsrc%5Etfw\">#Kunst<\/a> <a href=\"https:\/\/twitter.com\/hashtag\/%C3%84sthetik?src=hash&amp;ref_src=twsrc%5Etfw\">#\u00c4sthetik<\/a> <a href=\"https:\/\/twitter.com\/hashtag\/OpenAccess?src=hash&amp;ref_src=twsrc%5Etfw\">#OpenAccess<\/a> cc @BookStudies_WWU<\/p>\n<p>&mdash; ULB_MS_FachInfo (@ULB_MS_FachInfo) <a href=\"https:\/\/twitter.com\/ULB_MS_FachInfo\/status\/1600396835436212224?ref_src=twsrc%5Etfw\">December 7, 2022<\/a><\/p><\/blockquote>\n<p><script async src=\"https:\/\/platform.twitter.com\/widgets.js\" charset=\"utf-8\"><\/script><\/p>\n<blockquote class=\"twitter-tweet\" data-width=\"550\" data-dnt=\"true\">\n<p lang=\"de\" dir=\"ltr\">Aus unseren Neuerwerbungen \u2013 Digital Humanities 2022.12 <a href=\"https:\/\/t.co\/TTLZsaj6nx\">https:\/\/t.co\/TTLZsaj6nx<\/a><\/p>\n<p>&mdash; ULB_MS_FachInfo (@ULB_MS_FachInfo) <a href=\"https:\/\/twitter.com\/ULB_MS_FachInfo\/status\/1600388335419232256?ref_src=twsrc%5Etfw\">December 7, 2022<\/a><\/p><\/blockquote>\n<p><script async src=\"https:\/\/platform.twitter.com\/widgets.js\" charset=\"utf-8\"><\/script><\/p>\n<blockquote class=\"twitter-tweet\" data-width=\"550\" data-dnt=\"true\">\n<p lang=\"de\" dir=\"ltr\">Aus unseren Neuerwerbungen \u2013 Sprachen und Literaturen allgemein 2022.12 <a href=\"https:\/\/t.co\/iPvEQ68ipF\">https:\/\/t.co\/iPvEQ68ipF<\/a><\/p>\n<p>&mdash; ULB_MS_FachInfo (@ULB_MS_FachInfo) <a href=\"https:\/\/twitter.com\/ULB_MS_FachInfo\/status\/1600388332655198209?ref_src=twsrc%5Etfw\">December 7, 2022<\/a><\/p><\/blockquote>\n<p><script async src=\"https:\/\/platform.twitter.com\/widgets.js\" charset=\"utf-8\"><\/script><\/p>\n<blockquote class=\"twitter-tweet\" data-width=\"550\" data-dnt=\"true\">\n<p lang=\"de\" dir=\"ltr\">Erstmals wurde der NFDI4Culture Music-<a href=\"https:\/\/twitter.com\/hashtag\/Award?src=hash&amp;ref_src=twsrc%5Etfw\">#Award<\/a> an Projekte zu musikbezogenen oder musik\u00adwissenschaftlichen Forschungsdaten verliehen.<a href=\"https:\/\/twitter.com\/hashtag\/Musik?src=hash&amp;ref_src=twsrc%5Etfw\">#Musik<\/a> <a href=\"https:\/\/twitter.com\/hashtag\/Musikwissenschaft?src=hash&amp;ref_src=twsrc%5Etfw\">#Musikwissenschaft<\/a> <a href=\"https:\/\/twitter.com\/hashtag\/Preis?src=hash&amp;ref_src=twsrc%5Etfw\">#Preis<\/a> <a href=\"https:\/\/twitter.com\/hashtag\/Auszeichnung?src=hash&amp;ref_src=twsrc%5Etfw\">#Auszeichnung<\/a><a href=\"https:\/\/t.co\/cGl9bxfuSG\">https:\/\/t.co\/cGl9bxfuSG<\/a> <a href=\"https:\/\/t.co\/mXZ9R2zRsC\">https:\/\/t.co\/mXZ9R2zRsC<\/a><\/p>\n<p>&mdash; Deutsches Musikinformationszentrum (@mizMusikinfo) <a href=\"https:\/\/twitter.com\/mizMusikinfo\/status\/1600151978096488449?ref_src=twsrc%5Etfw\">December 6, 2022<\/a><\/p><\/blockquote>\n<p><script async src=\"https:\/\/platform.twitter.com\/widgets.js\" charset=\"utf-8\"><\/script><\/p>\n<blockquote class=\"twitter-tweet\" data-width=\"550\" data-dnt=\"true\">\n<p lang=\"de\" dir=\"ltr\">Der  NFDI4Culture Music-Award 2022 ist verk\u00fcndet! Ausgezeichnet werden Frauke Pirk <a href=\"https:\/\/twitter.com\/uni_mainz?ref_src=twsrc%5Etfw\">@uni_mainz<\/a> und das Corpus Musicae Ottomanicae <a href=\"https:\/\/twitter.com\/webertweets?ref_src=twsrc%5Etfw\">@webertweets<\/a> u. <a href=\"https:\/\/twitter.com\/wwu_muenster?ref_src=twsrc%5Etfw\">@WWU_Muenster<\/a>! Gl\u00fcckwunsch! In der Jury <a href=\"https:\/\/twitter.com\/DMusikrat?ref_src=twsrc%5Etfw\">@DMusikrat<\/a> <a href=\"https:\/\/twitter.com\/musikforschung?ref_src=twsrc%5Etfw\">@musikforschung<\/a> <a href=\"https:\/\/twitter.com\/ZentrumMEM?ref_src=twsrc%5Etfw\">@ZentrumMEM<\/a><a href=\"https:\/\/twitter.com\/hashtag\/nfdirocks?src=hash&amp;ref_src=twsrc%5Etfw\">#nfdirocks<\/a> <a href=\"https:\/\/twitter.com\/adwmainz?ref_src=twsrc%5Etfw\">@adwmainz<\/a><a href=\"https:\/\/t.co\/REwUBgJhdK\">https:\/\/t.co\/REwUBgJhdK<\/a> ^cv <a href=\"https:\/\/t.co\/0bhc9VfAbv\">pic.twitter.com\/0bhc9VfAbv<\/a><\/p>\n<p>&mdash; @nfdi4culture@nfdi.social (@nfdi4culture) <a href=\"https:\/\/twitter.com\/nfdi4culture\/status\/1600140088519921664?ref_src=twsrc%5Etfw\">December 6, 2022<\/a><\/p><\/blockquote>\n<p><script async src=\"https:\/\/platform.twitter.com\/widgets.js\" charset=\"utf-8\"><\/script><\/p>\n<blockquote class=\"twitter-tweet\" data-width=\"550\" data-dnt=\"true\">\n<p lang=\"de\" dir=\"ltr\">Wir beginnen den ersten <a href=\"https:\/\/twitter.com\/hashtag\/vBIB22?src=hash&amp;ref_src=twsrc%5Etfw\">#vBIB22<\/a>-Tag (nach einer kurzen Begr\u00fc\u00dfung durch <a href=\"https:\/\/twitter.com\/engelken?ref_src=twsrc%5Etfw\">@Engelken<\/a> und <a href=\"https:\/\/twitter.com\/SoerenAuer?ref_src=twsrc%5Etfw\">@SoerenAuer<\/a>) mit der Keynote von <a href=\"https:\/\/twitter.com\/hashtag\/NeleHirsch?src=hash&amp;ref_src=twsrc%5Etfw\">#NeleHirsch<\/a> (<a href=\"https:\/\/twitter.com\/eBildungslabor?ref_src=twsrc%5Etfw\">@eBildungslabor<\/a>). Um 10:15 Uhr @ <a href=\"https:\/\/t.co\/hrP7WwsqSY\">https:\/\/t.co\/hrP7WwsqSY<\/a>. <a href=\"https:\/\/t.co\/tr1HyFVG5x\">https:\/\/t.co\/tr1HyFVG5x<\/a><\/p>\n<p>&mdash; #vBIB \u25aa @vBIB@OpenBiblio.social (@vbib22) <a href=\"https:\/\/twitter.com\/vbib22\/status\/1600410686353330177?ref_src=twsrc%5Etfw\">December 7, 2022<\/a><\/p><\/blockquote>\n<p><script async src=\"https:\/\/platform.twitter.com\/widgets.js\" charset=\"utf-8\"><\/script><br \/>\nhttps:\/\/twitter.com\/v_i_o_l_a\/status\/1600417448603185154<\/p>\n<blockquote class=\"twitter-tweet\" data-width=\"550\" data-dnt=\"true\">\n<p lang=\"de\" dir=\"ltr\">heute und morgen im kopfh\u00f6rer: einige vortr\u00e4ge der <a href=\"https:\/\/twitter.com\/vbib22?ref_src=twsrc%5Etfw\">@vbib22<\/a>. wie immer ein abwechslungsreiches programm! <a href=\"https:\/\/t.co\/stbkEOUZb5\">https:\/\/t.co\/stbkEOUZb5<\/a> <a href=\"https:\/\/twitter.com\/hashtag\/vBIB22?src=hash&amp;ref_src=twsrc%5Etfw\">#vBIB22<\/a><\/p>\n<p>&mdash; viola vo\u00df (@v_i_o_l_a) <a href=\"https:\/\/twitter.com\/v_i_o_l_a\/status\/1600435134288855040?ref_src=twsrc%5Etfw\">December 7, 2022<\/a><\/p><\/blockquote>\n<p><script async src=\"https:\/\/platform.twitter.com\/widgets.js\" charset=\"utf-8\"><\/script><br \/>\nhttps:\/\/twitter.com\/v_i_o_l_a\/status\/1600435553010417669<\/p>\n<blockquote class=\"twitter-tweet\" data-width=\"550\" data-dnt=\"true\">\n<p lang=\"de\" dir=\"ltr\">Die (Gew\u00fcrz)Gurken \u00fcbernehmen die <a href=\"https:\/\/twitter.com\/hashtag\/vBib22?src=hash&amp;ref_src=twsrc%5Etfw\">#vBib22<\/a>. Haben da etwa Gamebrarians sich unter die Teilnehmenden gemischt? <a href=\"https:\/\/twitter.com\/vbib22?ref_src=twsrc%5Etfw\">@vbib22<\/a><\/p>\n<p>&mdash; Gamebrarians (@TheGamebrarians) <a href=\"https:\/\/twitter.com\/TheGamebrarians\/status\/1600430390946078720?ref_src=twsrc%5Etfw\">December 7, 2022<\/a><\/p><\/blockquote>\n<p><script async src=\"https:\/\/platform.twitter.com\/widgets.js\" charset=\"utf-8\"><\/script><\/p>\n<blockquote class=\"twitter-tweet\" data-width=\"550\" data-dnt=\"true\">\n<p lang=\"qme\" dir=\"ltr\"> <a href=\"https:\/\/t.co\/j1eVyDZ9hI\">pic.twitter.com\/j1eVyDZ9hI<\/a><\/p>\n<p>&mdash; Gamebrarians (@TheGamebrarians) <a href=\"https:\/\/twitter.com\/TheGamebrarians\/status\/1600436983653752832?ref_src=twsrc%5Etfw\">December 7, 2022<\/a><\/p><\/blockquote>\n<p><script async src=\"https:\/\/platform.twitter.com\/widgets.js\" charset=\"utf-8\"><\/script><br \/>\nhttps:\/\/twitter.com\/v_i_o_l_a\/status\/1600437187031465986<\/p>\n<blockquote class=\"twitter-tweet\" data-width=\"550\" data-dnt=\"true\">\n<p lang=\"de\" dir=\"ltr\">Bin offiziell an einem Punkt, an dem mein Leben nur noch zwei Richtungen einschlagen kann. <a href=\"https:\/\/t.co\/xGny6EOruV\">pic.twitter.com\/xGny6EOruV<\/a><\/p>\n<p>&mdash; Anja R\u00fctzel (@aruetzel) <a href=\"https:\/\/twitter.com\/aruetzel\/status\/1600439474718064640?ref_src=twsrc%5Etfw\">December 7, 2022<\/a><\/p><\/blockquote>\n<p><script async src=\"https:\/\/platform.twitter.com\/widgets.js\" charset=\"utf-8\"><\/script><\/p>\n<blockquote class=\"twitter-tweet\" data-width=\"550\" data-dnt=\"true\">\n<p lang=\"de\" dir=\"ltr\">Wichtige Zukunftsforscherin: Diana Ross, sagt <a href=\"https:\/\/twitter.com\/jkleske?ref_src=twsrc%5Etfw\">@jkleske<\/a> auf der <a href=\"https:\/\/twitter.com\/hashtag\/vBIB22?src=hash&amp;ref_src=twsrc%5Etfw\">#vBIB22<\/a> <a href=\"https:\/\/t.co\/ERMhfo96Bc\">pic.twitter.com\/ERMhfo96Bc<\/a><\/p>\n<p>&mdash; Sabine Stummeyer (@BIBBinchen) <a href=\"https:\/\/twitter.com\/BIBBinchen\/status\/1600439152721264640?ref_src=twsrc%5Etfw\">December 7, 2022<\/a><\/p><\/blockquote>\n<p><script async src=\"https:\/\/platform.twitter.com\/widgets.js\" charset=\"utf-8\"><\/script><br \/>\nhttps:\/\/twitter.com\/v_i_o_l_a\/status\/1600439729144532993<\/p>\n<blockquote class=\"twitter-tweet\" data-width=\"550\" data-dnt=\"true\">\n<p lang=\"de\" dir=\"ltr\">Wer solche Formulare entwickelt, w\u00fcrde auch s\u00fc\u00dfe Babyk\u00e4tzchen qu\u00e4len. <a href=\"https:\/\/t.co\/nQuTnY8i3G\">pic.twitter.com\/nQuTnY8i3G<\/a><\/p>\n<p>&mdash; Martin Kraetke (@mkraetke) <a href=\"https:\/\/twitter.com\/mkraetke\/status\/1600440914295431169?ref_src=twsrc%5Etfw\">December 7, 2022<\/a><\/p><\/blockquote>\n<p><script async src=\"https:\/\/platform.twitter.com\/widgets.js\" charset=\"utf-8\"><\/script><\/p>\n<blockquote class=\"twitter-tweet\" data-width=\"550\" data-dnt=\"true\">\n<p lang=\"de\" dir=\"ltr\">in der <a href=\"https:\/\/twitter.com\/hashtag\/verschlagwortung?src=hash&amp;ref_src=twsrc%5Etfw\">#verschlagwortung<\/a> heute: pflicht-literatur mit adventlichem dackel-content, intrigen &amp; magie, kunstf\u00e4lschung &amp; kunstdiebstahl, und aus der abteilung &quot;was f\u00fcrs herz&quot;: ein weihnachtlicher liebesroman. <a href=\"https:\/\/twitter.com\/hashtag\/fachreferat?src=hash&amp;ref_src=twsrc%5Etfw\">#fachreferat<\/a> <a href=\"https:\/\/twitter.com\/hashtag\/fachreferatsfreitag?src=hash&amp;ref_src=twsrc%5Etfw\">#fachreferatsfreitag<\/a> <a href=\"https:\/\/t.co\/nme1iNxL8x\">pic.twitter.com\/nme1iNxL8x<\/a><\/p>\n<p>&mdash; viola vo\u00df (@v_i_o_l_a) <a href=\"https:\/\/twitter.com\/v_i_o_l_a\/status\/1600441301954084865?ref_src=twsrc%5Etfw\">December 7, 2022<\/a><\/p><\/blockquote>\n<p><script async src=\"https:\/\/platform.twitter.com\/widgets.js\" charset=\"utf-8\"><\/script><\/p>\n<blockquote class=\"twitter-tweet\" data-width=\"550\" data-dnt=\"true\">\n<p lang=\"it\" dir=\"ltr\">&quot;Library Socialism&quot; @ New Economy Journal: <a href=\"https:\/\/t.co\/Z5ptxg2yR1\">https:\/\/t.co\/Z5ptxg2yR1<\/a> [via <a href=\"https:\/\/twitter.com\/hashtag\/vBIB22?src=hash&amp;ref_src=twsrc%5Etfw\">#vBIB22<\/a>-vortrag von <a href=\"https:\/\/twitter.com\/jkleske?ref_src=twsrc%5Etfw\">@JKleske<\/a>]<\/p>\n<p>&mdash; viola vo\u00df (@v_i_o_l_a) <a href=\"https:\/\/twitter.com\/v_i_o_l_a\/status\/1600443383595601924?ref_src=twsrc%5Etfw\">December 7, 2022<\/a><\/p><\/blockquote>\n<p><script async src=\"https:\/\/platform.twitter.com\/widgets.js\" charset=\"utf-8\"><\/script><\/p>\n<blockquote class=\"twitter-tweet\" data-width=\"550\" data-dnt=\"true\">\n<p lang=\"de\" dir=\"ltr\">\u201e<a href=\"https:\/\/twitter.com\/hashtag\/Bibliothek?src=hash&amp;ref_src=twsrc%5Etfw\">#Bibliothek<\/a>|en als reale Utopien. Sie manifestierenden idealisierten Treffpunkt der liberalen Gesellschaft wie kaum eine andere Institution\u201c <a href=\"https:\/\/twitter.com\/jkleske?ref_src=twsrc%5Etfw\">@jkleske<\/a> <a href=\"https:\/\/twitter.com\/hashtag\/vBIB22?src=hash&amp;ref_src=twsrc%5Etfw\">#vBIB22<\/a><\/p>\n<p>&mdash; Birgit Lotz (@LotzBirgit) <a href=\"https:\/\/twitter.com\/LotzBirgit\/status\/1600442752147156993?ref_src=twsrc%5Etfw\">December 7, 2022<\/a><\/p><\/blockquote>\n<p><script async src=\"https:\/\/platform.twitter.com\/widgets.js\" charset=\"utf-8\"><\/script><\/p>\n<blockquote class=\"twitter-tweet\" data-width=\"550\" data-dnt=\"true\">\n<p lang=\"de\" dir=\"ltr\">apropos verschlagworten\/inhaltserschlie\u00dfung: zwei schlagw\u00f6rter, die ich aufgrund entspr. literatur zur neuansetzung vorgeschlagen hatte, sind mittlerweile im <a href=\"https:\/\/twitter.com\/gndnet?ref_src=twsrc%5Etfw\">@gndnet<\/a> verzeichnet: der &quot;formwandler&quot; <a href=\"https:\/\/t.co\/pcN3cE94LA\">https:\/\/t.co\/pcN3cE94LA<\/a> (zu <a href=\"https:\/\/t.co\/lIZzlV5SdZ\">https:\/\/t.co\/lIZzlV5SdZ<\/a>) und \u2026 <a href=\"https:\/\/twitter.com\/hashtag\/fachreferatsfreitag?src=hash&amp;ref_src=twsrc%5Etfw\">#fachreferatsfreitag<\/a><\/p>\n<p>&mdash; viola vo\u00df (@v_i_o_l_a) <a href=\"https:\/\/twitter.com\/v_i_o_l_a\/status\/1600445955999948801?ref_src=twsrc%5Etfw\">December 7, 2022<\/a><\/p><\/blockquote>\n<p><script async src=\"https:\/\/platform.twitter.com\/widgets.js\" charset=\"utf-8\"><\/script><\/p>\n<blockquote class=\"twitter-tweet\" data-width=\"550\" data-dnt=\"true\">\n<p lang=\"und\" dir=\"ltr\">\u2026 &quot;polymedia&quot; <a href=\"https:\/\/t.co\/ejanbgqVAm\">https:\/\/t.co\/ejanbgqVAm<\/a> (zu <a href=\"https:\/\/t.co\/mQqVp6WOo2\">https:\/\/t.co\/mQqVp6WOo2<\/a>). <a href=\"https:\/\/twitter.com\/hashtag\/verschlagworten?src=hash&amp;ref_src=twsrc%5Etfw\">#verschlagworten<\/a> <a href=\"https:\/\/twitter.com\/hashtag\/GND?src=hash&amp;ref_src=twsrc%5Etfw\">#GND<\/a> <a href=\"https:\/\/twitter.com\/hashtag\/fachreferatsfreitag?src=hash&amp;ref_src=twsrc%5Etfw\">#fachreferatsfreitag<\/a><\/p>\n<p>&mdash; viola vo\u00df (@v_i_o_l_a) <a href=\"https:\/\/twitter.com\/v_i_o_l_a\/status\/1600446059506900992?ref_src=twsrc%5Etfw\">December 7, 2022<\/a><\/p><\/blockquote>\n<p><script async src=\"https:\/\/platform.twitter.com\/widgets.js\" charset=\"utf-8\"><\/script><br \/>\nhttps:\/\/twitter.com\/v_i_o_l_a\/status\/1600448040372166656<\/p>\n<blockquote class=\"twitter-tweet\" data-width=\"550\" data-dnt=\"true\">\n<p lang=\"de\" dir=\"ltr\">Ein Blick in die Vielfalt unseres frei zug\u00e4nglichen Bestands: Unsere Kolleg*innen waren flei\u00dfig und f\u00fcllen die Adventszeit mit 24 historischen Rezepten, neuzeitlichen M\u00e4rchen und traditionellen Volksliedern. Ab heute im Blog: <a href=\"https:\/\/t.co\/yFq4mA5qad\">https:\/\/t.co\/yFq4mA5qad<\/a><\/p>\n<p>&mdash; Deutsche Nationalbibliothek (@DNB_Aktuelles) <a href=\"https:\/\/twitter.com\/DNB_Aktuelles\/status\/1598215928315285505?ref_src=twsrc%5Etfw\">December 1, 2022<\/a><\/p><\/blockquote>\n<p><script async src=\"https:\/\/platform.twitter.com\/widgets.js\" charset=\"utf-8\"><\/script><\/p>\n<blockquote class=\"twitter-tweet\" data-width=\"550\" data-dnt=\"true\">\n<p lang=\"de\" dir=\"ltr\">etwas schickere darstellung der beiden schlagw\u00f6rter im <a href=\"https:\/\/twitter.com\/gndnet?ref_src=twsrc%5Etfw\">@gndnet<\/a>-explorer: der formwandler: <a href=\"https:\/\/t.co\/caB1Kpm5Ai\">https:\/\/t.co\/caB1Kpm5Ai<\/a> und &quot;polymedia&quot;:  <a href=\"https:\/\/t.co\/fw0Pt1gJqA\">https:\/\/t.co\/fw0Pt1gJqA<\/a> <a href=\"https:\/\/twitter.com\/hashtag\/verschlagwortung?src=hash&amp;ref_src=twsrc%5Etfw\">#verschlagwortung<\/a> <a href=\"https:\/\/twitter.com\/hashtag\/inhaltserschlie%C3%9Fung?src=hash&amp;ref_src=twsrc%5Etfw\">#inhaltserschlie\u00dfung<\/a><\/p>\n<p>&mdash; viola vo\u00df (@v_i_o_l_a) <a href=\"https:\/\/twitter.com\/v_i_o_l_a\/status\/1600451396993658881?ref_src=twsrc%5Etfw\">December 7, 2022<\/a><\/p><\/blockquote>\n<p><script async src=\"https:\/\/platform.twitter.com\/widgets.js\" charset=\"utf-8\"><\/script><br \/>\nhttps:\/\/twitter.com\/v_i_o_l_a\/status\/1600452654433378306<br \/>\nhttps:\/\/twitter.com\/v_i_o_l_a\/status\/1600457680241377281<br \/>\nhttps:\/\/twitter.com\/v_i_o_l_a\/status\/1600459292473430017<\/p>\n<blockquote class=\"twitter-tweet\" data-width=\"550\" data-dnt=\"true\">\n<p lang=\"en\" dir=\"ltr\">Really excited about the new bugs in the Twitter&#39;s UI. The old bugs got really boring.<\/p>\n<p>&mdash; Titus von der Malsburg (@tmalsburg) <a href=\"https:\/\/twitter.com\/tmalsburg\/status\/1600463040465448961?ref_src=twsrc%5Etfw\">December 7, 2022<\/a><\/p><\/blockquote>\n<p><script async src=\"https:\/\/platform.twitter.com\/widgets.js\" charset=\"utf-8\"><\/script><\/p>\n<blockquote class=\"twitter-tweet\" data-width=\"550\" data-dnt=\"true\">\n<p lang=\"zxx\" dir=\"ltr\"><a href=\"https:\/\/t.co\/hq4b0RBQzD\">pic.twitter.com\/hq4b0RBQzD<\/a><\/p>\n<p>&mdash; BoschBot (@boschbot) <a href=\"https:\/\/twitter.com\/boschbot\/status\/1600471473008828417?ref_src=twsrc%5Etfw\">December 7, 2022<\/a><\/p><\/blockquote>\n<p><script async src=\"https:\/\/platform.twitter.com\/widgets.js\" charset=\"utf-8\"><\/script><br \/>\nhttps:\/\/twitter.com\/v_i_o_l_a\/status\/1600476042652573702<br \/>\nhttps:\/\/twitter.com\/v_i_o_l_a\/status\/1600476190254325760<\/p>\n<blockquote class=\"twitter-tweet\" data-width=\"550\" data-dnt=\"true\">\n<p lang=\"de\" dir=\"ltr\">sch\u00f6n, bei der <a href=\"https:\/\/twitter.com\/hashtag\/vBIB22?src=hash&amp;ref_src=twsrc%5Etfw\">#vBIB22<\/a> mal den <a href=\"https:\/\/twitter.com\/BeMattmann?ref_src=twsrc%5Etfw\">@BeMattmann<\/a> &quot;im bewegtbild&quot; zu sehen. \ud83d\ude42<\/p>\n<p>&mdash; viola vo\u00df (@v_i_o_l_a) <a href=\"https:\/\/twitter.com\/v_i_o_l_a\/status\/1600476499844497408?ref_src=twsrc%5Etfw\">December 7, 2022<\/a><\/p><\/blockquote>\n<p><script async src=\"https:\/\/platform.twitter.com\/widgets.js\" charset=\"utf-8\"><\/script><\/p>\n<blockquote class=\"twitter-tweet\" data-width=\"550\" data-dnt=\"true\">\n<p lang=\"de\" dir=\"ltr\">&quot;Save the Date: Digital Clean Up Day am 18.03.2023&quot; Erinnert uns die Gruppe um @sorcinaV auf der <a href=\"https:\/\/twitter.com\/hashtag\/vbib22?src=hash&amp;ref_src=twsrc%5Etfw\">#vbib22<\/a><\/p>\n<p>&mdash; CaptainJuniper (@CaptainJuniper) <a href=\"https:\/\/twitter.com\/CaptainJuniper\/status\/1600477729257758720?ref_src=twsrc%5Etfw\">December 7, 2022<\/a><\/p><\/blockquote>\n<p><script async src=\"https:\/\/platform.twitter.com\/widgets.js\" charset=\"utf-8\"><\/script><\/p>\n<blockquote class=\"twitter-tweet\" data-width=\"550\" data-dnt=\"true\">\n<p lang=\"de\" dir=\"ltr\"><a href=\"https:\/\/twitter.com\/hashtag\/TIL?src=hash&amp;ref_src=twsrc%5Etfw\">#TIL<\/a> im rahmen der <a href=\"https:\/\/twitter.com\/hashtag\/vBIB22?src=hash&amp;ref_src=twsrc%5Etfw\">#vBIB22<\/a>: &quot;Delegation Poker&quot;. ein beispiel f\u00fcr eine erl\u00e4uterung dazu: <a href=\"https:\/\/t.co\/CGwLDqYOiE\">https:\/\/t.co\/CGwLDqYOiE<\/a> <a href=\"https:\/\/twitter.com\/hashtag\/f%C3%BChrung?src=hash&amp;ref_src=twsrc%5Etfw\">#f\u00fchrung<\/a> <a href=\"https:\/\/twitter.com\/hashtag\/teamorganisation?src=hash&amp;ref_src=twsrc%5Etfw\">#teamorganisation<\/a><\/p>\n<p>&mdash; viola vo\u00df (@v_i_o_l_a) <a href=\"https:\/\/twitter.com\/v_i_o_l_a\/status\/1600489908799422464?ref_src=twsrc%5Etfw\">December 7, 2022<\/a><\/p><\/blockquote>\n<p><script async src=\"https:\/\/platform.twitter.com\/widgets.js\" charset=\"utf-8\"><\/script><\/p>\n<blockquote class=\"twitter-tweet\" data-width=\"550\" data-dnt=\"true\">\n<p lang=\"de\" dir=\"ltr\">wer sich f\u00fcr agiles arbeiten in bibliotheken interessiert: es gibt eine community of practice: <a href=\"https:\/\/twitter.com\/agilebibliothek?ref_src=twsrc%5Etfw\">@agilebibliothek<\/a> &amp; z.b. <a href=\"https:\/\/t.co\/6JCEdfwaSi\">https:\/\/t.co\/6JCEdfwaSi<\/a> <a href=\"https:\/\/twitter.com\/hashtag\/vBIB22?src=hash&amp;ref_src=twsrc%5Etfw\">#vBIB22<\/a><\/p>\n<p>&mdash; viola vo\u00df (@v_i_o_l_a) <a href=\"https:\/\/twitter.com\/v_i_o_l_a\/status\/1600492226282487811?ref_src=twsrc%5Etfw\">December 7, 2022<\/a><\/p><\/blockquote>\n<p><script async src=\"https:\/\/platform.twitter.com\/widgets.js\" charset=\"utf-8\"><\/script><\/p>\n<blockquote class=\"twitter-tweet\" data-width=\"550\" data-dnt=\"true\">\n<p lang=\"de\" dir=\"ltr\">ein toller und geradezu liebevoll gestalteter &quot;Hop-On\/Hop-Off-Rundgang durch die Methoden und Tools der interaktiven Informationsvermittlung&quot; war das gerade bei der <a href=\"https:\/\/twitter.com\/hashtag\/vBIB22?src=hash&amp;ref_src=twsrc%5Etfw\">#vBIB22<\/a>! danke daf\u00fcr, martin und nathalie!<\/p>\n<p>&mdash; viola vo\u00df (@v_i_o_l_a) <a href=\"https:\/\/twitter.com\/v_i_o_l_a\/status\/1600502292117061633?ref_src=twsrc%5Etfw\">December 7, 2022<\/a><\/p><\/blockquote>\n<p><script async src=\"https:\/\/platform.twitter.com\/widgets.js\" charset=\"utf-8\"><\/script><\/p>\n<blockquote class=\"twitter-tweet\" data-width=\"550\" data-dnt=\"true\">\n<p lang=\"de\" dir=\"ltr\">Digitalisierung &#8211; wo stehen wir? <a href=\"https:\/\/twitter.com\/hashtag\/vBIB22?src=hash&amp;ref_src=twsrc%5Etfw\">#vBIB22<\/a> <a href=\"https:\/\/t.co\/IUyufRQka9\">pic.twitter.com\/IUyufRQka9<\/a><\/p>\n<p>&mdash; Meik Schild-Steiniger (@Rheinlandfranke) <a href=\"https:\/\/twitter.com\/Rheinlandfranke\/status\/1600526379040346114?ref_src=twsrc%5Etfw\">December 7, 2022<\/a><\/p><\/blockquote>\n<p><script async src=\"https:\/\/platform.twitter.com\/widgets.js\" charset=\"utf-8\"><\/script><br \/>\nhttps:\/\/twitter.com\/v_i_o_l_a\/status\/1600535081399074822<br \/>\nhttps:\/\/twitter.com\/v_i_o_l_a\/status\/1600608448256811017<\/p>\n<blockquote class=\"twitter-tweet\" data-width=\"550\" data-dnt=\"true\">\n<p lang=\"en\" dir=\"ltr\">We are donating power stations to Ukrainian libraries, museums and archives, who need assistance with digitizing Ukrainian heritage. The first 20 stations arrived in Berlin today and are in the process of being shipped to Ukraine now. Donate here to help: <a href=\"https:\/\/t.co\/Xy3VUeIvUU\">https:\/\/t.co\/Xy3VUeIvUU<\/a>. <a href=\"https:\/\/t.co\/27MLKXmsFa\">pic.twitter.com\/27MLKXmsFa<\/a><\/p>\n<p>&mdash; SUCHO (Saving Ukrainian Cultural Heritage Online) (@sucho_org) <a href=\"https:\/\/twitter.com\/sucho_org\/status\/1600532041023586306?ref_src=twsrc%5Etfw\">December 7, 2022<\/a><\/p><\/blockquote>\n<p><script async src=\"https:\/\/platform.twitter.com\/widgets.js\" charset=\"utf-8\"><\/script><\/p>\n<blockquote class=\"twitter-tweet\" data-width=\"550\" data-dnt=\"true\">\n<p lang=\"fr\" dir=\"ltr\">Meuble \u00e0 plaids !<a href=\"https:\/\/twitter.com\/BU_Nantes_Univ?ref_src=twsrc%5Etfw\">@BU_Nantes_Univ<\/a> du <a href=\"https:\/\/twitter.com\/campuslrsy?ref_src=twsrc%5Etfw\">@campuslrsy<\/a> <a href=\"https:\/\/t.co\/HQTvADM3G7\">pic.twitter.com\/HQTvADM3G7<\/a><\/p>\n<p>&mdash; Sandrine Lorans (@ColorSandar) <a href=\"https:\/\/twitter.com\/ColorSandar\/status\/1600552377253347335?ref_src=twsrc%5Etfw\">December 7, 2022<\/a><\/p><\/blockquote>\n<p><script async src=\"https:\/\/platform.twitter.com\/widgets.js\" charset=\"utf-8\"><\/script><\/p>\n<blockquote class=\"twitter-tweet\" data-width=\"550\" data-dnt=\"true\">\n<p lang=\"en\" dir=\"ltr\">The &quot;Librarian Diet&quot; is eating only one holiday treat each time you pass the break room <a href=\"https:\/\/t.co\/EnEisBNP6j\">pic.twitter.com\/EnEisBNP6j<\/a><\/p>\n<p>&mdash; Fake Library Statistics (@FakeLibStats) <a href=\"https:\/\/twitter.com\/FakeLibStats\/status\/1600554404792483849?ref_src=twsrc%5Etfw\">December 7, 2022<\/a><\/p><\/blockquote>\n<p><script async src=\"https:\/\/platform.twitter.com\/widgets.js\" charset=\"utf-8\"><\/script><br \/>\nhttps:\/\/twitter.com\/v_i_o_l_a\/status\/1600609308210765838<\/p>\n<blockquote class=\"twitter-tweet\" data-width=\"550\" data-dnt=\"true\">\n<p lang=\"de\" dir=\"ltr\">Falls sich jemand f\u00fcr die kruden Theorien der <a href=\"https:\/\/twitter.com\/hashtag\/Reichsb%C3%BCrger?src=hash&amp;ref_src=twsrc%5Etfw\">#Reichsb\u00fcrger<\/a> interessiert, ich habe jede einzelne von ihnen juristisch und historisch auseinandergenommen:<a href=\"https:\/\/t.co\/KG7DTz9ncL\">https:\/\/t.co\/KG7DTz9ncL<\/a><\/p>\n<p>&mdash; Andreas Moser (@AndreasMoser007) <a href=\"https:\/\/twitter.com\/AndreasMoser007\/status\/1600528640168853504?ref_src=twsrc%5Etfw\">December 7, 2022<\/a><\/p><\/blockquote>\n<p><script async src=\"https:\/\/platform.twitter.com\/widgets.js\" charset=\"utf-8\"><\/script><\/p>\n<blockquote class=\"twitter-tweet\" data-width=\"550\" data-dnt=\"true\">\n<p lang=\"de\" dir=\"ltr\">\u2066<a href=\"https:\/\/twitter.com\/katjaberlin?ref_src=twsrc%5Etfw\">@katjaberlin<\/a>\u2069 \u00fcbertrifft sich mit vier neuen \u201eTorten der Wahrheit\u201c in der aktuellen \u2066<a href=\"https:\/\/twitter.com\/DIEZEIT?ref_src=twsrc%5Etfw\">@DIEZEIT<\/a>\u2069 wieder einmal selbst. Hut ab. <a href=\"https:\/\/t.co\/7tiJ186DpF\">pic.twitter.com\/7tiJ186DpF<\/a><\/p>\n<p>&mdash; Sabine R\u00fcckert (@alphahuhn) <a href=\"https:\/\/twitter.com\/alphahuhn\/status\/1600531057459224576?ref_src=twsrc%5Etfw\">December 7, 2022<\/a><\/p><\/blockquote>\n<p><script async src=\"https:\/\/platform.twitter.com\/widgets.js\" charset=\"utf-8\"><\/script><\/p>\n<blockquote class=\"twitter-tweet\" data-width=\"550\" data-dnt=\"true\">\n<p lang=\"en\" dir=\"ltr\">Reading the announcement about the end of <a href=\"https:\/\/twitter.com\/Jisc?ref_src=twsrc%5Etfw\">@Jisc<\/a> funding for <a href=\"https:\/\/twitter.com\/oacore?ref_src=twsrc%5Etfw\">@oacore<\/a> again <a href=\"https:\/\/t.co\/NtI6wELZdt\">https:\/\/t.co\/NtI6wELZdt<\/a> I still wonder why this happened, and now. Shouldn&#39;t this be the time to invest more in open and transparent infrastructure services? Sorry if I missed a <a href=\"https:\/\/twitter.com\/Jisc?ref_src=twsrc%5Etfw\">@Jisc<\/a> announcement.<\/p>\n<p>&mdash; Torsten Reimer (@torstenreimer) <a href=\"https:\/\/twitter.com\/torstenreimer\/status\/1600532427096657920?ref_src=twsrc%5Etfw\">December 7, 2022<\/a><\/p><\/blockquote>\n<p><script async src=\"https:\/\/platform.twitter.com\/widgets.js\" charset=\"utf-8\"><\/script><\/p>\n<blockquote class=\"twitter-tweet\" data-width=\"550\" data-dnt=\"true\">\n<p lang=\"de\" dir=\"ltr\">Auch f\u00fcr Eltern von Kleinkindern h\u00e4lt unsere Bibliothek spannende Titel bereit. <a href=\"https:\/\/t.co\/xhhWA0QLyv\">pic.twitter.com\/xhhWA0QLyv<\/a><\/p>\n<p>&mdash; Bibliosph\u00e4re (@Bibliophase) <a href=\"https:\/\/twitter.com\/Bibliophase\/status\/1600502169119121409?ref_src=twsrc%5Etfw\">December 7, 2022<\/a><\/p><\/blockquote>\n<p><script async src=\"https:\/\/platform.twitter.com\/widgets.js\" charset=\"utf-8\"><\/script><br \/>\nhttps:\/\/twitter.com\/v_i_o_l_a\/status\/1600611927566307330<\/p>\n<blockquote class=\"twitter-tweet\" data-width=\"550\" data-dnt=\"true\">\n<p lang=\"en\" dir=\"ltr\">Because it\u2019s Tom Waits\u2019s birthday: <a href=\"https:\/\/t.co\/5FOrPVmXjb\">pic.twitter.com\/5FOrPVmXjb<\/a><\/p>\n<p>&mdash; Tom Gauld (@tomgauld) <a href=\"https:\/\/twitter.com\/tomgauld\/status\/1600474008872312833?ref_src=twsrc%5Etfw\">December 7, 2022<\/a><\/p><\/blockquote>\n<p><script async src=\"https:\/\/platform.twitter.com\/widgets.js\" charset=\"utf-8\"><\/script><\/p>\n<blockquote class=\"twitter-tweet\" data-width=\"550\" data-dnt=\"true\">\n<p lang=\"de\" dir=\"ltr\">Was ich mich auch frage: Wenn Heinrich XIII.  jetzt die Monarchie ausgerufen h\u00e4tte, wie h\u00e4tten denn die Dutzenden anderen selbsternannten Reichsb\u00fcrger-K\u00f6nige reagiert? Verhandlungen in Speyer gefordert? Sezessionskrieg begonnen? Papst angerufen?<\/p>\n<p>&mdash; Nils Markwardt (@FJ_Murau) <a href=\"https:\/\/twitter.com\/FJ_Murau\/status\/1600456207608664064?ref_src=twsrc%5Etfw\">December 7, 2022<\/a><\/p><\/blockquote>\n<p><script async src=\"https:\/\/platform.twitter.com\/widgets.js\" charset=\"utf-8\"><\/script><\/p>\n<blockquote class=\"twitter-tweet\" data-width=\"550\" data-dnt=\"true\">\n<p lang=\"en\" dir=\"ltr\">A new <a href=\"https:\/\/twitter.com\/hashtag\/LibraryPlanet?src=hash&amp;ref_src=twsrc%5Etfw\">#LibraryPlanet<\/a> post from Fiona Kells: World of the Book: State Library of Victoria permanent\u00a0exhibition <a href=\"https:\/\/twitter.com\/Library_Vic?ref_src=twsrc%5Etfw\">@Library_Vic<\/a> <a href=\"https:\/\/t.co\/VmD550GqBL\">https:\/\/t.co\/VmD550GqBL<\/a><\/p>\n<p>&mdash; Stuart Kells (@StuartKells) <a href=\"https:\/\/twitter.com\/StuartKells\/status\/1600066329339256834?ref_src=twsrc%5Etfw\">December 6, 2022<\/a><\/p><\/blockquote>\n<p><script async src=\"https:\/\/platform.twitter.com\/widgets.js\" charset=\"utf-8\"><\/script><\/p>\n<blockquote class=\"twitter-tweet\" data-width=\"550\" data-dnt=\"true\">\n<p lang=\"en\" dir=\"ltr\">The worst people:<\/p>\n<p>\u201cYes they\u2019re right next to me, I\u2019ll just hand you over\u201d<\/p>\n<p>&mdash; VeryBritishProblems (@SoVeryBritish) <a href=\"https:\/\/twitter.com\/SoVeryBritish\/status\/1600464170951970818?ref_src=twsrc%5Etfw\">December 7, 2022<\/a><\/p><\/blockquote>\n<p><script async src=\"https:\/\/platform.twitter.com\/widgets.js\" charset=\"utf-8\"><\/script><br \/>\nhttps:\/\/twitter.com\/v_i_o_l_a\/status\/1600613184435527681<\/p>\n<blockquote class=\"twitter-tweet\" data-width=\"550\" data-dnt=\"true\">\n<p lang=\"en\" dir=\"ltr\">Robin Gerke (musicology <a href=\"https:\/\/twitter.com\/WWU?ref_src=twsrc%5Etfw\">@wwu<\/a>) presenting a forgotten film music of Harald <a href=\"https:\/\/twitter.com\/hashtag\/S%C3%A6verud?src=hash&amp;ref_src=twsrc%5Etfw\">#S\u00e6verud<\/a> at @ArnulfMattes &#39;s symposium at the composer&#39;s home. Fascinating! <a href=\"https:\/\/t.co\/jruynxlaOY\">https:\/\/t.co\/jruynxlaOY<\/a> <a href=\"https:\/\/t.co\/ixr6SSml4y\">pic.twitter.com\/ixr6SSml4y<\/a><\/p>\n<p>&mdash; Music and Politics Muenster (@MP_Muenster) <a href=\"https:\/\/twitter.com\/MP_Muenster\/status\/1600422175206350848?ref_src=twsrc%5Etfw\">December 7, 2022<\/a><\/p><\/blockquote>\n<p><script async src=\"https:\/\/platform.twitter.com\/widgets.js\" charset=\"utf-8\"><\/script><\/p>\n<blockquote class=\"twitter-tweet\" data-width=\"550\" data-dnt=\"true\">\n<p lang=\"en\" dir=\"ltr\">Spending the day telling everyone it was cold when you woke up this morning.<\/p>\n<p>&mdash; VeryBritishProblems (@SoVeryBritish) <a href=\"https:\/\/twitter.com\/SoVeryBritish\/status\/1600422090628222976?ref_src=twsrc%5Etfw\">December 7, 2022<\/a><\/p><\/blockquote>\n<p><script async src=\"https:\/\/platform.twitter.com\/widgets.js\" charset=\"utf-8\"><\/script><\/p>\n<blockquote class=\"twitter-tweet\" data-width=\"550\" data-dnt=\"true\">\n<p lang=\"de\" dir=\"ltr\">Die Uni M\u00fcnster l\u00e4dt heute (7.12.), 18:15h, alle Interessierten zur Podiumsdiskussion \u201eUmstrittene Erinnerung\u201c in die Schloss-Aula ein (auch im Livestream). Es debattieren: Sigrid Hirbodian, Lena J\u00f6hnk, Wulf Kansteiner &amp; Achim Saupe. <a href=\"https:\/\/twitter.com\/hashtag\/ZurSacheWWU?src=hash&amp;ref_src=twsrc%5Etfw\">#ZurSacheWWU<\/a> <a href=\"https:\/\/t.co\/GPd0BLvxIy\">https:\/\/t.co\/GPd0BLvxIy<\/a> <a href=\"https:\/\/t.co\/SDs3k2ysMK\">pic.twitter.com\/SDs3k2ysMK<\/a><\/p>\n<p>&mdash; Universit\u00e4t M\u00fcnster (@uni_muenster) <a href=\"https:\/\/twitter.com\/uni_muenster\/status\/1600421256792133632?ref_src=twsrc%5Etfw\">December 7, 2022<\/a><\/p><\/blockquote>\n<p><script async src=\"https:\/\/platform.twitter.com\/widgets.js\" charset=\"utf-8\"><\/script><br \/>\nhttps:\/\/twitter.com\/v_i_o_l_a\/status\/1600613531874893831<br \/>\nhttps:\/\/twitter.com\/v_i_o_l_a\/status\/1600613701496741893<\/p>\n<blockquote class=\"twitter-tweet\" data-width=\"550\" data-dnt=\"true\">\n<p lang=\"de\" dir=\"ltr\"><a href=\"https:\/\/twitter.com\/hashtag\/Gendern?src=hash&amp;ref_src=twsrc%5Etfw\">#Gendern<\/a> ist wie L\u00e4cheln, Bitte und Danke-Sagen, Gr\u00fcssen, freundlich zunicken. Man kann auch ohne all das leben. Aber mit ist es f\u00fcr alle Beteiligten sch\u00f6ner.<\/p>\n<p>&mdash; DerFlix.de (@DerFlixxx) <a href=\"https:\/\/twitter.com\/DerFlixxx\/status\/1600378219399520256?ref_src=twsrc%5Etfw\">December 7, 2022<\/a><\/p><\/blockquote>\n<p><script async src=\"https:\/\/platform.twitter.com\/widgets.js\" charset=\"utf-8\"><\/script><br \/>\nhttps:\/\/twitter.com\/v_i_o_l_a\/status\/1600614227009765376<br \/>\nhttps:\/\/twitter.com\/v_i_o_l_a\/status\/1600614505180012549<br \/>\nhttps:\/\/twitter.com\/v_i_o_l_a\/status\/1600614731689107463<\/p>\n<blockquote class=\"twitter-tweet\" data-width=\"550\" data-dnt=\"true\">\n<p lang=\"en\" dir=\"ltr\">I don\u2019t understand how COVID is spiking again after we\u2019ve tried everything from pretending it\u2019s over to pretending it never happened<\/p>\n<p>&mdash; Zack Bornstein (@ZackBornstein) <a href=\"https:\/\/twitter.com\/ZackBornstein\/status\/1599919837941493760?ref_src=twsrc%5Etfw\">December 6, 2022<\/a><\/p><\/blockquote>\n<p><script async src=\"https:\/\/platform.twitter.com\/widgets.js\" charset=\"utf-8\"><\/script><\/p>\n","protected":false},"excerpt":{"rendered":"<p>&#39;morgen! &mdash; viola vo\u00df (@v_i_o_l_a) December 7, 2022 Am Schanktisch wird ausgeschenkt, aber nur selten ein #Geschenk gemacht. Dass beides sprachlich zusammenh\u00e4ngt, zeigt unser Artikel des Tages https:\/\/t.co\/rWq9vN660P pic.twitter.com\/zCsBSTUcCT &mdash; Digitales W\u00f6rterbuch der deutschen Sprache (@dwds_de) December 7, 2022 auch in m\u00fcnster gibt es jetzt eine bibliothek der dinge \u2013 die &quot;Mitmachbar&quot; \u2013 und ein [&hellip;]<\/p>\n","protected":false},"author":1,"featured_media":0,"comment_status":"open","ping_status":"open","sticky":false,"template":"","format":"standard","meta":{"footnotes":""},"categories":[36],"tags":[],"class_list":["post-13603","post","type-post","status-publish","format-standard","hentry","category-twitter"],"_links":{"self":[{"href":"https:\/\/www.x-v-x.de\/blog\/index.php?rest_route=\/wp\/v2\/posts\/13603","targetHints":{"allow":["GET"]}}],"collection":[{"href":"https:\/\/www.x-v-x.de\/blog\/index.php?rest_route=\/wp\/v2\/posts"}],"about":[{"href":"https:\/\/www.x-v-x.de\/blog\/index.php?rest_route=\/wp\/v2\/types\/post"}],"author":[{"embeddable":true,"href":"https:\/\/www.x-v-x.de\/blog\/index.php?rest_route=\/wp\/v2\/users\/1"}],"replies":[{"embeddable":true,"href":"https:\/\/www.x-v-x.de\/blog\/index.php?rest_route=%2Fwp%2Fv2%2Fcomments&post=13603"}],"version-history":[{"count":0,"href":"https:\/\/www.x-v-x.de\/blog\/index.php?rest_route=\/wp\/v2\/posts\/13603\/revisions"}],"wp:attachment":[{"href":"https:\/\/www.x-v-x.de\/blog\/index.php?rest_route=%2Fwp%2Fv2%2Fmedia&parent=13603"}],"wp:term":[{"taxonomy":"category","embeddable":true,"href":"https:\/\/www.x-v-x.de\/blog\/index.php?rest_route=%2Fwp%2Fv2%2Fcategories&post=13603"},{"taxonomy":"post_tag","embeddable":true,"href":"https:\/\/www.x-v-x.de\/blog\/index.php?rest_route=%2Fwp%2Fv2%2Ftags&post=13603"}],"curies":[{"name":"wp","href":"https:\/\/api.w.org\/{rel}","templated":true}]}}