{"id":13613,"date":"2022-12-13T20:57:56","date_gmt":"2022-12-13T19:57:56","guid":{"rendered":"https:\/\/www.x-v-x.de\/blog\/?p=13613"},"modified":"2023-02-25T20:58:10","modified_gmt":"2023-02-25T19:58:10","slug":"tweets-2022-12-12","status":"publish","type":"post","link":"https:\/\/www.x-v-x.de\/blog\/?p=13613","title":{"rendered":"tweets | 2022-12-12"},"content":{"rendered":"<blockquote class=\"twitter-tweet\" data-width=\"550\" data-dnt=\"true\">\n<p lang=\"nl\" dir=\"ltr\">&#39;morgen!<\/p>\n<p>&mdash; viola vo\u00df (@v_i_o_l_a) <a href=\"https:\/\/twitter.com\/v_i_o_l_a\/status\/1602167691338551296?ref_src=twsrc%5Etfw\">December 12, 2022<\/a><\/p><\/blockquote>\n<p><script async src=\"https:\/\/platform.twitter.com\/widgets.js\" charset=\"utf-8\"><\/script><\/p>\n<blockquote class=\"twitter-tweet\" data-width=\"550\" data-dnt=\"true\">\n<p lang=\"en\" dir=\"ltr\">Manuscript on parchment of Giordano Ruffo, Marescalcia equorum. 1454. Complete work digitized: <a href=\"https:\/\/t.co\/mM8Vr2miCF\">https:\/\/t.co\/mM8Vr2miCF<\/a> <a href=\"https:\/\/t.co\/7AaijjyYPa\">pic.twitter.com\/7AaijjyYPa<\/a><\/p>\n<p>&mdash; Beinecke Library (@BeineckeLibrary) <a href=\"https:\/\/twitter.com\/BeineckeLibrary\/status\/1602172164043587584?ref_src=twsrc%5Etfw\">December 12, 2022<\/a><\/p><\/blockquote>\n<p><script async src=\"https:\/\/platform.twitter.com\/widgets.js\" charset=\"utf-8\"><\/script><\/p>\n<blockquote class=\"twitter-tweet\" data-width=\"550\" data-dnt=\"true\">\n<p lang=\"de\" dir=\"ltr\">\u201eIn der <a href=\"https:\/\/twitter.com\/hashtag\/Weihnachtsb%C3%A4ckerei?src=hash&amp;ref_src=twsrc%5Etfw\">#Weihnachtsb\u00e4ckerei<\/a> \/ Gibt es manche <a href=\"https:\/\/twitter.com\/hashtag\/Leckerei?src=hash&amp;ref_src=twsrc%5Etfw\">#Leckerei<\/a>\u201c \u2013 und die kann sehr interessante, regional unterschiedliche Namen tragen. Mehr im Artikel des Tages <a href=\"https:\/\/t.co\/mrr6x8UJIX\">https:\/\/t.co\/mrr6x8UJIX<\/a> <a href=\"https:\/\/t.co\/PZr0YISY31\">pic.twitter.com\/PZr0YISY31<\/a><\/p>\n<p>&mdash; Digitales W\u00f6rterbuch der deutschen Sprache (@dwds_de) <a href=\"https:\/\/twitter.com\/dwds_de\/status\/1602173903819808768?ref_src=twsrc%5Etfw\">December 12, 2022<\/a><\/p><\/blockquote>\n<p><script async src=\"https:\/\/platform.twitter.com\/widgets.js\" charset=\"utf-8\"><\/script><\/p>\n<blockquote class=\"twitter-tweet\" data-width=\"550\" data-dnt=\"true\">\n<p lang=\"en\" dir=\"ltr\">New out of office reply <a href=\"https:\/\/t.co\/ke9vqkSf6A\">pic.twitter.com\/ke9vqkSf6A<\/a><\/p>\n<p>&mdash; Kamran Javadizadeh (@kjavadizadeh) <a href=\"https:\/\/twitter.com\/kjavadizadeh\/status\/1601720647004352512?ref_src=twsrc%5Etfw\">December 10, 2022<\/a><\/p><\/blockquote>\n<p><script async src=\"https:\/\/platform.twitter.com\/widgets.js\" charset=\"utf-8\"><\/script><\/p>\n<blockquote class=\"twitter-tweet\" data-width=\"550\" data-dnt=\"true\">\n<p lang=\"de\" dir=\"ltr\">&quot;Niederdeutsch-skandinavischer Adventskalender 2022&quot; von Steffen H\u00f6der: <a href=\"https:\/\/t.co\/5d848IHtw8\">https:\/\/t.co\/5d848IHtw8<\/a> cc <a href=\"https:\/\/twitter.com\/SchurTimo?ref_src=twsrc%5Etfw\">@SchurTimo<\/a> \ud83d\ude42<\/p>\n<p>&mdash; viola vo\u00df (@v_i_o_l_a) <a href=\"https:\/\/twitter.com\/v_i_o_l_a\/status\/1602198066450366467?ref_src=twsrc%5Etfw\">December 12, 2022<\/a><\/p><\/blockquote>\n<p><script async src=\"https:\/\/platform.twitter.com\/widgets.js\" charset=\"utf-8\"><\/script><\/p>\n<blockquote class=\"twitter-tweet\" data-width=\"550\" data-dnt=\"true\">\n<p lang=\"de\" dir=\"ltr\">schonmal ein terminhinweis f\u00fcr ende januar: da findet die 8. ausgabe der studentischen sprachwissenschaftlichen tagung &quot;li\u014bk\u0254n&quot; in m\u00fcnster statt! <a href=\"https:\/\/t.co\/VHnayE8O5q\">https:\/\/t.co\/VHnayE8O5q<\/a> <a href=\"https:\/\/twitter.com\/hashtag\/sprachwissenschaft?src=hash&amp;ref_src=twsrc%5Etfw\">#sprachwissenschaft<\/a> <a href=\"https:\/\/twitter.com\/hashtag\/linguistik?src=hash&amp;ref_src=twsrc%5Etfw\">#linguistik<\/a> <a href=\"https:\/\/twitter.com\/hashtag\/tagung?src=hash&amp;ref_src=twsrc%5Etfw\">#tagung<\/a><\/p>\n<p>&mdash; viola vo\u00df (@v_i_o_l_a) <a href=\"https:\/\/twitter.com\/v_i_o_l_a\/status\/1602201335037820929?ref_src=twsrc%5Etfw\">December 12, 2022<\/a><\/p><\/blockquote>\n<p><script async src=\"https:\/\/platform.twitter.com\/widgets.js\" charset=\"utf-8\"><\/script><\/p>\n<blockquote class=\"twitter-tweet\" data-width=\"550\" data-dnt=\"true\">\n<p lang=\"de\" dir=\"ltr\">Hans Magnus <a href=\"https:\/\/twitter.com\/hashtag\/Enzensberger?src=hash&amp;ref_src=twsrc%5Etfw\">#Enzensberger<\/a> und Gaston Salvatore gr\u00fcndeten in den Achtzigern das undogmatische Magazin &quot;TransAtlantik&quot;. Warum das Scheitern des Projekts Lehren f\u00fcr die Gegenwart bereith\u00e4lt, erkl\u00e4rt der Literaturwissenschaftler Kai Sina in seinem neuen Buch.  <a href=\"https:\/\/t.co\/oA5YAFbCPs\">https:\/\/t.co\/oA5YAFbCPs<\/a><\/p>\n<p>&mdash; ZEIT ONLINE (@zeitonline) <a href=\"https:\/\/twitter.com\/zeitonline\/status\/1600570144702480412?ref_src=twsrc%5Etfw\">December 7, 2022<\/a><\/p><\/blockquote>\n<p><script async src=\"https:\/\/platform.twitter.com\/widgets.js\" charset=\"utf-8\"><\/script><br \/>\nhttps:\/\/twitter.com\/v_i_o_l_a\/status\/1602205136608235520<\/p>\n<blockquote class=\"twitter-tweet\" data-width=\"550\" data-dnt=\"true\">\n<p lang=\"de\" dir=\"ltr\">F\u00fcr <a href=\"https:\/\/twitter.com\/hashtag\/PredatoryConferences?src=hash&amp;ref_src=twsrc%5Etfw\">#PredatoryConferences<\/a> haben wir mal einen Aufschlag f\u00fcr &quot;halbwegs objektive Kriterien&quot; gemacht. Ist nat\u00fcrlich nicht 1 zu 1 auf <a href=\"https:\/\/twitter.com\/hashtag\/predatoryJournals?src=hash&amp;ref_src=twsrc%5Etfw\">#predatoryJournals<\/a> \u00fcbertragbar.<a href=\"https:\/\/t.co\/LeRinNew9w\">https:\/\/t.co\/LeRinNew9w<\/a><\/p>\n<p>&mdash; confIDent (@conf_id) <a href=\"https:\/\/twitter.com\/conf_id\/status\/1602255050780594176?ref_src=twsrc%5Etfw\">December 12, 2022<\/a><\/p><\/blockquote>\n<p><script async src=\"https:\/\/platform.twitter.com\/widgets.js\" charset=\"utf-8\"><\/script><br \/>\nhttps:\/\/twitter.com\/v_i_o_l_a\/status\/1602283576002756608<\/p>\n<blockquote class=\"twitter-tweet\" data-width=\"550\" data-dnt=\"true\">\n<p lang=\"de\" dir=\"ltr\">etwas versp\u00e4tet, aber jetzt nebenher im kopfh\u00f6rer: &quot;\u201eZu Besuch bei\u201d Dr. Cornelia Jahn \u2013 Einblicke in die Abteilung Karten und Bilder&quot; <a href=\"https:\/\/twitter.com\/bsb_muenchen?ref_src=twsrc%5Etfw\">@bsb_muenchen<\/a>: <a href=\"https:\/\/t.co\/ZPBNVHEHnH\">https:\/\/t.co\/ZPBNVHEHnH<\/a> \u2013 ein sch\u00f6nes format, finde ich.<\/p>\n<p>&mdash; viola vo\u00df (@v_i_o_l_a) <a href=\"https:\/\/twitter.com\/v_i_o_l_a\/status\/1602311551905587201?ref_src=twsrc%5Etfw\">December 12, 2022<\/a><\/p><\/blockquote>\n<p><script async src=\"https:\/\/platform.twitter.com\/widgets.js\" charset=\"utf-8\"><\/script><\/p>\n<blockquote class=\"twitter-tweet\" data-width=\"550\" data-dnt=\"true\">\n<p lang=\"de\" dir=\"ltr\">Nicht vergessen: In der Interview-Reihe &quot;Zu Besuch bei&quot; laden wir Sie heute zu einem Besuch bei Dr. Cornelia Jahn, Leiterin unserer Abteilung Karten und Bilder, ein.<\/p>\n<p>Via Zoom<a href=\"https:\/\/t.co\/ZcNpqpAAyz\">https:\/\/t.co\/ZcNpqpAAyz<\/a><a href=\"https:\/\/twitter.com\/hashtag\/events?src=hash&amp;ref_src=twsrc%5Etfw\">#events<\/a> <a href=\"https:\/\/twitter.com\/hashtag\/bildarchiv?src=hash&amp;ref_src=twsrc%5Etfw\">#bildarchiv<\/a> <a href=\"https:\/\/twitter.com\/hashtag\/historischekarten?src=hash&amp;ref_src=twsrc%5Etfw\">#historischekarten<\/a> <a href=\"https:\/\/twitter.com\/hashtag\/kartografie?src=hash&amp;ref_src=twsrc%5Etfw\">#kartografie<\/a> <a href=\"https:\/\/twitter.com\/hashtag\/bsbmuenchen?src=hash&amp;ref_src=twsrc%5Etfw\">#bsbmuenchen<\/a> <a href=\"https:\/\/t.co\/sOn31dJqSG\">pic.twitter.com\/sOn31dJqSG<\/a><\/p>\n<p>&mdash; Bayerische Staatsbibliothek (@bsb_muenchen) <a href=\"https:\/\/twitter.com\/bsb_muenchen\/status\/1602255056312598528?ref_src=twsrc%5Etfw\">December 12, 2022<\/a><\/p><\/blockquote>\n<p><script async src=\"https:\/\/platform.twitter.com\/widgets.js\" charset=\"utf-8\"><\/script><\/p>\n<blockquote class=\"twitter-tweet\" data-width=\"550\" data-dnt=\"true\">\n<p lang=\"de\" dir=\"ltr\">Weihnachtseink\u00e4ufe belasten alle, auch Alfred Mombert, der Ida Dehmel um Hilfe bittet: \u201cSei doch so gut, und kaufe in meinem Namen etwas Liebes f\u00fcr Heinz, &amp; f\u00fcr Dich, und f\u00fcr Richard. [&#8230;] Ich bin gegenw\u00e4rtig so furchtbar von Uferlosigkeit heimgesucht, <a href=\"https:\/\/t.co\/srQY02ejhl\">pic.twitter.com\/srQY02ejhl<\/a><\/p>\n<p>&mdash; Idas Archiv (@IdasArchiv) <a href=\"https:\/\/twitter.com\/IdasArchiv\/status\/1602234297603489793?ref_src=twsrc%5Etfw\">December 12, 2022<\/a><\/p><\/blockquote>\n<p><script async src=\"https:\/\/platform.twitter.com\/widgets.js\" charset=\"utf-8\"><\/script><\/p>\n<blockquote class=\"twitter-tweet\" data-width=\"550\" data-dnt=\"true\">\n<p lang=\"de\" dir=\"ltr\">da\u00df ich nichts Gegenst\u00e4ndliches sehen kann, &amp; wage es  nicht, in einen Laden zu gehen. Also sei Du einmal die Weihnachts-Fee.\u201d <br \/>Auch diese Korrespondenz ist zurzeit in Arbeit und bald zu lesen und sehen auf <a href=\"https:\/\/t.co\/2HNyi2CTPs\">https:\/\/t.co\/2HNyi2CTPs<\/a> ! <a href=\"https:\/\/twitter.com\/hashtag\/dehmeldigital?src=hash&amp;ref_src=twsrc%5Etfw\">#dehmeldigital<\/a> <a href=\"https:\/\/twitter.com\/hashtag\/DH?src=hash&amp;ref_src=twsrc%5Etfw\">#DH<\/a> <a href=\"https:\/\/twitter.com\/hashtag\/digitaleEdition?src=hash&amp;ref_src=twsrc%5Etfw\">#digitaleEdition<\/a><\/p>\n<p>&mdash; Idas Archiv (@IdasArchiv) <a href=\"https:\/\/twitter.com\/IdasArchiv\/status\/1602234299859845120?ref_src=twsrc%5Etfw\">December 12, 2022<\/a><\/p><\/blockquote>\n<p><script async src=\"https:\/\/platform.twitter.com\/widgets.js\" charset=\"utf-8\"><\/script><\/p>\n<blockquote class=\"twitter-tweet\" data-width=\"550\" data-dnt=\"true\">\n<p lang=\"de\" dir=\"ltr\">Ich will nicht behaupten, dass mich das viele Homeoffice irgendwie wunderlich gemacht hat, aber wir beide fahren n\u00e4chstes Wochenende zum Teambuilding in ein Seminarhotel im Waldviertel. <a href=\"https:\/\/t.co\/PBdYMbmJsM\">pic.twitter.com\/PBdYMbmJsM<\/a><\/p>\n<p>&mdash; B\u00fcchereien Wien (@buechereiwien) <a href=\"https:\/\/twitter.com\/buechereiwien\/status\/1602323088879849473?ref_src=twsrc%5Etfw\">December 12, 2022<\/a><\/p><\/blockquote>\n<p><script async src=\"https:\/\/platform.twitter.com\/widgets.js\" charset=\"utf-8\"><\/script><\/p>\n<blockquote class=\"twitter-tweet\" data-width=\"550\" data-dnt=\"true\">\n<p lang=\"de\" dir=\"ltr\">Heinrich! Mir graut&#39;s vor dir.<\/p>\n<p>\u2014 Faust, Vers 4610 \/ Margarete<\/p>\n<p>&mdash; GOETHE (@goethe_jw) <a href=\"https:\/\/twitter.com\/goethe_jw\/status\/1602356844416176160?ref_src=twsrc%5Etfw\">December 12, 2022<\/a><\/p><\/blockquote>\n<p><script async src=\"https:\/\/platform.twitter.com\/widgets.js\" charset=\"utf-8\"><\/script><br \/>\nhttps:\/\/twitter.com\/v_i_o_l_a\/status\/1602357178140168194<\/p>\n<blockquote class=\"twitter-tweet\" data-width=\"550\" data-dnt=\"true\">\n<p lang=\"en\" dir=\"ltr\">Had an idea for a display called Walking in a Pinter Wonderland celebrating Harold Pinter but my library does not have enough of his works in stock &#8211; so if you have a lot of Pinter &amp; works related to his feel free to steal it ^_^<\/p>\n<p>&mdash; Matt (@mattlibrarian) <a href=\"https:\/\/twitter.com\/mattlibrarian\/status\/1602359425335164928?ref_src=twsrc%5Etfw\">December 12, 2022<\/a><\/p><\/blockquote>\n<p><script async src=\"https:\/\/platform.twitter.com\/widgets.js\" charset=\"utf-8\"><\/script><\/p>\n<blockquote class=\"twitter-tweet\" data-width=\"550\" data-dnt=\"true\">\n<p lang=\"de\" dir=\"ltr\">&quot;Nicht jeder gro\u00dfe Mann ist ein gro\u00dfer Mensch.&quot; (Marie von Ebner-Eschenbach (1830\u20131916))<\/p>\n<p>&mdash; viola vo\u00df (@v_i_o_l_a) <a href=\"https:\/\/twitter.com\/v_i_o_l_a\/status\/1602365679948238869?ref_src=twsrc%5Etfw\">December 12, 2022<\/a><\/p><\/blockquote>\n<p><script async src=\"https:\/\/platform.twitter.com\/widgets.js\" charset=\"utf-8\"><\/script><br \/>\nhttps:\/\/twitter.com\/v_i_o_l_a\/status\/1602418024291700749<br \/>\nhttps:\/\/twitter.com\/v_i_o_l_a\/status\/1602419461037953036<\/p>\n","protected":false},"excerpt":{"rendered":"<p>&#39;morgen! &mdash; viola vo\u00df (@v_i_o_l_a) December 12, 2022 Manuscript on parchment of Giordano Ruffo, Marescalcia equorum. 1454. Complete work digitized: https:\/\/t.co\/mM8Vr2miCF pic.twitter.com\/7AaijjyYPa &mdash; Beinecke Library (@BeineckeLibrary) December 12, 2022 \u201eIn der #Weihnachtsb\u00e4ckerei \/ Gibt es manche #Leckerei\u201c \u2013 und die kann sehr interessante, regional unterschiedliche Namen tragen. Mehr im Artikel des Tages https:\/\/t.co\/mrr6x8UJIX pic.twitter.com\/PZr0YISY31 &mdash; [&hellip;]<\/p>\n","protected":false},"author":1,"featured_media":0,"comment_status":"open","ping_status":"open","sticky":false,"template":"","format":"standard","meta":{"footnotes":""},"categories":[36],"tags":[],"class_list":["post-13613","post","type-post","status-publish","format-standard","hentry","category-twitter"],"_links":{"self":[{"href":"https:\/\/www.x-v-x.de\/blog\/index.php?rest_route=\/wp\/v2\/posts\/13613","targetHints":{"allow":["GET"]}}],"collection":[{"href":"https:\/\/www.x-v-x.de\/blog\/index.php?rest_route=\/wp\/v2\/posts"}],"about":[{"href":"https:\/\/www.x-v-x.de\/blog\/index.php?rest_route=\/wp\/v2\/types\/post"}],"author":[{"embeddable":true,"href":"https:\/\/www.x-v-x.de\/blog\/index.php?rest_route=\/wp\/v2\/users\/1"}],"replies":[{"embeddable":true,"href":"https:\/\/www.x-v-x.de\/blog\/index.php?rest_route=%2Fwp%2Fv2%2Fcomments&post=13613"}],"version-history":[{"count":0,"href":"https:\/\/www.x-v-x.de\/blog\/index.php?rest_route=\/wp\/v2\/posts\/13613\/revisions"}],"wp:attachment":[{"href":"https:\/\/www.x-v-x.de\/blog\/index.php?rest_route=%2Fwp%2Fv2%2Fmedia&parent=13613"}],"wp:term":[{"taxonomy":"category","embeddable":true,"href":"https:\/\/www.x-v-x.de\/blog\/index.php?rest_route=%2Fwp%2Fv2%2Fcategories&post=13613"},{"taxonomy":"post_tag","embeddable":true,"href":"https:\/\/www.x-v-x.de\/blog\/index.php?rest_route=%2Fwp%2Fv2%2Ftags&post=13613"}],"curies":[{"name":"wp","href":"https:\/\/api.w.org\/{rel}","templated":true}]}}