{"id":13619,"date":"2022-12-16T20:59:53","date_gmt":"2022-12-16T19:59:53","guid":{"rendered":"https:\/\/www.x-v-x.de\/blog\/?p=13619"},"modified":"2023-02-25T21:00:10","modified_gmt":"2023-02-25T20:00:10","slug":"tweets-2022-12-15","status":"publish","type":"post","link":"https:\/\/www.x-v-x.de\/blog\/?p=13619","title":{"rendered":"tweets | 2022-12-15"},"content":{"rendered":"<blockquote class=\"twitter-tweet\" data-width=\"550\" data-dnt=\"true\">\n<p lang=\"nl\" dir=\"ltr\">&#39;morgen!<\/p>\n<p>&mdash; viola vo\u00df (@v_i_o_l_a) <a href=\"https:\/\/twitter.com\/v_i_o_l_a\/status\/1603261161239187458?ref_src=twsrc%5Etfw\">December 15, 2022<\/a><\/p><\/blockquote>\n<p><script async src=\"https:\/\/platform.twitter.com\/widgets.js\" charset=\"utf-8\"><\/script><\/p>\n<blockquote class=\"twitter-tweet\" data-width=\"550\" data-dnt=\"true\">\n<p lang=\"de\" dir=\"ltr\">\u201eSieht aus, wie wenn eine <a href=\"https:\/\/twitter.com\/hashtag\/Katze?src=hash&amp;ref_src=twsrc%5Etfw\">#Katze<\/a> \u00fcber die <a href=\"https:\/\/twitter.com\/hashtag\/Tastatur?src=hash&amp;ref_src=twsrc%5Etfw\">#Tastatur<\/a> gelaufen ist\u201c, sagte mal eine Indogermanistin scherzhaft-liebevoll \u00fcber die exotische Sprache unseres Artikels des Tages <a href=\"https:\/\/t.co\/JY20gXSwMs\">https:\/\/t.co\/JY20gXSwMs<\/a> <a href=\"https:\/\/t.co\/4WI7qFRvDs\">pic.twitter.com\/4WI7qFRvDs<\/a><\/p>\n<p>&mdash; Digitales W\u00f6rterbuch der deutschen Sprache (@dwds_de) <a href=\"https:\/\/twitter.com\/dwds_de\/status\/1603261068310192128?ref_src=twsrc%5Etfw\">December 15, 2022<\/a><\/p><\/blockquote>\n<p><script async src=\"https:\/\/platform.twitter.com\/widgets.js\" charset=\"utf-8\"><\/script><br \/>\nhttps:\/\/twitter.com\/v_i_o_l_a\/status\/1603286577521754113<\/p>\n<blockquote class=\"twitter-tweet\" data-width=\"550\" data-dnt=\"true\">\n<p lang=\"de\" dir=\"ltr\">im adventskalender der <a href=\"https:\/\/twitter.com\/wwu_muenster?ref_src=twsrc%5Etfw\">@WWU_Muenster<\/a> gibts heute ULB-content, sozusagen: <a href=\"https:\/\/t.co\/RvJ6w4jb8I\">https:\/\/t.co\/RvJ6w4jb8I<\/a> <a href=\"https:\/\/twitter.com\/hashtag\/nachlass?src=hash&amp;ref_src=twsrc%5Etfw\">#nachlass<\/a> <a href=\"https:\/\/twitter.com\/hashtag\/scholz?src=hash&amp;ref_src=twsrc%5Etfw\">#scholz<\/a> <a href=\"https:\/\/twitter.com\/hashtag\/informatik?src=hash&amp;ref_src=twsrc%5Etfw\">#informatik<\/a><\/p>\n<p>&mdash; viola vo\u00df (@v_i_o_l_a) <a href=\"https:\/\/twitter.com\/v_i_o_l_a\/status\/1603289496325304321?ref_src=twsrc%5Etfw\">December 15, 2022<\/a><\/p><\/blockquote>\n<p><script async src=\"https:\/\/platform.twitter.com\/widgets.js\" charset=\"utf-8\"><\/script><\/p>\n<blockquote class=\"twitter-tweet\" data-width=\"550\" data-dnt=\"true\">\n<p lang=\"de\" dir=\"ltr\">&quot;Offene Zusammenh\u00e4nge: <a href=\"https:\/\/twitter.com\/hashtag\/OpenAccess?src=hash&amp;ref_src=twsrc%5Etfw\">#OpenAccess<\/a> in der <a href=\"https:\/\/twitter.com\/hashtag\/Berufsbildungsforschung?src=hash&amp;ref_src=twsrc%5Etfw\">#Berufsbildungsforschung<\/a>&quot; <a href=\"https:\/\/t.co\/LWumcdSl5h\">https:\/\/t.co\/LWumcdSl5h<\/a><\/p>\n<p>&mdash; viola vo\u00df (@v_i_o_l_a) <a href=\"https:\/\/twitter.com\/v_i_o_l_a\/status\/1603292765147828225?ref_src=twsrc%5Etfw\">December 15, 2022<\/a><\/p><\/blockquote>\n<p><script async src=\"https:\/\/platform.twitter.com\/widgets.js\" charset=\"utf-8\"><\/script><\/p>\n<blockquote class=\"twitter-tweet\" data-width=\"550\" data-dnt=\"true\">\n<p lang=\"de\" dir=\"ltr\">Wann endlich ausruhen? Frage f\u00fcr uns alle.<\/p>\n<p>&mdash; Amrei Bahr (stillgelegter Account) (@AmreiBahr) <a href=\"https:\/\/twitter.com\/AmreiBahr\/status\/1603293847798226950?ref_src=twsrc%5Etfw\">December 15, 2022<\/a><\/p><\/blockquote>\n<p><script async src=\"https:\/\/platform.twitter.com\/widgets.js\" charset=\"utf-8\"><\/script><\/p>\n<blockquote class=\"twitter-tweet\" data-width=\"550\" data-dnt=\"true\">\n<p lang=\"de\" dir=\"ltr\">Zu den Praktiken niederl\u00e4ndischer und p\u00e4pstlicher Friedensvermittlung in der Fr\u00fchen Neuzeit ist eine neue Dissertation, von Markus Laufs <a href=\"https:\/\/twitter.com\/DHMBerlin?ref_src=twsrc%5Etfw\">@DHMBerlin<\/a> Gibt es auch im <a href=\"https:\/\/twitter.com\/hashtag\/OpenAccess?src=hash&amp;ref_src=twsrc%5Etfw\">#OpenAccess<\/a> <a href=\"https:\/\/twitter.com\/PrintDiplomacy?ref_src=twsrc%5Etfw\">@PrintDiplomacy<\/a> <a href=\"https:\/\/twitter.com\/RecensioNet?ref_src=twsrc%5Etfw\">@RecensioNet<\/a> <a href=\"https:\/\/t.co\/UTDKMZOGhf\">https:\/\/t.co\/UTDKMZOGhf<\/a><\/p>\n<p>&mdash; Anna Lisa Schwartz (@AL_Schwartz_) <a href=\"https:\/\/twitter.com\/AL_Schwartz_\/status\/1603298366666035201?ref_src=twsrc%5Etfw\">December 15, 2022<\/a><\/p><\/blockquote>\n<p><script async src=\"https:\/\/platform.twitter.com\/widgets.js\" charset=\"utf-8\"><\/script><\/p>\n<blockquote class=\"twitter-tweet\" data-width=\"550\" data-dnt=\"true\">\n<p lang=\"und\" dir=\"ltr\">cc <a href=\"https:\/\/twitter.com\/FIDBenelux?ref_src=twsrc%5Etfw\">@FIDBenelux<\/a> <a href=\"https:\/\/twitter.com\/BjoernGebert?ref_src=twsrc%5Etfw\">@BjoernGebert<\/a> \ud83d\ude42 <a href=\"https:\/\/t.co\/Bupfnfgkkk\">https:\/\/t.co\/Bupfnfgkkk<\/a><\/p>\n<p>&mdash; viola vo\u00df (@v_i_o_l_a) <a href=\"https:\/\/twitter.com\/v_i_o_l_a\/status\/1603298662729277446?ref_src=twsrc%5Etfw\">December 15, 2022<\/a><\/p><\/blockquote>\n<p><script async src=\"https:\/\/platform.twitter.com\/widgets.js\" charset=\"utf-8\"><\/script><\/p>\n<blockquote class=\"twitter-tweet\" data-width=\"550\" data-dnt=\"true\">\n<p lang=\"de\" dir=\"ltr\">das headquarter der <a href=\"https:\/\/twitter.com\/wwu_muenster?ref_src=twsrc%5Etfw\">@WWU_Muenster<\/a> lag gerade sch\u00f6n in der wintersonne. \u2600\ufe0f <a href=\"https:\/\/t.co\/A0J74fsvhQ\">pic.twitter.com\/A0J74fsvhQ<\/a><\/p>\n<p>&mdash; viola vo\u00df (@v_i_o_l_a) <a href=\"https:\/\/twitter.com\/v_i_o_l_a\/status\/1603306059099250689?ref_src=twsrc%5Etfw\">December 15, 2022<\/a><\/p><\/blockquote>\n<p><script async src=\"https:\/\/platform.twitter.com\/widgets.js\" charset=\"utf-8\"><\/script><\/p>\n<blockquote class=\"twitter-tweet\" data-width=\"550\" data-dnt=\"true\">\n<p lang=\"en\" dir=\"ltr\">&quot;Motion Metaphors in Music Criticism: An empirical investigation of their conceptual motivation and their metaphoricity&quot; now available in our ebook collection! \u00bb <a href=\"https:\/\/t.co\/kdunorkgAD\">https:\/\/t.co\/kdunorkgAD<\/a> <a href=\"https:\/\/twitter.com\/hashtag\/linguistics?src=hash&amp;ref_src=twsrc%5Etfw\">#linguistics<\/a> <a href=\"https:\/\/twitter.com\/hashtag\/music?src=hash&amp;ref_src=twsrc%5Etfw\">#music<\/a> <a href=\"https:\/\/twitter.com\/hashtag\/metaphors?src=hash&amp;ref_src=twsrc%5Etfw\">#metaphors<\/a> <a href=\"https:\/\/t.co\/h7hG2JMVlK\">https:\/\/t.co\/h7hG2JMVlK<\/a><\/p>\n<p>&mdash; ULB_MS_FachInfo (@ULB_MS_FachInfo) <a href=\"https:\/\/twitter.com\/ULB_MS_FachInfo\/status\/1603314218132013062?ref_src=twsrc%5Etfw\">December 15, 2022<\/a><\/p><\/blockquote>\n<p><script async src=\"https:\/\/platform.twitter.com\/widgets.js\" charset=\"utf-8\"><\/script><\/p>\n<blockquote class=\"twitter-tweet\" data-width=\"550\" data-dnt=\"true\">\n<p lang=\"de\" dir=\"ltr\">WDR ZeitZeichen zu Margarete I. von D\u00e4nemark <a href=\"https:\/\/t.co\/pUUBEM1NdQ\">https:\/\/t.co\/pUUBEM1NdQ<\/a><\/p>\n<p>&mdash; ULB_MS_FachInfo (@ULB_MS_FachInfo) <a href=\"https:\/\/twitter.com\/ULB_MS_FachInfo\/status\/1603302166869037056?ref_src=twsrc%5Etfw\">December 15, 2022<\/a><\/p><\/blockquote>\n<p><script async src=\"https:\/\/platform.twitter.com\/widgets.js\" charset=\"utf-8\"><\/script><\/p>\n<blockquote class=\"twitter-tweet\" data-width=\"550\" data-dnt=\"true\">\n<p lang=\"de\" dir=\"ltr\">Schnee ist genau solange sch\u00f6n bis Du mit der Deutschen Bahn fahren musst.<\/p>\n<p>&mdash; Amrei Bahr (stillgelegter Account) (@AmreiBahr) <a href=\"https:\/\/twitter.com\/AmreiBahr\/status\/1603335061478248449?ref_src=twsrc%5Etfw\">December 15, 2022<\/a><\/p><\/blockquote>\n<p><script async src=\"https:\/\/platform.twitter.com\/widgets.js\" charset=\"utf-8\"><\/script><\/p>\n<blockquote class=\"twitter-tweet\" data-width=\"550\" data-dnt=\"true\">\n<p lang=\"en\" dir=\"ltr\">My Reading Year <a href=\"https:\/\/t.co\/ODu6DiVWOa\">pic.twitter.com\/ODu6DiVWOa<\/a><\/p>\n<p>&mdash; Tom Gauld (@tomgauld) <a href=\"https:\/\/twitter.com\/tomgauld\/status\/1603344230302158848?ref_src=twsrc%5Etfw\">December 15, 2022<\/a><\/p><\/blockquote>\n<p><script async src=\"https:\/\/platform.twitter.com\/widgets.js\" charset=\"utf-8\"><\/script><br \/>\nhttps:\/\/twitter.com\/v_i_o_l_a\/status\/1603351730615468033<\/p>\n<blockquote class=\"twitter-tweet\" data-width=\"550\" data-dnt=\"true\">\n<p lang=\"de\" dir=\"ltr\">aus der reihe &quot;am\u00fcsante buchtitel&quot; heute: &quot;Up Up and Array! Dynamic Array Formulas for Excel 365 and Beyond&quot; <a href=\"https:\/\/t.co\/821Gy8y4rl\">https:\/\/t.co\/821Gy8y4rl<\/a> \ud83d\ude42 <a href=\"https:\/\/t.co\/rg46TSNORY\">pic.twitter.com\/rg46TSNORY<\/a><\/p>\n<p>&mdash; viola vo\u00df (@v_i_o_l_a) <a href=\"https:\/\/twitter.com\/v_i_o_l_a\/status\/1603353482534260737?ref_src=twsrc%5Etfw\">December 15, 2022<\/a><\/p><\/blockquote>\n<p><script async src=\"https:\/\/platform.twitter.com\/widgets.js\" charset=\"utf-8\"><\/script><\/p>\n<blockquote class=\"twitter-tweet\" data-width=\"550\" data-dnt=\"true\">\n<p lang=\"de\" dir=\"ltr\">Nochmal einfach f\u00fcr Nicht-Naturwissenschaftler:<\/p>\n<p>Das <a href=\"https:\/\/twitter.com\/hashtag\/Kernfusion?src=hash&amp;ref_src=twsrc%5Etfw\">#Kernfusion<\/a>-Experiment hat gezeigt, dass man mit vielen starken Lasern, eine kleine Wasserstoff-Bombe z\u00fcnden kann. Dabei verbrauchen allein die Laser 200\u00d7 so viel Strom wie durch die Fusion an Energie entsteht.<a href=\"https:\/\/twitter.com\/hashtag\/Durchbruch?src=hash&amp;ref_src=twsrc%5Etfw\">#Durchbruch<\/a><\/p>\n<p>&mdash; Stefan Holzheu (@HolzheuStefan) <a href=\"https:\/\/twitter.com\/HolzheuStefan\/status\/1603282145820037120?ref_src=twsrc%5Etfw\">December 15, 2022<\/a><\/p><\/blockquote>\n<p><script async src=\"https:\/\/platform.twitter.com\/widgets.js\" charset=\"utf-8\"><\/script><\/p>\n<blockquote class=\"twitter-tweet\" data-width=\"550\" data-dnt=\"true\">\n<p lang=\"de\" dir=\"ltr\">N\u00e4chste Klausur stell ich einfach die Frage:<\/p>\n<p>&quot;Beschreiben Sie den Vibe von Nathanael in Hoffmanns &#39;Der Sandmann&#39;. Erl\u00e4utern Sie darauf aufbauend in R\u00fcckgriff auf Merkmale der Romantik, inwiefern sein Tod am Ende der Erz\u00e4hlung mood ist.&quot;<\/p>\n<p>&mdash; Robin-M. Aust (@r_m_aust) <a href=\"https:\/\/twitter.com\/r_m_aust\/status\/1603307372348248064?ref_src=twsrc%5Etfw\">December 15, 2022<\/a><\/p><\/blockquote>\n<p><script async src=\"https:\/\/platform.twitter.com\/widgets.js\" charset=\"utf-8\"><\/script><\/p>\n<blockquote class=\"twitter-tweet\" data-width=\"550\" data-dnt=\"true\">\n<p lang=\"de\" dir=\"ltr\"><a href=\"https:\/\/twitter.com\/hashtag\/Tr%C3%B6tenamLimit?src=hash&amp;ref_src=twsrc%5Etfw\">#Tr\u00f6tenamLimit<\/a> (\u00dcbersetzerin: Barbara K\u00f6hler) <a href=\"https:\/\/t.co\/XQoJFrR2fZ\">pic.twitter.com\/XQoJFrR2fZ<\/a><\/p>\n<p>&mdash; Gunther Martens (@gumarten) <a href=\"https:\/\/twitter.com\/gumarten\/status\/1603367983119728640?ref_src=twsrc%5Etfw\">December 15, 2022<\/a><\/p><\/blockquote>\n<p><script async src=\"https:\/\/platform.twitter.com\/widgets.js\" charset=\"utf-8\"><\/script><\/p>\n<blockquote class=\"twitter-tweet\" data-width=\"550\" data-dnt=\"true\">\n<p lang=\"de\" dir=\"ltr\">Neu in der <a href=\"https:\/\/twitter.com\/hashtag\/Podcast?src=hash&amp;ref_src=twsrc%5Etfw\">#Podcast<\/a>-Liste auf <a href=\"https:\/\/t.co\/b7WQ0vZ4de\">https:\/\/t.co\/b7WQ0vZ4de<\/a>:<a href=\"https:\/\/twitter.com\/hashtag\/ForscherinnenFreitag?src=hash&amp;ref_src=twsrc%5Etfw\">#ForscherinnenFreitag<\/a> (von <a href=\"https:\/\/twitter.com\/Plattform_IF?ref_src=twsrc%5Etfw\">@Plattform_IF<\/a>)<a href=\"https:\/\/t.co\/utyKlAb1ZX\">https:\/\/t.co\/utyKlAb1ZX<\/a><\/p>\n<p>Innovative Frauen aus der Wissenschaft sprechen hier \u00fcber das, was sie an ihrer Arbeit begeistert.<\/p>\n<p>&mdash; Wissen{schaft}spodcasts (@wisspod) <a href=\"https:\/\/twitter.com\/wisspod\/status\/1603374474480467968?ref_src=twsrc%5Etfw\">December 15, 2022<\/a><\/p><\/blockquote>\n<p><script async src=\"https:\/\/platform.twitter.com\/widgets.js\" charset=\"utf-8\"><\/script><\/p>\n<blockquote class=\"twitter-tweet\" data-width=\"550\" data-dnt=\"true\">\n<p lang=\"de\" dir=\"ltr\">Neu in der <a href=\"https:\/\/twitter.com\/hashtag\/Podcast?src=hash&amp;ref_src=twsrc%5Etfw\">#Podcast<\/a>-Liste auf <a href=\"https:\/\/t.co\/b7WQ0vZ4de\">https:\/\/t.co\/b7WQ0vZ4de<\/a>:<\/p>\n<p>45 Minuten Zukunft. Land- und Meeresnutzung im Wandel (von <a href=\"https:\/\/twitter.com\/Thuenen_aktuell?ref_src=twsrc%5Etfw\">@Thuenen_aktuell<\/a>)<a href=\"https:\/\/t.co\/Rai7Fy04Xk\">https:\/\/t.co\/Rai7Fy04Xk<\/a><\/p>\n<p>Die G\u00e4ste in diesem Podcast suchen L\u00f6sungen f\u00fcr aktuelle Herausforderungen, die ihre Forschungsbereiche ber\u00fchren.<\/p>\n<p>&mdash; Wissen{schaft}spodcasts (@wisspod) <a href=\"https:\/\/twitter.com\/wisspod\/status\/1603373946107224065?ref_src=twsrc%5Etfw\">December 15, 2022<\/a><\/p><\/blockquote>\n<p><script async src=\"https:\/\/platform.twitter.com\/widgets.js\" charset=\"utf-8\"><\/script><\/p>\n<blockquote class=\"twitter-tweet\" data-width=\"550\" data-dnt=\"true\">\n<p lang=\"de\" dir=\"ltr\">Geht das auch mit B\u00fcchern? &quot;Die Leiden des jungen Fischbr\u00f6tchens&quot;? <a href=\"https:\/\/t.co\/pL46Aghgd8\">https:\/\/t.co\/pL46Aghgd8<\/a><\/p>\n<p>&mdash; Reclam Verlag (@ReclamVerlag) <a href=\"https:\/\/twitter.com\/ReclamVerlag\/status\/1603372842434920449?ref_src=twsrc%5Etfw\">December 15, 2022<\/a><\/p><\/blockquote>\n<p><script async src=\"https:\/\/platform.twitter.com\/widgets.js\" charset=\"utf-8\"><\/script><br \/>\nhttps:\/\/twitter.com\/v_i_o_l_a\/status\/1603375384388665345<\/p>\n<blockquote class=\"twitter-tweet\" data-width=\"550\" data-dnt=\"true\">\n<p lang=\"nl\" dir=\"ltr\"><a href=\"https:\/\/twitter.com\/hashtag\/Dienstfahrt?src=hash&amp;ref_src=twsrc%5Etfw\">#Dienstfahrt<\/a> deluxe in <a href=\"https:\/\/twitter.com\/hashtag\/m%C3%BCnster?src=hash&amp;ref_src=twsrc%5Etfw\">#m\u00fcnster<\/a> <a href=\"https:\/\/twitter.com\/hashtag\/photo?src=hash&amp;ref_src=twsrc%5Etfw\">#photo<\/a> <a href=\"https:\/\/twitter.com\/hashtag\/photoftheday?src=hash&amp;ref_src=twsrc%5Etfw\">#photoftheday<\/a> <a href=\"https:\/\/twitter.com\/hashtag\/nofilter?src=hash&amp;ref_src=twsrc%5Etfw\">#nofilter<\/a> <a href=\"https:\/\/twitter.com\/hashtag\/m%C3%BCnsterliebe?src=hash&amp;ref_src=twsrc%5Etfw\">#m\u00fcnsterliebe<\/a> <a href=\"https:\/\/twitter.com\/hashtag\/cargobike?src=hash&amp;ref_src=twsrc%5Etfw\">#cargobike<\/a> <a href=\"https:\/\/twitter.com\/TRAIX_CYCLES?ref_src=twsrc%5Etfw\">@TRAIX_CYCLES<\/a> <a href=\"https:\/\/twitter.com\/hashtag\/antiquariat?src=hash&amp;ref_src=twsrc%5Etfw\">#antiquariat<\/a> <a href=\"https:\/\/twitter.com\/hashtag\/antiquariatsolder?src=hash&amp;ref_src=twsrc%5Etfw\">#antiquariatsolder<\/a> <a href=\"https:\/\/t.co\/XB57BOWTUu\">pic.twitter.com\/XB57BOWTUu<\/a><\/p>\n<p>&mdash; MychalSimka (@wilsberg) <a href=\"https:\/\/twitter.com\/wilsberg\/status\/1603358299809894400?ref_src=twsrc%5Etfw\">December 15, 2022<\/a><\/p><\/blockquote>\n<p><script async src=\"https:\/\/platform.twitter.com\/widgets.js\" charset=\"utf-8\"><\/script><\/p>\n<blockquote class=\"twitter-tweet\" data-width=\"550\" data-dnt=\"true\">\n<p lang=\"de\" dir=\"ltr\"><a href=\"https:\/\/twitter.com\/hashtag\/CfP?src=hash&amp;ref_src=twsrc%5Etfw\">#CfP<\/a>: \u203a\u00bbF wie F\u00e4lschung.\u00ab Gef\u00e4lschte <a href=\"https:\/\/twitter.com\/hashtag\/Provenienzen?src=hash&amp;ref_src=twsrc%5Etfw\">#Provenienzen<\/a> in der Literatur und ihren Wissenschaften\u2039. Tagung am 21. u. 22. September 2023 am <a href=\"https:\/\/twitter.com\/DLAMarbach?ref_src=twsrc%5Etfw\">@DLAMarbach<\/a>. Wir freuen uns auf Abstracts bis zum 31. Januar 2023. Infos zum Call unter: <a href=\"https:\/\/t.co\/LIuM1D66tR\">https:\/\/t.co\/LIuM1D66tR<\/a><a href=\"https:\/\/twitter.com\/hashtag\/Provenienzforschung?src=hash&amp;ref_src=twsrc%5Etfw\">#Provenienzforschung<\/a> <a href=\"https:\/\/t.co\/nyRPe0bVIO\">pic.twitter.com\/nyRPe0bVIO<\/a><\/p>\n<p>&mdash; Forschungsverbund MWW (@MWWForschung) <a href=\"https:\/\/twitter.com\/MWWForschung\/status\/1603332105118912521?ref_src=twsrc%5Etfw\">December 15, 2022<\/a><\/p><\/blockquote>\n<p><script async src=\"https:\/\/platform.twitter.com\/widgets.js\" charset=\"utf-8\"><\/script><\/p>\n<blockquote class=\"twitter-tweet\" data-width=\"550\" data-dnt=\"true\">\n<p lang=\"en\" dir=\"ltr\">End of semester exams, so it\u2019s time to blow the dust off my \u201cEnd of semester exams correcting mug\u201d. <a href=\"https:\/\/t.co\/303g0nsssr\">pic.twitter.com\/303g0nsssr<\/a><\/p>\n<p>&mdash; Kevin McGuigan (@KGMcGuigan) <a href=\"https:\/\/twitter.com\/KGMcGuigan\/status\/1603289703788290049?ref_src=twsrc%5Etfw\">December 15, 2022<\/a><\/p><\/blockquote>\n<p><script async src=\"https:\/\/platform.twitter.com\/widgets.js\" charset=\"utf-8\"><\/script><\/p>\n<blockquote class=\"twitter-tweet\" data-width=\"550\" data-dnt=\"true\">\n<p lang=\"en\" dir=\"ltr\">&quot;My father was the National Librarian of Pakistan. When I was 13 he took me to the National Library and he showed me everything. I thought: \u2018What? This is really boring&quot; that was then, now <a href=\"https:\/\/twitter.com\/mkhokhar?ref_src=twsrc%5Etfw\">@mkhokhar<\/a> sees very interesting times for library leaders <a href=\"https:\/\/t.co\/waj94X4k0s\">https:\/\/t.co\/waj94X4k0s<\/a><\/p>\n<p>&mdash; InfoProMag (@InfoProMag) <a href=\"https:\/\/twitter.com\/InfoProMag\/status\/1603335948464492544?ref_src=twsrc%5Etfw\">December 15, 2022<\/a><\/p><\/blockquote>\n<p><script async src=\"https:\/\/platform.twitter.com\/widgets.js\" charset=\"utf-8\"><\/script><\/p>\n<blockquote class=\"twitter-tweet\" data-width=\"550\" data-dnt=\"true\">\n<p lang=\"de\" dir=\"ltr\">Ab dem 17.1.23 wird die Bergstra\u00dfe im Abschnitt zwischen <a href=\"https:\/\/twitter.com\/hashtag\/Tibusstra%C3%9Fe?src=hash&amp;ref_src=twsrc%5Etfw\">#Tibusstra\u00dfe<\/a> und <a href=\"https:\/\/twitter.com\/hashtag\/Schlaunstra%C3%9Fe?src=hash&amp;ref_src=twsrc%5Etfw\">#Schlaunstra\u00dfe<\/a> f\u00fcr Radfahrende und Kraftfahrzeuge komplett gesperrt. Bis November werden die betagten Kan\u00e4le &amp; Versorgungsleitungen saniert.<br \/>\u27a1\ufe0fPM: <a href=\"https:\/\/t.co\/QdtXFH5fk4\">https:\/\/t.co\/QdtXFH5fk4<\/a>  <br \/>\u27a1\ufe0fFAQ: <a href=\"https:\/\/t.co\/mpE3I4COwa\">https:\/\/t.co\/mpE3I4COwa<\/a> <a href=\"https:\/\/t.co\/agNxrc6SDH\">pic.twitter.com\/agNxrc6SDH<\/a><\/p>\n<p>&mdash; Stadt M\u00fcnster (@muenster_de) <a href=\"https:\/\/twitter.com\/muenster_de\/status\/1603336061299568641?ref_src=twsrc%5Etfw\">December 15, 2022<\/a><\/p><\/blockquote>\n<p><script async src=\"https:\/\/platform.twitter.com\/widgets.js\" charset=\"utf-8\"><\/script><\/p>\n<blockquote class=\"twitter-tweet\" data-width=\"550\" data-dnt=\"true\">\n<p lang=\"de\" dir=\"ltr\">Welchen Text einer deutschsprachigen Autorin haben wir heute im Seminar behandelt? <a href=\"https:\/\/t.co\/gI9tqWGQMe\">pic.twitter.com\/gI9tqWGQMe<\/a><\/p>\n<p>&mdash; Moritz Ba\u00dfler (@ba_moritz) <a href=\"https:\/\/twitter.com\/ba_moritz\/status\/1603086485862981634?ref_src=twsrc%5Etfw\">December 14, 2022<\/a><\/p><\/blockquote>\n<p><script async src=\"https:\/\/platform.twitter.com\/widgets.js\" charset=\"utf-8\"><\/script><\/p>\n<blockquote class=\"twitter-tweet\" data-width=\"550\" data-dnt=\"true\">\n<p lang=\"de\" dir=\"ltr\">Guten Morgen\u2026 <a href=\"https:\/\/t.co\/qWOPPU6p7I\">pic.twitter.com\/qWOPPU6p7I<\/a><\/p>\n<p>&mdash; MychalSimka (@wilsberg) <a href=\"https:\/\/twitter.com\/wilsberg\/status\/1603324720555991040?ref_src=twsrc%5Etfw\">December 15, 2022<\/a><\/p><\/blockquote>\n<p><script async src=\"https:\/\/platform.twitter.com\/widgets.js\" charset=\"utf-8\"><\/script><\/p>\n<blockquote class=\"twitter-tweet\" data-width=\"550\" data-dnt=\"true\">\n<p lang=\"en\" dir=\"ltr\"><a href=\"https:\/\/twitter.com\/hashtag\/new?src=hash&amp;ref_src=twsrc%5Etfw\">#new<\/a> &amp; <a href=\"https:\/\/twitter.com\/hashtag\/OpenAccess?src=hash&amp;ref_src=twsrc%5Etfw\">#OpenAccess<\/a>: &quot;Lexicography of Coronavirus-related Neologisms&quot; <a href=\"https:\/\/t.co\/wlEJQDCrIT\">https:\/\/t.co\/wlEJQDCrIT<\/a> <a href=\"https:\/\/twitter.com\/hashtag\/COVID19?src=hash&amp;ref_src=twsrc%5Etfw\">#COVID19<\/a> <a href=\"https:\/\/twitter.com\/hashtag\/Corona?src=hash&amp;ref_src=twsrc%5Etfw\">#Corona<\/a> <a href=\"https:\/\/twitter.com\/hashtag\/linguistics?src=hash&amp;ref_src=twsrc%5Etfw\">#linguistics<\/a><\/p>\n<p>&mdash; ULB_MS_FachInfo (@ULB_MS_FachInfo) <a href=\"https:\/\/twitter.com\/ULB_MS_FachInfo\/status\/1603322698997723136?ref_src=twsrc%5Etfw\">December 15, 2022<\/a><\/p><\/blockquote>\n<p><script async src=\"https:\/\/platform.twitter.com\/widgets.js\" charset=\"utf-8\"><\/script><\/p>\n<blockquote class=\"twitter-tweet\" data-width=\"550\" data-dnt=\"true\">\n<p lang=\"de\" dir=\"ltr\">Bitte ber\u00fccksichtigt bei der Planung Eurer Archivbesuche, dass unser Lesesaal in der Zeit vom 24.12.2022 bis 01.01.2023 aus Energiespargr\u00fcnden geschlossen bleibt &#8211; ab 3.1.23 sind wir wieder f\u00fcr Euch da! <a href=\"https:\/\/t.co\/hlCPtmGjbv\">https:\/\/t.co\/hlCPtmGjbv<\/a> <a href=\"https:\/\/t.co\/a2fnCchIJp\">pic.twitter.com\/a2fnCchIJp<\/a><\/p>\n<p>&mdash; Stadtarchiv M\u00fcnster (@StadtarchivMS) <a href=\"https:\/\/twitter.com\/StadtarchivMS\/status\/1603313663774900224?ref_src=twsrc%5Etfw\">December 15, 2022<\/a><\/p><\/blockquote>\n<p><script async src=\"https:\/\/platform.twitter.com\/widgets.js\" charset=\"utf-8\"><\/script><\/p>\n<blockquote class=\"twitter-tweet\" data-width=\"550\" data-dnt=\"true\">\n<p lang=\"de\" dir=\"ltr\">Ich, wenn ich gefragt werde wieso meine Diss hei\u00dft wie sie hei\u00dft <a href=\"https:\/\/t.co\/lUyBuqSYb4\">pic.twitter.com\/lUyBuqSYb4<\/a><\/p>\n<p>&mdash; Robin-M. Aust (@r_m_aust) <a href=\"https:\/\/twitter.com\/r_m_aust\/status\/1603312891381301251?ref_src=twsrc%5Etfw\">December 15, 2022<\/a><\/p><\/blockquote>\n<p><script async src=\"https:\/\/platform.twitter.com\/widgets.js\" charset=\"utf-8\"><\/script><\/p>\n<blockquote class=\"twitter-tweet\" data-width=\"550\" data-dnt=\"true\">\n<p lang=\"de\" dir=\"ltr\"><a href=\"https:\/\/twitter.com\/hashtag\/Recherchetipp?src=hash&amp;ref_src=twsrc%5Etfw\">#Recherchetipp<\/a>: Trotz des Kriegs digitalisiert das Team von <a href=\"https:\/\/t.co\/vppQTWPeYx\">https:\/\/t.co\/vppQTWPeYx<\/a> unerm\u00fcdlich weiter: \u00dcber 740.00 Seiten aus 602 Zeitschriften und Zeitungen aus der <a href=\"https:\/\/twitter.com\/hashtag\/Ukraine?src=hash&amp;ref_src=twsrc%5Etfw\">#Ukraine<\/a> in 7 Sprachen k\u00f6nnen im Volltext durchsucht werden. Der Schwerpunkt liegt auf dem 20. Jahrhundert. <a href=\"https:\/\/t.co\/T0ozqD8DZk\">pic.twitter.com\/T0ozqD8DZk<\/a><\/p>\n<p>&mdash; FID Ost-, Ostmittel- und S\u00fcdosteuropa (@FID_Ost) <a href=\"https:\/\/twitter.com\/FID_Ost\/status\/1603297404446547974?ref_src=twsrc%5Etfw\">December 15, 2022<\/a><\/p><\/blockquote>\n<p><script async src=\"https:\/\/platform.twitter.com\/widgets.js\" charset=\"utf-8\"><\/script><\/p>\n<blockquote class=\"twitter-tweet\" data-width=\"550\" data-dnt=\"true\">\n<p lang=\"de\" dir=\"ltr\">Wir freuen uns \u00fcber\u2026<br \/>\u2022 1 Million Ausgaben im <a href=\"https:\/\/twitter.com\/hashtag\/Zeitungsportal?src=hash&amp;ref_src=twsrc%5Etfw\">#Zeitungsportal<\/a>! \u2728<br \/>\u2022 neue Datenpartner: Gottfried-Wilhelm-Leibniz-Bibliothek, <a href=\"https:\/\/twitter.com\/ulbbonn?ref_src=twsrc%5Etfw\">@ulbbonn<\/a> &amp; <a href=\"https:\/\/twitter.com\/marchivum?ref_src=twsrc%5Etfw\">@MARCHIVUM<\/a><br \/>\u2022 spannende Neuzug\u00e4nge wie Hannoverschen Kurier, K\u00f6lnische Zeitung &amp; Neue Mannheimer Zeitung. Alle Infos:<a href=\"https:\/\/t.co\/pXS960ehRO\">https:\/\/t.co\/pXS960ehRO<\/a> <a href=\"https:\/\/t.co\/zMKDhVcbgV\">pic.twitter.com\/zMKDhVcbgV<\/a><\/p>\n<p>&mdash; @ddbkultur@openbiblio.social (@ddbkultur) <a href=\"https:\/\/twitter.com\/ddbkultur\/status\/1603295166118465536?ref_src=twsrc%5Etfw\">December 15, 2022<\/a><\/p><\/blockquote>\n<p><script async src=\"https:\/\/platform.twitter.com\/widgets.js\" charset=\"utf-8\"><\/script><br \/>\nhttps:\/\/twitter.com\/v_i_o_l_a\/status\/1603383790868615168<\/p>\n<blockquote class=\"twitter-tweet\" data-width=\"550\" data-dnt=\"true\">\n<p lang=\"en\" dir=\"ltr\">I profiled the Slovenian cyclist Primo\u017e Rogli\u010d and ended up with a piece about being lost and trying to find one\u2019s way in the world <a href=\"https:\/\/t.co\/G2PQmmTCjM\">https:\/\/t.co\/G2PQmmTCjM<\/a><\/p>\n<p>&mdash; kate wagner (@mcmansionhell) <a href=\"https:\/\/twitter.com\/mcmansionhell\/status\/1407442432996691968?ref_src=twsrc%5Etfw\">June 22, 2021<\/a><\/p><\/blockquote>\n<p><script async src=\"https:\/\/platform.twitter.com\/widgets.js\" charset=\"utf-8\"><\/script><\/p>\n<blockquote class=\"twitter-tweet\" data-width=\"550\" data-dnt=\"true\">\n<p lang=\"en\" dir=\"ltr\">The sound that came out of my mouth when I opened this book to scan the barcode for weeding\u2026 <a href=\"https:\/\/t.co\/uIRDPz7ffr\">pic.twitter.com\/uIRDPz7ffr<\/a><\/p>\n<p>&mdash; Claire St. Olafian (@clairebearian) <a href=\"https:\/\/twitter.com\/clairebearian\/status\/1602758898565251072?ref_src=twsrc%5Etfw\">December 13, 2022<\/a><\/p><\/blockquote>\n<p><script async src=\"https:\/\/platform.twitter.com\/widgets.js\" charset=\"utf-8\"><\/script><\/p>\n<blockquote class=\"twitter-tweet\" data-width=\"550\" data-dnt=\"true\">\n<p lang=\"de\" dir=\"ltr\">Dass die Welt kompliziert ist, versaut eine Menge guter Takes auf Twitter. <a href=\"https:\/\/twitter.com\/hashtag\/twittersophie?src=hash&amp;ref_src=twsrc%5Etfw\">#twittersophie<\/a><\/p>\n<p>&mdash; jhermes (@spinfocl) <a href=\"https:\/\/twitter.com\/spinfocl\/status\/1603142724235968514?ref_src=twsrc%5Etfw\">December 14, 2022<\/a><\/p><\/blockquote>\n<p><script async src=\"https:\/\/platform.twitter.com\/widgets.js\" charset=\"utf-8\"><\/script><br \/>\nhttps:\/\/twitter.com\/v_i_o_l_a\/status\/1603384344957128706<\/p>\n<blockquote class=\"twitter-tweet\" data-width=\"550\" data-dnt=\"true\">\n<p lang=\"de\" dir=\"ltr\">Olli Schulz hat neulich in <a href=\"https:\/\/twitter.com\/hashtag\/festundflauschig?src=hash&amp;ref_src=twsrc%5Etfw\">#festundflauschig<\/a> den zweiten Roman einer Autorin empfohlen. Klang super, habe aber Namen und Titel vergessen und suche mir einen Wolf. Erinnert jemand was?<\/p>\n<p>&mdash; Christian (@ProfHibou) <a href=\"https:\/\/twitter.com\/ProfHibou\/status\/1603116893828702212?ref_src=twsrc%5Etfw\">December 14, 2022<\/a><\/p><\/blockquote>\n<p><script async src=\"https:\/\/platform.twitter.com\/widgets.js\" charset=\"utf-8\"><\/script><br \/>\nhttps:\/\/twitter.com\/v_i_o_l_a\/status\/1603384495347990529<\/p>\n<blockquote class=\"twitter-tweet\" data-width=\"550\" data-dnt=\"true\">\n<p lang=\"de\" dir=\"ltr\">Unter dem Titel &quot;Alles online \u2013 alles easy \u2013 oder doch nicht?&quot; ver\u00f6ffentlicht Christoph Albers in @obibJournal  einen klugen Diskussionsbeitrag zur Nutzung von Zeitungsartikeln nach dem Kahlschlag durch das <a href=\"https:\/\/twitter.com\/hashtag\/UrhWissG?src=hash&amp;ref_src=twsrc%5Etfw\">#UrhWissG<\/a><a href=\"https:\/\/t.co\/Ec8NtY8JO8\">https:\/\/t.co\/Ec8NtY8JO8<\/a><\/p>\n<p>&mdash; Andreas Kozlik (@kozlik.bsky.social) (@kozlik_bk) <a href=\"https:\/\/twitter.com\/kozlik_bk\/status\/1602769115596427264?ref_src=twsrc%5Etfw\">December 13, 2022<\/a><\/p><\/blockquote>\n<p><script async src=\"https:\/\/platform.twitter.com\/widgets.js\" charset=\"utf-8\"><\/script><br \/>\nhttps:\/\/twitter.com\/v_i_o_l_a\/status\/1603399535560216577<\/p>\n<blockquote class=\"twitter-tweet\" data-width=\"550\" data-dnt=\"true\">\n<p lang=\"de\" dir=\"ltr\">\u2026 eine erste runde FachBlog-posts f\u00fcr januar (in einem fall konnte ich das sch\u00f6ne [aber nicht normierte] schlagwort &quot;fr\u00f6hlichkeit&quot; vergeben). au\u00dferdem habe ich in unserem internen blog wieder einige neuzug\u00e4nge und links aus buch- &amp; bibliothekswesen vermeldet. <a href=\"https:\/\/twitter.com\/hashtag\/fachreferat?src=hash&amp;ref_src=twsrc%5Etfw\">#fachreferat<\/a> <a href=\"https:\/\/t.co\/bOFVJWQbVh\">pic.twitter.com\/bOFVJWQbVh<\/a><\/p>\n<p>&mdash; viola vo\u00df (@v_i_o_l_a) <a href=\"https:\/\/twitter.com\/v_i_o_l_a\/status\/1603400238114512897?ref_src=twsrc%5Etfw\">December 15, 2022<\/a><\/p><\/blockquote>\n<p><script async src=\"https:\/\/platform.twitter.com\/widgets.js\" charset=\"utf-8\"><\/script><\/p>\n<blockquote class=\"twitter-tweet\" data-width=\"550\" data-dnt=\"true\">\n<p lang=\"de\" dir=\"ltr\">Is there a better German word than Wackelkontakt?<\/p>\n<p>&mdash; Maurice Frank (@mauricetfrank) <a href=\"https:\/\/twitter.com\/mauricetfrank\/status\/1602909614609420291?ref_src=twsrc%5Etfw\">December 14, 2022<\/a><\/p><\/blockquote>\n<p><script async src=\"https:\/\/platform.twitter.com\/widgets.js\" charset=\"utf-8\"><\/script><\/p>\n<blockquote class=\"twitter-tweet\" data-width=\"550\" data-dnt=\"true\">\n<p lang=\"de\" dir=\"ltr\">Oh, the replies! (And my favorite is Fingerspitzengef\u00fchl) <a href=\"https:\/\/t.co\/8lRoXc00zo\">https:\/\/t.co\/8lRoXc00zo<\/a><\/p>\n<p>&mdash; Jeff (Gutenberg Parenthesis) Jarvis (@jeffjarvis) <a href=\"https:\/\/twitter.com\/jeffjarvis\/status\/1603397444376600576?ref_src=twsrc%5Etfw\">December 15, 2022<\/a><\/p><\/blockquote>\n<p><script async src=\"https:\/\/platform.twitter.com\/widgets.js\" charset=\"utf-8\"><\/script><\/p>\n<blockquote class=\"twitter-tweet\" data-width=\"550\" data-dnt=\"true\">\n<p lang=\"en\" dir=\"ltr\">I am biased because I\u2018m German, but my all-time-favourite is a much shorter one: \u201edoch\u201c<br \/>So useful!<\/p>\n<p>&mdash; Susie Klickerklacker (@SueKlicker) <a href=\"https:\/\/twitter.com\/SueKlicker\/status\/1603108311452246018?ref_src=twsrc%5Etfw\">December 14, 2022<\/a><\/p><\/blockquote>\n<p><script async src=\"https:\/\/platform.twitter.com\/widgets.js\" charset=\"utf-8\"><\/script><br \/>\nhttps:\/\/twitter.com\/v_i_o_l_a\/status\/1603438202366431232<\/p>\n<blockquote class=\"twitter-tweet\" data-width=\"550\" data-dnt=\"true\">\n<p lang=\"en\" dir=\"ltr\">Or just no bread in the house<\/p>\n<p>&mdash; Brennholzverleih Feufeu (@_Catonaut_) <a href=\"https:\/\/twitter.com\/_Catonaut_\/status\/1603265724465782787?ref_src=twsrc%5Etfw\">December 15, 2022<\/a><\/p><\/blockquote>\n<p><script async src=\"https:\/\/platform.twitter.com\/widgets.js\" charset=\"utf-8\"><\/script><\/p>\n<blockquote class=\"twitter-tweet\" data-width=\"550\" data-dnt=\"true\">\n<p lang=\"en\" dir=\"ltr\">What I like is, the Englisch Word Overthinking means, way too much thinking &#8211; the quite exact translated word \u00dcberdenken means just reconsider&#8230;there is no work for overthinking in German language<\/p>\n<p>&mdash; hans meiserle (@me_hans) <a href=\"https:\/\/twitter.com\/me_hans\/status\/1603295091413639169?ref_src=twsrc%5Etfw\">December 15, 2022<\/a><\/p><\/blockquote>\n<p><script async src=\"https:\/\/platform.twitter.com\/widgets.js\" charset=\"utf-8\"><\/script><br \/>\nhttps:\/\/twitter.com\/v_i_o_l_a\/status\/1603438463222693890<\/p>\n<blockquote class=\"twitter-tweet\" data-width=\"550\" data-dnt=\"true\">\n<p lang=\"en\" dir=\"ltr\">&quot;On joining <a href=\"https:\/\/twitter.com\/hashtag\/Mastodon?src=hash&amp;ref_src=twsrc%5Etfw\">#Mastodon<\/a>&quot; by <a href=\"https:\/\/twitter.com\/jeffjarvis?ref_src=twsrc%5Etfw\">@jeffjarvis<\/a>: <a href=\"https:\/\/t.co\/kDAe0Lid6t\">https:\/\/t.co\/kDAe0Lid6t<\/a><\/p>\n<p>&mdash; viola vo\u00df (@v_i_o_l_a) <a href=\"https:\/\/twitter.com\/v_i_o_l_a\/status\/1603438919932067840?ref_src=twsrc%5Etfw\">December 15, 2022<\/a><\/p><\/blockquote>\n<p><script async src=\"https:\/\/platform.twitter.com\/widgets.js\" charset=\"utf-8\"><\/script><\/p>\n<blockquote class=\"twitter-tweet\" data-width=\"550\" data-dnt=\"true\">\n<p lang=\"en\" dir=\"ltr\">Tried to use the Shutterfly mobile app to design my Christmas cards. Selected the wrong photo from my camera roll so now I have 90 of these. <a href=\"https:\/\/t.co\/QrxUQUillP\">pic.twitter.com\/QrxUQUillP<\/a><\/p>\n<p>&mdash; Dan White (@atdanwhite) <a href=\"https:\/\/twitter.com\/atdanwhite\/status\/1603062980832174082?ref_src=twsrc%5Etfw\">December 14, 2022<\/a><\/p><\/blockquote>\n<p><script async src=\"https:\/\/platform.twitter.com\/widgets.js\" charset=\"utf-8\"><\/script><\/p>\n<blockquote class=\"twitter-tweet\" data-width=\"550\" data-dnt=\"true\">\n<p lang=\"en\" dir=\"ltr\">A frosty cold December morning<a href=\"https:\/\/twitter.com\/hashtag\/snow?src=hash&amp;ref_src=twsrc%5Etfw\">#snow<\/a> <a href=\"https:\/\/twitter.com\/hashtag\/nftphotography?src=hash&amp;ref_src=twsrc%5Etfw\">#nftphotography<\/a> <a href=\"https:\/\/twitter.com\/hashtag\/WINTER?src=hash&amp;ref_src=twsrc%5Etfw\">#WINTER<\/a> <a href=\"https:\/\/t.co\/cZ2EaZM78A\">pic.twitter.com\/cZ2EaZM78A<\/a><\/p>\n<p>&mdash; Mark Robert Davey (@kramtreboryevad) <a href=\"https:\/\/twitter.com\/kramtreboryevad\/status\/1603344858072350720?ref_src=twsrc%5Etfw\">December 15, 2022<\/a><\/p><\/blockquote>\n<p><script async src=\"https:\/\/platform.twitter.com\/widgets.js\" charset=\"utf-8\"><\/script><\/p>\n<blockquote class=\"twitter-tweet\" data-width=\"550\" data-dnt=\"true\">\n<p lang=\"de\" dir=\"ltr\">Wenn die Welt mal untergehen sollte, m\u00f6chte ich, dass Neuseeland \u00fcbrig bleibt. <a href=\"https:\/\/t.co\/9INHyToRmJ\">https:\/\/t.co\/9INHyToRmJ<\/a><\/p>\n<p>&mdash; Budsen he\/him Faschist (@BodoMdB) <a href=\"https:\/\/twitter.com\/BodoMdB\/status\/1603379819621896202?ref_src=twsrc%5Etfw\">December 15, 2022<\/a><\/p><\/blockquote>\n<p><script async src=\"https:\/\/platform.twitter.com\/widgets.js\" charset=\"utf-8\"><\/script><\/p>\n<blockquote class=\"twitter-tweet\" data-width=\"550\" data-dnt=\"true\">\n<p lang=\"en\" dir=\"ltr\">I don\u2019t think I\u2019ve ever had more second hand embarrassment than I do right now after seeing Trump\u2019s \u201cmajor announcement.\u201d <a href=\"https:\/\/t.co\/GPCnotXboW\">pic.twitter.com\/GPCnotXboW<\/a><\/p>\n<p>&mdash; Brian Tyler Cohen (@briantylercohen) <a href=\"https:\/\/twitter.com\/briantylercohen\/status\/1603422911762604032?ref_src=twsrc%5Etfw\">December 15, 2022<\/a><\/p><\/blockquote>\n<p><script async src=\"https:\/\/platform.twitter.com\/widgets.js\" charset=\"utf-8\"><\/script><\/p>\n<blockquote class=\"twitter-tweet\" data-width=\"550\" data-dnt=\"true\">\n<p lang=\"de\" dir=\"ltr\">Wie sexy und elegant kann ein Bagger? W\u00fcrde er am Ende einen Baum pflanzen, w\u00e4re auch der Romantik-Aspekt abgedeckt. <a href=\"https:\/\/t.co\/bdq1lO4qUK\">https:\/\/t.co\/bdq1lO4qUK<\/a><\/p>\n<p>&mdash; Janina Albertina (@designmobility) <a href=\"https:\/\/twitter.com\/designmobility\/status\/1603057033644843008?ref_src=twsrc%5Etfw\">December 14, 2022<\/a><\/p><\/blockquote>\n<p><script async src=\"https:\/\/platform.twitter.com\/widgets.js\" charset=\"utf-8\"><\/script><\/p>\n<blockquote class=\"twitter-tweet\" data-width=\"550\" data-dnt=\"true\">\n<p lang=\"en\" dir=\"ltr\">Finnish operator Renkivain is an excavator perfectionist: their videos show the extreme and satisfying vituosity achieved with a volvo-ewr150e and its different tools<\/p>\n<p>[videos: <a href=\"https:\/\/t.co\/2KyDWWFM5r\">https:\/\/t.co\/2KyDWWFM5r<\/a>] <a href=\"https:\/\/t.co\/klElJJcCno\">pic.twitter.com\/klElJJcCno<\/a><\/p>\n<p>&mdash; Massimo (@Rainmaker1973) <a href=\"https:\/\/twitter.com\/Rainmaker1973\/status\/1597923474127060992?ref_src=twsrc%5Etfw\">November 30, 2022<\/a><\/p><\/blockquote>\n<p><script async src=\"https:\/\/platform.twitter.com\/widgets.js\" charset=\"utf-8\"><\/script><br \/>\nhttps:\/\/twitter.com\/v_i_o_l_a\/status\/1603487246585323532<br \/>\nhttps:\/\/twitter.com\/v_i_o_l_a\/status\/1603487317972242432<br \/>\nhttps:\/\/twitter.com\/v_i_o_l_a\/status\/1603487406967119897<br \/>\nhttps:\/\/twitter.com\/v_i_o_l_a\/status\/1603487576433778700<\/p>\n<blockquote class=\"twitter-tweet\" data-width=\"550\" data-dnt=\"true\">\n<p lang=\"de\" dir=\"ltr\">Neuer Blogbeitrag [zweisprachig]: Zur\u00fcck in die Zukunft: Was es Erstaunliches in einem Futurologie-Zettelkasten aus den 1980er-Jahren zu entdecken gibt | @SemAntiKast <a href=\"https:\/\/twitter.com\/hashtag\/Bibliotheken?src=hash&amp;ref_src=twsrc%5Etfw\">#Bibliotheken<\/a> <a href=\"https:\/\/twitter.com\/hashtag\/Digitalisierung?src=hash&amp;ref_src=twsrc%5Etfw\">#Digitalisierung<\/a> <a href=\"https:\/\/twitter.com\/hashtag\/Zukunftforschung?src=hash&amp;ref_src=twsrc%5Etfw\">#Zukunftforschung<\/a> <a href=\"https:\/\/t.co\/tXnuVRFZeU\">https:\/\/t.co\/tXnuVRFZeU<\/a><\/p>\n<p>&mdash; ZBW MediaTalk (@ZBW_MediaTalk) <a href=\"https:\/\/twitter.com\/ZBW_MediaTalk\/status\/1603389560360243205?ref_src=twsrc%5Etfw\">December 15, 2022<\/a><\/p><\/blockquote>\n<p><script async src=\"https:\/\/platform.twitter.com\/widgets.js\" charset=\"utf-8\"><\/script><br \/>\nhttps:\/\/twitter.com\/v_i_o_l_a\/status\/1603489288074797061<\/p>\n<blockquote class=\"twitter-tweet\" data-width=\"550\" data-dnt=\"true\">\n<p lang=\"de\" dir=\"ltr\">Gerade offiziell gelaunched: Die virtuellen Forschungsumgebung zur Brandenburgisch-Preu\u00dfischen Kunstkammer &#8211; &quot;Das Fenster zur Natur und Kunst&quot; vom Objekt zur Quelle, von der Quelle zum Objekt <a href=\"https:\/\/twitter.com\/mfnberlin?ref_src=twsrc%5Etfw\">@mfnberlin<\/a> <a href=\"https:\/\/twitter.com\/HumboldtUni?ref_src=twsrc%5Etfw\">@HumboldtUni<\/a> SMB <a href=\"https:\/\/twitter.com\/kulturSPK?ref_src=twsrc%5Etfw\">@kulturSPK<\/a> <a href=\"https:\/\/twitter.com\/hashtag\/BerlinerKunstkammer?src=hash&amp;ref_src=twsrc%5Etfw\">#BerlinerKunstkammer<\/a> <a href=\"https:\/\/t.co\/6hM7ttxUxY\">https:\/\/t.co\/6hM7ttxUxY<\/a> 1\/4 <a href=\"https:\/\/t.co\/6H9HbbLE6j\">pic.twitter.com\/6H9HbbLE6j<\/a><\/p>\n<p>&mdash; Sabine von Mering (@SvMering) <a href=\"https:\/\/twitter.com\/SvMering\/status\/1603388945382998018?ref_src=twsrc%5Etfw\">December 15, 2022<\/a><\/p><\/blockquote>\n<p><script async src=\"https:\/\/platform.twitter.com\/widgets.js\" charset=\"utf-8\"><\/script><br \/>\nhttps:\/\/twitter.com\/v_i_o_l_a\/status\/1603489930507870208<\/p>\n<blockquote class=\"twitter-tweet\" data-width=\"550\" data-dnt=\"true\">\n<p lang=\"en\" dir=\"ltr\">Our landing page finally went online!<a href=\"https:\/\/t.co\/WvB50MRygT\">https:\/\/t.co\/WvB50MRygT<\/a> <\/p>\n<p>Check it out, register for our newsletter, and be part of our journey to revolutionize the scientific publication economy. <\/p>\n<p>Rethinking Scientific Publishing<\/p>\n<p>&mdash; OpenSci (@OpenSci_net) <a href=\"https:\/\/twitter.com\/OpenSci_net\/status\/1594287896663674881?ref_src=twsrc%5Etfw\">November 20, 2022<\/a><\/p><\/blockquote>\n<p><script async src=\"https:\/\/platform.twitter.com\/widgets.js\" charset=\"utf-8\"><\/script><\/p>\n<blockquote class=\"twitter-tweet\" data-width=\"550\" data-dnt=\"true\">\n<p lang=\"de\" dir=\"ltr\">besser als umgekehrt <a href=\"https:\/\/t.co\/daTv8ewCtI\">pic.twitter.com\/daTv8ewCtI<\/a><\/p>\n<p>&mdash; Tobi Altehenger (@altehenger) <a href=\"https:\/\/twitter.com\/altehenger\/status\/1603384472908570624?ref_src=twsrc%5Etfw\">December 15, 2022<\/a><\/p><\/blockquote>\n<p><script async src=\"https:\/\/platform.twitter.com\/widgets.js\" charset=\"utf-8\"><\/script><\/p>\n<blockquote class=\"twitter-tweet\" data-width=\"550\" data-dnt=\"true\">\n<p lang=\"de\" dir=\"ltr\">Wir bringen die Open Access Community zusammen: Am 28.03.2023 findet das n\u00e4chste Open Access Barcamp statt, vor Ort in Konstanz. Bei dem offenen Format k\u00f6nnen alle in den Austausch miteinander treten, sich vernetzen und voneinander lernen <a href=\"https:\/\/t.co\/g1otbKo8Zk\">https:\/\/t.co\/g1otbKo8Zk<\/a>  <a href=\"https:\/\/twitter.com\/hashtag\/OABarcamp23?src=hash&amp;ref_src=twsrc%5Etfw\">#OABarcamp23<\/a> <a href=\"https:\/\/t.co\/XaQKGdsXMT\">pic.twitter.com\/XaQKGdsXMT<\/a><\/p>\n<p>&mdash; open-access.network (@openaccessnet) <a href=\"https:\/\/twitter.com\/openaccessnet\/status\/1603381330414297088?ref_src=twsrc%5Etfw\">December 15, 2022<\/a><\/p><\/blockquote>\n<p><script async src=\"https:\/\/platform.twitter.com\/widgets.js\" charset=\"utf-8\"><\/script><\/p>\n<blockquote class=\"twitter-tweet\" data-width=\"550\" data-dnt=\"true\">\n<p lang=\"de\" dir=\"ltr\">&quot;Die Katzen halten keinen f\u00fcr eloquent, der nicht miauen kann.&quot; (Marie von Ebner-Eschenbach (1830\u20131916))<\/p>\n<p>&mdash; viola vo\u00df (@v_i_o_l_a) <a href=\"https:\/\/twitter.com\/v_i_o_l_a\/status\/1603498741763284993?ref_src=twsrc%5Etfw\">December 15, 2022<\/a><\/p><\/blockquote>\n<p><script async src=\"https:\/\/platform.twitter.com\/widgets.js\" charset=\"utf-8\"><\/script><\/p>\n","protected":false},"excerpt":{"rendered":"<p>&#39;morgen! &mdash; viola vo\u00df (@v_i_o_l_a) December 15, 2022 \u201eSieht aus, wie wenn eine #Katze \u00fcber die #Tastatur gelaufen ist\u201c, sagte mal eine Indogermanistin scherzhaft-liebevoll \u00fcber die exotische Sprache unseres Artikels des Tages https:\/\/t.co\/JY20gXSwMs pic.twitter.com\/4WI7qFRvDs &mdash; Digitales W\u00f6rterbuch der deutschen Sprache (@dwds_de) December 15, 2022 https:\/\/twitter.com\/v_i_o_l_a\/status\/1603286577521754113 im adventskalender der @WWU_Muenster gibts heute ULB-content, sozusagen: https:\/\/t.co\/RvJ6w4jb8I #nachlass [&hellip;]<\/p>\n","protected":false},"author":1,"featured_media":0,"comment_status":"open","ping_status":"open","sticky":false,"template":"","format":"standard","meta":{"footnotes":""},"categories":[36],"tags":[],"class_list":["post-13619","post","type-post","status-publish","format-standard","hentry","category-twitter"],"_links":{"self":[{"href":"https:\/\/www.x-v-x.de\/blog\/index.php?rest_route=\/wp\/v2\/posts\/13619","targetHints":{"allow":["GET"]}}],"collection":[{"href":"https:\/\/www.x-v-x.de\/blog\/index.php?rest_route=\/wp\/v2\/posts"}],"about":[{"href":"https:\/\/www.x-v-x.de\/blog\/index.php?rest_route=\/wp\/v2\/types\/post"}],"author":[{"embeddable":true,"href":"https:\/\/www.x-v-x.de\/blog\/index.php?rest_route=\/wp\/v2\/users\/1"}],"replies":[{"embeddable":true,"href":"https:\/\/www.x-v-x.de\/blog\/index.php?rest_route=%2Fwp%2Fv2%2Fcomments&post=13619"}],"version-history":[{"count":0,"href":"https:\/\/www.x-v-x.de\/blog\/index.php?rest_route=\/wp\/v2\/posts\/13619\/revisions"}],"wp:attachment":[{"href":"https:\/\/www.x-v-x.de\/blog\/index.php?rest_route=%2Fwp%2Fv2%2Fmedia&parent=13619"}],"wp:term":[{"taxonomy":"category","embeddable":true,"href":"https:\/\/www.x-v-x.de\/blog\/index.php?rest_route=%2Fwp%2Fv2%2Fcategories&post=13619"},{"taxonomy":"post_tag","embeddable":true,"href":"https:\/\/www.x-v-x.de\/blog\/index.php?rest_route=%2Fwp%2Fv2%2Ftags&post=13619"}],"curies":[{"name":"wp","href":"https:\/\/api.w.org\/{rel}","templated":true}]}}