{"id":13944,"date":"2023-06-30T14:30:25","date_gmt":"2023-06-30T12:30:25","guid":{"rendered":"https:\/\/www.x-v-x.de\/blog\/?p=13944"},"modified":"2023-07-21T14:30:38","modified_gmt":"2023-07-21T12:30:38","slug":"tweets-2023-06-29","status":"publish","type":"post","link":"https:\/\/www.x-v-x.de\/blog\/?p=13944","title":{"rendered":"tweets | 2023-06-29"},"content":{"rendered":"<blockquote class=\"twitter-tweet\" data-width=\"550\" data-dnt=\"true\">\n<p lang=\"nl\" dir=\"ltr\">&#39;morgen!<\/p>\n<p>&mdash; viola vo\u00df (@v_i_o_l_a) <a href=\"https:\/\/twitter.com\/v_i_o_l_a\/status\/1674272778260738049?ref_src=twsrc%5Etfw\">June 29, 2023<\/a><\/p><\/blockquote>\n<p><script async src=\"https:\/\/platform.twitter.com\/widgets.js\" charset=\"utf-8\"><\/script><\/p>\n<blockquote class=\"twitter-tweet\" data-width=\"550\" data-dnt=\"true\">\n<p lang=\"de\" dir=\"ltr\"><a href=\"https:\/\/twitter.com\/hashtag\/Spezialeffekte?src=hash&amp;ref_src=twsrc%5Etfw\">#Spezialeffekte<\/a> gab es im <a href=\"https:\/\/twitter.com\/hashtag\/Theater?src=hash&amp;ref_src=twsrc%5Etfw\">#Theater<\/a> schon zu <a href=\"https:\/\/twitter.com\/hashtag\/Shakespeare?src=hash&amp;ref_src=twsrc%5Etfw\">#Shakespeare<\/a>\u200bs Zeiten. Nicht immer ging das gut. <a href=\"https:\/\/twitter.com\/hashtag\/Vorsicht?src=hash&amp;ref_src=twsrc%5Etfw\">#Vorsicht<\/a>, Hochexplosiv\u200bes im Artikel des Tages <a href=\"https:\/\/t.co\/0EON2csX9B\">https:\/\/t.co\/0EON2csX9B<\/a> <a href=\"https:\/\/t.co\/u5QLNIxXIG\">pic.twitter.com\/u5QLNIxXIG<\/a><\/p>\n<p>&mdash; Digitales W\u00f6rterbuch der deutschen Sprache (@dwds_de) <a href=\"https:\/\/twitter.com\/dwds_de\/status\/1674273990536318976?ref_src=twsrc%5Etfw\">June 29, 2023<\/a><\/p><\/blockquote>\n<p><script async src=\"https:\/\/platform.twitter.com\/widgets.js\" charset=\"utf-8\"><\/script><br \/>\nhttps:\/\/twitter.com\/v_i_o_l_a\/status\/1674274752993656833<\/p>\n<blockquote class=\"twitter-tweet\" data-width=\"550\" data-dnt=\"true\">\n<p lang=\"en\" dir=\"ltr\">And the prize for Latin word of the day goes to this beauty in Cod.Sang.111 p. 352, which I read as \u2018innenarrabilitudinitatibus\u2019. What makes it even better is that it appears in a prayer about pigs. <a href=\"https:\/\/t.co\/HxOLy230Fu\">pic.twitter.com\/HxOLy230Fu<\/a><\/p>\n<p>&mdash; Sam Ottewill-Soulsby (@sottewillsoulsb) <a href=\"https:\/\/twitter.com\/sottewillsoulsb\/status\/1674065045737598977?ref_src=twsrc%5Etfw\">June 28, 2023<\/a><\/p><\/blockquote>\n<p><script async src=\"https:\/\/platform.twitter.com\/widgets.js\" charset=\"utf-8\"><\/script><\/p>\n<blockquote class=\"twitter-tweet\" data-width=\"550\" data-dnt=\"true\">\n<p lang=\"en\" dir=\"ltr\">1940s vision of food delivery future. <a href=\"https:\/\/t.co\/f8Qw5sgU4v\">pic.twitter.com\/f8Qw5sgU4v<\/a><\/p>\n<p>&mdash; The Museum of Curiosities (@CuriosMuseum) <a href=\"https:\/\/twitter.com\/CuriosMuseum\/status\/1673647586052374528?ref_src=twsrc%5Etfw\">June 27, 2023<\/a><\/p><\/blockquote>\n<p><script async src=\"https:\/\/platform.twitter.com\/widgets.js\" charset=\"utf-8\"><\/script><\/p>\n<blockquote class=\"twitter-tweet\" data-width=\"550\" data-dnt=\"true\">\n<p lang=\"en\" dir=\"ltr\">In 1959, a coffee maker was an optional extra in Volkswagen cars. <a href=\"https:\/\/t.co\/s4wusNgSCZ\">pic.twitter.com\/s4wusNgSCZ<\/a><\/p>\n<p>&mdash; The Museum of Curiosities (@CuriosMuseum) <a href=\"https:\/\/twitter.com\/CuriosMuseum\/status\/1672922745363898368?ref_src=twsrc%5Etfw\">June 25, 2023<\/a><\/p><\/blockquote>\n<p><script async src=\"https:\/\/platform.twitter.com\/widgets.js\" charset=\"utf-8\"><\/script><\/p>\n<blockquote class=\"twitter-tweet\" data-width=\"550\" data-dnt=\"true\">\n<p lang=\"de\" dir=\"ltr\">Was mich ja v\u00f6llig fasziniert, ist dieser assoziative, kryptische Stil, in dem viele Leserbriefe und lange Onlinekommentare \u00e4lterer Menschen gehalten sind, die sich sehr sicher sind, Recht zu haben.<\/p>\n<p>&mdash; Matthias Warkus (@derwahremawa) <a href=\"https:\/\/twitter.com\/derwahremawa\/status\/1450052082803875845?ref_src=twsrc%5Etfw\">October 18, 2021<\/a><\/p><\/blockquote>\n<p><script async src=\"https:\/\/platform.twitter.com\/widgets.js\" charset=\"utf-8\"><\/script><\/p>\n<blockquote class=\"twitter-tweet\" data-width=\"550\" data-dnt=\"true\">\n<p lang=\"de\" dir=\"ltr\">Hier mal ein stilistisch noch vergleichsweise harmloses Beispiel. <a href=\"https:\/\/t.co\/G95dRgOvGP\">pic.twitter.com\/G95dRgOvGP<\/a><\/p>\n<p>&mdash; Matthias Warkus (@derwahremawa) <a href=\"https:\/\/twitter.com\/derwahremawa\/status\/1451096317195923457?ref_src=twsrc%5Etfw\">October 21, 2021<\/a><\/p><\/blockquote>\n<p><script async src=\"https:\/\/platform.twitter.com\/widgets.js\" charset=\"utf-8\"><\/script><br \/>\nhttps:\/\/twitter.com\/v_i_o_l_a\/status\/1674292861351743489<br \/>\nhttps:\/\/twitter.com\/v_i_o_l_a\/status\/1674302913437396993<br \/>\nhttps:\/\/twitter.com\/v_i_o_l_a\/status\/1674304121187229697<br \/>\nhttps:\/\/twitter.com\/v_i_o_l_a\/status\/1674306184474402816<\/p>\n<blockquote class=\"twitter-tweet\" data-width=\"550\" data-dnt=\"true\">\n<p lang=\"en\" dir=\"ltr\">&quot;Appraisal Made Easy (If Only\u2026): A Day in the Life of an Appraisal Archivist&quot; <a href=\"https:\/\/twitter.com\/EdUniLibraries?ref_src=twsrc%5Etfw\">@EdUniLibraries<\/a>: <a href=\"https:\/\/t.co\/M8SHM0w9Sf\">https:\/\/t.co\/M8SHM0w9Sf<\/a><\/p>\n<p>&mdash; viola vo\u00df (@v_i_o_l_a) <a href=\"https:\/\/twitter.com\/v_i_o_l_a\/status\/1674308426183090178?ref_src=twsrc%5Etfw\">June 29, 2023<\/a><\/p><\/blockquote>\n<p><script async src=\"https:\/\/platform.twitter.com\/widgets.js\" charset=\"utf-8\"><\/script><\/p>\n<blockquote class=\"twitter-tweet\" data-width=\"550\" data-dnt=\"true\">\n<p lang=\"de\" dir=\"ltr\">&quot;Handlungskonzept zu Social Media und Geschlecht in der Offenen Kinder- und Jugendarbeit&quot; <a href=\"https:\/\/t.co\/m51xujUUVa\">https:\/\/t.co\/m51xujUUVa<\/a><\/p>\n<p>&mdash; viola vo\u00df (@v_i_o_l_a) <a href=\"https:\/\/twitter.com\/v_i_o_l_a\/status\/1674310831507644417?ref_src=twsrc%5Etfw\">June 29, 2023<\/a><\/p><\/blockquote>\n<p><script async src=\"https:\/\/platform.twitter.com\/widgets.js\" charset=\"utf-8\"><\/script><\/p>\n<blockquote class=\"twitter-tweet\" data-width=\"550\" data-dnt=\"true\">\n<p lang=\"de\" dir=\"ltr\">Es gibt eine offizielle Bezeichnung f\u00fcr die narrischen f\u00fcnf Minuten: Frenetic random activity periods \ud83d\ude00 <a href=\"https:\/\/t.co\/vayC1hNlop\">https:\/\/t.co\/vayC1hNlop<\/a><\/p>\n<p>&mdash; Monika Bargmann (@librarymistress) <a href=\"https:\/\/twitter.com\/librarymistress\/status\/1674311086365978624?ref_src=twsrc%5Etfw\">June 29, 2023<\/a><\/p><\/blockquote>\n<p><script async src=\"https:\/\/platform.twitter.com\/widgets.js\" charset=\"utf-8\"><\/script><\/p>\n<blockquote class=\"twitter-tweet\" data-width=\"550\" data-dnt=\"true\">\n<p lang=\"de\" dir=\"ltr\">&quot;Datenrichtlinien zu Forschungsdaten in bibliothekswissenschaftlichen Zeitschriften&quot; <a href=\"https:\/\/t.co\/JGhkybL2k1\">https:\/\/t.co\/JGhkybL2k1<\/a> (Folien zu einem Vortrag beim 1. \u00d6sterreichischen Bibliothekskongress 2023)<\/p>\n<p>&mdash; viola vo\u00df (@v_i_o_l_a) <a href=\"https:\/\/twitter.com\/v_i_o_l_a\/status\/1674311359889014784?ref_src=twsrc%5Etfw\">June 29, 2023<\/a><\/p><\/blockquote>\n<p><script async src=\"https:\/\/platform.twitter.com\/widgets.js\" charset=\"utf-8\"><\/script><\/p>\n<blockquote class=\"twitter-tweet\" data-width=\"550\" data-dnt=\"true\">\n<p lang=\"en\" dir=\"ltr\">How I feel when my paper is accepted for publication <a href=\"https:\/\/t.co\/oxeVxuhRHB\">pic.twitter.com\/oxeVxuhRHB<\/a><\/p>\n<p>&mdash; Daniel Gould, MD, PhD (@DJGould94) <a href=\"https:\/\/twitter.com\/DJGould94\/status\/1655757747844161536?ref_src=twsrc%5Etfw\">May 9, 2023<\/a><\/p><\/blockquote>\n<p><script async src=\"https:\/\/platform.twitter.com\/widgets.js\" charset=\"utf-8\"><\/script><\/p>\n<blockquote class=\"twitter-tweet\" data-width=\"550\" data-dnt=\"true\">\n<p lang=\"en\" dir=\"ltr\"><a href=\"https:\/\/twitter.com\/hashtag\/DidYouKnow?src=hash&amp;ref_src=twsrc%5Etfw\">#DidYouKnow<\/a> that Kimberlin Library has a large collection of fiction, graphic novels, &amp; biographies in our Leisure Reading Collection? Genres include thrillers, classics &amp; fantasy so take some time away from those textbooks and read for pleasure <a href=\"https:\/\/t.co\/8YSJzp4mcw\">https:\/\/t.co\/8YSJzp4mcw<\/a> <a href=\"https:\/\/t.co\/K3mTFb8is5\">pic.twitter.com\/K3mTFb8is5<\/a><\/p>\n<p>&mdash; DMU Library (@LibraryDMU) <a href=\"https:\/\/twitter.com\/LibraryDMU\/status\/1674342152216649730?ref_src=twsrc%5Etfw\">June 29, 2023<\/a><\/p><\/blockquote>\n<p><script async src=\"https:\/\/platform.twitter.com\/widgets.js\" charset=\"utf-8\"><\/script><\/p>\n<blockquote class=\"twitter-tweet\" data-width=\"550\" data-dnt=\"true\">\n<p lang=\"de\" dir=\"ltr\">Wir verleihen nicht nur B\u00fccher, manchmal schreiben wir auch welche. <a href=\"https:\/\/t.co\/3QIDKnzxFf\">https:\/\/t.co\/3QIDKnzxFf<\/a><\/p>\n<p>&mdash; B\u00fcchereien Wien (@buechereiwien) <a href=\"https:\/\/twitter.com\/buechereiwien\/status\/1674401624880455680?ref_src=twsrc%5Etfw\">June 29, 2023<\/a><\/p><\/blockquote>\n<p><script async src=\"https:\/\/platform.twitter.com\/widgets.js\" charset=\"utf-8\"><\/script><\/p>\n<blockquote class=\"twitter-tweet\" data-width=\"550\" data-dnt=\"true\">\n<p lang=\"de\" dir=\"ltr\">Armin Maiwald, der Erfinder der &quot;Sendung mit der Maus&quot; ist zu Gast bei <a href=\"https:\/\/twitter.com\/hashtag\/allesgesagt?src=hash&amp;ref_src=twsrc%5Etfw\">#allesgesagt<\/a>. Beim ZEIT-ONLINE-Podcastfestival in Berlin kritisierte er die Kommerzialisierung des Kinderfernsehens \u2013 und <a href=\"https:\/\/twitter.com\/Jochen?ref_src=twsrc%5Etfw\">@jochen<\/a> und <a href=\"https:\/\/twitter.com\/ch_amend?ref_src=twsrc%5Etfw\">@ch_amend<\/a> sangen mit ihm das M\u00fcllabfuhr-Lied. <a href=\"https:\/\/t.co\/r9oVgHSjCQ\">https:\/\/t.co\/r9oVgHSjCQ<\/a><\/p>\n<p>&mdash; ZEIT ONLINE (@zeitonline) <a href=\"https:\/\/twitter.com\/zeitonline\/status\/1674349746004082689?ref_src=twsrc%5Etfw\">June 29, 2023<\/a><\/p><\/blockquote>\n<p><script async src=\"https:\/\/platform.twitter.com\/widgets.js\" charset=\"utf-8\"><\/script><br \/>\nhttps:\/\/twitter.com\/v_i_o_l_a\/status\/1674461600349138950<\/p>\n<blockquote class=\"twitter-tweet\" data-width=\"550\" data-dnt=\"true\">\n<p lang=\"de\" dir=\"ltr\">Heute luden das Centrum f\u00fcr Demografie und Diversit\u00e4t (CDD) der <a href=\"https:\/\/twitter.com\/hashtag\/TUDresden?src=hash&amp;ref_src=twsrc%5Etfw\">#TUDresden<\/a> und das Statistische Landesamt des Freistaates <a href=\"https:\/\/twitter.com\/hashtag\/Sachsen?src=hash&amp;ref_src=twsrc%5Etfw\">#Sachsen<\/a> (StLA) zum 8. S\u00e4chsischen <a href=\"https:\/\/twitter.com\/hashtag\/Datensalon?src=hash&amp;ref_src=twsrc%5Etfw\">#Datensalon<\/a> zum Thema <a href=\"https:\/\/twitter.com\/hashtag\/FakeNews?src=hash&amp;ref_src=twsrc%5Etfw\">#FakeNews<\/a> \u2013 Perspektiven von Wissenschaft, Politik und Gesellschaft in den S\u00e4chsischen <a href=\"https:\/\/twitter.com\/hashtag\/Landtag?src=hash&amp;ref_src=twsrc%5Etfw\">#Landtag<\/a> ein.\u2026 <a href=\"https:\/\/t.co\/a5B5xNvNin\">pic.twitter.com\/a5B5xNvNin<\/a><\/p>\n<p>&mdash; Innenministerium Sachsen (@SMIsachsen) <a href=\"https:\/\/twitter.com\/SMIsachsen\/status\/1674417830035591169?ref_src=twsrc%5Etfw\">June 29, 2023<\/a><\/p><\/blockquote>\n<p><script async src=\"https:\/\/platform.twitter.com\/widgets.js\" charset=\"utf-8\"><\/script><\/p>\n<blockquote class=\"twitter-tweet\" data-width=\"550\" data-dnt=\"true\">\n<p lang=\"de\" dir=\"ltr\">Es tut sich was! Bericht vom 2. Arbeitstreffen der AG <a href=\"https:\/\/twitter.com\/hashtag\/GNDCommunity?src=hash&amp;ref_src=twsrc%5Etfw\">#GNDCommunity<\/a> Empowerment im Text+ Blog erschienen: <a href=\"https:\/\/t.co\/U2sunwC1w4\">https:\/\/t.co\/U2sunwC1w4<\/a> <a href=\"https:\/\/twitter.com\/hashtag\/GND?src=hash&amp;ref_src=twsrc%5Etfw\">#GND<\/a> <a href=\"https:\/\/t.co\/jT159gS6we\">pic.twitter.com\/jT159gS6we<\/a><\/p>\n<p>&mdash; Text+ Forschungsdateninfrastruktur (@Textplus_NFDI) <a href=\"https:\/\/twitter.com\/Textplus_NFDI\/status\/1674308635764174849?ref_src=twsrc%5Etfw\">June 29, 2023<\/a><\/p><\/blockquote>\n<p><script async src=\"https:\/\/platform.twitter.com\/widgets.js\" charset=\"utf-8\"><\/script><\/p>\n<blockquote class=\"twitter-tweet\" data-width=\"550\" data-dnt=\"true\">\n<p lang=\"de\" dir=\"ltr\">ein neuzugang f\u00fcr meine bibliotheks-und-umzu-<a href=\"https:\/\/twitter.com\/hashtag\/maskottchen?src=hash&amp;ref_src=twsrc%5Etfw\">#maskottchen<\/a>-sammlung: &quot;Staubmaus Laurenz&quot; aus d\u00fcsseldorf: <a href=\"https:\/\/t.co\/mkMcy58VZp\">https:\/\/t.co\/mkMcy58VZp<\/a><\/p>\n<p>&mdash; viola vo\u00df (@v_i_o_l_a) <a href=\"https:\/\/twitter.com\/v_i_o_l_a\/status\/1674484526402117643?ref_src=twsrc%5Etfw\">June 29, 2023<\/a><\/p><\/blockquote>\n<p><script async src=\"https:\/\/platform.twitter.com\/widgets.js\" charset=\"utf-8\"><\/script><\/p>\n<blockquote class=\"twitter-tweet\" data-width=\"550\" data-dnt=\"true\">\n<p lang=\"de\" dir=\"ltr\">Heute mal wieder <a href=\"https:\/\/twitter.com\/teresabuecker?ref_src=twsrc%5Etfw\">@teresabuecker<\/a> in einem Podcast \u00fcber Zeit reden h\u00f6ren und die ganze Zeit gedacht: Stimmt! So ist es! <br \/>Deswegen lassen ich nochmal die Visualisierung der 4-in-einem-Perspektive nach Frigga Haug hier f\u00fcr euch zum Nachdenken. <a href=\"https:\/\/t.co\/nWPVrTeSXm\">pic.twitter.com\/nWPVrTeSXm<\/a><\/p>\n<p>&mdash; Nadine Ro\u00dfa (@nadrosia) <a href=\"https:\/\/twitter.com\/nadrosia\/status\/1669067926928801797?ref_src=twsrc%5Etfw\">June 14, 2023<\/a><\/p><\/blockquote>\n<p><script async src=\"https:\/\/platform.twitter.com\/widgets.js\" charset=\"utf-8\"><\/script><\/p>\n<blockquote class=\"twitter-tweet\" data-width=\"550\" data-dnt=\"true\">\n<p lang=\"de\" dir=\"ltr\">Schneller Self-Care Checkin f\u00fcr euch. <a href=\"https:\/\/t.co\/fpEcslHMUj\">pic.twitter.com\/fpEcslHMUj<\/a><\/p>\n<p>&mdash; Nadine Ro\u00dfa (@nadrosia) <a href=\"https:\/\/twitter.com\/nadrosia\/status\/1668924778361638912?ref_src=twsrc%5Etfw\">June 14, 2023<\/a><\/p><\/blockquote>\n<p><script async src=\"https:\/\/platform.twitter.com\/widgets.js\" charset=\"utf-8\"><\/script><\/p>\n<blockquote class=\"twitter-tweet\" data-width=\"550\" data-dnt=\"true\">\n<p lang=\"de\" dir=\"ltr\">&quot;Wenn Design-Student:innen die Bibliothek neu denken \u2013 Ein neues Leitsystem f\u00fcr die Bibliotheken der FH JOANNEUM&quot; <a href=\"https:\/\/t.co\/eG1CwrOA2s\">https:\/\/t.co\/eG1CwrOA2s<\/a> (Folien zu einem Vortrag auf dem 1. \u00d6sterreichischen Bibliothekskongress 2023) <a href=\"https:\/\/twitter.com\/hashtag\/Leitsystem?src=hash&amp;ref_src=twsrc%5Etfw\">#Leitsystem<\/a> <a href=\"https:\/\/twitter.com\/hashtag\/UX?src=hash&amp;ref_src=twsrc%5Etfw\">#UX<\/a><\/p>\n<p>&mdash; viola vo\u00df (@v_i_o_l_a) <a href=\"https:\/\/twitter.com\/v_i_o_l_a\/status\/1674489399994613761?ref_src=twsrc%5Etfw\">June 29, 2023<\/a><\/p><\/blockquote>\n<p><script async src=\"https:\/\/platform.twitter.com\/widgets.js\" charset=\"utf-8\"><\/script><br \/>\nhttps:\/\/twitter.com\/v_i_o_l_a\/status\/1674491945568071683<\/p>\n<blockquote class=\"twitter-tweet\" data-width=\"550\" data-dnt=\"true\">\n<p lang=\"de\" dir=\"ltr\">Wenn man die Lesebrille nicht aufhat und auf dem Stadtplan &quot;Elchamt&quot; statt &quot;Eichamt&quot; liest<\/p>\n<p>&mdash; Sabria David (@meta_blum) <a href=\"https:\/\/twitter.com\/meta_blum\/status\/1674442064136744963?ref_src=twsrc%5Etfw\">June 29, 2023<\/a><\/p><\/blockquote>\n<p><script async src=\"https:\/\/platform.twitter.com\/widgets.js\" charset=\"utf-8\"><\/script><\/p>\n<blockquote class=\"twitter-tweet\" data-width=\"550\" data-dnt=\"true\">\n<p lang=\"en\" dir=\"ltr\">A classic <a href=\"https:\/\/twitter.com\/hashtag\/LIBER23Necessity?src=hash&amp;ref_src=twsrc%5Etfw\">#LIBER23Necessity<\/a> from <a href=\"https:\/\/twitter.com\/michelle__breen?ref_src=twsrc%5Etfw\">@michelle__breen<\/a> &#8211; staying fully charged is vital for three days of conferencing! <\/p>\n<p>What&#39;s the essential item that will be making the trip with you to <a href=\"https:\/\/twitter.com\/hashtag\/Budapest?src=hash&amp;ref_src=twsrc%5Etfw\">#Budapest<\/a>? <\/p>\n<p>Let us know and you could win a prize! <a href=\"https:\/\/t.co\/FHYv3SmiWm\">https:\/\/t.co\/FHYv3SmiWm<\/a> <a href=\"https:\/\/t.co\/WQgDAvhRD3\">https:\/\/t.co\/WQgDAvhRD3<\/a><\/p>\n<p>&mdash; LIBER Conference (@LIBERconference) <a href=\"https:\/\/twitter.com\/LIBERconference\/status\/1674470198869368851?ref_src=twsrc%5Etfw\">June 29, 2023<\/a><\/p><\/blockquote>\n<p><script async src=\"https:\/\/platform.twitter.com\/widgets.js\" charset=\"utf-8\"><\/script><br \/>\nhttps:\/\/twitter.com\/v_i_o_l_a\/status\/1674499578702229511<br \/>\nhttps:\/\/twitter.com\/v_i_o_l_a\/status\/1674499885880561664<\/p>\n<blockquote class=\"twitter-tweet\" data-width=\"550\" data-dnt=\"true\">\n<p lang=\"en\" dir=\"ltr\">Does anyone know why a Yorker is called a Yorker? <a href=\"https:\/\/twitter.com\/DanielHarris?ref_src=twsrc%5Etfw\">@DanielHarris<\/a><\/p>\n<p>&mdash; Dr Sam Willis (@DrSamWillis) <a href=\"https:\/\/twitter.com\/DrSamWillis\/status\/1674422004748017670?ref_src=twsrc%5Etfw\">June 29, 2023<\/a><\/p><\/blockquote>\n<p><script async src=\"https:\/\/platform.twitter.com\/widgets.js\" charset=\"utf-8\"><\/script><br \/>\nhttps:\/\/twitter.com\/v_i_o_l_a\/status\/1674500291419426821<\/p>\n<blockquote class=\"twitter-tweet\" data-width=\"550\" data-dnt=\"true\">\n<p lang=\"de\" dir=\"ltr\">Ihr habt euch schon so manches Mal \u00fcber den (vermeintlich) hohen Preis von einem Buch ge\u00e4rgert? Die Kurt Wolff Stiftung hat eine schicke Grafik erstellt, die die Kosten eines Buches grob  aufschl\u00fcsselt (hinzu kommen je nach Titel noch \u00dcberse Lizenkosten). <a href=\"https:\/\/t.co\/7TJh1d7H66\">pic.twitter.com\/7TJh1d7H66<\/a><\/p>\n<p>&mdash; Unrast Verlag (@UnrastV) <a href=\"https:\/\/twitter.com\/UnrastV\/status\/1674382461554286596?ref_src=twsrc%5Etfw\">June 29, 2023<\/a><\/p><\/blockquote>\n<p><script async src=\"https:\/\/platform.twitter.com\/widgets.js\" charset=\"utf-8\"><\/script><\/p>\n<blockquote class=\"twitter-tweet\" data-width=\"550\" data-dnt=\"true\">\n<p lang=\"und\" dir=\"ltr\">cc @BookStudies_WWU <a href=\"https:\/\/t.co\/2ix1XTMutl\">https:\/\/t.co\/2ix1XTMutl<\/a><\/p>\n<p>&mdash; viola vo\u00df (@v_i_o_l_a) <a href=\"https:\/\/twitter.com\/v_i_o_l_a\/status\/1674500768504639496?ref_src=twsrc%5Etfw\">June 29, 2023<\/a><\/p><\/blockquote>\n<p><script async src=\"https:\/\/platform.twitter.com\/widgets.js\" charset=\"utf-8\"><\/script><\/p>\n<blockquote class=\"twitter-tweet\" data-width=\"550\" data-dnt=\"true\">\n<p lang=\"en\" dir=\"ltr\"><a href=\"https:\/\/twitter.com\/hashtag\/SelmaLagerl%C3%B6f?src=hash&amp;ref_src=twsrc%5Etfw\">#SelmaLagerl\u00f6f<\/a> was the first woman to win a Nobel Prize in literature. Read our blog to learn more about her and two other queer women writers who broke barriers within their communities <br \/>\u27a1\ufe0f<a href=\"https:\/\/t.co\/uVeY84aBNm\">https:\/\/t.co\/uVeY84aBNm<\/a><a href=\"https:\/\/twitter.com\/hashtag\/PrideMonth?src=hash&amp;ref_src=twsrc%5Etfw\">#PrideMonth<\/a> <a href=\"https:\/\/twitter.com\/hashtag\/QueerHistory?src=hash&amp;ref_src=twsrc%5Etfw\">#QueerHistory<\/a> <a href=\"https:\/\/twitter.com\/hashtag\/WomenWriters?src=hash&amp;ref_src=twsrc%5Etfw\">#WomenWriters<\/a> <a href=\"https:\/\/t.co\/4KMWBqPxPT\">pic.twitter.com\/4KMWBqPxPT<\/a><\/p>\n<p>&mdash; Europeana (@Europeanaeu) <a href=\"https:\/\/twitter.com\/Europeanaeu\/status\/1674337658850668544?ref_src=twsrc%5Etfw\">June 29, 2023<\/a><\/p><\/blockquote>\n<p><script async src=\"https:\/\/platform.twitter.com\/widgets.js\" charset=\"utf-8\"><\/script><\/p>\n<blockquote class=\"twitter-tweet\" data-width=\"550\" data-dnt=\"true\">\n<p lang=\"de\" dir=\"ltr\">Wissenschaft im Jahr 2023: \u201eAufsatzkopien d\u00fcrfen ab dem 01.08.2021 nicht mehr elektronisch zugestellt werden.\u201c Sie werden also gescannt an meine Bib. geschickt, die sie ausdruckt. Ich hole sie dort (mit Zeit- und Wegekosten) ab und scanne sie sofort wieder ein.<\/p>\n<p>&mdash; Fabian Michl (@FabianMichl) <a href=\"https:\/\/twitter.com\/FabianMichl\/status\/1674343715035389954?ref_src=twsrc%5Etfw\">June 29, 2023<\/a><\/p><\/blockquote>\n<p><script async src=\"https:\/\/platform.twitter.com\/widgets.js\" charset=\"utf-8\"><\/script><\/p>\n<blockquote class=\"twitter-tweet\" data-width=\"550\" data-dnt=\"true\">\n<p lang=\"de\" dir=\"ltr\">Die <a href=\"https:\/\/twitter.com\/hashtag\/TourdeFrance?src=hash&amp;ref_src=twsrc%5Etfw\">#TourdeFrance<\/a> startet 1. Juli. Ein internat. Team von Geowissenschaftlern &#8211; <a href=\"https:\/\/twitter.com\/geotdf?ref_src=twsrc%5Etfw\">@geotdf<\/a> &#8211; erkl\u00e4rt die geologischen Besonderheiten jeder Etappe f\u00fcr Interessierte und Journalist*innen. Unter dem Hashtag <a href=\"https:\/\/twitter.com\/hashtag\/GeoTdF?src=hash&amp;ref_src=twsrc%5Etfw\">#GeoTdF<\/a> kann man zudem Fotos teilen und Fragen stellen. <a href=\"https:\/\/t.co\/o9KIO2A4ZP\">https:\/\/t.co\/o9KIO2A4ZP<\/a><\/p>\n<p>&mdash; Universit\u00e4t M\u00fcnster (@uni_muenster) <a href=\"https:\/\/twitter.com\/uni_muenster\/status\/1674368361482932225?ref_src=twsrc%5Etfw\">June 29, 2023<\/a><\/p><\/blockquote>\n<p><script async src=\"https:\/\/platform.twitter.com\/widgets.js\" charset=\"utf-8\"><\/script><br \/>\nhttps:\/\/twitter.com\/v_i_o_l_a\/status\/1674501848684720149<br \/>\nhttps:\/\/twitter.com\/v_i_o_l_a\/status\/1674501895627370529<\/p>\n<blockquote class=\"twitter-tweet\" data-width=\"550\" data-dnt=\"true\">\n<p lang=\"de\" dir=\"ltr\">Heute wurde in Erfurt die <a href=\"https:\/\/twitter.com\/hashtag\/Digitalstrategie?src=hash&amp;ref_src=twsrc%5Etfw\">#Digitalstrategie<\/a> f\u00fcr die Th\u00fcringer Kultur vorgestellt. Die ThULB unterst\u00fctzt als <a href=\"https:\/\/twitter.com\/hashtag\/Landesdigitalisierungszentrum?src=hash&amp;ref_src=twsrc%5Etfw\">#Landesdigitalisierungszentrum<\/a> die digitale Transformation in Th\u00fcringer Kultureinrichtungen. Reinschauen lohnt sich: <a href=\"https:\/\/t.co\/VjL7R5GHed\">https:\/\/t.co\/VjL7R5GHed<\/a> <a href=\"https:\/\/twitter.com\/thueringende?ref_src=twsrc%5Etfw\">@thueringende<\/a> <a href=\"https:\/\/twitter.com\/UniJena?ref_src=twsrc%5Etfw\">@UniJena<\/a> <a href=\"https:\/\/t.co\/9GR1dw5k24\">pic.twitter.com\/9GR1dw5k24<\/a><\/p>\n<p>&mdash; ThULB Jena (@ThulbJena) <a href=\"https:\/\/twitter.com\/ThulbJena\/status\/1674358273091223553?ref_src=twsrc%5Etfw\">June 29, 2023<\/a><\/p><\/blockquote>\n<p><script async src=\"https:\/\/platform.twitter.com\/widgets.js\" charset=\"utf-8\"><\/script><\/p>\n<blockquote class=\"twitter-tweet\" data-width=\"550\" data-dnt=\"true\">\n<p lang=\"de\" dir=\"ltr\">And the winner is\u2026 <a href=\"https:\/\/t.co\/Jos1JHM7R9\">https:\/\/t.co\/Jos1JHM7R9<\/a> und <a href=\"https:\/\/t.co\/dmQLG7PuEq\">https:\/\/t.co\/dmQLG7PuEq<\/a>! Die Schweizer Plattformen f\u00fcr historische Handschriften und Drucke gewannen Gold beim Best of Swiss Web 2023-Award. <a href=\"https:\/\/t.co\/FJFfO8BVnD\">https:\/\/t.co\/FJFfO8BVnD<\/a> <a href=\"https:\/\/twitter.com\/ZBZuerich?ref_src=twsrc%5Etfw\">@ZBZuerich<\/a> <a href=\"https:\/\/twitter.com\/Staatsarchiv_BS?ref_src=twsrc%5Etfw\">@Staatsarchiv_BS<\/a> <a href=\"https:\/\/twitter.com\/bernensia_ub?ref_src=twsrc%5Etfw\">@bernensia_ub<\/a> <a href=\"https:\/\/twitter.com\/ETHBibliothek?ref_src=twsrc%5Etfw\">@ETHBibliothek<\/a> <a href=\"https:\/\/t.co\/9TgcQ27Ahi\">pic.twitter.com\/9TgcQ27Ahi<\/a><\/p>\n<p>&mdash; UB Basel (@UBBasel) <a href=\"https:\/\/twitter.com\/UBBasel\/status\/1674355260180119553?ref_src=twsrc%5Etfw\">June 29, 2023<\/a><\/p><\/blockquote>\n<p><script async src=\"https:\/\/platform.twitter.com\/widgets.js\" charset=\"utf-8\"><\/script><\/p>\n<blockquote class=\"twitter-tweet\" data-width=\"550\" data-dnt=\"true\">\n<p lang=\"de\" dir=\"ltr\">Am Freitag (30.6.) werden neu installierte Sirenen im Norden &amp; Osten der Stadt getestet. Die Alarmierungen erfolgen zwischen 11 und 14 Uhr. Zwischen den Entwarnungen und der eigentlichen Warnung werden einige Minuten verstreichen. <a href=\"https:\/\/twitter.com\/Feuerwehr_MS?ref_src=twsrc%5Etfw\">@Feuerwehr_MS<\/a> <br \/>\u27a1\ufe0f<a href=\"https:\/\/t.co\/vHamgiBuxh\">https:\/\/t.co\/vHamgiBuxh<\/a> <a href=\"https:\/\/t.co\/fzksaN8ApC\">pic.twitter.com\/fzksaN8ApC<\/a><\/p>\n<p>&mdash; Stadt M\u00fcnster (@muenster_de) <a href=\"https:\/\/twitter.com\/muenster_de\/status\/1674331331424141312?ref_src=twsrc%5Etfw\">June 29, 2023<\/a><\/p><\/blockquote>\n<p><script async src=\"https:\/\/platform.twitter.com\/widgets.js\" charset=\"utf-8\"><\/script><\/p>\n<blockquote class=\"twitter-tweet\" data-width=\"550\" data-dnt=\"true\">\n<p lang=\"de\" dir=\"ltr\">Was der Drosten kann, das k\u00f6nnen die Skandinavist:innen auch! <a href=\"https:\/\/twitter.com\/SvSchnurbein?ref_src=twsrc%5Etfw\">@SvSchnurbein<\/a> \u00fcber ihre Motivation bei <a href=\"https:\/\/twitter.com\/ex_geist?ref_src=twsrc%5Etfw\">@ex_geist<\/a> zu podcasten. Die Folgen sind Gespr\u00e4che mit Kolleg:innen von 90-120 Minuten, die auch in der Lehre eingesetzt werden. <a href=\"https:\/\/t.co\/HFX0qDIWW1\">https:\/\/t.co\/HFX0qDIWW1<\/a> <a href=\"https:\/\/twitter.com\/hashtag\/dehypoPodcasts?src=hash&amp;ref_src=twsrc%5Etfw\">#dehypoPodcasts<\/a><\/p>\n<p>&mdash; @dehypotheses@fedihum.org (@dehypotheses) <a href=\"https:\/\/twitter.com\/dehypotheses\/status\/1674327808250724353?ref_src=twsrc%5Etfw\">June 29, 2023<\/a><\/p><\/blockquote>\n<p><script async src=\"https:\/\/platform.twitter.com\/widgets.js\" charset=\"utf-8\"><\/script><\/p>\n","protected":false},"excerpt":{"rendered":"<p>&#39;morgen! &mdash; viola vo\u00df (@v_i_o_l_a) June 29, 2023 #Spezialeffekte gab es im #Theater schon zu #Shakespeare\u200bs Zeiten. Nicht immer ging das gut. #Vorsicht, Hochexplosiv\u200bes im Artikel des Tages https:\/\/t.co\/0EON2csX9B pic.twitter.com\/u5QLNIxXIG &mdash; Digitales W\u00f6rterbuch der deutschen Sprache (@dwds_de) June 29, 2023 https:\/\/twitter.com\/v_i_o_l_a\/status\/1674274752993656833 And the prize for Latin word of the day goes to this beauty in [&hellip;]<\/p>\n","protected":false},"author":1,"featured_media":0,"comment_status":"open","ping_status":"open","sticky":false,"template":"","format":"standard","meta":{"footnotes":""},"categories":[36],"tags":[],"class_list":["post-13944","post","type-post","status-publish","format-standard","hentry","category-twitter"],"_links":{"self":[{"href":"https:\/\/www.x-v-x.de\/blog\/index.php?rest_route=\/wp\/v2\/posts\/13944","targetHints":{"allow":["GET"]}}],"collection":[{"href":"https:\/\/www.x-v-x.de\/blog\/index.php?rest_route=\/wp\/v2\/posts"}],"about":[{"href":"https:\/\/www.x-v-x.de\/blog\/index.php?rest_route=\/wp\/v2\/types\/post"}],"author":[{"embeddable":true,"href":"https:\/\/www.x-v-x.de\/blog\/index.php?rest_route=\/wp\/v2\/users\/1"}],"replies":[{"embeddable":true,"href":"https:\/\/www.x-v-x.de\/blog\/index.php?rest_route=%2Fwp%2Fv2%2Fcomments&post=13944"}],"version-history":[{"count":0,"href":"https:\/\/www.x-v-x.de\/blog\/index.php?rest_route=\/wp\/v2\/posts\/13944\/revisions"}],"wp:attachment":[{"href":"https:\/\/www.x-v-x.de\/blog\/index.php?rest_route=%2Fwp%2Fv2%2Fmedia&parent=13944"}],"wp:term":[{"taxonomy":"category","embeddable":true,"href":"https:\/\/www.x-v-x.de\/blog\/index.php?rest_route=%2Fwp%2Fv2%2Fcategories&post=13944"},{"taxonomy":"post_tag","embeddable":true,"href":"https:\/\/www.x-v-x.de\/blog\/index.php?rest_route=%2Fwp%2Fv2%2Ftags&post=13944"}],"curies":[{"name":"wp","href":"https:\/\/api.w.org\/{rel}","templated":true}]}}