{"id":14467,"date":"2024-04-15T09:43:12","date_gmt":"2024-04-15T07:43:12","guid":{"rendered":"https:\/\/www.x-v-x.de\/blog\/?p=14467"},"modified":"2024-07-14T09:44:13","modified_gmt":"2024-07-14T07:44:13","slug":"tweets-2024-kw-15","status":"publish","type":"post","link":"https:\/\/www.x-v-x.de\/blog\/?p=14467","title":{"rendered":"tweets | 2024 kw 15"},"content":{"rendered":"<blockquote class=\"twitter-tweet\" data-width=\"550\" data-dnt=\"true\">\n<p lang=\"nl\" dir=\"ltr\">&#39;morgen!<\/p>\n<p>&mdash; viola vo\u00df (@v_i_o_l_a) <a href=\"https:\/\/twitter.com\/v_i_o_l_a\/status\/1777190089350652118?ref_src=twsrc%5Etfw\">April 8, 2024<\/a><\/p><\/blockquote>\n<p><script async src=\"https:\/\/platform.twitter.com\/widgets.js\" charset=\"utf-8\"><\/script><\/p>\n<blockquote class=\"twitter-tweet\" data-width=\"550\" data-dnt=\"true\">\n<p lang=\"de\" dir=\"ltr\">Aus unseren Neuerwerbungen \u2013 Anglistik 2024.4 <a href=\"https:\/\/t.co\/eC1qTaixgG\">https:\/\/t.co\/eC1qTaixgG<\/a><\/p>\n<p>&mdash; ULB_MS_FachInfo (@ULB_MS_FachInfo) <a href=\"https:\/\/twitter.com\/ULB_MS_FachInfo\/status\/1777216085856526700?ref_src=twsrc%5Etfw\">April 8, 2024<\/a><\/p><\/blockquote>\n<p><script async src=\"https:\/\/platform.twitter.com\/widgets.js\" charset=\"utf-8\"><\/script><\/p>\n<blockquote class=\"twitter-tweet\" data-width=\"550\" data-dnt=\"true\">\n<p lang=\"de\" dir=\"ltr\">Aus unseren Neuerwerbungen \u2013 Romanistik 2024.4 <a href=\"https:\/\/t.co\/GCD4q43oyU\">https:\/\/t.co\/GCD4q43oyU<\/a><\/p>\n<p>&mdash; ULB_MS_FachInfo (@ULB_MS_FachInfo) <a href=\"https:\/\/twitter.com\/ULB_MS_FachInfo\/status\/1776128901321748519?ref_src=twsrc%5Etfw\">April 5, 2024<\/a><\/p><\/blockquote>\n<p><script async src=\"https:\/\/platform.twitter.com\/widgets.js\" charset=\"utf-8\"><\/script><\/p>\n<blockquote class=\"twitter-tweet\" data-width=\"550\" data-dnt=\"true\">\n<p lang=\"de\" dir=\"ltr\">Aus unseren Neuerwerbungen \u2013 Slavistik 2024.4 <a href=\"https:\/\/t.co\/mEyXhHFoir\">https:\/\/t.co\/mEyXhHFoir<\/a><\/p>\n<p>&mdash; ULB_MS_FachInfo (@ULB_MS_FachInfo) <a href=\"https:\/\/twitter.com\/ULB_MS_FachInfo\/status\/1776128898763297038?ref_src=twsrc%5Etfw\">April 5, 2024<\/a><\/p><\/blockquote>\n<p><script async src=\"https:\/\/platform.twitter.com\/widgets.js\" charset=\"utf-8\"><\/script><\/p>\n<blockquote class=\"twitter-tweet\" data-width=\"550\" data-dnt=\"true\">\n<p lang=\"de\" dir=\"ltr\">Buntes aus Westfalen \u2013 \u201eTeenage Mutant Ninja Hero Turtles\u201c <a href=\"https:\/\/t.co\/XK7jH0Bh9C\">https:\/\/t.co\/XK7jH0Bh9C<\/a><\/p>\n<p>&mdash; ULB_MS_FachInfo (@ULB_MS_FachInfo) <a href=\"https:\/\/twitter.com\/ULB_MS_FachInfo\/status\/1776128895965622411?ref_src=twsrc%5Etfw\">April 5, 2024<\/a><\/p><\/blockquote>\n<p><script async src=\"https:\/\/platform.twitter.com\/widgets.js\" charset=\"utf-8\"><\/script><\/p>\n<blockquote class=\"twitter-tweet\" data-width=\"550\" data-dnt=\"true\">\n<p lang=\"de\" dir=\"ltr\">Unterst\u00fctzung zum Thema <a href=\"https:\/\/twitter.com\/hashtag\/WissenschaftlichesSchreiben?src=hash&amp;ref_src=twsrc%5Etfw\">#WissenschaftlichesSchreiben<\/a> f\u00fcr Studierende und Promovierende der <a href=\"https:\/\/twitter.com\/uni_muenster?ref_src=twsrc%5Etfw\">@uni_muenster<\/a>: Ab dem 10.4. bietet das Schreib-Lese-Zentrum mittwochs 10\u201311:30 Uhr individuelle Schreibberatung im Erdgeschoss-Lesesaal der Zentralbibliothek an!<a href=\"https:\/\/t.co\/0jdOKMtxyn\">https:\/\/t.co\/0jdOKMtxyn<\/a><\/p>\n<p>&mdash; ULB_MS_FachInfo (@ULB_MS_FachInfo) <a href=\"https:\/\/twitter.com\/ULB_MS_FachInfo\/status\/1777281346114642206?ref_src=twsrc%5Etfw\">April 8, 2024<\/a><\/p><\/blockquote>\n<p><script async src=\"https:\/\/platform.twitter.com\/widgets.js\" charset=\"utf-8\"><\/script><\/p>\n<blockquote class=\"twitter-tweet\" data-width=\"550\" data-dnt=\"true\">\n<p lang=\"de\" dir=\"ltr\">Die ausgebildeten Schreibberater*innen des Schreib-Lese-Zentrums (SLZ) beraten und begleiten in 1:1-Gespr\u00e4chen zu allen Phasen des Schreibprozesses und bei Unsicherheiten zu sprachlichem Ausdruck und wissenschaftlichem Stil.<\/p>\n<p>&mdash; ULB_MS_FachInfo (@ULB_MS_FachInfo) <a href=\"https:\/\/twitter.com\/ULB_MS_FachInfo\/status\/1777281436199891264?ref_src=twsrc%5Etfw\">April 8, 2024<\/a><\/p><\/blockquote>\n<p><script async src=\"https:\/\/platform.twitter.com\/widgets.js\" charset=\"utf-8\"><\/script><\/p>\n<blockquote class=\"twitter-tweet\" data-width=\"550\" data-dnt=\"true\">\n<p lang=\"de\" dir=\"ltr\"><a href=\"https:\/\/twitter.com\/hashtag\/TIL?src=hash&amp;ref_src=twsrc%5Etfw\">#TIL<\/a>: es gibt eine zeitschrift f\u00fcr &quot;mensch-puppen-diskurse&quot;, herausgegeben an der uni siegen: <a href=\"https:\/\/t.co\/v2Wibbraxv\">https:\/\/t.co\/v2Wibbraxv<\/a> <a href=\"https:\/\/twitter.com\/hashtag\/wissenschaft?src=hash&amp;ref_src=twsrc%5Etfw\">#wissenschaft<\/a> <a href=\"https:\/\/twitter.com\/hashtag\/interdisziplin%C3%A4r?src=hash&amp;ref_src=twsrc%5Etfw\">#interdisziplin\u00e4r<\/a><\/p>\n<p>&mdash; viola vo\u00df (@v_i_o_l_a) <a href=\"https:\/\/twitter.com\/v_i_o_l_a\/status\/1777283798968807472?ref_src=twsrc%5Etfw\">April 8, 2024<\/a><\/p><\/blockquote>\n<p><script async src=\"https:\/\/platform.twitter.com\/widgets.js\" charset=\"utf-8\"><\/script><br \/>\nhttps:\/\/twitter.com\/v_i_o_l_a\/status\/1777283897618800754<\/p>\n<blockquote class=\"twitter-tweet\" data-width=\"550\" data-dnt=\"true\">\n<p lang=\"de\" dir=\"ltr\">&quot;&quot;Entweder du liest eine Frau, oder du umarmst ein Buch, beides zugleich geht nicht. Jetzt aber ist Junggesellenzeit \u2013 umarmen wir ein Buch.&quot;<br \/>(Kurt Tucholsky, 1890-1935)<br \/>[via <a href=\"https:\/\/t.co\/QGYSjlEg7D\">https:\/\/t.co\/QGYSjlEg7D<\/a>]<\/p>\n<p>&mdash; viola vo\u00df (@v_i_o_l_a) <a href=\"https:\/\/twitter.com\/v_i_o_l_a\/status\/1777386158739108003?ref_src=twsrc%5Etfw\">April 8, 2024<\/a><\/p><\/blockquote>\n<p><script async src=\"https:\/\/platform.twitter.com\/widgets.js\" charset=\"utf-8\"><\/script><br \/>\nhttps:\/\/twitter.com\/v_i_o_l_a\/status\/1777386169640026279<\/p>\n<blockquote class=\"twitter-tweet\" data-width=\"550\" data-dnt=\"true\">\n<p lang=\"nl\" dir=\"ltr\">&#39;morgen!<\/p>\n<p>&mdash; viola vo\u00df (@v_i_o_l_a) <a href=\"https:\/\/twitter.com\/v_i_o_l_a\/status\/1777576871510622664?ref_src=twsrc%5Etfw\">April 9, 2024<\/a><\/p><\/blockquote>\n<p><script async src=\"https:\/\/platform.twitter.com\/widgets.js\" charset=\"utf-8\"><\/script><\/p>\n<blockquote class=\"twitter-tweet\" data-width=\"550\" data-dnt=\"true\">\n<p lang=\"de\" dir=\"ltr\">&quot;Es ist nicht entscheidend, was man verdient, sondern welcher Sache man dient.&quot; (Loriot)<br \/>[via <a href=\"https:\/\/t.co\/QGYSjlEg7D\">https:\/\/t.co\/QGYSjlEg7D<\/a>]<\/p>\n<p>&mdash; viola vo\u00df (@v_i_o_l_a) <a href=\"https:\/\/twitter.com\/v_i_o_l_a\/status\/1777576976502428035?ref_src=twsrc%5Etfw\">April 9, 2024<\/a><\/p><\/blockquote>\n<p><script async src=\"https:\/\/platform.twitter.com\/widgets.js\" charset=\"utf-8\"><\/script><br \/>\nhttps:\/\/twitter.com\/v_i_o_l_a\/status\/1777581169673937177<br \/>\nhttps:\/\/twitter.com\/v_i_o_l_a\/status\/1777583418290684019<br \/>\nhttps:\/\/twitter.com\/v_i_o_l_a\/status\/1777583427111280793<\/p>\n<blockquote class=\"twitter-tweet\" data-width=\"550\" data-dnt=\"true\">\n<p lang=\"de\" dir=\"ltr\">im aktuellen Heft der Zeitschrift &quot;Bibliothek Forschung und Praxis&quot; geht es um <a href=\"https:\/\/twitter.com\/hashtag\/Fehlerkultur?src=hash&amp;ref_src=twsrc%5Etfw\">#Fehlerkultur<\/a>: <a href=\"https:\/\/t.co\/Vv4UzFGWmt\">https:\/\/t.co\/Vv4UzFGWmt<\/a><a href=\"https:\/\/twitter.com\/hashtag\/Bibliothek?src=hash&amp;ref_src=twsrc%5Etfw\">#Bibliothek<\/a> <a href=\"https:\/\/twitter.com\/hashtag\/Fehler?src=hash&amp;ref_src=twsrc%5Etfw\">#Fehler<\/a> <a href=\"https:\/\/twitter.com\/hashtag\/Scheitern?src=hash&amp;ref_src=twsrc%5Etfw\">#Scheitern<\/a> <a href=\"https:\/\/twitter.com\/hashtag\/Misserfolg?src=hash&amp;ref_src=twsrc%5Etfw\">#Misserfolg<\/a> <a href=\"https:\/\/twitter.com\/hashtag\/Lernen?src=hash&amp;ref_src=twsrc%5Etfw\">#Lernen<\/a> <a href=\"https:\/\/twitter.com\/hashtag\/Pr%C3%A4vention?src=hash&amp;ref_src=twsrc%5Etfw\">#Pr\u00e4vention<\/a><\/p>\n<p>&mdash; viola vo\u00df (@v_i_o_l_a) <a href=\"https:\/\/twitter.com\/v_i_o_l_a\/status\/1777585688570990664?ref_src=twsrc%5Etfw\">April 9, 2024<\/a><\/p><\/blockquote>\n<p><script async src=\"https:\/\/platform.twitter.com\/widgets.js\" charset=\"utf-8\"><\/script><\/p>\n<blockquote class=\"twitter-tweet\" data-width=\"550\" data-dnt=\"true\">\n<p lang=\"de\" dir=\"ltr\">in der <a href=\"https:\/\/twitter.com\/hashtag\/verschlagwortung?src=hash&amp;ref_src=twsrc%5Etfw\">#verschlagwortung<\/a> heute: eine diss zum lukianismus i.d. renaissance, sprachwiss. betrachtungen (anti)rassistischer diskurse, science fiction mit l\u00fcgendetektor-schmetterlings-drohnen sowie bilderb\u00fccher zum anderssein und zur rettung eines apfelkuchens. <a href=\"https:\/\/twitter.com\/hashtag\/fachreferatsfreitag?src=hash&amp;ref_src=twsrc%5Etfw\">#fachreferatsfreitag<\/a> <a href=\"https:\/\/t.co\/0uwlmaSMRz\">pic.twitter.com\/0uwlmaSMRz<\/a><\/p>\n<p>&mdash; viola vo\u00df (@v_i_o_l_a) <a href=\"https:\/\/twitter.com\/v_i_o_l_a\/status\/1777606304049033611?ref_src=twsrc%5Etfw\">April 9, 2024<\/a><\/p><\/blockquote>\n<p><script async src=\"https:\/\/platform.twitter.com\/widgets.js\" charset=\"utf-8\"><\/script><br \/>\nhttps:\/\/twitter.com\/v_i_o_l_a\/status\/1777632471539912872<\/p>\n<blockquote class=\"twitter-tweet\" data-width=\"550\" data-dnt=\"true\">\n<p lang=\"de\" dir=\"ltr\">Ein Hoch auf den Buchh\u00e4ndler! Wie der &quot;Ulysses&quot; nach Hemingways Vermittlung \u00fcber die kanadisch-amerikanische Grenze geschmuggelt wird, ist eine bibliophile R\u00e4uberpistole, die ich nicht erwartet h\u00e4tte. <a href=\"https:\/\/t.co\/zcg0B5XVJp\">https:\/\/t.co\/zcg0B5XVJp<\/a><\/p>\n<p>&mdash; Doctoressa ecstatica (@_baldanders) <a href=\"https:\/\/twitter.com\/_baldanders\/status\/1777420588157436283?ref_src=twsrc%5Etfw\">April 8, 2024<\/a><\/p><\/blockquote>\n<p><script async src=\"https:\/\/platform.twitter.com\/widgets.js\" charset=\"utf-8\"><\/script><\/p>\n<blockquote class=\"twitter-tweet\" data-width=\"550\" data-dnt=\"true\">\n<p lang=\"de\" dir=\"ltr\">SWR2 Wissen: \u201eWie St\u00e4dte und D\u00f6rfer zu ihren Namen kamen \u2013 \u201eOrtsnamen sind wie Fossilien\u201c\u201c <a href=\"https:\/\/t.co\/3vBtNEA6HQ\">https:\/\/t.co\/3vBtNEA6HQ<\/a><\/p>\n<p>&mdash; ULB_MS_FachInfo (@ULB_MS_FachInfo) <a href=\"https:\/\/twitter.com\/ULB_MS_FachInfo\/status\/1777578533096767926?ref_src=twsrc%5Etfw\">April 9, 2024<\/a><\/p><\/blockquote>\n<p><script async src=\"https:\/\/platform.twitter.com\/widgets.js\" charset=\"utf-8\"><\/script><\/p>\n<blockquote class=\"twitter-tweet\" data-width=\"550\" data-dnt=\"true\">\n<p lang=\"en\" dir=\"ltr\">New on the OUPblog, George Pattison wonders what conversations would occur if Dostoevsky suddenly appeared in our modern day world.<\/p>\n<p>Read the blog post here: <a href=\"https:\/\/t.co\/r8GrdT4CSB\">https:\/\/t.co\/r8GrdT4CSB<\/a> <a href=\"https:\/\/t.co\/54jD9wyW8s\">pic.twitter.com\/54jD9wyW8s<\/a><\/p>\n<p>&mdash; Oxford Academic (@OUPAcademic) <a href=\"https:\/\/twitter.com\/OUPAcademic\/status\/1776897745233563686?ref_src=twsrc%5Etfw\">April 7, 2024<\/a><\/p><\/blockquote>\n<p><script async src=\"https:\/\/platform.twitter.com\/widgets.js\" charset=\"utf-8\"><\/script><\/p>\n<blockquote class=\"twitter-tweet\" data-width=\"550\" data-dnt=\"true\">\n<p lang=\"en\" dir=\"ltr\">In this <a href=\"https:\/\/twitter.com\/hashtag\/OUPblog?src=hash&amp;ref_src=twsrc%5Etfw\">#OUPblog<\/a> post, authors Anne H. Charity Hudley, Christine Mallinson, and Mary Bucholtz cover the themes in their latest <a href=\"https:\/\/twitter.com\/hashtag\/OA?src=hash&amp;ref_src=twsrc%5Etfw\">#OA<\/a> books, &#39;Inclusion in Linguistics&#39; and &#39;Decolonizing Linguistics&#39;.<\/p>\n<p>Read Now: <a href=\"https:\/\/t.co\/qqNWBNx0fZ\">https:\/\/t.co\/qqNWBNx0fZ<\/a> <a href=\"https:\/\/t.co\/sfhXRdMdxb\">pic.twitter.com\/sfhXRdMdxb<\/a><\/p>\n<p>&mdash; Oxford Academic (@OUPAcademic) <a href=\"https:\/\/twitter.com\/OUPAcademic\/status\/1775855845336650091?ref_src=twsrc%5Etfw\">April 4, 2024<\/a><\/p><\/blockquote>\n<p><script async src=\"https:\/\/platform.twitter.com\/widgets.js\" charset=\"utf-8\"><\/script><br \/>\nhttps:\/\/twitter.com\/v_i_o_l_a\/status\/1777778921007641016<\/p>\n<blockquote class=\"twitter-tweet\" data-width=\"550\" data-dnt=\"true\">\n<p lang=\"en\" dir=\"ltr\">To all Muslims and everyone else celebrating Eid-ul-Fitr, may you have a peaceful, happy, joyful Eid with your loved ones, family, and friends. May your good deeds, charity, and kindness during the month of Ramadan be accepted, and may this world become more peaceful and loving!<\/p>\n<p>&mdash; Masud Khokhar (@mkhokhar) <a href=\"https:\/\/twitter.com\/mkhokhar\/status\/1777733034818642042?ref_src=twsrc%5Etfw\">April 9, 2024<\/a><\/p><\/blockquote>\n<p><script async src=\"https:\/\/platform.twitter.com\/widgets.js\" charset=\"utf-8\"><\/script><\/p>\n<blockquote class=\"twitter-tweet\" data-width=\"550\" data-dnt=\"true\">\n<p lang=\"de\" dir=\"ltr\">Erfreulich: Der bei <a href=\"https:\/\/twitter.com\/transcriptweb?ref_src=twsrc%5Etfw\">@transcriptweb<\/a> erschienene Band \u201eWhere Are We Know? Orientierungen nach der Postmoderne\u201c hg. von Katharina Scheerer, Sebastian Berlich &amp; Holger Grevenbrock ist seit kurzem <a href=\"https:\/\/twitter.com\/hashtag\/openaccess?src=hash&amp;ref_src=twsrc%5Etfw\">#openaccess<\/a> verf\u00fcgbar: <a href=\"https:\/\/t.co\/udNQV44egC\">https:\/\/t.co\/udNQV44egC<\/a><\/p>\n<p>&mdash; Anna Seidel (@_AnnaSeidel) <a href=\"https:\/\/twitter.com\/_AnnaSeidel\/status\/1777678391304499339?ref_src=twsrc%5Etfw\">April 9, 2024<\/a><\/p><\/blockquote>\n<p><script async src=\"https:\/\/platform.twitter.com\/widgets.js\" charset=\"utf-8\"><\/script><\/p>\n<blockquote class=\"twitter-tweet\" data-width=\"550\" data-dnt=\"true\">\n<p lang=\"de\" dir=\"ltr\">Ich will mich ja nicht beschweren, aber in Lessings knapp 4000 <a href=\"https:\/\/twitter.com\/hashtag\/Nathan?src=hash&amp;ref_src=twsrc%5Etfw\">#Nathan<\/a>-Versen kommt das Wort &quot;doch&quot;, das keine gute Entsprechung im Englischen hat, fast 300 Mal vor.<\/p>\n<p>&mdash; Hannes Kerber (@HannesKerber) <a href=\"https:\/\/twitter.com\/HannesKerber\/status\/1777602505515430301?ref_src=twsrc%5Etfw\">April 9, 2024<\/a><\/p><\/blockquote>\n<p><script async src=\"https:\/\/platform.twitter.com\/widgets.js\" charset=\"utf-8\"><\/script><br \/>\nhttps:\/\/twitter.com\/v_i_o_l_a\/status\/1777779141036634284<br \/>\nhttps:\/\/twitter.com\/v_i_o_l_a\/status\/1777779222104113200<\/p>\n<blockquote class=\"twitter-tweet\" data-width=\"550\" data-dnt=\"true\">\n<p lang=\"en\" dir=\"ltr\">Types of Eclipse Photo <a href=\"https:\/\/t.co\/0OJq36t2dy\">https:\/\/t.co\/0OJq36t2dy<\/a> <a href=\"https:\/\/t.co\/CBDfWNVg1D\">pic.twitter.com\/CBDfWNVg1D<\/a><\/p>\n<p>&mdash; Randall Munroe (@xkcd) <a href=\"https:\/\/twitter.com\/xkcd\/status\/1777671989504643078?ref_src=twsrc%5Etfw\">April 9, 2024<\/a><\/p><\/blockquote>\n<p><script async src=\"https:\/\/platform.twitter.com\/widgets.js\" charset=\"utf-8\"><\/script><\/p>\n<blockquote class=\"twitter-tweet\" data-width=\"550\" data-dnt=\"true\">\n<p lang=\"en\" dir=\"ltr\">My latest cartoon for <a href=\"https:\/\/twitter.com\/newscientist?ref_src=twsrc%5Etfw\">@newscientist<\/a> <a href=\"https:\/\/t.co\/JUwlkV92yk\">pic.twitter.com\/JUwlkV92yk<\/a><\/p>\n<p>&mdash; Tom Gauld (@tomgauld) <a href=\"https:\/\/twitter.com\/tomgauld\/status\/1777629713797710321?ref_src=twsrc%5Etfw\">April 9, 2024<\/a><\/p><\/blockquote>\n<p><script async src=\"https:\/\/platform.twitter.com\/widgets.js\" charset=\"utf-8\"><\/script><\/p>\n<blockquote class=\"twitter-tweet\" data-width=\"550\" data-dnt=\"true\">\n<p lang=\"de\" dir=\"ltr\">Deutschlandfunk \u201eFreistil\u201c: \u201ePulp Fiction im Kaiserreich \u2013 Der Kolportage-Schriftsteller Robert Kraft\u201c <a href=\"https:\/\/t.co\/vvp1N655Aj\">https:\/\/t.co\/vvp1N655Aj<\/a><\/p>\n<p>&mdash; ULB_MS_FachInfo (@ULB_MS_FachInfo) <a href=\"https:\/\/twitter.com\/ULB_MS_FachInfo\/status\/1777940838347055395?ref_src=twsrc%5Etfw\">April 10, 2024<\/a><\/p><\/blockquote>\n<p><script async src=\"https:\/\/platform.twitter.com\/widgets.js\" charset=\"utf-8\"><\/script><\/p>\n<blockquote class=\"twitter-tweet\" data-width=\"550\" data-dnt=\"true\">\n<p lang=\"de\" dir=\"ltr\"><a href=\"https:\/\/twitter.com\/hashtag\/neu?src=hash&amp;ref_src=twsrc%5Etfw\">#neu<\/a> &amp; <a href=\"https:\/\/twitter.com\/hashtag\/openaccess?src=hash&amp;ref_src=twsrc%5Etfw\">#openaccess<\/a>: &quot;Superspreader \u2013 Popkultur und mediale Diskurse im Angesicht der Pandemie&quot; <a href=\"https:\/\/t.co\/zEywvfkb3A\">https:\/\/t.co\/zEywvfkb3A<\/a> <a href=\"https:\/\/twitter.com\/hashtag\/Krankheit?src=hash&amp;ref_src=twsrc%5Etfw\">#Krankheit<\/a> <a href=\"https:\/\/twitter.com\/hashtag\/Ansteckung?src=hash&amp;ref_src=twsrc%5Etfw\">#Ansteckung<\/a> <a href=\"https:\/\/twitter.com\/hashtag\/Pandemie?src=hash&amp;ref_src=twsrc%5Etfw\">#Pandemie<\/a> <a href=\"https:\/\/twitter.com\/hashtag\/Popkultur?src=hash&amp;ref_src=twsrc%5Etfw\">#Popkultur<\/a> <a href=\"https:\/\/twitter.com\/hashtag\/Rezeption?src=hash&amp;ref_src=twsrc%5Etfw\">#Rezeption<\/a> <a href=\"https:\/\/twitter.com\/hashtag\/Diskursanalyse?src=hash&amp;ref_src=twsrc%5Etfw\">#Diskursanalyse<\/a><\/p>\n<p>&mdash; ULB_MS_FachInfo (@ULB_MS_FachInfo) <a href=\"https:\/\/twitter.com\/ULB_MS_FachInfo\/status\/1777939024537387339?ref_src=twsrc%5Etfw\">April 10, 2024<\/a><\/p><\/blockquote>\n<p><script async src=\"https:\/\/platform.twitter.com\/widgets.js\" charset=\"utf-8\"><\/script><\/p>\n<blockquote class=\"twitter-tweet\" data-width=\"550\" data-dnt=\"true\">\n<p lang=\"en\" dir=\"ltr\"><a href=\"https:\/\/twitter.com\/hashtag\/neu?src=hash&amp;ref_src=twsrc%5Etfw\">#neu<\/a> &amp; <a href=\"https:\/\/twitter.com\/hashtag\/openaccess?src=hash&amp;ref_src=twsrc%5Etfw\">#openaccess<\/a>: &quot;Ladies in Arms: Women, Guns, and Feminisms in Contemporary Popular Culture&quot; <a href=\"https:\/\/t.co\/fx8pFcJEGI\">https:\/\/t.co\/fx8pFcJEGI<\/a> <a href=\"https:\/\/twitter.com\/hashtag\/Feminismus?src=hash&amp;ref_src=twsrc%5Etfw\">#Feminismus<\/a> <a href=\"https:\/\/twitter.com\/hashtag\/Popkultur?src=hash&amp;ref_src=twsrc%5Etfw\">#Popkultur<\/a> <a href=\"https:\/\/twitter.com\/hashtag\/Literatur?src=hash&amp;ref_src=twsrc%5Etfw\">#Literatur<\/a> <a href=\"https:\/\/twitter.com\/hashtag\/Film?src=hash&amp;ref_src=twsrc%5Etfw\">#Film<\/a><\/p>\n<p>&mdash; ULB_MS_FachInfo (@ULB_MS_FachInfo) <a href=\"https:\/\/twitter.com\/ULB_MS_FachInfo\/status\/1777938709880480051?ref_src=twsrc%5Etfw\">April 10, 2024<\/a><\/p><\/blockquote>\n<p><script async src=\"https:\/\/platform.twitter.com\/widgets.js\" charset=\"utf-8\"><\/script><\/p>\n<blockquote class=\"twitter-tweet\" data-width=\"550\" data-dnt=\"true\">\n<p lang=\"de\" dir=\"ltr\"><a href=\"https:\/\/twitter.com\/hashtag\/neu?src=hash&amp;ref_src=twsrc%5Etfw\">#neu<\/a> &amp; <a href=\"https:\/\/twitter.com\/hashtag\/openaccess?src=hash&amp;ref_src=twsrc%5Etfw\">#openaccess<\/a>: &quot;Influencing nach Geschlecht: Genderspezifische Fan-Ansprache auf YouTube&quot; <a href=\"https:\/\/t.co\/eVqP37IU7p\">https:\/\/t.co\/eVqP37IU7p<\/a> <a href=\"https:\/\/twitter.com\/hashtag\/YouTube?src=hash&amp;ref_src=twsrc%5Etfw\">#YouTube<\/a> <a href=\"https:\/\/twitter.com\/hashtag\/Influencer?src=hash&amp;ref_src=twsrc%5Etfw\">#Influencer<\/a><\/p>\n<p>&mdash; ULB_MS_FachInfo (@ULB_MS_FachInfo) <a href=\"https:\/\/twitter.com\/ULB_MS_FachInfo\/status\/1777938487594889338?ref_src=twsrc%5Etfw\">April 10, 2024<\/a><\/p><\/blockquote>\n<p><script async src=\"https:\/\/platform.twitter.com\/widgets.js\" charset=\"utf-8\"><\/script><\/p>\n<blockquote class=\"twitter-tweet\" data-width=\"550\" data-dnt=\"true\">\n<p lang=\"de\" dir=\"ltr\"><a href=\"https:\/\/twitter.com\/hashtag\/neu?src=hash&amp;ref_src=twsrc%5Etfw\">#neu<\/a> &amp; <a href=\"https:\/\/twitter.com\/hashtag\/openaccess?src=hash&amp;ref_src=twsrc%5Etfw\">#openaccess<\/a>: &quot;Musikalische Schrift und Gender: Praktiken \u2013 Diskurse \u2013 Perspektiven&quot; <a href=\"https:\/\/t.co\/7QzQKuxYvJ\">https:\/\/t.co\/7QzQKuxYvJ<\/a><\/p>\n<p>&mdash; ULB_MS_FachInfo (@ULB_MS_FachInfo) <a href=\"https:\/\/twitter.com\/ULB_MS_FachInfo\/status\/1777938057418752357?ref_src=twsrc%5Etfw\">April 10, 2024<\/a><\/p><\/blockquote>\n<p><script async src=\"https:\/\/platform.twitter.com\/widgets.js\" charset=\"utf-8\"><\/script><\/p>\n<blockquote class=\"twitter-tweet\" data-width=\"550\" data-dnt=\"true\">\n<p lang=\"de\" dir=\"ltr\">Historische Musikalien aus RISM jetzt im ULB-KatalogPlus <a href=\"https:\/\/t.co\/90C2q2tuRc\">https:\/\/t.co\/90C2q2tuRc<\/a><\/p>\n<p>&mdash; ULB_MS_FachInfo (@ULB_MS_FachInfo) <a href=\"https:\/\/twitter.com\/ULB_MS_FachInfo\/status\/1777695361202614673?ref_src=twsrc%5Etfw\">April 9, 2024<\/a><\/p><\/blockquote>\n<p><script async src=\"https:\/\/platform.twitter.com\/widgets.js\" charset=\"utf-8\"><\/script><\/p>\n<blockquote class=\"twitter-tweet\" data-width=\"550\" data-dnt=\"true\">\n<p lang=\"de\" dir=\"ltr\">&quot;Verhandeln \u2013 Rhetorik, Macht und Nervenkrieg&quot;<a href=\"https:\/\/t.co\/TeAy9HZLip\">https:\/\/t.co\/TeAy9HZLip<\/a><br \/>&quot;[V]erhandelt wird \u00fcber alles und \u00fcberall: in Juristerei, Wirtschaft, Politik, auf Flohm\u00e4rkten und Jobb\u00f6rsen. Wie gelingt die Verhandlung und wie \u00e4ndert sich historisch ihr Handwerkszeug?&quot; <a href=\"https:\/\/twitter.com\/hashtag\/Podcast?src=hash&amp;ref_src=twsrc%5Etfw\">#Podcast<\/a><\/p>\n<p>&mdash; ULB_MS_FachInfo (@ULB_MS_FachInfo) <a href=\"https:\/\/twitter.com\/ULB_MS_FachInfo\/status\/1777944236681204061?ref_src=twsrc%5Etfw\">April 10, 2024<\/a><\/p><\/blockquote>\n<p><script async src=\"https:\/\/platform.twitter.com\/widgets.js\" charset=\"utf-8\"><\/script><\/p>\n<blockquote class=\"twitter-tweet\" data-width=\"550\" data-dnt=\"true\">\n<p lang=\"de\" dir=\"ltr\">&quot;Open Access Green und ResearchGate \u2013 Wie sollten Bibliotheken damit umgehen?&quot; <a href=\"https:\/\/t.co\/NAQfZn5BBv\">https:\/\/t.co\/NAQfZn5BBv<\/a><a href=\"https:\/\/twitter.com\/hashtag\/OpenAccess?src=hash&amp;ref_src=twsrc%5Etfw\">#OpenAccess<\/a> <a href=\"https:\/\/twitter.com\/hashtag\/ResearchGate?src=hash&amp;ref_src=twsrc%5Etfw\">#ResearchGate<\/a> <a href=\"https:\/\/twitter.com\/hashtag\/Bibliothek?src=hash&amp;ref_src=twsrc%5Etfw\">#Bibliothek<\/a><\/p>\n<p>&mdash; viola vo\u00df (@v_i_o_l_a) <a href=\"https:\/\/twitter.com\/v_i_o_l_a\/status\/1777949477459866101?ref_src=twsrc%5Etfw\">April 10, 2024<\/a><\/p><\/blockquote>\n<p><script async src=\"https:\/\/platform.twitter.com\/widgets.js\" charset=\"utf-8\"><\/script><\/p>\n<blockquote class=\"twitter-tweet\" data-width=\"550\" data-dnt=\"true\">\n<p lang=\"de\" dir=\"ltr\"><a href=\"https:\/\/twitter.com\/hashtag\/neu?src=hash&amp;ref_src=twsrc%5Etfw\">#neu<\/a> in unserem eBook-Bestand: &quot;Das Recht der Fiktion:  Zu den Lizenzen und juristischen Implikationen fiktionalen Schreibens&quot; von @_NursanCelik: <a href=\"https:\/\/t.co\/FAiNpTOQPo\">https:\/\/t.co\/FAiNpTOQPo<\/a> <a href=\"https:\/\/twitter.com\/hashtag\/Fiktion?src=hash&amp;ref_src=twsrc%5Etfw\">#Fiktion<\/a> <a href=\"https:\/\/twitter.com\/hashtag\/Literatur?src=hash&amp;ref_src=twsrc%5Etfw\">#Literatur<\/a> <a href=\"https:\/\/twitter.com\/hashtag\/Recht?src=hash&amp;ref_src=twsrc%5Etfw\">#Recht<\/a> <a href=\"https:\/\/twitter.com\/hashtag\/Gericht?src=hash&amp;ref_src=twsrc%5Etfw\">#Gericht<\/a> <a href=\"https:\/\/t.co\/kC67S9Xskw\">https:\/\/t.co\/kC67S9Xskw<\/a><\/p>\n<p>&mdash; ULB_MS_FachInfo (@ULB_MS_FachInfo) <a href=\"https:\/\/twitter.com\/ULB_MS_FachInfo\/status\/1777950842743607437?ref_src=twsrc%5Etfw\">April 10, 2024<\/a><\/p><\/blockquote>\n<p><script async src=\"https:\/\/platform.twitter.com\/widgets.js\" charset=\"utf-8\"><\/script><\/p>\n<blockquote class=\"twitter-tweet\" data-width=\"550\" data-dnt=\"true\">\n<p lang=\"de\" dir=\"ltr\"><a href=\"https:\/\/twitter.com\/hashtag\/neu?src=hash&amp;ref_src=twsrc%5Etfw\">#neu<\/a> in unserem Bestand: &quot;Formationen des Popul\u00e4ren: Semantik und Poetik des \u201aVolkes\u2018 um 1800&quot; von <a href=\"https:\/\/twitter.com\/NielsPenke?ref_src=twsrc%5Etfw\">@NielsPenke<\/a>: <a href=\"https:\/\/t.co\/0z665ZJP5v\">https:\/\/t.co\/0z665ZJP5v<\/a> <a href=\"https:\/\/twitter.com\/hashtag\/Literaturwissenschaft?src=hash&amp;ref_src=twsrc%5Etfw\">#Literaturwissenschaft<\/a> <a href=\"https:\/\/t.co\/yXZA0RREjG\">https:\/\/t.co\/yXZA0RREjG<\/a><\/p>\n<p>&mdash; ULB_MS_FachInfo (@ULB_MS_FachInfo) <a href=\"https:\/\/twitter.com\/ULB_MS_FachInfo\/status\/1777951687497404533?ref_src=twsrc%5Etfw\">April 10, 2024<\/a><\/p><\/blockquote>\n<p><script async src=\"https:\/\/platform.twitter.com\/widgets.js\" charset=\"utf-8\"><\/script><\/p>\n<blockquote class=\"twitter-tweet\" data-width=\"550\" data-dnt=\"true\">\n<p lang=\"de\" dir=\"ltr\"><a href=\"https:\/\/twitter.com\/hashtag\/neu?src=hash&amp;ref_src=twsrc%5Etfw\">#neu<\/a> in unserem Bestand: &quot;Computerlinguistische Methoden f\u00fcr die Digital Humanities: Eine Einf\u00fchrung f\u00fcr Geisteswissenschaftler:innen&quot;: <a href=\"https:\/\/t.co\/qa36JueFlb\">https:\/\/t.co\/qa36JueFlb<\/a> Infos zum Buch: <a href=\"https:\/\/t.co\/o5S3QCDv4O\">https:\/\/t.co\/o5S3QCDv4O<\/a> <a href=\"https:\/\/twitter.com\/hashtag\/DigitalHumanities?src=hash&amp;ref_src=twsrc%5Etfw\">#DigitalHumanities<\/a> <a href=\"https:\/\/twitter.com\/hashtag\/DH?src=hash&amp;ref_src=twsrc%5Etfw\">#DH<\/a> <a href=\"https:\/\/twitter.com\/hashtag\/Methoden?src=hash&amp;ref_src=twsrc%5Etfw\">#Methoden<\/a> <a href=\"https:\/\/twitter.com\/hashtag\/Einf%C3%BChrung?src=hash&amp;ref_src=twsrc%5Etfw\">#Einf\u00fchrung<\/a><\/p>\n<p>&mdash; ULB_MS_FachInfo (@ULB_MS_FachInfo) <a href=\"https:\/\/twitter.com\/ULB_MS_FachInfo\/status\/1777952371454210286?ref_src=twsrc%5Etfw\">April 10, 2024<\/a><\/p><\/blockquote>\n<p><script async src=\"https:\/\/platform.twitter.com\/widgets.js\" charset=\"utf-8\"><\/script><br \/>\nhttps:\/\/twitter.com\/v_i_o_l_a\/status\/1777958659282141369<\/p>\n<blockquote class=\"twitter-tweet\" data-width=\"550\" data-dnt=\"true\">\n<p lang=\"de\" dir=\"ltr\">[ich habe diese sorte aufkleber neulich zuf\u00e4llig in einem etsy-shop gefunden: <a href=\"https:\/\/t.co\/0sdVqyTLm8\">https:\/\/t.co\/0sdVqyTLm8<\/a>]<\/p>\n<p>&mdash; viola vo\u00df (@v_i_o_l_a) <a href=\"https:\/\/twitter.com\/v_i_o_l_a\/status\/1777958923678421083?ref_src=twsrc%5Etfw\">April 10, 2024<\/a><\/p><\/blockquote>\n<p><script async src=\"https:\/\/platform.twitter.com\/widgets.js\" charset=\"utf-8\"><\/script><\/p>\n<blockquote class=\"twitter-tweet\" data-width=\"550\" data-dnt=\"true\">\n<p lang=\"de\" dir=\"ltr\">ngl, feier ich. <\/p>\n<p>&#8230;wollen wir den Erwerb des Gem\u00e4ldes crowdfunden? <a href=\"https:\/\/t.co\/iqyt2NQEln\">pic.twitter.com\/iqyt2NQEln<\/a><\/p>\n<p>&mdash; Robin-M. Aust (@r_m_aust) <a href=\"https:\/\/twitter.com\/r_m_aust\/status\/1777971304584360324?ref_src=twsrc%5Etfw\">April 10, 2024<\/a><\/p><\/blockquote>\n<p><script async src=\"https:\/\/platform.twitter.com\/widgets.js\" charset=\"utf-8\"><\/script><\/p>\n<blockquote class=\"twitter-tweet\" data-width=\"550\" data-dnt=\"true\">\n<p lang=\"de\" dir=\"ltr\">Lieber <a href=\"https:\/\/twitter.com\/terhorab?ref_src=twsrc%5Etfw\">@terhorab<\/a>, liebe <a href=\"https:\/\/twitter.com\/succow_stiftung?ref_src=twsrc%5Etfw\">@succow_stiftung<\/a>, ich sitze gerade an einer Interpretation des &quot;Knaben im Moor&quot; von Droste-H\u00fclshoff. Dort ist die Rede von Rohr und F\u00f6hren. Meine Frage ist nun, ob der Knabe wirklich durch das Moor oder durch ein Moorrandgebiet rennt. K\u00f6nnt ihr helfen?<\/p>\n<p>&mdash; Doctoressa ecstatica (@_baldanders) <a href=\"https:\/\/twitter.com\/_baldanders\/status\/1777992578131992979?ref_src=twsrc%5Etfw\">April 10, 2024<\/a><\/p><\/blockquote>\n<p><script async src=\"https:\/\/platform.twitter.com\/widgets.js\" charset=\"utf-8\"><\/script><\/p>\n<blockquote class=\"twitter-tweet\" data-width=\"550\" data-dnt=\"true\">\n<p lang=\"en\" dir=\"ltr\"><a href=\"https:\/\/twitter.com\/hashtag\/TIL?src=hash&amp;ref_src=twsrc%5Etfw\">#TIL<\/a>: &quot;Small-Town-Roman&quot;. <a href=\"https:\/\/t.co\/9Yil5uCTWb\">https:\/\/t.co\/9Yil5uCTWb<\/a> <a href=\"https:\/\/twitter.com\/hashtag\/Literatur?src=hash&amp;ref_src=twsrc%5Etfw\">#Literatur<\/a> <a href=\"https:\/\/twitter.com\/hashtag\/Genres?src=hash&amp;ref_src=twsrc%5Etfw\">#Genres<\/a> <a href=\"https:\/\/twitter.com\/hashtag\/durchkoppeln?src=hash&amp;ref_src=twsrc%5Etfw\">#durchkoppeln<\/a><\/p>\n<p>&mdash; viola vo\u00df (@v_i_o_l_a) <a href=\"https:\/\/twitter.com\/v_i_o_l_a\/status\/1778021575792443619?ref_src=twsrc%5Etfw\">April 10, 2024<\/a><\/p><\/blockquote>\n<p><script async src=\"https:\/\/platform.twitter.com\/widgets.js\" charset=\"utf-8\"><\/script><\/p>\n<blockquote class=\"twitter-tweet\" data-width=\"550\" data-dnt=\"true\">\n<p lang=\"de\" dir=\"ltr\">Wahrscheinlich unfreiwillig ehrlich: Rechtschreibung *vermittelt* einen kompetenten Eindruck, ja. Weil sie zum Ma\u00dfstab f\u00fcr Status und Charakter erhoben wird. Die Kompetenz liegt nur in der Anpassung an Normen, die je nach sozialem Hintergrund verschieden leicht zug\u00e4nglich sind. <a href=\"https:\/\/t.co\/YxWAZkcU2S\">pic.twitter.com\/YxWAZkcU2S<\/a><\/p>\n<p>&mdash; Philipp Kr\u00e4mer (@ph_kraemer) <a href=\"https:\/\/twitter.com\/ph_kraemer\/status\/1778012299946549709?ref_src=twsrc%5Etfw\">April 10, 2024<\/a><\/p><\/blockquote>\n<p><script async src=\"https:\/\/platform.twitter.com\/widgets.js\" charset=\"utf-8\"><\/script><\/p>\n<blockquote class=\"twitter-tweet\" data-width=\"550\" data-dnt=\"true\">\n<p lang=\"en\" dir=\"ltr\">When I try writing a PhD thesis&#8230; <a href=\"https:\/\/t.co\/qLwp6ei5Sl\">pic.twitter.com\/qLwp6ei5Sl<\/a><\/p>\n<p>&mdash; Fransina Stradling (@f_stradling) <a href=\"https:\/\/twitter.com\/f_stradling\/status\/1778011370492919858?ref_src=twsrc%5Etfw\">April 10, 2024<\/a><\/p><\/blockquote>\n<p><script async src=\"https:\/\/platform.twitter.com\/widgets.js\" charset=\"utf-8\"><\/script><\/p>\n<blockquote class=\"twitter-tweet\" data-width=\"550\" data-dnt=\"true\">\n<p lang=\"en\" dir=\"ltr\">Happy National Library Week! <br \/>Here is a late post for National Library Workers Day in response to some of the discourse I\u2019ve seen in regard to the LitHub article about prison libraries. <a href=\"https:\/\/t.co\/4sHU3fh0ci\">https:\/\/t.co\/4sHU3fh0ci<\/a><\/p>\n<p>&mdash; Fobazi Ettarh (@Fobettarh) <a href=\"https:\/\/twitter.com\/Fobettarh\/status\/1777893796526674021?ref_src=twsrc%5Etfw\">April 10, 2024<\/a><\/p><\/blockquote>\n<p><script async src=\"https:\/\/platform.twitter.com\/widgets.js\" charset=\"utf-8\"><\/script><\/p>\n<blockquote class=\"twitter-tweet\" data-width=\"550\" data-dnt=\"true\">\n<p lang=\"de\" dir=\"ltr\">Ich \u00fcberleg noch bis zum letzten Tag der R\u00fccksendefrist ob ich das Kabel nicht vielleicht doch irgendwann in den kommenden Jahren brauche und nach viel hin&amp;her mein Fazit &quot;nee, das liegt erstmal nur rum und dann brauch ich wom\u00f6glich was anderes&quot; und Amazon dann so ganz lapidar <a href=\"https:\/\/t.co\/ShFBfGx9u7\">pic.twitter.com\/ShFBfGx9u7<\/a><\/p>\n<p>&mdash; Hans-Werner Hilse (@hilse) <a href=\"https:\/\/twitter.com\/hilse\/status\/1778029031780188605?ref_src=twsrc%5Etfw\">April 10, 2024<\/a><\/p><\/blockquote>\n<p><script async src=\"https:\/\/platform.twitter.com\/widgets.js\" charset=\"utf-8\"><\/script><\/p>\n<blockquote class=\"twitter-tweet\" data-width=\"550\" data-dnt=\"true\">\n<p lang=\"de\" dir=\"ltr\">Und was macht man dann damit? Sich Gedanken \u00fcber das Wissen des 19. Jahrhunderts \u00fcber Baumwachstum in Hochmooren. <a href=\"https:\/\/twitter.com\/hashtag\/literaturwissenschaft?src=hash&amp;ref_src=twsrc%5Etfw\">#literaturwissenschaft<\/a> <a href=\"https:\/\/t.co\/LTHYohVu6X\">https:\/\/t.co\/LTHYohVu6X<\/a><\/p>\n<p>&mdash; Doctoressa ecstatica (@_baldanders) <a href=\"https:\/\/twitter.com\/_baldanders\/status\/1778124230422348124?ref_src=twsrc%5Etfw\">April 10, 2024<\/a><\/p><\/blockquote>\n<p><script async src=\"https:\/\/platform.twitter.com\/widgets.js\" charset=\"utf-8\"><\/script><\/p>\n<blockquote class=\"twitter-tweet\" data-width=\"550\" data-dnt=\"true\">\n<p lang=\"de\" dir=\"ltr\">&quot;meal &amp; heal&quot;: <a href=\"https:\/\/twitter.com\/hashtag\/App?src=hash&amp;ref_src=twsrc%5Etfw\">#App<\/a> f\u00fcr <a href=\"https:\/\/twitter.com\/hashtag\/Lebensmittelunvertr%C3%A4glichkeiten?src=hash&amp;ref_src=twsrc%5Etfw\">#Lebensmittelunvertr\u00e4glichkeiten<\/a>: <a href=\"https:\/\/t.co\/9W9SzSUoEf\">https:\/\/t.co\/9W9SzSUoEf<\/a> entwickelt an der FH M\u00fcnster: <a href=\"https:\/\/t.co\/y9lS4dbGUl\">https:\/\/t.co\/y9lS4dbGUl<\/a><\/p>\n<p>&mdash; viola vo\u00df (@v_i_o_l_a) <a href=\"https:\/\/twitter.com\/v_i_o_l_a\/status\/1778146418777116890?ref_src=twsrc%5Etfw\">April 10, 2024<\/a><\/p><\/blockquote>\n<p><script async src=\"https:\/\/platform.twitter.com\/widgets.js\" charset=\"utf-8\"><\/script><\/p>\n<blockquote class=\"twitter-tweet\" data-width=\"550\" data-dnt=\"true\">\n<p lang=\"de\" dir=\"ltr\">Den Bregenzer Bahnhof gibt es seit 1990. Und seit 1990 gibt es ein Leck im Dach und ein K\u00fcbel steht herum. Machmal stehen mehrere K\u00fcbel da und manchmal gar kein K\u00fcbel, dann ist der Boden besonders sch\u00f6n nass und rutschig. <a href=\"https:\/\/twitter.com\/hashtag\/vorarlbergfacts?src=hash&amp;ref_src=twsrc%5Etfw\">#vorarlbergfacts<\/a> <a href=\"https:\/\/t.co\/nP7gHFMKkk\">pic.twitter.com\/nP7gHFMKkk<\/a><\/p>\n<p>&mdash; Duygu \u00d6zkan (@Duygu_Oezkan) <a href=\"https:\/\/twitter.com\/Duygu_Oezkan\/status\/1554511455029960704?ref_src=twsrc%5Etfw\">August 2, 2022<\/a><\/p><\/blockquote>\n<p><script async src=\"https:\/\/platform.twitter.com\/widgets.js\" charset=\"utf-8\"><\/script><\/p>\n<blockquote class=\"twitter-tweet\" data-width=\"550\" data-dnt=\"true\">\n<p lang=\"de\" dir=\"ltr\">Eine sch\u00f6ne Geschichte. Warum hat dieses hochwertvolle Mitglied unserer Gesellschaft noch keinen Namen?<br \/>Ich bin f\u00fcr Kurt. Kurt, der K\u00fcbel. In Ost\u00f6sterreich: Kurtl. <a href=\"https:\/\/t.co\/IrNQL5QCEP\">https:\/\/t.co\/IrNQL5QCEP<\/a><\/p>\n<p>&mdash; Florian Aigner (@florianaigner) <a href=\"https:\/\/twitter.com\/florianaigner\/status\/1778114545598247137?ref_src=twsrc%5Etfw\">April 10, 2024<\/a><\/p><\/blockquote>\n<p><script async src=\"https:\/\/platform.twitter.com\/widgets.js\" charset=\"utf-8\"><\/script><br \/>\nhttps:\/\/twitter.com\/v_i_o_l_a\/status\/1778151858206306627<\/p>\n<blockquote class=\"twitter-tweet\" data-width=\"550\" data-dnt=\"true\">\n<p lang=\"de\" dir=\"ltr\">Niederl\u00e4ndisch und Deutsch sind Schwestersprachen. Zwar haben sie eine gemeinsame Geschichte, sie sind aber seit Jahrhunderten eigenst\u00e4ndige Sprachen. In der Podcastfolge erkl\u00e4rt uns Heinz Eickmans die beiden Schwestersprachen: <a href=\"https:\/\/t.co\/7CpTHai7dx\">https:\/\/t.co\/7CpTHai7dx<\/a> <a href=\"https:\/\/t.co\/ouTYVOREe1\">pic.twitter.com\/ouTYVOREe1<\/a><\/p>\n<p>&mdash; BDNZ.eu (@bdnz_eu) <a href=\"https:\/\/twitter.com\/bdnz_eu\/status\/1777999969225695661?ref_src=twsrc%5Etfw\">April 10, 2024<\/a><\/p><\/blockquote>\n<p><script async src=\"https:\/\/platform.twitter.com\/widgets.js\" charset=\"utf-8\"><\/script><\/p>\n<blockquote class=\"twitter-tweet\" data-width=\"550\" data-dnt=\"true\">\n<p lang=\"cy\" dir=\"ltr\">Josef Albers &#8211; 1976 <a href=\"https:\/\/t.co\/qnmaEmn3tW\">pic.twitter.com\/qnmaEmn3tW<\/a><\/p>\n<p>&mdash; Apr\u00e8s l&#39;\u00e9t\u00e9 (@Apres_lete) <a href=\"https:\/\/twitter.com\/Apres_lete\/status\/1777781797696229792?ref_src=twsrc%5Etfw\">April 9, 2024<\/a><\/p><\/blockquote>\n<p><script async src=\"https:\/\/platform.twitter.com\/widgets.js\" charset=\"utf-8\"><\/script><br \/>\nhttps:\/\/twitter.com\/v_i_o_l_a\/status\/1778152455106101507<\/p>\n<blockquote class=\"twitter-tweet\" data-width=\"550\" data-dnt=\"true\">\n<p lang=\"de\" dir=\"ltr\">Deutsche Bauern, nachdem sie Spargel erfunden haben <a href=\"https:\/\/t.co\/70b3iG2t43\">pic.twitter.com\/70b3iG2t43<\/a><\/p>\n<p>&mdash; Nicht Chevy Chase (@DrWaumiau) <a href=\"https:\/\/twitter.com\/DrWaumiau\/status\/1778076312428589125?ref_src=twsrc%5Etfw\">April 10, 2024<\/a><\/p><\/blockquote>\n<p><script async src=\"https:\/\/platform.twitter.com\/widgets.js\" charset=\"utf-8\"><\/script><br \/>\nhttps:\/\/twitter.com\/v_i_o_l_a\/status\/1778152826117447872<\/p>\n<blockquote class=\"twitter-tweet\" data-width=\"550\" data-dnt=\"true\">\n<p lang=\"cy\" dir=\"ltr\">\u2591L\u2591I\u2591B\u2591R\u2591A\u2591R\u2591Y\u2591 \u2591C\u2591A\u2591R\u2591D\u2591 \u2591I\u2591N\u2591 \u2591B\u2591I\u2591O\u2591<\/p>\n<p>&mdash; Stacked Librarian (@StckedLibrarian) <a href=\"https:\/\/twitter.com\/StckedLibrarian\/status\/1778042334946418904?ref_src=twsrc%5Etfw\">April 10, 2024<\/a><\/p><\/blockquote>\n<p><script async src=\"https:\/\/platform.twitter.com\/widgets.js\" charset=\"utf-8\"><\/script><\/p>\n<blockquote class=\"twitter-tweet\" data-width=\"550\" data-dnt=\"true\">\n<p lang=\"en\" dir=\"ltr\">1\/2 It&#39;s <a href=\"https:\/\/twitter.com\/hashtag\/NationalUnicornDay?src=hash&amp;ref_src=twsrc%5Etfw\">#NationalUnicornDay<\/a>! Yes, really. This 15th century unicorn is trying to climb on Pope Gregory XII. Image from Vaticinia de summis pontificibus : manuscript, 1440. MS 1288. <a href=\"https:\/\/t.co\/uu0H4NkaTB\">pic.twitter.com\/uu0H4NkaTB<\/a><\/p>\n<p>&mdash; UChicago Special Collections Research Center (@UChicagoSCRC) <a href=\"https:\/\/twitter.com\/UChicagoSCRC\/status\/1777802380072845650?ref_src=twsrc%5Etfw\">April 9, 2024<\/a><\/p><\/blockquote>\n<p><script async src=\"https:\/\/platform.twitter.com\/widgets.js\" charset=\"utf-8\"><\/script><\/p>\n<blockquote class=\"twitter-tweet\" data-width=\"550\" data-dnt=\"true\">\n<p lang=\"de\" dir=\"ltr\"><a href=\"https:\/\/twitter.com\/hashtag\/Wissenschaft?src=hash&amp;ref_src=twsrc%5Etfw\">#Wissenschaft<\/a> braucht <a href=\"https:\/\/twitter.com\/hashtag\/Daten?src=hash&amp;ref_src=twsrc%5Etfw\">#Daten<\/a>! Das <a href=\"https:\/\/twitter.com\/hashtag\/Forschungsdatengesetz?src=hash&amp;ref_src=twsrc%5Etfw\">#Forschungsdatengesetz<\/a> soll den Zugang verbessern. Wie das gelingen kann? Der RatSWD kommentiert die Eckpunkte des <a href=\"https:\/\/twitter.com\/hashtag\/BMBF?src=hash&amp;ref_src=twsrc%5Etfw\">#BMBF<\/a>. Hier geht\u2019s zur Stellungnahme: <a href=\"https:\/\/t.co\/1hMwPQcVFz\">https:\/\/t.co\/1hMwPQcVFz<\/a> <a href=\"https:\/\/t.co\/IWhGmQuUrH\">pic.twitter.com\/IWhGmQuUrH<\/a><\/p>\n<p>&mdash; RatSWD (@ratswd) <a href=\"https:\/\/twitter.com\/ratswd\/status\/1778020879886123398?ref_src=twsrc%5Etfw\">April 10, 2024<\/a><\/p><\/blockquote>\n<p><script async src=\"https:\/\/platform.twitter.com\/widgets.js\" charset=\"utf-8\"><\/script><br \/>\nhttps:\/\/twitter.com\/v_i_o_l_a\/status\/1778158965378925053<\/p>\n<blockquote class=\"twitter-tweet\" data-width=\"550\" data-dnt=\"true\">\n<p lang=\"nl\" dir=\"ltr\">&#39;morgen!<\/p>\n<p>&mdash; viola vo\u00df (@v_i_o_l_a) <a href=\"https:\/\/twitter.com\/v_i_o_l_a\/status\/1778280660454531391?ref_src=twsrc%5Etfw\">April 11, 2024<\/a><\/p><\/blockquote>\n<p><script async src=\"https:\/\/platform.twitter.com\/widgets.js\" charset=\"utf-8\"><\/script><br \/>\nhttps:\/\/twitter.com\/v_i_o_l_a\/status\/1778298807148589397<\/p>\n<blockquote class=\"twitter-tweet\" data-width=\"550\" data-dnt=\"true\">\n<p lang=\"de\" dir=\"ltr\">dies und das aus dem <a href=\"https:\/\/twitter.com\/hashtag\/fachreferat?src=hash&amp;ref_src=twsrc%5Etfw\">#fachreferat<\/a> diese woche:<br \/>die monatliche pr\u00fcfung der aggregierten RSS-feeds f\u00fcr meine fachinformationsseiten diese woche war erfreulicherweise &quot;ohne befund&quot;.<br \/>(beispielseite mit solchen feeds: <a href=\"https:\/\/t.co\/cnPviVuj6A\">https:\/\/t.co\/cnPviVuj6A<\/a>)<a href=\"https:\/\/twitter.com\/hashtag\/fachreferatsfreitag?src=hash&amp;ref_src=twsrc%5Etfw\">#fachreferatsfreitag<\/a><\/p>\n<p>&mdash; viola vo\u00df (@v_i_o_l_a) <a href=\"https:\/\/twitter.com\/v_i_o_l_a\/status\/1778316626682663243?ref_src=twsrc%5Etfw\">April 11, 2024<\/a><\/p><\/blockquote>\n<p><script async src=\"https:\/\/platform.twitter.com\/widgets.js\" charset=\"utf-8\"><\/script><\/p>\n<blockquote class=\"twitter-tweet\" data-width=\"550\" data-dnt=\"true\">\n<p lang=\"de\" dir=\"ltr\">einen zun\u00e4chst nur intern ver\u00f6ffentlichten hinweis eines kollegens zu <a href=\"https:\/\/twitter.com\/hashtag\/RISM?src=hash&amp;ref_src=twsrc%5Etfw\">#RISM<\/a>-daten in unserem katalog konnte ich f\u00fcr einen FachBlog-post nachnutzen: <a href=\"https:\/\/t.co\/bLQuOWCxbE\">https:\/\/t.co\/bLQuOWCxbE<\/a>. <a href=\"https:\/\/twitter.com\/hashtag\/musik?src=hash&amp;ref_src=twsrc%5Etfw\">#musik<\/a> <a href=\"https:\/\/twitter.com\/hashtag\/handschriften?src=hash&amp;ref_src=twsrc%5Etfw\">#handschriften<\/a> <a href=\"https:\/\/twitter.com\/hashtag\/recherche?src=hash&amp;ref_src=twsrc%5Etfw\">#recherche<\/a> <a href=\"https:\/\/twitter.com\/hashtag\/fachreferatsfreitag?src=hash&amp;ref_src=twsrc%5Etfw\">#fachreferatsfreitag<\/a><\/p>\n<p>&mdash; viola vo\u00df (@v_i_o_l_a) <a href=\"https:\/\/twitter.com\/v_i_o_l_a\/status\/1778316727224291519?ref_src=twsrc%5Etfw\">April 11, 2024<\/a><\/p><\/blockquote>\n<p><script async src=\"https:\/\/platform.twitter.com\/widgets.js\" charset=\"utf-8\"><\/script><\/p>\n<blockquote class=\"twitter-tweet\" data-width=\"550\" data-dnt=\"true\">\n<p lang=\"de\" dir=\"ltr\">ich hab mich gefreut, dass die kolleg:innen vom FID <a href=\"https:\/\/twitter.com\/hashtag\/anglistik?src=hash&amp;ref_src=twsrc%5Etfw\">#anglistik<\/a> &amp; <a href=\"https:\/\/twitter.com\/hashtag\/amerikanistik?src=hash&amp;ref_src=twsrc%5Etfw\">#amerikanistik<\/a> (<a href=\"https:\/\/twitter.com\/LibraryAAC?ref_src=twsrc%5Etfw\">@LibraryAAC<\/a>) das &quot;Valley of the Shadow&quot; in <a href=\"https:\/\/twitter.com\/hashtag\/DBIS?src=hash&amp;ref_src=twsrc%5Etfw\">#DBIS<\/a> eingetragen haben: <a href=\"https:\/\/t.co\/u8JmmULj0J\">https:\/\/t.co\/u8JmmULj0J<\/a> und \u2026<\/p>\n<p>&mdash; viola vo\u00df (@v_i_o_l_a) <a href=\"https:\/\/twitter.com\/v_i_o_l_a\/status\/1778317432311976388?ref_src=twsrc%5Etfw\">April 11, 2024<\/a><\/p><\/blockquote>\n<p><script async src=\"https:\/\/platform.twitter.com\/widgets.js\" charset=\"utf-8\"><\/script><\/p>\n<blockquote class=\"twitter-tweet\" data-width=\"550\" data-dnt=\"true\">\n<p lang=\"de\" dir=\"ltr\">\u2026 dass es von uns jetzt einen eintrag f\u00fcr PHOIBLE gibt: <a href=\"https:\/\/t.co\/3c732oinhj\">https:\/\/t.co\/3c732oinhj<\/a>, das ich letzte woche hier entdeckt habe: <a href=\"https:\/\/t.co\/chG8qqtw7n\">https:\/\/t.co\/chG8qqtw7n<\/a>. ist auch f\u00fcr einen fachblog-post notiert. <a href=\"https:\/\/twitter.com\/hashtag\/fachinformation?src=hash&amp;ref_src=twsrc%5Etfw\">#fachinformation<\/a> <a href=\"https:\/\/twitter.com\/hashtag\/suchenundfinden?src=hash&amp;ref_src=twsrc%5Etfw\">#suchenundfinden<\/a> <a href=\"https:\/\/twitter.com\/hashtag\/sprachwissenschaft?src=hash&amp;ref_src=twsrc%5Etfw\">#sprachwissenschaft<\/a> <a href=\"https:\/\/twitter.com\/hashtag\/fachreferatsfreitag?src=hash&amp;ref_src=twsrc%5Etfw\">#fachreferatsfreitag<\/a><\/p>\n<p>&mdash; viola vo\u00df (@v_i_o_l_a) <a href=\"https:\/\/twitter.com\/v_i_o_l_a\/status\/1778317549282713657?ref_src=twsrc%5Etfw\">April 11, 2024<\/a><\/p><\/blockquote>\n<p><script async src=\"https:\/\/platform.twitter.com\/widgets.js\" charset=\"utf-8\"><\/script><\/p>\n<blockquote class=\"twitter-tweet\" data-width=\"550\" data-dnt=\"true\">\n<p lang=\"de\" dir=\"ltr\">in der VDB-reihe &quot;Berufsbilder an Bibliotheken im Wandel \u2013 Wer macht eigentlich welche Arbeit?\u201c habe ich bei der folge zur <a href=\"https:\/\/twitter.com\/hashtag\/informationskompetenz?src=hash&amp;ref_src=twsrc%5Etfw\">#informationskompetenz<\/a> zugeh\u00f6rt: eine d\u00fcsseldorfer kollegin gab interessante einblicke in die dortigen planungen, entwicklungen und angebote seit 2016.<\/p>\n<p>&mdash; viola vo\u00df (@v_i_o_l_a) <a href=\"https:\/\/twitter.com\/v_i_o_l_a\/status\/1778317979303694686?ref_src=twsrc%5Etfw\">April 11, 2024<\/a><\/p><\/blockquote>\n<p><script async src=\"https:\/\/platform.twitter.com\/widgets.js\" charset=\"utf-8\"><\/script><\/p>\n<blockquote class=\"twitter-tweet\" data-width=\"550\" data-dnt=\"true\">\n<p lang=\"de\" dir=\"ltr\">eine andere kollegin wies im chat auf aufgezeichnete coffee lectures der UB leipzig &quot;aus corona-zeiten&quot; hin, z.b. <a href=\"https:\/\/t.co\/akW0BhbEFC\">https:\/\/t.co\/akW0BhbEFC<\/a>. mehr gibts hier: <a href=\"https:\/\/t.co\/D0BGJG7VPG\">https:\/\/t.co\/D0BGJG7VPG<\/a> \u203a coffee lectures.<br \/>dar\u00fcber \u2026<\/p>\n<p>&mdash; viola vo\u00df (@v_i_o_l_a) <a href=\"https:\/\/twitter.com\/v_i_o_l_a\/status\/1778318033892589697?ref_src=twsrc%5Etfw\">April 11, 2024<\/a><\/p><\/blockquote>\n<p><script async src=\"https:\/\/platform.twitter.com\/widgets.js\" charset=\"utf-8\"><\/script><\/p>\n<blockquote class=\"twitter-tweet\" data-width=\"550\" data-dnt=\"true\">\n<p lang=\"de\" dir=\"ltr\">\u2026 bin ich zum &quot;academic lab&quot; der uni leipzig gekommen, das nach einer interessanten einrichtung klingt, die diese digitalen angebote hat: <a href=\"https:\/\/t.co\/NXJU7pkPDr\">https:\/\/t.co\/NXJU7pkPDr<\/a> <a href=\"https:\/\/twitter.com\/hashtag\/informationskompetenz?src=hash&amp;ref_src=twsrc%5Etfw\">#informationskompetenz<\/a> <a href=\"https:\/\/twitter.com\/hashtag\/vermittlung?src=hash&amp;ref_src=twsrc%5Etfw\">#vermittlung<\/a> <a href=\"https:\/\/twitter.com\/hashtag\/fachreferatsfreitag?src=hash&amp;ref_src=twsrc%5Etfw\">#fachreferatsfreitag<\/a><\/p>\n<p>&mdash; viola vo\u00df (@v_i_o_l_a) <a href=\"https:\/\/twitter.com\/v_i_o_l_a\/status\/1778318139794641301?ref_src=twsrc%5Etfw\">April 11, 2024<\/a><\/p><\/blockquote>\n<p><script async src=\"https:\/\/platform.twitter.com\/widgets.js\" charset=\"utf-8\"><\/script><\/p>\n<blockquote class=\"twitter-tweet\" data-width=\"550\" data-dnt=\"true\">\n<p lang=\"de\" dir=\"ltr\">und es gab <a href=\"https:\/\/twitter.com\/hashtag\/dienstreise?src=hash&amp;ref_src=twsrc%5Etfw\">#dienstreise<\/a>-detailplanungen f\u00fcrs <a href=\"https:\/\/twitter.com\/hashtag\/fachreferat?src=hash&amp;ref_src=twsrc%5Etfw\">#fachreferat<\/a> slavistik &amp; nordistik, da das programm f\u00fcr das vernetzungstreffen im mai in halle nun online ist: <a href=\"https:\/\/t.co\/n4RYGAhWLz\">https:\/\/t.co\/n4RYGAhWLz<\/a> <a href=\"https:\/\/twitter.com\/hashtag\/fachreferatsfreitag?src=hash&amp;ref_src=twsrc%5Etfw\">#fachreferatsfreitag<\/a><\/p>\n<p>&mdash; viola vo\u00df (@v_i_o_l_a) <a href=\"https:\/\/twitter.com\/v_i_o_l_a\/status\/1778321857210376287?ref_src=twsrc%5Etfw\">April 11, 2024<\/a><\/p><\/blockquote>\n<p><script async src=\"https:\/\/platform.twitter.com\/widgets.js\" charset=\"utf-8\"><\/script><\/p>\n<blockquote class=\"twitter-tweet\" data-width=\"550\" data-dnt=\"true\">\n<p lang=\"de\" dir=\"ltr\">da ich gerne mit papier-pl\u00e4nen\/-karten reise, habe ich mich gefreut, dass es einen halle-stadtplan zum download gibt: <a href=\"https:\/\/t.co\/TmRXdf669d\">https:\/\/t.co\/TmRXdf669d<\/a> \u2013 aber der ist leider kaum lesbar. (anfrage an den anbieter nach einer h\u00f6her aufl\u00f6senden version l\u00e4uft.)<\/p>\n<p>&mdash; viola vo\u00df (@v_i_o_l_a) <a href=\"https:\/\/twitter.com\/v_i_o_l_a\/status\/1778322449433530376?ref_src=twsrc%5Etfw\">April 11, 2024<\/a><\/p><\/blockquote>\n<p><script async src=\"https:\/\/platform.twitter.com\/widgets.js\" charset=\"utf-8\"><\/script><\/p>\n<blockquote class=\"twitter-tweet\" data-width=\"550\" data-dnt=\"true\">\n<p lang=\"de\" dir=\"ltr\">F\u00fcr mehr <a href=\"https:\/\/twitter.com\/hashtag\/OpenScience?src=hash&amp;ref_src=twsrc%5Etfw\">#OpenScience<\/a> an der Uni <a href=\"https:\/\/twitter.com\/hashtag\/M%C3%BCnster?src=hash&amp;ref_src=twsrc%5Etfw\">#M\u00fcnster<\/a>: Am 25.4. wird das M\u00fcnster Center for Open Science (M\u00fcCOS) er\u00f6ffnet! \u203a <a href=\"https:\/\/t.co\/ERXtDZKiLQ\">https:\/\/t.co\/ERXtDZKiLQ<\/a><\/p>\n<p>&mdash; ULB_MS_FachInfo (@ULB_MS_FachInfo) <a href=\"https:\/\/twitter.com\/ULB_MS_FachInfo\/status\/1778339148178317651?ref_src=twsrc%5Etfw\">April 11, 2024<\/a><\/p><\/blockquote>\n<p><script async src=\"https:\/\/platform.twitter.com\/widgets.js\" charset=\"utf-8\"><\/script><\/p>\n<blockquote class=\"twitter-tweet\" data-width=\"550\" data-dnt=\"true\">\n<p lang=\"de\" dir=\"ltr\">Kennen Sie schon \u2026 den Podcast \u201cMummies &amp; Magic\u201d? <a href=\"https:\/\/t.co\/Dzpw9YXDuK\">https:\/\/t.co\/Dzpw9YXDuK<\/a><\/p>\n<p>&mdash; ULB_MS_FachInfo (@ULB_MS_FachInfo) <a href=\"https:\/\/twitter.com\/ULB_MS_FachInfo\/status\/1778304428426064262?ref_src=twsrc%5Etfw\">April 11, 2024<\/a><\/p><\/blockquote>\n<p><script async src=\"https:\/\/platform.twitter.com\/widgets.js\" charset=\"utf-8\"><\/script><\/p>\n<blockquote class=\"twitter-tweet\" data-width=\"550\" data-dnt=\"true\">\n<p lang=\"de\" dir=\"ltr\">&quot;Jede Dummheit findet einen, der sie macht.&quot; (Tennessee Williams) <br \/>[via <a href=\"https:\/\/t.co\/QGYSjlEg7D\">https:\/\/t.co\/QGYSjlEg7D<\/a>]<\/p>\n<p>&mdash; viola vo\u00df (@v_i_o_l_a) <a href=\"https:\/\/twitter.com\/v_i_o_l_a\/status\/1778368962310324447?ref_src=twsrc%5Etfw\">April 11, 2024<\/a><\/p><\/blockquote>\n<p><script async src=\"https:\/\/platform.twitter.com\/widgets.js\" charset=\"utf-8\"><\/script><br \/>\nhttps:\/\/twitter.com\/v_i_o_l_a\/status\/1778398752522326463<br \/>\nhttps:\/\/twitter.com\/v_i_o_l_a\/status\/1778405767562829931<\/p>\n","protected":false},"excerpt":{"rendered":"<p>&#39;morgen! &mdash; viola vo\u00df (@v_i_o_l_a) April 8, 2024 Aus unseren Neuerwerbungen \u2013 Anglistik 2024.4 https:\/\/t.co\/eC1qTaixgG &mdash; ULB_MS_FachInfo (@ULB_MS_FachInfo) April 8, 2024 Aus unseren Neuerwerbungen \u2013 Romanistik 2024.4 https:\/\/t.co\/GCD4q43oyU &mdash; ULB_MS_FachInfo (@ULB_MS_FachInfo) April 5, 2024 Aus unseren Neuerwerbungen \u2013 Slavistik 2024.4 https:\/\/t.co\/mEyXhHFoir &mdash; ULB_MS_FachInfo (@ULB_MS_FachInfo) April 5, 2024 Buntes aus Westfalen \u2013 \u201eTeenage Mutant Ninja Hero [&hellip;]<\/p>\n","protected":false},"author":1,"featured_media":0,"comment_status":"open","ping_status":"open","sticky":false,"template":"","format":"standard","meta":{"footnotes":""},"categories":[36],"tags":[],"class_list":["post-14467","post","type-post","status-publish","format-standard","hentry","category-twitter"],"_links":{"self":[{"href":"https:\/\/www.x-v-x.de\/blog\/index.php?rest_route=\/wp\/v2\/posts\/14467","targetHints":{"allow":["GET"]}}],"collection":[{"href":"https:\/\/www.x-v-x.de\/blog\/index.php?rest_route=\/wp\/v2\/posts"}],"about":[{"href":"https:\/\/www.x-v-x.de\/blog\/index.php?rest_route=\/wp\/v2\/types\/post"}],"author":[{"embeddable":true,"href":"https:\/\/www.x-v-x.de\/blog\/index.php?rest_route=\/wp\/v2\/users\/1"}],"replies":[{"embeddable":true,"href":"https:\/\/www.x-v-x.de\/blog\/index.php?rest_route=%2Fwp%2Fv2%2Fcomments&post=14467"}],"version-history":[{"count":0,"href":"https:\/\/www.x-v-x.de\/blog\/index.php?rest_route=\/wp\/v2\/posts\/14467\/revisions"}],"wp:attachment":[{"href":"https:\/\/www.x-v-x.de\/blog\/index.php?rest_route=%2Fwp%2Fv2%2Fmedia&parent=14467"}],"wp:term":[{"taxonomy":"category","embeddable":true,"href":"https:\/\/www.x-v-x.de\/blog\/index.php?rest_route=%2Fwp%2Fv2%2Fcategories&post=14467"},{"taxonomy":"post_tag","embeddable":true,"href":"https:\/\/www.x-v-x.de\/blog\/index.php?rest_route=%2Fwp%2Fv2%2Ftags&post=14467"}],"curies":[{"name":"wp","href":"https:\/\/api.w.org\/{rel}","templated":true}]}}