{"id":14549,"date":"2024-10-09T09:58:15","date_gmt":"2024-10-09T07:58:15","guid":{"rendered":"https:\/\/www.x-v-x.de\/blog\/?p=14549"},"modified":"2024-10-09T12:20:27","modified_gmt":"2024-10-09T10:20:27","slug":"koeln-2024-oat24","status":"publish","type":"post","link":"https:\/\/www.x-v-x.de\/blog\/?p=14549","title":{"rendered":"k\u00f6ln 2024: #OAT24"},"content":{"rendered":"\n<p>im september war ich mal nicht in sachen MALIS in k\u00f6ln an der TH, sondern in sachen open access.<\/p>\n\n\n\n<p><em>f\u00fcr die akten hier ein &#8222;re-post&#8220; meines berichts dazu aus unserem internen ULB-blog.<\/em><\/p>\n\n\n\n<hr class=\"wp-block-separator has-alpha-channel-opacity\"\/>\n\n\n\n<!--more-->\n\n\n\n<h2 class=\"wp-block-heading\">Open-Access-Tage 2024 \u2013 Komprimiert in K\u00f6ln<\/h2>\n\n\n\n<p>Ende September fanden die&nbsp;<a href=\"https:\/\/open-access-tage.de\/open-access-tage-2024-koeln\" target=\"_blank\" rel=\"noreferrer noopener\">18. Open-Access-Tage<\/a>&nbsp;statt, diesmal in K\u00f6ln,&nbsp;<a href=\"https:\/\/open-access-tage.de\/open-access-tage-2024-koeln\/koeln\/organisationsteam\" target=\"_blank\" rel=\"noreferrer noopener\">organisiert<\/a>&nbsp;von&nbsp;<a href=\"https:\/\/ub.uni-koeln.de\/\" target=\"_blank\" rel=\"noreferrer noopener\">USB<\/a>&nbsp;&amp;&nbsp;<a href=\"https:\/\/www.th-koeln.de\/\" target=\"_blank\" rel=\"noreferrer noopener\">TH K\u00f6ln<\/a>,&nbsp;<a href=\"https:\/\/www.gesis.org\/institut\" target=\"_blank\" rel=\"noreferrer noopener\">GESIS<\/a>,&nbsp;<a href=\"https:\/\/katho-nrw.de\/\" target=\"_blank\" rel=\"noreferrer noopener\">Katholischer Hochschule NRW<\/a>&nbsp;sowie&nbsp;<a href=\"https:\/\/www.zbmed.de\/\" target=\"_blank\" rel=\"noreferrer noopener\">ZB MED<\/a>.<\/p>\n\n\n\n<p>W\u00e4hrend im letzten Jahr die 450 Teilnehmerpl\u00e4tze f\u00fcr&nbsp;<a href=\"https:\/\/intranet.ulb.uni-muenster.de\/ulb-inside\/open-access-tage-2023-mehr-open-access-geht-nicht\/\" target=\"_blank\" rel=\"noreferrer noopener\">Berlin<\/a>&nbsp;mehrere Tage vor Anmeldeschluss ausgebucht waren, ging diesmal schon am Montag nach der Anmeldungser\u00f6ffnung am Freitag Nachmittags nichts mehr! Es standen aus Raumkapazit\u00e4ts- und Brandschutzauflagengr\u00fcnden nur 300 Pl\u00e4tze zur Verf\u00fcgung, und die reichen offenbar \u201chinten und vorne nicht\u201c f\u00fcr das Interesse an Open Access im deutschsprachigen Raum.<br>So begab es sich also, dass ich diesmal alleine unterwegs war, obwohl das \u201cAusschw\u00e4rmen-K\u00f6nnen\u201d und der Austausch mit mehreren Kolleg:innen im letzten Jahr sehr hilfreich war.<\/p>\n\n\n\n<p><a href=\"#Programm\">Das Programm der Tagung<\/a><\/p>\n\n\n\n<ul class=\"wp-block-list\">\n<li><a href=\"#Empfehlungen\">\u201cEmpfehlungen der Redaktion\u201d<\/a><\/li>\n\n\n\n<li><a href=\"#DiesDas\">Dies &amp; Das<\/a><\/li>\n<\/ul>\n\n\n\n<p><a href=\"#Touristisches\">Touristisches<\/a><br><a href=\"#Berichteanderswo\">Berichte anderswo<\/a><br><a href=\"#OAT25\">#OAT25<\/a><\/p>\n\n\n\n<p><a href=\"#Programmuebersicht\">\u00dcbersicht \u00fcber alle Veranstaltungen<\/a><\/p>\n\n\n\n<ul class=\"wp-block-list\">\n<li><a href=\"#Keynotes\">Keynote-Vortr\u00e4ge<\/a><\/li>\n\n\n\n<li><a href=\"#Sessions\">Sessions<\/a><\/li>\n\n\n\n<li><a href=\"#Workshops\">Workshops<\/a><\/li>\n\n\n\n<li><a href=\"#Poster\">Poster<\/a><\/li>\n\n\n\n<li><a href=\"#Toolmarktplatz\">Tool-Marktplatz<\/a><\/li>\n\n\n\n<li><a href=\"#Fuehrungen\">(Bibliotheks-)F\u00fchrungen<\/a><\/li>\n\n\n\n<li><a href=\"#SocialEvents\">Social Events<\/a><\/li>\n<\/ul>\n\n\n\n<h2 class=\"wp-block-heading\" id=\"Programm\">Das Programm der Tagung<\/h2>\n\n\n\n<p>Die&nbsp;<a href=\"https:\/\/open-access-tage.de\/open-access-tage-2024-koeln\/koeln\/programm\" target=\"_blank\" rel=\"noreferrer noopener\">zweieinhalb Tage<\/a>&nbsp;standen unter dem Motto \u201cDEAL, Diamond and beyond \u2013 Open Access zwischen Souver\u00e4nit\u00e4t und Abh\u00e4ngigkeit\u201d.<\/p>\n\n\n\n<p>Ganz unten unter diesem Beitrag gibt es, wie schon im letzten Jahr, das komplette Programm f\u00fcr einen \u00dcberblick \u00fcber die Themen, die zurzeit \u201cin Sachen Open Access\u201d relevant sind, und die Einrichtungen und Kolleg:innen, die \u201cBerichtenswertes\u201d im Gep\u00e4ck hatten.<br>An mit # markierten Veranstaltungen habe ich teilgenommen; bei Fragen dazu gerne melden.<\/p>\n\n\n\n<p>Die Folien zu den Vortr\u00e4gen und die Poster werden&nbsp;<a href=\"https:\/\/zenodo.org\/communities\/oat24\/records?q=&amp;l=list&amp;p=1&amp;s=10&amp;sort=newest\" target=\"_blank\" rel=\"noreferrer noopener\">auf Zenodo<\/a>&nbsp;gesammelt. Die Videoaufzeichnungen werden wieder im TIB-AV-Portal ver\u00f6ffentlicht; bis dahin stehen noch die mitgeschnittenen Streamings<a href=\"https:\/\/www.youtube.com\/@zb_med\" target=\"_blank\" rel=\"noreferrer noopener\">&nbsp;auf dem YouTube-Kanal der ZB Med<\/a>&nbsp;zur Verf\u00fcgung.<\/p>\n\n\n\n<p>Unter dem Hashtag #OAT24 gab es ein paar&nbsp;<a href=\"https:\/\/twitter.com\/search?q=%24oat23&amp;src=typed_query&amp;f=live\" target=\"_blank\" rel=\"noreferrer noopener\">Tweets<\/a>&nbsp;und sehr viel mehr&nbsp;<a href=\"https:\/\/openbiblio.social\/tags\/oat24\" target=\"_blank\" rel=\"noreferrer noopener\">Toots<\/a>.<\/p>\n\n\n\n<h3 class=\"wp-block-heading\" id=\"Empfehlungen\">\u201cEmpfehlungen der Redaktion\u201d<\/h3>\n\n\n\n<p>Wenn man sich nur ein paar Folien oder Aufzeichnungen herauspicken will, w\u00fcrde ich zu diesen raten:<\/p>\n\n\n\n<p>Keynote 1:&nbsp;<strong>Diamond OA: Vierte und finale Welle der Open-Access-F\u00f6rderung?<\/strong><br>Niels Taubert (Universit\u00e4t Bielefeld)<\/p>\n\n\n\n<ul class=\"wp-block-list\">\n<li><a href=\"https:\/\/www.youtube.com\/watch?v=_nNQwKxjmkA&amp;t=2468s\" target=\"_blank\" rel=\"noreferrer noopener\"><em>Aufzeichnung<\/em><\/a>,&nbsp;<a href=\"https:\/\/openbiblio.social\/@v_i_o_l_a\/113112356833619095\" target=\"_blank\" rel=\"noreferrer noopener\"><em>Mastodon-Thread<\/em><\/a><em>&nbsp;&nbsp;<\/em><\/li>\n\n\n\n<li>eine gute Zusammenfassung der bisherigen OA-Geschichte in vier \u201cWellen\u201d: 1. Institutionelle Repositorien, 2. Article Processing Charges &amp; Publikationsfonds, 3. Transformationsvertr\u00e4ge, 4.Diamond Open Access \u2013 f\u00fcr Diamond Open Access als sich zurzeit \u201caufbauender\u201d Welle stellt sich jetzt die Frage, was man aus den ersten drei Wellen lernen kann, damit die vierte nicht auch in \u201cErn\u00fcchterung und Entt\u00e4uschung\u201d endet<\/li>\n\n\n\n<li>eine Untersuchung der aktuellen Landschaft von Diamond-Open-Access-Journals in Deutschland, die Taubert durchgef\u00fchrt hat, hat Unterschiede in den Disziplinen und den herausgebenden Einrichtungen aufgezeigt; f\u00fcr kleine Journals, gibt es mittlerweile einen \u201cProof of Concept\u201d, aber f\u00fcr gro\u00dfe Journals noch nicht<\/li>\n\n\n\n<li>der Vortrag endete mit einigen guten Schlussfolgerungen&nbsp;<a href=\"https:\/\/openbiblio.social\/@v_i_o_l_a\/113112642160938499\" target=\"_blank\" rel=\"noreferrer noopener\">auf der letzten Folie<\/a><\/li>\n<\/ul>\n\n\n\n<p>Session 4, Vortrag 2: <strong>Achten, wahren, st\u00e4rken, f\u00f6rdern \u2013 Im Dialog mit der wissenschaftlichen Community nachhaltige Praxis gestalten<\/strong><br>Susanne Luger, Clara Ginther, Andreas Ferus, Edith Leitner, Johanna Hubweber, Ursula Ulrych (Johannes Kepler Universit\u00e4t Linz,Veterin\u00e4rmedizinische Universit\u00e4t Wien, Akademie der bildenden K\u00fcnste Wien, Universit\u00e4t Mozarteum Salzburg, Wirtschaftsuniversit\u00e4t Wien, Universit\u00e4t Wien, AT2OA2)<\/p>\n\n\n\n<ul class=\"wp-block-list\">\n<li><em><a href=\"https:\/\/doi.org\/10.5281\/zenodo.13847777\" target=\"_blank\" rel=\"noreferrer noopener\">Folien<\/a>, <a href=\"https:\/\/openbiblio.social\/@v_i_o_l_a\/113113637186960816\" target=\"_blank\" rel=\"noreferrer noopener\">Mastodon-Thread<\/a><\/em><\/li>\n\n\n\n<li>\u201cFacilitation\u201d als Modell f\u00fcr die Kommunikation mit Wissenschaftlern<\/li>\n\n\n\n<li>handliche \u00dcbersicht \u00fcber die wichtigsten Punkte der \u201cFaciliation\u201d<\/li>\n\n\n\n<li>bislang haben die Kolleg:innen erst zwei Veranstaltungen damit durchgef\u00fchrt, aber sie konnten schon einige gute Erfahrungen sammeln<\/li>\n<\/ul>\n\n\n\n<p>Session 6, Vortrag 3:\u00a0<strong>Alle wollen Open Access, aber nicht alle setzen sich durch.<\/strong><br>Sarah Dellmann (TUB Hannover)<\/p>\n\n\n\n<ul class=\"wp-block-list\">\n<li><a href=\"https:\/\/zenodo.org\/records\/13749526\" target=\"_blank\" rel=\"noreferrer noopener\"><em>Folien<\/em><\/a><em>,&nbsp;<\/em><a href=\"https:\/\/www.youtube.com\/watch?v=uQUVRTHSKHc&amp;t=4420s\" target=\"_blank\" rel=\"noreferrer noopener\"><em>Aufzeichnung<\/em><\/a><em>,&nbsp;<\/em><a href=\"https:\/\/openbiblio.social\/@v_i_o_l_a\/113118018183758009\" target=\"_blank\" rel=\"noreferrer noopener\"><em>Mastodon-Thread<\/em><\/a><\/li>\n\n\n\n<li>gute \u00dcberlegungen \u201czum Gro\u00dfen Ganzen\u201d&nbsp;<\/li>\n<\/ul>\n\n\n\n<p>Poster:&nbsp;<strong>I got 89 problems\u2026 H\u00fcrden des Open-Access-Publizierens: Ergebnisse einer Literatur\u00fcbersicht (2004\u20132023)<\/strong><br>Nataliia Kaliuzhna, Dr. Zeynep Aydin, Christian Hauschke (TIB Hannover)<\/p>\n\n\n\n<ul class=\"wp-block-list\">\n<li><a href=\"https:\/\/doi.org\/10.5281\/zenodo.13747746\" target=\"_blank\" rel=\"noreferrer noopener\">PDF<\/a>&nbsp;auf Zenodo<\/li>\n\n\n\n<li>interessante Ergebnisse einer Literaturstudie zu Barrieren, die sich Wissenschaftler:innen beim Publizieren in den Weg stellen k\u00f6nnen, nett visualisiert mit \u201cshark content\u201d<\/li>\n<\/ul>\n\n\n\n<h3 class=\"wp-block-heading\" id=\"DiesDas\">Dies &amp; Das<\/h3>\n\n\n\n<p>Philipp Zumstein von der UB Mannheim hat auch in diesem Jahr das Tagungsprogramm f\u00fcr die<a href=\"https:\/\/play.google.com\/store\/apps\/details?id=net.gaast.giggity&amp;hl=de\" target=\"_blank\" rel=\"noreferrer noopener\">&nbsp;<strong>App \u201cGiggity<\/strong>\u201d<\/a>&nbsp;aufbereitet. Sehr praktisch, und vielleicht auch eine Idee f\u00fcr andere Veranstaltungen mit mehreren \u201cTeilen\u201d, \u00fcber die es einen handlichen \u00dcberblick geben soll.<\/p>\n\n\n\n<p>Das \u201cSocial event\u201d am ersten Abend fand statt im&nbsp; \u201cHauptgeb\u00e4ude der Humanwissenschaftlichen Fakult\u00e4t\u201d der Uni K\u00f6ln. Die(ser Standort der) Uni K\u00f6ln ist nicht unbedingt sch\u00f6n \u2026 aber es gibt hier die vermutlich niedlichste Toilettenausschilderung auf dem Campus!<\/p>\n\n\n\n<figure class=\"wp-block-gallery has-nested-images columns-default is-cropped wp-block-gallery-1 is-layout-flex wp-block-gallery-is-layout-flex\">\n<figure class=\"wp-block-image size-large\"><img loading=\"lazy\" decoding=\"async\" width=\"1024\" height=\"1024\" data-id=\"14536\" src=\"https:\/\/www.x-v-x.de\/blog\/wp-content\/pics\/OAT24_02-1024x1024.jpg\" alt=\"\" class=\"wp-image-14536\" srcset=\"https:\/\/www.x-v-x.de\/blog\/wp-content\/pics\/OAT24_02-1024x1024.jpg 1024w, https:\/\/www.x-v-x.de\/blog\/wp-content\/pics\/OAT24_02-300x300.jpg 300w, https:\/\/www.x-v-x.de\/blog\/wp-content\/pics\/OAT24_02-250x250.jpg 250w, https:\/\/www.x-v-x.de\/blog\/wp-content\/pics\/OAT24_02-768x768.jpg 768w, https:\/\/www.x-v-x.de\/blog\/wp-content\/pics\/OAT24_02.jpg 1200w\" sizes=\"auto, (max-width: 1024px) 100vw, 1024px\" \/><\/figure>\n\n\n\n<figure class=\"wp-block-image size-large\"><img loading=\"lazy\" decoding=\"async\" width=\"1024\" height=\"1024\" data-id=\"14546\" src=\"https:\/\/www.x-v-x.de\/blog\/wp-content\/pics\/OAT24_Uni-Toilette_1-1024x1024.jpg\" alt=\"\" class=\"wp-image-14546\" srcset=\"https:\/\/www.x-v-x.de\/blog\/wp-content\/pics\/OAT24_Uni-Toilette_1-1024x1024.jpg 1024w, https:\/\/www.x-v-x.de\/blog\/wp-content\/pics\/OAT24_Uni-Toilette_1-300x300.jpg 300w, https:\/\/www.x-v-x.de\/blog\/wp-content\/pics\/OAT24_Uni-Toilette_1-250x250.jpg 250w, https:\/\/www.x-v-x.de\/blog\/wp-content\/pics\/OAT24_Uni-Toilette_1-768x768.jpg 768w, https:\/\/www.x-v-x.de\/blog\/wp-content\/pics\/OAT24_Uni-Toilette_1.jpg 1200w\" sizes=\"auto, (max-width: 1024px) 100vw, 1024px\" \/><\/figure>\n\n\n\n<figure class=\"wp-block-image size-large\"><img loading=\"lazy\" decoding=\"async\" width=\"1024\" height=\"1024\" data-id=\"14547\" src=\"https:\/\/www.x-v-x.de\/blog\/wp-content\/pics\/OAT24_Uni-Toilette_2-1024x1024.jpg\" alt=\"\" class=\"wp-image-14547\" srcset=\"https:\/\/www.x-v-x.de\/blog\/wp-content\/pics\/OAT24_Uni-Toilette_2-1024x1024.jpg 1024w, https:\/\/www.x-v-x.de\/blog\/wp-content\/pics\/OAT24_Uni-Toilette_2-300x300.jpg 300w, https:\/\/www.x-v-x.de\/blog\/wp-content\/pics\/OAT24_Uni-Toilette_2-250x250.jpg 250w, https:\/\/www.x-v-x.de\/blog\/wp-content\/pics\/OAT24_Uni-Toilette_2-768x768.jpg 768w, https:\/\/www.x-v-x.de\/blog\/wp-content\/pics\/OAT24_Uni-Toilette_2.jpg 1200w\" sizes=\"auto, (max-width: 1024px) 100vw, 1024px\" \/><\/figure>\n<\/figure>\n\n\n\n<p>Es gab an dem Abend nicht, wie eigentlich geplant, einen Open-Access-Slam, weil es nicht genug Anmeldungen gab; stattdessen gab es ein nettes K\u00f6ln-Quiz.<\/p>\n\n\n\n<figure class=\"wp-block-gallery has-nested-images columns-default is-cropped wp-block-gallery-2 is-layout-flex wp-block-gallery-is-layout-flex\">\n<figure class=\"wp-block-image size-large\"><img loading=\"lazy\" decoding=\"async\" width=\"1024\" height=\"1024\" data-id=\"14539\" src=\"https:\/\/www.x-v-x.de\/blog\/wp-content\/pics\/OAT24_Koeln-Quiz_1-1024x1024.jpg\" alt=\"\" class=\"wp-image-14539\" srcset=\"https:\/\/www.x-v-x.de\/blog\/wp-content\/pics\/OAT24_Koeln-Quiz_1-1024x1024.jpg 1024w, https:\/\/www.x-v-x.de\/blog\/wp-content\/pics\/OAT24_Koeln-Quiz_1-300x300.jpg 300w, https:\/\/www.x-v-x.de\/blog\/wp-content\/pics\/OAT24_Koeln-Quiz_1-250x250.jpg 250w, https:\/\/www.x-v-x.de\/blog\/wp-content\/pics\/OAT24_Koeln-Quiz_1-768x768.jpg 768w, https:\/\/www.x-v-x.de\/blog\/wp-content\/pics\/OAT24_Koeln-Quiz_1.jpg 1200w\" sizes=\"auto, (max-width: 1024px) 100vw, 1024px\" \/><\/figure>\n\n\n\n<figure class=\"wp-block-image size-large\"><img loading=\"lazy\" decoding=\"async\" width=\"1024\" height=\"1024\" data-id=\"14540\" src=\"https:\/\/www.x-v-x.de\/blog\/wp-content\/pics\/OAT24_Koeln-Quiz_2-1024x1024.jpg\" alt=\"\" class=\"wp-image-14540\" srcset=\"https:\/\/www.x-v-x.de\/blog\/wp-content\/pics\/OAT24_Koeln-Quiz_2-1024x1024.jpg 1024w, https:\/\/www.x-v-x.de\/blog\/wp-content\/pics\/OAT24_Koeln-Quiz_2-300x300.jpg 300w, https:\/\/www.x-v-x.de\/blog\/wp-content\/pics\/OAT24_Koeln-Quiz_2-250x250.jpg 250w, https:\/\/www.x-v-x.de\/blog\/wp-content\/pics\/OAT24_Koeln-Quiz_2-768x768.jpg 768w, https:\/\/www.x-v-x.de\/blog\/wp-content\/pics\/OAT24_Koeln-Quiz_2.jpg 1200w\" sizes=\"auto, (max-width: 1024px) 100vw, 1024px\" \/><\/figure>\n\n\n\n<figure class=\"wp-block-image size-large\"><img loading=\"lazy\" decoding=\"async\" width=\"1024\" height=\"1024\" data-id=\"14541\" src=\"https:\/\/www.x-v-x.de\/blog\/wp-content\/pics\/OAT24_Koeln-Quiz_3-1024x1024.jpg\" alt=\"\" class=\"wp-image-14541\" srcset=\"https:\/\/www.x-v-x.de\/blog\/wp-content\/pics\/OAT24_Koeln-Quiz_3-1024x1024.jpg 1024w, https:\/\/www.x-v-x.de\/blog\/wp-content\/pics\/OAT24_Koeln-Quiz_3-300x300.jpg 300w, https:\/\/www.x-v-x.de\/blog\/wp-content\/pics\/OAT24_Koeln-Quiz_3-250x250.jpg 250w, https:\/\/www.x-v-x.de\/blog\/wp-content\/pics\/OAT24_Koeln-Quiz_3-768x768.jpg 768w, https:\/\/www.x-v-x.de\/blog\/wp-content\/pics\/OAT24_Koeln-Quiz_3.jpg 1200w\" sizes=\"auto, (max-width: 1024px) 100vw, 1024px\" \/><\/figure>\n\n\n\n<figure class=\"wp-block-image size-large\"><img loading=\"lazy\" decoding=\"async\" width=\"1024\" height=\"1024\" data-id=\"14542\" src=\"https:\/\/www.x-v-x.de\/blog\/wp-content\/pics\/OAT24_Koeln-Quiz_4-1024x1024.jpg\" alt=\"\" class=\"wp-image-14542\" srcset=\"https:\/\/www.x-v-x.de\/blog\/wp-content\/pics\/OAT24_Koeln-Quiz_4-1024x1024.jpg 1024w, https:\/\/www.x-v-x.de\/blog\/wp-content\/pics\/OAT24_Koeln-Quiz_4-300x300.jpg 300w, https:\/\/www.x-v-x.de\/blog\/wp-content\/pics\/OAT24_Koeln-Quiz_4-250x250.jpg 250w, https:\/\/www.x-v-x.de\/blog\/wp-content\/pics\/OAT24_Koeln-Quiz_4-768x768.jpg 768w, https:\/\/www.x-v-x.de\/blog\/wp-content\/pics\/OAT24_Koeln-Quiz_4.jpg 1200w\" sizes=\"auto, (max-width: 1024px) 100vw, 1024px\" \/><\/figure>\n<\/figure>\n\n\n\n<p>Selbst bei der Auswahl der angebotenen Getr\u00e4nke in der \u201cTransferbar\u201d war \u201cgold &amp; gr\u00fcn\u201d ein Kriterium!&nbsp;<br>Und selbst f\u00fcr Open-Access-Leute muss es manchmal eine Geschlossene Gesellschaft sein.<\/p>\n\n\n\n<figure class=\"wp-block-gallery has-nested-images columns-default is-cropped wp-block-gallery-3 is-layout-flex wp-block-gallery-is-layout-flex\">\n<figure class=\"wp-block-image size-large\"><img loading=\"lazy\" decoding=\"async\" width=\"1024\" height=\"1024\" data-id=\"14543\" src=\"https:\/\/www.x-v-x.de\/blog\/wp-content\/pics\/OAT24_Limonade-1-1024x1024.jpg\" alt=\"\" class=\"wp-image-14543\" srcset=\"https:\/\/www.x-v-x.de\/blog\/wp-content\/pics\/OAT24_Limonade-1-1024x1024.jpg 1024w, https:\/\/www.x-v-x.de\/blog\/wp-content\/pics\/OAT24_Limonade-1-300x300.jpg 300w, https:\/\/www.x-v-x.de\/blog\/wp-content\/pics\/OAT24_Limonade-1-250x250.jpg 250w, https:\/\/www.x-v-x.de\/blog\/wp-content\/pics\/OAT24_Limonade-1-768x768.jpg 768w, https:\/\/www.x-v-x.de\/blog\/wp-content\/pics\/OAT24_Limonade-1.jpg 1200w\" sizes=\"auto, (max-width: 1024px) 100vw, 1024px\" \/><\/figure>\n\n\n\n<figure class=\"wp-block-image size-large\"><img loading=\"lazy\" decoding=\"async\" width=\"1024\" height=\"1024\" data-id=\"14544\" src=\"https:\/\/www.x-v-x.de\/blog\/wp-content\/pics\/OAT24_Limonade-2-1024x1024.jpg\" alt=\"\" class=\"wp-image-14544\" srcset=\"https:\/\/www.x-v-x.de\/blog\/wp-content\/pics\/OAT24_Limonade-2-1024x1024.jpg 1024w, https:\/\/www.x-v-x.de\/blog\/wp-content\/pics\/OAT24_Limonade-2-300x300.jpg 300w, https:\/\/www.x-v-x.de\/blog\/wp-content\/pics\/OAT24_Limonade-2-250x250.jpg 250w, https:\/\/www.x-v-x.de\/blog\/wp-content\/pics\/OAT24_Limonade-2-768x768.jpg 768w, https:\/\/www.x-v-x.de\/blog\/wp-content\/pics\/OAT24_Limonade-2.jpg 1200w\" sizes=\"auto, (max-width: 1024px) 100vw, 1024px\" \/><\/figure>\n\n\n\n<figure class=\"wp-block-image size-large\"><img loading=\"lazy\" decoding=\"async\" width=\"1024\" height=\"1024\" data-id=\"14538\" src=\"https:\/\/www.x-v-x.de\/blog\/wp-content\/pics\/OAT24_Geschlossene-Gesellschaft-1024x1024.jpg\" alt=\"\" class=\"wp-image-14538\" srcset=\"https:\/\/www.x-v-x.de\/blog\/wp-content\/pics\/OAT24_Geschlossene-Gesellschaft-1024x1024.jpg 1024w, https:\/\/www.x-v-x.de\/blog\/wp-content\/pics\/OAT24_Geschlossene-Gesellschaft-300x300.jpg 300w, https:\/\/www.x-v-x.de\/blog\/wp-content\/pics\/OAT24_Geschlossene-Gesellschaft-250x250.jpg 250w, https:\/\/www.x-v-x.de\/blog\/wp-content\/pics\/OAT24_Geschlossene-Gesellschaft-768x768.jpg 768w, https:\/\/www.x-v-x.de\/blog\/wp-content\/pics\/OAT24_Geschlossene-Gesellschaft.jpg 1200w\" sizes=\"auto, (max-width: 1024px) 100vw, 1024px\" \/><\/figure>\n<\/figure>\n\n\n\n<p>Viele Herausforderungen \u2013 nicht ganz so viele L\u00f6sungen: Diese Notizsammlung aus einem Workshop hat fast Symbolcharakter \u2026<\/p>\n\n\n\n<figure class=\"wp-block-image size-large\"><a href=\"https:\/\/www.x-v-x.de\/blog\/wp-content\/pics\/OAT24_Probleme-Loesungen.jpg\" target=\"_blank\" rel=\"noreferrer noopener\"><img loading=\"lazy\" decoding=\"async\" width=\"1024\" height=\"1024\" src=\"https:\/\/www.x-v-x.de\/blog\/wp-content\/pics\/OAT24_Probleme-Loesungen-1024x1024.jpg\" alt=\"\" class=\"wp-image-14545\" srcset=\"https:\/\/www.x-v-x.de\/blog\/wp-content\/pics\/OAT24_Probleme-Loesungen-1024x1024.jpg 1024w, https:\/\/www.x-v-x.de\/blog\/wp-content\/pics\/OAT24_Probleme-Loesungen-300x300.jpg 300w, https:\/\/www.x-v-x.de\/blog\/wp-content\/pics\/OAT24_Probleme-Loesungen-250x250.jpg 250w, https:\/\/www.x-v-x.de\/blog\/wp-content\/pics\/OAT24_Probleme-Loesungen-768x768.jpg 768w, https:\/\/www.x-v-x.de\/blog\/wp-content\/pics\/OAT24_Probleme-Loesungen.jpg 1200w\" sizes=\"auto, (max-width: 1024px) 100vw, 1024px\" \/><\/a><\/figure>\n\n\n\n<h2 class=\"wp-block-heading\" id=\"Touristisches\">Touristisches<\/h2>\n\n\n\n<ul class=\"wp-block-list\">\n<li>Aus alter Verbundenheit aus MALIS-Tagen und \u2013 noch mehr \u2013 aufgrund der guten Lage zur TH als Veranstaltungsort habe ich im&nbsp;<a href=\"https:\/\/hotel-chlodwigplatz.koeln\/\" target=\"_blank\" rel=\"noreferrer noopener\"><strong>Hotel am Chlodwiglatz<\/strong><\/a>&nbsp;\u00fcbernachtet. Wer es noch aus den Zeiten des fr\u00fcheren Inhaber-Ehepaars kennt: Es wurde mittlerweile fast vollst\u00e4ndig renoviert, ist aber immer noch gem\u00fctlich, und das Fr\u00fchst\u00fcck im Caf\u00e9, das jetzt in den R\u00e4umen der fr\u00fcheren Rezeption und des Fr\u00fchst\u00fccksraums eingezogen ist, ist lecker.<\/li>\n\n\n\n<li>Falls sich jemand f\u00fcr die&nbsp;<strong>Kunst an und in den Geb\u00e4uden der TH K\u00f6ln<\/strong>&nbsp;interessiert, findet&nbsp;<a href=\"https:\/\/nbn-resolving.org\/urn:nbn:de:hbz:832-cos4-9342\" target=\"_blank\" rel=\"noreferrer noopener\">in dieser Publikation<\/a>&nbsp;zahlreiche Infos.<\/li>\n\n\n\n<li>Eigentlich hatte ich am letzten Veranstaltungstag eine&nbsp;<strong>F\u00fchrung durch die USB K\u00f6ln<\/strong>&nbsp;gebucht, aber aufgrund der knappen Zeiten zwischen Tagungsende und F\u00fchrungsbeginn, erschwert durch \u201cInput Overflow\u201d, habe ich die Buchung abgesagt. Michaela Vogt von der TU Berlin hat an einem fr\u00fcheren Termin teilnehmen k\u00f6nnen und ein paar&nbsp;<a href=\"https:\/\/openbiblio.social\/@mvoigt\/113113981221063064\" target=\"_blank\" rel=\"noreferrer noopener\">Fotos mit Kommentaren ver\u00f6ffentlicht<\/a>.<\/li>\n<\/ul>\n\n\n<div class=\"wp-block-image\">\n<figure class=\"aligncenter size-large is-resized\"><img loading=\"lazy\" decoding=\"async\" width=\"1024\" height=\"1024\" src=\"https:\/\/www.x-v-x.de\/blog\/wp-content\/pics\/OAT24_Funkmietwagen-1024x1024.jpg\" alt=\"\" class=\"wp-image-14537\" style=\"width:350px;height:auto\" srcset=\"https:\/\/www.x-v-x.de\/blog\/wp-content\/pics\/OAT24_Funkmietwagen-1024x1024.jpg 1024w, https:\/\/www.x-v-x.de\/blog\/wp-content\/pics\/OAT24_Funkmietwagen-300x300.jpg 300w, https:\/\/www.x-v-x.de\/blog\/wp-content\/pics\/OAT24_Funkmietwagen-250x250.jpg 250w, https:\/\/www.x-v-x.de\/blog\/wp-content\/pics\/OAT24_Funkmietwagen-768x768.jpg 768w, https:\/\/www.x-v-x.de\/blog\/wp-content\/pics\/OAT24_Funkmietwagen.jpg 1200w\" sizes=\"auto, (max-width: 1024px) 100vw, 1024px\" \/><figcaption class=\"wp-element-caption\"><em>\u2026 aus der Reihe \u201eFachbegriffe, die man nicht mehr so h\u00e4ufig sieht\u201c \u2026<\/em><\/figcaption><\/figure>\n<\/div>\n\n\n<h2 class=\"wp-block-heading\" id=\"Berichteanderswo\">Berichte anderswo<\/h2>\n\n\n\n<ul class=\"wp-block-list\">\n<li>Helmholtz Open Science Office:&nbsp;<a href=\"https:\/\/os.helmholtz.de\/aktuelles\/news\/artikel\/bericht-open-access-tage-2024\/\" target=\"_blank\" rel=\"noreferrer noopener\">Bericht von den Open-Access-Tagen 2024<\/a><\/li>\n\n\n\n<li>Landesinitiative openaccess.nrw:&nbsp;<a href=\"https:\/\/openaccess.nrw\/index.php\/bericht-zu-den-oa-tagen-2024\/\" target=\"_blank\" rel=\"noreferrer noopener\">Bericht zu den OA-Tagen 2024<\/a><\/li>\n\n\n\n<li><a href=\"https:\/\/www.pid-network.de\/neuigkeiten\/blog\/pid-network-bei-den-open-access-tagen-2024-ein-kurzer-bericht\" target=\"_blank\" rel=\"noreferrer noopener\">PID Network auf den Open Access Tagen 2024 \u2013 Ein kurzer Bericht<\/a><\/li>\n<\/ul>\n\n\n\n<h2 class=\"wp-block-heading\" id=\"OAT25\">#OAT25<\/h2>\n\n\n\n<p>Die Open-Access-Tage 2025 werden vom 17. bis zum 19.9. in Konstanz stattfinden \u2013 als eine Art Notl\u00f6sung, weil sich sonst leider kein anderer Austragungsort beworben hat, aber Anja Oberl\u00e4nder, eine der Gr\u00fcnder:innen der OAT, keine \u201cL\u00fccke\u201d rei\u00dfen lassen wollte.&nbsp;<\/p>\n\n\n\n<p>Auf dem Konstanzer Campus soll es wohl mehr Platz geben, sodass die Anmeldung hoffentlich nicht nach einem Wochenende wieder ausgebucht sein wird.&nbsp;&nbsp;<\/p>\n\n\n\n<h2 class=\"wp-block-heading\" id=\"Programmuebersicht\">\u00dcbersicht \u00fcber alle Veranstaltungen<\/h2>\n\n\n\n<p><em>Auf den&nbsp;<\/em><a href=\"https:\/\/open-access-tage.de\/open-access-tage-2024-koeln\/koeln\/programm\" target=\"_blank\" rel=\"noreferrer noopener\"><em>Programm-Seiten<\/em><\/a><em>&nbsp;gibt es jeweils Abstracts zu den Programmpunkten.<\/em><\/p>\n\n\n\n<h3 class=\"wp-block-heading\" id=\"Keynotes\">Keynote-Vortr\u00e4ge&nbsp;<\/h3>\n\n\n\n<ol class=\"wp-block-list\">\n<li><strong>Diamond OA: Vierte und finale Welle der Open-Access-F\u00f6rderung?<\/strong>&nbsp;#<br>Niels Taubert (Universit\u00e4t Bielefeld)\n<ul class=\"wp-block-list\">\n<li><a href=\"https:\/\/www.youtube.com\/watch?v=_nNQwKxjmkA&amp;t=2468s\" target=\"_blank\" rel=\"noreferrer noopener\"><em>Aufzeichnung<\/em><\/a>,&nbsp;<a href=\"https:\/\/openbiblio.social\/@v_i_o_l_a\/113112356833619095\" target=\"_blank\" rel=\"noreferrer noopener\"><em>Mastodon-Thread<\/em><\/a><em>&nbsp;&nbsp;<\/em><\/li>\n<\/ul>\n<\/li>\n\n\n\n<li><strong>Imagining the future of scholarly communication: EU policies and activities and the case of Open Research Europe&nbsp;<\/strong>#<br>Victoria Tsoukala (Europ\u00e4ische Kommission)\n<ul class=\"wp-block-list\">\n<li><a href=\"https:\/\/www.youtube.com\/watch?v=tU96jAetiG8&amp;t=16766s\" target=\"_blank\" rel=\"noreferrer noopener\"><em>Aufzeichnung<\/em><\/a><em>,<\/em><a href=\"https:\/\/openbiblio.social\/@v_i_o_l_a\/113118879288847691\" target=\"_blank\" rel=\"noreferrer noopener\"><em>&nbsp;Mastodon-Thread<\/em><\/a><\/li>\n<\/ul>\n<\/li>\n\n\n\n<li><strong>Umsetzung der Open Science-Agenda \u2013 Der Beitrag der Deutschen UNESCO-Kommission&nbsp;<\/strong>#<br>Fatma Rebeggiani (UNESCO Deutschland)\n<ul class=\"wp-block-list\">\n<li><a href=\"https:\/\/www.youtube.com\/watch?v=CwBCapyjbS4&amp;t=18249s\" target=\"_blank\" rel=\"noreferrer noopener\"><em>Aufzeichnung<\/em><\/a><em>,<\/em><a href=\"https:\/\/elk.zone\/openbiblio.social\/@v_i_o_l_a\/113124509532680564\" target=\"_blank\" rel=\"noreferrer noopener\"><em>&nbsp;Mastodon-Thread<\/em><\/a><\/li>\n<\/ul>\n<\/li>\n<\/ol>\n\n\n\n<h3 class=\"wp-block-heading\" id=\"Podiumsdiskussion\">Podiumsdiskussion<\/h3>\n\n\n\n<p>Diskussion&nbsp;<strong>\u201cPublish and pay or Perish?!\u201d&nbsp;<\/strong>#<br>Moderation: Angela Holzer, Diskutant:innen:&nbsp;<\/p>\n\n\n\n<ul class=\"wp-block-list\">\n<li>Prof. Matthias Bartelmann, Universit\u00e4t Heidelberg<\/li>\n\n\n\n<li>Prof. Nikolas Eisentraut, Universit\u00e4t Hannover<\/li>\n\n\n\n<li>Dr. Tobias Grimm, DFG<\/li>\n\n\n\n<li>Dr. Caroline Lei\u00df, UB der TU M\u00fcnchen<\/li>\n\n\n\n<li>Dr. Guido F. Herrmann, Wiley-VCh<\/li>\n\n\n\n<li>Peter Roth, MDPI<\/li>\n<\/ul>\n\n\n\n<p><a href=\"https:\/\/www.youtube.com\/watch?v=CwBCapyjbS4&amp;t=0s\" target=\"_blank\" rel=\"noreferrer noopener\"><em>Aufzeichnung<\/em><\/a><em>,<\/em><a href=\"https:\/\/openbiblio.social\/@v_i_o_l_a\/113123239456871886\" target=\"_blank\" rel=\"noreferrer noopener\"><em>&nbsp;Mastodon-Thread<\/em><\/a><\/p>\n\n\n\n<h3 class=\"wp-block-heading\" id=\"Sessions\">Sessions<\/h3>\n\n\n\n<p><strong>1. Fachperspektiven und Vernetzung<\/strong><\/p>\n\n\n\n<ul class=\"wp-block-list\">\n<li><strong>Diamond is the arts\u2019 best friend \u2013 eine Utopie?<\/strong><br>Friederike Kramer (Universit\u00e4t der K\u00fcnste Berlin), Fr\u00e9d\u00e9ric Dubois (Internationale Filmschule K\u00f6ln)<\/li>\n\n\n\n<li><strong>Aktive Vernetzung der ZBW mit der Wirtschaftsforschung im Kontext der Open-Access-Transformation<\/strong><br>Ralf Toepfer (ZBW \u2013 Leibniz-Informationszentrum Wirtschaft)<\/li>\n\n\n\n<li><strong>Gemeinsam st\u00e4rker: F\u00f6rderung von Open Access durch Plattformintegration<\/strong><br>Franciska Heenes, Maike Lang (USB K\u00f6ln)<\/li>\n<\/ul>\n\n\n\n<p><strong>2. Konsortien und Finanzierungsmodelle<\/strong><\/p>\n\n\n\n<ul class=\"wp-block-list\">\n<li><strong>Konsortiale Chancen zur aktiven Steuerung der OA-Transformation<\/strong><br>Karolin Bove (SLUB Dresden)<\/li>\n\n\n\n<li><strong>S2O, D2O, Sponsoring und Co: Diverse OA-Finanzierung im Informationsbudget verankern<\/strong><br>Roland Wagner, UB Frankfurt\/Main)<\/li>\n\n\n\n<li><strong>SCOAP\u00b3-DH: Stand 2024 \u2013 Bilanz und Ausblick<\/strong><br>Judith Ludwig (TIB Hannover)<\/li>\n<\/ul>\n\n\n\n<p><strong>3. Kosten und Transparenz<\/strong><\/p>\n\n\n\n<ul class=\"wp-block-list\">\n<li><strong>Informationsbudget \u2013 Ist ein Blick \u00fcber den eigenen Tellerrand notwendig?<\/strong><br>Gernot Deinzer (UB Regensburg)<\/li>\n\n\n\n<li><strong>openCost in der Praxis: \u00dcbermittlung und Auswertung von Kostendaten an OpenAPC im Rahmen des DFG-Programms Open-Access-Publikationskosten<\/strong><br>Julia Bartlewski, Christoph Broschinski, Dirk Pieper, Gernot Deinzer, Cornelia Lang, Bianca Schweighofer, Colin Sippl, Silke Weisheit, Lisa-Marie Stein, Alexander Wagner (UB Bielefeld, UB Regensburg, Deutsches Elektronen-Synchrotron)<\/li>\n\n\n\n<li><strong>Entwicklung eines standardisierten Publikations- und Kostenmonitorings: Erfahrungen aus dem DFG-Programm Open-Access-Publikationskosten in Zusammenarbeit mit den Projekten Transform2Open und openCost<\/strong><strong><br><\/strong>Irene Barbers, Philipp Pollack (Forschungszentrum J\u00fclich)<\/li>\n<\/ul>\n\n\n\n<p><strong>4. Wissenschaft und Kommunikation<\/strong>&nbsp;#<\/p>\n\n\n\n<ul class=\"wp-block-list\">\n<li><a href=\"https:\/\/www.youtube.com\/watch?v=_nNQwKxjmkA&amp;t=18397s\" target=\"_blank\" rel=\"noreferrer noopener\"><em>Aufzeichnung<\/em><\/a><em>,&nbsp;<\/em><a href=\"https:\/\/openbiblio.social\/@v_i_o_l_a\/113113529884044881\" target=\"_blank\" rel=\"noreferrer noopener\"><em>Mastodon-Thread<\/em><\/a><\/li>\n\n\n\n<li><strong>Open Access an HAW\/ FH: Die Perspektive von Wissenschaftler*inInnen und Professor*inInnen<\/strong><br>Henrieke Walter, Sarah Boelter, Thomas Schmidt, Kristin Mitte (Ernst-Abbe-Hochschule Jena)<\/li>\n\n\n\n<li><strong>Achten, wahren, st\u00e4rken, f\u00f6rdern \u2013 Im Dialog mit der wissenschaftlichen Community nachhaltige Praxis gestalten<\/strong><br>Susanne Luger, Clara Ginther, Andreas Ferus, Edith Leitner, Johanna Hubweber, Ursula Ulrych (Johannes Kepler Universit\u00e4t Linz,Veterin\u00e4rmedizinische Universit\u00e4t Wien, Akademie der bildenden K\u00fcnste Wien, Universit\u00e4t Mozarteum Salzburg, Wirtschaftsuniversit\u00e4t Wien, Universit\u00e4t Wien, AT2OA2)<\/li>\n\n\n\n<li><strong>Wissenschaftsgeleitetes Publizieren \u2013 Perspektiven f\u00fcr Forschungseinrichtungen<\/strong><strong><br><\/strong>Lea Maria Ferguson, Marcel Meistring, Heinz Pampel (Helmholtz Open Science Office, Humboldt-Universit\u00e4t zu Berlin, Institut f\u00fcr Bibliotheks- und Informationswissenschaft)<\/li>\n<\/ul>\n\n\n\n<p><strong>5. Diamond und Fair<\/strong><\/p>\n\n\n\n<ul class=\"wp-block-list\">\n<li><strong>Technische Standards f\u00fcr professionellen institutionellen Open Access \u2013 Erste Ergebnisse und Ausblick<\/strong><br>Xenia van Edig, Clara Armengou, Mikael Laakso (TIB Hannover, DOAJ, Hanken School of Economics)<\/li>\n\n\n\n<li><strong>Neue Infrastruktur f\u00fcr Diamond OA<\/strong><br>Sona Lisa Arasteh-Roodsary, Elio Pellin (Max Weber Stiftung; UB&nbsp; Bern, CRAFT-OA, DIAMAS)<\/li>\n\n\n\n<li><strong>Definieren, identifizieren, f\u00f6rdern. Fair-OA-Aktivit\u00e4ten monitoren<\/strong><br>Michaela Voigt, Elena Di Rosa (UB der TU Berlin)<\/li>\n<\/ul>\n\n\n\n<p><strong>6. Diamond und Finanzierung&nbsp;<\/strong>#<\/p>\n\n\n\n<ul class=\"wp-block-list\">\n<li><a href=\"https:\/\/www.youtube.com\/watch?v=uQUVRTHSKHc&amp;t=1394s\" target=\"_blank\" rel=\"noreferrer noopener\"><em>Aufzeichnung<\/em><\/a><em>,&nbsp;<\/em><a href=\"https:\/\/openbiblio.social\/@v_i_o_l_a\/113117804899283824\" target=\"_blank\" rel=\"noreferrer noopener\"><em>Mastodon-Thread<\/em><\/a><\/li>\n\n\n\n<li><strong>Hemmnis Haushaltsrecht? Diamond-OA-Finanzierung zwischen Wirtschaftlichkeit, Wissenschaftsfreiheit und Hochschulautonomie<\/strong><strong><br><\/strong>Evin Dalkilic (Verfassungsblog)<\/li>\n\n\n\n<li><strong>Gemeinsam, frei &amp; fair \u2013 Modelle des gemeinwirtschaftlichen Open-Access-Publizierens<\/strong><strong><br><\/strong>Lena Marie Henkes, Marcel Wrzesinski (Alexander von Humboldt Institut f\u00fcr Internet und Gesellschaft, Institut f\u00fcr Bibliotheks- und Informationswissenschaft der HU Berlin)<\/li>\n\n\n\n<li><strong>Alle wollen Open Access, aber nicht alle setzen sich durch.<\/strong><br>Sarah Dellmann (TUB Hannover)<\/li>\n<\/ul>\n\n\n\n<p><strong>7. Infrastrukturen und Best Practices<\/strong><\/p>\n\n\n\n<ul class=\"wp-block-list\">\n<li><strong>Open-Access-Repositorien in Bewegung? Herausforderungen und Potentiale f\u00fcr institutionelle Repositorien in Deutschland<\/strong><br>Marcel Wrzesinski, Heinz Pampel, Laura Rothfritz (1Humboldt-Universit\u00e4t zu Berlin, Alexander von Humboldt Institut f\u00fcr Internet und Gesellschaft)<\/li>\n\n\n\n<li><strong>Reiche Ernte \u2013 oder: \u201eStandard\u201c ist nur sch\u00f6n im Singular<\/strong><br>Lisa-Marie Stein, Julia Bartlewski, Christoph Broschinski, Gernot Deinzer, Dirk Pieper, Bianca Schweighofer, Colin Sippl, Alexander Wagner, Silke Weisheit (Deutsches Elektronen-Synchrotron DESY, UB Bielefeld, UB Regensburg)<\/li>\n\n\n\n<li><strong>Der Umgang mit dem Ende: Best Practice bei der Einstellung eines wissenschaftsgeleiteten und IPSP-gehosteten Diamond OA Journals<\/strong><br>Andrea Hacker (University of Bern)<\/li>\n<\/ul>\n\n\n\n<p><strong>8. HAW und NRW<\/strong><\/p>\n\n\n\n<ul class=\"wp-block-list\">\n<li><strong>DEAL, HAW \u2013 and beyond?<\/strong><br>Karin Ilg (Hochschule Bielefeld)<\/li>\n\n\n\n<li><strong>Eigene Wege zu Open Access an HAW in der Peer-to-Peer-Strategieberatung<\/strong><br>Jasper Beyermann, Emilia Mikautsch (Hochschule Bielefeld, Universit\u00e4t Konstanz)<\/li>\n\n\n\n<li><strong>Openaccess.nrw \u2013 Vernetzung auf vielen Ebenen<\/strong><br>Dorothee Graf (UB Duisburg-Essen)<\/li>\n<\/ul>\n\n\n\n<p><strong>9: OJS und OMP<\/strong><\/p>\n\n\n\n<ul class=\"wp-block-list\">\n<li><strong>OS-APS STEMO \u2013 medienneutrales Publizieren vor dem Hintergrund hin zu mehr Openness und Barrierefreiheit<\/strong><br>Sarah B\u00f6send\u00f6rfer, Carsten Borchert (UB Erlangen-N\u00fcrnberg, SciFlow GmbH)<\/li>\n\n\n\n<li>IIIF-Viewer f\u00fcr OMP und OJS<br>Lucy Hindermann, Jan Stutzmann (UB Bern, UB Basel)<\/li>\n\n\n\n<li>OJS \u2013 Data privacy and Multinlugalit<br>Dulip Withanage, Ipula Ranasinghe, Antti-Jussi Nyg\u00e5rd (TIB Hannover, The Federation for Finnish Learned Societies)<\/li>\n\n\n\n<li>Vom Wunsch zur (nachhaltigen) Wirklichkeit: Darstellungsformen von IIIF-Images in der HTML-Artikelanzeige von Open Journal Systems<br>Isabella Meinecke, Oliver Kr\u00fcger (SUB Hamburg)<\/li>\n<\/ul>\n\n\n\n<p><strong>10. Transformation und Umsetzung<\/strong><\/p>\n\n\n\n<ul class=\"wp-block-list\">\n<li><strong>Vom Verhandlungsergebnis zur Implementierung: Die MPDL Services gGmbH als Infrastruktur zur Umsetzung von Open Access im Rahmen der DEAL-Vertr\u00e4ge<\/strong><br>Christian Agi (MPDL Services gGmbH)<\/li>\n\n\n\n<li><strong>Subscribe to Open (S2O): The Concept of S2O, the Significance of S2O, an Innovative Model Implemented Globally<\/strong><br>Mark Greene, Andrea Lopez (Annual Reviews, USA)<\/li>\n<\/ul>\n\n\n\n<h3 class=\"wp-block-heading\" id=\"Workshops\">Workshops<\/h3>\n\n\n\n<p><em>Die meisten der Workshops, an denen ich eigentlich h\u00e4tte teilnehmen wollen, waren wenige Stunden nach Anmeldungser\u00f6ffnung schon ausgebucht \u2026<\/em><\/p>\n\n\n\n<p><strong>1. Austausch f\u00f6rdern: Initialer Workshop zur Gr\u00fcndung einer Vernetzungsplattform f\u00fcr Publikationsberater:innen<\/strong><br>Lisa Schilhan, Christian Kaier (UB Graz), Jasmin Schmitz (ZB Med K\u00f6ln)<\/p>\n\n\n\n<p><strong>2. Stand und Perspektive des Open-Access-Reportings<\/strong><br>Irene Barbers, Ben Kaden, Maxi Kindling, Bernhard Mittermaier, Heinz Pampel, Heike Stadler, Dorothea Strecker (Forschungszentrum J\u00fclich, Open Access Monitor; Vernetzungs- und Kompetenzstelle Open Access Brandenburg; Open-Access-B\u00fcro Berlin; Humboldt-Universit\u00e4t zu Berlin, Institut f\u00fcr Bibliotheks- und Informationswissenschaft; Helmholtz-Gemeinschaft, Helmholtz Open Science Office)<\/p>\n\n\n\n<p><strong>3. Community Consultation for the service \u201eDiamond Discovery Hub\u201c from EC-project CRAFT-OA<\/strong><br>Margo Bargheer, Daniel Beucke, Hanna Varachkina (Georg-August-Universit\u00e4t G\u00f6ttingen)<\/p>\n\n\n\n<p><strong>4. Effiziente Umsetzung der DEAL-Vertr\u00e4ge: Austausch und Vernetzung in der DEAL-Community<\/strong>&nbsp;#<br>Kai Geschuhn, Inga Overkamp, Adriana Sikora, Michael Schlachter (DEAL Services \/ MPDL Services gGmbH)<\/p>\n\n\n\n<ul class=\"wp-block-list\">\n<li><a href=\"https:\/\/openbiblio.social\/@v_i_o_l_a\/113113047768428220\" target=\"_blank\" rel=\"noreferrer noopener\"><em>Mastodon-Thread<\/em><\/a><em>,&nbsp;<\/em><a href=\"https:\/\/deal-konsortium.de\/einrichtungen\/community-of-practice\/community-blog\/wir-waren-in-koeln?highlight=WyJrXHUwMGY2bG4iXQ==\" target=\"_blank\" rel=\"noreferrer noopener\"><em>Bericht der Veranstalter<\/em><\/a><\/li>\n<\/ul>\n\n\n\n<p><strong>5. Shining Bright: Empowering Diamond Open Access Scholarly Publications with DSpace-CRIS and the Notify Project<br><\/strong>Jordan Pi\u0161\u010danc, Susanna Mornati, Irene Buso, Andrea Bollini (4Science, Italien)<\/p>\n\n\n\n<p><strong>6. Lokale Ausgestaltung der Open-Access-Transformation an Hochschulen f\u00fcr Angewandte Wissenschaften (HAW). Praxisorientierter Austausch \u00fcber pragmatische L\u00f6sungen<\/strong><br>Friederike Borchert, Sarah Dudek, Kerstin Klein, Ute von L\u00fcpke, Stephanie Uhlenbrock (TH Wildau, Katholische Hochschule Nordrhein-Westfalen, TH K\u00f6ln, Hafencity Universit\u00e4t Hamburg; FH M\u00fcnster)<\/p>\n\n\n\n<p><strong>7. Transformation bibliothekarischer Services: Erfahrungsaustausch zum nachhaltigen Aufbau und Betrieb von Diamond-Open-Access-Infrastrukturen<\/strong><br>Stefan Dr\u00f6\u00dfler, Carsten Elsner, Josephine Hartwig, Elfi Hesse, Nicole Rosenke, Jonas Scherr, Sebastian Schmidt (UB Braunschweig, SLUB Dresden,TU Darmstadt, UB Stuttgart)<\/p>\n\n\n\n<p><strong>8. Souver\u00e4n in die Zukunft unserer Repositorien<\/strong><br>Lydia Riedl, Helene Strau\u00df, Eike Martin L\u00f6hden (Philipps-Universit\u00e4t Marburg, TIB Hannover)<\/p>\n\n\n\n<p><strong>9. Pledging, Diamond und Co. \u2013 Wie k\u00f6nnen Bibliotheken alternative Modelle unterst\u00fctzen?<\/strong><strong><br><\/strong>Margit Dellatorre, Samuel Nussbaum, Daniela Hahn (UB &amp; ZB Z\u00fcrich)<\/p>\n\n\n\n<p><strong>10. Open Communication \u2013 Wie kommunizieren Bibliotheken mit ihren Forschenden \u00fcber DEAL und Openwashing<\/strong><strong><br><\/strong>Juliane Brosowsky, Claudia Frick, Simon Glasmacher, Katharina Schulz, Florian Strau\u00df (FU Berlin, TH K\u00f6ln, Max-Planck-Institut f\u00fcr ethnologische Forschung Halle, FH Potsdam, TU Clausthal<\/p>\n\n\n\n<p><strong>11. Von Brocken und Sandk\u00f6rnern \u2013 H\u00fcrden auf dem Weg zum Informationsbudget<\/strong><br>Astrid Orth, Agnieszka Wenninger,&nbsp; Margit Sch\u00f6n, Sascha Lauer (SUB G\u00f6ttingen, Leibniz-Zentrum f\u00fcr Agrarlandschaftsforschung (ZALF), FZ J\u00fclich, Johannes-Gutenberg-Universit\u00e4t Mainz)<\/p>\n\n\n\n<ul class=\"wp-block-list\">\n<li><a href=\"https:\/\/openbiblio.social\/@v_i_o_l_a\/113119159552892616\" target=\"_blank\" rel=\"noreferrer noopener\"><em>Mastodon-Thread<\/em><\/a><\/li>\n<\/ul>\n\n\n\n<p><strong>12. Wie kann gemeinschaftlich organisiertes und finanziertes Diamond Open Access gelingen?<\/strong><br>Juliane Finger, Lena Marie Henkes, Julian Schenke, Karin Stork, Marcel Wrzesinski (ZBW Leibniz-Informationszentrum Wirtschaft,TIB Hannover, Kommunikations-, Informations- und Medienzentrum (KIM) Universit\u00e4t Konstanz; HIIG Humboldt Institut f\u00fcr Internet und Gesellschaft)<\/p>\n\n\n\n<p><strong>13. Wissenschaftsblogs als Blaupause f\u00fcr das wissenschaftsgeleitete Open-Access-Publizieren<\/strong><strong><br><\/strong>Martin Fenner,&nbsp; Mareike K\u00f6nig, Heinz Pampel, Ulrike Stockhausen, Evin Dalkilic, Catharina Ochsner (Front Matter,Deutsches Historisches Institut Paris (Max Weber Stiftung), HU Berlin, Helmholtz-Gemeinschaft, Max Weber Stiftung, Verfassungsblog)<\/p>\n\n\n\n<p><strong>14: Zentrale Infrastrukturen f\u00fcr das Journal-Hosting mit OJS \u2013 Wie geht es? Was braucht es?<\/strong><br>Renate Voget, Ronald Steffen, Michael Kleineberg, Philip Gross (hbz, Berlin Universities Publishing)<\/p>\n\n\n\n<p><strong>15. Nichts wie ran \u2013 DINI-Zertifizieren zum Mitmachen<\/strong><br>Daniel Beucke, Ute Blumtritt, Arvid Deppe, Stefan Dr\u00f6\u00dfler, Isabella Meinecke, Michaela Voigt (SUB G\u00f6ttingen, UB Chemnitz, UB Kassel, UB Stuttgart, SUB Hamburg, UB der TU Berlin<\/p>\n\n\n\n<p><strong>16. Fachliche Repositorien zwischen technisch-organisatorischer Professionalisierung und Vernetzung mit ihren Forschungscommunities<\/strong><strong><br><\/strong>Olaf Siegert, Marcel Wrzesinski, Christian Woll, Karin Langenkamp, Kai Matuszkiewicz, Kathrin Ganz, Kai Lohstr\u00e4ter, Robina Mohammad (ZBW \u2013 Leibniz-Informationszentrum Wirtschaf, HU Berlin, Bundesinstitut f\u00fcr Berufsbildung (BIBB), Philipps-Universit\u00e4t Marburg, FU Berlin, Christian-Albrechts-Universit\u00e4t zu Kiel, DIPF Leibniz-Institut f\u00fcr Bildungsforschung und Bildungsinformation)<\/p>\n\n\n\n<p><strong>17. Mit Vielfalt, Souver\u00e4nit\u00e4t und Arbeitsteilung zu nachhaltigem Open Access: Impulse aus der ENABLE!-Community&nbsp;<\/strong>#<br>Alexandra Jobmann, Dorothee Graf, Evin Dalkilic, Agathe Gebert (Bibliothek der HafenCity Universit\u00e4t Hamburg, UB Duisburg-Essen,Verfassungsblog, GESIS Leibniz-Institut f\u00fcr Sozialwissenschaften)<\/p>\n\n\n\n<ul class=\"wp-block-list\">\n<li><a href=\"https:\/\/openbiblio.social\/@v_i_o_l_a\/113123772230919039\" target=\"_blank\" rel=\"noreferrer noopener\"><em>Mastodon-Thread<\/em><\/a><\/li>\n<\/ul>\n\n\n\n<p><strong>18: Gamification in der Open-Access-Beratung<\/strong><br>Carolin Becklas, Jesko R\u00fccknagel, Helene Strau\u00df (TIB Hannover)<\/p>\n\n\n\n<p><strong>19. Von Kosten und Preisen: Artikelbearbeitungsgeb\u00fchren im Blick<\/strong><br>Julia Bartlewski, Christoph Broschinski, Alexander Faschon, Michael Wohlgemuth, Victoria Jahrmarkt, Ulrike K\u00e4ndler (UB Bielefeld, SLUB Dresden, TIB Hannover)<\/p>\n\n\n\n<p><strong>Diskussion im Fishbowl-Format: Wie beeinflusst der DEAL die deutsche Publikationslandschaft? Publikationsdienstleister:innen im Austausch<\/strong><br>Anke Beck (Frontiers), Gunther Eysenbach (JMIR Publications), Wolfgang Benedict Schmal (TU Ilmenau), Veronika Spinka (Thieme), Miriam von Maydell (Verlag Barbara Budrich)<\/p>\n\n\n\n<h3 class=\"wp-block-heading\" id=\"Poster\">Postersession #<\/h3>\n\n\n\n<p><a href=\"https:\/\/zenodo.org\/communities\/oat24\/records?q=&amp;f=resource_type%3Aposter&amp;l=list&amp;p=1&amp;s=10&amp;sort=newest\" target=\"_blank\" rel=\"noreferrer noopener\"><em>Poster online bei Zenodo<\/em><\/a><em>&nbsp;<\/em><\/p>\n\n\n\n<ol class=\"wp-block-list\">\n<li><strong>Offener Zugang zum Grundgesetz (OZUG)<\/strong><br>Nikolas Eisentraut (Leibniz Universit\u00e4t Hannover, Deutsches Zentrum f\u00fcr Hochschul- und Wissenschaftsforschung (DZHW))<\/li>\n\n\n\n<li><strong>Indexierung von Diamond OA-Journals<\/strong><br>Nives Korrodi, Manuela Bamert (UB Bern)<\/li>\n\n\n\n<li><strong>OPUS 4 \u2013 Die Standardsoftware f\u00fcr Repositorien<\/strong><br>Julia Boltze, Steffi Conrad-Rempel, Alexander Weimar (Kooperativer Bibliotheksverbund Berlin-Brandenburg (KOBV), Bibliotheksservice-Zentrum Baden-W\u00fcrttemberg (BSZ))<\/li>\n\n\n\n<li><strong>Informationsbudget: Navigation auf den Wegen zur Open-Access-Transformation<\/strong><br>Katja Dammann, Lea Maria Ferguson, Marcel Meistring, Paul Schultze-Motel (BMBF-Projekt open-access.network, UB Bielefeld, DFG-Projekt Transform2Open, Helmholtz-Gemeinschaft)<\/li>\n\n\n\n<li><strong>Lassen sich mit DeepGreen jetzt auch Diamanten sch\u00fcrfen?<\/strong><strong><br><\/strong>Julia Boltze-F\u00fctterer, Tomasz Stompor (Zuse-Institut Berlin, Kooperativer Bibliotheksverbund Berlin-Brandenburg)<\/li>\n\n\n\n<li><strong>Openness goes beyond: Die Vernetzungs- und Kompetenzstelle Open Access Brandenburg mit ihren assoziierten Projekten als Transformationswerkzeuge<\/strong><br>Ben Kaden, Sophie Kobialka, Jonas Hantow, Katharina Schulz, Anja Lindemann (FH Potsdam, Deutschland, Vernetzungs- und Kompetenzstelle Open Access Brandenburg)<\/li>\n\n\n\n<li><strong>Die gesetzliche Nutzungserlaubnis nach \u00a7 61d UrhG oder: das Mysterium \u201eNicht verf\u00fcgbare Werke\u201c faszinierend leicht erkl\u00e4rt<\/strong><br>Doreen Rocholl, Judith Ludwig (UB Duisburg-Essen; TIB Hannover)\n<ul class=\"wp-block-list\">\n<li><em>Gewinner in der Kategorie \u201cBeste Gestaltung\u201d<\/em><\/li>\n<\/ul>\n<\/li>\n\n\n\n<li><strong>Stairway to Diamond Open Access. Vom klassischen Universit\u00e4tsverlag zum Institutional Diamond Open Access Publisher<\/strong><br>Elisabeth Stadler (UB Graz)\n<ul class=\"wp-block-list\">\n<li><em>Gewinner 1 in der Kategorie \u201cNettester Austausch\u201d<\/em><\/li>\n<\/ul>\n<\/li>\n\n\n\n<li><strong>Workflow-Management-Systeme f\u00fcr Open-Access-Hochschulverlage<\/strong><br>Diana Tillmann, Michael Reiche, Andreas Kennecke, Marco Winkler, Diana Schmidt-Kopplin (Hochschule f\u00fcr Technik, Wirtschaft und Kultur (HTWK) Leipzig, UB Potsdam)<\/li>\n\n\n\n<li><strong>Financial Sustainability for Diamond Publisher and Service Providers<\/strong><br>Milica \u0160evku\u0161i\u0107, Sona Arasteh-Roodsary (OPERAS, EIFL, Serbien)<\/li>\n\n\n\n<li><strong>No open access without open infrastructure: Five not-for-profit infrastructures with shared values for OA books<\/strong><br>Hannah Hillen, Silke Davison, Jordy Findanis, Toby Steiner, Kevin Sanders, Amanda Ramalho (Thoth Open Metadata, Open Book Collective, OAPEN Foundation)\n<ul class=\"wp-block-list\">\n<li><em>Gewinner 2 in der Kategorie \u201cNettester Austausch\u201d<\/em><\/li>\n<\/ul>\n<\/li>\n\n\n\n<li><strong>Das passiert beim Open Gender Journal, weil mehr als (reine) Redaktionsarbeit finanziert wird. Ein Bericht aus dem DFG-gef\u00f6rderten Expansionshilfeprojekt (2022\u20132024)<\/strong><strong><br><\/strong>Kathrin Ganz, Sabrina Schotten, Sara Tewelde-Negassi (FU Berlin, Uni K\u00f6ln)\n<ul class=\"wp-block-list\">\n<li><em>Gewinner in der Kategorie \u201cAm meisten gelernt\u201d<\/em><\/li>\n<\/ul>\n<\/li>\n\n\n\n<li><strong>Auf dem Weg zu 100% OA am Helmholtz-Zentrum Potsdam \u2013 Deutsches GeoForschungsZentrum GFZ<\/strong><br>Luise Ott, Diana Otto, Katrin Quetting, Franziska Stahlberg (Helmholtz-Zentrum Potsdam \u2013 Deutsches GeoForschungsZentrum GFZ)<\/li>\n\n\n\n<li><strong>I got 89 problems\u2026 H\u00fcrden des Open-Access-Publizierens: Ergebnisse einer Literatur\u00fcbersicht (2004\u20132023)<\/strong><br>Nataliia Kaliuzhna, Dr. Zeynep Aydin, Christian Hauschke (TIB Hannover)<\/li>\n\n\n\n<li>AURORA: Zweitver\u00f6ffentlichung ins richtige Licht r\u00fccken \u2013 Arbeitserleichterung durch Automatisierung<br>Nicolai Hauf, Iris Hausmann, Dana Ghousson, Selina Sturzenegger (Z\u00fcrcher Hochschule f\u00fcr Angewandte Wissenschaften (ZHAW), FH Nordwestschweiz (FHNW))<\/li>\n\n\n\n<li><strong>Green beyond: Das GOAL in kleinen Schritten erreichen<\/strong><br>Enrique Corredera Nilsson, Val\u00e9rie Andres, Clemens Trautwein, Cornelia Brunner (Z\u00fcrcher Hochschule f\u00fcr Angewandte Wissenschaften (ZHAW), FH Nordwestschweiz (FHNW), Hochschule Luzern (HSLU))<\/li>\n\n\n\n<li><strong>Persistente Identifikatoren f\u00fcr offene und FAIRe Wissenschaft<\/strong><br>Marc Lange, Steffi Genderjahn, Andreas Czerniak (Helmholtz Open Science Office, UB Bielefeld)<\/li>\n\n\n\n<li><strong>Open Access Book Policies in the European Research Area<\/strong><br>Malte Dreyer, Jan-Philip Tummes, Graham Stone (Universit\u00e4t G\u00f6ttingen, Universit\u00e4t Bielefeld, JISC)<\/li>\n<\/ol>\n\n\n\n<h3 class=\"wp-block-heading\" id=\"Toolmarktplatz\">Tool-Marktplatz<\/h3>\n\n\n\n<ul class=\"wp-block-list\">\n<li><strong>Build your own B!SON<\/strong><br>Anita Eppelin (TUB Hannover)<\/li>\n\n\n\n<li><strong>Metadatenallmende f\u00fcr Open-Access-Journals: Erweiterte OJS-Tools f\u00fcr eine offene Publikationslandschaft<\/strong><br>Gazi Y\u00fccel, Zeynep Aydin, Tom Niers, Christian Hauschke, Daniel N\u00fcst (TIB Hannover, TU Dresden)<\/li>\n\n\n\n<li><strong>CODA \u2013 Customizable Open Access Database Application<\/strong><strong><br><\/strong>Carsten Elsner, Sven Marcus (TU Braunschweig)<\/li>\n\n\n\n<li><strong>PALOMERA Knowledge Base<\/strong><br>Hanna Varachkina, Malte Dreyer (UGOE \/ SUB G\u00f6ttingen)<\/li>\n\n\n\n<li><strong>PANTER \u2013 Publishing Analytics Tracker<\/strong><br>Alexander Faschon, Johannes Thomas, Victoria Jahrmarkt (SLUB Dresden, TIB Hannover)<\/li>\n\n\n\n<li><strong>Diamond Discovery Hub<\/strong><strong><br><\/strong>Hanna Varachkina, Margo Bargheer (UGOE \/ SUB G\u00f6ttingen)<\/li>\n\n\n\n<li><strong>Transparentes Publizieren mit Jupyter Books am Beispiel der Marburger Open Access Umfrage 2024<\/strong><br>Lydia Riedl, Eike L\u00f6hden, Antonia Massenberg (UB Marburg)<\/li>\n\n\n\n<li><strong>InvenioRDM Repository Software<\/strong><br>Martin Fenner (Front Matter)<\/li>\n<\/ul>\n\n\n\n<h3 class=\"wp-block-heading\" id=\"Fuehrungen\">(Bibliotheks-)F\u00fchrungen<\/h3>\n\n\n\n<ul class=\"wp-block-list\">\n<li><a href=\"https:\/\/frauenmediaturm.de\/besuch\/\" target=\"_blank\" rel=\"noreferrer noopener\"><strong>FrauenMediaTurm<\/strong><\/a><\/li>\n\n\n\n<li><a href=\"https:\/\/www.koelnisches-stadtmuseum.de\/\" target=\"_blank\" rel=\"noreferrer noopener\"><strong>Stadtmuseum K\u00f6ln<\/strong><\/a><\/li>\n\n\n\n<li><a href=\"https:\/\/ub.uni-koeln.de\/\" target=\"_blank\" rel=\"noreferrer noopener\"><strong>USB K\u00f6ln<\/strong><\/a><\/li>\n\n\n\n<li><a href=\"https:\/\/www.zbmed.de\/\" target=\"_blank\" rel=\"noreferrer noopener\"><strong>ZB MED<\/strong><\/a><\/li>\n<\/ul>\n\n\n\n<h3 class=\"wp-block-heading\" id=\"SocialEvents\">Social Events<\/h3>\n\n\n\n<ul class=\"wp-block-list\">\n<li><strong>Social Event&nbsp;<\/strong>am Dienstag Abend im \u201cHauptgeb\u00e4ude der Humanwissenschaftlichen Fakult\u00e4t\u201d der Uni K\u00f6ln #<\/li>\n\n\n\n<li><strong>Conference Dinner&nbsp;<\/strong>am Mittwoch Abend in der&nbsp;<a href=\"https:\/\/www.wagenhalle.de\/\" target=\"_blank\" rel=\"noreferrer noopener\">Wagenhalle<\/a>&nbsp;#<\/li>\n<\/ul>\n\n\n\n<figure class=\"wp-block-image size-large\"><img loading=\"lazy\" decoding=\"async\" width=\"1024\" height=\"1024\" src=\"https:\/\/www.x-v-x.de\/blog\/wp-content\/pics\/OAT24_z-1024x1024.jpg\" alt=\"\" class=\"wp-image-14548\" srcset=\"https:\/\/www.x-v-x.de\/blog\/wp-content\/pics\/OAT24_z-1024x1024.jpg 1024w, https:\/\/www.x-v-x.de\/blog\/wp-content\/pics\/OAT24_z-300x300.jpg 300w, https:\/\/www.x-v-x.de\/blog\/wp-content\/pics\/OAT24_z-250x250.jpg 250w, https:\/\/www.x-v-x.de\/blog\/wp-content\/pics\/OAT24_z-768x768.jpg 768w, https:\/\/www.x-v-x.de\/blog\/wp-content\/pics\/OAT24_z.jpg 1200w\" sizes=\"auto, (max-width: 1024px) 100vw, 1024px\" \/><\/figure>\n\n\n\n<p><\/p>\n","protected":false},"excerpt":{"rendered":"<p>im september war ich mal nicht in sachen MALIS in k\u00f6ln an der TH, sondern in sachen open access. f\u00fcr die akten hier ein &#8222;re-post&#8220; meines berichts dazu aus unserem internen ULB-blog.<\/p>\n","protected":false},"author":1,"featured_media":0,"comment_status":"open","ping_status":"open","sticky":false,"template":"","format":"standard","meta":{"footnotes":""},"categories":[3,20],"tags":[47,56,48,46],"class_list":["post-14549","post","type-post","status-publish","format-standard","hentry","category-bibliothek","category-on-tour","tag-fortbildung","tag-koeln","tag-konferenz","tag-open-access"],"_links":{"self":[{"href":"https:\/\/www.x-v-x.de\/blog\/index.php?rest_route=\/wp\/v2\/posts\/14549","targetHints":{"allow":["GET"]}}],"collection":[{"href":"https:\/\/www.x-v-x.de\/blog\/index.php?rest_route=\/wp\/v2\/posts"}],"about":[{"href":"https:\/\/www.x-v-x.de\/blog\/index.php?rest_route=\/wp\/v2\/types\/post"}],"author":[{"embeddable":true,"href":"https:\/\/www.x-v-x.de\/blog\/index.php?rest_route=\/wp\/v2\/users\/1"}],"replies":[{"embeddable":true,"href":"https:\/\/www.x-v-x.de\/blog\/index.php?rest_route=%2Fwp%2Fv2%2Fcomments&post=14549"}],"version-history":[{"count":0,"href":"https:\/\/www.x-v-x.de\/blog\/index.php?rest_route=\/wp\/v2\/posts\/14549\/revisions"}],"wp:attachment":[{"href":"https:\/\/www.x-v-x.de\/blog\/index.php?rest_route=%2Fwp%2Fv2%2Fmedia&parent=14549"}],"wp:term":[{"taxonomy":"category","embeddable":true,"href":"https:\/\/www.x-v-x.de\/blog\/index.php?rest_route=%2Fwp%2Fv2%2Fcategories&post=14549"},{"taxonomy":"post_tag","embeddable":true,"href":"https:\/\/www.x-v-x.de\/blog\/index.php?rest_route=%2Fwp%2Fv2%2Ftags&post=14549"}],"curies":[{"name":"wp","href":"https:\/\/api.w.org\/{rel}","templated":true}]}}