{"id":1557,"date":"2008-11-07T20:16:16","date_gmt":"2008-11-07T18:16:16","guid":{"rendered":"http:\/\/www.x-v-x.de\/blog\/?p=1557"},"modified":"2008-11-07T20:16:16","modified_gmt":"2008-11-07T18:16:16","slug":"kein-strom-mehr","status":"publish","type":"post","link":"https:\/\/www.x-v-x.de\/blog\/?p=1557","title":{"rendered":"kein strom mehr."},"content":{"rendered":"<p>&#8222;der smart springt nicht mehr an&#8220;, meldete philip vom pp-parkplatz.<br \/>\nr\u00fcbergefahren, selbst probiert.<br \/>\ndie wegfahrsperre ist es nicht; das ger\u00e4usch ist anders.<br \/>\nsmart angerufen, abschleppwagen bestellt.<br \/>\nder war in nicht mal zehn minuten da &#8211; kam auch von mahnke um die ecke, nicht von beresa.<br \/>\n&#8222;batterie alle&#8220;, stellt der nette herr sofort fest.<br \/>\nund nimmt den wagen mit. trauriges bild.<br \/>\n<a href=\"https:\/\/www.x-v-x.de\/blog\/wp-content\/pics\/smart-abgeschleppt.JPG\" target=\"_blank\"><img loading=\"lazy\" decoding=\"async\" src=\"https:\/\/www.x-v-x.de\/blog\/wp-content\/pics\/_smart-abgeschleppt.JPG\" width=\"250\" height=\"169\" alt=\"abgeschleppter smart\" title=\"abgeschleppter smart\"  \/><\/a><br \/>\n(wenn der wagen eingeschleppt wird, ist das \u00fcber die mobilit\u00e4tsgarantie abgedeckt. wenn wir \u00fcberbr\u00fcckt h\u00e4tten und ich w\u00e4r selbst zu smart gefahren, h\u00e4tte man das \u00fcberbr\u00fccken zahlen m\u00fcssen [und w\u00e4r immer noch nicht sicher gewesen, es bis zu smart zu schaffen]. wieder was gelernt.)<br \/>\nnach hause gefahren, auf anruf vom smartcenter gewartet.<br \/>\n&#8222;die batterie ist defekt&#8220;, meldet man nach einigen stunden.<br \/>\nso weit, so gut. aber:<br \/>\n&#8222;wir haben keine mehr auf lager. brauchen Sie den wagen am wochenende?&#8220;<br \/>\nnein, brauchen wir gottseidank nicht.<br \/>\n&#8222;dann melden wir uns anfang n\u00e4chster woche.&#8220;<\/p>\n<p>passt irgendwie zu diesem unproduktiven matschigen tag heute.<\/p>\n<p>hoffe nur, er f\u00fcrchtet sich nicht im dunklen auf einem fremden parkplatz. \ud83d\ude42<\/p>\n","protected":false},"excerpt":{"rendered":"<p>&#8222;der smart springt nicht mehr an&#8220;, meldete philip vom pp-parkplatz. r\u00fcbergefahren, selbst probiert. die wegfahrsperre ist es nicht; das ger\u00e4usch ist anders. smart angerufen, abschleppwagen bestellt. der war in nicht mal zehn minuten da &#8211; kam auch von mahnke um die ecke, nicht von beresa. &#8222;batterie alle&#8220;, stellt der nette herr sofort fest. und nimmt [&hellip;]<\/p>\n","protected":false},"author":1,"featured_media":0,"comment_status":"open","ping_status":"open","sticky":false,"template":"","format":"standard","meta":{"footnotes":""},"categories":[1],"tags":[],"class_list":["post-1557","post","type-post","status-publish","format-standard","hentry","category-general"],"_links":{"self":[{"href":"https:\/\/www.x-v-x.de\/blog\/index.php?rest_route=\/wp\/v2\/posts\/1557","targetHints":{"allow":["GET"]}}],"collection":[{"href":"https:\/\/www.x-v-x.de\/blog\/index.php?rest_route=\/wp\/v2\/posts"}],"about":[{"href":"https:\/\/www.x-v-x.de\/blog\/index.php?rest_route=\/wp\/v2\/types\/post"}],"author":[{"embeddable":true,"href":"https:\/\/www.x-v-x.de\/blog\/index.php?rest_route=\/wp\/v2\/users\/1"}],"replies":[{"embeddable":true,"href":"https:\/\/www.x-v-x.de\/blog\/index.php?rest_route=%2Fwp%2Fv2%2Fcomments&post=1557"}],"version-history":[{"count":0,"href":"https:\/\/www.x-v-x.de\/blog\/index.php?rest_route=\/wp\/v2\/posts\/1557\/revisions"}],"wp:attachment":[{"href":"https:\/\/www.x-v-x.de\/blog\/index.php?rest_route=%2Fwp%2Fv2%2Fmedia&parent=1557"}],"wp:term":[{"taxonomy":"category","embeddable":true,"href":"https:\/\/www.x-v-x.de\/blog\/index.php?rest_route=%2Fwp%2Fv2%2Fcategories&post=1557"},{"taxonomy":"post_tag","embeddable":true,"href":"https:\/\/www.x-v-x.de\/blog\/index.php?rest_route=%2Fwp%2Fv2%2Ftags&post=1557"}],"curies":[{"name":"wp","href":"https:\/\/api.w.org\/{rel}","templated":true}]}}