{"id":2308,"date":"2009-04-23T06:14:49","date_gmt":"2009-04-23T05:14:49","guid":{"rendered":"http:\/\/www.x-v-x.de\/blog\/?p=2308"},"modified":"2009-04-23T06:14:49","modified_gmt":"2009-04-23T05:14:49","slug":"mein-fahrradschloss-ist-wetterfuhlig","status":"publish","type":"post","link":"https:\/\/www.x-v-x.de\/blog\/?p=2308","title":{"rendered":"mein fahrradschlo\u00df ist wetterf\u00fchlig."},"content":{"rendered":"<p>im letzten herbst hatte ich noch gedacht &#8222;hm, nein, vermutlich war es immer so fest, und ich hab das falsch in erinnerung.&#8220;<br \/>\naber nein: sobald die temperaturen vor einigen tagen fr\u00fchsommerlich anstiegen, lie\u00df sich auch das gr\u00f6\u00dfere meiner beiden fahrradschl\u00f6sser wieder flexibler bewegen.<\/p>\n<p>offenbar k\u00f6nnen auch fahrradschl\u00f6sser sensibel sein. \ud83d\ude42<\/p>\n","protected":false},"excerpt":{"rendered":"<p>im letzten herbst hatte ich noch gedacht &#8222;hm, nein, vermutlich war es immer so fest, und ich hab das falsch in erinnerung.&#8220; aber nein: sobald die temperaturen vor einigen tagen fr\u00fchsommerlich anstiegen, lie\u00df sich auch das gr\u00f6\u00dfere meiner beiden fahrradschl\u00f6sser wieder flexibler bewegen. offenbar k\u00f6nnen auch fahrradschl\u00f6sser sensibel sein. \ud83d\ude42<\/p>\n","protected":false},"author":1,"featured_media":0,"comment_status":"open","ping_status":"open","sticky":false,"template":"","format":"standard","meta":{"footnotes":""},"categories":[1],"tags":[],"class_list":["post-2308","post","type-post","status-publish","format-standard","hentry","category-general"],"_links":{"self":[{"href":"https:\/\/www.x-v-x.de\/blog\/index.php?rest_route=\/wp\/v2\/posts\/2308","targetHints":{"allow":["GET"]}}],"collection":[{"href":"https:\/\/www.x-v-x.de\/blog\/index.php?rest_route=\/wp\/v2\/posts"}],"about":[{"href":"https:\/\/www.x-v-x.de\/blog\/index.php?rest_route=\/wp\/v2\/types\/post"}],"author":[{"embeddable":true,"href":"https:\/\/www.x-v-x.de\/blog\/index.php?rest_route=\/wp\/v2\/users\/1"}],"replies":[{"embeddable":true,"href":"https:\/\/www.x-v-x.de\/blog\/index.php?rest_route=%2Fwp%2Fv2%2Fcomments&post=2308"}],"version-history":[{"count":0,"href":"https:\/\/www.x-v-x.de\/blog\/index.php?rest_route=\/wp\/v2\/posts\/2308\/revisions"}],"wp:attachment":[{"href":"https:\/\/www.x-v-x.de\/blog\/index.php?rest_route=%2Fwp%2Fv2%2Fmedia&parent=2308"}],"wp:term":[{"taxonomy":"category","embeddable":true,"href":"https:\/\/www.x-v-x.de\/blog\/index.php?rest_route=%2Fwp%2Fv2%2Fcategories&post=2308"},{"taxonomy":"post_tag","embeddable":true,"href":"https:\/\/www.x-v-x.de\/blog\/index.php?rest_route=%2Fwp%2Fv2%2Ftags&post=2308"}],"curies":[{"name":"wp","href":"https:\/\/api.w.org\/{rel}","templated":true}]}}