{"id":3078,"date":"2009-12-31T21:25:04","date_gmt":"2009-12-31T20:25:04","guid":{"rendered":"http:\/\/www.x-v-x.de\/blog\/?p=3078"},"modified":"2020-12-17T07:35:49","modified_gmt":"2020-12-17T06:35:49","slug":"projekt-promotion-projektende","status":"publish","type":"post","link":"https:\/\/www.x-v-x.de\/blog\/?p=3078","title":{"rendered":"&#8222;projekt promotion&#8220;: projektende"},"content":{"rendered":"<p><a href=\"https:\/\/www.x-v-x.de\/blog\/wp-content\/pics\/promotionsabschluss.jpg\" target=\"_blank\" rel=\"noopener noreferrer\"><img loading=\"lazy\" decoding=\"async\" class=\"c\" src=\"https:\/\/www.x-v-x.de\/blog\/wp-content\/pics\/_promotionsabschluss.jpg\" width=\"250\" height=\"151\" alt=\"promotionsabschluss\" title=\"promotionsabschluss\"  \/><\/a><\/p>\n<p>dieser post h\u00e4tte schon viel fr\u00fcher erscheinen k\u00f6nnen. da\u00df er es erst heute tut, ist symptomatisch f\u00fcr zwei sachverhalte: die in den letzten monaten vorbeigallopierende zeit (macht doch einen unterschied, ob man eine halbe oder eine volle stelle hat &#8230;), die kaum mu\u00dfe f\u00fcr besinnliche eintr\u00e4ge lie\u00df, und die tatsache, da\u00df ich irgendwie immer noch nicht realisiert habe, da\u00df sp\u00e4testens seit der <a href=\"http:\/\/www.uni-muenster.de\/Rektorat\/exec\/upm.php?rubrik=Alle&#038;neu=1&#038;monat=200912&#038;nummer=12334\" target=\"_blank\" rel=\"noopener noreferrer\">summacumlaude-feier<\/a> am 4.12. eigentlich alles vorbei ist.<br \/>\nda aber dieses projekt mit den gr\u00f6\u00dften einflu\u00df auf dieses jahr hatte, mu\u00df der abschlu\u00dfbericht auch vor jahresende vorliegen. \ud83d\ude42<\/p>\n<p>mein dank geht zun\u00e4chst nochmal an die in der vorbemerkung der arbeit genannten personen &#8211; an herrn herbermann, <a href=\"https:\/\/www.uni-muenster.de\/Sprachwissenschaft\/personen\/emeriti\/prof.dr.edeltraudbuelow.html\" target=\"_blank\" rel=\"noopener noreferrer\">frau b\u00fclow<\/a>, fred, <a href=\"http:\/\/www.jan-wohlgemuth.de\/\" target=\"_blank\" rel=\"noopener noreferrer\">jan<\/a>, ingo, konny, hartmut und meine familie &#8211; sowie an <a href=\"https:\/\/www.uni-muenster.de\/Sprachwissenschaft\/personen\/emeriti\/dr.liaabuladze.html\" target=\"_blank\" rel=\"noopener noreferrer\">frau abuladze<\/a> f\u00fcr die georgisch-hilfe, hartwig f\u00fcr&#8217;s binden der pr\u00fcfungsexemplare und an die ulb-kollegen f\u00fcr den seelischen beistand und die <a href=\"https:\/\/www.x-v-x.de\/blog\/?p=2569\">zahlreichen<\/a> <a href=\"https:\/\/www.x-v-x.de\/blog\/?p=2958\">geschenke<\/a>.<\/p>\n<p>mit der promotion endete auch meine studienzeit an der <a href=\"http:\/\/www.uni-muenster.de\" target=\"_blank\" rel=\"noopener noreferrer\">uni m\u00fcnster<\/a>, die mit 26 semestern, also 13 jahren genauso lang war wie die schulzeit. immer noch seltsam, durch kleine details immer wieder daran erinnert zu werden, da\u00df man jetzt kein student mehr ist &#8211; after all those years &#8230;<\/p>\n<p>zu beginn der arbeit an der dissertation hatte ich eine &#8222;statistik-datei&#8220; angelegt, um z.b. die zahl der ben\u00f6tigten fernleihen festzuhalten. das hat aber nicht lange funktioniert (&#8222;hatte ich die jetzt schon eingetragen? ich glaube nicht. oder doch?&#8220;), daher hab ich die z\u00e4hlerei irgendwann eingestellt. es waren auf jeden fall ziemlich viele; die kostenbefreiung durch den k-ausweis w\u00e4hrend meiner lehrbeauftragten-zeit kam da sehr gelegen. \ud83d\ude42<br \/>\nauch nicht nachgehalten hab ich die zahl der backups, die im laufe der jahre auf usb-sticks, web-server und postf\u00e4cher von freunden und kollegen verteilt wurden. das nahm gerade zum schlu\u00df paranoide ausma\u00dfe an &#8230; \ud83d\ude42<\/p>\n<p>im november ist meine arbeit in der (praktischerweise kurz vorher gestarteten) reihe &#8222;<a href=\"http:\/\/www.ulb.uni-muenster.de\/wissenschaftliche-schriften\/\" target=\"_blank\" rel=\"noopener noreferrer\">wissenschaftliche schriften der wwu m\u00fcnster<\/a>&#8220; erschienen, <a href=\"http:\/\/miami.uni-muenster.de\/servlets\/DocumentServlet?id=4901\" target=\"_blank\" rel=\"noopener noreferrer\">digital<\/a> und <a href=\"https:\/\/www.hugendubel.info\/detail\/ISBN-9783840500022\" target=\"_blank\" rel=\"noopener noreferrer\">gedruckt<\/a>. [nein, den rosa streifen hab ich mir nicht selbst ausgesucht. das ist die farbe f\u00fcr die philologische unterreihe. :)]<br \/>\naus spa\u00df an der freud &#8211; auf solche ideen kommen vermutlich nur bibliotheksfreaks \ud83d\ude42 &#8211; habe ich von der arbeit auch eine mikrofiche-ausgabe machen lassen. ist sehr h\u00fcbsch, sehr blau und sehr handlich geworden. \ud83d\ude42 falls jemand auch sowas machen lassen will: die firmen, die noch solche mikroverfilmungen machen, werden immer weniger; die abwicklung \u00fcber <a href=\"http:\/\/www.mikroform.de\" target=\"_blank\" rel=\"noopener noreferrer\">mikroform.de<\/a> war aber unkompliziert und schnell.<\/p>\n<p><a name=\"bliss\"><\/a><br \/>\nneben den ganzen diss-dateien bleiben von diesem projekt auch die skripte zu acht spannenden <a href=\"https:\/\/www.x-v-x.de\/blog\/?p=2388\">pr\u00fcfungsthemen<\/a>. weils so niedlich ist und mir beim notieren der ersten stichpunkte f\u00fcr diesen post unsere katze zwischen den armen lag, hier aus dem thema &#8222;sonderschrift&#8220; das <a href=\"http:\/\/de.wikipedia.org\/wiki\/Bliss-Symbol\" target=\"_blank\" rel=\"noopener noreferrer\">bliss<\/a>-zeichen f\u00fcr &#8218;katze&#8216;:<br \/>\n<img loading=\"lazy\" decoding=\"async\" class=\"c\" src=\"https:\/\/www.x-v-x.de\/blog\/wp-content\/pics\/bliss_katze_franzkowiak-1999-12.png\" width=\"67\" height=\"33\" alt=\"bliss: katze\" title=\"bliss: katze\" \/><br \/>\nund ein h\u00fcbscher beispiel-satz dazu:<br \/>\n<a href=\"https:\/\/www.x-v-x.de\/blog\/wp-content\/pics\/bliss_satz_katze_franzkowiak-1999-12.png\" target=\"_blank\" rel=\"noopener noreferrer\"><img loading=\"lazy\" decoding=\"async\" src=\"https:\/\/www.x-v-x.de\/blog\/wp-content\/pics\/_bliss_satz_katze_franzkowiak-1999-12.png\" width=\"250\" height=\"35\" alt=\"bliss: beispielsatz mit katze\" title=\"bliss: beispielsatz mit katze\"  \/><\/a><br \/>\n&#8218;die kleine katze springt aus dem gro\u00dfen schiff.&#8216;<br \/>\n[aus: <span style=\"font-variant: small-caps;\">franzkowiak, t[homas]<\/span> (1999): &#8222;<a href=\"https:\/\/web.archive.org\/web\/20160322072306\/http:\/\/www2.agprim.uni-siegen.de\/bliss\/lesenschreiben.pdf\" target=\"_blank\" rel=\"noopener noreferrer\">das BLISS-system in der \u00fcbersicht<\/a>&#8222;. s. 12.]<\/p>\n<p>\ud83d\ude42<\/p>\n<p>an den titel hab ich mich immer noch nicht wirklich gew\u00f6hnt. an einigen stellen im ulb-kontext taucht er auf (z.b. an meinem postfach), und die stolze verwandtschaft schm\u00fcckt sogar urlaubspostkarten und weihnachtsgeschenkumschl\u00e4ge damit [was aber hoffentlich bald wieder aufh\u00f6rt :)] &#8211; und dennoch ist der anblick jedes mal noch irgendwie komisch. und das obwohl man sich ja im wahrsten sinne des wortes jahrelang drauf vorbereiten konnte. hat jemand erfahrungswerte zur hand, wie lange sowas dauert? \ud83d\ude42<\/p>\n<p>als letzte &#8222;promotionsbedingte&#8220; handlung werde ich im januar einen neuen personalausweis beantragen, damit man ein offizielles dokument hat, in dem der titel eingetragen ist, falls man das mal f\u00fcr irgendwas braucht. vielleicht glaub ichs ja dann auch selbst. \ud83d\ude42<\/p>\n<p>so.<br \/>\nund jetzt?<br \/>\nim m\u00e4rz beginnt der <a href=\"https:\/\/www.th-koeln.de\/studium\/bibliotheks--und-informationswissenschaft-master_3202.php\" target=\"_blank\" rel=\"noopener noreferrer\">MALIS-studiengang<\/a> in k\u00f6ln. ich bin schon sehr gespannt drauf und freue mich, nach all den jahren sprachwissenschaft jetzt in einen neuen bereich einzutauchen.<br \/>\nund daf\u00fcr steht ja dann auch eine master-arbeit auf dem plan. dann f\u00e4ngt das mit den backups und so wieder an &#8230; \ud83d\ude42<br \/>\nund irgendwann kann ich dann hoffentlich sprachwissenschaft und bibliothekswesen wieder zusammenf\u00fchren.<br \/>\nes bleibt auf jeden fall spannend!<\/p>\n","protected":false},"excerpt":{"rendered":"<p>dieser post h\u00e4tte schon viel fr\u00fcher erscheinen k\u00f6nnen. da\u00df er es erst heute tut, ist symptomatisch f\u00fcr zwei sachverhalte: die in den letzten monaten vorbeigallopierende zeit (macht doch einen unterschied, ob man eine halbe oder eine volle stelle hat &#8230;), die kaum mu\u00dfe f\u00fcr besinnliche eintr\u00e4ge lie\u00df, und die tatsache, da\u00df ich irgendwie immer noch [&hellip;]<\/p>\n","protected":false},"author":1,"featured_media":0,"comment_status":"open","ping_status":"open","sticky":false,"template":"","format":"standard","meta":{"footnotes":""},"categories":[19,30],"tags":[],"class_list":["post-3078","post","type-post","status-publish","format-standard","hentry","category-bucher","category-promotion"],"_links":{"self":[{"href":"https:\/\/www.x-v-x.de\/blog\/index.php?rest_route=\/wp\/v2\/posts\/3078","targetHints":{"allow":["GET"]}}],"collection":[{"href":"https:\/\/www.x-v-x.de\/blog\/index.php?rest_route=\/wp\/v2\/posts"}],"about":[{"href":"https:\/\/www.x-v-x.de\/blog\/index.php?rest_route=\/wp\/v2\/types\/post"}],"author":[{"embeddable":true,"href":"https:\/\/www.x-v-x.de\/blog\/index.php?rest_route=\/wp\/v2\/users\/1"}],"replies":[{"embeddable":true,"href":"https:\/\/www.x-v-x.de\/blog\/index.php?rest_route=%2Fwp%2Fv2%2Fcomments&post=3078"}],"version-history":[{"count":0,"href":"https:\/\/www.x-v-x.de\/blog\/index.php?rest_route=\/wp\/v2\/posts\/3078\/revisions"}],"wp:attachment":[{"href":"https:\/\/www.x-v-x.de\/blog\/index.php?rest_route=%2Fwp%2Fv2%2Fmedia&parent=3078"}],"wp:term":[{"taxonomy":"category","embeddable":true,"href":"https:\/\/www.x-v-x.de\/blog\/index.php?rest_route=%2Fwp%2Fv2%2Fcategories&post=3078"},{"taxonomy":"post_tag","embeddable":true,"href":"https:\/\/www.x-v-x.de\/blog\/index.php?rest_route=%2Fwp%2Fv2%2Ftags&post=3078"}],"curies":[{"name":"wp","href":"https:\/\/api.w.org\/{rel}","templated":true}]}}