{"id":4705,"date":"2011-12-07T22:30:00","date_gmt":"2011-12-07T21:30:00","guid":{"rendered":"http:\/\/www.x-v-x.de\/blog\/?p=4705"},"modified":"2011-12-08T06:26:21","modified_gmt":"2011-12-08T05:26:21","slug":"tweets-2011-12-07","status":"publish","type":"post","link":"https:\/\/www.x-v-x.de\/blog\/?p=4705","title":{"rendered":"tweets | 2011-12-07"},"content":{"rendered":"<ul class=\"aktt_tweet_digest\">\n<li>&#039;morgen! <a href=\"http:\/\/twitter.com\/v_i_o_l_a\/statuses\/144285581243973632\" class=\"aktt_tweet_time\">#<\/a><\/li>\n<li>hm. kein eichh\u00f6rnchen. *kram* felsenratten. was es nicht alles gibt. \ud83d\ude42 <a href=\"http:\/\/t.co\/zoZzpkLu\" rel=\"nofollow\">http:\/\/t.co\/zoZzpkLu<\/a> #<a href=\"http:\/\/search.twitter.com\/search?q=%23adventskalender\" class=\"aktt_hashtag\">adventskalender<\/a> #<a href=\"http:\/\/search.twitter.com\/search?q=%23tierwelt\" class=\"aktt_hashtag\">tierwelt<\/a> #<a href=\"http:\/\/search.twitter.com\/search?q=%23laos\" class=\"aktt_hashtag\">laos<\/a> <a href=\"http:\/\/twitter.com\/v_i_o_l_a\/statuses\/144309185822203904\" class=\"aktt_tweet_time\">#<\/a><\/li>\n<li>\ud83d\ude00 RT @<a href=\"http:\/\/twitter.com\/j_a_n_d_e\" class=\"aktt_username\">j_a_n_d_e<\/a>: EILMELDUNG Extremistische Tendenzen: Jan will Innenminister Friedrich st\u00e4rker \u00fcberwachen. <a href=\"http:\/\/twitter.com\/v_i_o_l_a\/statuses\/144324478825021440\" class=\"aktt_tweet_time\">#<\/a><\/li>\n<li>RT @<a href=\"http:\/\/twitter.com\/vascoda\" class=\"aktt_username\">vascoda<\/a>: Die sich im Aufbau befindliche ViFa Benelux hat nun ein Blog. <a href=\"http:\/\/t.co\/ig9Gbx1j\" rel=\"nofollow\">http:\/\/t.co\/ig9Gbx1j<\/a> und <a href=\"http:\/\/t.co\/7xrv3nqN\" rel=\"nofollow\">http:\/\/t.co\/7xrv3nqN<\/a> #<a href=\"http:\/\/search.twitter.com\/search?q=%23SSG\" class=\"aktt_hashtag\">SSG<\/a> #<a href=\"http:\/\/search.twitter.com\/search?q=%23SSG\" class=\"aktt_hashtag\">Benelux<\/a> <a href=\"http:\/\/twitter.com\/v_i_o_l_a\/statuses\/144324893767499777\" class=\"aktt_tweet_time\">#<\/a><\/li>\n<li>RT @<a href=\"http:\/\/twitter.com\/xenzen\" class=\"aktt_username\">xenzen<\/a> <a href=\"http:\/\/t.co\/ElRxH57X\" rel=\"nofollow\">http:\/\/t.co\/ElRxH57X<\/a>: L\u00e4rm-Patrouille oder Psst! \u2013 Welchen Sinn haben Gebote u Verbote in Bibliotheken? <a href=\"http:\/\/t.co\/jIzIzDLZ\" rel=\"nofollow\">http:\/\/t.co\/jIzIzDLZ<\/a> <a href=\"http:\/\/twitter.com\/v_i_o_l_a\/statuses\/144335573757329409\" class=\"aktt_tweet_time\">#<\/a><\/li>\n<li>regen, graupelschauer, viel wind &#8212; gut, da\u00df ich heute nicht auf den weihnachtsmarkt mu\u00df &#8230; (aber schade f\u00fcr alle anderen.) #<a href=\"http:\/\/search.twitter.com\/search?q=%23herbstwetter\" class=\"aktt_hashtag\">herbstwetter<\/a> <a href=\"http:\/\/twitter.com\/v_i_o_l_a\/statuses\/144341818056785921\" class=\"aktt_tweet_time\">#<\/a><\/li>\n<li>f\u00fcr die hier anwesenden niederlandisten und benelux-interessierten: das blog der vifa benelux ist online! <a href=\"http:\/\/t.co\/rkCVyDo2\" rel=\"nofollow\">http:\/\/t.co\/rkCVyDo2<\/a> <a href=\"http:\/\/twitter.com\/v_i_o_l_a\/statuses\/144390857355833344\" class=\"aktt_tweet_time\">#<\/a><\/li>\n<li>warum vergibt man f\u00fcr ein dokument eine DOI *und* eine URN? doppelt h\u00e4lt besser? <a href=\"http:\/\/twitter.com\/v_i_o_l_a\/statuses\/144412750146314240\" class=\"aktt_tweet_time\">#<\/a><\/li>\n<li>RT @<a href=\"http:\/\/twitter.com\/WWU_Muenster\" class=\"aktt_username\">WWU_Muenster<\/a>: F\u00fcr WWU-Wissenschaftler sicherlich interessant: der #<a href=\"http:\/\/search.twitter.com\/search?q=%23OpenAccess\" class=\"aktt_hashtag\">OpenAccess<\/a> Publikationsfonds der Universit\u00e4t <a href=\"http:\/\/t.co\/GVNBXvss\" rel=\"nofollow\">http:\/\/t.co\/GVNBXvss<\/a> <a href=\"http:\/\/twitter.com\/v_i_o_l_a\/statuses\/144412984809238528\" class=\"aktt_tweet_time\">#<\/a><\/li>\n<li>&quot;momente, in denen man das alter sp\u00fcrt&quot;, folge 4297: kuschelrock feiert 25j\u00e4hriges &#8211; und man hat vonanfangan jedes jahr eine cd bekommen &#8230; <a href=\"http:\/\/twitter.com\/v_i_o_l_a\/statuses\/144471300432347137\" class=\"aktt_tweet_time\">#<\/a><\/li>\n<li>&#039;nacht allerseits! <a href=\"http:\/\/twitter.com\/v_i_o_l_a\/statuses\/144516204936167425\" class=\"aktt_tweet_time\">#<\/a><\/li>\n<\/ul>\n","protected":false},"excerpt":{"rendered":"<p>&#039;morgen! # hm. kein eichh\u00f6rnchen. *kram* felsenratten. was es nicht alles gibt. \ud83d\ude42 http:\/\/t.co\/zoZzpkLu #adventskalender #tierwelt #laos # \ud83d\ude00 RT @j_a_n_d_e: EILMELDUNG Extremistische Tendenzen: Jan will Innenminister Friedrich st\u00e4rker \u00fcberwachen. # RT @vascoda: Die sich im Aufbau befindliche ViFa Benelux hat nun ein Blog. http:\/\/t.co\/ig9Gbx1j und http:\/\/t.co\/7xrv3nqN #SSG #Benelux # RT @xenzen http:\/\/t.co\/ElRxH57X: L\u00e4rm-Patrouille oder [&hellip;]<\/p>\n","protected":false},"author":1,"featured_media":0,"comment_status":"open","ping_status":"open","sticky":false,"template":"","format":"standard","meta":{"footnotes":""},"categories":[36],"tags":[],"class_list":["post-4705","post","type-post","status-publish","format-standard","hentry","category-twitter"],"_links":{"self":[{"href":"https:\/\/www.x-v-x.de\/blog\/index.php?rest_route=\/wp\/v2\/posts\/4705","targetHints":{"allow":["GET"]}}],"collection":[{"href":"https:\/\/www.x-v-x.de\/blog\/index.php?rest_route=\/wp\/v2\/posts"}],"about":[{"href":"https:\/\/www.x-v-x.de\/blog\/index.php?rest_route=\/wp\/v2\/types\/post"}],"author":[{"embeddable":true,"href":"https:\/\/www.x-v-x.de\/blog\/index.php?rest_route=\/wp\/v2\/users\/1"}],"replies":[{"embeddable":true,"href":"https:\/\/www.x-v-x.de\/blog\/index.php?rest_route=%2Fwp%2Fv2%2Fcomments&post=4705"}],"version-history":[{"count":0,"href":"https:\/\/www.x-v-x.de\/blog\/index.php?rest_route=\/wp\/v2\/posts\/4705\/revisions"}],"wp:attachment":[{"href":"https:\/\/www.x-v-x.de\/blog\/index.php?rest_route=%2Fwp%2Fv2%2Fmedia&parent=4705"}],"wp:term":[{"taxonomy":"category","embeddable":true,"href":"https:\/\/www.x-v-x.de\/blog\/index.php?rest_route=%2Fwp%2Fv2%2Fcategories&post=4705"},{"taxonomy":"post_tag","embeddable":true,"href":"https:\/\/www.x-v-x.de\/blog\/index.php?rest_route=%2Fwp%2Fv2%2Ftags&post=4705"}],"curies":[{"name":"wp","href":"https:\/\/api.w.org\/{rel}","templated":true}]}}