{"id":530,"date":"2005-08-22T13:57:36","date_gmt":"2005-08-22T11:57:36","guid":{"rendered":"\/?p=530"},"modified":"2005-10-05T16:01:11","modified_gmt":"2005-10-05T14:01:11","slug":"wir-knnen-nur-den-hass-verringern","status":"publish","type":"post","link":"https:\/\/www.x-v-x.de\/blog\/?p=530","title":{"rendered":"&#8222;wir k\u00f6nnen nur den hass verringern&#8220;"},"content":{"rendered":"<p>als wir samstag nacht vom sommerfest des <a href=\"http:\/\/www.blasorchester.de\" target=\"_blank\">bbo<\/a> nach hause kamen, lief auf arte eine <a href=\"http:\/\/www.arte-tv.com\/de\/kunst-musik\/948326.html\" target=\"_blank\">dokumentation<\/a> \u00fcber <a href=\"http:\/\/www.daniel-barenboim.com\/\" target=\"_blank\">daniel barenboim<\/a> und seine arbeit mit dem &#8222;<a href=\"http:\/\/www.arte-tv.com\/de\/kunst-musik\/festivalsommer-auf-ARTE\/TV-Programm\/912442,CmC=932740.html\" target=\"_blank\">west-eastern divan orchestra<\/a>&#8222;. es war faszinierend zu sehen, wie sich dieses orchester, da\u00df aus musikern aus israel, pal\u00e4stina, syrien und anderen nahost-staaten besteht, zusammengerauft hat und inzwischen supergut spielt &#8211; und ein symbol daf\u00fcr darstellt, da\u00df man sich untereinander versteht und frieden m\u00f6glich sein kann.<br \/>\nes wurde auch von einer <a href=\"http:\/\/www.daniel-barenboim.com\/journal_wolfprizespeech.htm\" target=\"_blank\">rede<\/a> anl\u00e4sslich einer preisverleihung berichtet, die bei gewissen leuten gar nicht auf gegenliebe sto\u00df &#8230;<br \/>\nam sonntag abend dann wurde ein ganz besonderes konzert des divans \u00fcbertragen: <a href=\"http:\/\/www.arte-tv.com\/de\/kunst-musik\/948334.html\" target=\"_Blank\">live aus ramallah<\/a>. ein konzert, da\u00df vor einiger zeit wohl noch niemand f\u00fcr m\u00f6glich gehalten hat.<\/p>\n<p>wer wei\u00df, vielleicht kann dieses projekt &#8211; zusammen mit anderen der <a href=\"http:\/\/www.barenboim-said.org\/\" target=\"_blank\">baremboin-said-stiftung<\/a>ja wirklich ein schritt in richtung frieden sein.<br \/>\nich hoffe es &#8230;<\/p>\n","protected":false},"excerpt":{"rendered":"<p>als wir samstag nacht vom sommerfest des bbo nach hause kamen, lief auf arte eine dokumentation \u00fcber daniel barenboim und seine arbeit mit dem &#8222;west-eastern divan orchestra&#8222;. es war faszinierend zu sehen, wie sich dieses orchester, da\u00df aus musikern aus israel, pal\u00e4stina, syrien und anderen nahost-staaten besteht, zusammengerauft hat und inzwischen supergut spielt &#8211; und [&hellip;]<\/p>\n","protected":false},"author":1,"featured_media":0,"comment_status":"open","ping_status":"open","sticky":false,"template":"","format":"standard","meta":{"footnotes":""},"categories":[4],"tags":[],"class_list":["post-530","post","type-post","status-publish","format-standard","hentry","category-musik"],"_links":{"self":[{"href":"https:\/\/www.x-v-x.de\/blog\/index.php?rest_route=\/wp\/v2\/posts\/530","targetHints":{"allow":["GET"]}}],"collection":[{"href":"https:\/\/www.x-v-x.de\/blog\/index.php?rest_route=\/wp\/v2\/posts"}],"about":[{"href":"https:\/\/www.x-v-x.de\/blog\/index.php?rest_route=\/wp\/v2\/types\/post"}],"author":[{"embeddable":true,"href":"https:\/\/www.x-v-x.de\/blog\/index.php?rest_route=\/wp\/v2\/users\/1"}],"replies":[{"embeddable":true,"href":"https:\/\/www.x-v-x.de\/blog\/index.php?rest_route=%2Fwp%2Fv2%2Fcomments&post=530"}],"version-history":[{"count":0,"href":"https:\/\/www.x-v-x.de\/blog\/index.php?rest_route=\/wp\/v2\/posts\/530\/revisions"}],"wp:attachment":[{"href":"https:\/\/www.x-v-x.de\/blog\/index.php?rest_route=%2Fwp%2Fv2%2Fmedia&parent=530"}],"wp:term":[{"taxonomy":"category","embeddable":true,"href":"https:\/\/www.x-v-x.de\/blog\/index.php?rest_route=%2Fwp%2Fv2%2Fcategories&post=530"},{"taxonomy":"post_tag","embeddable":true,"href":"https:\/\/www.x-v-x.de\/blog\/index.php?rest_route=%2Fwp%2Fv2%2Ftags&post=530"}],"curies":[{"name":"wp","href":"https:\/\/api.w.org\/{rel}","templated":true}]}}