{"id":5895,"date":"2014-03-11T01:00:00","date_gmt":"2014-03-11T00:00:00","guid":{"rendered":"http:\/\/www.x-v-x.de\/blog\/?p=5895"},"modified":"2014-03-12T06:33:45","modified_gmt":"2014-03-12T05:33:45","slug":"tweets-2014-03-11","status":"publish","type":"post","link":"https:\/\/www.x-v-x.de\/blog\/?p=5895","title":{"rendered":"tweets | 2014-03-11"},"content":{"rendered":"<ul class=\"ws_tweet_list\">\n<li class=\"ws_tweet\">&#039;morgen! <a class=\"ws_tweet_time\" href=\"https:\/\/twitter.com\/v_i_o_l_a\/statuses\/443250695329021952\">06:02:55<\/a><\/li>\n<li class=\"ws_tweet\">an der HAB in wolfenb\u00fcttel ist eine stelle im bereich digital humanities ausgeschrieben: <a href=\"http:\/\/t.co\/7BiNdhfyjq\" rel=\"nofollow\">http:\/\/t.co\/7BiNdhfyjq<\/a> <a href=\"https:\/\/twitter.com\/search?q=%23ehumanities&amp;src=hash\">#ehumanities<\/a> <a href=\"https:\/\/twitter.com\/search?q=%23dh&amp;src=hash\">#dh<\/a> <a href=\"https:\/\/twitter.com\/search?q=%23bibliothek&amp;src=hash\">#bibliothek<\/a> <a class=\"ws_tweet_time\" href=\"https:\/\/twitter.com\/v_i_o_l_a\/statuses\/443293469852049408\">08:52:53<\/a><\/li>\n<li class=\"ws_tweet\">die gr\u00f6\u00dfte j\u00e4hrl. Konferenz zum Thema Deutsch als Fremdsprache (DaF) u a Zweitsprache (DaZ) findet in m\u00fcnster statt: <a href=\"http:\/\/t.co\/hOgNCu9YOB\" rel=\"nofollow\">http:\/\/t.co\/hOgNCu9YOB<\/a> <a class=\"ws_tweet_time\" href=\"https:\/\/twitter.com\/v_i_o_l_a\/statuses\/443367382107836416\">13:46:35<\/a><\/li>\n<li class=\"ws_tweet\">RT <a href=\"https:\/\/twitter.com\/chbeer\">@chbeer<\/a>: Work in progress: Planung einer Hospi zur Steigerung von Adjektiven im Franz\u00f6sischunterricht <a href=\"http:\/\/t.co\/kUWkKo9LU3\" rel=\"nofollow\">http:\/\/t.co\/kUWkKo9LU3<\/a> Ideen? <a class=\"ws_tweet_time\" href=\"https:\/\/twitter.com\/v_i_o_l_a\/statuses\/443392870234324992\">15:27:52<\/a><\/li>\n<li class=\"ws_tweet\">RT <a href=\"https:\/\/twitter.com\/astefanowitsch\">@astefanowitsch<\/a>: An alle <a href=\"https:\/\/twitter.com\/search?q=%23Linguistik&amp;src=hash\">#Linguistik<\/a>-Betreibenden noch einmal der Hinweis: Einreichungsfrist f\u00fcr die tolle DGKL endet Freitag! <a href=\"http:\/\/dgkl.fau.de\/call.php\" rel=\"nofollow\">dgkl.fau.de\/call.php <\/a> <a class=\"ws_tweet_time\" href=\"https:\/\/twitter.com\/v_i_o_l_a\/statuses\/443392967005724672\">15:28:15<\/a><\/li>\n<li class=\"ws_tweet\">RT <a href=\"https:\/\/twitter.com\/WWU_Muenster\">@WWU_Muenster<\/a>: B\u00fccherwanderung: Die B\u00fccher der Signaturengruppe 3G in der Unibibliothek M\u00fcnster ziehen vom 1. UG ins 2. UG: <a href=\"http:\/\/www.ulb.uni-muenster.de\/forum\/nachricht\/1554\" rel=\"nofollow\"http:\/\/www.ulb.uni-muenster.de\/forum\/nachricht\/1554<\/a> <a class=\"ws_tweet_time\" href=\"https:\/\/twitter.com\/v_i_o_l_a\/statuses\/443393236779139073\">15:29:20<\/a><\/li>\n<li class=\"ws_tweet\">RT <a href=\"https:\/\/twitter.com\/astefanowitsch\">@astefanowitsch<\/a>: Wir haben aus drei <a href=\"https:\/\/twitter.com\/sprachlog\">@sprachlog<\/a>-Artikeln zwei Rezensionen f\u00fcr eine Fachzeitschrift gemacht: <a href=\"http:\/\/t.co\/e6VNbXEGrl\" rel=\"nofollow\">http:\/\/t.co\/e6VNbXEGrl<\/a> <a class=\"ws_tweet_time\" href=\"https:\/\/twitter.com\/v_i_o_l_a\/statuses\/443403053014978560\">16:08:20<\/a><\/li>\n<\/ul>\n","protected":false},"excerpt":{"rendered":"<p>&#039;morgen! 06:02:55 an der HAB in wolfenb\u00fcttel ist eine stelle im bereich digital humanities ausgeschrieben: http:\/\/t.co\/7BiNdhfyjq #ehumanities #dh #bibliothek 08:52:53 die gr\u00f6\u00dfte j\u00e4hrl. Konferenz zum Thema Deutsch als Fremdsprache (DaF) u a Zweitsprache (DaZ) findet in m\u00fcnster statt: http:\/\/t.co\/hOgNCu9YOB 13:46:35 RT @chbeer: Work in progress: Planung einer Hospi zur Steigerung von Adjektiven im Franz\u00f6sischunterricht http:\/\/t.co\/kUWkKo9LU3 [&hellip;]<\/p>\n","protected":false},"author":1,"featured_media":0,"comment_status":"open","ping_status":"open","sticky":false,"template":"","format":"standard","meta":{"footnotes":""},"categories":[36],"tags":[],"class_list":["post-5895","post","type-post","status-publish","format-standard","hentry","category-twitter"],"_links":{"self":[{"href":"https:\/\/www.x-v-x.de\/blog\/index.php?rest_route=\/wp\/v2\/posts\/5895","targetHints":{"allow":["GET"]}}],"collection":[{"href":"https:\/\/www.x-v-x.de\/blog\/index.php?rest_route=\/wp\/v2\/posts"}],"about":[{"href":"https:\/\/www.x-v-x.de\/blog\/index.php?rest_route=\/wp\/v2\/types\/post"}],"author":[{"embeddable":true,"href":"https:\/\/www.x-v-x.de\/blog\/index.php?rest_route=\/wp\/v2\/users\/1"}],"replies":[{"embeddable":true,"href":"https:\/\/www.x-v-x.de\/blog\/index.php?rest_route=%2Fwp%2Fv2%2Fcomments&post=5895"}],"version-history":[{"count":0,"href":"https:\/\/www.x-v-x.de\/blog\/index.php?rest_route=\/wp\/v2\/posts\/5895\/revisions"}],"wp:attachment":[{"href":"https:\/\/www.x-v-x.de\/blog\/index.php?rest_route=%2Fwp%2Fv2%2Fmedia&parent=5895"}],"wp:term":[{"taxonomy":"category","embeddable":true,"href":"https:\/\/www.x-v-x.de\/blog\/index.php?rest_route=%2Fwp%2Fv2%2Fcategories&post=5895"},{"taxonomy":"post_tag","embeddable":true,"href":"https:\/\/www.x-v-x.de\/blog\/index.php?rest_route=%2Fwp%2Fv2%2Ftags&post=5895"}],"curies":[{"name":"wp","href":"https:\/\/api.w.org\/{rel}","templated":true}]}}