{"id":5973,"date":"2014-05-15T01:00:00","date_gmt":"2014-05-14T23:00:00","guid":{"rendered":"http:\/\/www.x-v-x.de\/blog\/?p=5973"},"modified":"2014-05-15T01:00:00","modified_gmt":"2014-05-14T23:00:00","slug":"tweets-2014-05-15","status":"publish","type":"post","link":"https:\/\/www.x-v-x.de\/blog\/?p=5973","title":{"rendered":"tweets | 2014-05-15"},"content":{"rendered":"<ul class=\"ws_tweet_list\">\n<li class=\"ws_tweet\">&#039;morgen! <a class=\"ws_tweet_time\" href=\"https:\/\/twitter.com\/v_i_o_l_a\/statuses\/466795091315924992\">06:19:57<\/a><\/li>\n<li class=\"ws_tweet\">wer heute in der ULB m\u00fcnster arbeitet oder noch hinwill: achtung, wir m\u00fcssen heute schon um 17:30 schlie\u00dfen <a href=\"http:\/\/t.co\/E3mymJMAE3\" rel=\"nofollow\">http:\/\/t.co\/E3mymJMAE3<\/a> <a class=\"ws_tweet_time\" href=\"https:\/\/twitter.com\/v_i_o_l_a\/statuses\/466883392102203392\">12:10:49<\/a><\/li>\n<li class=\"ws_tweet\">um 1 beginnt die akad. gedenkfeier f\u00fcr prof. j\u00fcrgen macha, der im jan. viel zu fr\u00fch gegangen ist <a href=\"http:\/\/t.co\/jacJYaEiVQ\" rel=\"nofollow\">http:\/\/t.co\/jacJYaEiVQ<\/a> *seufz* <a href=\"https:\/\/twitter.com\/search?q=%23germanistik&amp;src=hash\">#germanistik<\/a> <a class=\"ws_tweet_time\" href=\"https:\/\/twitter.com\/v_i_o_l_a\/statuses\/466883699385311232\">12:12:02<\/a><\/li>\n<li class=\"ws_tweet\">heute gibts mal wieder einen soundcheck zur untermalung der b\u00fcrot\u00e4tigkeiten: ) <a href=\"https:\/\/twitter.com\/search?q=%23juwifest&amp;src=hash\">#juwifest<\/a> <a href=\"https:\/\/twitter.com\/search?q=%23unimuenster&amp;src=hash\">#unimuenster<\/a> <a href=\"https:\/\/twitter.com\/search?q=%23wwu&amp;src=hash\">#wwu<\/a> <a class=\"ws_tweet_time\" href=\"https:\/\/twitter.com\/v_i_o_l_a\/statuses\/466935987067957248\">15:39:49<\/a><\/li>\n<li class=\"ws_tweet\">so, feierabend. dank <a href=\"https:\/\/twitter.com\/search?q=%23juwifest&amp;src=hash\">#juwifest<\/a>. \ud83d\ude42 <a class=\"ws_tweet_time\" href=\"https:\/\/twitter.com\/v_i_o_l_a\/statuses\/466953612527403008\">16:49:51<\/a><\/li>\n<li class=\"ws_tweet\">heute schreibtischfreier abend. also schonmal rechner aus. \ud83d\ude42 &#039;nacht allerseits! <a class=\"ws_tweet_time\" href=\"https:\/\/twitter.com\/v_i_o_l_a\/statuses\/467010585281171459\">20:36:14<\/a><\/li>\n<\/ul>\n","protected":false},"excerpt":{"rendered":"<p>&#039;morgen! 06:19:57 wer heute in der ULB m\u00fcnster arbeitet oder noch hinwill: achtung, wir m\u00fcssen heute schon um 17:30 schlie\u00dfen http:\/\/t.co\/E3mymJMAE3 12:10:49 um 1 beginnt die akad. gedenkfeier f\u00fcr prof. j\u00fcrgen macha, der im jan. viel zu fr\u00fch gegangen ist http:\/\/t.co\/jacJYaEiVQ *seufz* #germanistik 12:12:02 heute gibts mal wieder einen soundcheck zur untermalung der b\u00fcrot\u00e4tigkeiten: ) [&hellip;]<\/p>\n","protected":false},"author":1,"featured_media":0,"comment_status":"open","ping_status":"open","sticky":false,"template":"","format":"standard","meta":{"footnotes":""},"categories":[36],"tags":[],"class_list":["post-5973","post","type-post","status-publish","format-standard","hentry","category-twitter"],"_links":{"self":[{"href":"https:\/\/www.x-v-x.de\/blog\/index.php?rest_route=\/wp\/v2\/posts\/5973","targetHints":{"allow":["GET"]}}],"collection":[{"href":"https:\/\/www.x-v-x.de\/blog\/index.php?rest_route=\/wp\/v2\/posts"}],"about":[{"href":"https:\/\/www.x-v-x.de\/blog\/index.php?rest_route=\/wp\/v2\/types\/post"}],"author":[{"embeddable":true,"href":"https:\/\/www.x-v-x.de\/blog\/index.php?rest_route=\/wp\/v2\/users\/1"}],"replies":[{"embeddable":true,"href":"https:\/\/www.x-v-x.de\/blog\/index.php?rest_route=%2Fwp%2Fv2%2Fcomments&post=5973"}],"version-history":[{"count":0,"href":"https:\/\/www.x-v-x.de\/blog\/index.php?rest_route=\/wp\/v2\/posts\/5973\/revisions"}],"wp:attachment":[{"href":"https:\/\/www.x-v-x.de\/blog\/index.php?rest_route=%2Fwp%2Fv2%2Fmedia&parent=5973"}],"wp:term":[{"taxonomy":"category","embeddable":true,"href":"https:\/\/www.x-v-x.de\/blog\/index.php?rest_route=%2Fwp%2Fv2%2Fcategories&post=5973"},{"taxonomy":"post_tag","embeddable":true,"href":"https:\/\/www.x-v-x.de\/blog\/index.php?rest_route=%2Fwp%2Fv2%2Ftags&post=5973"}],"curies":[{"name":"wp","href":"https:\/\/api.w.org\/{rel}","templated":true}]}}