{"id":7060,"date":"2015-09-22T01:00:00","date_gmt":"2015-09-21T23:00:00","guid":{"rendered":"http:\/\/www.x-v-x.de\/blog\/?p=7060"},"modified":"2015-09-24T20:32:10","modified_gmt":"2015-09-24T18:32:10","slug":"tweets-2015-09-22","status":"publish","type":"post","link":"https:\/\/www.x-v-x.de\/blog\/?p=7060","title":{"rendered":"tweets | 2015-09-22"},"content":{"rendered":"<ul class=\"ws_tweet_list\">\n<li class=\"ws_tweet\">&#039;morgen! <a class=\"ws_tweet_time\" href=\"https:\/\/twitter.com\/v_i_o_l_a\/statuses\/646174973262860288\">06:11:33<\/a><\/li>\n<li class=\"ws_tweet\">die orangene jahreszeit beginnt. <a href=\"https:\/\/twitter.com\/search?q=%23openaccessweek&amp;src=hash\">#openaccessweek<\/a> <a href=\"https:\/\/twitter.com\/search?q=%23vorbereitung&amp;src=hash\">#vorbereitung<\/a> \ud83d\ude42 <a href=\"http:\/\/t.co\/qKtKZOwCUD\" rel=\"nofollow\">http:\/\/t.co\/qKtKZOwCUD<\/a> <a href=\"http:\/\/t.co\/8rNfZ5WzxM\" rel=\"nofollow\">http:\/\/t.co\/8rNfZ5WzxM<\/a> <a class=\"ws_tweet_time\" href=\"https:\/\/twitter.com\/v_i_o_l_a\/statuses\/646200283509469184\">07:52:08<\/a><\/li>\n<li class=\"ws_tweet\">zur kooperation der k\u00f6lner <a href=\"https:\/\/twitter.com\/zb_med\">@zb_med<\/a> mit <a href=\"https:\/\/twitter.com\/deepdyve\">@deepdyve<\/a> gibt es jetzt auch eine meldung auf der zb-med-homepage: <a href=\"http:\/\/t.co\/ar1CsribHc\" rel=\"nofollow\">http:\/\/t.co\/ar1CsribHc<\/a> <a href=\"https:\/\/twitter.com\/search?q=%23wisslit&amp;src=hash\">#wisslit<\/a> <a class=\"ws_tweet_time\" href=\"https:\/\/twitter.com\/v_i_o_l_a\/statuses\/646201984073142272\">07:58:53<\/a><\/li>\n<li class=\"ws_tweet\">&quot;Ein kleines W\u00f6rterbuch des Gender-Wahnsinns&quot; <a href=\"http:\/\/t.co\/ZjGqeXHodp\" rel=\"nofollow\">http:\/\/t.co\/ZjGqeXHodp<\/a> <a class=\"ws_tweet_time\" href=\"https:\/\/twitter.com\/v_i_o_l_a\/statuses\/646225309457641472\">09:31:34<\/a><\/li>\n<li class=\"ws_tweet\">am 8.\/9.10. findet in m\u00fcnster eine tagung zum thema regionale sprache statt: <a href=\"http:\/\/t.co\/5J9cday9fH\" rel=\"nofollow\">http:\/\/t.co\/5J9cday9fH<\/a> <a href=\"https:\/\/twitter.com\/search?q=%23sprachwissenschaft&amp;src=hash\">#sprachwissenschaft<\/a> <a href=\"https:\/\/twitter.com\/search?q=%23linguistics&amp;src=hash\">#linguistics<\/a> <a class=\"ws_tweet_time\" href=\"https:\/\/twitter.com\/v_i_o_l_a\/statuses\/646232342063919104\">09:59:31<\/a><\/li>\n<li class=\"ws_tweet\">le  \u00abGuide Social Media\u00bb 2015 de l&#039;agence <a href=\"https:\/\/twitter.com\/wellcom\">@wellcom<\/a> en ligne: <a href=\"http:\/\/t.co\/hLkxq6SHBd\" rel=\"nofollow\">http:\/\/t.co\/hLkxq6SHBd<\/a> (feuilleter en ligne ou t\u00e9l\u00e9charger fichier PDF) <a class=\"ws_tweet_time\" href=\"https:\/\/twitter.com\/v_i_o_l_a\/statuses\/646243467463663617\">10:43:43<\/a><\/li>\n<li class=\"ws_tweet\">das germanistische institut der <a href=\"https:\/\/twitter.com\/WWU_Muenster\">@WWU_Muenster<\/a> sucht eine studentische hilfskraft zur betreuung der homepage: <a href=\"http:\/\/t.co\/LmZmsNMC3d\" rel=\"nofollow\">http:\/\/t.co\/LmZmsNMC3d<\/a> <a class=\"ws_tweet_time\" href=\"https:\/\/twitter.com\/v_i_o_l_a\/statuses\/646247814243061760\">11:01:00<\/a><\/li>\n<li class=\"ws_tweet\">RT <a href=\"https:\/\/twitter.com\/andyamholst\">@andyamholst<\/a>: [2 Impromptus] <a href=\"http:\/\/t.co\/M2YErJbTAz\" rel=\"nofollow\">http:\/\/t.co\/M2YErJbTAz<\/a> <a class=\"ws_tweet_time\" href=\"https:\/\/twitter.com\/v_i_o_l_a\/statuses\/646263746336292864\">12:04:18<\/a><\/li>\n<li class=\"ws_tweet\">RT <a href=\"https:\/\/twitter.com\/astefanowitsch\">@astefanowitsch<\/a>: Seit Tagen lacht das Netz \u00fcber die Fachschaft Gender Studies der HU. Das <a href=\"https:\/\/twitter.com\/sprachlog\">@sprachlog<\/a> erkl\u00e4rt die Hintergr\u00fcnde: <a href=\"http:\/\/t.co\/pX5cZ1YxQv\" rel=\"nofollow\">http:\/\/t.co\/pX5cZ1YxQv<\/a> <a class=\"ws_tweet_time\" href=\"https:\/\/twitter.com\/v_i_o_l_a\/statuses\/646275292928081920\">12:50:11<\/a><\/li>\n<li class=\"ws_tweet\">RT <a href=\"https:\/\/twitter.com\/ZIVWWU\">@ZIVWWU<\/a>: Medientechniker\/in gesucht: F\u00fcr die Ausstattung von H\u00f6rs\u00e4len mit Vorlesungsaufzeichnungstechnik (e-Lectures) <a href=\"http:\/\/www.uni-muenster.de\/Rektorat\/Stellen\/ausschreibungen\/st_20151609_dk1.html?utm_source=twitterfeed&#038;utm_medium=twitter&#038;utm_term=ZIV\" rel=\"nofollow\">http:\/\/www.uni-muenster.de\/Rektorat\/Stellen\/ausschreibungen\/st_20151609_dk1.html<\/a> <a class=\"ws_tweet_time\" href=\"https:\/\/twitter.com\/v_i_o_l_a\/statuses\/646276310331990016\">12:54:14<\/a><\/li>\n<li class=\"ws_tweet\">RT <a href=\"https:\/\/twitter.com\/Wuestendoktor\">@Wuestendoktor<\/a>: Ich suche Interviewpartner f\u00fcr meine Bachelorarbeit zum Thema Literaturverwaltung: <a href=\"https:\/\/t.co\/13eIRY6zBz\" rel=\"nofollow\">https:\/\/t.co\/13eIRY6zBz<\/a> gerne RT <a class=\"ws_tweet_time\" href=\"https:\/\/twitter.com\/v_i_o_l_a\/statuses\/646284348379959296\">13:26:10<\/a><\/li>\n<li class=\"ws_tweet\">RT <a href=\"https:\/\/twitter.com\/zbmed\">@zbmed<\/a>: Don&#039;t become a librarian, become a nutritionist! <a href=\"https:\/\/twitter.com\/search?q=%23deadendjobs&amp;src=hash\">#deadendjobs<\/a> <a href=\"http:\/\/t.co\/q2vlpp9NzZ\" rel=\"nofollow\">http:\/\/t.co\/q2vlpp9NzZ<\/a> <a class=\"ws_tweet_time\" href=\"https:\/\/twitter.com\/v_i_o_l_a\/statuses\/646284490118004736\">13:26:44<\/a><\/li>\n<li class=\"ws_tweet\">der link zu den <a href=\"https:\/\/twitter.com\/search?q=%23deadendjobs&amp;src=hash\">#deadendjobs<\/a>: <a href=\"http:\/\/t.co\/TXs7rM6hUj\" rel=\"nofollow\">http:\/\/t.co\/TXs7rM6hUj<\/a> <a href=\"https:\/\/twitter.com\/search?q=%23librarian&amp;src=hash\">#librarian<\/a> <a href=\"https:\/\/twitter.com\/search?q=%23nutritionist&amp;src=hash\">#nutritionist<\/a> <a class=\"ws_tweet_time\" href=\"https:\/\/twitter.com\/v_i_o_l_a\/statuses\/646285209692827649\">13:29:36<\/a><\/li>\n<li class=\"ws_tweet\">ah, das war das viele tat\u00fctata heute mittag. <a href=\"https:\/\/t.co\/vM6RyncjZR\" rel=\"nofollow\">https:\/\/t.co\/vM6RyncjZR<\/a> <a class=\"ws_tweet_time\" href=\"https:\/\/twitter.com\/v_i_o_l_a\/statuses\/646304204747706368\">14:45:04<\/a><\/li>\n<li class=\"ws_tweet\"><a href=\"https:\/\/twitter.com\/search?q=%23podcast&amp;src=hash\">#podcast<\/a> von <a href=\"https:\/\/twitter.com\/search?q=%23swr2&amp;src=hash\">#swr2<\/a> <a href=\"https:\/\/twitter.com\/search?q=%23wissen&amp;src=hash\">#wissen<\/a>: &quot;Zufallsentdeckungen in der Medizin&quot; <a href=\"http:\/\/t.co\/Of30qRqUk2\" rel=\"nofollow\">http:\/\/t.co\/Of30qRqUk2<\/a> <a href=\"https:\/\/twitter.com\/search?q=%23medizin&amp;src=hash\">#medizin<\/a> <a href=\"https:\/\/twitter.com\/search?q=%23zufall&amp;src=hash\">#zufall<\/a> cc <a href=\"https:\/\/twitter.com\/obsto\">@obsto<\/a> <a href=\"https:\/\/twitter.com\/zbmed\">@zbmed<\/a> <a class=\"ws_tweet_time\" href=\"https:\/\/twitter.com\/v_i_o_l_a\/statuses\/646350491199401984\">17:49:00<\/a><\/li>\n<li class=\"ws_tweet\">RT <a href=\"https:\/\/twitter.com\/FrauMimimi\">@FrauMimimi<\/a>: &quot;Guten Tag, ich w\u00fcrde gerne einen Jahresvertrag abschlie\u00dfen.&quot;<br \/>\n&quot;Das Fitnessstudio ist eine Etage h\u00f6her, wir sind eine Pizzeria.&quot;<br \/>\n&quot;Ich wei\u00df.&quot; <a class=\"ws_tweet_time\" href=\"https:\/\/twitter.com\/v_i_o_l_a\/statuses\/646363106231361536\">18:39:08<\/a><\/li>\n<li class=\"ws_tweet\">&quot;Open Science in der Soziologie&quot; <a href=\"http:\/\/t.co\/DA9AO4Reez\" rel=\"nofollow\">http:\/\/t.co\/DA9AO4Reez<\/a> \u2013 gl\u00fcckwunsch an <a href=\"https:\/\/twitter.com\/scinoptica\">@scinoptica<\/a> zur ver\u00f6ffentlichten diss! \ud83d\ude42 <a href=\"https:\/\/twitter.com\/search?q=%23openscience&amp;src=hash\">#openscience<\/a> <a href=\"https:\/\/twitter.com\/search?q=%23openaccess&amp;src=hash\">#openaccess<\/a> <a class=\"ws_tweet_time\" href=\"https:\/\/twitter.com\/v_i_o_l_a\/statuses\/646364164622012416\">18:43:20<\/a><\/li>\n<li class=\"ws_tweet\">RT <a href=\"https:\/\/twitter.com\/Christian_Henne\">@Christian_Henne<\/a>: Gleich ARD <a href=\"https:\/\/twitter.com\/search?q=%23Brennpunkt&amp;src=hash\">#Brennpunkt<\/a> zu <a href=\"https:\/\/twitter.com\/search?q=%23Lewandowski&amp;src=hash\">#Lewandowski<\/a>.#FCBwob <a class=\"ws_tweet_time\" href=\"https:\/\/twitter.com\/v_i_o_l_a\/statuses\/646414874239700993\">22:04:50<\/a><\/li>\n<li class=\"ws_tweet\">RT <a href=\"https:\/\/twitter.com\/dogfood\">@dogfood<\/a>: Ich habe gestern ELF Pflaumen in DREI Minuten gekauft. Und jetzt Sie, Herr Lewandowski. <a class=\"ws_tweet_time\" href=\"https:\/\/twitter.com\/v_i_o_l_a\/statuses\/646414958897557505\">22:05:10<\/a><\/li>\n<li class=\"ws_tweet\">RT <a href=\"https:\/\/twitter.com\/Kralle2000\">@Kralle2000<\/a>: Ein Kleidungsst\u00fcck ohne Flaschen\u00f6ffner oder Korkenzieher Funktionsjacke zu nennen ist ja wohl ein schlechter Witz. <a class=\"ws_tweet_time\" href=\"https:\/\/twitter.com\/v_i_o_l_a\/statuses\/646415024232263680\">22:05:26<\/a><\/li>\n<li class=\"ws_tweet\">RT <a href=\"https:\/\/twitter.com\/herr_tu\">@herr_tu<\/a>: &quot;Information Professional&quot; ist das bibliothekarische Pendant zum &quot;Hairstylist&quot; bei den Friseuren, oder? <a class=\"ws_tweet_time\" href=\"https:\/\/twitter.com\/v_i_o_l_a\/statuses\/646415236908625920\">22:06:16<\/a><\/li>\n<li class=\"ws_tweet\">RT <a href=\"https:\/\/twitter.com\/edlef\">@edlef<\/a>: <a href=\"https:\/\/twitter.com\/herr_tu\">@herr_tu<\/a> du bist aber gemein! Eher Metadatenmanager\u2026 <a class=\"ws_tweet_time\" href=\"https:\/\/twitter.com\/v_i_o_l_a\/statuses\/646415248564613120\">22:06:19<\/a><\/li>\n<li class=\"ws_tweet\">RT <a href=\"https:\/\/twitter.com\/herr_tu\">@herr_tu<\/a>: <a href=\"https:\/\/twitter.com\/edlef\">@edlef<\/a> Tschuldigung! Metadaten ist gut, hat etwas Anr\u00fcchiges. Manager ist ausgelutscht, man denke an Office-, Event- oder Geb\u00e4ude- &#8230; <a class=\"ws_tweet_time\" href=\"https:\/\/twitter.com\/v_i_o_l_a\/statuses\/646415258446397441\">22:06:22<\/a><\/li>\n<li class=\"ws_tweet\">RT <a href=\"https:\/\/twitter.com\/Lambo\">@Lambo<\/a>: <a href=\"https:\/\/twitter.com\/edlef\">@edlef<\/a> <a href=\"https:\/\/twitter.com\/herr_tu\">@herr_tu<\/a> Oder wie <a href=\"https:\/\/twitter.com\/rosenke\">@rosenke<\/a> sich zu nennen pflegt: B\u00fcchereielektriker und Pinguinpfleger!! <a class=\"ws_tweet_time\" href=\"https:\/\/twitter.com\/v_i_o_l_a\/statuses\/646415296996229122\">22:06:31<\/a><\/li>\n<li class=\"ws_tweet\">RT <a href=\"https:\/\/twitter.com\/edlef\">@edlef<\/a>: <a href=\"https:\/\/twitter.com\/Lambo\">@Lambo<\/a> <a href=\"https:\/\/twitter.com\/herr_tu\">@herr_tu<\/a> <a href=\"https:\/\/twitter.com\/rosenke\">@rosenke<\/a> da wei\u00df man wenigstens was er den ganzen Tag macht! Das ist aber zu transparent\u2026 <a class=\"ws_tweet_time\" href=\"https:\/\/twitter.com\/v_i_o_l_a\/statuses\/646415324749910017\">22:06:37<\/a><\/li>\n<li class=\"ws_tweet\">RT <a href=\"https:\/\/twitter.com\/bov\">@bov<\/a>: Autoindustrie geht den Bach runter \u2026 Flughafen geht den Bach runter \u2026 Deutschlands Hoffnung liegt jetzt ganz beim Schulschwimmen. <a class=\"ws_tweet_time\" href=\"https:\/\/twitter.com\/v_i_o_l_a\/statuses\/646415449320751104\">22:07:07<\/a><\/li>\n<li class=\"ws_tweet\">RT <a href=\"https:\/\/twitter.com\/DonnerBella\">@DonnerBella<\/a>: \u201cIch regle das jetzt.\u201c Lewandowski. <a href=\"https:\/\/twitter.com\/search?q=%23FCBWOB&amp;src=hash\">#FCBWOB<\/a> <a class=\"ws_tweet_time\" href=\"https:\/\/twitter.com\/v_i_o_l_a\/statuses\/646416054160347136\">22:09:31<\/a><\/li>\n<li class=\"ws_tweet\">RT <a href=\"https:\/\/twitter.com\/AcademicsSay\">@AcademicsSay<\/a>: The etymology of Charles Schulz |  <a href=\"https:\/\/twitter.com\/OUPAcademic\">@OUPAcademic<\/a> cc <a href=\"https:\/\/twitter.com\/SchulzMuseum\">@SchulzMuseum<\/a> <a href=\"http:\/\/t.co\/ir7jqJKLlD\" rel=\"nofollow\">http:\/\/t.co\/ir7jqJKLlD<\/a> <a class=\"ws_tweet_time\" href=\"https:\/\/twitter.com\/v_i_o_l_a\/statuses\/646416162910248962\">22:09:57<\/a><\/li>\n<li class=\"ws_tweet\">RT <a href=\"https:\/\/twitter.com\/Lambo\">@Lambo<\/a>: Ein <a href=\"https:\/\/twitter.com\/search?q=%23mustread&amp;src=hash\">#mustread<\/a> f\u00fcr BibliothekarInnen, nicht nur in der Schweiz: Nationallizenzen und Open Access passen nicht zusammen <a href=\"http:\/\/wp.me\/ptFu7-S1\" rel=\"nofollow\">wp.me\/ptFu7-S1<\/a> <a class=\"ws_tweet_time\" href=\"https:\/\/twitter.com\/v_i_o_l_a\/statuses\/646416960079663104\">22:13:07<\/a><\/li>\n<li class=\"ws_tweet\">&#039;nacht allerseits! <a class=\"ws_tweet_time\" href=\"https:\/\/twitter.com\/v_i_o_l_a\/statuses\/646418132609957889\">22:17:47<\/a><\/li>\n<\/ul>\n","protected":false},"excerpt":{"rendered":"<p>&#039;morgen! 06:11:33 die orangene jahreszeit beginnt. #openaccessweek #vorbereitung \ud83d\ude42 http:\/\/t.co\/qKtKZOwCUD http:\/\/t.co\/8rNfZ5WzxM 07:52:08 zur kooperation der k\u00f6lner @zb_med mit @deepdyve gibt es jetzt auch eine meldung auf der zb-med-homepage: http:\/\/t.co\/ar1CsribHc #wisslit 07:58:53 &quot;Ein kleines W\u00f6rterbuch des Gender-Wahnsinns&quot; http:\/\/t.co\/ZjGqeXHodp 09:31:34 am 8.\/9.10. findet in m\u00fcnster eine tagung zum thema regionale sprache statt: http:\/\/t.co\/5J9cday9fH #sprachwissenschaft #linguistics 09:59:31 le [&hellip;]<\/p>\n","protected":false},"author":1,"featured_media":0,"comment_status":"open","ping_status":"open","sticky":false,"template":"","format":"standard","meta":{"footnotes":""},"categories":[36],"tags":[],"class_list":["post-7060","post","type-post","status-publish","format-standard","hentry","category-twitter"],"_links":{"self":[{"href":"https:\/\/www.x-v-x.de\/blog\/index.php?rest_route=\/wp\/v2\/posts\/7060","targetHints":{"allow":["GET"]}}],"collection":[{"href":"https:\/\/www.x-v-x.de\/blog\/index.php?rest_route=\/wp\/v2\/posts"}],"about":[{"href":"https:\/\/www.x-v-x.de\/blog\/index.php?rest_route=\/wp\/v2\/types\/post"}],"author":[{"embeddable":true,"href":"https:\/\/www.x-v-x.de\/blog\/index.php?rest_route=\/wp\/v2\/users\/1"}],"replies":[{"embeddable":true,"href":"https:\/\/www.x-v-x.de\/blog\/index.php?rest_route=%2Fwp%2Fv2%2Fcomments&post=7060"}],"version-history":[{"count":0,"href":"https:\/\/www.x-v-x.de\/blog\/index.php?rest_route=\/wp\/v2\/posts\/7060\/revisions"}],"wp:attachment":[{"href":"https:\/\/www.x-v-x.de\/blog\/index.php?rest_route=%2Fwp%2Fv2%2Fmedia&parent=7060"}],"wp:term":[{"taxonomy":"category","embeddable":true,"href":"https:\/\/www.x-v-x.de\/blog\/index.php?rest_route=%2Fwp%2Fv2%2Fcategories&post=7060"},{"taxonomy":"post_tag","embeddable":true,"href":"https:\/\/www.x-v-x.de\/blog\/index.php?rest_route=%2Fwp%2Fv2%2Ftags&post=7060"}],"curies":[{"name":"wp","href":"https:\/\/api.w.org\/{rel}","templated":true}]}}