{"id":7352,"date":"2016-01-07T13:21:11","date_gmt":"2016-01-07T12:21:11","guid":{"rendered":"http:\/\/www.x-v-x.de\/blog\/?p=7352"},"modified":"2016-01-07T14:00:03","modified_gmt":"2016-01-07T13:00:03","slug":"jahr2016","status":"publish","type":"post","link":"https:\/\/www.x-v-x.de\/blog\/?p=7352","title":{"rendered":"$jahr=2016;"},"content":{"rendered":"<p>bevor die anfang-januar-urlaubswoche zu ende geht, hier ein kurzer r\u00fcckblick aufs jahr 2015.<\/p>\n<p><strong>familie<\/strong><\/p>\n<ul>\n<li>wieder haben jetzt einen <a href=\"https:\/\/de.wikipedia.org\/wiki\/Jungj%C3%A4ger\">jungj\u00e4ger<\/a> in der familie: mein papa hat den jagdschein gemacht. man kann sich jetzt mit ihm \u00fcber ganz neue themen unterhalten! \ud83d\ude42<\/li>\n<li>unser bulli hat <a href=\"https:\/\/www.x-v-x.de\/blog\/?p=7007\">sein erstes volles jahr<\/a> absolviert.<\/li>\n<li>ich habe meine lieben jetzt <a href=\"https:\/\/www.x-v-x.de\/blog\/?p=7019\">immer dabei<\/a>.<\/li>\n<li>und ich habe ein <a href=\"https:\/\/www.x-v-x.de\/blog\/?p=7201\">kleines eichh\u00f6rnchen<\/a> bekommen. zumindest ein virtuelles. \ud83d\ude42<\/li>\n<\/ul>\n<p><strong>ulb<\/strong><\/p>\n<ul>\n<li>die 2014 begonnene umstrukturierung des bibliothekssystems der m\u00fcnsteraner uni (vgl. <a href=\"https:\/\/www.x-v-x.de\/blog\/?p=6615#ulb\">hier<\/a>) sind zum februar 2015 die fachkollegInnen aus den bibliotheken der institute in den personalpool der ULB gewechselt. meine abteilung ist jetzt ein team aus 15 kollegInnen und zust\u00e4ndig f\u00fcr die <a href=\"http:\/\/www.ulb.uni-muenster.de\/bibliothek\/standorte\/fachbereiche.html#ZWISCHEN-09,%20Philologie\">bibliotheken im fachbereich 9<\/a>.<\/li>\n<li>im fachbereich 9 gab es das seltene ereignis einer institutsneugr\u00fcndung: im rahmen einer <a href=\"https:\/\/www.uni-muenster.de\/news\/view.php?cmdid=7693\">humboldtprofessur<\/a> wird ein institut f\u00fcr j\u00fcdische studien mit einer interdisziplin\u00e4ren geisteswissenschaftlichen ausrichtung aufgebaut.<\/li>\n<li>das thema &#8222;<a href=\"https:\/\/de.wikipedia.org\/wiki\/Regensburger_Verbundklassifikation\">RVK<\/a> f\u00fcr m\u00fcnsteraner bibliotheken&#8220;, das ich schon in meiner <a href=\"http:\/\/nbn-resolving.org\/urn:nbn:de:hbz:79pbc-2013100108\">masterarbeit<\/a> untersucht habe, greift jetzt langsam um sich: f\u00fcr einige standorte gibt es bauma\u00dfnahmen und bibliothekszusammenlegungen, die eine umstellung der best\u00e4nde auf RVK mit sich bringen werden. in einer AG mit kollegInnen aus verschiedenen bibliotheken haben wir uns an die ersten planungen zur einf\u00fchrung der RVK in m\u00fcnster gemacht. ein projekt for many years to come. \ud83d\ude42<\/li>\n<li>ich habe jetzt <a href=\"https:\/\/www.x-v-x.de\/blog\/?p=7003\">einen buchstaben mehr<\/a> vor dem namen, sozusagen. \ud83d\ude42<\/li>\n<li>und ich habe dank einer initiative unserer gesundheitsmanagement-kollegin jetzt einen <a href=\"https:\/\/twitter.com\/v_i_o_l_a\/statuses\/642784410207711232\">schrittz\u00e4hler<\/a>. nettes spielzeug f\u00fcr statistik-fans. \ud83d\ude42<\/li>\n<\/ul>\n<p><strong>musik<\/strong><\/p>\n<ul>\n<li>neben dem \u00fcblichen programm gabs u.a. einen <a href=\"http:\/\/www.wn.de\/Muenster\/Stadtteile\/Albachten\/2097564-Buergerfruehschoppen-der-Blaeservereinigung-Augustinus-siegt-bei-Mordsgaudi\">bayerischen fr\u00fchschoppen<\/a> zum albachtener sch\u00fctzenfest und zwei tolle <a href=\"http:\/\/www.wn.de\/Muenster\/Stadtteile\/Albachten\/2148751-Konzert-der-Blaeservereinigung-Musikalische-Reise-durch-die-Kontinente\">on-air!-konzerte<\/a><\/li>\n<li>seit mai 2015 spiele ich in einer projekt-kammerbesetzung an der <a href=\"http:\/\/www.musikschule-steinfurt.de\/\">musikschule steinfurt<\/a> mit. viel fahrerei, aber spannend, da mal ganz andere st\u00fccke als in einem gro\u00dfen blasorchester.<\/li>\n<\/ul>\n<p><strong>firma<\/strong><\/p>\n<ul>\n<li>wie in den letzten jahren v.a. stammkunden betreut.<\/li>\n<\/ul>\n<p><strong>on tour<\/strong><\/p>\n<ul>\n<li><a href=\"https:\/\/www.x-v-x.de\/blog\/?p=6940\">england<\/a><\/li>\n<li>dienstreisen nach <a href=\"https:\/\/www.x-v-x.de\/blog\/?p=6644\">bonn <\/a>und nach <a href=\"https:\/\/www.x-v-x.de\/blog\/?p=7098\">regensburg<\/a><\/li>\n<\/ul>\n<p><strong>technik<\/strong><\/p>\n<ul>\n<li>mein sch\u00f6nes kleine sony-handy bekam keine android-aktualisierungen mehr, und der speicher lief mit den nicht-deinstallierbaren default-apps \u00fcber. und da sony leider momentan keine handys mit hardware-tastatur mehr anbietet, bin ich <a href=\"https:\/\/www.x-v-x.de\/blog\/?p=6913\">zu blackberry gewechselt<\/a>. einiges ist immer noch ungewohnt, aber die tastatur ist sehr gut. \ud83d\ude42<\/li>\n<li>auch unser sony-tablet wurde nicht mehr aktualisiert. \u00fcber das neue modell (<a href=\"https:\/\/en.wikipedia.org\/wiki\/Sony_Xperia_Z3_Tablet_Compact\">z3 compact<\/a>) freue ich mich nachwievor jeden tag: schnell, handlich und dabei auch noch sehr schick. \ud83d\ude42<\/li>\n<li>ich bin zwar ein gro\u00dfer fan von papier-notizb\u00fcchern, aber manches ist digital doch handlicher, wenn man z.b. von allen dektoprechnern und mobilger\u00e4te zugriff hat. damit das mir-selbst-notiz-mails-schicken etwas weniger wird, habe ich mit der nutzung von <a href=\"https:\/\/de.wikipedia.org\/wiki\/Microsoft_OneNote\">microsoft OneNote<\/a> begonnen. sehr praktisch.<\/li>\n<\/ul>\n<p><strong>und sonst<\/strong><\/p>\n<ul>\n<li><a href=\"https:\/\/www.x-v-x.de\/blog\/?p=6590\">ein paar b\u00fccher <\/a>gelesen. und <a href=\"https:\/\/www.x-v-x.de\/blog\/?p=6997\">noch ein paar<\/a>.<\/li>\n<li>nachdem ich 2014 in england zum porridge-fan geworden bin, habe ich 2015 <a href=\"http:\/\/www.joppiesaus.nl\/Home\/DE.aspx\">joppiesaus<\/a> kennen- und lieben gelernt. auf dem sch\u00fctzenfest albachten. #warumindieferneschweifen \ud83d\ude42<\/li>\n<li>f\u00fcr alles weitere siehe die blogposts <a href=\"https:\/\/www.x-v-x.de\/blog\/?p=6464\">6464 <\/a>bis <a href=\"https:\/\/www.x-v-x.de\/blog\/?p=7336\">7336<\/a>. \ud83d\ude42<\/li>\n<\/ul>\n","protected":false},"excerpt":{"rendered":"<p>bevor die anfang-januar-urlaubswoche zu ende geht, hier ein kurzer r\u00fcckblick aufs jahr 2015. familie wieder haben jetzt einen jungj\u00e4ger in der familie: mein papa hat den jagdschein gemacht. man kann sich jetzt mit ihm \u00fcber ganz neue themen unterhalten! \ud83d\ude42 unser bulli hat sein erstes volles jahr absolviert. ich habe meine lieben jetzt immer dabei. [&hellip;]<\/p>\n","protected":false},"author":1,"featured_media":0,"comment_status":"open","ping_status":"open","sticky":false,"template":"","format":"standard","meta":{"footnotes":""},"categories":[1],"tags":[],"class_list":["post-7352","post","type-post","status-publish","format-standard","hentry","category-general"],"_links":{"self":[{"href":"https:\/\/www.x-v-x.de\/blog\/index.php?rest_route=\/wp\/v2\/posts\/7352","targetHints":{"allow":["GET"]}}],"collection":[{"href":"https:\/\/www.x-v-x.de\/blog\/index.php?rest_route=\/wp\/v2\/posts"}],"about":[{"href":"https:\/\/www.x-v-x.de\/blog\/index.php?rest_route=\/wp\/v2\/types\/post"}],"author":[{"embeddable":true,"href":"https:\/\/www.x-v-x.de\/blog\/index.php?rest_route=\/wp\/v2\/users\/1"}],"replies":[{"embeddable":true,"href":"https:\/\/www.x-v-x.de\/blog\/index.php?rest_route=%2Fwp%2Fv2%2Fcomments&post=7352"}],"version-history":[{"count":0,"href":"https:\/\/www.x-v-x.de\/blog\/index.php?rest_route=\/wp\/v2\/posts\/7352\/revisions"}],"wp:attachment":[{"href":"https:\/\/www.x-v-x.de\/blog\/index.php?rest_route=%2Fwp%2Fv2%2Fmedia&parent=7352"}],"wp:term":[{"taxonomy":"category","embeddable":true,"href":"https:\/\/www.x-v-x.de\/blog\/index.php?rest_route=%2Fwp%2Fv2%2Fcategories&post=7352"},{"taxonomy":"post_tag","embeddable":true,"href":"https:\/\/www.x-v-x.de\/blog\/index.php?rest_route=%2Fwp%2Fv2%2Ftags&post=7352"}],"curies":[{"name":"wp","href":"https:\/\/api.w.org\/{rel}","templated":true}]}}