{"id":9203,"date":"2017-11-17T22:03:30","date_gmt":"2017-11-17T21:03:30","guid":{"rendered":"http:\/\/www.x-v-x.de\/blog\/?p=9203"},"modified":"2017-11-19T08:35:36","modified_gmt":"2017-11-19T07:35:36","slug":"regensburg-2017","status":"publish","type":"post","link":"https:\/\/www.x-v-x.de\/blog\/?p=9203","title":{"rendered":"regensburg 2017"},"content":{"rendered":"<p>nach <a href=\"https:\/\/twitter.com\/v_i_o_l_a\/statuses\/273799014246408192\">2012<\/a> und <a href=\"https:\/\/www.x-v-x.de\/blog\/?p=7098\">2015<\/a> ging es in diesem jahr mal wieder nach <a href=\"https:\/\/twitter.com\/v_i_o_l_a\/statuses\/927882847356059648\">regensburg<\/a>, zum <a href=\"http:\/\/rvk.uni-regensburg.de\/\">RVK<\/a>-anwendertreffen.<\/p>\n<p>zum anwendertreffen siehe die tweets zu <a href=\"https:\/\/twitter.com\/search?f=tweets&#038;vertical=default&#038;q=%23RVK17&#038;src=hash\">#RVK17<\/a> (oder den <a href=\"https:\/\/www.x-v-x.de\/blog\/?p=9179\">blog-digest<\/a>).<br \/>\ninteressanter kleiner exkurs: <a href=\"https:\/\/twitter.com\/v_i_o_l_a\/statuses\/928254716974456832\">\u00fcberlegungen<\/a> zu einer neuen bibliothekarischen schriftenreihe. \ud83d\ude42<\/p>\n<p>f\u00fcr die touristische akte hier meine where-abouts und notizen f\u00fcr&#8217;s n\u00e4chste mal.<\/p>\n<p><strong>vorbereitung<\/strong><\/p>\n<ul>\n<li><a href=\"https:\/\/tourismus.regensburg.de\/regensburg-erleben\/willkommen\/prospektbestellung.html\">downloadbarer stadtplan<\/a><\/li>\n<\/ul>\n<p><strong>gesehen \/ gewesen \/ gemacht \/ gefunden<\/strong><\/p>\n<ul>\n<li><a href=\"http:\/\/www.wurstkuchl.de\/\">wurstkuchl<\/a>: was <a href=\"https:\/\/twitter.com\/v_i_o_l_a\/statuses\/927885188906082304\">leckeres<\/a> auf die hand. \ud83d\ude42<\/li>\n<li><a href=\"https:\/\/www.regensburg.de\/welterbe\/besucherzentrum\">besucherzentrum weltkulturerbe<\/a> im <a href=\"https:\/\/de.wikipedia.org\/wiki\/Salzstadel_(Regensburg)\">salzstadl<\/a>: kleine, gut gemachte <a href=\"https:\/\/twitter.com\/v_i_o_l_a\/statuses\/927891631151501314\">ausstellung<\/a> zur innenstadt<\/li>\n<li><a href=\"http:\/\/www.kunstforum.net\">kunstforum ostdeutsche galerie<\/a>: aufgrund von arbeiten an der ausstellung zwar nur die erste etage zu <a href=\"https:\/\/twitter.com\/v_i_o_l_a\/statuses\/927907057801613312\">sehen<\/a>, aber man hat einen guten eindruck von der &#8222;bunten mischung&#8220; der sammlung bekommen<\/li>\n<li><a href=\"http:\/\/www.staatliche-bibliothek-regensburg.de\">staatliche bibliothek<\/a>: kleine <a href=\"https:\/\/twitter.com\/v_i_o_l_a\/statuses\/927935322100568064\">ausstellung<\/a> zu luther &#038; buchdruck<\/li>\n<li><a href=\"http:\/\/www.schauhi.de\">schau hi<\/a>: nachwievor ein ganz f\u00fcrchterlicher <a href=\"https:\/\/twitter.com\/v_i_o_l_a\/statuses\/927935959060111363\">laden<\/a>! \ud83d\ude42 aber ich habe schonmal ein weihnachtsgeschenk f\u00fcr muttern gefunden. \ud83d\ude42<\/li>\n<li><a href=\"http:\/\/www.zookies.de\/\">zookies<\/a>: mitbringsel und weihnachtsgeschenk f\u00fcr den hund in unserer familie gefunden. \ud83d\ude42 <\/li>\n<li><a href=\"http:\/\/keramik-weissenseel.de\/\">keramik weissenseel<\/a>: beim vorbeilaufen in einen grau-t\u00fcrkisfarbenen becher verliebt \u2013 aber mein rucksack war nicht die richtige transportm\u00f6glickeit daf\u00fcr. nach der r\u00fcckkehr von zu hause eine mail geschrieben, ob man auch per post liefert: man liefert, und ich habe jetzt zwei wundersch\u00f6ne neue becher. \ud83d\ude42<\/li>\n<li><a href=\"http:\/\/www.cafe-prinzess.de\">caf\u00e9 prinzess<\/a>: sehr oldschool, dieses <a href=\"https:\/\/twitter.com\/v_i_o_l_a\/statuses\/928020280311713792\">caf\u00e9<\/a> &#8212; aber leckerer kuchen. \ud83d\ude42 dieses mal habe ich nicht nur pralinen f\u00fcr die daheimgebliebenen gekauft, sondern auch ein bl\u00e4tterkrokrant f\u00fcr mich. seeeehr lecker. \ud83d\ude42<\/li>\n<li><a href=\"http:\/\/www.e-amici.de\/\">amore, vino &#038; amici<\/a>: ein geschmackvoll eingerichtetes und leckeres italienisches restaurant in der innenstadt<\/li>\n<li><a href=\"http:\/\/www.hotelwiendl.de\/\">hotel wiendl<\/a>, universit\u00e4tsstra\u00dfe 9: praktisch gelegen zwischen innenstadt und uni (allerdings auch eher <a href=\"https:\/\/twitter.com\/v_i_o_l_a\/statuses\/928021584287354880\">oldschool<\/a>)<\/li>\n<li><a href=\"http:\/\/www.uni-regensburg.de\/bibliothek\/\">ub regensburg<\/a>: so ein betonklotz wird mit den jahren nicht sch\u00f6ner. aber es wird jetzt hier und da saniert; die neue pizzeria in der mitte des campus ist h\u00fcbsch geworden. \ud83d\ude42<\/li>\n<\/ul>\n<p><strong>f\u00fcr n\u00e4chste male<\/strong><\/p>\n<ul>\n<li><a href=\"http:\/\/xn--brsten-regensburg-22b.de\/\">b\u00fcrsten ernst<\/a> (ein tipp von <a href=\"https:\/\/twitter.com\/bckaemper\/status\/927937684382896128\">@bassocontinuo<\/a>)<\/li>\n<li><a href=\"http:\/\/www.staatliche-bibliothek-regensburg.de\/\">staatliche bibliothek<\/a>, gesandtenstra\u00dfe 13: aktuelle ausstellung [oder einfach die bibliothek angucken :)]<\/li>\n<li><a href=\"https:\/\/de.wikipedia.org\/wiki\/Altes_Rathaus_(Regensburg)\">altes rathaus<\/a><\/li>\n<li><a href=\"https:\/\/www.regensburg.de\/kultur\/museen-in-regensburg\/alle-museen\/brueckturm-museum\">br\u00fcckenturm-museum<\/a> (er\u00f6ffnet wieder im april 2018)<\/li>\n<li><a href=\"http:\/\/www.st-emmeran-regensburg.de\">st. emmeran<\/a>, emmeransplatz<\/li>\n<li><a href=\"http:\/\/www.dreieinigkeitskirche.de\/node\/24\">museum<\/a> in der <a href=\"http:\/\/www.dreieinigkeitskirche.de\">dreieinigkeitkirche<\/a>, gesandtenstra\u00dfe \/ am \u00f6lberg 1<\/li>\n<li><a href=\"https:\/\/de.wikipedia.org\/wiki\/Kepler_Ged%C3%A4chtnishaus\">kepler-ged\u00e4chtnishaus<\/a>, keplerstra\u00dfe 5 (zurzeit leider nur am wochenende ge\u00f6ffnet)<\/li>\n<li><a href=\"http:\/\/www.kunstforum.net\">kunstforum ostdeutsche galerie<\/a>, dr-johann-meisner-stra\u00dfe 5: der teil der ausstellung, der 2017 nicht zu sehen war<\/li>\n<\/ul>\n","protected":false},"excerpt":{"rendered":"<p>nach 2012 und 2015 ging es in diesem jahr mal wieder nach regensburg, zum RVK-anwendertreffen. zum anwendertreffen siehe die tweets zu #RVK17 (oder den blog-digest). interessanter kleiner exkurs: \u00fcberlegungen zu einer neuen bibliothekarischen schriftenreihe. \ud83d\ude42 f\u00fcr die touristische akte hier meine where-abouts und notizen f\u00fcr&#8217;s n\u00e4chste mal. vorbereitung downloadbarer stadtplan gesehen \/ gewesen \/ gemacht [&hellip;]<\/p>\n","protected":false},"author":1,"featured_media":0,"comment_status":"open","ping_status":"open","sticky":false,"template":"","format":"standard","meta":{"footnotes":""},"categories":[3,20],"tags":[],"class_list":["post-9203","post","type-post","status-publish","format-standard","hentry","category-bibliothek","category-on-tour"],"_links":{"self":[{"href":"https:\/\/www.x-v-x.de\/blog\/index.php?rest_route=\/wp\/v2\/posts\/9203","targetHints":{"allow":["GET"]}}],"collection":[{"href":"https:\/\/www.x-v-x.de\/blog\/index.php?rest_route=\/wp\/v2\/posts"}],"about":[{"href":"https:\/\/www.x-v-x.de\/blog\/index.php?rest_route=\/wp\/v2\/types\/post"}],"author":[{"embeddable":true,"href":"https:\/\/www.x-v-x.de\/blog\/index.php?rest_route=\/wp\/v2\/users\/1"}],"replies":[{"embeddable":true,"href":"https:\/\/www.x-v-x.de\/blog\/index.php?rest_route=%2Fwp%2Fv2%2Fcomments&post=9203"}],"version-history":[{"count":0,"href":"https:\/\/www.x-v-x.de\/blog\/index.php?rest_route=\/wp\/v2\/posts\/9203\/revisions"}],"wp:attachment":[{"href":"https:\/\/www.x-v-x.de\/blog\/index.php?rest_route=%2Fwp%2Fv2%2Fmedia&parent=9203"}],"wp:term":[{"taxonomy":"category","embeddable":true,"href":"https:\/\/www.x-v-x.de\/blog\/index.php?rest_route=%2Fwp%2Fv2%2Fcategories&post=9203"},{"taxonomy":"post_tag","embeddable":true,"href":"https:\/\/www.x-v-x.de\/blog\/index.php?rest_route=%2Fwp%2Fv2%2Ftags&post=9203"}],"curies":[{"name":"wp","href":"https:\/\/api.w.org\/{rel}","templated":true}]}}