{"id":959,"date":"2007-01-22T16:03:17","date_gmt":"2007-01-22T15:03:17","guid":{"rendered":"http:\/\/www.x-v-x.de\/blog\/?p=959"},"modified":"2007-01-29T06:55:36","modified_gmt":"2007-01-29T05:55:36","slug":"mz-im-sinkflug","status":"publish","type":"post","link":"https:\/\/www.x-v-x.de\/blog\/?p=959","title":{"rendered":"mz im sinkflug?"},"content":{"rendered":"<p>nachdem in den letzten monaten immer schon meldungen kursierten, da\u00df die m\u00fcnsteraner redaktion der <a href=\"http:\/\/muensterschezeitung.westline.de\/\" target=\"_blank\">mz<\/a> immer weiter zusammengeschrumpft und ein gro\u00dfteil auch des lokalen teils der zeitung in dortmund (sitz des <a href=\"http:\/\/www.mdhl.de\" target=\"_blank\">verlagshaus<\/a>es) erstellt wird, kam heute in den wdr2-lokalnachrichten:<\/p>\n<blockquote><p>\n<strong>MZ tauscht Lokalredaktion aus<\/strong><br \/>\nDer Verleger der ?M\u00fcnsterschen Zeitung? hat sich nach WDR-Informationen von seiner bisherigen Lokal- und Sportredaktion in M\u00fcnster getrennt. Die 19 betroffenen Mitarbeiter seien seit Freitag von der Arbeit freigestellt, erkl\u00e4rte der Betriebsrat. Nun sei auch mit K\u00fcndigungen zu rechnen. Die Zeitung selbst spricht von einem Wechsel in der Redaktion, die neue Organisationsstruktur geh\u00f6re zu den modernsten bundesweit.<\/p>\n<p>(via <a href=\"http:\/\/www.wdr.de\/studio\/muenster\/nachrichten\/index.jhtml#TP1157995\" target=\"_blank\">www.wdr-muenster.de<\/a>)\n<\/p><\/blockquote>\n<p>angeblich ist das ganze wohl nicht wirklich koscher \u00fcber die b\u00fchne gegangen.<\/p>\n<p>in der mz wird der wechsel in einem artikel erl\u00e4utert; sichtbar wird er an einigen layout-\u00e4nderungen: so hat der lokalteil z.b. einen ge\u00e4nderten header und auf den ersten seiten eine art bebildertes inhaltsverzeichnis, und die stadtteil-berichterstattung hat links oben eine karte, auf der die jeweiligen stadtteile markiert sind.<br \/>\nich bin immer f\u00fcr innovatives layout und neuerungen zu haben &#8211; aber f\u00fcr mich macht diese neue seitengestaltung ein wenig einen platz-schinden-eindruck: wenn man die kopfzeilen und andere elemente gr\u00f6\u00dfer macht, hats auf der seite nicht mehr so viel platz, den man mit meldungen f\u00fcllen mu\u00df. und da man ohne bzw. mit komplett ge\u00e4nderter lokalredaktion vermutlich weniger meldungen hat, passt das ja ganz gut.<\/p>\n<p>modernes redaktionzentrum hin oder her &#8211; ich wei\u00df nicht, wo das hinf\u00fchren soll, wenn eine zeitung f\u00fcr m\u00fcnster jetzt fast nur mit dortmunder leuten gemacht wird.<br \/>\nsollte ich nach jahrzehnten der treue doch irgendwann zur wn wechseln m\u00fcssen? ich hoffe nicht.<\/p>\n<p>nachtrag: <a href=\"http:\/\/www.spiegel.de\/wirtschaft\/0,1518,461628,00.html\" target=\"_blank\">bericht<\/a> bei spiegel-online, taz-<a href=\"http:\/\/www.taz.de\/pt\/2007\/01\/25\/a0217.1\/text\" target=\"_blank\">artikel<\/a>, <a href=\"http:\/\/www.stadtgefluester-muenster.de\/06\/06\/interviews\/mz_schurdenberg.php\" target=\"_blank\">interview<\/a> im stadtgefl\u00fcster, noch ein taz-<a href=\"http:\/\/www.taz.de\/pt\/2007\/01\/27\/a0020.1\/text.ges,1\" target=\"_blank\">artikel<\/a><\/p>\n","protected":false},"excerpt":{"rendered":"<p>nachdem in den letzten monaten immer schon meldungen kursierten, da\u00df die m\u00fcnsteraner redaktion der mz immer weiter zusammengeschrumpft und ein gro\u00dfteil auch des lokalen teils der zeitung in dortmund (sitz des verlagshauses) erstellt wird, kam heute in den wdr2-lokalnachrichten: MZ tauscht Lokalredaktion aus Der Verleger der ?M\u00fcnsterschen Zeitung? hat sich nach WDR-Informationen von seiner bisherigen [&hellip;]<\/p>\n","protected":false},"author":1,"featured_media":0,"comment_status":"open","ping_status":"open","sticky":false,"template":"","format":"standard","meta":{"footnotes":""},"categories":[1],"tags":[],"class_list":["post-959","post","type-post","status-publish","format-standard","hentry","category-general"],"_links":{"self":[{"href":"https:\/\/www.x-v-x.de\/blog\/index.php?rest_route=\/wp\/v2\/posts\/959","targetHints":{"allow":["GET"]}}],"collection":[{"href":"https:\/\/www.x-v-x.de\/blog\/index.php?rest_route=\/wp\/v2\/posts"}],"about":[{"href":"https:\/\/www.x-v-x.de\/blog\/index.php?rest_route=\/wp\/v2\/types\/post"}],"author":[{"embeddable":true,"href":"https:\/\/www.x-v-x.de\/blog\/index.php?rest_route=\/wp\/v2\/users\/1"}],"replies":[{"embeddable":true,"href":"https:\/\/www.x-v-x.de\/blog\/index.php?rest_route=%2Fwp%2Fv2%2Fcomments&post=959"}],"version-history":[{"count":0,"href":"https:\/\/www.x-v-x.de\/blog\/index.php?rest_route=\/wp\/v2\/posts\/959\/revisions"}],"wp:attachment":[{"href":"https:\/\/www.x-v-x.de\/blog\/index.php?rest_route=%2Fwp%2Fv2%2Fmedia&parent=959"}],"wp:term":[{"taxonomy":"category","embeddable":true,"href":"https:\/\/www.x-v-x.de\/blog\/index.php?rest_route=%2Fwp%2Fv2%2Fcategories&post=959"},{"taxonomy":"post_tag","embeddable":true,"href":"https:\/\/www.x-v-x.de\/blog\/index.php?rest_route=%2Fwp%2Fv2%2Ftags&post=959"}],"curies":[{"name":"wp","href":"https:\/\/api.w.org\/{rel}","templated":true}]}}