{"id":9773,"date":"2018-07-20T22:09:59","date_gmt":"2018-07-20T20:09:59","guid":{"rendered":"http:\/\/www.x-v-x.de\/blog\/?p=9773"},"modified":"2018-07-20T22:14:03","modified_gmt":"2018-07-20T20:14:03","slug":"oslo-2018","status":"publish","type":"post","link":"https:\/\/www.x-v-x.de\/blog\/?p=9773","title":{"rendered":"oslo 2018"},"content":{"rendered":"<p>nach <a href=\"https:\/\/www.x-v-x.de\/blog\/?p=8651\">kristiansand im letzten jahr<\/a> habe ich es dieses jahr dank der <a href=\"https:\/\/iatul2018.hioa.no\/\">IATUL-tagung<\/a>* nach oslo geschafft.<\/p>\n<p>hier ein paar notizen zur stadt und zur tagung; f\u00fcr mehr siehe die tweets vom <a href=\"https:\/\/www.x-v-x.de\/blog\/?p=9710\">16.<\/a> bis zum <a href=\"https:\/\/www.x-v-x.de\/blog\/?p=9718\">22.<\/a> juni.<\/p>\n<p><em>*das ist die tagung, die letztes jahr in bozen war. hm, dar\u00fcber hab ich gar nicht gebloggt. vermutlich weil es zu warm war &#8230; 8)<br \/>\nsiehe dazu die tweets vom <a href=\"https:\/\/www.x-v-x.de\/blog\/?p=9718\">17.<\/a> bis zum <a href=\"https:\/\/www.x-v-x.de\/blog\/?p=8720\">23.<\/a>6.2017.<\/em><\/p>\n<p>&nbsp;<\/p>\n<h1>oslo<\/h1>\n<p><strong>hin und zur\u00fcck<\/strong><\/p>\n<ul>\n<li>von <a href=\"https:\/\/www.fmo.de\/\">m\u00fcnster<\/a> aus kann man via m\u00fcnchen nach oslo fliegen. kategorie &#8222;von hinten durchs knie ins auge&#8220;, aber zumindest hat man keine versp\u00e4tungsgef\u00e4hrdete zubringer-bahnfahrt nach frankfurt oder berlin. \ud83d\ude42<\/li>\n<li>vom <a href=\"https:\/\/de.wikipedia.org\/wiki\/Flughafen_Oslo-Gardermoen\">osloer flughafen<\/a> kommt man z.b. mit <a href=\"https:\/\/www.flybussen.no\">flybussen<\/a> in die stadt. tip: tickets\u00a0vorab buchen, spart zeit vor ort. (allerdings braucht man daf\u00fcr eine kreditkarte; paypal o.\u00e4. geht nicht.)<\/li>\n<li>das letzte mal bin ich geflogen, da war ich 16 und mu\u00dfte mich um nichts k\u00fcmmern. dementsprechend war es <a href=\"https:\/\/twitter.com\/v_i_o_l_a\/status\/1007919044383707136\">sehr aufregend<\/a>, jetzt das erste mal alleine zu fliegen. 8)<\/li>\n<li>f\u00fcr die akten: LH2141, LH2452, LH2455, LH2140.<\/li>\n<li>wei\u00df hier zuf\u00e4llig jemand, warum bei start und landung die sonnenblenden der fenster im flugzeug hochgeschoben sein m\u00fcssen? sitze-gerade-stellen verstehe ich, aber warum die sonnenblenden?<\/li>\n<li>ich habe bis heute meine fl\u00fcge <a href=\"https:\/\/twitter.com\/v_i_o_l_a\/status\/1007562786086547456\">nicht<\/a> in die lufthansa-app bekommen. was ich aber cool f\u00e4nde: wenn man sich das taschen-r\u00f6ntgen-foto in eine app schicken lassen k\u00f6nnte. \ud83d\ude42<\/li>\n<li>in meinem n\u00e4chsten leben mache ich was mit flughafen-logistik. die ganzen <a href=\"https:\/\/twitter.com\/v_i_o_l_a\/status\/1007924840706248704\">wunderbaren<\/a> <a href=\"https:\/\/twitter.com\/v_i_o_l_a\/status\/1010197180605485063\">kleinen und gro\u00dfen<\/a> autos! \ud83d\ude42<\/li>\n<\/ul>\n<p><strong>hotel<\/strong><\/p>\n<ul>\n<li>eine der empfehlungen der tagungsveranstalter war <a href=\"http:\/\/www.cochspensjonat.no\/\">cochs pensjonat<\/a>. da ich gerne m\u00f6glichst nah am veranstaltungsort &#8222;wohne&#8220;, habe ich das gew\u00e4hlt. ein sch\u00f6nes altes geb\u00e4ude, die zimmer recht schlicht, aber in ordnung, kein fr\u00fchst\u00fcck, aber es gibt rabatt in den beiden caf\u00e9s im erdgeschoss des geb\u00e4udes.<\/li>\n<\/ul>\n<p><strong>caf\u00e9s, restaurants, gesch\u00e4fte<\/strong><\/p>\n<ul>\n<li><a href=\"http:\/\/cafecathedral.no\/\">caf\u00e9 cathedral<\/a>: mitten in der innenstadt, man kann sch\u00f6n im schatten drau\u00dfen sitzen, leckerer burger. \ud83d\ude42<\/li>\n<li><a href=\"https:\/\/www.kaffebrenneriet.no\/\">kaffebrenneriet<\/a>: davon gibt es in oslo mehrere filialen, die alle gem\u00fctlich aussehen. in der unter dem hotel habe ich gefr\u00fchst\u00fcck. sehr leckere sachen, nur das mit dem tee ist nicht ganz einfach (siehe unten).<\/li>\n<li><a href=\"http:\/\/rustoslo.com\/\">rust<\/a>: restaurant mit einer gesch\u00fctzten au\u00dfenterrasse drei minuten vom cochs pensjonat entfernt.<\/li>\n<li><a href=\"http:\/\/www.tukthuset.no\/\">tukthuset<\/a>: schick, etwas unpers\u00f6nliche atmosph\u00e4re, aber lecker. \ud83d\ude42<\/li>\n<li><a href=\"https:\/\/www.glasmagasinet.no\/\">glasmagsinet<\/a>: ein gesch\u00e4ft mit vielen sch\u00f6nen dingen. gut, da\u00df ich nicht viel platz im koffer hatte &#8230; 8) das seltsamste touri-souvenir: ein teigschaber mit dem &#8222;schrei&#8220; von munch. hm. \ud83d\ude42<\/li>\n<li><a href=\"https:\/\/www.norli.no\">norli<\/a>: eine gro\u00dfe buchhandlung. mitbringsel-kinderb\u00fccher f\u00fcr die junge verwandtschaft kaufe ich gerne in der jeweiligen landessprache. die m\u00e4dels k\u00f6nnen das schlie\u00dflich alle noch lernen, und die eltern haben zum on-the-fly-\u00fcbersetzen beim vorlesen das internet. \ud83d\ude42<\/li>\n<\/ul>\n<p><strong>been there, seen that<\/strong><\/p>\n<ul>\n<li><a href=\"https:\/\/de.wikipedia.org\/wiki\/Festung_Akershus\">akershus festning<\/a><\/li>\n<li><a href=\"https:\/\/www.visitoslo.com\/de\/artikel\/die-hafenpromenade\/\">hafenpromenade<\/a><\/li>\n<li>informationszentrum zum <a href=\"http:\/\/www.nasjonalmuseet.no\/en\/the_national_museum\/the_new_national_museum\/\">neuen nationalmuseum<\/a><\/li>\n<li><a href=\"https:\/\/de.wikipedia.org\/wiki\/Munch-Museum_Oslo\">munch-museum<\/a><\/li>\n<li><a href=\"https:\/\/de.wikipedia.org\/wiki\/Botanischer_Garten_Oslo\">botanischer garten<\/a><\/li>\n<li><a href=\"https:\/\/de.wikipedia.org\/wiki\/Rathaus_Oslo\">rathaus<\/a><\/li>\n<li><a href=\"https:\/\/de.wikipedia.org\/wiki\/Holmenkollbakken\">holmenkollbakken<\/a><\/li>\n<li><a href=\"https:\/\/de.wikipedia.org\/wiki\/Vigelandsanlegget\">vigelandsanlegget<\/a><\/li>\n<li>eine bootsfahrt durch den <a href=\"https:\/\/de.wikipedia.org\/wiki\/Oslofjord\">oslojford<\/a><\/li>\n<li><a href=\"https:\/\/de.wikipedia.org\/wiki\/Kon-Tiki-Museum\">kon-tiki-museum<\/a><\/li>\n<li><a href=\"https:\/\/de.wikipedia.org\/wiki\/Vikingskipshuset\">vikingskipshuset<\/a><\/li>\n<li><a href=\"https:\/\/de.wikipedia.org\/wiki\/Opernhaus_Oslo\">oper<\/a><\/li>\n<li><a href=\"https:\/\/de.wikipedia.org\/wiki\/V%C3%A5r_Frelsers_Gravlund\">v\u00e5r frelsers gravlund<\/a><\/li>\n<li>f\u00fcr infos zur stadt siehe <a href=\"https:\/\/de.wikipedia.org\/wiki\/Oslo\">wikipedia<\/a>, f\u00fcr weitere sehensw\u00fcrdigkeiten siehe <a href=\"https:\/\/www.visitoslo.com\/de\/\">visitoslo<\/a>.<\/li>\n<li>das neue nationalmuseum, das neue munch-museum und die neue stadtb\u00fccherei, die 2021 er\u00f6ffnet werden sollen, sind &#8212; neben allem anderen, was ich noch nicht gesehen habe &#8212; drei gute gr\u00fcnde, ein oder mehrere weitere male nach oslo zu kommen. \ud83d\ude42<\/li>\n<\/ul>\n<p><strong>und sonst<\/strong><\/p>\n<ul>\n<li>ein bi\u00dfchen bargeld in der tasche kann nie schaden. aber man kann problemlos auch einen kaffee mit [kredit]karte bezahlen; ein umstand, an den man sich als deutsche erst gew\u00f6hnen muss. \ud83d\ude42<\/li>\n<li>&#8222;hej&#8220; als begr\u00fc\u00dfung kannte ich schon. dass man es aber auch zur verabschiedung verwenden kann, fand ich etwas irritierend. \ud83d\ude42<\/li>\n<li>die schwedischen, norwegischen und d\u00e4nischen kollegen konnten sich relativ problemlos untereinander verst\u00e4ndigen. und von den finnischen kollegen sprechen einige auch schwedisch. man steht fasziniert daneben und versteht so gut wie nichts. \ud83d\ude42<\/li>\n<li>teetrinken in norwegen ist schwierig. zumindest in kristiansand und in oslo. und zumindest, wenn man normalen schwarzen tee (ceylon\/assam) haben m\u00f6chte. und *nicht* earl grey, roiboos, chai oder gr\u00fcnen tee. \ud83d\ude42<\/li>\n<\/ul>\n<p>&nbsp;<br \/>\n<a name=\"IATUL18norway\"><\/p>\n<h1>tagung<\/h1>\n<p><\/a><br \/>\n<em>hier die notizen, die ich im internen ULB-blog gepostet habe, die aber vielleicht auch f\u00fcr kolleg:innen au\u00dferhalb der ULB und andere leut interessant sind.<\/em><\/p>\n<figure id=\"attachment_9774\" aria-describedby=\"caption-attachment-9774\" style=\"width: 250px\" class=\"wp-caption alignright\"><a href=\"https:\/\/www.x-v-x.de\/blog\/wp-content\/pics\/IATUL_OsloMet_Engang.jpg\"><img loading=\"lazy\" decoding=\"async\" class=\"size-thumbnail wp-image-9774\" src=\"https:\/\/www.x-v-x.de\/blog\/wp-content\/pics\/IATUL_OsloMet_Engang-250x250.jpg\" alt=\"\" width=\"250\" height=\"250\" srcset=\"https:\/\/www.x-v-x.de\/blog\/wp-content\/pics\/IATUL_OsloMet_Engang-250x250.jpg 250w, https:\/\/www.x-v-x.de\/blog\/wp-content\/pics\/IATUL_OsloMet_Engang-300x300.jpg 300w, https:\/\/www.x-v-x.de\/blog\/wp-content\/pics\/IATUL_OsloMet_Engang-768x768.jpg 768w, https:\/\/www.x-v-x.de\/blog\/wp-content\/pics\/IATUL_OsloMet_Engang-1024x1024.jpg 1024w, https:\/\/www.x-v-x.de\/blog\/wp-content\/pics\/IATUL_OsloMet_Engang-624x624.jpg 624w, https:\/\/www.x-v-x.de\/blog\/wp-content\/pics\/IATUL_OsloMet_Engang.jpg 1280w\" sizes=\"auto, (max-width: 250px) 100vw, 250px\" \/><\/a><figcaption id=\"caption-attachment-9774\" class=\"wp-caption-text\">Oslo Metropolitan University, Campus Pilestredet \u2013 fr\u00fcher mal ein Brauerei-Gel\u00e4nde \u2026 \ud83d\ude42<\/figcaption><\/figure>\n<p>Vom 18. bis zum 21. Juni fand in Oslo die <a href=\"https:\/\/iatul2018.hioa.no\/\">2018er-Jahrestagung<\/a> der <a href=\"https:\/\/iatul.org\/\">International Association of University Libraries (IATUL)<\/a> statt.<\/p>\n<p>Auf dem <a href=\"https:\/\/iatul2018.hioa.no\/program\/\">Programm<\/a> standen viele Vortr\u00e4ge zu verschiedenen bibliothekarischen Themen aus &#8212; im wahrsten Sinne des Wortes &#8212; aller Welt.<br \/>\nDie Folien aller Vortr\u00e4ge und die Artikel dazu werden in den n\u00e4chsten Tagen auf dem <a href=\"http:\/\/docs.lib.purdue.edu\/iatul\/\">Dokumentenserver der IATUL<\/a> zur Verf\u00fcgung gestellt. Die Plenary Talks wurden gefilmt und k\u00f6nnen &#8222;<a href=\"https:\/\/iatul2018.hioa.no\/streaming\/\">nachgeschaut<\/a>&#8220; werden: seitens der IATUL gibt es einen offiziellen <a href=\"https:\/\/www.iatul.org\/about\/news\/conference-report-39th-iatul-conference-oslo-2018\">Konferenzbericht<\/a>.<\/p>\n<p>&nbsp;<\/p>\n<p>&nbsp;<\/p>\n<figure id=\"attachment_9776\" aria-describedby=\"caption-attachment-9776\" style=\"width: 250px\" class=\"wp-caption alignright\"><a href=\"https:\/\/www.x-v-x.de\/blog\/wp-content\/pics\/IATUL18_Bibliothek-OsloMet_Infotheke.jpg\"><img loading=\"lazy\" decoding=\"async\" class=\"size-thumbnail wp-image-9776\" src=\"https:\/\/www.x-v-x.de\/blog\/wp-content\/pics\/IATUL18_Bibliothek-OsloMet_Infotheke-250x250.jpg\" alt=\"\" width=\"250\" height=\"250\" srcset=\"https:\/\/www.x-v-x.de\/blog\/wp-content\/pics\/IATUL18_Bibliothek-OsloMet_Infotheke-250x250.jpg 250w, https:\/\/www.x-v-x.de\/blog\/wp-content\/pics\/IATUL18_Bibliothek-OsloMet_Infotheke-300x300.jpg 300w, https:\/\/www.x-v-x.de\/blog\/wp-content\/pics\/IATUL18_Bibliothek-OsloMet_Infotheke-768x768.jpg 768w, https:\/\/www.x-v-x.de\/blog\/wp-content\/pics\/IATUL18_Bibliothek-OsloMet_Infotheke-1024x1024.jpg 1024w, https:\/\/www.x-v-x.de\/blog\/wp-content\/pics\/IATUL18_Bibliothek-OsloMet_Infotheke-624x624.jpg 624w, https:\/\/www.x-v-x.de\/blog\/wp-content\/pics\/IATUL18_Bibliothek-OsloMet_Infotheke.jpg 1280w\" sizes=\"auto, (max-width: 250px) 100vw, 250px\" \/><\/a><figcaption id=\"caption-attachment-9776\" class=\"wp-caption-text\">Info-Theke in der Bibliothek der OsloMet: vor Kurzem von \u201edirekt gegen\u00fcber dem Eingang\u201c verschoben nach \u201erechts vom Eingang\u201c, um auf die Studierenden weniger \u201eeinsch\u00fcchternd\u201c zu wirken<\/figcaption><\/figure>\n<p>Einige Teilnehmer haben w\u00e4hrend der Tagung getwittert. Unter dem Hashtag <a href=\"https:\/\/twitter.com\/hashtag\/iatul18norway?f=tweets&amp;vertical=default&amp;src=hash\">#IATUL18Norway<\/a> (chronologisch r\u00fcckw\u00e4rts sortiert) kann man einen Eindruck von den Vortr\u00e4gen und dem Rahmenprogramm bekommen und Fotos von den Bibliotheken, durch die es F\u00fchrungen gab,\u00a0sehen.<br \/>\nWelche Vortr\u00e4ge ich geh\u00f6rt habe, kann man ebenfalls bei Twitter nachlesen. \ud83d\ude42<br \/>\nFalls jemand Fragen dazu hat, gerne melden!<\/p>\n<p>&nbsp;<\/p>\n<p>&nbsp;<\/p>\n<p>&nbsp;<\/p>\n<p>&nbsp;<\/p>\n<p>Ein paar bunt gemischte Notizen zu einigen Details, die ich interessant fand:<\/p>\n<ul>\n<li>Der Rektor der Oslo Metropolitan University (kurz OsloMet, bis Anfang 2018 noch H\u00f8gskolen i Oslo og Akershus (HiOA)), <a href=\"http:\/\/curt-rice.com\/about\/\">Curt Rice<\/a>, ist ein gro\u00dfer Verfechter von Open Access und anderen hochschulweiten Themen.<\/li>\n<li><a href=\"https:\/\/andypriestnertraining.com\/\">Andy Priestner<\/a> ist ein Fachmann f\u00fcr &#8222;User Experience&#8220; in Bibliotheken. Was dieses Thema mit seinem Osloer Hotelzimmer zu tun hat und welche Methoden es gibt, um in der eigenen Bibliothek das &#8222;Benutzererlebnis&#8220; zu verbessern, stellte er in einem sehr lebhaften Vortrag vor. \u203a <a href=\"https:\/\/youtu.be\/Rb0gp2TLgeY?t=2h10m10s\">Aufzeichnung<\/a><\/li>\n<li>Nutzer in der <a href=\"https:\/\/library.unr.edu\/delamare\/\">DeLaMare Science &amp; Engineering Library<\/a> in der University of Nevada, Reno, w\u00fcnschten sich Whiteboards f\u00fcr ihre Arbeitsbereiche. Anstatt immer mehr und immer gr\u00f6\u00dfere Whiteboards zu kaufen, sind die Kolleg:innen dort einfach auf Whiteboard-Farbe umgestiegen &#8212; sowohl f\u00fcr W\u00e4nde als auch f\u00fcr Arbeitstische. So steht den Benutzern jetzt viel Platz f\u00fcr ihre Notizen zur Verf\u00fcgung! \ud83d\ude42<\/li>\n<li>&#8222;The function of the library is enlightenment!&#8220; So lautete eine der Aussagen von\u00a0 <a href=\"https:\/\/en.wikipedia.org\/wiki\/Aslak_Sira_Myhre\">Aslak Sira Myhre<\/a>, dem Direktor der norwegischen Nationalbibliothek, der seinen Vortrag mit einer Warnung beendete: &#8222;The biggest danger for libraries is: the catalogue.&#8220; Bibliotheken meinten immer noch, &#8222;sie seien der Katalog&#8220;, aber der Katalog ist nur ein Tool, das durch Google oder andere Tools ersetzt werden kann. Daher m\u00fcssen sich Bibliotheken &#8222;zum Inhalt bewegen&#8220;. \u203a <a href=\"https:\/\/youtu.be\/D7axyLVUJho?t=6m47s\">Aufzeichnung des Vortrags<\/a><\/li>\n<li>In der &#8222;<a href=\"https:\/\/lib.byu.edu\/\">Harold B. Lee Library<\/a>&#8220; an der Brigham Young University in\u00a0Provo, Utah, haben die Kolleg:innen zusammen mit Studierenden neue Einzelarbeits-Carrels aus Holz <a href=\"https:\/\/pbs.twimg.com\/media\/DgDe-OiX4AAdhI9.jpg\">entwickelt<\/a>, mit viel Tischfl\u00e4che, einem Whiteboard, einer Regalablage, Beleuchtung und nat\u00fcrlich Steckdosen.<\/li>\n<li>An der OsloMet ist die &#8222;Unit for Academic Language and Practice&#8220;, die verschiedene Funktionen z.B. der\u00a0<a href=\"https:\/\/sso.uni-muenster.de\/intern\/werkzeuge\/fremdsprachen\/englischsupport.html\">Supportstelle Englisch<\/a>\u00a0oder der Schreibzentren der WWU aus\u00fcbt, an der Bibliothek beheimatet.<\/li>\n<li>An der Uni Uppsala gibt es neben einem <a href=\"https:\/\/www.ub.uu.se\/use-the-library\/makerpace\/\">Makerspace<\/a> auch ein &#8222;<a href=\"https:\/\/www.ub.uu.se\/use-the-library\/labs\/angstrom-lab\/\">Visualisation Lab<\/a>&#8220; f\u00fcr das Arbeiten mit Daten.<\/li>\n<li>In Canada gibt es mit &#8222;<a href=\"https:\/\/portagenetwork.ca\/\">Portage<\/a>&#8220; ein Netzwerk &#8222;dedicated to the shared stewardship of research data&#8220; und mit dem &#8222;<a href=\"https:\/\/www.frdr.ca\/docs\/en\/about\">Federated Research Data Repository (FRDR)<\/a>&#8220; ein nationales Repository f\u00fcr Forschungsdaten. Da l\u00e4sst sich sicherlich auch einiges Interessantes f\u00fcr das Forschungsdatenmanagement in Deutschland finden.<\/li>\n<li>Auch in der <a href=\"https:\/\/www.hioa.no\/eng\/Learning-Centre-and-Library\">Bibliothek<\/a> der OsloMet haben die Kolleg:innen das &#8222;klassische&#8220; Problem, dass kaum jemand Aush\u00e4nge und Plakate liest. Eine L\u00f6sung, um Informationen etwas prominenter zu platzieren: Papp-Aufsteller mit Fotos von Mitarbeiter:innen in fast 1:1-Gr\u00f6\u00dfe, die ein wei\u00dfes Schild in den H\u00e4nden halten, auf die man Poster kleben kann. <a href=\"https:\/\/intranet.ulb.uni-muenster.de\/ulb-inside\/wp-content\/uploads\/2018\/06\/IATUL18_Bibliothek-OsloMet_Pappaufsteller.jpg\">Hier<\/a> ein Beispiel mit einer Kollegin,\u00a0und\u00a0<a href=\"https:\/\/twitter.com\/content_online\/status\/1008643901824098305\">in diesem Tweet<\/a> kann man einen Teil des Aufstellers mit dem Foto des Leiters der Bibliothek sehen.<\/li>\n<\/ul>\n<p>Ich habe auch einen Vortrag gehalten, zusammen mit <a href=\"https:\/\/orcid.org\/0000-0003-4256-2960\">G\u00f6ran Hamrin<\/a>, einem Kollegen aus der <a href=\"https:\/\/www.kth.se\/en\/kthb\/\">Bibliothek<\/a> des schwedischen <a href=\"https:\/\/www.kth.se\/en\">Royal Institute of Technology<\/a> (Kungliga Tekniska h\u00f6gskolan, KTH).\u00a0Wir haben einen \u00dcberblick \u00fcber das Thema Forschungsdaten-Management gegeben unter den Blickwinkeln Ingenieurswissenschaften vs. Geisteswissenschaften, Schweden vs. Deutschland und KTHB vs. ULB.<br \/>\nDie Folien und die Vortragsnotizen sind <a href=\"https:\/\/miami.uni-muenster.de\/Record\/04496f70-ca14-4b69-a8e9-c8b9dc2b5bee\">auf miami<\/a> zu finden; ein ausf\u00fchrlicher Artikel dazu wird im Laufe des Jahres erscheinen.<\/p>\n<figure id=\"attachment_9777\" aria-describedby=\"caption-attachment-9777\" style=\"width: 250px\" class=\"wp-caption alignnone\"><a href=\"https:\/\/www.x-v-x.de\/blog\/wp-content\/pics\/IATUL18_Bibliothek-Uni-Oslo_Lesesaal.jpg\"><img loading=\"lazy\" decoding=\"async\" class=\"size-thumbnail wp-image-9777\" src=\"https:\/\/www.x-v-x.de\/blog\/wp-content\/pics\/IATUL18_Bibliothek-Uni-Oslo_Lesesaal-250x250.jpg\" alt=\"\" width=\"250\" height=\"250\" srcset=\"https:\/\/www.x-v-x.de\/blog\/wp-content\/pics\/IATUL18_Bibliothek-Uni-Oslo_Lesesaal-250x250.jpg 250w, https:\/\/www.x-v-x.de\/blog\/wp-content\/pics\/IATUL18_Bibliothek-Uni-Oslo_Lesesaal-300x300.jpg 300w, https:\/\/www.x-v-x.de\/blog\/wp-content\/pics\/IATUL18_Bibliothek-Uni-Oslo_Lesesaal-768x768.jpg 768w, https:\/\/www.x-v-x.de\/blog\/wp-content\/pics\/IATUL18_Bibliothek-Uni-Oslo_Lesesaal-1024x1024.jpg 1024w, https:\/\/www.x-v-x.de\/blog\/wp-content\/pics\/IATUL18_Bibliothek-Uni-Oslo_Lesesaal-624x624.jpg 624w, https:\/\/www.x-v-x.de\/blog\/wp-content\/pics\/IATUL18_Bibliothek-Uni-Oslo_Lesesaal.jpg 1280w\" sizes=\"auto, (max-width: 250px) 100vw, 250px\" \/><\/a><figcaption id=\"caption-attachment-9777\" class=\"wp-caption-text\">Zu den beliebtesten Arbeitspl\u00e4tzen in der Bibliothek der Universit\u00e4t Oslo geh\u00f6ren die in den \u201eInseln\u201c, die auf die Flucht-Treppenh\u00e4user gesetzt wurden.<\/figcaption><\/figure>\n<figure id=\"attachment_9775\" aria-describedby=\"caption-attachment-9775\" style=\"width: 250px\" class=\"wp-caption alignnone\"><a href=\"https:\/\/www.x-v-x.de\/blog\/wp-content\/pics\/IATUL18_Bibliothek-Oslo_Rohbau.jpg\"><img loading=\"lazy\" decoding=\"async\" class=\"size-thumbnail wp-image-9775\" src=\"https:\/\/www.x-v-x.de\/blog\/wp-content\/pics\/IATUL18_Bibliothek-Oslo_Rohbau-250x250.jpg\" alt=\"\" width=\"250\" height=\"250\" srcset=\"https:\/\/www.x-v-x.de\/blog\/wp-content\/pics\/IATUL18_Bibliothek-Oslo_Rohbau-250x250.jpg 250w, https:\/\/www.x-v-x.de\/blog\/wp-content\/pics\/IATUL18_Bibliothek-Oslo_Rohbau-300x300.jpg 300w, https:\/\/www.x-v-x.de\/blog\/wp-content\/pics\/IATUL18_Bibliothek-Oslo_Rohbau-768x768.jpg 768w, https:\/\/www.x-v-x.de\/blog\/wp-content\/pics\/IATUL18_Bibliothek-Oslo_Rohbau-1024x1024.jpg 1024w, https:\/\/www.x-v-x.de\/blog\/wp-content\/pics\/IATUL18_Bibliothek-Oslo_Rohbau-624x624.jpg 624w, https:\/\/www.x-v-x.de\/blog\/wp-content\/pics\/IATUL18_Bibliothek-Oslo_Rohbau.jpg 1280w\" sizes=\"auto, (max-width: 250px) 100vw, 250px\" \/><\/a><figcaption id=\"caption-attachment-9775\" class=\"wp-caption-text\">Die Stadtbibliothek Oslo soll 2020 fertig werden \u2013 der Bau direkt neben der Oper verspricht spannend zu werden!<\/figcaption><\/figure>\n<p>&nbsp;<\/p>\n<p>&nbsp;<\/p>\n","protected":false},"excerpt":{"rendered":"<p>nach kristiansand im letzten jahr habe ich es dieses jahr dank der IATUL-tagung* nach oslo geschafft. hier ein paar notizen zur stadt und zur tagung; f\u00fcr mehr siehe die tweets vom 16. bis zum 22. juni. *das ist die tagung, die letztes jahr in bozen war. hm, dar\u00fcber hab ich gar nicht gebloggt. vermutlich weil [&hellip;]<\/p>\n","protected":false},"author":1,"featured_media":0,"comment_status":"open","ping_status":"open","sticky":false,"template":"","format":"standard","meta":{"footnotes":""},"categories":[3,20],"tags":[],"class_list":["post-9773","post","type-post","status-publish","format-standard","hentry","category-bibliothek","category-on-tour"],"_links":{"self":[{"href":"https:\/\/www.x-v-x.de\/blog\/index.php?rest_route=\/wp\/v2\/posts\/9773","targetHints":{"allow":["GET"]}}],"collection":[{"href":"https:\/\/www.x-v-x.de\/blog\/index.php?rest_route=\/wp\/v2\/posts"}],"about":[{"href":"https:\/\/www.x-v-x.de\/blog\/index.php?rest_route=\/wp\/v2\/types\/post"}],"author":[{"embeddable":true,"href":"https:\/\/www.x-v-x.de\/blog\/index.php?rest_route=\/wp\/v2\/users\/1"}],"replies":[{"embeddable":true,"href":"https:\/\/www.x-v-x.de\/blog\/index.php?rest_route=%2Fwp%2Fv2%2Fcomments&post=9773"}],"version-history":[{"count":0,"href":"https:\/\/www.x-v-x.de\/blog\/index.php?rest_route=\/wp\/v2\/posts\/9773\/revisions"}],"wp:attachment":[{"href":"https:\/\/www.x-v-x.de\/blog\/index.php?rest_route=%2Fwp%2Fv2%2Fmedia&parent=9773"}],"wp:term":[{"taxonomy":"category","embeddable":true,"href":"https:\/\/www.x-v-x.de\/blog\/index.php?rest_route=%2Fwp%2Fv2%2Fcategories&post=9773"},{"taxonomy":"post_tag","embeddable":true,"href":"https:\/\/www.x-v-x.de\/blog\/index.php?rest_route=%2Fwp%2Fv2%2Ftags&post=9773"}],"curies":[{"name":"wp","href":"https:\/\/api.w.org\/{rel}","templated":true}]}}